{"id":231996,"date":"2026-01-14T16:00:52","date_gmt":"2026-01-14T21:00:52","guid":{"rendered":"https:\/\/www.cuballama.com\/noticias\/?p=231996"},"modified":"2026-01-14T16:00:55","modified_gmt":"2026-01-14T21:00:55","slug":"mike-hammer-confirma-conversaciones-de-trump-con-cuba","status":"publish","type":"post","link":"https:\/\/www.cuballama.com\/noticias\/mike-hammer-confirma-conversaciones-de-trump-con-cuba\/","title":{"rendered":"Mike Hammer confirma conversaciones de Trump con Cuba"},"content":{"rendered":"\n<p>El jefe de la embajada estadounidense en La Habana Mike Hammer confirm\u00f3 que el presidente Donald Trump est\u00e1 en conversaciones con la isla.<\/p>\n\n\n\n<p> \u201cCuando el presidente Trump dice algo, lo dice con claridad y sin ambig\u00fcedades\u201d, afirm\u00f3. Al mismo tiempo, subray\u00f3 que la pol\u00edtica de la actual Administraci\u00f3n se mantiene enfocada en el apoyo al pueblo cubano, al ciudadano de a pie, as\u00ed como en la defensa y el respeto de sus derechos fundamentales.<\/p>\n\n\n\n<p>Trump hab\u00eda revelado que estaba \u201c hablando con Cuba\u201d en recientes declaraciones a la prensa a bordo del Air Force One, sin embargo el mandatario cubano Miguel D\u00edaz Canel neg\u00f3 dichas conversaciones.<\/p>\n\n\n\n<p>En la entrevista con el periodista cubano Mario Penton Hammer se refiri\u00f3 adem\u00e1s a la situaci\u00f3n de los presos pol\u00edticos en la isla.<\/p>\n\n\n\n<p>\u201cDesde un principio la administraci\u00f3n Trump ha dicho bien claro que esos presos pol\u00edticos se tienen que liberar a todos. Esto no es un tema para negociar. Es o s\u00ed o s\u00ed\u201d, dijo  <br>Sobre los  manifestantes en las protestas del 11 de julio de 2021 que permanecen encarcelados se\u00f1al\u00f3 que  su detenci\u00f3n es injusticia que debe resolverse \u201cde inmediato\u201d. \u201cEst\u00e1n abusando de los derechos humanos del pueblo cubano, de gente inocente que sale a manifestarse porque la situaci\u00f3n est\u00e1 muy mala\u201d, indic\u00f3.<\/p>\n\n\n\n<p>Hammer, quien recientemente se reuni\u00f3 con el Secretario de Estado Marco Rubio en La Casa Blanca, ofreci\u00f3 estas declaraciones en medio del aumento del clima de tensi\u00f3n entre La Habana y Washington tras la captura de Nicol\u00e1s Maduro en Venezuela, en un operativo militar estadounidense en el que murieron 32 militares cubanos.<\/p>\n\n\n\n<p>Los cuerpos de los efectivos cubanos llegaron a Cuba este jueves donde se preparan varios homenajes p\u00f3stumos a los fallecidos.<\/p>\n\n\n\n<p><br><\/p>\n","protected":false},"excerpt":{"rendered":"<p>El jefe de la embajada estadounidense en La Habana Mike Hammer confirm\u00f3 que el presidente Donald Trump est\u00e1 en conversaciones con la isla. \u201cCuando el presidente Trump dice algo, lo dice con claridad y sin ambig\u00fcedades\u201d, afirm\u00f3. Al mismo tiempo, subray\u00f3 que la pol\u00edtica de la actual Administraci\u00f3n se mantiene enfocada en el apoyo al [&hellip;]<\/p>\n","protected":false},"author":24,"featured_media":232003,"comment_status":"open","ping_status":"closed","sticky":false,"template":"","format":"standard","meta":{"_acf_changed":false,"footnotes":""},"categories":[18,955],"tags":[252,11050,600,11017],"class_list":{"0":"post-231996","1":"post","2":"type-post","3":"status-publish","4":"format-standard","5":"has-post-thumbnail","7":"category-noticias","8":"category-noticias-de-cuba","9":"tag-artistas-cubanos","10":"tag-cubanos-en-miami","11":"tag-migrantes-cubanos","12":"tag-superdestacado"},"acf":[],"yoast_head":"<!-- This site is optimized with the Yoast SEO plugin v27.5 - https:\/\/yoast.com\/product\/yoast-seo-wordpress\/ -->\n<title>Mike Hammer confirma conversaciones de Trump con Cuba - Cuballama Noticias<\/title>\n<meta name=\"robots\" content=\"index, follow, max-snippet:-1, max-image-preview:large, max-video-preview:-1\" \/>\n<link rel=\"canonical\" href=\"https:\/\/www.cuballama.com\/noticias\/mike-hammer-confirma-conversaciones-de-trump-con-cuba\/\" \/>\n<meta property=\"og:locale\" content=\"es_ES\" \/>\n<meta property=\"og:type\" content=\"article\" \/>\n<meta property=\"og:title\" content=\"Mike Hammer confirma conversaciones de Trump con Cuba - Cuballama Noticias\" \/>\n<meta property=\"og:description\" content=\"El jefe de la embajada estadounidense en La Habana Mike Hammer confirm\u00f3 que el presidente Donald Trump est\u00e1 en conversaciones con la isla. \u201cCuando el presidente Trump dice algo, lo dice con claridad y sin ambig\u00fcedades\u201d, afirm\u00f3. Al mismo tiempo, subray\u00f3 que la pol\u00edtica de la actual Administraci\u00f3n se mantiene enfocada en el apoyo al [&hellip;]\" \/>\n<meta property=\"og:url\" content=\"https:\/\/www.cuballama.com\/noticias\/mike-hammer-confirma-conversaciones-de-trump-con-cuba\/\" \/>\n<meta property=\"og:site_name\" content=\"Cuballama Noticias\" \/>\n<meta property=\"article:publisher\" content=\"https:\/\/www.facebook.com\/CubaLlama\" \/>\n<meta property=\"article:published_time\" content=\"2026-01-14T21:00:52+00:00\" \/>\n<meta property=\"article:modified_time\" content=\"2026-01-14T21:00:55+00:00\" \/>\n<meta property=\"og:image\" content=\"https:\/\/cdn1.mediawpaccore.net\/wp-content\/uploads\/2026\/01\/14160018\/IMG_0875-2.jpeg\" \/>\n\t<meta property=\"og:image:width\" content=\"1600\" \/>\n\t<meta property=\"og:image:height\" content=\"1066\" \/>\n\t<meta property=\"og:image:type\" content=\"image\/jpeg\" \/>\n<meta name=\"author\" content=\"Manu\" \/>\n<meta name=\"twitter:card\" content=\"summary_large_image\" \/>\n<meta name=\"twitter:creator\" content=\"@cuballama\" \/>\n<meta name=\"twitter:site\" content=\"@cuballama\" \/>\n<meta name=\"twitter:label1\" content=\"Escrito por\" \/>\n\t<meta name=\"twitter:data1\" content=\"Manu\" \/>\n\t<meta name=\"twitter:label2\" content=\"Tiempo de lectura\" \/>\n\t<meta name=\"twitter:data2\" content=\"2 minutos\" \/>\n<script type=\"application\/ld+json\" class=\"yoast-schema-graph\">{\"@context\":\"https:\\\/\\\/schema.org\",\"@graph\":[{\"@type\":\"Article\",\"@id\":\"https:\\\/\\\/www.cuballama.com\\\/noticias\\\/mike-hammer-confirma-conversaciones-de-trump-con-cuba\\\/#article\",\"isPartOf\":{\"@id\":\"https:\\\/\\\/www.cuballama.com\\\/noticias\\\/mike-hammer-confirma-conversaciones-de-trump-con-cuba\\\/\"},\"author\":{\"name\":\"Manu\",\"@id\":\"https:\\\/\\\/www.cuballama.com\\\/noticias\\\/#\\\/schema\\\/person\\\/5889f7d070564f8386e7944d14d436cd\"},\"headline\":\"Mike Hammer confirma conversaciones de Trump con Cuba\",\"datePublished\":\"2026-01-14T21:00:52+00:00\",\"dateModified\":\"2026-01-14T21:00:55+00:00\",\"mainEntityOfPage\":{\"@id\":\"https:\\\/\\\/www.cuballama.com\\\/noticias\\\/mike-hammer-confirma-conversaciones-de-trump-con-cuba\\\/\"},\"wordCount\":304,\"commentCount\":0,\"publisher\":{\"@id\":\"https:\\\/\\\/www.cuballama.com\\\/noticias\\\/#organization\"},\"image\":{\"@id\":\"https:\\\/\\\/www.cuballama.com\\\/noticias\\\/mike-hammer-confirma-conversaciones-de-trump-con-cuba\\\/#primaryimage\"},\"thumbnailUrl\":\"https:\\\/\\\/cdn1.mediawpaccore.net\\\/wp-content\\\/uploads\\\/2026\\\/01\\\/14160018\\\/IMG_0875-2.jpeg\",\"keywords\":[\"Artistas cubanos\",\"cubanos en Miami\",\"Migrantes cubanos\",\"superdestacado\"],\"articleSection\":[\"Noticias\",\"Noticias de Cuba\"],\"inLanguage\":\"es\",\"potentialAction\":[{\"@type\":\"CommentAction\",\"name\":\"Comment\",\"target\":[\"https:\\\/\\\/www.cuballama.com\\\/noticias\\\/mike-hammer-confirma-conversaciones-de-trump-con-cuba\\\/#respond\"]}]},{\"@type\":\"WebPage\",\"@id\":\"https:\\\/\\\/www.cuballama.com\\\/noticias\\\/mike-hammer-confirma-conversaciones-de-trump-con-cuba\\\/\",\"url\":\"https:\\\/\\\/www.cuballama.com\\\/noticias\\\/mike-hammer-confirma-conversaciones-de-trump-con-cuba\\\/\",\"name\":\"Mike Hammer confirma conversaciones de Trump con Cuba - Cuballama Noticias\",\"isPartOf\":{\"@id\":\"https:\\\/\\\/www.cuballama.com\\\/noticias\\\/#website\"},\"primaryImageOfPage\":{\"@id\":\"https:\\\/\\\/www.cuballama.com\\\/noticias\\\/mike-hammer-confirma-conversaciones-de-trump-con-cuba\\\/#primaryimage\"},\"image\":{\"@id\":\"https:\\\/\\\/www.cuballama.com\\\/noticias\\\/mike-hammer-confirma-conversaciones-de-trump-con-cuba\\\/#primaryimage\"},\"thumbnailUrl\":\"https:\\\/\\\/cdn1.mediawpaccore.net\\\/wp-content\\\/uploads\\\/2026\\\/01\\\/14160018\\\/IMG_0875-2.jpeg\",\"datePublished\":\"2026-01-14T21:00:52+00:00\",\"dateModified\":\"2026-01-14T21:00:55+00:00\",\"breadcrumb\":{\"@id\":\"https:\\\/\\\/www.cuballama.com\\\/noticias\\\/mike-hammer-confirma-conversaciones-de-trump-con-cuba\\\/#breadcrumb\"},\"inLanguage\":\"es\",\"potentialAction\":[{\"@type\":\"ReadAction\",\"target\":[\"https:\\\/\\\/www.cuballama.com\\\/noticias\\\/mike-hammer-confirma-conversaciones-de-trump-con-cuba\\\/\"]}]},{\"@type\":\"ImageObject\",\"inLanguage\":\"es\",\"@id\":\"https:\\\/\\\/www.cuballama.com\\\/noticias\\\/mike-hammer-confirma-conversaciones-de-trump-con-cuba\\\/#primaryimage\",\"url\":\"https:\\\/\\\/cdn1.mediawpaccore.net\\\/wp-content\\\/uploads\\\/2026\\\/01\\\/14160018\\\/IMG_0875-2.jpeg\",\"contentUrl\":\"https:\\\/\\\/cdn1.mediawpaccore.net\\\/wp-content\\\/uploads\\\/2026\\\/01\\\/14160018\\\/IMG_0875-2.jpeg\",\"width\":1600,\"height\":1066},{\"@type\":\"BreadcrumbList\",\"@id\":\"https:\\\/\\\/www.cuballama.com\\\/noticias\\\/mike-hammer-confirma-conversaciones-de-trump-con-cuba\\\/#breadcrumb\",\"itemListElement\":[{\"@type\":\"ListItem\",\"position\":1,\"name\":\"Home\",\"item\":\"https:\\\/\\\/www.cuballama.com\\\/noticias\\\/\"},{\"@type\":\"ListItem\",\"position\":2,\"name\":\"Mike Hammer confirma conversaciones de Trump con Cuba\"}]},{\"@type\":\"WebSite\",\"@id\":\"https:\\\/\\\/www.cuballama.com\\\/noticias\\\/#website\",\"url\":\"https:\\\/\\\/www.cuballama.com\\\/noticias\\\/\",\"name\":\"Cuballama Noticias\",\"description\":\"Medio digital sobre Cuba y el mundo\",\"publisher\":{\"@id\":\"https:\\\/\\\/www.cuballama.com\\\/noticias\\\/#organization\"},\"potentialAction\":[{\"@type\":\"SearchAction\",\"target\":{\"@type\":\"EntryPoint\",\"urlTemplate\":\"https:\\\/\\\/www.cuballama.com\\\/noticias\\\/?s={search_term_string}\"},\"query-input\":{\"@type\":\"PropertyValueSpecification\",\"valueRequired\":true,\"valueName\":\"search_term_string\"}}],\"inLanguage\":\"es\"},{\"@type\":\"Organization\",\"@id\":\"https:\\\/\\\/www.cuballama.com\\\/noticias\\\/#organization\",\"name\":\"Cuballama\",\"url\":\"https:\\\/\\\/www.cuballama.com\\\/noticias\\\/\",\"logo\":{\"@type\":\"ImageObject\",\"inLanguage\":\"es\",\"@id\":\"https:\\\/\\\/www.cuballama.com\\\/noticias\\\/#\\\/schema\\\/logo\\\/image\\\/\",\"url\":\"https:\\\/\\\/cdn1.mediawpaccore.net\\\/wp-content\\\/uploads\\\/2021\\\/12\\\/28171206\\\/cbll-logo-color-sm.png\",\"contentUrl\":\"https:\\\/\\\/cdn1.mediawpaccore.net\\\/wp-content\\\/uploads\\\/2021\\\/12\\\/28171206\\\/cbll-logo-color-sm.png\",\"width\":600,\"height\":133,\"caption\":\"Cuballama\"},\"image\":{\"@id\":\"https:\\\/\\\/www.cuballama.com\\\/noticias\\\/#\\\/schema\\\/logo\\\/image\\\/\"},\"sameAs\":[\"https:\\\/\\\/www.facebook.com\\\/CubaLlama\",\"https:\\\/\\\/x.com\\\/cuballama\",\"https:\\\/\\\/www.instagram.com\\\/stories\\\/cuballama_oficial\\\/\",\"https:\\\/\\\/www.youtube.com\\\/channel\\\/UCKkFE-d_axENGZcrc4as0IA\"]},{\"@type\":\"Person\",\"@id\":\"https:\\\/\\\/www.cuballama.com\\\/noticias\\\/#\\\/schema\\\/person\\\/5889f7d070564f8386e7944d14d436cd\",\"name\":\"Manu\",\"url\":\"https:\\\/\\\/www.cuballama.com\\\/noticias\\\/author\\\/manu\\\/\"}]}<\/script>\n<!-- \/ Yoast SEO plugin. -->","yoast_head_json":{"title":"Mike Hammer confirma conversaciones de Trump con Cuba - Cuballama Noticias","robots":{"index":"index","follow":"follow","max-snippet":"max-snippet:-1","max-image-preview":"max-image-preview:large","max-video-preview":"max-video-preview:-1"},"canonical":"https:\/\/www.cuballama.com\/noticias\/mike-hammer-confirma-conversaciones-de-trump-con-cuba\/","og_locale":"es_ES","og_type":"article","og_title":"Mike Hammer confirma conversaciones de Trump con Cuba - Cuballama Noticias","og_description":"El jefe de la embajada estadounidense en La Habana Mike Hammer confirm\u00f3 que el presidente Donald Trump est\u00e1 en conversaciones con la isla. \u201cCuando el presidente Trump dice algo, lo dice con claridad y sin ambig\u00fcedades\u201d, afirm\u00f3. Al mismo tiempo, subray\u00f3 que la pol\u00edtica de la actual Administraci\u00f3n se mantiene enfocada en el apoyo al [&hellip;]","og_url":"https:\/\/www.cuballama.com\/noticias\/mike-hammer-confirma-conversaciones-de-trump-con-cuba\/","og_site_name":"Cuballama Noticias","article_publisher":"https:\/\/www.facebook.com\/CubaLlama","article_published_time":"2026-01-14T21:00:52+00:00","article_modified_time":"2026-01-14T21:00:55+00:00","og_image":[{"width":1600,"height":1066,"url":"https:\/\/cdn1.mediawpaccore.net\/wp-content\/uploads\/2026\/01\/14160018\/IMG_0875-2.jpeg","type":"image\/jpeg"}],"author":"Manu","twitter_card":"summary_large_image","twitter_creator":"@cuballama","twitter_site":"@cuballama","twitter_misc":{"Escrito por":"Manu","Tiempo de lectura":"2 minutos"},"schema":{"@context":"https:\/\/schema.org","@graph":[{"@type":"Article","@id":"https:\/\/www.cuballama.com\/noticias\/mike-hammer-confirma-conversaciones-de-trump-con-cuba\/#article","isPartOf":{"@id":"https:\/\/www.cuballama.com\/noticias\/mike-hammer-confirma-conversaciones-de-trump-con-cuba\/"},"author":{"name":"Manu","@id":"https:\/\/www.cuballama.com\/noticias\/#\/schema\/person\/5889f7d070564f8386e7944d14d436cd"},"headline":"Mike Hammer confirma conversaciones de Trump con Cuba","datePublished":"2026-01-14T21:00:52+00:00","dateModified":"2026-01-14T21:00:55+00:00","mainEntityOfPage":{"@id":"https:\/\/www.cuballama.com\/noticias\/mike-hammer-confirma-conversaciones-de-trump-con-cuba\/"},"wordCount":304,"commentCount":0,"publisher":{"@id":"https:\/\/www.cuballama.com\/noticias\/#organization"},"image":{"@id":"https:\/\/www.cuballama.com\/noticias\/mike-hammer-confirma-conversaciones-de-trump-con-cuba\/#primaryimage"},"thumbnailUrl":"https:\/\/cdn1.mediawpaccore.net\/wp-content\/uploads\/2026\/01\/14160018\/IMG_0875-2.jpeg","keywords":["Artistas cubanos","cubanos en Miami","Migrantes cubanos","superdestacado"],"articleSection":["Noticias","Noticias de Cuba"],"inLanguage":"es","potentialAction":[{"@type":"CommentAction","name":"Comment","target":["https:\/\/www.cuballama.com\/noticias\/mike-hammer-confirma-conversaciones-de-trump-con-cuba\/#respond"]}]},{"@type":"WebPage","@id":"https:\/\/www.cuballama.com\/noticias\/mike-hammer-confirma-conversaciones-de-trump-con-cuba\/","url":"https:\/\/www.cuballama.com\/noticias\/mike-hammer-confirma-conversaciones-de-trump-con-cuba\/","name":"Mike Hammer confirma conversaciones de Trump con Cuba - Cuballama Noticias","isPartOf":{"@id":"https:\/\/www.cuballama.com\/noticias\/#website"},"primaryImageOfPage":{"@id":"https:\/\/www.cuballama.com\/noticias\/mike-hammer-confirma-conversaciones-de-trump-con-cuba\/#primaryimage"},"image":{"@id":"https:\/\/www.cuballama.com\/noticias\/mike-hammer-confirma-conversaciones-de-trump-con-cuba\/#primaryimage"},"thumbnailUrl":"https:\/\/cdn1.mediawpaccore.net\/wp-content\/uploads\/2026\/01\/14160018\/IMG_0875-2.jpeg","datePublished":"2026-01-14T21:00:52+00:00","dateModified":"2026-01-14T21:00:55+00:00","breadcrumb":{"@id":"https:\/\/www.cuballama.com\/noticias\/mike-hammer-confirma-conversaciones-de-trump-con-cuba\/#breadcrumb"},"inLanguage":"es","potentialAction":[{"@type":"ReadAction","target":["https:\/\/www.cuballama.com\/noticias\/mike-hammer-confirma-conversaciones-de-trump-con-cuba\/"]}]},{"@type":"ImageObject","inLanguage":"es","@id":"https:\/\/www.cuballama.com\/noticias\/mike-hammer-confirma-conversaciones-de-trump-con-cuba\/#primaryimage","url":"https:\/\/cdn1.mediawpaccore.net\/wp-content\/uploads\/2026\/01\/14160018\/IMG_0875-2.jpeg","contentUrl":"https:\/\/cdn1.mediawpaccore.net\/wp-content\/uploads\/2026\/01\/14160018\/IMG_0875-2.jpeg","width":1600,"height":1066},{"@type":"BreadcrumbList","@id":"https:\/\/www.cuballama.com\/noticias\/mike-hammer-confirma-conversaciones-de-trump-con-cuba\/#breadcrumb","itemListElement":[{"@type":"ListItem","position":1,"name":"Home","item":"https:\/\/www.cuballama.com\/noticias\/"},{"@type":"ListItem","position":2,"name":"Mike Hammer confirma conversaciones de Trump con Cuba"}]},{"@type":"WebSite","@id":"https:\/\/www.cuballama.com\/noticias\/#website","url":"https:\/\/www.cuballama.com\/noticias\/","name":"Cuballama Noticias","description":"Medio digital sobre Cuba y el mundo","publisher":{"@id":"https:\/\/www.cuballama.com\/noticias\/#organization"},"potentialAction":[{"@type":"SearchAction","target":{"@type":"EntryPoint","urlTemplate":"https:\/\/www.cuballama.com\/noticias\/?s={search_term_string}"},"query-input":{"@type":"PropertyValueSpecification","valueRequired":true,"valueName":"search_term_string"}}],"inLanguage":"es"},{"@type":"Organization","@id":"https:\/\/www.cuballama.com\/noticias\/#organization","name":"Cuballama","url":"https:\/\/www.cuballama.com\/noticias\/","logo":{"@type":"ImageObject","inLanguage":"es","@id":"https:\/\/www.cuballama.com\/noticias\/#\/schema\/logo\/image\/","url":"https:\/\/cdn1.mediawpaccore.net\/wp-content\/uploads\/2021\/12\/28171206\/cbll-logo-color-sm.png","contentUrl":"https:\/\/cdn1.mediawpaccore.net\/wp-content\/uploads\/2021\/12\/28171206\/cbll-logo-color-sm.png","width":600,"height":133,"caption":"Cuballama"},"image":{"@id":"https:\/\/www.cuballama.com\/noticias\/#\/schema\/logo\/image\/"},"sameAs":["https:\/\/www.facebook.com\/CubaLlama","https:\/\/x.com\/cuballama","https:\/\/www.instagram.com\/stories\/cuballama_oficial\/","https:\/\/www.youtube.com\/channel\/UCKkFE-d_axENGZcrc4as0IA"]},{"@type":"Person","@id":"https:\/\/www.cuballama.com\/noticias\/#\/schema\/person\/5889f7d070564f8386e7944d14d436cd","name":"Manu","url":"https:\/\/www.cuballama.com\/noticias\/author\/manu\/"}]}},"_links":{"self":[{"href":"https:\/\/www.cuballama.com\/noticias\/wp-json\/wp\/v2\/posts\/231996","targetHints":{"allow":["GET"]}}],"collection":[{"href":"https:\/\/www.cuballama.com\/noticias\/wp-json\/wp\/v2\/posts"}],"about":[{"href":"https:\/\/www.cuballama.com\/noticias\/wp-json\/wp\/v2\/types\/post"}],"author":[{"embeddable":true,"href":"https:\/\/www.cuballama.com\/noticias\/wp-json\/wp\/v2\/users\/24"}],"replies":[{"embeddable":true,"href":"https:\/\/www.cuballama.com\/noticias\/wp-json\/wp\/v2\/comments?post=231996"}],"version-history":[{"count":3,"href":"https:\/\/www.cuballama.com\/noticias\/wp-json\/wp\/v2\/posts\/231996\/revisions"}],"predecessor-version":[{"id":232007,"href":"https:\/\/www.cuballama.com\/noticias\/wp-json\/wp\/v2\/posts\/231996\/revisions\/232007"}],"wp:featuredmedia":[{"embeddable":true,"href":"https:\/\/www.cuballama.com\/noticias\/wp-json\/wp\/v2\/media\/232003"}],"wp:attachment":[{"href":"https:\/\/www.cuballama.com\/noticias\/wp-json\/wp\/v2\/media?parent=231996"}],"wp:term":[{"taxonomy":"category","embeddable":true,"href":"https:\/\/www.cuballama.com\/noticias\/wp-json\/wp\/v2\/categories?post=231996"},{"taxonomy":"post_tag","embeddable":true,"href":"https:\/\/www.cuballama.com\/noticias\/wp-json\/wp\/v2\/tags?post=231996"}],"curies":[{"name":"wp","href":"https:\/\/api.w.org\/{rel}","templated":true}]}}