{"id":231976,"date":"2026-01-14T14:05:22","date_gmt":"2026-01-14T19:05:22","guid":{"rendered":"https:\/\/www.cuballama.com\/noticias\/?p=231976"},"modified":"2026-01-14T14:05:24","modified_gmt":"2026-01-14T19:05:24","slug":"locutora-cubana-laritza-camacho-lanza-dardo-al-gobierno-en-redes-cuando-se-conversa-con-el-pueblo","status":"publish","type":"post","link":"https:\/\/www.cuballama.com\/noticias\/locutora-cubana-laritza-camacho-lanza-dardo-al-gobierno-en-redes-cuando-se-conversa-con-el-pueblo\/","title":{"rendered":"Locutora cubana Laritza Camacho lanza dardo al gobierno en redes: \u201c\u00bfCu\u00e1ndo se conversa con el pueblo?\u201d"},"content":{"rendered":"\n<p>En medio del ruido pol\u00edtico, ese que va y viene entre comunicados, titulares y versiones que se contradicen, <strong>Laritza Camacho<\/strong> volvi\u00f3 a hacer lo que mejor se le da: bajar el debate de las alturas y aterrizarlo donde duele.&nbsp;<\/p>\n\n\n\n<p>La actriz y locutora public\u00f3 en Facebook una reflexi\u00f3n que amarra la coyuntura internacional con una sensaci\u00f3n que se repite dentro de Cuba como un estribillo cansado: la gente siente que nadie la escucha de verdad.<\/p>\n\n\n\n<p>Camacho, conocida por su tono cr\u00edtico y por escribir con im\u00e1genes casi po\u00e9ticas, reaccion\u00f3 a las lecturas opuestas sobre supuestos contactos entre La Habana y Washington. Mientras unos hablan de conversaciones y otros lo niegan, ella corri\u00f3 el foco: m\u00e1s all\u00e1 de si se dialoga \u201cafuera\u201d, la pregunta es si se dialoga \u201cadentro\u201d, con los de a pie.<\/p>\n\n\n\n<iframe loading=\"lazy\" src=\"https:\/\/www.facebook.com\/plugins\/post.php?href=https%3A%2F%2Fwww.facebook.com%2Flaritza.camacho.351%2Fposts%2Fpfbid037RmzYPX4XFUbFgDncqu5HfjQj8TYgftidNAPANH38mEKMypmzieQrV5pofCME4aol&#038;show_text=true&#038;width=500\" width=\"500\" height=\"640\" style=\"border:none;overflow:hidden\" scrolling=\"no\" frameborder=\"0\" allowfullscreen=\"true\" allow=\"autoplay; clipboard-write; encrypted-media; picture-in-picture; web-share\"><\/iframe>\n\n\n\n<p>\u201cLeo de todas las fuentes. Analizo, pienso. Trump afirma que est\u00e1 en conversaciones con Cuba. D\u00edaz-Canel afirma que no se conversa con EE.UU. Pero \u00bfCu\u00e1ndo se conversa con el pueblo?\u201d, escribi\u00f3, y con esa sola l\u00ednea puso sobre la mesa una incomodidad que muchos cubanos llevan atravesada.<\/p>\n\n\n\n<p>En otro tramo del texto, Laritza apret\u00f3 m\u00e1s el argumento y lo convirti\u00f3 en met\u00e1fora: \u201cla sordera pol\u00edtica solo genera caos, divisi\u00f3n y un silencio apagado que ruge como las piedras del r\u00edo antes de la crecida. De todas formas, a estas alturas, hasta los sordos deber\u00edan entender el lenguaje de Cuba, porque la verdad es que estamos pidiendo el agua por se\u00f1as\u201d.<\/p>\n\n\n\n<p>La imagen es fuerte y, precisamente por eso, conecta: habla de carencias, de malestar acumulado y de demandas repetidas que chocan contra la pared. Para Camacho, no alcanza con discursos oficiales ni con juegos de \u201cs\u00ed conversamos\/no conversamos\u201d de cara al exterior. La conversaci\u00f3n real (la que vale) empieza por escuchar a quienes viven los problemas en primera persona.<\/p>\n\n\n\n<p>No es un tema nuevo en su perfil. Laritza ha usado otras veces sus redes para se\u00f1alar esa falta de escucha, con un tono cercano que no renuncia a la cr\u00edtica y con una sensibilidad que conecta con quienes sienten que hablar ya no alcanza, pero igual siguen intent\u00e1ndolo.<\/p>\n\n\n\n<p>Mientras arriba se cruzan versiones, abajo la gente sigue tratando de hacerse entender, aunque sea, como ella misma lo dijo: \u201cpidiendo el agua por se\u00f1as\u201d.<\/p>\n","protected":false},"excerpt":{"rendered":"<p>Con tono cr\u00edtico y po\u00e9tico, Laritza Camacho habl\u00f3 de la \u201csordera pol\u00edtica\u201d y escribi\u00f3: \u201cestamos pidiendo el agua por se\u00f1as\u201d.<\/p>\n","protected":false},"author":29,"featured_media":231983,"comment_status":"open","ping_status":"closed","sticky":false,"template":"","format":"standard","meta":{"_acf_changed":false,"footnotes":""},"categories":[18,955],"tags":[10867,92],"class_list":{"0":"post-231976","1":"post","2":"type-post","3":"status-publish","4":"format-standard","5":"has-post-thumbnail","7":"category-noticias","8":"category-noticias-de-cuba","9":"tag-crisis-en-cuba","10":"tag-cubanos"},"acf":[],"yoast_head":"<!-- This site is optimized with the Yoast SEO plugin v27.4 - https:\/\/yoast.com\/product\/yoast-seo-wordpress\/ -->\n<title>Locutora cubana Laritza Camacho lanza dardo al gobierno en redes: \u201c\u00bfCu\u00e1ndo se conversa con el pueblo?\u201d - Cuballama Noticias<\/title>\n<meta name=\"description\" content=\"Con tono cr\u00edtico y po\u00e9tico, Laritza Camacho habl\u00f3 de la \u201csordera pol\u00edtica\u201d y escribi\u00f3: \u201cestamos pidiendo el agua por se\u00f1as\u201d\" \/>\n<meta name=\"robots\" content=\"index, follow, max-snippet:-1, max-image-preview:large, max-video-preview:-1\" \/>\n<link rel=\"canonical\" href=\"https:\/\/www.cuballama.com\/noticias\/locutora-cubana-laritza-camacho-lanza-dardo-al-gobierno-en-redes-cuando-se-conversa-con-el-pueblo\/\" \/>\n<meta property=\"og:locale\" content=\"es_ES\" \/>\n<meta property=\"og:type\" content=\"article\" \/>\n<meta property=\"og:title\" content=\"Locutora cubana Laritza Camacho lanza dardo al gobierno en redes: \u201c\u00bfCu\u00e1ndo se conversa con el pueblo?\u201d - Cuballama Noticias\" \/>\n<meta property=\"og:description\" content=\"Con tono cr\u00edtico y po\u00e9tico, Laritza Camacho habl\u00f3 de la \u201csordera pol\u00edtica\u201d y escribi\u00f3: \u201cestamos pidiendo el agua por se\u00f1as\u201d\" \/>\n<meta property=\"og:url\" content=\"https:\/\/www.cuballama.com\/noticias\/locutora-cubana-laritza-camacho-lanza-dardo-al-gobierno-en-redes-cuando-se-conversa-con-el-pueblo\/\" \/>\n<meta property=\"og:site_name\" content=\"Cuballama Noticias\" \/>\n<meta property=\"article:publisher\" content=\"https:\/\/www.facebook.com\/CubaLlama\" \/>\n<meta property=\"article:published_time\" content=\"2026-01-14T19:05:22+00:00\" \/>\n<meta property=\"article:modified_time\" content=\"2026-01-14T19:05:24+00:00\" \/>\n<meta property=\"og:image\" content=\"https:\/\/cdn1.mediawpaccore.net\/wp-content\/uploads\/2026\/01\/14140252\/606020868_2056331235134423_8219751720535431428_n.jpg\" \/>\n\t<meta property=\"og:image:width\" content=\"1193\" \/>\n\t<meta property=\"og:image:height\" content=\"876\" \/>\n\t<meta property=\"og:image:type\" content=\"image\/jpeg\" \/>\n<meta name=\"author\" content=\"Sof\u00eda Reyes\" \/>\n<meta name=\"twitter:card\" content=\"summary_large_image\" \/>\n<meta name=\"twitter:creator\" content=\"@cuballama\" \/>\n<meta name=\"twitter:site\" content=\"@cuballama\" \/>\n<meta name=\"twitter:label1\" content=\"Escrito por\" \/>\n\t<meta name=\"twitter:data1\" content=\"Sof\u00eda Reyes\" \/>\n\t<meta name=\"twitter:label2\" content=\"Tiempo de lectura\" \/>\n\t<meta name=\"twitter:data2\" content=\"2 minutos\" \/>\n<script type=\"application\/ld+json\" class=\"yoast-schema-graph\">{\"@context\":\"https:\\\/\\\/schema.org\",\"@graph\":[{\"@type\":\"Article\",\"@id\":\"https:\\\/\\\/www.cuballama.com\\\/noticias\\\/locutora-cubana-laritza-camacho-lanza-dardo-al-gobierno-en-redes-cuando-se-conversa-con-el-pueblo\\\/#article\",\"isPartOf\":{\"@id\":\"https:\\\/\\\/www.cuballama.com\\\/noticias\\\/locutora-cubana-laritza-camacho-lanza-dardo-al-gobierno-en-redes-cuando-se-conversa-con-el-pueblo\\\/\"},\"author\":{\"name\":\"Sof\u00eda Reyes\",\"@id\":\"https:\\\/\\\/www.cuballama.com\\\/noticias\\\/#\\\/schema\\\/person\\\/5cba2b8cc25a3159e49fe730a94d512e\"},\"headline\":\"Locutora cubana Laritza Camacho lanza dardo al gobierno en redes: \u201c\u00bfCu\u00e1ndo se conversa con el pueblo?\u201d\",\"datePublished\":\"2026-01-14T19:05:22+00:00\",\"dateModified\":\"2026-01-14T19:05:24+00:00\",\"mainEntityOfPage\":{\"@id\":\"https:\\\/\\\/www.cuballama.com\\\/noticias\\\/locutora-cubana-laritza-camacho-lanza-dardo-al-gobierno-en-redes-cuando-se-conversa-con-el-pueblo\\\/\"},\"wordCount\":418,\"commentCount\":0,\"publisher\":{\"@id\":\"https:\\\/\\\/www.cuballama.com\\\/noticias\\\/#organization\"},\"image\":{\"@id\":\"https:\\\/\\\/www.cuballama.com\\\/noticias\\\/locutora-cubana-laritza-camacho-lanza-dardo-al-gobierno-en-redes-cuando-se-conversa-con-el-pueblo\\\/#primaryimage\"},\"thumbnailUrl\":\"https:\\\/\\\/cdn1.mediawpaccore.net\\\/wp-content\\\/uploads\\\/2026\\\/01\\\/14140252\\\/606020868_2056331235134423_8219751720535431428_n.jpg\",\"keywords\":[\"Crisis en Cuba\",\"cubanos\"],\"articleSection\":[\"Noticias\",\"Noticias de Cuba\"],\"inLanguage\":\"es\",\"potentialAction\":[{\"@type\":\"CommentAction\",\"name\":\"Comment\",\"target\":[\"https:\\\/\\\/www.cuballama.com\\\/noticias\\\/locutora-cubana-laritza-camacho-lanza-dardo-al-gobierno-en-redes-cuando-se-conversa-con-el-pueblo\\\/#respond\"]}]},{\"@type\":\"WebPage\",\"@id\":\"https:\\\/\\\/www.cuballama.com\\\/noticias\\\/locutora-cubana-laritza-camacho-lanza-dardo-al-gobierno-en-redes-cuando-se-conversa-con-el-pueblo\\\/\",\"url\":\"https:\\\/\\\/www.cuballama.com\\\/noticias\\\/locutora-cubana-laritza-camacho-lanza-dardo-al-gobierno-en-redes-cuando-se-conversa-con-el-pueblo\\\/\",\"name\":\"Locutora cubana Laritza Camacho lanza dardo al gobierno en redes: \u201c\u00bfCu\u00e1ndo se conversa con el pueblo?\u201d - Cuballama Noticias\",\"isPartOf\":{\"@id\":\"https:\\\/\\\/www.cuballama.com\\\/noticias\\\/#website\"},\"primaryImageOfPage\":{\"@id\":\"https:\\\/\\\/www.cuballama.com\\\/noticias\\\/locutora-cubana-laritza-camacho-lanza-dardo-al-gobierno-en-redes-cuando-se-conversa-con-el-pueblo\\\/#primaryimage\"},\"image\":{\"@id\":\"https:\\\/\\\/www.cuballama.com\\\/noticias\\\/locutora-cubana-laritza-camacho-lanza-dardo-al-gobierno-en-redes-cuando-se-conversa-con-el-pueblo\\\/#primaryimage\"},\"thumbnailUrl\":\"https:\\\/\\\/cdn1.mediawpaccore.net\\\/wp-content\\\/uploads\\\/2026\\\/01\\\/14140252\\\/606020868_2056331235134423_8219751720535431428_n.jpg\",\"datePublished\":\"2026-01-14T19:05:22+00:00\",\"dateModified\":\"2026-01-14T19:05:24+00:00\",\"description\":\"Con tono cr\u00edtico y po\u00e9tico, Laritza Camacho habl\u00f3 de la \u201csordera pol\u00edtica\u201d y escribi\u00f3: \u201cestamos pidiendo el agua por se\u00f1as\u201d\",\"breadcrumb\":{\"@id\":\"https:\\\/\\\/www.cuballama.com\\\/noticias\\\/locutora-cubana-laritza-camacho-lanza-dardo-al-gobierno-en-redes-cuando-se-conversa-con-el-pueblo\\\/#breadcrumb\"},\"inLanguage\":\"es\",\"potentialAction\":[{\"@type\":\"ReadAction\",\"target\":[\"https:\\\/\\\/www.cuballama.com\\\/noticias\\\/locutora-cubana-laritza-camacho-lanza-dardo-al-gobierno-en-redes-cuando-se-conversa-con-el-pueblo\\\/\"]}]},{\"@type\":\"ImageObject\",\"inLanguage\":\"es\",\"@id\":\"https:\\\/\\\/www.cuballama.com\\\/noticias\\\/locutora-cubana-laritza-camacho-lanza-dardo-al-gobierno-en-redes-cuando-se-conversa-con-el-pueblo\\\/#primaryimage\",\"url\":\"https:\\\/\\\/cdn1.mediawpaccore.net\\\/wp-content\\\/uploads\\\/2026\\\/01\\\/14140252\\\/606020868_2056331235134423_8219751720535431428_n.jpg\",\"contentUrl\":\"https:\\\/\\\/cdn1.mediawpaccore.net\\\/wp-content\\\/uploads\\\/2026\\\/01\\\/14140252\\\/606020868_2056331235134423_8219751720535431428_n.jpg\",\"width\":1193,\"height\":876,\"caption\":\"Foto tomada del perfil de Facebook de Laritza Camacho\"},{\"@type\":\"BreadcrumbList\",\"@id\":\"https:\\\/\\\/www.cuballama.com\\\/noticias\\\/locutora-cubana-laritza-camacho-lanza-dardo-al-gobierno-en-redes-cuando-se-conversa-con-el-pueblo\\\/#breadcrumb\",\"itemListElement\":[{\"@type\":\"ListItem\",\"position\":1,\"name\":\"Home\",\"item\":\"https:\\\/\\\/www.cuballama.com\\\/noticias\\\/\"},{\"@type\":\"ListItem\",\"position\":2,\"name\":\"Locutora cubana Laritza Camacho lanza dardo al gobierno en redes: \u201c\u00bfCu\u00e1ndo se conversa con el pueblo?\u201d\"}]},{\"@type\":\"WebSite\",\"@id\":\"https:\\\/\\\/www.cuballama.com\\\/noticias\\\/#website\",\"url\":\"https:\\\/\\\/www.cuballama.com\\\/noticias\\\/\",\"name\":\"Cuballama Noticias\",\"description\":\"Medio digital sobre Cuba y el mundo\",\"publisher\":{\"@id\":\"https:\\\/\\\/www.cuballama.com\\\/noticias\\\/#organization\"},\"potentialAction\":[{\"@type\":\"SearchAction\",\"target\":{\"@type\":\"EntryPoint\",\"urlTemplate\":\"https:\\\/\\\/www.cuballama.com\\\/noticias\\\/?s={search_term_string}\"},\"query-input\":{\"@type\":\"PropertyValueSpecification\",\"valueRequired\":true,\"valueName\":\"search_term_string\"}}],\"inLanguage\":\"es\"},{\"@type\":\"Organization\",\"@id\":\"https:\\\/\\\/www.cuballama.com\\\/noticias\\\/#organization\",\"name\":\"Cuballama\",\"url\":\"https:\\\/\\\/www.cuballama.com\\\/noticias\\\/\",\"logo\":{\"@type\":\"ImageObject\",\"inLanguage\":\"es\",\"@id\":\"https:\\\/\\\/www.cuballama.com\\\/noticias\\\/#\\\/schema\\\/logo\\\/image\\\/\",\"url\":\"https:\\\/\\\/cdn1.mediawpaccore.net\\\/wp-content\\\/uploads\\\/2021\\\/12\\\/28171206\\\/cbll-logo-color-sm.png\",\"contentUrl\":\"https:\\\/\\\/cdn1.mediawpaccore.net\\\/wp-content\\\/uploads\\\/2021\\\/12\\\/28171206\\\/cbll-logo-color-sm.png\",\"width\":600,\"height\":133,\"caption\":\"Cuballama\"},\"image\":{\"@id\":\"https:\\\/\\\/www.cuballama.com\\\/noticias\\\/#\\\/schema\\\/logo\\\/image\\\/\"},\"sameAs\":[\"https:\\\/\\\/www.facebook.com\\\/CubaLlama\",\"https:\\\/\\\/x.com\\\/cuballama\",\"https:\\\/\\\/www.instagram.com\\\/stories\\\/cuballama_oficial\\\/\",\"https:\\\/\\\/www.youtube.com\\\/channel\\\/UCKkFE-d_axENGZcrc4as0IA\"]},{\"@type\":\"Person\",\"@id\":\"https:\\\/\\\/www.cuballama.com\\\/noticias\\\/#\\\/schema\\\/person\\\/5cba2b8cc25a3159e49fe730a94d512e\",\"name\":\"Sof\u00eda Reyes\",\"url\":\"https:\\\/\\\/www.cuballama.com\\\/noticias\\\/author\\\/laura\\\/\"}]}<\/script>\n<!-- \/ Yoast SEO plugin. -->","yoast_head_json":{"title":"Locutora cubana Laritza Camacho lanza dardo al gobierno en redes: \u201c\u00bfCu\u00e1ndo se conversa con el pueblo?\u201d - Cuballama Noticias","description":"Con tono cr\u00edtico y po\u00e9tico, Laritza Camacho habl\u00f3 de la \u201csordera pol\u00edtica\u201d y escribi\u00f3: \u201cestamos pidiendo el agua por se\u00f1as\u201d","robots":{"index":"index","follow":"follow","max-snippet":"max-snippet:-1","max-image-preview":"max-image-preview:large","max-video-preview":"max-video-preview:-1"},"canonical":"https:\/\/www.cuballama.com\/noticias\/locutora-cubana-laritza-camacho-lanza-dardo-al-gobierno-en-redes-cuando-se-conversa-con-el-pueblo\/","og_locale":"es_ES","og_type":"article","og_title":"Locutora cubana Laritza Camacho lanza dardo al gobierno en redes: \u201c\u00bfCu\u00e1ndo se conversa con el pueblo?\u201d - Cuballama Noticias","og_description":"Con tono cr\u00edtico y po\u00e9tico, Laritza Camacho habl\u00f3 de la \u201csordera pol\u00edtica\u201d y escribi\u00f3: \u201cestamos pidiendo el agua por se\u00f1as\u201d","og_url":"https:\/\/www.cuballama.com\/noticias\/locutora-cubana-laritza-camacho-lanza-dardo-al-gobierno-en-redes-cuando-se-conversa-con-el-pueblo\/","og_site_name":"Cuballama Noticias","article_publisher":"https:\/\/www.facebook.com\/CubaLlama","article_published_time":"2026-01-14T19:05:22+00:00","article_modified_time":"2026-01-14T19:05:24+00:00","og_image":[{"width":1193,"height":876,"url":"https:\/\/cdn1.mediawpaccore.net\/wp-content\/uploads\/2026\/01\/14140252\/606020868_2056331235134423_8219751720535431428_n.jpg","type":"image\/jpeg"}],"author":"Sof\u00eda Reyes","twitter_card":"summary_large_image","twitter_creator":"@cuballama","twitter_site":"@cuballama","twitter_misc":{"Escrito por":"Sof\u00eda Reyes","Tiempo de lectura":"2 minutos"},"schema":{"@context":"https:\/\/schema.org","@graph":[{"@type":"Article","@id":"https:\/\/www.cuballama.com\/noticias\/locutora-cubana-laritza-camacho-lanza-dardo-al-gobierno-en-redes-cuando-se-conversa-con-el-pueblo\/#article","isPartOf":{"@id":"https:\/\/www.cuballama.com\/noticias\/locutora-cubana-laritza-camacho-lanza-dardo-al-gobierno-en-redes-cuando-se-conversa-con-el-pueblo\/"},"author":{"name":"Sof\u00eda Reyes","@id":"https:\/\/www.cuballama.com\/noticias\/#\/schema\/person\/5cba2b8cc25a3159e49fe730a94d512e"},"headline":"Locutora cubana Laritza Camacho lanza dardo al gobierno en redes: \u201c\u00bfCu\u00e1ndo se conversa con el pueblo?\u201d","datePublished":"2026-01-14T19:05:22+00:00","dateModified":"2026-01-14T19:05:24+00:00","mainEntityOfPage":{"@id":"https:\/\/www.cuballama.com\/noticias\/locutora-cubana-laritza-camacho-lanza-dardo-al-gobierno-en-redes-cuando-se-conversa-con-el-pueblo\/"},"wordCount":418,"commentCount":0,"publisher":{"@id":"https:\/\/www.cuballama.com\/noticias\/#organization"},"image":{"@id":"https:\/\/www.cuballama.com\/noticias\/locutora-cubana-laritza-camacho-lanza-dardo-al-gobierno-en-redes-cuando-se-conversa-con-el-pueblo\/#primaryimage"},"thumbnailUrl":"https:\/\/cdn1.mediawpaccore.net\/wp-content\/uploads\/2026\/01\/14140252\/606020868_2056331235134423_8219751720535431428_n.jpg","keywords":["Crisis en Cuba","cubanos"],"articleSection":["Noticias","Noticias de Cuba"],"inLanguage":"es","potentialAction":[{"@type":"CommentAction","name":"Comment","target":["https:\/\/www.cuballama.com\/noticias\/locutora-cubana-laritza-camacho-lanza-dardo-al-gobierno-en-redes-cuando-se-conversa-con-el-pueblo\/#respond"]}]},{"@type":"WebPage","@id":"https:\/\/www.cuballama.com\/noticias\/locutora-cubana-laritza-camacho-lanza-dardo-al-gobierno-en-redes-cuando-se-conversa-con-el-pueblo\/","url":"https:\/\/www.cuballama.com\/noticias\/locutora-cubana-laritza-camacho-lanza-dardo-al-gobierno-en-redes-cuando-se-conversa-con-el-pueblo\/","name":"Locutora cubana Laritza Camacho lanza dardo al gobierno en redes: \u201c\u00bfCu\u00e1ndo se conversa con el pueblo?\u201d - Cuballama Noticias","isPartOf":{"@id":"https:\/\/www.cuballama.com\/noticias\/#website"},"primaryImageOfPage":{"@id":"https:\/\/www.cuballama.com\/noticias\/locutora-cubana-laritza-camacho-lanza-dardo-al-gobierno-en-redes-cuando-se-conversa-con-el-pueblo\/#primaryimage"},"image":{"@id":"https:\/\/www.cuballama.com\/noticias\/locutora-cubana-laritza-camacho-lanza-dardo-al-gobierno-en-redes-cuando-se-conversa-con-el-pueblo\/#primaryimage"},"thumbnailUrl":"https:\/\/cdn1.mediawpaccore.net\/wp-content\/uploads\/2026\/01\/14140252\/606020868_2056331235134423_8219751720535431428_n.jpg","datePublished":"2026-01-14T19:05:22+00:00","dateModified":"2026-01-14T19:05:24+00:00","description":"Con tono cr\u00edtico y po\u00e9tico, Laritza Camacho habl\u00f3 de la \u201csordera pol\u00edtica\u201d y escribi\u00f3: \u201cestamos pidiendo el agua por se\u00f1as\u201d","breadcrumb":{"@id":"https:\/\/www.cuballama.com\/noticias\/locutora-cubana-laritza-camacho-lanza-dardo-al-gobierno-en-redes-cuando-se-conversa-con-el-pueblo\/#breadcrumb"},"inLanguage":"es","potentialAction":[{"@type":"ReadAction","target":["https:\/\/www.cuballama.com\/noticias\/locutora-cubana-laritza-camacho-lanza-dardo-al-gobierno-en-redes-cuando-se-conversa-con-el-pueblo\/"]}]},{"@type":"ImageObject","inLanguage":"es","@id":"https:\/\/www.cuballama.com\/noticias\/locutora-cubana-laritza-camacho-lanza-dardo-al-gobierno-en-redes-cuando-se-conversa-con-el-pueblo\/#primaryimage","url":"https:\/\/cdn1.mediawpaccore.net\/wp-content\/uploads\/2026\/01\/14140252\/606020868_2056331235134423_8219751720535431428_n.jpg","contentUrl":"https:\/\/cdn1.mediawpaccore.net\/wp-content\/uploads\/2026\/01\/14140252\/606020868_2056331235134423_8219751720535431428_n.jpg","width":1193,"height":876,"caption":"Foto tomada del perfil de Facebook de Laritza Camacho"},{"@type":"BreadcrumbList","@id":"https:\/\/www.cuballama.com\/noticias\/locutora-cubana-laritza-camacho-lanza-dardo-al-gobierno-en-redes-cuando-se-conversa-con-el-pueblo\/#breadcrumb","itemListElement":[{"@type":"ListItem","position":1,"name":"Home","item":"https:\/\/www.cuballama.com\/noticias\/"},{"@type":"ListItem","position":2,"name":"Locutora cubana Laritza Camacho lanza dardo al gobierno en redes: \u201c\u00bfCu\u00e1ndo se conversa con el pueblo?\u201d"}]},{"@type":"WebSite","@id":"https:\/\/www.cuballama.com\/noticias\/#website","url":"https:\/\/www.cuballama.com\/noticias\/","name":"Cuballama Noticias","description":"Medio digital sobre Cuba y el mundo","publisher":{"@id":"https:\/\/www.cuballama.com\/noticias\/#organization"},"potentialAction":[{"@type":"SearchAction","target":{"@type":"EntryPoint","urlTemplate":"https:\/\/www.cuballama.com\/noticias\/?s={search_term_string}"},"query-input":{"@type":"PropertyValueSpecification","valueRequired":true,"valueName":"search_term_string"}}],"inLanguage":"es"},{"@type":"Organization","@id":"https:\/\/www.cuballama.com\/noticias\/#organization","name":"Cuballama","url":"https:\/\/www.cuballama.com\/noticias\/","logo":{"@type":"ImageObject","inLanguage":"es","@id":"https:\/\/www.cuballama.com\/noticias\/#\/schema\/logo\/image\/","url":"https:\/\/cdn1.mediawpaccore.net\/wp-content\/uploads\/2021\/12\/28171206\/cbll-logo-color-sm.png","contentUrl":"https:\/\/cdn1.mediawpaccore.net\/wp-content\/uploads\/2021\/12\/28171206\/cbll-logo-color-sm.png","width":600,"height":133,"caption":"Cuballama"},"image":{"@id":"https:\/\/www.cuballama.com\/noticias\/#\/schema\/logo\/image\/"},"sameAs":["https:\/\/www.facebook.com\/CubaLlama","https:\/\/x.com\/cuballama","https:\/\/www.instagram.com\/stories\/cuballama_oficial\/","https:\/\/www.youtube.com\/channel\/UCKkFE-d_axENGZcrc4as0IA"]},{"@type":"Person","@id":"https:\/\/www.cuballama.com\/noticias\/#\/schema\/person\/5cba2b8cc25a3159e49fe730a94d512e","name":"Sof\u00eda Reyes","url":"https:\/\/www.cuballama.com\/noticias\/author\/laura\/"}]}},"_links":{"self":[{"href":"https:\/\/www.cuballama.com\/noticias\/wp-json\/wp\/v2\/posts\/231976","targetHints":{"allow":["GET"]}}],"collection":[{"href":"https:\/\/www.cuballama.com\/noticias\/wp-json\/wp\/v2\/posts"}],"about":[{"href":"https:\/\/www.cuballama.com\/noticias\/wp-json\/wp\/v2\/types\/post"}],"author":[{"embeddable":true,"href":"https:\/\/www.cuballama.com\/noticias\/wp-json\/wp\/v2\/users\/29"}],"replies":[{"embeddable":true,"href":"https:\/\/www.cuballama.com\/noticias\/wp-json\/wp\/v2\/comments?post=231976"}],"version-history":[{"count":3,"href":"https:\/\/www.cuballama.com\/noticias\/wp-json\/wp\/v2\/posts\/231976\/revisions"}],"predecessor-version":[{"id":231984,"href":"https:\/\/www.cuballama.com\/noticias\/wp-json\/wp\/v2\/posts\/231976\/revisions\/231984"}],"wp:featuredmedia":[{"embeddable":true,"href":"https:\/\/www.cuballama.com\/noticias\/wp-json\/wp\/v2\/media\/231983"}],"wp:attachment":[{"href":"https:\/\/www.cuballama.com\/noticias\/wp-json\/wp\/v2\/media?parent=231976"}],"wp:term":[{"taxonomy":"category","embeddable":true,"href":"https:\/\/www.cuballama.com\/noticias\/wp-json\/wp\/v2\/categories?post=231976"},{"taxonomy":"post_tag","embeddable":true,"href":"https:\/\/www.cuballama.com\/noticias\/wp-json\/wp\/v2\/tags?post=231976"}],"curies":[{"name":"wp","href":"https:\/\/api.w.org\/{rel}","templated":true}]}}