{"id":231931,"date":"2026-01-14T14:31:16","date_gmt":"2026-01-14T19:31:16","guid":{"rendered":"https:\/\/www.cuballama.com\/noticias\/?p=231931"},"modified":"2026-01-14T14:31:20","modified_gmt":"2026-01-14T19:31:20","slug":"fallece-francisco-andres-labrada-tamayo-figura-historica-del-beisbol-en-la-isla-de-la-juventud","status":"publish","type":"post","link":"https:\/\/www.cuballama.com\/noticias\/fallece-francisco-andres-labrada-tamayo-figura-historica-del-beisbol-en-la-isla-de-la-juventud\/","title":{"rendered":"Fallece Francisco Andr\u00e9s Labrada Tamayo, figura hist\u00f3rica del b\u00e9isbol en la Isla de la Juventud"},"content":{"rendered":"\n<p>El b\u00e9isbol de la Isla de la Juventud est\u00e1 de luto tras el fallecimiento de <strong>Francisco Andr\u00e9s Labrada Tamayo<\/strong>, reconocido lanzador del antiguo equipo La Isla, ocurrido este martes 13 de enero de 2026 en la ciudad de Nueva Gerona, a los 73 a\u00f1os de edad. La informaci\u00f3n fue confirmada por <a href=\"https:\/\/www.facebook.com\/RadioCaribeIslaJuventudCuba\/posts\/pfbid02YrYvqfztVZrczBYEBRhwBkRpF72QedUadFhSrqu1a5L99b17P7JnkQyfzzbUJx5Tl\" target=\"_blank\" rel=\"noreferrer noopener nofollow\">Radio Caribe<\/a> en una publicaci\u00f3n difundida en redes sociales.<\/p>\n\n\n\n<p>Conocido popularmente como Pancho Labrada, fue una figura respetada dentro y fuera del terreno. Su sepelio est\u00e1 previsto para este mi\u00e9rcoles 14 de enero a las 8:00 de la ma\u00f1ana, mientras que su velorio se realiza en la funeraria de Nueva Gerona, seg\u00fan precis\u00f3 el medio local. <\/p>\n\n\n\n<p>Natural de Buey Arriba, en la actual provincia de Granma, Labrada lleg\u00f3 a la entonces Isla de Pinos para cumplir el servicio militar, etapa en la que comenz\u00f3 a destacar como lanzador. Su talento lo llev\u00f3 a integrar el equipo La Isla bajo la direcci\u00f3n del t\u00e9cnico Armando Johnson y a compartir equipo con peloteros como Los Jimaguas P\u00e9rez, Gervasio Miguel, Fonseca, Herrerita y Juan Carlos Calvo, entre otros exponentes del b\u00e9isbol pinero de las d\u00e9cadas de 1970 y 1980.<\/p>\n\n\n\n<iframe loading=\"lazy\" src=\"https:\/\/www.facebook.com\/plugins\/post.php?href=https%3A%2F%2Fwww.facebook.com%2FRadioCaribeIslaJuventudCuba%2Fposts%2Fpfbid02YrYvqfztVZrczBYEBRhwBkRpF72QedUadFhSrqu1a5L99b17P7JnkQyfzzbUJx5Tl&#038;show_text=true&#038;width=500\" width=\"500\" height=\"779\" style=\"border:none;overflow:hidden\" scrolling=\"no\" frameborder=\"0\" allowfullscreen=\"true\" allow=\"autoplay; clipboard-write; encrypted-media; picture-in-picture; web-share\"><\/iframe>\n\n\n\n<p>Entre sus principales resultados deportivos figura el t\u00edtulo de campe\u00f3n del grupo Habana en 1976, a\u00f1o en el que tambi\u00e9n integr\u00f3 el equipo Industriales como pitcher. Radio Caribe destaca adem\u00e1s que Labrada protagoniz\u00f3 el juego m\u00e1s r\u00e1pido registrado en la pelota cubana, con una duraci\u00f3n aproximada de una hora y pocos minutos.<\/p>\n\n\n\n<p>Tras su retiro como jugador activo, dedic\u00f3 buena parte de su vida a la formaci\u00f3n de nuevas generaciones. Fue entrenador en todas las categor\u00edas y, hasta el momento de su fallecimiento, trabajaba con ni\u00f1os de 11 y 12 a\u00f1os. Entre 2004 y 2006 cumpli\u00f3 misi\u00f3n en Venezuela, espec\u00edficamente en el estado Barinas, municipio Sabanilla, donde se gan\u00f3 el respeto de atletas y pobladores por su labor formativa.<\/p>\n\n\n\n<p>A su regreso a Cuba continu\u00f3 vinculado al deporte, aunque tambi\u00e9n desempe\u00f1\u00f3 diversas responsabilidades administrativas y laborales, entre ellas como subdirector y administrador de la marmolera y del mercado Abel Santamar\u00eda, trabajador de Pesca Isla y hasta lleg\u00f3 a ser patrullero de la PNR en la d\u00e9cada de 1980.<\/p>\n\n\n\n<p>Padre de seis hijos y abuelo de varios nietos, Labrada fue recordado por su car\u00e1cter afable y su relaci\u00f3n cercana con la afici\u00f3n pinera, que lo reconoci\u00f3 siempre como una de las glorias deportivas del territorio.<\/p>\n","protected":false},"excerpt":{"rendered":"<p>Francisco Andr\u00e9s Labrada Tamayo, exlanzador del equipo La Isla y figura hist\u00f3rica del b\u00e9isbol en la Isla de la Juventud, falleci\u00f3 a los 73 a\u00f1os en Nueva Gerona, seg\u00fan inform\u00f3 Radio Caribe.<\/p>\n","protected":false},"author":13,"featured_media":231932,"comment_status":"open","ping_status":"closed","sticky":false,"template":"","format":"standard","meta":{"_acf_changed":false,"footnotes":""},"categories":[21,18,955],"tags":[12446,6052,30021,3500,30023,30022],"class_list":{"0":"post-231931","1":"post","2":"type-post","3":"status-publish","4":"format-standard","5":"has-post-thumbnail","7":"category-deportes","8":"category-noticias","9":"category-noticias-de-cuba","10":"tag-beisbol-cubano-2","11":"tag-deporte-cubano","12":"tag-francisco-labrada","13":"tag-isla-de-la-juventud","14":"tag-peloteros-historicos","15":"tag-radio-caribe"},"acf":[],"yoast_head":"<!-- This site is optimized with the Yoast SEO plugin v27.4 - https:\/\/yoast.com\/product\/yoast-seo-wordpress\/ -->\n<title>Fallece Francisco Andr\u00e9s Labrada Tamayo, figura hist\u00f3rica del b\u00e9isbol en la Isla de la Juventud - Cuballama Noticias<\/title>\n<meta name=\"description\" content=\"Fallece Francisco Labrada, hist\u00f3rico lanzador del b\u00e9isbol pinero, a los 73 a\u00f1os en Nueva Gerona, Isla de la Juventud.\" \/>\n<meta name=\"robots\" content=\"index, follow, max-snippet:-1, max-image-preview:large, max-video-preview:-1\" \/>\n<link rel=\"canonical\" href=\"https:\/\/www.cuballama.com\/noticias\/fallece-francisco-andres-labrada-tamayo-figura-historica-del-beisbol-en-la-isla-de-la-juventud\/\" \/>\n<meta property=\"og:locale\" content=\"es_ES\" \/>\n<meta property=\"og:type\" content=\"article\" \/>\n<meta property=\"og:title\" content=\"Fallece Francisco Andr\u00e9s Labrada Tamayo, figura hist\u00f3rica del b\u00e9isbol en la Isla de la Juventud - Cuballama Noticias\" \/>\n<meta property=\"og:description\" content=\"Fallece Francisco Labrada, hist\u00f3rico lanzador del b\u00e9isbol pinero, a los 73 a\u00f1os en Nueva Gerona, Isla de la Juventud.\" \/>\n<meta property=\"og:url\" content=\"https:\/\/www.cuballama.com\/noticias\/fallece-francisco-andres-labrada-tamayo-figura-historica-del-beisbol-en-la-isla-de-la-juventud\/\" \/>\n<meta property=\"og:site_name\" content=\"Cuballama Noticias\" \/>\n<meta property=\"article:publisher\" content=\"https:\/\/www.facebook.com\/CubaLlama\" \/>\n<meta property=\"article:published_time\" content=\"2026-01-14T19:31:16+00:00\" \/>\n<meta property=\"article:modified_time\" content=\"2026-01-14T19:31:20+00:00\" \/>\n<meta property=\"og:image\" content=\"https:\/\/cdn1.mediawpaccore.net\/wp-content\/uploads\/2026\/01\/14065756\/image-63.png\" \/>\n\t<meta property=\"og:image:width\" content=\"1972\" \/>\n\t<meta property=\"og:image:height\" content=\"1036\" \/>\n\t<meta property=\"og:image:type\" content=\"image\/png\" \/>\n<meta name=\"author\" content=\"Roberto A.\" \/>\n<meta name=\"twitter:card\" content=\"summary_large_image\" \/>\n<meta name=\"twitter:creator\" content=\"@cuballama\" \/>\n<meta name=\"twitter:site\" content=\"@cuballama\" \/>\n<meta name=\"twitter:label1\" content=\"Escrito por\" \/>\n\t<meta name=\"twitter:data1\" content=\"Roberto A.\" \/>\n\t<meta name=\"twitter:label2\" content=\"Tiempo de lectura\" \/>\n\t<meta name=\"twitter:data2\" content=\"2 minutos\" \/>\n<script type=\"application\/ld+json\" class=\"yoast-schema-graph\">{\"@context\":\"https:\\\/\\\/schema.org\",\"@graph\":[{\"@type\":\"Article\",\"@id\":\"https:\\\/\\\/www.cuballama.com\\\/noticias\\\/fallece-francisco-andres-labrada-tamayo-figura-historica-del-beisbol-en-la-isla-de-la-juventud\\\/#article\",\"isPartOf\":{\"@id\":\"https:\\\/\\\/www.cuballama.com\\\/noticias\\\/fallece-francisco-andres-labrada-tamayo-figura-historica-del-beisbol-en-la-isla-de-la-juventud\\\/\"},\"author\":{\"name\":\"Roberto A.\",\"@id\":\"https:\\\/\\\/www.cuballama.com\\\/noticias\\\/#\\\/schema\\\/person\\\/a58502ed4146c8e9f83872e897c76cd2\"},\"headline\":\"Fallece Francisco Andr\u00e9s Labrada Tamayo, figura hist\u00f3rica del b\u00e9isbol en la Isla de la Juventud\",\"datePublished\":\"2026-01-14T19:31:16+00:00\",\"dateModified\":\"2026-01-14T19:31:20+00:00\",\"mainEntityOfPage\":{\"@id\":\"https:\\\/\\\/www.cuballama.com\\\/noticias\\\/fallece-francisco-andres-labrada-tamayo-figura-historica-del-beisbol-en-la-isla-de-la-juventud\\\/\"},\"wordCount\":429,\"commentCount\":0,\"publisher\":{\"@id\":\"https:\\\/\\\/www.cuballama.com\\\/noticias\\\/#organization\"},\"image\":{\"@id\":\"https:\\\/\\\/www.cuballama.com\\\/noticias\\\/fallece-francisco-andres-labrada-tamayo-figura-historica-del-beisbol-en-la-isla-de-la-juventud\\\/#primaryimage\"},\"thumbnailUrl\":\"https:\\\/\\\/cdn1.mediawpaccore.net\\\/wp-content\\\/uploads\\\/2026\\\/01\\\/14065756\\\/image-63.png\",\"keywords\":[\"b\u00e9isbol cubano\",\"deporte cubano\",\"Francisco Labrada\",\"Isla de la Juventud\",\"peloteros hist\u00f3ricos\",\"Radio Caribe\"],\"articleSection\":[\"Deportes\",\"Noticias\",\"Noticias de Cuba\"],\"inLanguage\":\"es\",\"potentialAction\":[{\"@type\":\"CommentAction\",\"name\":\"Comment\",\"target\":[\"https:\\\/\\\/www.cuballama.com\\\/noticias\\\/fallece-francisco-andres-labrada-tamayo-figura-historica-del-beisbol-en-la-isla-de-la-juventud\\\/#respond\"]}]},{\"@type\":\"WebPage\",\"@id\":\"https:\\\/\\\/www.cuballama.com\\\/noticias\\\/fallece-francisco-andres-labrada-tamayo-figura-historica-del-beisbol-en-la-isla-de-la-juventud\\\/\",\"url\":\"https:\\\/\\\/www.cuballama.com\\\/noticias\\\/fallece-francisco-andres-labrada-tamayo-figura-historica-del-beisbol-en-la-isla-de-la-juventud\\\/\",\"name\":\"Fallece Francisco Andr\u00e9s Labrada Tamayo, figura hist\u00f3rica del b\u00e9isbol en la Isla de la Juventud - Cuballama Noticias\",\"isPartOf\":{\"@id\":\"https:\\\/\\\/www.cuballama.com\\\/noticias\\\/#website\"},\"primaryImageOfPage\":{\"@id\":\"https:\\\/\\\/www.cuballama.com\\\/noticias\\\/fallece-francisco-andres-labrada-tamayo-figura-historica-del-beisbol-en-la-isla-de-la-juventud\\\/#primaryimage\"},\"image\":{\"@id\":\"https:\\\/\\\/www.cuballama.com\\\/noticias\\\/fallece-francisco-andres-labrada-tamayo-figura-historica-del-beisbol-en-la-isla-de-la-juventud\\\/#primaryimage\"},\"thumbnailUrl\":\"https:\\\/\\\/cdn1.mediawpaccore.net\\\/wp-content\\\/uploads\\\/2026\\\/01\\\/14065756\\\/image-63.png\",\"datePublished\":\"2026-01-14T19:31:16+00:00\",\"dateModified\":\"2026-01-14T19:31:20+00:00\",\"description\":\"Fallece Francisco Labrada, hist\u00f3rico lanzador del b\u00e9isbol pinero, a los 73 a\u00f1os en Nueva Gerona, Isla de la Juventud.\",\"breadcrumb\":{\"@id\":\"https:\\\/\\\/www.cuballama.com\\\/noticias\\\/fallece-francisco-andres-labrada-tamayo-figura-historica-del-beisbol-en-la-isla-de-la-juventud\\\/#breadcrumb\"},\"inLanguage\":\"es\",\"potentialAction\":[{\"@type\":\"ReadAction\",\"target\":[\"https:\\\/\\\/www.cuballama.com\\\/noticias\\\/fallece-francisco-andres-labrada-tamayo-figura-historica-del-beisbol-en-la-isla-de-la-juventud\\\/\"]}]},{\"@type\":\"ImageObject\",\"inLanguage\":\"es\",\"@id\":\"https:\\\/\\\/www.cuballama.com\\\/noticias\\\/fallece-francisco-andres-labrada-tamayo-figura-historica-del-beisbol-en-la-isla-de-la-juventud\\\/#primaryimage\",\"url\":\"https:\\\/\\\/cdn1.mediawpaccore.net\\\/wp-content\\\/uploads\\\/2026\\\/01\\\/14065756\\\/image-63.png\",\"contentUrl\":\"https:\\\/\\\/cdn1.mediawpaccore.net\\\/wp-content\\\/uploads\\\/2026\\\/01\\\/14065756\\\/image-63.png\",\"width\":1972,\"height\":1036,\"caption\":\"Foto v\u00eda Radio Caribe \\\/ P\u00e1gina de Facebook\"},{\"@type\":\"BreadcrumbList\",\"@id\":\"https:\\\/\\\/www.cuballama.com\\\/noticias\\\/fallece-francisco-andres-labrada-tamayo-figura-historica-del-beisbol-en-la-isla-de-la-juventud\\\/#breadcrumb\",\"itemListElement\":[{\"@type\":\"ListItem\",\"position\":1,\"name\":\"Home\",\"item\":\"https:\\\/\\\/www.cuballama.com\\\/noticias\\\/\"},{\"@type\":\"ListItem\",\"position\":2,\"name\":\"Fallece Francisco Andr\u00e9s Labrada Tamayo, figura hist\u00f3rica del b\u00e9isbol en la Isla de la Juventud\"}]},{\"@type\":\"WebSite\",\"@id\":\"https:\\\/\\\/www.cuballama.com\\\/noticias\\\/#website\",\"url\":\"https:\\\/\\\/www.cuballama.com\\\/noticias\\\/\",\"name\":\"Cuballama Noticias\",\"description\":\"Medio digital sobre Cuba y el mundo\",\"publisher\":{\"@id\":\"https:\\\/\\\/www.cuballama.com\\\/noticias\\\/#organization\"},\"potentialAction\":[{\"@type\":\"SearchAction\",\"target\":{\"@type\":\"EntryPoint\",\"urlTemplate\":\"https:\\\/\\\/www.cuballama.com\\\/noticias\\\/?s={search_term_string}\"},\"query-input\":{\"@type\":\"PropertyValueSpecification\",\"valueRequired\":true,\"valueName\":\"search_term_string\"}}],\"inLanguage\":\"es\"},{\"@type\":\"Organization\",\"@id\":\"https:\\\/\\\/www.cuballama.com\\\/noticias\\\/#organization\",\"name\":\"Cuballama\",\"url\":\"https:\\\/\\\/www.cuballama.com\\\/noticias\\\/\",\"logo\":{\"@type\":\"ImageObject\",\"inLanguage\":\"es\",\"@id\":\"https:\\\/\\\/www.cuballama.com\\\/noticias\\\/#\\\/schema\\\/logo\\\/image\\\/\",\"url\":\"https:\\\/\\\/cdn1.mediawpaccore.net\\\/wp-content\\\/uploads\\\/2021\\\/12\\\/28171206\\\/cbll-logo-color-sm.png\",\"contentUrl\":\"https:\\\/\\\/cdn1.mediawpaccore.net\\\/wp-content\\\/uploads\\\/2021\\\/12\\\/28171206\\\/cbll-logo-color-sm.png\",\"width\":600,\"height\":133,\"caption\":\"Cuballama\"},\"image\":{\"@id\":\"https:\\\/\\\/www.cuballama.com\\\/noticias\\\/#\\\/schema\\\/logo\\\/image\\\/\"},\"sameAs\":[\"https:\\\/\\\/www.facebook.com\\\/CubaLlama\",\"https:\\\/\\\/x.com\\\/cuballama\",\"https:\\\/\\\/www.instagram.com\\\/stories\\\/cuballama_oficial\\\/\",\"https:\\\/\\\/www.youtube.com\\\/channel\\\/UCKkFE-d_axENGZcrc4as0IA\"]},{\"@type\":\"Person\",\"@id\":\"https:\\\/\\\/www.cuballama.com\\\/noticias\\\/#\\\/schema\\\/person\\\/a58502ed4146c8e9f83872e897c76cd2\",\"name\":\"Roberto A.\",\"description\":\"Roberto A. Periodista por decisi\u00f3n propia. Interesado en cualquier tema que me apasione y cada vez m\u00e1s comprometido con la verdad y la objetividad period\u00edstica. Graduado en La Habana hace ya muchos a\u00f1os, luego de una accidentada y polvorienta b\u00fasqueda de informaci\u00f3n sobre un tema in\u00e9dito. La Tesis, por cierto, desapareci\u00f3 de la biblioteca y no se conservan copias de la misma.\",\"url\":\"https:\\\/\\\/www.cuballama.com\\\/noticias\\\/author\\\/roberto\\\/\"}]}<\/script>\n<!-- \/ Yoast SEO plugin. -->","yoast_head_json":{"title":"Fallece Francisco Andr\u00e9s Labrada Tamayo, figura hist\u00f3rica del b\u00e9isbol en la Isla de la Juventud - Cuballama Noticias","description":"Fallece Francisco Labrada, hist\u00f3rico lanzador del b\u00e9isbol pinero, a los 73 a\u00f1os en Nueva Gerona, Isla de la Juventud.","robots":{"index":"index","follow":"follow","max-snippet":"max-snippet:-1","max-image-preview":"max-image-preview:large","max-video-preview":"max-video-preview:-1"},"canonical":"https:\/\/www.cuballama.com\/noticias\/fallece-francisco-andres-labrada-tamayo-figura-historica-del-beisbol-en-la-isla-de-la-juventud\/","og_locale":"es_ES","og_type":"article","og_title":"Fallece Francisco Andr\u00e9s Labrada Tamayo, figura hist\u00f3rica del b\u00e9isbol en la Isla de la Juventud - Cuballama Noticias","og_description":"Fallece Francisco Labrada, hist\u00f3rico lanzador del b\u00e9isbol pinero, a los 73 a\u00f1os en Nueva Gerona, Isla de la Juventud.","og_url":"https:\/\/www.cuballama.com\/noticias\/fallece-francisco-andres-labrada-tamayo-figura-historica-del-beisbol-en-la-isla-de-la-juventud\/","og_site_name":"Cuballama Noticias","article_publisher":"https:\/\/www.facebook.com\/CubaLlama","article_published_time":"2026-01-14T19:31:16+00:00","article_modified_time":"2026-01-14T19:31:20+00:00","og_image":[{"width":1972,"height":1036,"url":"https:\/\/cdn1.mediawpaccore.net\/wp-content\/uploads\/2026\/01\/14065756\/image-63.png","type":"image\/png"}],"author":"Roberto A.","twitter_card":"summary_large_image","twitter_creator":"@cuballama","twitter_site":"@cuballama","twitter_misc":{"Escrito por":"Roberto A.","Tiempo de lectura":"2 minutos"},"schema":{"@context":"https:\/\/schema.org","@graph":[{"@type":"Article","@id":"https:\/\/www.cuballama.com\/noticias\/fallece-francisco-andres-labrada-tamayo-figura-historica-del-beisbol-en-la-isla-de-la-juventud\/#article","isPartOf":{"@id":"https:\/\/www.cuballama.com\/noticias\/fallece-francisco-andres-labrada-tamayo-figura-historica-del-beisbol-en-la-isla-de-la-juventud\/"},"author":{"name":"Roberto A.","@id":"https:\/\/www.cuballama.com\/noticias\/#\/schema\/person\/a58502ed4146c8e9f83872e897c76cd2"},"headline":"Fallece Francisco Andr\u00e9s Labrada Tamayo, figura hist\u00f3rica del b\u00e9isbol en la Isla de la Juventud","datePublished":"2026-01-14T19:31:16+00:00","dateModified":"2026-01-14T19:31:20+00:00","mainEntityOfPage":{"@id":"https:\/\/www.cuballama.com\/noticias\/fallece-francisco-andres-labrada-tamayo-figura-historica-del-beisbol-en-la-isla-de-la-juventud\/"},"wordCount":429,"commentCount":0,"publisher":{"@id":"https:\/\/www.cuballama.com\/noticias\/#organization"},"image":{"@id":"https:\/\/www.cuballama.com\/noticias\/fallece-francisco-andres-labrada-tamayo-figura-historica-del-beisbol-en-la-isla-de-la-juventud\/#primaryimage"},"thumbnailUrl":"https:\/\/cdn1.mediawpaccore.net\/wp-content\/uploads\/2026\/01\/14065756\/image-63.png","keywords":["b\u00e9isbol cubano","deporte cubano","Francisco Labrada","Isla de la Juventud","peloteros hist\u00f3ricos","Radio Caribe"],"articleSection":["Deportes","Noticias","Noticias de Cuba"],"inLanguage":"es","potentialAction":[{"@type":"CommentAction","name":"Comment","target":["https:\/\/www.cuballama.com\/noticias\/fallece-francisco-andres-labrada-tamayo-figura-historica-del-beisbol-en-la-isla-de-la-juventud\/#respond"]}]},{"@type":"WebPage","@id":"https:\/\/www.cuballama.com\/noticias\/fallece-francisco-andres-labrada-tamayo-figura-historica-del-beisbol-en-la-isla-de-la-juventud\/","url":"https:\/\/www.cuballama.com\/noticias\/fallece-francisco-andres-labrada-tamayo-figura-historica-del-beisbol-en-la-isla-de-la-juventud\/","name":"Fallece Francisco Andr\u00e9s Labrada Tamayo, figura hist\u00f3rica del b\u00e9isbol en la Isla de la Juventud - Cuballama Noticias","isPartOf":{"@id":"https:\/\/www.cuballama.com\/noticias\/#website"},"primaryImageOfPage":{"@id":"https:\/\/www.cuballama.com\/noticias\/fallece-francisco-andres-labrada-tamayo-figura-historica-del-beisbol-en-la-isla-de-la-juventud\/#primaryimage"},"image":{"@id":"https:\/\/www.cuballama.com\/noticias\/fallece-francisco-andres-labrada-tamayo-figura-historica-del-beisbol-en-la-isla-de-la-juventud\/#primaryimage"},"thumbnailUrl":"https:\/\/cdn1.mediawpaccore.net\/wp-content\/uploads\/2026\/01\/14065756\/image-63.png","datePublished":"2026-01-14T19:31:16+00:00","dateModified":"2026-01-14T19:31:20+00:00","description":"Fallece Francisco Labrada, hist\u00f3rico lanzador del b\u00e9isbol pinero, a los 73 a\u00f1os en Nueva Gerona, Isla de la Juventud.","breadcrumb":{"@id":"https:\/\/www.cuballama.com\/noticias\/fallece-francisco-andres-labrada-tamayo-figura-historica-del-beisbol-en-la-isla-de-la-juventud\/#breadcrumb"},"inLanguage":"es","potentialAction":[{"@type":"ReadAction","target":["https:\/\/www.cuballama.com\/noticias\/fallece-francisco-andres-labrada-tamayo-figura-historica-del-beisbol-en-la-isla-de-la-juventud\/"]}]},{"@type":"ImageObject","inLanguage":"es","@id":"https:\/\/www.cuballama.com\/noticias\/fallece-francisco-andres-labrada-tamayo-figura-historica-del-beisbol-en-la-isla-de-la-juventud\/#primaryimage","url":"https:\/\/cdn1.mediawpaccore.net\/wp-content\/uploads\/2026\/01\/14065756\/image-63.png","contentUrl":"https:\/\/cdn1.mediawpaccore.net\/wp-content\/uploads\/2026\/01\/14065756\/image-63.png","width":1972,"height":1036,"caption":"Foto v\u00eda Radio Caribe \/ P\u00e1gina de Facebook"},{"@type":"BreadcrumbList","@id":"https:\/\/www.cuballama.com\/noticias\/fallece-francisco-andres-labrada-tamayo-figura-historica-del-beisbol-en-la-isla-de-la-juventud\/#breadcrumb","itemListElement":[{"@type":"ListItem","position":1,"name":"Home","item":"https:\/\/www.cuballama.com\/noticias\/"},{"@type":"ListItem","position":2,"name":"Fallece Francisco Andr\u00e9s Labrada Tamayo, figura hist\u00f3rica del b\u00e9isbol en la Isla de la Juventud"}]},{"@type":"WebSite","@id":"https:\/\/www.cuballama.com\/noticias\/#website","url":"https:\/\/www.cuballama.com\/noticias\/","name":"Cuballama Noticias","description":"Medio digital sobre Cuba y el mundo","publisher":{"@id":"https:\/\/www.cuballama.com\/noticias\/#organization"},"potentialAction":[{"@type":"SearchAction","target":{"@type":"EntryPoint","urlTemplate":"https:\/\/www.cuballama.com\/noticias\/?s={search_term_string}"},"query-input":{"@type":"PropertyValueSpecification","valueRequired":true,"valueName":"search_term_string"}}],"inLanguage":"es"},{"@type":"Organization","@id":"https:\/\/www.cuballama.com\/noticias\/#organization","name":"Cuballama","url":"https:\/\/www.cuballama.com\/noticias\/","logo":{"@type":"ImageObject","inLanguage":"es","@id":"https:\/\/www.cuballama.com\/noticias\/#\/schema\/logo\/image\/","url":"https:\/\/cdn1.mediawpaccore.net\/wp-content\/uploads\/2021\/12\/28171206\/cbll-logo-color-sm.png","contentUrl":"https:\/\/cdn1.mediawpaccore.net\/wp-content\/uploads\/2021\/12\/28171206\/cbll-logo-color-sm.png","width":600,"height":133,"caption":"Cuballama"},"image":{"@id":"https:\/\/www.cuballama.com\/noticias\/#\/schema\/logo\/image\/"},"sameAs":["https:\/\/www.facebook.com\/CubaLlama","https:\/\/x.com\/cuballama","https:\/\/www.instagram.com\/stories\/cuballama_oficial\/","https:\/\/www.youtube.com\/channel\/UCKkFE-d_axENGZcrc4as0IA"]},{"@type":"Person","@id":"https:\/\/www.cuballama.com\/noticias\/#\/schema\/person\/a58502ed4146c8e9f83872e897c76cd2","name":"Roberto A.","description":"Roberto A. Periodista por decisi\u00f3n propia. Interesado en cualquier tema que me apasione y cada vez m\u00e1s comprometido con la verdad y la objetividad period\u00edstica. Graduado en La Habana hace ya muchos a\u00f1os, luego de una accidentada y polvorienta b\u00fasqueda de informaci\u00f3n sobre un tema in\u00e9dito. La Tesis, por cierto, desapareci\u00f3 de la biblioteca y no se conservan copias de la misma.","url":"https:\/\/www.cuballama.com\/noticias\/author\/roberto\/"}]}},"_links":{"self":[{"href":"https:\/\/www.cuballama.com\/noticias\/wp-json\/wp\/v2\/posts\/231931","targetHints":{"allow":["GET"]}}],"collection":[{"href":"https:\/\/www.cuballama.com\/noticias\/wp-json\/wp\/v2\/posts"}],"about":[{"href":"https:\/\/www.cuballama.com\/noticias\/wp-json\/wp\/v2\/types\/post"}],"author":[{"embeddable":true,"href":"https:\/\/www.cuballama.com\/noticias\/wp-json\/wp\/v2\/users\/13"}],"replies":[{"embeddable":true,"href":"https:\/\/www.cuballama.com\/noticias\/wp-json\/wp\/v2\/comments?post=231931"}],"version-history":[{"count":2,"href":"https:\/\/www.cuballama.com\/noticias\/wp-json\/wp\/v2\/posts\/231931\/revisions"}],"predecessor-version":[{"id":231935,"href":"https:\/\/www.cuballama.com\/noticias\/wp-json\/wp\/v2\/posts\/231931\/revisions\/231935"}],"wp:featuredmedia":[{"embeddable":true,"href":"https:\/\/www.cuballama.com\/noticias\/wp-json\/wp\/v2\/media\/231932"}],"wp:attachment":[{"href":"https:\/\/www.cuballama.com\/noticias\/wp-json\/wp\/v2\/media?parent=231931"}],"wp:term":[{"taxonomy":"category","embeddable":true,"href":"https:\/\/www.cuballama.com\/noticias\/wp-json\/wp\/v2\/categories?post=231931"},{"taxonomy":"post_tag","embeddable":true,"href":"https:\/\/www.cuballama.com\/noticias\/wp-json\/wp\/v2\/tags?post=231931"}],"curies":[{"name":"wp","href":"https:\/\/api.w.org\/{rel}","templated":true}]}}