{"id":231888,"date":"2026-01-14T14:41:16","date_gmt":"2026-01-14T19:41:16","guid":{"rendered":"https:\/\/www.cuballama.com\/noticias\/?p=231888"},"modified":"2026-01-14T14:41:20","modified_gmt":"2026-01-14T19:41:20","slug":"recien-electa-alcaldesa-de-miami-entrega-llaves-de-la-ciudad-a-camila-cabello","status":"publish","type":"post","link":"https:\/\/www.cuballama.com\/noticias\/recien-electa-alcaldesa-de-miami-entrega-llaves-de-la-ciudad-a-camila-cabello\/","title":{"rendered":"Reci\u00e9n electa alcaldesa de Miami entrega llaves de la ciudad a Camila Cabello"},"content":{"rendered":"\n<p>La ciudad de Miami entreg\u00f3 este domingo una de sus distinciones simb\u00f3licas m\u00e1s importantes a <strong>Camila Cabello<\/strong>, quien recibi\u00f3 las llaves de la ciudad durante el tradicional desfile del D\u00eda de los Reyes Magos, una celebraci\u00f3n central del calendario cultural del sur de Florida. El reconocimiento fue otorgado por la <a href=\"https:\/\/www.cuballama.com\/noticias\/vence-una-alcaldesa-democrata-en-miami-habemus-nueva-hoja-de-ruta\/\">reci\u00e9n electa alcaldesa <strong>Eileen Higgins<\/strong><\/a>, en un acto que combin\u00f3 m\u00fasica, tradici\u00f3n y un fuerte componente identitario.<\/p>\n\n\n\n<p>La ceremonia tuvo lugar en el marco del Three Kings Parade, evento que cada a\u00f1o re\u00fane a familias y organizaciones comunitarias para celebrar las ra\u00edces latinas de la ciudad. <a href=\"https:\/\/www.miaminewtimes.com\/music\/camila-cabello-receives-key-to-the-city-of-miami-40516571\/\" target=\"_blank\" rel=\"noreferrer noopener nofollow\">Cabello fue la invitada de honor del desfile<\/a> y recibi\u00f3, junto a las llaves, una proclamaci\u00f3n oficial del Ayuntamiento que destaca su impacto como artista global y su v\u00ednculo permanente con Miami.<\/p>\n\n\n\n<p>Nacida en Cuba y criada en el barrio de Kendall tras emigrar con su familia siendo ni\u00f1a, Cabello ha sido durante a\u00f1os presentada como una de las historias de \u00e9xito m\u00e1s visibles de la di\u00e1spora cubana en Estados Unidos. Su trayectoria, marcada por el tr\u00e1nsito desde una infancia migrante hasta el estrellato internacional, ha sido frecuentemente asociada con el car\u00e1cter diverso y multicultural de Miami. <\/p>\n\n\n\n<p>Visiblemente emocionada, seg\u00fan puede verse en un <a href=\"https:\/\/www.instagram.com\/reel\/DTYmG-QAV7v\/\" target=\"_blank\" rel=\"noreferrer noopener\">video publicado en la cuenta de Instagram Only in Dade<\/a>, la cantante agradeci\u00f3 el gesto ante el p\u00fablico congregado y calific\u00f3 el momento como uno de los m\u00e1s significativos de su carrera, subrayando el valor personal de recibir el reconocimiento en la ciudad donde creci\u00f3 y se form\u00f3. La presencia de varios miembros de su familia a\u00f1adi\u00f3 un tono \u00edntimo a un acto de por s\u00ed cargado de simbolismo c\u00edvico.<\/p>\n\n\n\n<blockquote class=\"instagram-media\" data-instgrm-captioned data-instgrm-permalink=\"https:\/\/www.instagram.com\/reel\/DTYmG-QAV7v\/?utm_source=ig_embed&amp;utm_campaign=loading\" data-instgrm-version=\"14\" style=\" background:#FFF; border:0; border-radius:3px; box-shadow:0 0 1px 0 rgba(0,0,0,0.5),0 1px 10px 0 rgba(0,0,0,0.15); margin: 1px; max-width:540px; min-width:326px; padding:0; width:99.375%; width:-webkit-calc(100% - 2px); width:calc(100% - 2px);\"><div style=\"padding:16px;\"> <a href=\"https:\/\/www.instagram.com\/reel\/DTYmG-QAV7v\/?utm_source=ig_embed&amp;utm_campaign=loading\" style=\" background:#FFFFFF; line-height:0; padding:0 0; text-align:center; text-decoration:none; width:100%;\" target=\"_blank\"> <div style=\" display: flex; flex-direction: row; align-items: center;\"> <div style=\"background-color: #F4F4F4; border-radius: 50%; flex-grow: 0; height: 40px; margin-right: 14px; width: 40px;\"><\/div> <div style=\"display: flex; flex-direction: column; flex-grow: 1; justify-content: center;\"> <div style=\" background-color: #F4F4F4; border-radius: 4px; flex-grow: 0; height: 14px; margin-bottom: 6px; width: 100px;\"><\/div> <div style=\" background-color: #F4F4F4; border-radius: 4px; flex-grow: 0; height: 14px; width: 60px;\"><\/div><\/div><\/div><div style=\"padding: 19% 0;\"><\/div> <div style=\"display:block; height:50px; margin:0 auto 12px; width:50px;\"><svg width=\"50px\" height=\"50px\" viewBox=\"0 0 60 60\" version=\"1.1\" xmlns=\"https:\/\/www.w3.org\/2000\/svg\" xmlns:xlink=\"https:\/\/www.w3.org\/1999\/xlink\"><g stroke=\"none\" stroke-width=\"1\" fill=\"none\" fill-rule=\"evenodd\"><g transform=\"translate(-511.000000, -20.000000)\" fill=\"#000000\"><g><path d=\"M556.869,30.41 C554.814,30.41 553.148,32.076 553.148,34.131 C553.148,36.186 554.814,37.852 556.869,37.852 C558.924,37.852 560.59,36.186 560.59,34.131 C560.59,32.076 558.924,30.41 556.869,30.41 M541,60.657 C535.114,60.657 530.342,55.887 530.342,50 C530.342,44.114 535.114,39.342 541,39.342 C546.887,39.342 551.658,44.114 551.658,50 C551.658,55.887 546.887,60.657 541,60.657 M541,33.886 C532.1,33.886 524.886,41.1 524.886,50 C524.886,58.899 532.1,66.113 541,66.113 C549.9,66.113 557.115,58.899 557.115,50 C557.115,41.1 549.9,33.886 541,33.886 M565.378,62.101 C565.244,65.022 564.756,66.606 564.346,67.663 C563.803,69.06 563.154,70.057 562.106,71.106 C561.058,72.155 560.06,72.803 558.662,73.347 C557.607,73.757 556.021,74.244 553.102,74.378 C549.944,74.521 548.997,74.552 541,74.552 C533.003,74.552 532.056,74.521 528.898,74.378 C525.979,74.244 524.393,73.757 523.338,73.347 C521.94,72.803 520.942,72.155 519.894,71.106 C518.846,70.057 518.197,69.06 517.654,67.663 C517.244,66.606 516.755,65.022 516.623,62.101 C516.479,58.943 516.448,57.996 516.448,50 C516.448,42.003 516.479,41.056 516.623,37.899 C516.755,34.978 517.244,33.391 517.654,32.338 C518.197,30.938 518.846,29.942 519.894,28.894 C520.942,27.846 521.94,27.196 523.338,26.654 C524.393,26.244 525.979,25.756 528.898,25.623 C532.057,25.479 533.004,25.448 541,25.448 C548.997,25.448 549.943,25.479 553.102,25.623 C556.021,25.756 557.607,26.244 558.662,26.654 C560.06,27.196 561.058,27.846 562.106,28.894 C563.154,29.942 563.803,30.938 564.346,32.338 C564.756,33.391 565.244,34.978 565.378,37.899 C565.522,41.056 565.552,42.003 565.552,50 C565.552,57.996 565.522,58.943 565.378,62.101 M570.82,37.631 C570.674,34.438 570.167,32.258 569.425,30.349 C568.659,28.377 567.633,26.702 565.965,25.035 C564.297,23.368 562.623,22.342 560.652,21.575 C558.743,20.834 556.562,20.326 553.369,20.18 C550.169,20.033 549.148,20 541,20 C532.853,20 531.831,20.033 528.631,20.18 C525.438,20.326 523.257,20.834 521.349,21.575 C519.376,22.342 517.703,23.368 516.035,25.035 C514.368,26.702 513.342,28.377 512.574,30.349 C511.834,32.258 511.326,34.438 511.181,37.631 C511.035,40.831 511,41.851 511,50 C511,58.147 511.035,59.17 511.181,62.369 C511.326,65.562 511.834,67.743 512.574,69.651 C513.342,71.625 514.368,73.296 516.035,74.965 C517.703,76.634 519.376,77.658 521.349,78.425 C523.257,79.167 525.438,79.673 528.631,79.82 C531.831,79.965 532.853,80.001 541,80.001 C549.148,80.001 550.169,79.965 553.369,79.82 C556.562,79.673 558.743,79.167 560.652,78.425 C562.623,77.658 564.297,76.634 565.965,74.965 C567.633,73.296 568.659,71.625 569.425,69.651 C570.167,67.743 570.674,65.562 570.82,62.369 C570.966,59.17 571,58.147 571,50 C571,41.851 570.966,40.831 570.82,37.631\"><\/path><\/g><\/g><\/g><\/svg><\/div><div style=\"padding-top: 8px;\"> <div style=\" color:#3897f0; font-family:Arial,sans-serif; font-size:14px; font-style:normal; font-weight:550; line-height:18px;\">View this post on Instagram<\/div><\/div><div style=\"padding: 12.5% 0;\"><\/div> <div style=\"display: flex; flex-direction: row; margin-bottom: 14px; align-items: center;\"><div> <div style=\"background-color: #F4F4F4; border-radius: 50%; height: 12.5px; width: 12.5px; transform: translateX(0px) translateY(7px);\"><\/div> <div style=\"background-color: #F4F4F4; height: 12.5px; transform: rotate(-45deg) translateX(3px) translateY(1px); width: 12.5px; flex-grow: 0; margin-right: 14px; margin-left: 2px;\"><\/div> <div style=\"background-color: #F4F4F4; border-radius: 50%; height: 12.5px; width: 12.5px; transform: translateX(9px) translateY(-18px);\"><\/div><\/div><div style=\"margin-left: 8px;\"> <div style=\" background-color: #F4F4F4; border-radius: 50%; flex-grow: 0; height: 20px; width: 20px;\"><\/div> <div style=\" width: 0; height: 0; border-top: 2px solid transparent; border-left: 6px solid #f4f4f4; border-bottom: 2px solid transparent; transform: translateX(16px) translateY(-4px) rotate(30deg)\"><\/div><\/div><div style=\"margin-left: auto;\"> <div style=\" width: 0px; border-top: 8px solid #F4F4F4; border-right: 8px solid transparent; transform: translateY(16px);\"><\/div> <div style=\" background-color: #F4F4F4; flex-grow: 0; height: 12px; width: 16px; transform: translateY(-4px);\"><\/div> <div style=\" width: 0; height: 0; border-top: 8px solid #F4F4F4; border-left: 8px solid transparent; transform: translateY(-4px) translateX(8px);\"><\/div><\/div><\/div> <div style=\"display: flex; flex-direction: column; flex-grow: 1; justify-content: center; margin-bottom: 24px;\"> <div style=\" background-color: #F4F4F4; border-radius: 4px; flex-grow: 0; height: 14px; margin-bottom: 6px; width: 224px;\"><\/div> <div style=\" background-color: #F4F4F4; border-radius: 4px; flex-grow: 0; height: 14px; width: 144px;\"><\/div><\/div><\/a><p style=\" color:#c9c8cd; font-family:Arial,sans-serif; font-size:14px; line-height:17px; margin-bottom:0; margin-top:8px; overflow:hidden; padding:8px 0 7px; text-align:center; text-overflow:ellipsis; white-space:nowrap;\"><a href=\"https:\/\/www.instagram.com\/reel\/DTYmG-QAV7v\/?utm_source=ig_embed&amp;utm_campaign=loading\" style=\" color:#c9c8cd; font-family:Arial,sans-serif; font-size:14px; font-style:normal; font-weight:normal; line-height:17px; text-decoration:none;\" target=\"_blank\">A post shared by ONLY in DADE (@onlyindade)<\/a><\/p><\/div><\/blockquote>\n<script async src=\"\/\/www.instagram.com\/embed.js\"><\/script>\n\n\n\n<p>Cabello alcanz\u00f3 notoriedad mundial como integrante del grupo femenino Fifth Harmony antes de iniciar una carrera en solitario que la consolid\u00f3 como figura central del pop latino contempor\u00e1neo. Su sencillo \u201cHavana\u201d, lanzado en 2018, no solo encabez\u00f3 listas internacionales, sino que reforz\u00f3 su identidad art\u00edstica ligada a la experiencia cubanoamericana y al imaginario de Miami.<\/p>\n\n\n\n<p>En sus trabajos m\u00e1s recientes, la cantante ha acentuado esa conexi\u00f3n. Su \u00faltimo \u00e1lbum ha sido interpretado por cr\u00edticos y seguidores como una declaraci\u00f3n expl\u00edcita de amor a la ciudad, incorporando referencias locales, sonidos nocturnos y una est\u00e9tica que remite directamente al sur de Florida.<\/p>\n\n\n\n<p>La entrega de las llaves de la ciudad se suma as\u00ed a una carrera ya marcada por premios y r\u00e9cords comerciales, y consolida a Camila Cabello no solo como una estrella global, sino como una embajadora cultural de Miami en el escenario internacional.<\/p>\n","protected":false},"excerpt":{"rendered":"<p>Camila Cabello recibi\u00f3 las llaves de la ciudad de Miami durante el desfile del D\u00eda de los Reyes Magos. El reconocimiento destaca su trayectoria art\u00edstica y su v\u00ednculo con la ciudad donde creci\u00f3 tras emigrar de Cuba.<\/p>\n","protected":false},"author":13,"featured_media":231889,"comment_status":"open","ping_status":"closed","sticky":false,"template":"","format":"standard","meta":{"_acf_changed":false,"footnotes":""},"categories":[443],"tags":[338,1568,1850,70,29489,30009,256,20196],"class_list":{"0":"post-231888","1":"post","2":"type-post","3":"status-publish","4":"format-standard","5":"has-post-thumbnail","7":"category-farandula","8":"tag-camila-cabello","9":"tag-celebridades","10":"tag-comunidad-cubana","11":"tag-cultura","12":"tag-eileen-higgins","13":"tag-llaves-de-la-ciudad","14":"tag-miami","15":"tag-musica-latina-2"},"acf":[],"yoast_head":"<!-- This site is optimized with the Yoast SEO plugin v27.5 - https:\/\/yoast.com\/product\/yoast-seo-wordpress\/ -->\n<title>Reci\u00e9n electa alcaldesa de Miami entrega llaves de la ciudad a Camila Cabello - Cuballama Noticias<\/title>\n<meta name=\"description\" content=\"La alcaldesa de Miami entrega las llaves de la ciudad a Camila Cabello durante el desfile de Reyes Magos en 2026\" \/>\n<meta name=\"robots\" content=\"index, follow, max-snippet:-1, max-image-preview:large, max-video-preview:-1\" \/>\n<link rel=\"canonical\" href=\"https:\/\/www.cuballama.com\/noticias\/recien-electa-alcaldesa-de-miami-entrega-llaves-de-la-ciudad-a-camila-cabello\/\" \/>\n<meta property=\"og:locale\" content=\"es_ES\" \/>\n<meta property=\"og:type\" content=\"article\" \/>\n<meta property=\"og:title\" content=\"Reci\u00e9n electa alcaldesa de Miami entrega llaves de la ciudad a Camila Cabello - Cuballama Noticias\" \/>\n<meta property=\"og:description\" content=\"La alcaldesa de Miami entrega las llaves de la ciudad a Camila Cabello durante el desfile de Reyes Magos en 2026\" \/>\n<meta property=\"og:url\" content=\"https:\/\/www.cuballama.com\/noticias\/recien-electa-alcaldesa-de-miami-entrega-llaves-de-la-ciudad-a-camila-cabello\/\" \/>\n<meta property=\"og:site_name\" content=\"Cuballama Noticias\" \/>\n<meta property=\"article:publisher\" content=\"https:\/\/www.facebook.com\/CubaLlama\" \/>\n<meta property=\"article:published_time\" content=\"2026-01-14T19:41:16+00:00\" \/>\n<meta property=\"article:modified_time\" content=\"2026-01-14T19:41:20+00:00\" \/>\n<meta property=\"og:image\" content=\"https:\/\/cdn1.mediawpaccore.net\/wp-content\/uploads\/2026\/01\/14052609\/image-57.png\" \/>\n\t<meta property=\"og:image:width\" content=\"1968\" \/>\n\t<meta property=\"og:image:height\" content=\"1040\" \/>\n\t<meta property=\"og:image:type\" content=\"image\/png\" \/>\n<meta name=\"author\" content=\"Roberto A.\" \/>\n<meta name=\"twitter:card\" content=\"summary_large_image\" \/>\n<meta name=\"twitter:creator\" content=\"@cuballama\" \/>\n<meta name=\"twitter:site\" content=\"@cuballama\" \/>\n<meta name=\"twitter:label1\" content=\"Escrito por\" \/>\n\t<meta name=\"twitter:data1\" content=\"Roberto A.\" \/>\n\t<meta name=\"twitter:label2\" content=\"Tiempo de lectura\" \/>\n\t<meta name=\"twitter:data2\" content=\"3 minutos\" \/>\n<script type=\"application\/ld+json\" class=\"yoast-schema-graph\">{\"@context\":\"https:\\\/\\\/schema.org\",\"@graph\":[{\"@type\":\"Article\",\"@id\":\"https:\\\/\\\/www.cuballama.com\\\/noticias\\\/recien-electa-alcaldesa-de-miami-entrega-llaves-de-la-ciudad-a-camila-cabello\\\/#article\",\"isPartOf\":{\"@id\":\"https:\\\/\\\/www.cuballama.com\\\/noticias\\\/recien-electa-alcaldesa-de-miami-entrega-llaves-de-la-ciudad-a-camila-cabello\\\/\"},\"author\":{\"name\":\"Roberto A.\",\"@id\":\"https:\\\/\\\/www.cuballama.com\\\/noticias\\\/#\\\/schema\\\/person\\\/a58502ed4146c8e9f83872e897c76cd2\"},\"headline\":\"Reci\u00e9n electa alcaldesa de Miami entrega llaves de la ciudad a Camila Cabello\",\"datePublished\":\"2026-01-14T19:41:16+00:00\",\"dateModified\":\"2026-01-14T19:41:20+00:00\",\"mainEntityOfPage\":{\"@id\":\"https:\\\/\\\/www.cuballama.com\\\/noticias\\\/recien-electa-alcaldesa-de-miami-entrega-llaves-de-la-ciudad-a-camila-cabello\\\/\"},\"wordCount\":471,\"commentCount\":0,\"publisher\":{\"@id\":\"https:\\\/\\\/www.cuballama.com\\\/noticias\\\/#organization\"},\"image\":{\"@id\":\"https:\\\/\\\/www.cuballama.com\\\/noticias\\\/recien-electa-alcaldesa-de-miami-entrega-llaves-de-la-ciudad-a-camila-cabello\\\/#primaryimage\"},\"thumbnailUrl\":\"https:\\\/\\\/cdn1.mediawpaccore.net\\\/wp-content\\\/uploads\\\/2026\\\/01\\\/14052609\\\/image-57.png\",\"keywords\":[\"Camila Cabello\",\"celebridades\",\"comunidad cubana\",\"cultura\",\"Eileen Higgins\",\"llaves de la ciudad\",\"Miami\",\"M\u00fasica Latina\"],\"articleSection\":[\"Far\u00e1ndula\"],\"inLanguage\":\"es\",\"potentialAction\":[{\"@type\":\"CommentAction\",\"name\":\"Comment\",\"target\":[\"https:\\\/\\\/www.cuballama.com\\\/noticias\\\/recien-electa-alcaldesa-de-miami-entrega-llaves-de-la-ciudad-a-camila-cabello\\\/#respond\"]}]},{\"@type\":\"WebPage\",\"@id\":\"https:\\\/\\\/www.cuballama.com\\\/noticias\\\/recien-electa-alcaldesa-de-miami-entrega-llaves-de-la-ciudad-a-camila-cabello\\\/\",\"url\":\"https:\\\/\\\/www.cuballama.com\\\/noticias\\\/recien-electa-alcaldesa-de-miami-entrega-llaves-de-la-ciudad-a-camila-cabello\\\/\",\"name\":\"Reci\u00e9n electa alcaldesa de Miami entrega llaves de la ciudad a Camila Cabello - Cuballama Noticias\",\"isPartOf\":{\"@id\":\"https:\\\/\\\/www.cuballama.com\\\/noticias\\\/#website\"},\"primaryImageOfPage\":{\"@id\":\"https:\\\/\\\/www.cuballama.com\\\/noticias\\\/recien-electa-alcaldesa-de-miami-entrega-llaves-de-la-ciudad-a-camila-cabello\\\/#primaryimage\"},\"image\":{\"@id\":\"https:\\\/\\\/www.cuballama.com\\\/noticias\\\/recien-electa-alcaldesa-de-miami-entrega-llaves-de-la-ciudad-a-camila-cabello\\\/#primaryimage\"},\"thumbnailUrl\":\"https:\\\/\\\/cdn1.mediawpaccore.net\\\/wp-content\\\/uploads\\\/2026\\\/01\\\/14052609\\\/image-57.png\",\"datePublished\":\"2026-01-14T19:41:16+00:00\",\"dateModified\":\"2026-01-14T19:41:20+00:00\",\"description\":\"La alcaldesa de Miami entrega las llaves de la ciudad a Camila Cabello durante el desfile de Reyes Magos en 2026\",\"breadcrumb\":{\"@id\":\"https:\\\/\\\/www.cuballama.com\\\/noticias\\\/recien-electa-alcaldesa-de-miami-entrega-llaves-de-la-ciudad-a-camila-cabello\\\/#breadcrumb\"},\"inLanguage\":\"es\",\"potentialAction\":[{\"@type\":\"ReadAction\",\"target\":[\"https:\\\/\\\/www.cuballama.com\\\/noticias\\\/recien-electa-alcaldesa-de-miami-entrega-llaves-de-la-ciudad-a-camila-cabello\\\/\"]}]},{\"@type\":\"ImageObject\",\"inLanguage\":\"es\",\"@id\":\"https:\\\/\\\/www.cuballama.com\\\/noticias\\\/recien-electa-alcaldesa-de-miami-entrega-llaves-de-la-ciudad-a-camila-cabello\\\/#primaryimage\",\"url\":\"https:\\\/\\\/cdn1.mediawpaccore.net\\\/wp-content\\\/uploads\\\/2026\\\/01\\\/14052609\\\/image-57.png\",\"contentUrl\":\"https:\\\/\\\/cdn1.mediawpaccore.net\\\/wp-content\\\/uploads\\\/2026\\\/01\\\/14052609\\\/image-57.png\",\"width\":1968,\"height\":1040,\"caption\":\"Foto: Video Screenshot v\u00eda Only in Dade \\\/Instagram\"},{\"@type\":\"BreadcrumbList\",\"@id\":\"https:\\\/\\\/www.cuballama.com\\\/noticias\\\/recien-electa-alcaldesa-de-miami-entrega-llaves-de-la-ciudad-a-camila-cabello\\\/#breadcrumb\",\"itemListElement\":[{\"@type\":\"ListItem\",\"position\":1,\"name\":\"Home\",\"item\":\"https:\\\/\\\/www.cuballama.com\\\/noticias\\\/\"},{\"@type\":\"ListItem\",\"position\":2,\"name\":\"Reci\u00e9n electa alcaldesa de Miami entrega llaves de la ciudad a Camila Cabello\"}]},{\"@type\":\"WebSite\",\"@id\":\"https:\\\/\\\/www.cuballama.com\\\/noticias\\\/#website\",\"url\":\"https:\\\/\\\/www.cuballama.com\\\/noticias\\\/\",\"name\":\"Cuballama Noticias\",\"description\":\"Medio digital sobre Cuba y el mundo\",\"publisher\":{\"@id\":\"https:\\\/\\\/www.cuballama.com\\\/noticias\\\/#organization\"},\"potentialAction\":[{\"@type\":\"SearchAction\",\"target\":{\"@type\":\"EntryPoint\",\"urlTemplate\":\"https:\\\/\\\/www.cuballama.com\\\/noticias\\\/?s={search_term_string}\"},\"query-input\":{\"@type\":\"PropertyValueSpecification\",\"valueRequired\":true,\"valueName\":\"search_term_string\"}}],\"inLanguage\":\"es\"},{\"@type\":\"Organization\",\"@id\":\"https:\\\/\\\/www.cuballama.com\\\/noticias\\\/#organization\",\"name\":\"Cuballama\",\"url\":\"https:\\\/\\\/www.cuballama.com\\\/noticias\\\/\",\"logo\":{\"@type\":\"ImageObject\",\"inLanguage\":\"es\",\"@id\":\"https:\\\/\\\/www.cuballama.com\\\/noticias\\\/#\\\/schema\\\/logo\\\/image\\\/\",\"url\":\"https:\\\/\\\/cdn1.mediawpaccore.net\\\/wp-content\\\/uploads\\\/2021\\\/12\\\/28171206\\\/cbll-logo-color-sm.png\",\"contentUrl\":\"https:\\\/\\\/cdn1.mediawpaccore.net\\\/wp-content\\\/uploads\\\/2021\\\/12\\\/28171206\\\/cbll-logo-color-sm.png\",\"width\":600,\"height\":133,\"caption\":\"Cuballama\"},\"image\":{\"@id\":\"https:\\\/\\\/www.cuballama.com\\\/noticias\\\/#\\\/schema\\\/logo\\\/image\\\/\"},\"sameAs\":[\"https:\\\/\\\/www.facebook.com\\\/CubaLlama\",\"https:\\\/\\\/x.com\\\/cuballama\",\"https:\\\/\\\/www.instagram.com\\\/stories\\\/cuballama_oficial\\\/\",\"https:\\\/\\\/www.youtube.com\\\/channel\\\/UCKkFE-d_axENGZcrc4as0IA\"]},{\"@type\":\"Person\",\"@id\":\"https:\\\/\\\/www.cuballama.com\\\/noticias\\\/#\\\/schema\\\/person\\\/a58502ed4146c8e9f83872e897c76cd2\",\"name\":\"Roberto A.\",\"description\":\"Roberto A. Periodista por decisi\u00f3n propia. Interesado en cualquier tema que me apasione y cada vez m\u00e1s comprometido con la verdad y la objetividad period\u00edstica. Graduado en La Habana hace ya muchos a\u00f1os, luego de una accidentada y polvorienta b\u00fasqueda de informaci\u00f3n sobre un tema in\u00e9dito. La Tesis, por cierto, desapareci\u00f3 de la biblioteca y no se conservan copias de la misma.\",\"url\":\"https:\\\/\\\/www.cuballama.com\\\/noticias\\\/author\\\/roberto\\\/\"}]}<\/script>\n<!-- \/ Yoast SEO plugin. -->","yoast_head_json":{"title":"Reci\u00e9n electa alcaldesa de Miami entrega llaves de la ciudad a Camila Cabello - Cuballama Noticias","description":"La alcaldesa de Miami entrega las llaves de la ciudad a Camila Cabello durante el desfile de Reyes Magos en 2026","robots":{"index":"index","follow":"follow","max-snippet":"max-snippet:-1","max-image-preview":"max-image-preview:large","max-video-preview":"max-video-preview:-1"},"canonical":"https:\/\/www.cuballama.com\/noticias\/recien-electa-alcaldesa-de-miami-entrega-llaves-de-la-ciudad-a-camila-cabello\/","og_locale":"es_ES","og_type":"article","og_title":"Reci\u00e9n electa alcaldesa de Miami entrega llaves de la ciudad a Camila Cabello - Cuballama Noticias","og_description":"La alcaldesa de Miami entrega las llaves de la ciudad a Camila Cabello durante el desfile de Reyes Magos en 2026","og_url":"https:\/\/www.cuballama.com\/noticias\/recien-electa-alcaldesa-de-miami-entrega-llaves-de-la-ciudad-a-camila-cabello\/","og_site_name":"Cuballama Noticias","article_publisher":"https:\/\/www.facebook.com\/CubaLlama","article_published_time":"2026-01-14T19:41:16+00:00","article_modified_time":"2026-01-14T19:41:20+00:00","og_image":[{"width":1968,"height":1040,"url":"https:\/\/cdn1.mediawpaccore.net\/wp-content\/uploads\/2026\/01\/14052609\/image-57.png","type":"image\/png"}],"author":"Roberto A.","twitter_card":"summary_large_image","twitter_creator":"@cuballama","twitter_site":"@cuballama","twitter_misc":{"Escrito por":"Roberto A.","Tiempo de lectura":"3 minutos"},"schema":{"@context":"https:\/\/schema.org","@graph":[{"@type":"Article","@id":"https:\/\/www.cuballama.com\/noticias\/recien-electa-alcaldesa-de-miami-entrega-llaves-de-la-ciudad-a-camila-cabello\/#article","isPartOf":{"@id":"https:\/\/www.cuballama.com\/noticias\/recien-electa-alcaldesa-de-miami-entrega-llaves-de-la-ciudad-a-camila-cabello\/"},"author":{"name":"Roberto A.","@id":"https:\/\/www.cuballama.com\/noticias\/#\/schema\/person\/a58502ed4146c8e9f83872e897c76cd2"},"headline":"Reci\u00e9n electa alcaldesa de Miami entrega llaves de la ciudad a Camila Cabello","datePublished":"2026-01-14T19:41:16+00:00","dateModified":"2026-01-14T19:41:20+00:00","mainEntityOfPage":{"@id":"https:\/\/www.cuballama.com\/noticias\/recien-electa-alcaldesa-de-miami-entrega-llaves-de-la-ciudad-a-camila-cabello\/"},"wordCount":471,"commentCount":0,"publisher":{"@id":"https:\/\/www.cuballama.com\/noticias\/#organization"},"image":{"@id":"https:\/\/www.cuballama.com\/noticias\/recien-electa-alcaldesa-de-miami-entrega-llaves-de-la-ciudad-a-camila-cabello\/#primaryimage"},"thumbnailUrl":"https:\/\/cdn1.mediawpaccore.net\/wp-content\/uploads\/2026\/01\/14052609\/image-57.png","keywords":["Camila Cabello","celebridades","comunidad cubana","cultura","Eileen Higgins","llaves de la ciudad","Miami","M\u00fasica Latina"],"articleSection":["Far\u00e1ndula"],"inLanguage":"es","potentialAction":[{"@type":"CommentAction","name":"Comment","target":["https:\/\/www.cuballama.com\/noticias\/recien-electa-alcaldesa-de-miami-entrega-llaves-de-la-ciudad-a-camila-cabello\/#respond"]}]},{"@type":"WebPage","@id":"https:\/\/www.cuballama.com\/noticias\/recien-electa-alcaldesa-de-miami-entrega-llaves-de-la-ciudad-a-camila-cabello\/","url":"https:\/\/www.cuballama.com\/noticias\/recien-electa-alcaldesa-de-miami-entrega-llaves-de-la-ciudad-a-camila-cabello\/","name":"Reci\u00e9n electa alcaldesa de Miami entrega llaves de la ciudad a Camila Cabello - Cuballama Noticias","isPartOf":{"@id":"https:\/\/www.cuballama.com\/noticias\/#website"},"primaryImageOfPage":{"@id":"https:\/\/www.cuballama.com\/noticias\/recien-electa-alcaldesa-de-miami-entrega-llaves-de-la-ciudad-a-camila-cabello\/#primaryimage"},"image":{"@id":"https:\/\/www.cuballama.com\/noticias\/recien-electa-alcaldesa-de-miami-entrega-llaves-de-la-ciudad-a-camila-cabello\/#primaryimage"},"thumbnailUrl":"https:\/\/cdn1.mediawpaccore.net\/wp-content\/uploads\/2026\/01\/14052609\/image-57.png","datePublished":"2026-01-14T19:41:16+00:00","dateModified":"2026-01-14T19:41:20+00:00","description":"La alcaldesa de Miami entrega las llaves de la ciudad a Camila Cabello durante el desfile de Reyes Magos en 2026","breadcrumb":{"@id":"https:\/\/www.cuballama.com\/noticias\/recien-electa-alcaldesa-de-miami-entrega-llaves-de-la-ciudad-a-camila-cabello\/#breadcrumb"},"inLanguage":"es","potentialAction":[{"@type":"ReadAction","target":["https:\/\/www.cuballama.com\/noticias\/recien-electa-alcaldesa-de-miami-entrega-llaves-de-la-ciudad-a-camila-cabello\/"]}]},{"@type":"ImageObject","inLanguage":"es","@id":"https:\/\/www.cuballama.com\/noticias\/recien-electa-alcaldesa-de-miami-entrega-llaves-de-la-ciudad-a-camila-cabello\/#primaryimage","url":"https:\/\/cdn1.mediawpaccore.net\/wp-content\/uploads\/2026\/01\/14052609\/image-57.png","contentUrl":"https:\/\/cdn1.mediawpaccore.net\/wp-content\/uploads\/2026\/01\/14052609\/image-57.png","width":1968,"height":1040,"caption":"Foto: Video Screenshot v\u00eda Only in Dade \/Instagram"},{"@type":"BreadcrumbList","@id":"https:\/\/www.cuballama.com\/noticias\/recien-electa-alcaldesa-de-miami-entrega-llaves-de-la-ciudad-a-camila-cabello\/#breadcrumb","itemListElement":[{"@type":"ListItem","position":1,"name":"Home","item":"https:\/\/www.cuballama.com\/noticias\/"},{"@type":"ListItem","position":2,"name":"Reci\u00e9n electa alcaldesa de Miami entrega llaves de la ciudad a Camila Cabello"}]},{"@type":"WebSite","@id":"https:\/\/www.cuballama.com\/noticias\/#website","url":"https:\/\/www.cuballama.com\/noticias\/","name":"Cuballama Noticias","description":"Medio digital sobre Cuba y el mundo","publisher":{"@id":"https:\/\/www.cuballama.com\/noticias\/#organization"},"potentialAction":[{"@type":"SearchAction","target":{"@type":"EntryPoint","urlTemplate":"https:\/\/www.cuballama.com\/noticias\/?s={search_term_string}"},"query-input":{"@type":"PropertyValueSpecification","valueRequired":true,"valueName":"search_term_string"}}],"inLanguage":"es"},{"@type":"Organization","@id":"https:\/\/www.cuballama.com\/noticias\/#organization","name":"Cuballama","url":"https:\/\/www.cuballama.com\/noticias\/","logo":{"@type":"ImageObject","inLanguage":"es","@id":"https:\/\/www.cuballama.com\/noticias\/#\/schema\/logo\/image\/","url":"https:\/\/cdn1.mediawpaccore.net\/wp-content\/uploads\/2021\/12\/28171206\/cbll-logo-color-sm.png","contentUrl":"https:\/\/cdn1.mediawpaccore.net\/wp-content\/uploads\/2021\/12\/28171206\/cbll-logo-color-sm.png","width":600,"height":133,"caption":"Cuballama"},"image":{"@id":"https:\/\/www.cuballama.com\/noticias\/#\/schema\/logo\/image\/"},"sameAs":["https:\/\/www.facebook.com\/CubaLlama","https:\/\/x.com\/cuballama","https:\/\/www.instagram.com\/stories\/cuballama_oficial\/","https:\/\/www.youtube.com\/channel\/UCKkFE-d_axENGZcrc4as0IA"]},{"@type":"Person","@id":"https:\/\/www.cuballama.com\/noticias\/#\/schema\/person\/a58502ed4146c8e9f83872e897c76cd2","name":"Roberto A.","description":"Roberto A. Periodista por decisi\u00f3n propia. Interesado en cualquier tema que me apasione y cada vez m\u00e1s comprometido con la verdad y la objetividad period\u00edstica. Graduado en La Habana hace ya muchos a\u00f1os, luego de una accidentada y polvorienta b\u00fasqueda de informaci\u00f3n sobre un tema in\u00e9dito. La Tesis, por cierto, desapareci\u00f3 de la biblioteca y no se conservan copias de la misma.","url":"https:\/\/www.cuballama.com\/noticias\/author\/roberto\/"}]}},"_links":{"self":[{"href":"https:\/\/www.cuballama.com\/noticias\/wp-json\/wp\/v2\/posts\/231888","targetHints":{"allow":["GET"]}}],"collection":[{"href":"https:\/\/www.cuballama.com\/noticias\/wp-json\/wp\/v2\/posts"}],"about":[{"href":"https:\/\/www.cuballama.com\/noticias\/wp-json\/wp\/v2\/types\/post"}],"author":[{"embeddable":true,"href":"https:\/\/www.cuballama.com\/noticias\/wp-json\/wp\/v2\/users\/13"}],"replies":[{"embeddable":true,"href":"https:\/\/www.cuballama.com\/noticias\/wp-json\/wp\/v2\/comments?post=231888"}],"version-history":[{"count":3,"href":"https:\/\/www.cuballama.com\/noticias\/wp-json\/wp\/v2\/posts\/231888\/revisions"}],"predecessor-version":[{"id":231892,"href":"https:\/\/www.cuballama.com\/noticias\/wp-json\/wp\/v2\/posts\/231888\/revisions\/231892"}],"wp:featuredmedia":[{"embeddable":true,"href":"https:\/\/www.cuballama.com\/noticias\/wp-json\/wp\/v2\/media\/231889"}],"wp:attachment":[{"href":"https:\/\/www.cuballama.com\/noticias\/wp-json\/wp\/v2\/media?parent=231888"}],"wp:term":[{"taxonomy":"category","embeddable":true,"href":"https:\/\/www.cuballama.com\/noticias\/wp-json\/wp\/v2\/categories?post=231888"},{"taxonomy":"post_tag","embeddable":true,"href":"https:\/\/www.cuballama.com\/noticias\/wp-json\/wp\/v2\/tags?post=231888"}],"curies":[{"name":"wp","href":"https:\/\/api.w.org\/{rel}","templated":true}]}}