{"id":231872,"date":"2026-01-14T16:28:24","date_gmt":"2026-01-14T21:28:24","guid":{"rendered":"https:\/\/www.cuballama.com\/noticias\/?p=231872"},"modified":"2026-01-14T16:28:26","modified_gmt":"2026-01-14T21:28:26","slug":"arrestado-el-actor-kiefer-sutherland-por-agredir-a-un-chofer-durante-un-viaje-compartido","status":"publish","type":"post","link":"https:\/\/www.cuballama.com\/noticias\/arrestado-el-actor-kiefer-sutherland-por-agredir-a-un-chofer-durante-un-viaje-compartido\/","title":{"rendered":"Arrestado el actor Kiefer Sutherland por agredir a un chofer durante un viaje compartido"},"content":{"rendered":"\n<p>El actor Kiefer Sutherland <a href=\"https:\/\/www.hollywoodreporter.com\/news\/local-news\/kiefer-sutherland-arrested-assault-l-a-ride-share-driver-1236473165\/\" target=\"_blank\" rel=\"noreferrer noopener nofollow\">fue arrestado en Los \u00c1ngeles<\/a> tras un altercado con un conductor de servicios de transporte por aplicaci\u00f3n en Hollywood, un caso que la polic\u00eda describe como una agresi\u00f3n f\u00edsica acompa\u00f1ada de amenazas. La detenci\u00f3n ocurri\u00f3 despu\u00e9s de que agentes del Departamento de Polic\u00eda de Los \u00c1ngeles (LAPD) respondieran a una llamada cerca de las 12:15 a. m. en el \u00e1rea de Sunset Boulevard y Fairfax Avenue, una intersecci\u00f3n con alto flujo nocturno en la ciudad.<\/p>\n\n\n\n<p>De acuerdo con la versi\u00f3n policial difundida por medios estadounidenses, los agentes determinaron en el lugar que Sutherland ingres\u00f3 al veh\u00edculo, se produjo una confrontaci\u00f3n y el conductor habr\u00eda sido atacado f\u00edsicamente. La misma fuente indica que, adem\u00e1s del contacto f\u00edsico, el actor habr\u00eda proferido \u201camenazas criminales\u201d, una figura que en California se procesa bajo el marco del C\u00f3digo Penal 422.<\/p>\n\n\n\n<p>Las autoridades se\u00f1alaron que el conductor no present\u00f3 lesiones que requirieran atenci\u00f3n m\u00e9dica en el sitio. Ese punto ha sido repetido en reportes coincidentes de agencias y prensa local, que subrayan que la respuesta policial se centr\u00f3 en el componente de amenaza y en la presunta agresi\u00f3n.<\/p>\n\n\n\n<p>Sutherland, de 59 a\u00f1os, fue trasladado y fichado, y posteriormente <a href=\"https:\/\/www.nbcnews.com\/news\/us-news\/kiefer-sutherland-arrested-allegedly-assaulting-ride-share-driver-l-po-rcna253933\" target=\"_blank\" rel=\"noreferrer noopener nofollow\">qued\u00f3 en libertad tras pagar una fianza de 50.000 d\u00f3lares<\/a>, mientras la investigaci\u00f3n permanece abierta en la divisi\u00f3n de Hollywood del LAPD. <a href=\"https:\/\/www.bbc.com\/news\/articles\/cql40ze5pkpo\" target=\"_blank\" rel=\"noreferrer noopener nofollow\">Seg\u00fan los reportes<\/a>, el caso <a href=\"https:\/\/www.nytimes.com\/2026\/01\/13\/arts\/television\/kiefer-sutherland-arrest-assault.html\" target=\"_blank\" rel=\"noreferrer noopener nofollow\">tiene una fecha inicial de comparecencia fijada para el 2 de febrero <\/a>en la Corte Superior del Condado de Los \u00c1ngeles.<\/p>\n\n\n\n<p>Hasta el momento, no se ha informado p\u00fablicamente de una versi\u00f3n del actor sobre lo ocurrido en el interior del veh\u00edculo ni del detalle exacto que deton\u00f3 la discusi\u00f3n. Medios de entretenimiento y agencias de noticias indicaron que representantes de Sutherland no hab\u00edan emitido comentarios al cierre de sus publicaciones.<\/p>\n\n\n\n<script type=\"text\/javascript\" charset=\"UTF-8\" \n    src=\"https:\/\/nbclosangeles.com\/portableplayer\/?CID=1:9:3831291&#038;videoID=2481238595865&#038;origin=nbclosangeles.com&#038;fullWidth=y&#038;autoplay=true\"><\/script>\n\n\n\n<p>La noticia reaviva el foco sobre un int\u00e9rprete con una carrera extensa en cine y televisi\u00f3n, conocido globalmente por \u201cJack Bauer\u201d, por su papel en la exitosa y marat\u00f3nica \u00ab24 Hours\u00bb, pero que ahora enfrenta un proceso en el que, por el momento, el punto central es la narrativa policial de una agresi\u00f3n breve y unas amenazas consideradas penalmente relevantes.<\/p>\n","protected":false},"excerpt":{"rendered":"<p>El actor Kiefer Sutherland fue arrestado en Hollywood tras un presunto altercado con un conductor de transporte por aplicaci\u00f3n. La polic\u00eda investiga una posible agresi\u00f3n y amenazas criminales ocurridas durante el incidente nocturno.<\/p>\n","protected":false},"author":13,"featured_media":231876,"comment_status":"open","ping_status":"closed","sticky":false,"template":"","format":"standard","meta":{"_acf_changed":false,"footnotes":""},"categories":[443],"tags":[16405,4220,1568,353,450,30002,337,11284,30003],"class_list":{"0":"post-231872","1":"post","2":"type-post","3":"status-publish","4":"format-standard","5":"has-post-thumbnail","7":"category-farandula","8":"tag-agresion","9":"tag-arresto","10":"tag-celebridades","11":"tag-cine","12":"tag-hollywood","13":"tag-kiefer-sutherland","14":"tag-los-angeles","15":"tag-policia-2","16":"tag-ride-share"},"acf":[],"yoast_head":"<!-- This site is optimized with the Yoast SEO plugin v27.4 - https:\/\/yoast.com\/product\/yoast-seo-wordpress\/ -->\n<title>Arrestado el actor Kiefer Sutherland por agredir a un chofer durante un viaje compartido - Cuballama Noticias<\/title>\n<meta name=\"description\" content=\"Kiefer Sutherland es arrestado en Los \u00c1ngeles tras un altercado con un conductor de ride-share; la polic\u00eda investiga agresi\u00f3n\" \/>\n<meta name=\"robots\" content=\"index, follow, max-snippet:-1, max-image-preview:large, max-video-preview:-1\" \/>\n<link rel=\"canonical\" href=\"https:\/\/www.cuballama.com\/noticias\/arrestado-el-actor-kiefer-sutherland-por-agredir-a-un-chofer-durante-un-viaje-compartido\/\" \/>\n<meta property=\"og:locale\" content=\"es_ES\" \/>\n<meta property=\"og:type\" content=\"article\" \/>\n<meta property=\"og:title\" content=\"Arrestado el actor Kiefer Sutherland por agredir a un chofer durante un viaje compartido - Cuballama Noticias\" \/>\n<meta property=\"og:description\" content=\"Kiefer Sutherland es arrestado en Los \u00c1ngeles tras un altercado con un conductor de ride-share; la polic\u00eda investiga agresi\u00f3n\" \/>\n<meta property=\"og:url\" content=\"https:\/\/www.cuballama.com\/noticias\/arrestado-el-actor-kiefer-sutherland-por-agredir-a-un-chofer-durante-un-viaje-compartido\/\" \/>\n<meta property=\"og:site_name\" content=\"Cuballama Noticias\" \/>\n<meta property=\"article:publisher\" content=\"https:\/\/www.facebook.com\/CubaLlama\" \/>\n<meta property=\"article:published_time\" content=\"2026-01-14T21:28:24+00:00\" \/>\n<meta property=\"article:modified_time\" content=\"2026-01-14T21:28:26+00:00\" \/>\n<meta property=\"og:image\" content=\"https:\/\/cdn1.mediawpaccore.net\/wp-content\/uploads\/2026\/01\/14045057\/image-55-e1768385266140.png\" \/>\n\t<meta property=\"og:image:width\" content=\"1204\" \/>\n\t<meta property=\"og:image:height\" content=\"702\" \/>\n\t<meta property=\"og:image:type\" content=\"image\/png\" \/>\n<meta name=\"author\" content=\"Roberto A.\" \/>\n<meta name=\"twitter:card\" content=\"summary_large_image\" \/>\n<meta name=\"twitter:creator\" content=\"@cuballama\" \/>\n<meta name=\"twitter:site\" content=\"@cuballama\" \/>\n<meta name=\"twitter:label1\" content=\"Escrito por\" \/>\n\t<meta name=\"twitter:data1\" content=\"Roberto A.\" \/>\n<script type=\"application\/ld+json\" class=\"yoast-schema-graph\">{\"@context\":\"https:\\\/\\\/schema.org\",\"@graph\":[{\"@type\":\"Article\",\"@id\":\"https:\\\/\\\/www.cuballama.com\\\/noticias\\\/arrestado-el-actor-kiefer-sutherland-por-agredir-a-un-chofer-durante-un-viaje-compartido\\\/#article\",\"isPartOf\":{\"@id\":\"https:\\\/\\\/www.cuballama.com\\\/noticias\\\/arrestado-el-actor-kiefer-sutherland-por-agredir-a-un-chofer-durante-un-viaje-compartido\\\/\"},\"author\":{\"name\":\"Roberto A.\",\"@id\":\"https:\\\/\\\/www.cuballama.com\\\/noticias\\\/#\\\/schema\\\/person\\\/a58502ed4146c8e9f83872e897c76cd2\"},\"headline\":\"Arrestado el actor Kiefer Sutherland por agredir a un chofer durante un viaje compartido\",\"datePublished\":\"2026-01-14T21:28:24+00:00\",\"dateModified\":\"2026-01-14T21:28:26+00:00\",\"mainEntityOfPage\":{\"@id\":\"https:\\\/\\\/www.cuballama.com\\\/noticias\\\/arrestado-el-actor-kiefer-sutherland-por-agredir-a-un-chofer-durante-un-viaje-compartido\\\/\"},\"wordCount\":399,\"commentCount\":0,\"publisher\":{\"@id\":\"https:\\\/\\\/www.cuballama.com\\\/noticias\\\/#organization\"},\"image\":{\"@id\":\"https:\\\/\\\/www.cuballama.com\\\/noticias\\\/arrestado-el-actor-kiefer-sutherland-por-agredir-a-un-chofer-durante-un-viaje-compartido\\\/#primaryimage\"},\"thumbnailUrl\":\"https:\\\/\\\/cdn1.mediawpaccore.net\\\/wp-content\\\/uploads\\\/2026\\\/01\\\/14045057\\\/image-55-e1768385266140.png\",\"keywords\":[\"Agresi\u00f3n\",\"arresto\",\"celebridades\",\"Cine\",\"Hollywood\",\"Kiefer Sutherland\",\"Los \u00c1ngeles\",\"polic\u00eda\",\"ride-share\"],\"articleSection\":[\"Far\u00e1ndula\"],\"inLanguage\":\"es\",\"potentialAction\":[{\"@type\":\"CommentAction\",\"name\":\"Comment\",\"target\":[\"https:\\\/\\\/www.cuballama.com\\\/noticias\\\/arrestado-el-actor-kiefer-sutherland-por-agredir-a-un-chofer-durante-un-viaje-compartido\\\/#respond\"]}]},{\"@type\":\"WebPage\",\"@id\":\"https:\\\/\\\/www.cuballama.com\\\/noticias\\\/arrestado-el-actor-kiefer-sutherland-por-agredir-a-un-chofer-durante-un-viaje-compartido\\\/\",\"url\":\"https:\\\/\\\/www.cuballama.com\\\/noticias\\\/arrestado-el-actor-kiefer-sutherland-por-agredir-a-un-chofer-durante-un-viaje-compartido\\\/\",\"name\":\"Arrestado el actor Kiefer Sutherland por agredir a un chofer durante un viaje compartido - Cuballama Noticias\",\"isPartOf\":{\"@id\":\"https:\\\/\\\/www.cuballama.com\\\/noticias\\\/#website\"},\"primaryImageOfPage\":{\"@id\":\"https:\\\/\\\/www.cuballama.com\\\/noticias\\\/arrestado-el-actor-kiefer-sutherland-por-agredir-a-un-chofer-durante-un-viaje-compartido\\\/#primaryimage\"},\"image\":{\"@id\":\"https:\\\/\\\/www.cuballama.com\\\/noticias\\\/arrestado-el-actor-kiefer-sutherland-por-agredir-a-un-chofer-durante-un-viaje-compartido\\\/#primaryimage\"},\"thumbnailUrl\":\"https:\\\/\\\/cdn1.mediawpaccore.net\\\/wp-content\\\/uploads\\\/2026\\\/01\\\/14045057\\\/image-55-e1768385266140.png\",\"datePublished\":\"2026-01-14T21:28:24+00:00\",\"dateModified\":\"2026-01-14T21:28:26+00:00\",\"description\":\"Kiefer Sutherland es arrestado en Los \u00c1ngeles tras un altercado con un conductor de ride-share; la polic\u00eda investiga agresi\u00f3n\",\"breadcrumb\":{\"@id\":\"https:\\\/\\\/www.cuballama.com\\\/noticias\\\/arrestado-el-actor-kiefer-sutherland-por-agredir-a-un-chofer-durante-un-viaje-compartido\\\/#breadcrumb\"},\"inLanguage\":\"es\",\"potentialAction\":[{\"@type\":\"ReadAction\",\"target\":[\"https:\\\/\\\/www.cuballama.com\\\/noticias\\\/arrestado-el-actor-kiefer-sutherland-por-agredir-a-un-chofer-durante-un-viaje-compartido\\\/\"]}]},{\"@type\":\"ImageObject\",\"inLanguage\":\"es\",\"@id\":\"https:\\\/\\\/www.cuballama.com\\\/noticias\\\/arrestado-el-actor-kiefer-sutherland-por-agredir-a-un-chofer-durante-un-viaje-compartido\\\/#primaryimage\",\"url\":\"https:\\\/\\\/cdn1.mediawpaccore.net\\\/wp-content\\\/uploads\\\/2026\\\/01\\\/14045057\\\/image-55-e1768385266140.png\",\"contentUrl\":\"https:\\\/\\\/cdn1.mediawpaccore.net\\\/wp-content\\\/uploads\\\/2026\\\/01\\\/14045057\\\/image-55-e1768385266140.png\",\"width\":1204,\"height\":702,\"caption\":\"Foto v\u00eda Kiefer Sutherland \\\/ Instagram\"},{\"@type\":\"BreadcrumbList\",\"@id\":\"https:\\\/\\\/www.cuballama.com\\\/noticias\\\/arrestado-el-actor-kiefer-sutherland-por-agredir-a-un-chofer-durante-un-viaje-compartido\\\/#breadcrumb\",\"itemListElement\":[{\"@type\":\"ListItem\",\"position\":1,\"name\":\"Home\",\"item\":\"https:\\\/\\\/www.cuballama.com\\\/noticias\\\/\"},{\"@type\":\"ListItem\",\"position\":2,\"name\":\"Arrestado el actor Kiefer Sutherland por agredir a un chofer durante un viaje compartido\"}]},{\"@type\":\"WebSite\",\"@id\":\"https:\\\/\\\/www.cuballama.com\\\/noticias\\\/#website\",\"url\":\"https:\\\/\\\/www.cuballama.com\\\/noticias\\\/\",\"name\":\"Cuballama Noticias\",\"description\":\"Medio digital sobre Cuba y el mundo\",\"publisher\":{\"@id\":\"https:\\\/\\\/www.cuballama.com\\\/noticias\\\/#organization\"},\"potentialAction\":[{\"@type\":\"SearchAction\",\"target\":{\"@type\":\"EntryPoint\",\"urlTemplate\":\"https:\\\/\\\/www.cuballama.com\\\/noticias\\\/?s={search_term_string}\"},\"query-input\":{\"@type\":\"PropertyValueSpecification\",\"valueRequired\":true,\"valueName\":\"search_term_string\"}}],\"inLanguage\":\"es\"},{\"@type\":\"Organization\",\"@id\":\"https:\\\/\\\/www.cuballama.com\\\/noticias\\\/#organization\",\"name\":\"Cuballama\",\"url\":\"https:\\\/\\\/www.cuballama.com\\\/noticias\\\/\",\"logo\":{\"@type\":\"ImageObject\",\"inLanguage\":\"es\",\"@id\":\"https:\\\/\\\/www.cuballama.com\\\/noticias\\\/#\\\/schema\\\/logo\\\/image\\\/\",\"url\":\"https:\\\/\\\/cdn1.mediawpaccore.net\\\/wp-content\\\/uploads\\\/2021\\\/12\\\/28171206\\\/cbll-logo-color-sm.png\",\"contentUrl\":\"https:\\\/\\\/cdn1.mediawpaccore.net\\\/wp-content\\\/uploads\\\/2021\\\/12\\\/28171206\\\/cbll-logo-color-sm.png\",\"width\":600,\"height\":133,\"caption\":\"Cuballama\"},\"image\":{\"@id\":\"https:\\\/\\\/www.cuballama.com\\\/noticias\\\/#\\\/schema\\\/logo\\\/image\\\/\"},\"sameAs\":[\"https:\\\/\\\/www.facebook.com\\\/CubaLlama\",\"https:\\\/\\\/x.com\\\/cuballama\",\"https:\\\/\\\/www.instagram.com\\\/stories\\\/cuballama_oficial\\\/\",\"https:\\\/\\\/www.youtube.com\\\/channel\\\/UCKkFE-d_axENGZcrc4as0IA\"]},{\"@type\":\"Person\",\"@id\":\"https:\\\/\\\/www.cuballama.com\\\/noticias\\\/#\\\/schema\\\/person\\\/a58502ed4146c8e9f83872e897c76cd2\",\"name\":\"Roberto A.\",\"description\":\"Roberto A. Periodista por decisi\u00f3n propia. Interesado en cualquier tema que me apasione y cada vez m\u00e1s comprometido con la verdad y la objetividad period\u00edstica. Graduado en La Habana hace ya muchos a\u00f1os, luego de una accidentada y polvorienta b\u00fasqueda de informaci\u00f3n sobre un tema in\u00e9dito. La Tesis, por cierto, desapareci\u00f3 de la biblioteca y no se conservan copias de la misma.\",\"url\":\"https:\\\/\\\/www.cuballama.com\\\/noticias\\\/author\\\/roberto\\\/\"}]}<\/script>\n<!-- \/ Yoast SEO plugin. -->","yoast_head_json":{"title":"Arrestado el actor Kiefer Sutherland por agredir a un chofer durante un viaje compartido - Cuballama Noticias","description":"Kiefer Sutherland es arrestado en Los \u00c1ngeles tras un altercado con un conductor de ride-share; la polic\u00eda investiga agresi\u00f3n","robots":{"index":"index","follow":"follow","max-snippet":"max-snippet:-1","max-image-preview":"max-image-preview:large","max-video-preview":"max-video-preview:-1"},"canonical":"https:\/\/www.cuballama.com\/noticias\/arrestado-el-actor-kiefer-sutherland-por-agredir-a-un-chofer-durante-un-viaje-compartido\/","og_locale":"es_ES","og_type":"article","og_title":"Arrestado el actor Kiefer Sutherland por agredir a un chofer durante un viaje compartido - Cuballama Noticias","og_description":"Kiefer Sutherland es arrestado en Los \u00c1ngeles tras un altercado con un conductor de ride-share; la polic\u00eda investiga agresi\u00f3n","og_url":"https:\/\/www.cuballama.com\/noticias\/arrestado-el-actor-kiefer-sutherland-por-agredir-a-un-chofer-durante-un-viaje-compartido\/","og_site_name":"Cuballama Noticias","article_publisher":"https:\/\/www.facebook.com\/CubaLlama","article_published_time":"2026-01-14T21:28:24+00:00","article_modified_time":"2026-01-14T21:28:26+00:00","og_image":[{"width":1204,"height":702,"url":"https:\/\/cdn1.mediawpaccore.net\/wp-content\/uploads\/2026\/01\/14045057\/image-55-e1768385266140.png","type":"image\/png"}],"author":"Roberto A.","twitter_card":"summary_large_image","twitter_creator":"@cuballama","twitter_site":"@cuballama","twitter_misc":{"Escrito por":"Roberto A."},"schema":{"@context":"https:\/\/schema.org","@graph":[{"@type":"Article","@id":"https:\/\/www.cuballama.com\/noticias\/arrestado-el-actor-kiefer-sutherland-por-agredir-a-un-chofer-durante-un-viaje-compartido\/#article","isPartOf":{"@id":"https:\/\/www.cuballama.com\/noticias\/arrestado-el-actor-kiefer-sutherland-por-agredir-a-un-chofer-durante-un-viaje-compartido\/"},"author":{"name":"Roberto A.","@id":"https:\/\/www.cuballama.com\/noticias\/#\/schema\/person\/a58502ed4146c8e9f83872e897c76cd2"},"headline":"Arrestado el actor Kiefer Sutherland por agredir a un chofer durante un viaje compartido","datePublished":"2026-01-14T21:28:24+00:00","dateModified":"2026-01-14T21:28:26+00:00","mainEntityOfPage":{"@id":"https:\/\/www.cuballama.com\/noticias\/arrestado-el-actor-kiefer-sutherland-por-agredir-a-un-chofer-durante-un-viaje-compartido\/"},"wordCount":399,"commentCount":0,"publisher":{"@id":"https:\/\/www.cuballama.com\/noticias\/#organization"},"image":{"@id":"https:\/\/www.cuballama.com\/noticias\/arrestado-el-actor-kiefer-sutherland-por-agredir-a-un-chofer-durante-un-viaje-compartido\/#primaryimage"},"thumbnailUrl":"https:\/\/cdn1.mediawpaccore.net\/wp-content\/uploads\/2026\/01\/14045057\/image-55-e1768385266140.png","keywords":["Agresi\u00f3n","arresto","celebridades","Cine","Hollywood","Kiefer Sutherland","Los \u00c1ngeles","polic\u00eda","ride-share"],"articleSection":["Far\u00e1ndula"],"inLanguage":"es","potentialAction":[{"@type":"CommentAction","name":"Comment","target":["https:\/\/www.cuballama.com\/noticias\/arrestado-el-actor-kiefer-sutherland-por-agredir-a-un-chofer-durante-un-viaje-compartido\/#respond"]}]},{"@type":"WebPage","@id":"https:\/\/www.cuballama.com\/noticias\/arrestado-el-actor-kiefer-sutherland-por-agredir-a-un-chofer-durante-un-viaje-compartido\/","url":"https:\/\/www.cuballama.com\/noticias\/arrestado-el-actor-kiefer-sutherland-por-agredir-a-un-chofer-durante-un-viaje-compartido\/","name":"Arrestado el actor Kiefer Sutherland por agredir a un chofer durante un viaje compartido - Cuballama Noticias","isPartOf":{"@id":"https:\/\/www.cuballama.com\/noticias\/#website"},"primaryImageOfPage":{"@id":"https:\/\/www.cuballama.com\/noticias\/arrestado-el-actor-kiefer-sutherland-por-agredir-a-un-chofer-durante-un-viaje-compartido\/#primaryimage"},"image":{"@id":"https:\/\/www.cuballama.com\/noticias\/arrestado-el-actor-kiefer-sutherland-por-agredir-a-un-chofer-durante-un-viaje-compartido\/#primaryimage"},"thumbnailUrl":"https:\/\/cdn1.mediawpaccore.net\/wp-content\/uploads\/2026\/01\/14045057\/image-55-e1768385266140.png","datePublished":"2026-01-14T21:28:24+00:00","dateModified":"2026-01-14T21:28:26+00:00","description":"Kiefer Sutherland es arrestado en Los \u00c1ngeles tras un altercado con un conductor de ride-share; la polic\u00eda investiga agresi\u00f3n","breadcrumb":{"@id":"https:\/\/www.cuballama.com\/noticias\/arrestado-el-actor-kiefer-sutherland-por-agredir-a-un-chofer-durante-un-viaje-compartido\/#breadcrumb"},"inLanguage":"es","potentialAction":[{"@type":"ReadAction","target":["https:\/\/www.cuballama.com\/noticias\/arrestado-el-actor-kiefer-sutherland-por-agredir-a-un-chofer-durante-un-viaje-compartido\/"]}]},{"@type":"ImageObject","inLanguage":"es","@id":"https:\/\/www.cuballama.com\/noticias\/arrestado-el-actor-kiefer-sutherland-por-agredir-a-un-chofer-durante-un-viaje-compartido\/#primaryimage","url":"https:\/\/cdn1.mediawpaccore.net\/wp-content\/uploads\/2026\/01\/14045057\/image-55-e1768385266140.png","contentUrl":"https:\/\/cdn1.mediawpaccore.net\/wp-content\/uploads\/2026\/01\/14045057\/image-55-e1768385266140.png","width":1204,"height":702,"caption":"Foto v\u00eda Kiefer Sutherland \/ Instagram"},{"@type":"BreadcrumbList","@id":"https:\/\/www.cuballama.com\/noticias\/arrestado-el-actor-kiefer-sutherland-por-agredir-a-un-chofer-durante-un-viaje-compartido\/#breadcrumb","itemListElement":[{"@type":"ListItem","position":1,"name":"Home","item":"https:\/\/www.cuballama.com\/noticias\/"},{"@type":"ListItem","position":2,"name":"Arrestado el actor Kiefer Sutherland por agredir a un chofer durante un viaje compartido"}]},{"@type":"WebSite","@id":"https:\/\/www.cuballama.com\/noticias\/#website","url":"https:\/\/www.cuballama.com\/noticias\/","name":"Cuballama Noticias","description":"Medio digital sobre Cuba y el mundo","publisher":{"@id":"https:\/\/www.cuballama.com\/noticias\/#organization"},"potentialAction":[{"@type":"SearchAction","target":{"@type":"EntryPoint","urlTemplate":"https:\/\/www.cuballama.com\/noticias\/?s={search_term_string}"},"query-input":{"@type":"PropertyValueSpecification","valueRequired":true,"valueName":"search_term_string"}}],"inLanguage":"es"},{"@type":"Organization","@id":"https:\/\/www.cuballama.com\/noticias\/#organization","name":"Cuballama","url":"https:\/\/www.cuballama.com\/noticias\/","logo":{"@type":"ImageObject","inLanguage":"es","@id":"https:\/\/www.cuballama.com\/noticias\/#\/schema\/logo\/image\/","url":"https:\/\/cdn1.mediawpaccore.net\/wp-content\/uploads\/2021\/12\/28171206\/cbll-logo-color-sm.png","contentUrl":"https:\/\/cdn1.mediawpaccore.net\/wp-content\/uploads\/2021\/12\/28171206\/cbll-logo-color-sm.png","width":600,"height":133,"caption":"Cuballama"},"image":{"@id":"https:\/\/www.cuballama.com\/noticias\/#\/schema\/logo\/image\/"},"sameAs":["https:\/\/www.facebook.com\/CubaLlama","https:\/\/x.com\/cuballama","https:\/\/www.instagram.com\/stories\/cuballama_oficial\/","https:\/\/www.youtube.com\/channel\/UCKkFE-d_axENGZcrc4as0IA"]},{"@type":"Person","@id":"https:\/\/www.cuballama.com\/noticias\/#\/schema\/person\/a58502ed4146c8e9f83872e897c76cd2","name":"Roberto A.","description":"Roberto A. Periodista por decisi\u00f3n propia. Interesado en cualquier tema que me apasione y cada vez m\u00e1s comprometido con la verdad y la objetividad period\u00edstica. Graduado en La Habana hace ya muchos a\u00f1os, luego de una accidentada y polvorienta b\u00fasqueda de informaci\u00f3n sobre un tema in\u00e9dito. La Tesis, por cierto, desapareci\u00f3 de la biblioteca y no se conservan copias de la misma.","url":"https:\/\/www.cuballama.com\/noticias\/author\/roberto\/"}]}},"_links":{"self":[{"href":"https:\/\/www.cuballama.com\/noticias\/wp-json\/wp\/v2\/posts\/231872","targetHints":{"allow":["GET"]}}],"collection":[{"href":"https:\/\/www.cuballama.com\/noticias\/wp-json\/wp\/v2\/posts"}],"about":[{"href":"https:\/\/www.cuballama.com\/noticias\/wp-json\/wp\/v2\/types\/post"}],"author":[{"embeddable":true,"href":"https:\/\/www.cuballama.com\/noticias\/wp-json\/wp\/v2\/users\/13"}],"replies":[{"embeddable":true,"href":"https:\/\/www.cuballama.com\/noticias\/wp-json\/wp\/v2\/comments?post=231872"}],"version-history":[{"count":6,"href":"https:\/\/www.cuballama.com\/noticias\/wp-json\/wp\/v2\/posts\/231872\/revisions"}],"predecessor-version":[{"id":231884,"href":"https:\/\/www.cuballama.com\/noticias\/wp-json\/wp\/v2\/posts\/231872\/revisions\/231884"}],"wp:featuredmedia":[{"embeddable":true,"href":"https:\/\/www.cuballama.com\/noticias\/wp-json\/wp\/v2\/media\/231876"}],"wp:attachment":[{"href":"https:\/\/www.cuballama.com\/noticias\/wp-json\/wp\/v2\/media?parent=231872"}],"wp:term":[{"taxonomy":"category","embeddable":true,"href":"https:\/\/www.cuballama.com\/noticias\/wp-json\/wp\/v2\/categories?post=231872"},{"taxonomy":"post_tag","embeddable":true,"href":"https:\/\/www.cuballama.com\/noticias\/wp-json\/wp\/v2\/tags?post=231872"}],"curies":[{"name":"wp","href":"https:\/\/api.w.org\/{rel}","templated":true}]}}