{"id":231870,"date":"2026-01-14T14:32:46","date_gmt":"2026-01-14T19:32:46","guid":{"rendered":"https:\/\/www.cuballama.com\/noticias\/?p=231870"},"modified":"2026-01-14T14:32:49","modified_gmt":"2026-01-14T19:32:49","slug":"joven-cubana-pregunta-en-redes-marco-rubio-o-diaz-canel-y-es-citada-por-seguridad-del-estado","status":"publish","type":"post","link":"https:\/\/www.cuballama.com\/noticias\/joven-cubana-pregunta-en-redes-marco-rubio-o-diaz-canel-y-es-citada-por-seguridad-del-estado\/","title":{"rendered":"Joven cubana pregunta en redes: \u00bfMarco Rubio o D\u00edaz-Canel?, y es citada por Seguridad del Estado"},"content":{"rendered":"\n<h2 class=\"wp-block-heading\">El puesto a dedo sali\u00f3 no mal parado&#8230; \u00a1apabullado! La gente en Cuba sencillamente, NO LO QUIERE<\/h2>\n\n\n\n<p>Una joven de Santiago de Cuba fue citada por la Seguridad del Estado despu\u00e9s de publicar en Facebook una encuesta que, en pocas horas, se convirti\u00f3 en un term\u00f3metro inc\u00f3modo para el gobierno. La historia comenz\u00f3 en un espacio cotidiano y ajeno a la pol\u00edtica formal: el grupo \u201cCompra y venta en Santiago de Cuba\u201d, donde la usuaria Selena Lambert Ortega, de 24 a\u00f1os, lanz\u00f3 un sondeo pidiendo a la gente escoger entre Marco Rubio y Miguel D\u00edaz-Canel como presidente del pa\u00eds. <\/p>\n\n\n\n<p>De acuerdo con CiberCuba, Lambert Ortega se identifica en redes como \u201cOjos Bellos Lambert\u201d y public\u00f3 la encuesta alrededor de las 11:00 p. m. del lunes. El mecanismo era simple: \u201cme gusta\u201d para Rubio y \u201cme encanta\u201d para D\u00edaz-Canel. En menos de 24 horas, el post se hizo viral, con decenas de miles de reacciones y miles de comentarios. Y con Marco Rubio como ganador por la cl\u00e1sica milla.<\/p>\n\n\n\n<p>La reacci\u00f3n institucional lleg\u00f3 r\u00e1pido. La denuncia la hizo el comunicador Yosmany Mayeta Labrada, quien afirm\u00f3 que la joven fue notificada para presentarse \u201cde inmediato\u201d en la 2da Unidad de la Polic\u00eda de Santiago de Cuba, conocida como \u201cEl Palacete\u201d, y que, mientras ocurr\u00eda el interrogatorio, familiares permanec\u00edan fuera del recinto sin informaci\u00f3n oficial sobre su situaci\u00f3n. De inmediato, activistas como Salom\u00e9 Garc\u00eda Bacallao la replicaron.<\/p>\n\n\n\n<iframe loading=\"lazy\" src=\"https:\/\/www.facebook.com\/plugins\/post.php?href=https%3A%2F%2Fwww.facebook.com%2Fsalome.garciabacallao%2Fposts%2Fpfbid02s43ZZqh1vKcusL4Lz938YJnFDNsN1oAR768tJEk5zmrX9jaLdnovNMkxKy7qy2bl&#038;show_text=true&#038;width=500\" width=\"500\" height=\"771\" style=\"border:none;overflow:hidden\" scrolling=\"no\" frameborder=\"0\" allowfullscreen=\"true\" allow=\"autoplay; clipboard-write; encrypted-media; picture-in-picture; web-share\"><\/iframe>\n\n\n\n<p>El episodio circul\u00f3 con fuerza en redes a partir de publicaciones y r\u00e9plicas del texto atribuido a Mayeta. En una versi\u00f3n del relato divulgada en Facebook, se vuelve a presentar el caso como una citaci\u00f3n \u201curgente\u201d y se insiste en que la encuesta, por su resultado, dej\u00f3 \u201cmuy por detr\u00e1s\u201d a D\u00edaz-Canel, interpret\u00e1ndolo como un motivo de irritaci\u00f3n para la polic\u00eda pol\u00edtica.<\/p>\n\n\n\n<p>Seg\u00fan Mayeta, \u201cel \u00fanico \u2018delito\u2019\u201d habr\u00eda sido \u201cpermitir que el pueblo hablara\u201d, y destac\u00f3 como una encuesta informal termin\u00f3 exponiendo una preferencia p\u00fablica masiva por un pol\u00edtico estadounidense frente al gobernante cubano. En esa misma l\u00ednea, el comunicador exige la \u201cinmediata liberaci\u00f3n\u201d de la joven y responsabiliza a la Seguridad del Estado por cualquier da\u00f1o que pudiera sufrir.<\/p>\n\n\n\n<p>Hasta ahora, lo que se conoce proviene de esas publicaciones de Mayeta que hablan sobre una citaci\u00f3n, el lugar del interrogatorio y la viralidad de la encuesta. No se reporta una versi\u00f3n oficial de las autoridades sobre el motivo legal concreto de la citaci\u00f3n ni el resultado del interrogatorio en el momento descrito. Ahora seguramente le har\u00e1n entender \u00abpor las buenas\u00bb, o sencillamente por las malas, que para conocer la opini\u00f3n del pueblo est\u00e1n ellos, porque eso a ella no le interesa.<\/p>\n\n\n\n<p><\/p>\n","protected":false},"excerpt":{"rendered":"<p>Selena Lambert Ortega, de Santiago de Cuba, fue citada tras publicar una encuesta viral en Facebook que comparaba a Marco Rubio y D\u00edaz-Canel. La denuncia divulgada en redes y reportada por CiberCuba se\u00f1ala un interrogatorio en \u201cEl Palacete\u201d y familiares sin informaci\u00f3n oficial.<\/p>\n","protected":false},"author":13,"featured_media":231908,"comment_status":"open","ping_status":"closed","sticky":false,"template":"","format":"standard","meta":{"_acf_changed":false,"footnotes":""},"categories":[18,955],"tags":[11,5215,253,8081,1212,4747,160,8130,30017],"class_list":{"0":"post-231870","1":"post","2":"type-post","3":"status-publish","4":"format-standard","5":"has-post-thumbnail","7":"category-noticias","8":"category-noticias-de-cuba","9":"tag-cuba","10":"tag-diaz-canel","11":"tag-facebook","12":"tag-libertad-de-expresion","13":"tag-marco-rubio","14":"tag-represion","15":"tag-santiago-de-cuba","16":"tag-seguridad-del-estado","17":"tag-selena-lambert-ortega"},"acf":[],"yoast_head":"<!-- This site is optimized with the Yoast SEO plugin v27.5 - https:\/\/yoast.com\/product\/yoast-seo-wordpress\/ -->\n<title>Joven cubana pregunta en redes: \u00bfMarco Rubio o D\u00edaz-Canel?, y es citada por Seguridad del Estado - Cuballama Noticias<\/title>\n<meta name=\"description\" content=\"Joven cubana es citada por Seguridad del Estado tras encuesta viral que compar\u00f3 a Rubio con D\u00edaz-Canel y desat\u00f3 debate en Cuba\" \/>\n<meta name=\"robots\" content=\"index, follow, max-snippet:-1, max-image-preview:large, max-video-preview:-1\" \/>\n<link rel=\"canonical\" href=\"https:\/\/www.cuballama.com\/noticias\/joven-cubana-pregunta-en-redes-marco-rubio-o-diaz-canel-y-es-citada-por-seguridad-del-estado\/\" \/>\n<meta property=\"og:locale\" content=\"es_ES\" \/>\n<meta property=\"og:type\" content=\"article\" \/>\n<meta property=\"og:title\" content=\"Joven cubana pregunta en redes: \u00bfMarco Rubio o D\u00edaz-Canel?, y es citada por Seguridad del Estado - Cuballama Noticias\" \/>\n<meta property=\"og:description\" content=\"Joven cubana es citada por Seguridad del Estado tras encuesta viral que compar\u00f3 a Rubio con D\u00edaz-Canel y desat\u00f3 debate en Cuba\" \/>\n<meta property=\"og:url\" content=\"https:\/\/www.cuballama.com\/noticias\/joven-cubana-pregunta-en-redes-marco-rubio-o-diaz-canel-y-es-citada-por-seguridad-del-estado\/\" \/>\n<meta property=\"og:site_name\" content=\"Cuballama Noticias\" \/>\n<meta property=\"article:publisher\" content=\"https:\/\/www.facebook.com\/CubaLlama\" \/>\n<meta property=\"article:published_time\" content=\"2026-01-14T19:32:46+00:00\" \/>\n<meta property=\"article:modified_time\" content=\"2026-01-14T19:32:49+00:00\" \/>\n<meta property=\"og:image\" content=\"https:\/\/cdn1.mediawpaccore.net\/wp-content\/uploads\/2026\/01\/14061631\/image-61.png\" \/>\n\t<meta property=\"og:image:width\" content=\"1978\" \/>\n\t<meta property=\"og:image:height\" content=\"1032\" \/>\n\t<meta property=\"og:image:type\" content=\"image\/png\" \/>\n<meta name=\"author\" content=\"Roberto A.\" \/>\n<meta name=\"twitter:card\" content=\"summary_large_image\" \/>\n<meta name=\"twitter:creator\" content=\"@cuballama\" \/>\n<meta name=\"twitter:site\" content=\"@cuballama\" \/>\n<meta name=\"twitter:label1\" content=\"Escrito por\" \/>\n\t<meta name=\"twitter:data1\" content=\"Roberto A.\" \/>\n\t<meta name=\"twitter:label2\" content=\"Tiempo de lectura\" \/>\n\t<meta name=\"twitter:data2\" content=\"3 minutos\" \/>\n<script type=\"application\/ld+json\" class=\"yoast-schema-graph\">{\"@context\":\"https:\\\/\\\/schema.org\",\"@graph\":[{\"@type\":\"Article\",\"@id\":\"https:\\\/\\\/www.cuballama.com\\\/noticias\\\/joven-cubana-pregunta-en-redes-marco-rubio-o-diaz-canel-y-es-citada-por-seguridad-del-estado\\\/#article\",\"isPartOf\":{\"@id\":\"https:\\\/\\\/www.cuballama.com\\\/noticias\\\/joven-cubana-pregunta-en-redes-marco-rubio-o-diaz-canel-y-es-citada-por-seguridad-del-estado\\\/\"},\"author\":{\"name\":\"Roberto A.\",\"@id\":\"https:\\\/\\\/www.cuballama.com\\\/noticias\\\/#\\\/schema\\\/person\\\/a58502ed4146c8e9f83872e897c76cd2\"},\"headline\":\"Joven cubana pregunta en redes: \u00bfMarco Rubio o D\u00edaz-Canel?, y es citada por Seguridad del Estado\",\"datePublished\":\"2026-01-14T19:32:46+00:00\",\"dateModified\":\"2026-01-14T19:32:49+00:00\",\"mainEntityOfPage\":{\"@id\":\"https:\\\/\\\/www.cuballama.com\\\/noticias\\\/joven-cubana-pregunta-en-redes-marco-rubio-o-diaz-canel-y-es-citada-por-seguridad-del-estado\\\/\"},\"wordCount\":489,\"commentCount\":0,\"publisher\":{\"@id\":\"https:\\\/\\\/www.cuballama.com\\\/noticias\\\/#organization\"},\"image\":{\"@id\":\"https:\\\/\\\/www.cuballama.com\\\/noticias\\\/joven-cubana-pregunta-en-redes-marco-rubio-o-diaz-canel-y-es-citada-por-seguridad-del-estado\\\/#primaryimage\"},\"thumbnailUrl\":\"https:\\\/\\\/cdn1.mediawpaccore.net\\\/wp-content\\\/uploads\\\/2026\\\/01\\\/14061631\\\/image-61.png\",\"keywords\":[\"Cuba\",\"D\u00edaz-Canel\",\"Facebook\",\"Libertad de Expresi\u00f3n\",\"Marco Rubio\",\"represi\u00f3n\",\"Santiago de Cuba\",\"Seguridad del estado\",\"Selena Lambert Ortega\"],\"articleSection\":[\"Noticias\",\"Noticias de Cuba\"],\"inLanguage\":\"es\",\"potentialAction\":[{\"@type\":\"CommentAction\",\"name\":\"Comment\",\"target\":[\"https:\\\/\\\/www.cuballama.com\\\/noticias\\\/joven-cubana-pregunta-en-redes-marco-rubio-o-diaz-canel-y-es-citada-por-seguridad-del-estado\\\/#respond\"]}]},{\"@type\":\"WebPage\",\"@id\":\"https:\\\/\\\/www.cuballama.com\\\/noticias\\\/joven-cubana-pregunta-en-redes-marco-rubio-o-diaz-canel-y-es-citada-por-seguridad-del-estado\\\/\",\"url\":\"https:\\\/\\\/www.cuballama.com\\\/noticias\\\/joven-cubana-pregunta-en-redes-marco-rubio-o-diaz-canel-y-es-citada-por-seguridad-del-estado\\\/\",\"name\":\"Joven cubana pregunta en redes: \u00bfMarco Rubio o D\u00edaz-Canel?, y es citada por Seguridad del Estado - Cuballama Noticias\",\"isPartOf\":{\"@id\":\"https:\\\/\\\/www.cuballama.com\\\/noticias\\\/#website\"},\"primaryImageOfPage\":{\"@id\":\"https:\\\/\\\/www.cuballama.com\\\/noticias\\\/joven-cubana-pregunta-en-redes-marco-rubio-o-diaz-canel-y-es-citada-por-seguridad-del-estado\\\/#primaryimage\"},\"image\":{\"@id\":\"https:\\\/\\\/www.cuballama.com\\\/noticias\\\/joven-cubana-pregunta-en-redes-marco-rubio-o-diaz-canel-y-es-citada-por-seguridad-del-estado\\\/#primaryimage\"},\"thumbnailUrl\":\"https:\\\/\\\/cdn1.mediawpaccore.net\\\/wp-content\\\/uploads\\\/2026\\\/01\\\/14061631\\\/image-61.png\",\"datePublished\":\"2026-01-14T19:32:46+00:00\",\"dateModified\":\"2026-01-14T19:32:49+00:00\",\"description\":\"Joven cubana es citada por Seguridad del Estado tras encuesta viral que compar\u00f3 a Rubio con D\u00edaz-Canel y desat\u00f3 debate en Cuba\",\"breadcrumb\":{\"@id\":\"https:\\\/\\\/www.cuballama.com\\\/noticias\\\/joven-cubana-pregunta-en-redes-marco-rubio-o-diaz-canel-y-es-citada-por-seguridad-del-estado\\\/#breadcrumb\"},\"inLanguage\":\"es\",\"potentialAction\":[{\"@type\":\"ReadAction\",\"target\":[\"https:\\\/\\\/www.cuballama.com\\\/noticias\\\/joven-cubana-pregunta-en-redes-marco-rubio-o-diaz-canel-y-es-citada-por-seguridad-del-estado\\\/\"]}]},{\"@type\":\"ImageObject\",\"inLanguage\":\"es\",\"@id\":\"https:\\\/\\\/www.cuballama.com\\\/noticias\\\/joven-cubana-pregunta-en-redes-marco-rubio-o-diaz-canel-y-es-citada-por-seguridad-del-estado\\\/#primaryimage\",\"url\":\"https:\\\/\\\/cdn1.mediawpaccore.net\\\/wp-content\\\/uploads\\\/2026\\\/01\\\/14061631\\\/image-61.png\",\"contentUrl\":\"https:\\\/\\\/cdn1.mediawpaccore.net\\\/wp-content\\\/uploads\\\/2026\\\/01\\\/14061631\\\/image-61.png\",\"width\":1978,\"height\":1032,\"caption\":\"La encuesta dej\u00f3 muy mal parada al llamado \\\"Puesto a Dedo\\\" y la chica termin\u00f3 detenida. Foto: Collage v\u00eda Yosvany Mayeta Labrada.\"},{\"@type\":\"BreadcrumbList\",\"@id\":\"https:\\\/\\\/www.cuballama.com\\\/noticias\\\/joven-cubana-pregunta-en-redes-marco-rubio-o-diaz-canel-y-es-citada-por-seguridad-del-estado\\\/#breadcrumb\",\"itemListElement\":[{\"@type\":\"ListItem\",\"position\":1,\"name\":\"Home\",\"item\":\"https:\\\/\\\/www.cuballama.com\\\/noticias\\\/\"},{\"@type\":\"ListItem\",\"position\":2,\"name\":\"Joven cubana pregunta en redes: \u00bfMarco Rubio o D\u00edaz-Canel?, y es citada por Seguridad del Estado\"}]},{\"@type\":\"WebSite\",\"@id\":\"https:\\\/\\\/www.cuballama.com\\\/noticias\\\/#website\",\"url\":\"https:\\\/\\\/www.cuballama.com\\\/noticias\\\/\",\"name\":\"Cuballama Noticias\",\"description\":\"Medio digital sobre Cuba y el mundo\",\"publisher\":{\"@id\":\"https:\\\/\\\/www.cuballama.com\\\/noticias\\\/#organization\"},\"potentialAction\":[{\"@type\":\"SearchAction\",\"target\":{\"@type\":\"EntryPoint\",\"urlTemplate\":\"https:\\\/\\\/www.cuballama.com\\\/noticias\\\/?s={search_term_string}\"},\"query-input\":{\"@type\":\"PropertyValueSpecification\",\"valueRequired\":true,\"valueName\":\"search_term_string\"}}],\"inLanguage\":\"es\"},{\"@type\":\"Organization\",\"@id\":\"https:\\\/\\\/www.cuballama.com\\\/noticias\\\/#organization\",\"name\":\"Cuballama\",\"url\":\"https:\\\/\\\/www.cuballama.com\\\/noticias\\\/\",\"logo\":{\"@type\":\"ImageObject\",\"inLanguage\":\"es\",\"@id\":\"https:\\\/\\\/www.cuballama.com\\\/noticias\\\/#\\\/schema\\\/logo\\\/image\\\/\",\"url\":\"https:\\\/\\\/cdn1.mediawpaccore.net\\\/wp-content\\\/uploads\\\/2021\\\/12\\\/28171206\\\/cbll-logo-color-sm.png\",\"contentUrl\":\"https:\\\/\\\/cdn1.mediawpaccore.net\\\/wp-content\\\/uploads\\\/2021\\\/12\\\/28171206\\\/cbll-logo-color-sm.png\",\"width\":600,\"height\":133,\"caption\":\"Cuballama\"},\"image\":{\"@id\":\"https:\\\/\\\/www.cuballama.com\\\/noticias\\\/#\\\/schema\\\/logo\\\/image\\\/\"},\"sameAs\":[\"https:\\\/\\\/www.facebook.com\\\/CubaLlama\",\"https:\\\/\\\/x.com\\\/cuballama\",\"https:\\\/\\\/www.instagram.com\\\/stories\\\/cuballama_oficial\\\/\",\"https:\\\/\\\/www.youtube.com\\\/channel\\\/UCKkFE-d_axENGZcrc4as0IA\"]},{\"@type\":\"Person\",\"@id\":\"https:\\\/\\\/www.cuballama.com\\\/noticias\\\/#\\\/schema\\\/person\\\/a58502ed4146c8e9f83872e897c76cd2\",\"name\":\"Roberto A.\",\"description\":\"Roberto A. Periodista por decisi\u00f3n propia. Interesado en cualquier tema que me apasione y cada vez m\u00e1s comprometido con la verdad y la objetividad period\u00edstica. Graduado en La Habana hace ya muchos a\u00f1os, luego de una accidentada y polvorienta b\u00fasqueda de informaci\u00f3n sobre un tema in\u00e9dito. La Tesis, por cierto, desapareci\u00f3 de la biblioteca y no se conservan copias de la misma.\",\"url\":\"https:\\\/\\\/www.cuballama.com\\\/noticias\\\/author\\\/roberto\\\/\"}]}<\/script>\n<!-- \/ Yoast SEO plugin. -->","yoast_head_json":{"title":"Joven cubana pregunta en redes: \u00bfMarco Rubio o D\u00edaz-Canel?, y es citada por Seguridad del Estado - Cuballama Noticias","description":"Joven cubana es citada por Seguridad del Estado tras encuesta viral que compar\u00f3 a Rubio con D\u00edaz-Canel y desat\u00f3 debate en Cuba","robots":{"index":"index","follow":"follow","max-snippet":"max-snippet:-1","max-image-preview":"max-image-preview:large","max-video-preview":"max-video-preview:-1"},"canonical":"https:\/\/www.cuballama.com\/noticias\/joven-cubana-pregunta-en-redes-marco-rubio-o-diaz-canel-y-es-citada-por-seguridad-del-estado\/","og_locale":"es_ES","og_type":"article","og_title":"Joven cubana pregunta en redes: \u00bfMarco Rubio o D\u00edaz-Canel?, y es citada por Seguridad del Estado - Cuballama Noticias","og_description":"Joven cubana es citada por Seguridad del Estado tras encuesta viral que compar\u00f3 a Rubio con D\u00edaz-Canel y desat\u00f3 debate en Cuba","og_url":"https:\/\/www.cuballama.com\/noticias\/joven-cubana-pregunta-en-redes-marco-rubio-o-diaz-canel-y-es-citada-por-seguridad-del-estado\/","og_site_name":"Cuballama Noticias","article_publisher":"https:\/\/www.facebook.com\/CubaLlama","article_published_time":"2026-01-14T19:32:46+00:00","article_modified_time":"2026-01-14T19:32:49+00:00","og_image":[{"width":1978,"height":1032,"url":"https:\/\/cdn1.mediawpaccore.net\/wp-content\/uploads\/2026\/01\/14061631\/image-61.png","type":"image\/png"}],"author":"Roberto A.","twitter_card":"summary_large_image","twitter_creator":"@cuballama","twitter_site":"@cuballama","twitter_misc":{"Escrito por":"Roberto A.","Tiempo de lectura":"3 minutos"},"schema":{"@context":"https:\/\/schema.org","@graph":[{"@type":"Article","@id":"https:\/\/www.cuballama.com\/noticias\/joven-cubana-pregunta-en-redes-marco-rubio-o-diaz-canel-y-es-citada-por-seguridad-del-estado\/#article","isPartOf":{"@id":"https:\/\/www.cuballama.com\/noticias\/joven-cubana-pregunta-en-redes-marco-rubio-o-diaz-canel-y-es-citada-por-seguridad-del-estado\/"},"author":{"name":"Roberto A.","@id":"https:\/\/www.cuballama.com\/noticias\/#\/schema\/person\/a58502ed4146c8e9f83872e897c76cd2"},"headline":"Joven cubana pregunta en redes: \u00bfMarco Rubio o D\u00edaz-Canel?, y es citada por Seguridad del Estado","datePublished":"2026-01-14T19:32:46+00:00","dateModified":"2026-01-14T19:32:49+00:00","mainEntityOfPage":{"@id":"https:\/\/www.cuballama.com\/noticias\/joven-cubana-pregunta-en-redes-marco-rubio-o-diaz-canel-y-es-citada-por-seguridad-del-estado\/"},"wordCount":489,"commentCount":0,"publisher":{"@id":"https:\/\/www.cuballama.com\/noticias\/#organization"},"image":{"@id":"https:\/\/www.cuballama.com\/noticias\/joven-cubana-pregunta-en-redes-marco-rubio-o-diaz-canel-y-es-citada-por-seguridad-del-estado\/#primaryimage"},"thumbnailUrl":"https:\/\/cdn1.mediawpaccore.net\/wp-content\/uploads\/2026\/01\/14061631\/image-61.png","keywords":["Cuba","D\u00edaz-Canel","Facebook","Libertad de Expresi\u00f3n","Marco Rubio","represi\u00f3n","Santiago de Cuba","Seguridad del estado","Selena Lambert Ortega"],"articleSection":["Noticias","Noticias de Cuba"],"inLanguage":"es","potentialAction":[{"@type":"CommentAction","name":"Comment","target":["https:\/\/www.cuballama.com\/noticias\/joven-cubana-pregunta-en-redes-marco-rubio-o-diaz-canel-y-es-citada-por-seguridad-del-estado\/#respond"]}]},{"@type":"WebPage","@id":"https:\/\/www.cuballama.com\/noticias\/joven-cubana-pregunta-en-redes-marco-rubio-o-diaz-canel-y-es-citada-por-seguridad-del-estado\/","url":"https:\/\/www.cuballama.com\/noticias\/joven-cubana-pregunta-en-redes-marco-rubio-o-diaz-canel-y-es-citada-por-seguridad-del-estado\/","name":"Joven cubana pregunta en redes: \u00bfMarco Rubio o D\u00edaz-Canel?, y es citada por Seguridad del Estado - Cuballama Noticias","isPartOf":{"@id":"https:\/\/www.cuballama.com\/noticias\/#website"},"primaryImageOfPage":{"@id":"https:\/\/www.cuballama.com\/noticias\/joven-cubana-pregunta-en-redes-marco-rubio-o-diaz-canel-y-es-citada-por-seguridad-del-estado\/#primaryimage"},"image":{"@id":"https:\/\/www.cuballama.com\/noticias\/joven-cubana-pregunta-en-redes-marco-rubio-o-diaz-canel-y-es-citada-por-seguridad-del-estado\/#primaryimage"},"thumbnailUrl":"https:\/\/cdn1.mediawpaccore.net\/wp-content\/uploads\/2026\/01\/14061631\/image-61.png","datePublished":"2026-01-14T19:32:46+00:00","dateModified":"2026-01-14T19:32:49+00:00","description":"Joven cubana es citada por Seguridad del Estado tras encuesta viral que compar\u00f3 a Rubio con D\u00edaz-Canel y desat\u00f3 debate en Cuba","breadcrumb":{"@id":"https:\/\/www.cuballama.com\/noticias\/joven-cubana-pregunta-en-redes-marco-rubio-o-diaz-canel-y-es-citada-por-seguridad-del-estado\/#breadcrumb"},"inLanguage":"es","potentialAction":[{"@type":"ReadAction","target":["https:\/\/www.cuballama.com\/noticias\/joven-cubana-pregunta-en-redes-marco-rubio-o-diaz-canel-y-es-citada-por-seguridad-del-estado\/"]}]},{"@type":"ImageObject","inLanguage":"es","@id":"https:\/\/www.cuballama.com\/noticias\/joven-cubana-pregunta-en-redes-marco-rubio-o-diaz-canel-y-es-citada-por-seguridad-del-estado\/#primaryimage","url":"https:\/\/cdn1.mediawpaccore.net\/wp-content\/uploads\/2026\/01\/14061631\/image-61.png","contentUrl":"https:\/\/cdn1.mediawpaccore.net\/wp-content\/uploads\/2026\/01\/14061631\/image-61.png","width":1978,"height":1032,"caption":"La encuesta dej\u00f3 muy mal parada al llamado \"Puesto a Dedo\" y la chica termin\u00f3 detenida. Foto: Collage v\u00eda Yosvany Mayeta Labrada."},{"@type":"BreadcrumbList","@id":"https:\/\/www.cuballama.com\/noticias\/joven-cubana-pregunta-en-redes-marco-rubio-o-diaz-canel-y-es-citada-por-seguridad-del-estado\/#breadcrumb","itemListElement":[{"@type":"ListItem","position":1,"name":"Home","item":"https:\/\/www.cuballama.com\/noticias\/"},{"@type":"ListItem","position":2,"name":"Joven cubana pregunta en redes: \u00bfMarco Rubio o D\u00edaz-Canel?, y es citada por Seguridad del Estado"}]},{"@type":"WebSite","@id":"https:\/\/www.cuballama.com\/noticias\/#website","url":"https:\/\/www.cuballama.com\/noticias\/","name":"Cuballama Noticias","description":"Medio digital sobre Cuba y el mundo","publisher":{"@id":"https:\/\/www.cuballama.com\/noticias\/#organization"},"potentialAction":[{"@type":"SearchAction","target":{"@type":"EntryPoint","urlTemplate":"https:\/\/www.cuballama.com\/noticias\/?s={search_term_string}"},"query-input":{"@type":"PropertyValueSpecification","valueRequired":true,"valueName":"search_term_string"}}],"inLanguage":"es"},{"@type":"Organization","@id":"https:\/\/www.cuballama.com\/noticias\/#organization","name":"Cuballama","url":"https:\/\/www.cuballama.com\/noticias\/","logo":{"@type":"ImageObject","inLanguage":"es","@id":"https:\/\/www.cuballama.com\/noticias\/#\/schema\/logo\/image\/","url":"https:\/\/cdn1.mediawpaccore.net\/wp-content\/uploads\/2021\/12\/28171206\/cbll-logo-color-sm.png","contentUrl":"https:\/\/cdn1.mediawpaccore.net\/wp-content\/uploads\/2021\/12\/28171206\/cbll-logo-color-sm.png","width":600,"height":133,"caption":"Cuballama"},"image":{"@id":"https:\/\/www.cuballama.com\/noticias\/#\/schema\/logo\/image\/"},"sameAs":["https:\/\/www.facebook.com\/CubaLlama","https:\/\/x.com\/cuballama","https:\/\/www.instagram.com\/stories\/cuballama_oficial\/","https:\/\/www.youtube.com\/channel\/UCKkFE-d_axENGZcrc4as0IA"]},{"@type":"Person","@id":"https:\/\/www.cuballama.com\/noticias\/#\/schema\/person\/a58502ed4146c8e9f83872e897c76cd2","name":"Roberto A.","description":"Roberto A. Periodista por decisi\u00f3n propia. Interesado en cualquier tema que me apasione y cada vez m\u00e1s comprometido con la verdad y la objetividad period\u00edstica. Graduado en La Habana hace ya muchos a\u00f1os, luego de una accidentada y polvorienta b\u00fasqueda de informaci\u00f3n sobre un tema in\u00e9dito. La Tesis, por cierto, desapareci\u00f3 de la biblioteca y no se conservan copias de la misma.","url":"https:\/\/www.cuballama.com\/noticias\/author\/roberto\/"}]}},"_links":{"self":[{"href":"https:\/\/www.cuballama.com\/noticias\/wp-json\/wp\/v2\/posts\/231870","targetHints":{"allow":["GET"]}}],"collection":[{"href":"https:\/\/www.cuballama.com\/noticias\/wp-json\/wp\/v2\/posts"}],"about":[{"href":"https:\/\/www.cuballama.com\/noticias\/wp-json\/wp\/v2\/types\/post"}],"author":[{"embeddable":true,"href":"https:\/\/www.cuballama.com\/noticias\/wp-json\/wp\/v2\/users\/13"}],"replies":[{"embeddable":true,"href":"https:\/\/www.cuballama.com\/noticias\/wp-json\/wp\/v2\/comments?post=231870"}],"version-history":[{"count":7,"href":"https:\/\/www.cuballama.com\/noticias\/wp-json\/wp\/v2\/posts\/231870\/revisions"}],"predecessor-version":[{"id":231911,"href":"https:\/\/www.cuballama.com\/noticias\/wp-json\/wp\/v2\/posts\/231870\/revisions\/231911"}],"wp:featuredmedia":[{"embeddable":true,"href":"https:\/\/www.cuballama.com\/noticias\/wp-json\/wp\/v2\/media\/231908"}],"wp:attachment":[{"href":"https:\/\/www.cuballama.com\/noticias\/wp-json\/wp\/v2\/media?parent=231870"}],"wp:term":[{"taxonomy":"category","embeddable":true,"href":"https:\/\/www.cuballama.com\/noticias\/wp-json\/wp\/v2\/categories?post=231870"},{"taxonomy":"post_tag","embeddable":true,"href":"https:\/\/www.cuballama.com\/noticias\/wp-json\/wp\/v2\/tags?post=231870"}],"curies":[{"name":"wp","href":"https:\/\/api.w.org\/{rel}","templated":true}]}}