{"id":231852,"date":"2026-01-13T16:05:22","date_gmt":"2026-01-13T21:05:22","guid":{"rendered":"https:\/\/www.cuballama.com\/noticias\/?p=231852"},"modified":"2026-01-13T16:05:24","modified_gmt":"2026-01-13T21:05:24","slug":"daniela-reyes-responde-a-criticas-por-esconder-a-su-nueva-pareja-privado-no-es-secreto","status":"publish","type":"post","link":"https:\/\/www.cuballama.com\/noticias\/daniela-reyes-responde-a-criticas-por-esconder-a-su-nueva-pareja-privado-no-es-secreto\/","title":{"rendered":"Daniela Reyes responde a cr\u00edticas por \u201cesconder\u201d a su nueva pareja: \u201cPrivado no es secreto\u201d"},"content":{"rendered":"\n<p>La influencer y modelo cubana <strong>Daniela Reyes<\/strong> decidi\u00f3 ponerle freno, con elegancia, pero con claridad, a la cantaleta que le viene cayendo en redes por supuestamente \u201cocultar\u201d a su nueva pareja.&nbsp;<\/p>\n\n\n\n<p>En las \u00faltimas horas, desde sus historias de Instagram, respondi\u00f3 a quienes la acusan de vivir el romance \u201ca escondidas\u201d y explic\u00f3 por qu\u00e9 prefiere manejar esa parte de su vida con m\u00e1s discreci\u00f3n, incluso cuando los curiosos ya andan buscando hasta reflejos.<\/p>\n\n\n\n<p>La chispa que encendi\u00f3 el tema fue un comentario que le dejaron sin anestesia: \u201cDaniela, \u00bfpor qu\u00e9 te empe\u00f1as en esconder a ese pobre muchacho? Ni siquiera grabaste bien la zona de los espejos para que no se vieran reflejos. Qu\u00e9 triste vivir as\u00ed la verdad. Disfruten a sus parejas, sean libres de exponer a sus novios sin necesidad de hacer todo un espect\u00e1culo de lo que ya sabemos y es obvio\u201d, escribi\u00f3 un internauta.<\/p>\n\n\n\n<figure class=\"wp-block-image size-full\"><img loading=\"lazy\" decoding=\"async\" width=\"579\" height=\"1024\" src=\"https:\/\/cdn1.mediawpaccore.net\/wp-content\/uploads\/2026\/01\/13160147\/captura_de_pantalla_2026-01-12_a_las_6.30.15_p.m.png\" alt=\"\" class=\"wp-image-231858\" srcset=\"https:\/\/cdn1.mediawpaccore.net\/wp-content\/uploads\/2026\/01\/13160147\/captura_de_pantalla_2026-01-12_a_las_6.30.15_p.m.png 579w, https:\/\/cdn1.mediawpaccore.net\/wp-content\/uploads\/2026\/01\/13160147\/captura_de_pantalla_2026-01-12_a_las_6.30.15_p.m-170x300.png 170w, https:\/\/cdn1.mediawpaccore.net\/wp-content\/uploads\/2026\/01\/13160147\/captura_de_pantalla_2026-01-12_a_las_6.30.15_p.m-237x420.png 237w, https:\/\/cdn1.mediawpaccore.net\/wp-content\/uploads\/2026\/01\/13160147\/captura_de_pantalla_2026-01-12_a_las_6.30.15_p.m-150x265.png 150w, https:\/\/cdn1.mediawpaccore.net\/wp-content\/uploads\/2026\/01\/13160147\/captura_de_pantalla_2026-01-12_a_las_6.30.15_p.m-300x531.png 300w\" sizes=\"auto, (max-width: 579px) 100vw, 579px\" \/><figcaption class=\"wp-element-caption\">Captura de pantalla historia de Instagram de Daniela Reyes<\/figcaption><\/figure>\n\n\n\n<p>Ante la oleada, Daniela no se hizo la loca. Primero solt\u00f3 una reacci\u00f3n breve, como quien no puede creer el nivel de fiscalizaci\u00f3n: \u201cMuchos mensajes privados y comentarios sobre mi vida, sobre si me escondo o no, o sobre si soy libre\u2026\u201d, public\u00f3, acompa\u00f1ando la idea con emojis que dejaban claro el desconcierto.<\/p>\n\n\n\n<p>Despu\u00e9s, fue m\u00e1s directa y se tom\u00f3 el tiempo de explicar su filosof\u00eda: \u201cLa libertad es muy subjetiva, cada quien es libre a su manera. No todo lo que se vive \u2018tiene que publicarse para ser real\u2019. No me escondo, soy prudente y no apresuro las cosas por m\u00ed misma\u201d.<\/p>\n\n\n\n<p>La influencer tambi\u00e9n dej\u00f3 otra puntualizaci\u00f3n para el manual de redes: la discreci\u00f3n no es sin\u00f3nimo de misterio, sino de l\u00edmites. \u201cPrivado no es secreto. Es respeto por mis procesos. Llevo a\u00f1os compartiendo mi vida aqu\u00ed, y aun as\u00ed siempre ha existido una parte privada. No por miedo ni por verg\u00fcenza, sino por elecci\u00f3n\u201d.<\/p>\n\n\n\n<figure class=\"wp-block-image size-full\"><img loading=\"lazy\" decoding=\"async\" width=\"579\" height=\"1024\" src=\"https:\/\/cdn1.mediawpaccore.net\/wp-content\/uploads\/2026\/01\/13160224\/captura_de_pantalla_2026-01-12_a_las_6.29.48_p.m.png\" alt=\"\" class=\"wp-image-231859\" srcset=\"https:\/\/cdn1.mediawpaccore.net\/wp-content\/uploads\/2026\/01\/13160224\/captura_de_pantalla_2026-01-12_a_las_6.29.48_p.m.png 579w, https:\/\/cdn1.mediawpaccore.net\/wp-content\/uploads\/2026\/01\/13160224\/captura_de_pantalla_2026-01-12_a_las_6.29.48_p.m-170x300.png 170w, https:\/\/cdn1.mediawpaccore.net\/wp-content\/uploads\/2026\/01\/13160224\/captura_de_pantalla_2026-01-12_a_las_6.29.48_p.m-237x420.png 237w, https:\/\/cdn1.mediawpaccore.net\/wp-content\/uploads\/2026\/01\/13160224\/captura_de_pantalla_2026-01-12_a_las_6.29.48_p.m-150x265.png 150w, https:\/\/cdn1.mediawpaccore.net\/wp-content\/uploads\/2026\/01\/13160224\/captura_de_pantalla_2026-01-12_a_las_6.29.48_p.m-300x531.png 300w\" sizes=\"auto, (max-width: 579px) 100vw, 579px\" \/><figcaption class=\"wp-element-caption\">Captura de pantalla historia de Instagram de Daniela Reyes<\/figcaption><\/figure>\n\n\n\n<p>Y por si alguien segu\u00eda con el empuje de \u201cmuestra al novio\u201d, Daniela cerr\u00f3 con una l\u00ednea que no deja espacio para interpretaciones: \u201cSiempre decidir\u00e9 yo qu\u00e9 compartir, cu\u00e1ndo hacerlo y hasta d\u00f3nde llegar. No me gu\u00edo por lo que otros creen que \u2018deber\u00eda\u2019 hacer, sino por lo que me hace sentir en paz a m\u00ed\u201d.<\/p>\n\n\n\n<p>Sus palabras, como suele pasar cuando alguien pone l\u00edmites con calma, generaron respaldo entre muchos seguidores, que aplaudieron la madurez del mensaje y recordaron que no todo lo \u00edntimo tiene que convertirse en contenido.<\/p>\n\n\n\n<p>Eso s\u00ed: aunque Daniela no lo confirme, en redes ya lo tratan como <strong>secreto a voces<\/strong>. Muchos aseguran que su nueva pareja es <strong><a href=\"https:\/\/www.cuballama.com\/noticias\/quien-es-rafa-rodriguez-el-supuesto-novio-de-daniela-reyes\/\" target=\"_blank\" rel=\"noreferrer noopener\">Rafa Rodr\u00edguez<\/a><\/strong>, y el tema (por m\u00e1s prudencia que haya) sigue siendo comidilla digital.<\/p>\n","protected":false},"excerpt":{"rendered":"<p>Daniela Reyes respondi\u00f3 en Instagram a quienes la critican por \u201cesconder\u201d a su pareja. \u201cNo me escondo, soy prudente\u201d, dijo, y defendi\u00f3 su derecho a la privacidad.<\/p>\n","protected":false},"author":29,"featured_media":231857,"comment_status":"open","ping_status":"closed","sticky":false,"template":"","format":"standard","meta":{"_acf_changed":false,"footnotes":""},"categories":[443],"tags":[92,11050,8749,25259,14245],"class_list":{"0":"post-231852","1":"post","2":"type-post","3":"status-publish","4":"format-standard","5":"has-post-thumbnail","7":"category-farandula","8":"tag-cubanos","9":"tag-cubanos-en-miami","10":"tag-daniela-reyes","11":"tag-daniela-reyes-miami","12":"tag-influencer-cubana"},"acf":[],"yoast_head":"<!-- This site is optimized with the Yoast SEO plugin v27.4 - https:\/\/yoast.com\/product\/yoast-seo-wordpress\/ -->\n<title>Daniela Reyes responde a cr\u00edticas por \u201cesconder\u201d a su nueva pareja: \u201cPrivado no es secreto\u201d - Cuballama Noticias<\/title>\n<meta name=\"description\" content=\"Daniela Reyes respondi\u00f3 en Instagram a quienes la critican por \u201cesconder\u201d a su pareja. \u201cNo me escondo, soy prudente\u201d, dijo.\" \/>\n<meta name=\"robots\" content=\"index, follow, max-snippet:-1, max-image-preview:large, max-video-preview:-1\" \/>\n<link rel=\"canonical\" href=\"https:\/\/www.cuballama.com\/noticias\/daniela-reyes-responde-a-criticas-por-esconder-a-su-nueva-pareja-privado-no-es-secreto\/\" \/>\n<meta property=\"og:locale\" content=\"es_ES\" \/>\n<meta property=\"og:type\" content=\"article\" \/>\n<meta property=\"og:title\" content=\"Daniela Reyes responde a cr\u00edticas por \u201cesconder\u201d a su nueva pareja: \u201cPrivado no es secreto\u201d - Cuballama Noticias\" \/>\n<meta property=\"og:description\" content=\"Daniela Reyes respondi\u00f3 en Instagram a quienes la critican por \u201cesconder\u201d a su pareja. \u201cNo me escondo, soy prudente\u201d, dijo.\" \/>\n<meta property=\"og:url\" content=\"https:\/\/www.cuballama.com\/noticias\/daniela-reyes-responde-a-criticas-por-esconder-a-su-nueva-pareja-privado-no-es-secreto\/\" \/>\n<meta property=\"og:site_name\" content=\"Cuballama Noticias\" \/>\n<meta property=\"article:publisher\" content=\"https:\/\/www.facebook.com\/CubaLlama\" \/>\n<meta property=\"article:published_time\" content=\"2026-01-13T21:05:22+00:00\" \/>\n<meta property=\"article:modified_time\" content=\"2026-01-13T21:05:24+00:00\" \/>\n<meta property=\"og:image\" content=\"https:\/\/cdn1.mediawpaccore.net\/wp-content\/uploads\/2026\/01\/13160113\/Captura-de-pantalla-2026-01-13-a-las-22.00.56.png\" \/>\n\t<meta property=\"og:image:width\" content=\"738\" \/>\n\t<meta property=\"og:image:height\" content=\"406\" \/>\n\t<meta property=\"og:image:type\" content=\"image\/png\" \/>\n<meta name=\"author\" content=\"Sof\u00eda Reyes\" \/>\n<meta name=\"twitter:card\" content=\"summary_large_image\" \/>\n<meta name=\"twitter:creator\" content=\"@cuballama\" \/>\n<meta name=\"twitter:site\" content=\"@cuballama\" \/>\n<meta name=\"twitter:label1\" content=\"Escrito por\" \/>\n\t<meta name=\"twitter:data1\" content=\"Sof\u00eda Reyes\" \/>\n\t<meta name=\"twitter:label2\" content=\"Tiempo de lectura\" \/>\n\t<meta name=\"twitter:data2\" content=\"3 minutos\" \/>\n<script type=\"application\/ld+json\" class=\"yoast-schema-graph\">{\"@context\":\"https:\\\/\\\/schema.org\",\"@graph\":[{\"@type\":\"Article\",\"@id\":\"https:\\\/\\\/www.cuballama.com\\\/noticias\\\/daniela-reyes-responde-a-criticas-por-esconder-a-su-nueva-pareja-privado-no-es-secreto\\\/#article\",\"isPartOf\":{\"@id\":\"https:\\\/\\\/www.cuballama.com\\\/noticias\\\/daniela-reyes-responde-a-criticas-por-esconder-a-su-nueva-pareja-privado-no-es-secreto\\\/\"},\"author\":{\"name\":\"Sof\u00eda Reyes\",\"@id\":\"https:\\\/\\\/www.cuballama.com\\\/noticias\\\/#\\\/schema\\\/person\\\/5cba2b8cc25a3159e49fe730a94d512e\"},\"headline\":\"Daniela Reyes responde a cr\u00edticas por \u201cesconder\u201d a su nueva pareja: \u201cPrivado no es secreto\u201d\",\"datePublished\":\"2026-01-13T21:05:22+00:00\",\"dateModified\":\"2026-01-13T21:05:24+00:00\",\"mainEntityOfPage\":{\"@id\":\"https:\\\/\\\/www.cuballama.com\\\/noticias\\\/daniela-reyes-responde-a-criticas-por-esconder-a-su-nueva-pareja-privado-no-es-secreto\\\/\"},\"wordCount\":495,\"commentCount\":0,\"publisher\":{\"@id\":\"https:\\\/\\\/www.cuballama.com\\\/noticias\\\/#organization\"},\"image\":{\"@id\":\"https:\\\/\\\/www.cuballama.com\\\/noticias\\\/daniela-reyes-responde-a-criticas-por-esconder-a-su-nueva-pareja-privado-no-es-secreto\\\/#primaryimage\"},\"thumbnailUrl\":\"https:\\\/\\\/cdn1.mediawpaccore.net\\\/wp-content\\\/uploads\\\/2026\\\/01\\\/13160113\\\/Captura-de-pantalla-2026-01-13-a-las-22.00.56.png\",\"keywords\":[\"cubanos\",\"cubanos en Miami\",\"Daniela Reyes\",\"Daniela Reyes Miami\",\"influencer cubana\"],\"articleSection\":[\"Far\u00e1ndula\"],\"inLanguage\":\"es\",\"potentialAction\":[{\"@type\":\"CommentAction\",\"name\":\"Comment\",\"target\":[\"https:\\\/\\\/www.cuballama.com\\\/noticias\\\/daniela-reyes-responde-a-criticas-por-esconder-a-su-nueva-pareja-privado-no-es-secreto\\\/#respond\"]}]},{\"@type\":\"WebPage\",\"@id\":\"https:\\\/\\\/www.cuballama.com\\\/noticias\\\/daniela-reyes-responde-a-criticas-por-esconder-a-su-nueva-pareja-privado-no-es-secreto\\\/\",\"url\":\"https:\\\/\\\/www.cuballama.com\\\/noticias\\\/daniela-reyes-responde-a-criticas-por-esconder-a-su-nueva-pareja-privado-no-es-secreto\\\/\",\"name\":\"Daniela Reyes responde a cr\u00edticas por \u201cesconder\u201d a su nueva pareja: \u201cPrivado no es secreto\u201d - Cuballama Noticias\",\"isPartOf\":{\"@id\":\"https:\\\/\\\/www.cuballama.com\\\/noticias\\\/#website\"},\"primaryImageOfPage\":{\"@id\":\"https:\\\/\\\/www.cuballama.com\\\/noticias\\\/daniela-reyes-responde-a-criticas-por-esconder-a-su-nueva-pareja-privado-no-es-secreto\\\/#primaryimage\"},\"image\":{\"@id\":\"https:\\\/\\\/www.cuballama.com\\\/noticias\\\/daniela-reyes-responde-a-criticas-por-esconder-a-su-nueva-pareja-privado-no-es-secreto\\\/#primaryimage\"},\"thumbnailUrl\":\"https:\\\/\\\/cdn1.mediawpaccore.net\\\/wp-content\\\/uploads\\\/2026\\\/01\\\/13160113\\\/Captura-de-pantalla-2026-01-13-a-las-22.00.56.png\",\"datePublished\":\"2026-01-13T21:05:22+00:00\",\"dateModified\":\"2026-01-13T21:05:24+00:00\",\"description\":\"Daniela Reyes respondi\u00f3 en Instagram a quienes la critican por \u201cesconder\u201d a su pareja. \u201cNo me escondo, soy prudente\u201d, dijo.\",\"breadcrumb\":{\"@id\":\"https:\\\/\\\/www.cuballama.com\\\/noticias\\\/daniela-reyes-responde-a-criticas-por-esconder-a-su-nueva-pareja-privado-no-es-secreto\\\/#breadcrumb\"},\"inLanguage\":\"es\",\"potentialAction\":[{\"@type\":\"ReadAction\",\"target\":[\"https:\\\/\\\/www.cuballama.com\\\/noticias\\\/daniela-reyes-responde-a-criticas-por-esconder-a-su-nueva-pareja-privado-no-es-secreto\\\/\"]}]},{\"@type\":\"ImageObject\",\"inLanguage\":\"es\",\"@id\":\"https:\\\/\\\/www.cuballama.com\\\/noticias\\\/daniela-reyes-responde-a-criticas-por-esconder-a-su-nueva-pareja-privado-no-es-secreto\\\/#primaryimage\",\"url\":\"https:\\\/\\\/cdn1.mediawpaccore.net\\\/wp-content\\\/uploads\\\/2026\\\/01\\\/13160113\\\/Captura-de-pantalla-2026-01-13-a-las-22.00.56.png\",\"contentUrl\":\"https:\\\/\\\/cdn1.mediawpaccore.net\\\/wp-content\\\/uploads\\\/2026\\\/01\\\/13160113\\\/Captura-de-pantalla-2026-01-13-a-las-22.00.56.png\",\"width\":738,\"height\":406,\"caption\":\"Foto tomada del perfil de Instagram de Daniela Reyes\"},{\"@type\":\"BreadcrumbList\",\"@id\":\"https:\\\/\\\/www.cuballama.com\\\/noticias\\\/daniela-reyes-responde-a-criticas-por-esconder-a-su-nueva-pareja-privado-no-es-secreto\\\/#breadcrumb\",\"itemListElement\":[{\"@type\":\"ListItem\",\"position\":1,\"name\":\"Home\",\"item\":\"https:\\\/\\\/www.cuballama.com\\\/noticias\\\/\"},{\"@type\":\"ListItem\",\"position\":2,\"name\":\"Daniela Reyes responde a cr\u00edticas por \u201cesconder\u201d a su nueva pareja: \u201cPrivado no es secreto\u201d\"}]},{\"@type\":\"WebSite\",\"@id\":\"https:\\\/\\\/www.cuballama.com\\\/noticias\\\/#website\",\"url\":\"https:\\\/\\\/www.cuballama.com\\\/noticias\\\/\",\"name\":\"Cuballama Noticias\",\"description\":\"Medio digital sobre Cuba y el mundo\",\"publisher\":{\"@id\":\"https:\\\/\\\/www.cuballama.com\\\/noticias\\\/#organization\"},\"potentialAction\":[{\"@type\":\"SearchAction\",\"target\":{\"@type\":\"EntryPoint\",\"urlTemplate\":\"https:\\\/\\\/www.cuballama.com\\\/noticias\\\/?s={search_term_string}\"},\"query-input\":{\"@type\":\"PropertyValueSpecification\",\"valueRequired\":true,\"valueName\":\"search_term_string\"}}],\"inLanguage\":\"es\"},{\"@type\":\"Organization\",\"@id\":\"https:\\\/\\\/www.cuballama.com\\\/noticias\\\/#organization\",\"name\":\"Cuballama\",\"url\":\"https:\\\/\\\/www.cuballama.com\\\/noticias\\\/\",\"logo\":{\"@type\":\"ImageObject\",\"inLanguage\":\"es\",\"@id\":\"https:\\\/\\\/www.cuballama.com\\\/noticias\\\/#\\\/schema\\\/logo\\\/image\\\/\",\"url\":\"https:\\\/\\\/cdn1.mediawpaccore.net\\\/wp-content\\\/uploads\\\/2021\\\/12\\\/28171206\\\/cbll-logo-color-sm.png\",\"contentUrl\":\"https:\\\/\\\/cdn1.mediawpaccore.net\\\/wp-content\\\/uploads\\\/2021\\\/12\\\/28171206\\\/cbll-logo-color-sm.png\",\"width\":600,\"height\":133,\"caption\":\"Cuballama\"},\"image\":{\"@id\":\"https:\\\/\\\/www.cuballama.com\\\/noticias\\\/#\\\/schema\\\/logo\\\/image\\\/\"},\"sameAs\":[\"https:\\\/\\\/www.facebook.com\\\/CubaLlama\",\"https:\\\/\\\/x.com\\\/cuballama\",\"https:\\\/\\\/www.instagram.com\\\/stories\\\/cuballama_oficial\\\/\",\"https:\\\/\\\/www.youtube.com\\\/channel\\\/UCKkFE-d_axENGZcrc4as0IA\"]},{\"@type\":\"Person\",\"@id\":\"https:\\\/\\\/www.cuballama.com\\\/noticias\\\/#\\\/schema\\\/person\\\/5cba2b8cc25a3159e49fe730a94d512e\",\"name\":\"Sof\u00eda Reyes\",\"url\":\"https:\\\/\\\/www.cuballama.com\\\/noticias\\\/author\\\/laura\\\/\"}]}<\/script>\n<!-- \/ Yoast SEO plugin. -->","yoast_head_json":{"title":"Daniela Reyes responde a cr\u00edticas por \u201cesconder\u201d a su nueva pareja: \u201cPrivado no es secreto\u201d - Cuballama Noticias","description":"Daniela Reyes respondi\u00f3 en Instagram a quienes la critican por \u201cesconder\u201d a su pareja. \u201cNo me escondo, soy prudente\u201d, dijo.","robots":{"index":"index","follow":"follow","max-snippet":"max-snippet:-1","max-image-preview":"max-image-preview:large","max-video-preview":"max-video-preview:-1"},"canonical":"https:\/\/www.cuballama.com\/noticias\/daniela-reyes-responde-a-criticas-por-esconder-a-su-nueva-pareja-privado-no-es-secreto\/","og_locale":"es_ES","og_type":"article","og_title":"Daniela Reyes responde a cr\u00edticas por \u201cesconder\u201d a su nueva pareja: \u201cPrivado no es secreto\u201d - Cuballama Noticias","og_description":"Daniela Reyes respondi\u00f3 en Instagram a quienes la critican por \u201cesconder\u201d a su pareja. \u201cNo me escondo, soy prudente\u201d, dijo.","og_url":"https:\/\/www.cuballama.com\/noticias\/daniela-reyes-responde-a-criticas-por-esconder-a-su-nueva-pareja-privado-no-es-secreto\/","og_site_name":"Cuballama Noticias","article_publisher":"https:\/\/www.facebook.com\/CubaLlama","article_published_time":"2026-01-13T21:05:22+00:00","article_modified_time":"2026-01-13T21:05:24+00:00","og_image":[{"width":738,"height":406,"url":"https:\/\/cdn1.mediawpaccore.net\/wp-content\/uploads\/2026\/01\/13160113\/Captura-de-pantalla-2026-01-13-a-las-22.00.56.png","type":"image\/png"}],"author":"Sof\u00eda Reyes","twitter_card":"summary_large_image","twitter_creator":"@cuballama","twitter_site":"@cuballama","twitter_misc":{"Escrito por":"Sof\u00eda Reyes","Tiempo de lectura":"3 minutos"},"schema":{"@context":"https:\/\/schema.org","@graph":[{"@type":"Article","@id":"https:\/\/www.cuballama.com\/noticias\/daniela-reyes-responde-a-criticas-por-esconder-a-su-nueva-pareja-privado-no-es-secreto\/#article","isPartOf":{"@id":"https:\/\/www.cuballama.com\/noticias\/daniela-reyes-responde-a-criticas-por-esconder-a-su-nueva-pareja-privado-no-es-secreto\/"},"author":{"name":"Sof\u00eda Reyes","@id":"https:\/\/www.cuballama.com\/noticias\/#\/schema\/person\/5cba2b8cc25a3159e49fe730a94d512e"},"headline":"Daniela Reyes responde a cr\u00edticas por \u201cesconder\u201d a su nueva pareja: \u201cPrivado no es secreto\u201d","datePublished":"2026-01-13T21:05:22+00:00","dateModified":"2026-01-13T21:05:24+00:00","mainEntityOfPage":{"@id":"https:\/\/www.cuballama.com\/noticias\/daniela-reyes-responde-a-criticas-por-esconder-a-su-nueva-pareja-privado-no-es-secreto\/"},"wordCount":495,"commentCount":0,"publisher":{"@id":"https:\/\/www.cuballama.com\/noticias\/#organization"},"image":{"@id":"https:\/\/www.cuballama.com\/noticias\/daniela-reyes-responde-a-criticas-por-esconder-a-su-nueva-pareja-privado-no-es-secreto\/#primaryimage"},"thumbnailUrl":"https:\/\/cdn1.mediawpaccore.net\/wp-content\/uploads\/2026\/01\/13160113\/Captura-de-pantalla-2026-01-13-a-las-22.00.56.png","keywords":["cubanos","cubanos en Miami","Daniela Reyes","Daniela Reyes Miami","influencer cubana"],"articleSection":["Far\u00e1ndula"],"inLanguage":"es","potentialAction":[{"@type":"CommentAction","name":"Comment","target":["https:\/\/www.cuballama.com\/noticias\/daniela-reyes-responde-a-criticas-por-esconder-a-su-nueva-pareja-privado-no-es-secreto\/#respond"]}]},{"@type":"WebPage","@id":"https:\/\/www.cuballama.com\/noticias\/daniela-reyes-responde-a-criticas-por-esconder-a-su-nueva-pareja-privado-no-es-secreto\/","url":"https:\/\/www.cuballama.com\/noticias\/daniela-reyes-responde-a-criticas-por-esconder-a-su-nueva-pareja-privado-no-es-secreto\/","name":"Daniela Reyes responde a cr\u00edticas por \u201cesconder\u201d a su nueva pareja: \u201cPrivado no es secreto\u201d - Cuballama Noticias","isPartOf":{"@id":"https:\/\/www.cuballama.com\/noticias\/#website"},"primaryImageOfPage":{"@id":"https:\/\/www.cuballama.com\/noticias\/daniela-reyes-responde-a-criticas-por-esconder-a-su-nueva-pareja-privado-no-es-secreto\/#primaryimage"},"image":{"@id":"https:\/\/www.cuballama.com\/noticias\/daniela-reyes-responde-a-criticas-por-esconder-a-su-nueva-pareja-privado-no-es-secreto\/#primaryimage"},"thumbnailUrl":"https:\/\/cdn1.mediawpaccore.net\/wp-content\/uploads\/2026\/01\/13160113\/Captura-de-pantalla-2026-01-13-a-las-22.00.56.png","datePublished":"2026-01-13T21:05:22+00:00","dateModified":"2026-01-13T21:05:24+00:00","description":"Daniela Reyes respondi\u00f3 en Instagram a quienes la critican por \u201cesconder\u201d a su pareja. \u201cNo me escondo, soy prudente\u201d, dijo.","breadcrumb":{"@id":"https:\/\/www.cuballama.com\/noticias\/daniela-reyes-responde-a-criticas-por-esconder-a-su-nueva-pareja-privado-no-es-secreto\/#breadcrumb"},"inLanguage":"es","potentialAction":[{"@type":"ReadAction","target":["https:\/\/www.cuballama.com\/noticias\/daniela-reyes-responde-a-criticas-por-esconder-a-su-nueva-pareja-privado-no-es-secreto\/"]}]},{"@type":"ImageObject","inLanguage":"es","@id":"https:\/\/www.cuballama.com\/noticias\/daniela-reyes-responde-a-criticas-por-esconder-a-su-nueva-pareja-privado-no-es-secreto\/#primaryimage","url":"https:\/\/cdn1.mediawpaccore.net\/wp-content\/uploads\/2026\/01\/13160113\/Captura-de-pantalla-2026-01-13-a-las-22.00.56.png","contentUrl":"https:\/\/cdn1.mediawpaccore.net\/wp-content\/uploads\/2026\/01\/13160113\/Captura-de-pantalla-2026-01-13-a-las-22.00.56.png","width":738,"height":406,"caption":"Foto tomada del perfil de Instagram de Daniela Reyes"},{"@type":"BreadcrumbList","@id":"https:\/\/www.cuballama.com\/noticias\/daniela-reyes-responde-a-criticas-por-esconder-a-su-nueva-pareja-privado-no-es-secreto\/#breadcrumb","itemListElement":[{"@type":"ListItem","position":1,"name":"Home","item":"https:\/\/www.cuballama.com\/noticias\/"},{"@type":"ListItem","position":2,"name":"Daniela Reyes responde a cr\u00edticas por \u201cesconder\u201d a su nueva pareja: \u201cPrivado no es secreto\u201d"}]},{"@type":"WebSite","@id":"https:\/\/www.cuballama.com\/noticias\/#website","url":"https:\/\/www.cuballama.com\/noticias\/","name":"Cuballama Noticias","description":"Medio digital sobre Cuba y el mundo","publisher":{"@id":"https:\/\/www.cuballama.com\/noticias\/#organization"},"potentialAction":[{"@type":"SearchAction","target":{"@type":"EntryPoint","urlTemplate":"https:\/\/www.cuballama.com\/noticias\/?s={search_term_string}"},"query-input":{"@type":"PropertyValueSpecification","valueRequired":true,"valueName":"search_term_string"}}],"inLanguage":"es"},{"@type":"Organization","@id":"https:\/\/www.cuballama.com\/noticias\/#organization","name":"Cuballama","url":"https:\/\/www.cuballama.com\/noticias\/","logo":{"@type":"ImageObject","inLanguage":"es","@id":"https:\/\/www.cuballama.com\/noticias\/#\/schema\/logo\/image\/","url":"https:\/\/cdn1.mediawpaccore.net\/wp-content\/uploads\/2021\/12\/28171206\/cbll-logo-color-sm.png","contentUrl":"https:\/\/cdn1.mediawpaccore.net\/wp-content\/uploads\/2021\/12\/28171206\/cbll-logo-color-sm.png","width":600,"height":133,"caption":"Cuballama"},"image":{"@id":"https:\/\/www.cuballama.com\/noticias\/#\/schema\/logo\/image\/"},"sameAs":["https:\/\/www.facebook.com\/CubaLlama","https:\/\/x.com\/cuballama","https:\/\/www.instagram.com\/stories\/cuballama_oficial\/","https:\/\/www.youtube.com\/channel\/UCKkFE-d_axENGZcrc4as0IA"]},{"@type":"Person","@id":"https:\/\/www.cuballama.com\/noticias\/#\/schema\/person\/5cba2b8cc25a3159e49fe730a94d512e","name":"Sof\u00eda Reyes","url":"https:\/\/www.cuballama.com\/noticias\/author\/laura\/"}]}},"_links":{"self":[{"href":"https:\/\/www.cuballama.com\/noticias\/wp-json\/wp\/v2\/posts\/231852","targetHints":{"allow":["GET"]}}],"collection":[{"href":"https:\/\/www.cuballama.com\/noticias\/wp-json\/wp\/v2\/posts"}],"about":[{"href":"https:\/\/www.cuballama.com\/noticias\/wp-json\/wp\/v2\/types\/post"}],"author":[{"embeddable":true,"href":"https:\/\/www.cuballama.com\/noticias\/wp-json\/wp\/v2\/users\/29"}],"replies":[{"embeddable":true,"href":"https:\/\/www.cuballama.com\/noticias\/wp-json\/wp\/v2\/comments?post=231852"}],"version-history":[{"count":3,"href":"https:\/\/www.cuballama.com\/noticias\/wp-json\/wp\/v2\/posts\/231852\/revisions"}],"predecessor-version":[{"id":231860,"href":"https:\/\/www.cuballama.com\/noticias\/wp-json\/wp\/v2\/posts\/231852\/revisions\/231860"}],"wp:featuredmedia":[{"embeddable":true,"href":"https:\/\/www.cuballama.com\/noticias\/wp-json\/wp\/v2\/media\/231857"}],"wp:attachment":[{"href":"https:\/\/www.cuballama.com\/noticias\/wp-json\/wp\/v2\/media?parent=231852"}],"wp:term":[{"taxonomy":"category","embeddable":true,"href":"https:\/\/www.cuballama.com\/noticias\/wp-json\/wp\/v2\/categories?post=231852"},{"taxonomy":"post_tag","embeddable":true,"href":"https:\/\/www.cuballama.com\/noticias\/wp-json\/wp\/v2\/tags?post=231852"}],"curies":[{"name":"wp","href":"https:\/\/api.w.org\/{rel}","templated":true}]}}