{"id":231833,"date":"2026-01-13T13:00:55","date_gmt":"2026-01-13T18:00:55","guid":{"rendered":"https:\/\/www.cuballama.com\/noticias\/?p=231833"},"modified":"2026-01-13T13:00:58","modified_gmt":"2026-01-13T18:00:58","slug":"en-moscu-quieren-anexar-cuba-a-la-federacion-rusa","status":"publish","type":"post","link":"https:\/\/www.cuballama.com\/noticias\/en-moscu-quieren-anexar-cuba-a-la-federacion-rusa\/","title":{"rendered":"\u00a1En Mosc\u00fa quieren anexar Cuba a la Federaci\u00f3n Rusa!"},"content":{"rendered":"\n<p><\/p>\n\n\n\n<p>Se conoci\u00f3 este martes 13 en Mosc\u00fa que diputados rusos han preparado un proyecto de ley con la propuesta a la Duma Estatal de anexar la Rep\u00fablica de Cuba a la Federaci\u00f3n Rusa en lo que expertos consideran una reacci\u00f3n al anuncio de Donald Trump de proclamarse presidente \u00abinterino\u00bb de Venezuela y a su decisi\u00f3n de querer agenciarse Groenlandia.<\/p>\n\n\n\n<p>La iniciativa rusa de los diputados del partido \u00abUna Rusia Justa\u00bb est\u00e1 dise\u00f1ada, seg\u00fan ellos, \u00abpara fortalecer la asociaci\u00f3n estrat\u00e9gica entre ambos pa\u00edses y resolver problemas demogr\u00e1ficos\u00bb.<\/p>\n\n\n\n<p>\u00abUna Rusia Justa\u00bb, una de las principales facciones en la Duma Estatal, tiene alineaci\u00f3n total con el gobierno de Vladimir Putin a quien apoy\u00f3 de forma\u00a0un\u00e1nime en su reelecci\u00f3n. Esa organizaci\u00f3n respalda completamente la invasi\u00f3n rusa a Ucrania lo que le vali\u00f3 la expulsi\u00f3n de la Internacional Socialista en 2022.<\/p>\n\n\n\n<p>El documento prev\u00e9 la creaci\u00f3n de un nuevo Distrito Federal del Caribe con capital en La Habana, que incluir\u00e1 el Territorio Cubano, la Rep\u00fablica Popular de La Habana y la Regi\u00f3n Aut\u00f3noma de Guant\u00e1namo. Durante el periodo de transici\u00f3n, se planea adaptar la legislaci\u00f3n cubana, introducir la circulaci\u00f3n del rublo en paralelo al peso y lanzar un programa a gran escala para la renovaci\u00f3n de monumentos arquitect\u00f3nicos que responda a las necesidades clave del turismo federal. Las tarifas de servicios p\u00fablicos en la isla se sincronizar\u00e1n con las tarifas medias rusas en un plazo de cinco a\u00f1os, seg\u00fan el medio local \u00abPanorama\u00bb.<\/p>\n\n\n\n<p>En un futuro pr\u00f3ximo, comenzar\u00e1 el despliegue de armas estrat\u00e9gicas en el territorio de nuevas regiones, remarca la publicaci\u00f3n.<\/p>\n\n\n\n<p>\u00abEsto es un desarrollo l\u00f3gico de los acontecimientos tras la declaraci\u00f3n sobre la asociaci\u00f3n estrat\u00e9gica\u00bb, explic\u00f3 uno de los autores de la iniciativa, el diputado Igor Belomorsky. <\/p>\n\n\n\n<p>\u00abLos <a href=\"https:\/\/www.cuballama.com\/noticias\/diaz-canel-tras-nuevas-advertencias-de-trump-nadie-nos-dicta-que-hacer\/\" target=\"_blank\" rel=\"noreferrer noopener\">cubanos <\/a>llevan mucho tiempo viendo series rusas, y nuestros turistas se sienten como en casa all\u00ed. La consolidaci\u00f3n legal solo formalizar\u00e1 la afinidad hist\u00f3rica y espiritual. Tambi\u00e9n estamos trabajando en la cuesti\u00f3n de incluir los mares c\u00e1lidos adyacentes en el nuevo tema para que la Flota del Mar Negro se base en una vigilancia permanente de resort.\u00bb, declar\u00f3 el pol\u00edtico de acuerdo a\u00a0\u00abPanorama\u00bb.<\/p>\n\n\n\n<p>A\u00fan se desconoce la reacci\u00f3n oficial cubana a esta propuesta, si es que la habr\u00eda.<\/p>\n\n\n\n<p>Casi al un\u00edsono trascendi\u00f3 otra de las conocidas apariciones ir\u00f3nicas contra Trump del vicepresidente del Consejo de Seguridad de la Federaci\u00f3n Rusa, Dmitry Medv\u00e9dev, cuando inst\u00f3 al inquilino de la Casa Blanca&nbsp; para que se apresurara con el tema de&nbsp;<a href=\"https:\/\/podmoskovye.bezformata.com\/word\/grenlandii\/28636\/\" rel=\"noreferrer noopener\" target=\"_blank\">Groenlandia<\/a>.&nbsp;<\/p>\n\n\n\n<p>Seg\u00fan Medv\u00e9dev, si el presidente estadounidense no acelera, podr\u00eda celebrarse en la enorme isla un refer\u00e9ndum \u00abrepentino\u00bb sobre la adhesi\u00f3n a Rusia.\u00bb\u00a1Y eso es todo! No habr\u00e1 nuevas estrellas en la bandera. Y Rusia tendr\u00e1 un nuevo sujeto, ya el 90\u00ba de la Federaci\u00f3n\u00bb, escribi\u00f3 el pol\u00edtico ruso en \u00abMAX\u00bb, una aplicaci\u00f3n de mensajer\u00eda estatal y \u00absuperapp\u00bb oficial de Rusia, seg\u00fan RTV -Regi\u00f3n de Mosc\u00fa.<\/p>\n\n\n\n<p>Trump quiere a Groenlandia como el estado n\u00famero 51 de los Estados Unidos, con el argumento de la seguridad nacional. Se ha presentado un proyecto de ley con una propuesta correspondiente al Congreso de los Estados Unidos por parte del republicano Randy Fine, quien ha subrayado que&nbsp; para la anexi\u00f3n o adquisici\u00f3n de la isla, el presidente estadounidense est\u00e1 autorizado a tomar las medidas necesarias.<\/p>\n\n\n\n<p><\/p>\n","protected":false},"excerpt":{"rendered":"<p>La iniciativa rusa de los diputados del partido \u00abUna Rusia Justa\u00bb est\u00e1 dise\u00f1ada, seg\u00fan ellos, \u00abpara fortalecer la asociaci\u00f3n estrat\u00e9gica entre ambos pa\u00edses y resolver problemas demogr\u00e1ficos\u00bb.<\/p>\n","protected":false},"author":24,"featured_media":197780,"comment_status":"open","ping_status":"closed","sticky":false,"template":"","format":"standard","meta":{"_acf_changed":false,"footnotes":""},"categories":[18,955],"tags":[10867,92,256,11017],"class_list":{"0":"post-231833","1":"post","2":"type-post","3":"status-publish","4":"format-standard","5":"has-post-thumbnail","7":"category-noticias","8":"category-noticias-de-cuba","9":"tag-crisis-en-cuba","10":"tag-cubanos","11":"tag-miami","12":"tag-superdestacado"},"acf":[],"yoast_head":"<!-- This site is optimized with the Yoast SEO plugin v27.4 - https:\/\/yoast.com\/product\/yoast-seo-wordpress\/ -->\n<title>\u00a1En Mosc\u00fa quieren anexar Cuba a la Federaci\u00f3n Rusa! - Cuballama Noticias<\/title>\n<meta name=\"description\" content=\"Se conoci\u00f3 que diputados rusos han preparado un proyecto de ley con la propuesta a la Duma Estatal de anexar la Rep\u00fablica de Cuba.\" \/>\n<meta name=\"robots\" content=\"index, follow, max-snippet:-1, max-image-preview:large, max-video-preview:-1\" \/>\n<link rel=\"canonical\" href=\"https:\/\/www.cuballama.com\/noticias\/en-moscu-quieren-anexar-cuba-a-la-federacion-rusa\/\" \/>\n<meta property=\"og:locale\" content=\"es_ES\" \/>\n<meta property=\"og:type\" content=\"article\" \/>\n<meta property=\"og:title\" content=\"\u00a1En Mosc\u00fa quieren anexar Cuba a la Federaci\u00f3n Rusa! - Cuballama Noticias\" \/>\n<meta property=\"og:description\" content=\"Se conoci\u00f3 que diputados rusos han preparado un proyecto de ley con la propuesta a la Duma Estatal de anexar la Rep\u00fablica de Cuba.\" \/>\n<meta property=\"og:url\" content=\"https:\/\/www.cuballama.com\/noticias\/en-moscu-quieren-anexar-cuba-a-la-federacion-rusa\/\" \/>\n<meta property=\"og:site_name\" content=\"Cuballama Noticias\" \/>\n<meta property=\"article:publisher\" content=\"https:\/\/www.facebook.com\/CubaLlama\" \/>\n<meta property=\"article:published_time\" content=\"2026-01-13T18:00:55+00:00\" \/>\n<meta property=\"article:modified_time\" content=\"2026-01-13T18:00:58+00:00\" \/>\n<meta property=\"og:image\" content=\"https:\/\/cdn1.mediawpaccore.net\/wp-content\/uploads\/2025\/02\/04121520\/GNJAeUwXAAAS2Wj1.jpg\" \/>\n\t<meta property=\"og:image:width\" content=\"1200\" \/>\n\t<meta property=\"og:image:height\" content=\"630\" \/>\n\t<meta property=\"og:image:type\" content=\"image\/jpeg\" \/>\n<meta name=\"author\" content=\"Manu\" \/>\n<meta name=\"twitter:card\" content=\"summary_large_image\" \/>\n<meta name=\"twitter:creator\" content=\"@cuballama\" \/>\n<meta name=\"twitter:site\" content=\"@cuballama\" \/>\n<meta name=\"twitter:label1\" content=\"Escrito por\" \/>\n\t<meta name=\"twitter:data1\" content=\"Manu\" \/>\n\t<meta name=\"twitter:label2\" content=\"Tiempo de lectura\" \/>\n\t<meta name=\"twitter:data2\" content=\"3 minutos\" \/>\n<script type=\"application\/ld+json\" class=\"yoast-schema-graph\">{\"@context\":\"https:\\\/\\\/schema.org\",\"@graph\":[{\"@type\":\"Article\",\"@id\":\"https:\\\/\\\/www.cuballama.com\\\/noticias\\\/en-moscu-quieren-anexar-cuba-a-la-federacion-rusa\\\/#article\",\"isPartOf\":{\"@id\":\"https:\\\/\\\/www.cuballama.com\\\/noticias\\\/en-moscu-quieren-anexar-cuba-a-la-federacion-rusa\\\/\"},\"author\":{\"name\":\"Manu\",\"@id\":\"https:\\\/\\\/www.cuballama.com\\\/noticias\\\/#\\\/schema\\\/person\\\/5889f7d070564f8386e7944d14d436cd\"},\"headline\":\"\u00a1En Mosc\u00fa quieren anexar Cuba a la Federaci\u00f3n Rusa!\",\"datePublished\":\"2026-01-13T18:00:55+00:00\",\"dateModified\":\"2026-01-13T18:00:58+00:00\",\"mainEntityOfPage\":{\"@id\":\"https:\\\/\\\/www.cuballama.com\\\/noticias\\\/en-moscu-quieren-anexar-cuba-a-la-federacion-rusa\\\/\"},\"wordCount\":611,\"commentCount\":0,\"publisher\":{\"@id\":\"https:\\\/\\\/www.cuballama.com\\\/noticias\\\/#organization\"},\"image\":{\"@id\":\"https:\\\/\\\/www.cuballama.com\\\/noticias\\\/en-moscu-quieren-anexar-cuba-a-la-federacion-rusa\\\/#primaryimage\"},\"thumbnailUrl\":\"https:\\\/\\\/cdn1.mediawpaccore.net\\\/wp-content\\\/uploads\\\/2025\\\/02\\\/04121520\\\/GNJAeUwXAAAS2Wj1.jpg\",\"keywords\":[\"Crisis en Cuba\",\"cubanos\",\"Miami\",\"superdestacado\"],\"articleSection\":[\"Noticias\",\"Noticias de Cuba\"],\"inLanguage\":\"es\",\"potentialAction\":[{\"@type\":\"CommentAction\",\"name\":\"Comment\",\"target\":[\"https:\\\/\\\/www.cuballama.com\\\/noticias\\\/en-moscu-quieren-anexar-cuba-a-la-federacion-rusa\\\/#respond\"]}]},{\"@type\":\"WebPage\",\"@id\":\"https:\\\/\\\/www.cuballama.com\\\/noticias\\\/en-moscu-quieren-anexar-cuba-a-la-federacion-rusa\\\/\",\"url\":\"https:\\\/\\\/www.cuballama.com\\\/noticias\\\/en-moscu-quieren-anexar-cuba-a-la-federacion-rusa\\\/\",\"name\":\"\u00a1En Mosc\u00fa quieren anexar Cuba a la Federaci\u00f3n Rusa! - Cuballama Noticias\",\"isPartOf\":{\"@id\":\"https:\\\/\\\/www.cuballama.com\\\/noticias\\\/#website\"},\"primaryImageOfPage\":{\"@id\":\"https:\\\/\\\/www.cuballama.com\\\/noticias\\\/en-moscu-quieren-anexar-cuba-a-la-federacion-rusa\\\/#primaryimage\"},\"image\":{\"@id\":\"https:\\\/\\\/www.cuballama.com\\\/noticias\\\/en-moscu-quieren-anexar-cuba-a-la-federacion-rusa\\\/#primaryimage\"},\"thumbnailUrl\":\"https:\\\/\\\/cdn1.mediawpaccore.net\\\/wp-content\\\/uploads\\\/2025\\\/02\\\/04121520\\\/GNJAeUwXAAAS2Wj1.jpg\",\"datePublished\":\"2026-01-13T18:00:55+00:00\",\"dateModified\":\"2026-01-13T18:00:58+00:00\",\"description\":\"Se conoci\u00f3 que diputados rusos han preparado un proyecto de ley con la propuesta a la Duma Estatal de anexar la Rep\u00fablica de Cuba.\",\"breadcrumb\":{\"@id\":\"https:\\\/\\\/www.cuballama.com\\\/noticias\\\/en-moscu-quieren-anexar-cuba-a-la-federacion-rusa\\\/#breadcrumb\"},\"inLanguage\":\"es\",\"potentialAction\":[{\"@type\":\"ReadAction\",\"target\":[\"https:\\\/\\\/www.cuballama.com\\\/noticias\\\/en-moscu-quieren-anexar-cuba-a-la-federacion-rusa\\\/\"]}]},{\"@type\":\"ImageObject\",\"inLanguage\":\"es\",\"@id\":\"https:\\\/\\\/www.cuballama.com\\\/noticias\\\/en-moscu-quieren-anexar-cuba-a-la-federacion-rusa\\\/#primaryimage\",\"url\":\"https:\\\/\\\/cdn1.mediawpaccore.net\\\/wp-content\\\/uploads\\\/2025\\\/02\\\/04121520\\\/GNJAeUwXAAAS2Wj1.jpg\",\"contentUrl\":\"https:\\\/\\\/cdn1.mediawpaccore.net\\\/wp-content\\\/uploads\\\/2025\\\/02\\\/04121520\\\/GNJAeUwXAAAS2Wj1.jpg\",\"width\":1200,\"height\":630,\"caption\":\"Putin (i) junto a D\u00edaz-Canel en Mosc\u00fa. Foto: X\\\/Miguel D\u00edaz-Canel.\"},{\"@type\":\"BreadcrumbList\",\"@id\":\"https:\\\/\\\/www.cuballama.com\\\/noticias\\\/en-moscu-quieren-anexar-cuba-a-la-federacion-rusa\\\/#breadcrumb\",\"itemListElement\":[{\"@type\":\"ListItem\",\"position\":1,\"name\":\"Home\",\"item\":\"https:\\\/\\\/www.cuballama.com\\\/noticias\\\/\"},{\"@type\":\"ListItem\",\"position\":2,\"name\":\"\u00a1En Mosc\u00fa quieren anexar Cuba a la Federaci\u00f3n Rusa!\"}]},{\"@type\":\"WebSite\",\"@id\":\"https:\\\/\\\/www.cuballama.com\\\/noticias\\\/#website\",\"url\":\"https:\\\/\\\/www.cuballama.com\\\/noticias\\\/\",\"name\":\"Cuballama Noticias\",\"description\":\"Medio digital sobre Cuba y el mundo\",\"publisher\":{\"@id\":\"https:\\\/\\\/www.cuballama.com\\\/noticias\\\/#organization\"},\"potentialAction\":[{\"@type\":\"SearchAction\",\"target\":{\"@type\":\"EntryPoint\",\"urlTemplate\":\"https:\\\/\\\/www.cuballama.com\\\/noticias\\\/?s={search_term_string}\"},\"query-input\":{\"@type\":\"PropertyValueSpecification\",\"valueRequired\":true,\"valueName\":\"search_term_string\"}}],\"inLanguage\":\"es\"},{\"@type\":\"Organization\",\"@id\":\"https:\\\/\\\/www.cuballama.com\\\/noticias\\\/#organization\",\"name\":\"Cuballama\",\"url\":\"https:\\\/\\\/www.cuballama.com\\\/noticias\\\/\",\"logo\":{\"@type\":\"ImageObject\",\"inLanguage\":\"es\",\"@id\":\"https:\\\/\\\/www.cuballama.com\\\/noticias\\\/#\\\/schema\\\/logo\\\/image\\\/\",\"url\":\"https:\\\/\\\/cdn1.mediawpaccore.net\\\/wp-content\\\/uploads\\\/2021\\\/12\\\/28171206\\\/cbll-logo-color-sm.png\",\"contentUrl\":\"https:\\\/\\\/cdn1.mediawpaccore.net\\\/wp-content\\\/uploads\\\/2021\\\/12\\\/28171206\\\/cbll-logo-color-sm.png\",\"width\":600,\"height\":133,\"caption\":\"Cuballama\"},\"image\":{\"@id\":\"https:\\\/\\\/www.cuballama.com\\\/noticias\\\/#\\\/schema\\\/logo\\\/image\\\/\"},\"sameAs\":[\"https:\\\/\\\/www.facebook.com\\\/CubaLlama\",\"https:\\\/\\\/x.com\\\/cuballama\",\"https:\\\/\\\/www.instagram.com\\\/stories\\\/cuballama_oficial\\\/\",\"https:\\\/\\\/www.youtube.com\\\/channel\\\/UCKkFE-d_axENGZcrc4as0IA\"]},{\"@type\":\"Person\",\"@id\":\"https:\\\/\\\/www.cuballama.com\\\/noticias\\\/#\\\/schema\\\/person\\\/5889f7d070564f8386e7944d14d436cd\",\"name\":\"Manu\",\"url\":\"https:\\\/\\\/www.cuballama.com\\\/noticias\\\/author\\\/manu\\\/\"}]}<\/script>\n<!-- \/ Yoast SEO plugin. -->","yoast_head_json":{"title":"\u00a1En Mosc\u00fa quieren anexar Cuba a la Federaci\u00f3n Rusa! - Cuballama Noticias","description":"Se conoci\u00f3 que diputados rusos han preparado un proyecto de ley con la propuesta a la Duma Estatal de anexar la Rep\u00fablica de Cuba.","robots":{"index":"index","follow":"follow","max-snippet":"max-snippet:-1","max-image-preview":"max-image-preview:large","max-video-preview":"max-video-preview:-1"},"canonical":"https:\/\/www.cuballama.com\/noticias\/en-moscu-quieren-anexar-cuba-a-la-federacion-rusa\/","og_locale":"es_ES","og_type":"article","og_title":"\u00a1En Mosc\u00fa quieren anexar Cuba a la Federaci\u00f3n Rusa! - Cuballama Noticias","og_description":"Se conoci\u00f3 que diputados rusos han preparado un proyecto de ley con la propuesta a la Duma Estatal de anexar la Rep\u00fablica de Cuba.","og_url":"https:\/\/www.cuballama.com\/noticias\/en-moscu-quieren-anexar-cuba-a-la-federacion-rusa\/","og_site_name":"Cuballama Noticias","article_publisher":"https:\/\/www.facebook.com\/CubaLlama","article_published_time":"2026-01-13T18:00:55+00:00","article_modified_time":"2026-01-13T18:00:58+00:00","og_image":[{"width":1200,"height":630,"url":"https:\/\/cdn1.mediawpaccore.net\/wp-content\/uploads\/2025\/02\/04121520\/GNJAeUwXAAAS2Wj1.jpg","type":"image\/jpeg"}],"author":"Manu","twitter_card":"summary_large_image","twitter_creator":"@cuballama","twitter_site":"@cuballama","twitter_misc":{"Escrito por":"Manu","Tiempo de lectura":"3 minutos"},"schema":{"@context":"https:\/\/schema.org","@graph":[{"@type":"Article","@id":"https:\/\/www.cuballama.com\/noticias\/en-moscu-quieren-anexar-cuba-a-la-federacion-rusa\/#article","isPartOf":{"@id":"https:\/\/www.cuballama.com\/noticias\/en-moscu-quieren-anexar-cuba-a-la-federacion-rusa\/"},"author":{"name":"Manu","@id":"https:\/\/www.cuballama.com\/noticias\/#\/schema\/person\/5889f7d070564f8386e7944d14d436cd"},"headline":"\u00a1En Mosc\u00fa quieren anexar Cuba a la Federaci\u00f3n Rusa!","datePublished":"2026-01-13T18:00:55+00:00","dateModified":"2026-01-13T18:00:58+00:00","mainEntityOfPage":{"@id":"https:\/\/www.cuballama.com\/noticias\/en-moscu-quieren-anexar-cuba-a-la-federacion-rusa\/"},"wordCount":611,"commentCount":0,"publisher":{"@id":"https:\/\/www.cuballama.com\/noticias\/#organization"},"image":{"@id":"https:\/\/www.cuballama.com\/noticias\/en-moscu-quieren-anexar-cuba-a-la-federacion-rusa\/#primaryimage"},"thumbnailUrl":"https:\/\/cdn1.mediawpaccore.net\/wp-content\/uploads\/2025\/02\/04121520\/GNJAeUwXAAAS2Wj1.jpg","keywords":["Crisis en Cuba","cubanos","Miami","superdestacado"],"articleSection":["Noticias","Noticias de Cuba"],"inLanguage":"es","potentialAction":[{"@type":"CommentAction","name":"Comment","target":["https:\/\/www.cuballama.com\/noticias\/en-moscu-quieren-anexar-cuba-a-la-federacion-rusa\/#respond"]}]},{"@type":"WebPage","@id":"https:\/\/www.cuballama.com\/noticias\/en-moscu-quieren-anexar-cuba-a-la-federacion-rusa\/","url":"https:\/\/www.cuballama.com\/noticias\/en-moscu-quieren-anexar-cuba-a-la-federacion-rusa\/","name":"\u00a1En Mosc\u00fa quieren anexar Cuba a la Federaci\u00f3n Rusa! - Cuballama Noticias","isPartOf":{"@id":"https:\/\/www.cuballama.com\/noticias\/#website"},"primaryImageOfPage":{"@id":"https:\/\/www.cuballama.com\/noticias\/en-moscu-quieren-anexar-cuba-a-la-federacion-rusa\/#primaryimage"},"image":{"@id":"https:\/\/www.cuballama.com\/noticias\/en-moscu-quieren-anexar-cuba-a-la-federacion-rusa\/#primaryimage"},"thumbnailUrl":"https:\/\/cdn1.mediawpaccore.net\/wp-content\/uploads\/2025\/02\/04121520\/GNJAeUwXAAAS2Wj1.jpg","datePublished":"2026-01-13T18:00:55+00:00","dateModified":"2026-01-13T18:00:58+00:00","description":"Se conoci\u00f3 que diputados rusos han preparado un proyecto de ley con la propuesta a la Duma Estatal de anexar la Rep\u00fablica de Cuba.","breadcrumb":{"@id":"https:\/\/www.cuballama.com\/noticias\/en-moscu-quieren-anexar-cuba-a-la-federacion-rusa\/#breadcrumb"},"inLanguage":"es","potentialAction":[{"@type":"ReadAction","target":["https:\/\/www.cuballama.com\/noticias\/en-moscu-quieren-anexar-cuba-a-la-federacion-rusa\/"]}]},{"@type":"ImageObject","inLanguage":"es","@id":"https:\/\/www.cuballama.com\/noticias\/en-moscu-quieren-anexar-cuba-a-la-federacion-rusa\/#primaryimage","url":"https:\/\/cdn1.mediawpaccore.net\/wp-content\/uploads\/2025\/02\/04121520\/GNJAeUwXAAAS2Wj1.jpg","contentUrl":"https:\/\/cdn1.mediawpaccore.net\/wp-content\/uploads\/2025\/02\/04121520\/GNJAeUwXAAAS2Wj1.jpg","width":1200,"height":630,"caption":"Putin (i) junto a D\u00edaz-Canel en Mosc\u00fa. Foto: X\/Miguel D\u00edaz-Canel."},{"@type":"BreadcrumbList","@id":"https:\/\/www.cuballama.com\/noticias\/en-moscu-quieren-anexar-cuba-a-la-federacion-rusa\/#breadcrumb","itemListElement":[{"@type":"ListItem","position":1,"name":"Home","item":"https:\/\/www.cuballama.com\/noticias\/"},{"@type":"ListItem","position":2,"name":"\u00a1En Mosc\u00fa quieren anexar Cuba a la Federaci\u00f3n Rusa!"}]},{"@type":"WebSite","@id":"https:\/\/www.cuballama.com\/noticias\/#website","url":"https:\/\/www.cuballama.com\/noticias\/","name":"Cuballama Noticias","description":"Medio digital sobre Cuba y el mundo","publisher":{"@id":"https:\/\/www.cuballama.com\/noticias\/#organization"},"potentialAction":[{"@type":"SearchAction","target":{"@type":"EntryPoint","urlTemplate":"https:\/\/www.cuballama.com\/noticias\/?s={search_term_string}"},"query-input":{"@type":"PropertyValueSpecification","valueRequired":true,"valueName":"search_term_string"}}],"inLanguage":"es"},{"@type":"Organization","@id":"https:\/\/www.cuballama.com\/noticias\/#organization","name":"Cuballama","url":"https:\/\/www.cuballama.com\/noticias\/","logo":{"@type":"ImageObject","inLanguage":"es","@id":"https:\/\/www.cuballama.com\/noticias\/#\/schema\/logo\/image\/","url":"https:\/\/cdn1.mediawpaccore.net\/wp-content\/uploads\/2021\/12\/28171206\/cbll-logo-color-sm.png","contentUrl":"https:\/\/cdn1.mediawpaccore.net\/wp-content\/uploads\/2021\/12\/28171206\/cbll-logo-color-sm.png","width":600,"height":133,"caption":"Cuballama"},"image":{"@id":"https:\/\/www.cuballama.com\/noticias\/#\/schema\/logo\/image\/"},"sameAs":["https:\/\/www.facebook.com\/CubaLlama","https:\/\/x.com\/cuballama","https:\/\/www.instagram.com\/stories\/cuballama_oficial\/","https:\/\/www.youtube.com\/channel\/UCKkFE-d_axENGZcrc4as0IA"]},{"@type":"Person","@id":"https:\/\/www.cuballama.com\/noticias\/#\/schema\/person\/5889f7d070564f8386e7944d14d436cd","name":"Manu","url":"https:\/\/www.cuballama.com\/noticias\/author\/manu\/"}]}},"_links":{"self":[{"href":"https:\/\/www.cuballama.com\/noticias\/wp-json\/wp\/v2\/posts\/231833","targetHints":{"allow":["GET"]}}],"collection":[{"href":"https:\/\/www.cuballama.com\/noticias\/wp-json\/wp\/v2\/posts"}],"about":[{"href":"https:\/\/www.cuballama.com\/noticias\/wp-json\/wp\/v2\/types\/post"}],"author":[{"embeddable":true,"href":"https:\/\/www.cuballama.com\/noticias\/wp-json\/wp\/v2\/users\/24"}],"replies":[{"embeddable":true,"href":"https:\/\/www.cuballama.com\/noticias\/wp-json\/wp\/v2\/comments?post=231833"}],"version-history":[{"count":1,"href":"https:\/\/www.cuballama.com\/noticias\/wp-json\/wp\/v2\/posts\/231833\/revisions"}],"predecessor-version":[{"id":231834,"href":"https:\/\/www.cuballama.com\/noticias\/wp-json\/wp\/v2\/posts\/231833\/revisions\/231834"}],"wp:featuredmedia":[{"embeddable":true,"href":"https:\/\/www.cuballama.com\/noticias\/wp-json\/wp\/v2\/media\/197780"}],"wp:attachment":[{"href":"https:\/\/www.cuballama.com\/noticias\/wp-json\/wp\/v2\/media?parent=231833"}],"wp:term":[{"taxonomy":"category","embeddable":true,"href":"https:\/\/www.cuballama.com\/noticias\/wp-json\/wp\/v2\/categories?post=231833"},{"taxonomy":"post_tag","embeddable":true,"href":"https:\/\/www.cuballama.com\/noticias\/wp-json\/wp\/v2\/tags?post=231833"}],"curies":[{"name":"wp","href":"https:\/\/api.w.org\/{rel}","templated":true}]}}