{"id":231798,"date":"2026-01-13T10:33:44","date_gmt":"2026-01-13T15:33:44","guid":{"rendered":"https:\/\/www.cuballama.com\/noticias\/?p=231798"},"modified":"2026-01-13T10:33:47","modified_gmt":"2026-01-13T15:33:47","slug":"baby-alvarez-viene-en-camino-ja-rulay-y-marell-infante-celebran-la-llegada-de-su-primer-bebe","status":"publish","type":"post","link":"https:\/\/www.cuballama.com\/noticias\/baby-alvarez-viene-en-camino-ja-rulay-y-marell-infante-celebran-la-llegada-de-su-primer-bebe\/","title":{"rendered":"\u201cBaby \u00c1lvarez\u201d viene en camino: Ja Rulay y Marell Infante celebran la llegada de su primer beb\u00e9"},"content":{"rendered":"\n<p>El 2026 arranc\u00f3 con una noticia que ha tocado fibras sensibles en la far\u00e1ndula cubana: el reguetonero Ja Rulay y su pareja, Marell Infante, est\u00e1n esperando su primer beb\u00e9 juntos. La pareja atraviesa uno de los momentos m\u00e1s luminosos de su historia personal y lo ha compartido con su comunidad digital desde un lugar \u00edntimo, familiar y profundamente emotivo.<\/p>\n\n\n\n<p>Este 12 de enero, Ja Rulay public\u00f3 en sus historias de Instagram varias im\u00e1genes del baby shower que organizaron para celebrar la llegada de su primog\u00e9nito. El evento, lejos de cualquier exceso, respir\u00f3 ternura por cada rinc\u00f3n. La decoraci\u00f3n apost\u00f3 por tonos claros, globos, nubes y unas enormes letras que dec\u00edan \u201cBaby \u00c1lvarez\u201d, anticipando el apellido que llevar\u00e1 el nuevo integrante de la familia. En las fotos se aprecia a la pareja vestida completamente de blanco, rodeada de familiares, amistades cercanas y colegas del g\u00e9nero urbano que no quisieron perderse este cap\u00edtulo tan especial.<\/p>\n\n\n\n<figure class=\"wp-block-image size-large\"><img loading=\"lazy\" decoding=\"async\" width=\"575\" height=\"1024\" src=\"https:\/\/cdn1.mediawpaccore.net\/wp-content\/uploads\/2026\/01\/13095545\/Captura-de-pantalla-2026-01-13-a-las-15.34.45-575x1024.png\" alt=\"\" class=\"wp-image-231813\" srcset=\"https:\/\/cdn1.mediawpaccore.net\/wp-content\/uploads\/2026\/01\/13095545\/Captura-de-pantalla-2026-01-13-a-las-15.34.45-575x1024.png 575w, https:\/\/cdn1.mediawpaccore.net\/wp-content\/uploads\/2026\/01\/13095545\/Captura-de-pantalla-2026-01-13-a-las-15.34.45-168x300.png 168w, https:\/\/cdn1.mediawpaccore.net\/wp-content\/uploads\/2026\/01\/13095545\/Captura-de-pantalla-2026-01-13-a-las-15.34.45-768x1368.png 768w, https:\/\/cdn1.mediawpaccore.net\/wp-content\/uploads\/2026\/01\/13095545\/Captura-de-pantalla-2026-01-13-a-las-15.34.45-236x420.png 236w, https:\/\/cdn1.mediawpaccore.net\/wp-content\/uploads\/2026\/01\/13095545\/Captura-de-pantalla-2026-01-13-a-las-15.34.45-150x267.png 150w, https:\/\/cdn1.mediawpaccore.net\/wp-content\/uploads\/2026\/01\/13095545\/Captura-de-pantalla-2026-01-13-a-las-15.34.45-300x534.png 300w, https:\/\/cdn1.mediawpaccore.net\/wp-content\/uploads\/2026\/01\/13095545\/Captura-de-pantalla-2026-01-13-a-las-15.34.45-696x1240.png 696w, https:\/\/cdn1.mediawpaccore.net\/wp-content\/uploads\/2026\/01\/13095545\/Captura-de-pantalla-2026-01-13-a-las-15.34.45.png 822w\" sizes=\"auto, (max-width: 575px) 100vw, 575px\" \/><\/figure>\n\n\n\n<p>Uno de los mensajes que m\u00e1s reson\u00f3 fue el de Yomil Hidalgo, quien escribi\u00f3: \u201cFelicidades, Jarru, ya viene el primer cachorrito\u201d. Una frase sencilla, pero cargada de complicidad, cari\u00f1o y reconocimiento, que se sum\u00f3 a una avalancha de bendiciones, emojis de corazones y palabras de aliento que inundaron las redes en cuesti\u00f3n de horas.<\/p>\n\n\n\n<p><strong>Lea m\u00e1s: <a href=\"https:\/\/www.cuballama.com\/noticias\/ja-rulay-y-su-pareja-pierden-a-su-bebe\/\" target=\"_blank\" rel=\"noreferrer noopener\">Ja Rulay y su pareja pierden a su beb\u00e9<\/a><\/strong><\/p>\n\n\n\n<p>Aunque hasta el momento Ja Rulay y Marell no han revelado p\u00fablicamente el sexo del beb\u00e9, los comentarios no se han hecho esperar. Entre bromas, apuestas y teor\u00edas, muchos seguidores creen que ser\u00e1 un varoncito. Lo cierto es que, m\u00e1s all\u00e1 de la curiosidad, lo que predomina es una sensaci\u00f3n colectiva de alegr\u00eda genuina, como si este embarazo tambi\u00e9n representara una victoria emocional compartida con su p\u00fablico.<\/p>\n\n\n\n<figure class=\"wp-block-image size-large\"><img loading=\"lazy\" decoding=\"async\" width=\"575\" height=\"1024\" src=\"https:\/\/cdn1.mediawpaccore.net\/wp-content\/uploads\/2026\/01\/13095554\/Captura-de-pantalla-2026-01-13-a-las-15.34.54-575x1024.png\" alt=\"\" class=\"wp-image-231814\" srcset=\"https:\/\/cdn1.mediawpaccore.net\/wp-content\/uploads\/2026\/01\/13095554\/Captura-de-pantalla-2026-01-13-a-las-15.34.54-575x1024.png 575w, https:\/\/cdn1.mediawpaccore.net\/wp-content\/uploads\/2026\/01\/13095554\/Captura-de-pantalla-2026-01-13-a-las-15.34.54-168x300.png 168w, https:\/\/cdn1.mediawpaccore.net\/wp-content\/uploads\/2026\/01\/13095554\/Captura-de-pantalla-2026-01-13-a-las-15.34.54-768x1368.png 768w, https:\/\/cdn1.mediawpaccore.net\/wp-content\/uploads\/2026\/01\/13095554\/Captura-de-pantalla-2026-01-13-a-las-15.34.54-236x420.png 236w, https:\/\/cdn1.mediawpaccore.net\/wp-content\/uploads\/2026\/01\/13095554\/Captura-de-pantalla-2026-01-13-a-las-15.34.54-150x267.png 150w, https:\/\/cdn1.mediawpaccore.net\/wp-content\/uploads\/2026\/01\/13095554\/Captura-de-pantalla-2026-01-13-a-las-15.34.54-300x534.png 300w, https:\/\/cdn1.mediawpaccore.net\/wp-content\/uploads\/2026\/01\/13095554\/Captura-de-pantalla-2026-01-13-a-las-15.34.54-696x1240.png 696w, https:\/\/cdn1.mediawpaccore.net\/wp-content\/uploads\/2026\/01\/13095554\/Captura-de-pantalla-2026-01-13-a-las-15.34.54.png 822w\" sizes=\"auto, (max-width: 575px) 100vw, 575px\" \/><\/figure>\n\n\n\n<p>Y no es para menos. Este anuncio llega despu\u00e9s de un cap\u00edtulo doloroso en la vida del artista. En noviembre de 2023, Ja Rulay vivi\u00f3 la p\u00e9rdida de un beb\u00e9 que esperaba junto a su entonces pareja, Chanty, una modelo radicada en Miami. El golpe fue especialmente duro, pues ocurri\u00f3 apenas d\u00edas antes de que se celebrara el gender reveal en el hotel Habana Libre. Aquella experiencia marc\u00f3 un punto de quiebre no solo en su vida personal, sino tambi\u00e9n en su relaci\u00f3n, que termin\u00f3 poco despu\u00e9s.<\/p>\n\n\n\n<p>Por eso, este nuevo embarazo no es solo una buena noticia: es una historia de resiliencia, de segundas oportunidades y de esperanza reconstruida. Para Ja Rulay, que en los \u00faltimos meses ha logrado posicionar varios temas dentro de la escena urbana cubana, la llegada de su primer hijo representa una alegr\u00eda que trasciende los charts y los n\u00fameros.<\/p>\n","protected":false},"excerpt":{"rendered":"<p>Este anuncio llega despu\u00e9s de un cap\u00edtulo doloroso en la vida del artista<\/p>\n","protected":false},"author":27,"featured_media":231811,"comment_status":"open","ping_status":"closed","sticky":false,"template":"","format":"standard","meta":{"_acf_changed":false,"footnotes":""},"categories":[443],"tags":[21510,18814,6160],"class_list":{"0":"post-231798","1":"post","2":"type-post","3":"status-publish","4":"format-standard","5":"has-post-thumbnail","7":"category-farandula","8":"tag-gender-reveal","9":"tag-ja-rulay","10":"tag-reguetoneros-cubanos"},"acf":[],"yoast_head":"<!-- This site is optimized with the Yoast SEO plugin v27.4 - https:\/\/yoast.com\/product\/yoast-seo-wordpress\/ -->\n<title>\u201cBaby \u00c1lvarez\u201d viene en camino: Ja Rulay y Marell Infante celebran la llegada de su primer beb\u00e9 - Cuballama Noticias<\/title>\n<meta name=\"description\" content=\"El joven reguetonero Ja Rulay y su pareja, la modelo Marell Infante, est\u00e1n esperando su primer beb\u00e9 juntos\" \/>\n<meta name=\"robots\" content=\"index, follow, max-snippet:-1, max-image-preview:large, max-video-preview:-1\" \/>\n<link rel=\"canonical\" href=\"https:\/\/www.cuballama.com\/noticias\/baby-alvarez-viene-en-camino-ja-rulay-y-marell-infante-celebran-la-llegada-de-su-primer-bebe\/\" \/>\n<meta property=\"og:locale\" content=\"es_ES\" \/>\n<meta property=\"og:type\" content=\"article\" \/>\n<meta property=\"og:title\" content=\"\u201cBaby \u00c1lvarez\u201d viene en camino: Ja Rulay y Marell Infante celebran la llegada de su primer beb\u00e9 - Cuballama Noticias\" \/>\n<meta property=\"og:description\" content=\"El joven reguetonero Ja Rulay y su pareja, la modelo Marell Infante, est\u00e1n esperando su primer beb\u00e9 juntos\" \/>\n<meta property=\"og:url\" content=\"https:\/\/www.cuballama.com\/noticias\/baby-alvarez-viene-en-camino-ja-rulay-y-marell-infante-celebran-la-llegada-de-su-primer-bebe\/\" \/>\n<meta property=\"og:site_name\" content=\"Cuballama Noticias\" \/>\n<meta property=\"article:publisher\" content=\"https:\/\/www.facebook.com\/CubaLlama\" \/>\n<meta property=\"article:published_time\" content=\"2026-01-13T15:33:44+00:00\" \/>\n<meta property=\"article:modified_time\" content=\"2026-01-13T15:33:47+00:00\" \/>\n<meta property=\"og:image\" content=\"https:\/\/cdn1.mediawpaccore.net\/wp-content\/uploads\/2026\/01\/13093710\/Captura-de-pantalla-2026-01-13-a-las-15.36.54-1024x693.png\" \/>\n\t<meta property=\"og:image:width\" content=\"1024\" \/>\n\t<meta property=\"og:image:height\" content=\"693\" \/>\n\t<meta property=\"og:image:type\" content=\"image\/png\" \/>\n<meta name=\"author\" content=\"Rafa\" \/>\n<meta name=\"twitter:card\" content=\"summary_large_image\" \/>\n<meta name=\"twitter:creator\" content=\"@cuballama\" \/>\n<meta name=\"twitter:site\" content=\"@cuballama\" \/>\n<meta name=\"twitter:label1\" content=\"Escrito por\" \/>\n\t<meta name=\"twitter:data1\" content=\"Rafa\" \/>\n\t<meta name=\"twitter:label2\" content=\"Tiempo de lectura\" \/>\n\t<meta name=\"twitter:data2\" content=\"3 minutos\" \/>\n<script type=\"application\/ld+json\" class=\"yoast-schema-graph\">{\"@context\":\"https:\\\/\\\/schema.org\",\"@graph\":[{\"@type\":\"Article\",\"@id\":\"https:\\\/\\\/www.cuballama.com\\\/noticias\\\/baby-alvarez-viene-en-camino-ja-rulay-y-marell-infante-celebran-la-llegada-de-su-primer-bebe\\\/#article\",\"isPartOf\":{\"@id\":\"https:\\\/\\\/www.cuballama.com\\\/noticias\\\/baby-alvarez-viene-en-camino-ja-rulay-y-marell-infante-celebran-la-llegada-de-su-primer-bebe\\\/\"},\"author\":{\"name\":\"Rafa\",\"@id\":\"https:\\\/\\\/www.cuballama.com\\\/noticias\\\/#\\\/schema\\\/person\\\/0f97914526a658755f00e59ec2a832f2\"},\"headline\":\"\u201cBaby \u00c1lvarez\u201d viene en camino: Ja Rulay y Marell Infante celebran la llegada de su primer beb\u00e9\",\"datePublished\":\"2026-01-13T15:33:44+00:00\",\"dateModified\":\"2026-01-13T15:33:47+00:00\",\"mainEntityOfPage\":{\"@id\":\"https:\\\/\\\/www.cuballama.com\\\/noticias\\\/baby-alvarez-viene-en-camino-ja-rulay-y-marell-infante-celebran-la-llegada-de-su-primer-bebe\\\/\"},\"wordCount\":474,\"commentCount\":0,\"publisher\":{\"@id\":\"https:\\\/\\\/www.cuballama.com\\\/noticias\\\/#organization\"},\"image\":{\"@id\":\"https:\\\/\\\/www.cuballama.com\\\/noticias\\\/baby-alvarez-viene-en-camino-ja-rulay-y-marell-infante-celebran-la-llegada-de-su-primer-bebe\\\/#primaryimage\"},\"thumbnailUrl\":\"https:\\\/\\\/cdn1.mediawpaccore.net\\\/wp-content\\\/uploads\\\/2026\\\/01\\\/13093710\\\/Captura-de-pantalla-2026-01-13-a-las-15.36.54.png\",\"keywords\":[\"Gender Reveal\",\"Ja Rulay\",\"Reguetoneros cubanos\"],\"articleSection\":[\"Far\u00e1ndula\"],\"inLanguage\":\"es\",\"potentialAction\":[{\"@type\":\"CommentAction\",\"name\":\"Comment\",\"target\":[\"https:\\\/\\\/www.cuballama.com\\\/noticias\\\/baby-alvarez-viene-en-camino-ja-rulay-y-marell-infante-celebran-la-llegada-de-su-primer-bebe\\\/#respond\"]}]},{\"@type\":\"WebPage\",\"@id\":\"https:\\\/\\\/www.cuballama.com\\\/noticias\\\/baby-alvarez-viene-en-camino-ja-rulay-y-marell-infante-celebran-la-llegada-de-su-primer-bebe\\\/\",\"url\":\"https:\\\/\\\/www.cuballama.com\\\/noticias\\\/baby-alvarez-viene-en-camino-ja-rulay-y-marell-infante-celebran-la-llegada-de-su-primer-bebe\\\/\",\"name\":\"\u201cBaby \u00c1lvarez\u201d viene en camino: Ja Rulay y Marell Infante celebran la llegada de su primer beb\u00e9 - Cuballama Noticias\",\"isPartOf\":{\"@id\":\"https:\\\/\\\/www.cuballama.com\\\/noticias\\\/#website\"},\"primaryImageOfPage\":{\"@id\":\"https:\\\/\\\/www.cuballama.com\\\/noticias\\\/baby-alvarez-viene-en-camino-ja-rulay-y-marell-infante-celebran-la-llegada-de-su-primer-bebe\\\/#primaryimage\"},\"image\":{\"@id\":\"https:\\\/\\\/www.cuballama.com\\\/noticias\\\/baby-alvarez-viene-en-camino-ja-rulay-y-marell-infante-celebran-la-llegada-de-su-primer-bebe\\\/#primaryimage\"},\"thumbnailUrl\":\"https:\\\/\\\/cdn1.mediawpaccore.net\\\/wp-content\\\/uploads\\\/2026\\\/01\\\/13093710\\\/Captura-de-pantalla-2026-01-13-a-las-15.36.54.png\",\"datePublished\":\"2026-01-13T15:33:44+00:00\",\"dateModified\":\"2026-01-13T15:33:47+00:00\",\"description\":\"El joven reguetonero Ja Rulay y su pareja, la modelo Marell Infante, est\u00e1n esperando su primer beb\u00e9 juntos\",\"breadcrumb\":{\"@id\":\"https:\\\/\\\/www.cuballama.com\\\/noticias\\\/baby-alvarez-viene-en-camino-ja-rulay-y-marell-infante-celebran-la-llegada-de-su-primer-bebe\\\/#breadcrumb\"},\"inLanguage\":\"es\",\"potentialAction\":[{\"@type\":\"ReadAction\",\"target\":[\"https:\\\/\\\/www.cuballama.com\\\/noticias\\\/baby-alvarez-viene-en-camino-ja-rulay-y-marell-infante-celebran-la-llegada-de-su-primer-bebe\\\/\"]}]},{\"@type\":\"ImageObject\",\"inLanguage\":\"es\",\"@id\":\"https:\\\/\\\/www.cuballama.com\\\/noticias\\\/baby-alvarez-viene-en-camino-ja-rulay-y-marell-infante-celebran-la-llegada-de-su-primer-bebe\\\/#primaryimage\",\"url\":\"https:\\\/\\\/cdn1.mediawpaccore.net\\\/wp-content\\\/uploads\\\/2026\\\/01\\\/13093710\\\/Captura-de-pantalla-2026-01-13-a-las-15.36.54.png\",\"contentUrl\":\"https:\\\/\\\/cdn1.mediawpaccore.net\\\/wp-content\\\/uploads\\\/2026\\\/01\\\/13093710\\\/Captura-de-pantalla-2026-01-13-a-las-15.36.54.png\",\"width\":1594,\"height\":1078,\"caption\":\"Foto: Instagram\"},{\"@type\":\"BreadcrumbList\",\"@id\":\"https:\\\/\\\/www.cuballama.com\\\/noticias\\\/baby-alvarez-viene-en-camino-ja-rulay-y-marell-infante-celebran-la-llegada-de-su-primer-bebe\\\/#breadcrumb\",\"itemListElement\":[{\"@type\":\"ListItem\",\"position\":1,\"name\":\"Home\",\"item\":\"https:\\\/\\\/www.cuballama.com\\\/noticias\\\/\"},{\"@type\":\"ListItem\",\"position\":2,\"name\":\"\u201cBaby \u00c1lvarez\u201d viene en camino: Ja Rulay y Marell Infante celebran la llegada de su primer beb\u00e9\"}]},{\"@type\":\"WebSite\",\"@id\":\"https:\\\/\\\/www.cuballama.com\\\/noticias\\\/#website\",\"url\":\"https:\\\/\\\/www.cuballama.com\\\/noticias\\\/\",\"name\":\"Cuballama Noticias\",\"description\":\"Medio digital sobre Cuba y el mundo\",\"publisher\":{\"@id\":\"https:\\\/\\\/www.cuballama.com\\\/noticias\\\/#organization\"},\"potentialAction\":[{\"@type\":\"SearchAction\",\"target\":{\"@type\":\"EntryPoint\",\"urlTemplate\":\"https:\\\/\\\/www.cuballama.com\\\/noticias\\\/?s={search_term_string}\"},\"query-input\":{\"@type\":\"PropertyValueSpecification\",\"valueRequired\":true,\"valueName\":\"search_term_string\"}}],\"inLanguage\":\"es\"},{\"@type\":\"Organization\",\"@id\":\"https:\\\/\\\/www.cuballama.com\\\/noticias\\\/#organization\",\"name\":\"Cuballama\",\"url\":\"https:\\\/\\\/www.cuballama.com\\\/noticias\\\/\",\"logo\":{\"@type\":\"ImageObject\",\"inLanguage\":\"es\",\"@id\":\"https:\\\/\\\/www.cuballama.com\\\/noticias\\\/#\\\/schema\\\/logo\\\/image\\\/\",\"url\":\"https:\\\/\\\/cdn1.mediawpaccore.net\\\/wp-content\\\/uploads\\\/2021\\\/12\\\/28171206\\\/cbll-logo-color-sm.png\",\"contentUrl\":\"https:\\\/\\\/cdn1.mediawpaccore.net\\\/wp-content\\\/uploads\\\/2021\\\/12\\\/28171206\\\/cbll-logo-color-sm.png\",\"width\":600,\"height\":133,\"caption\":\"Cuballama\"},\"image\":{\"@id\":\"https:\\\/\\\/www.cuballama.com\\\/noticias\\\/#\\\/schema\\\/logo\\\/image\\\/\"},\"sameAs\":[\"https:\\\/\\\/www.facebook.com\\\/CubaLlama\",\"https:\\\/\\\/x.com\\\/cuballama\",\"https:\\\/\\\/www.instagram.com\\\/stories\\\/cuballama_oficial\\\/\",\"https:\\\/\\\/www.youtube.com\\\/channel\\\/UCKkFE-d_axENGZcrc4as0IA\"]},{\"@type\":\"Person\",\"@id\":\"https:\\\/\\\/www.cuballama.com\\\/noticias\\\/#\\\/schema\\\/person\\\/0f97914526a658755f00e59ec2a832f2\",\"name\":\"Rafa\",\"url\":\"https:\\\/\\\/www.cuballama.com\\\/noticias\\\/author\\\/rafa\\\/\"}]}<\/script>\n<!-- \/ Yoast SEO plugin. -->","yoast_head_json":{"title":"\u201cBaby \u00c1lvarez\u201d viene en camino: Ja Rulay y Marell Infante celebran la llegada de su primer beb\u00e9 - Cuballama Noticias","description":"El joven reguetonero Ja Rulay y su pareja, la modelo Marell Infante, est\u00e1n esperando su primer beb\u00e9 juntos","robots":{"index":"index","follow":"follow","max-snippet":"max-snippet:-1","max-image-preview":"max-image-preview:large","max-video-preview":"max-video-preview:-1"},"canonical":"https:\/\/www.cuballama.com\/noticias\/baby-alvarez-viene-en-camino-ja-rulay-y-marell-infante-celebran-la-llegada-de-su-primer-bebe\/","og_locale":"es_ES","og_type":"article","og_title":"\u201cBaby \u00c1lvarez\u201d viene en camino: Ja Rulay y Marell Infante celebran la llegada de su primer beb\u00e9 - Cuballama Noticias","og_description":"El joven reguetonero Ja Rulay y su pareja, la modelo Marell Infante, est\u00e1n esperando su primer beb\u00e9 juntos","og_url":"https:\/\/www.cuballama.com\/noticias\/baby-alvarez-viene-en-camino-ja-rulay-y-marell-infante-celebran-la-llegada-de-su-primer-bebe\/","og_site_name":"Cuballama Noticias","article_publisher":"https:\/\/www.facebook.com\/CubaLlama","article_published_time":"2026-01-13T15:33:44+00:00","article_modified_time":"2026-01-13T15:33:47+00:00","og_image":[{"width":1024,"height":693,"url":"https:\/\/cdn1.mediawpaccore.net\/wp-content\/uploads\/2026\/01\/13093710\/Captura-de-pantalla-2026-01-13-a-las-15.36.54-1024x693.png","type":"image\/png"}],"author":"Rafa","twitter_card":"summary_large_image","twitter_creator":"@cuballama","twitter_site":"@cuballama","twitter_misc":{"Escrito por":"Rafa","Tiempo de lectura":"3 minutos"},"schema":{"@context":"https:\/\/schema.org","@graph":[{"@type":"Article","@id":"https:\/\/www.cuballama.com\/noticias\/baby-alvarez-viene-en-camino-ja-rulay-y-marell-infante-celebran-la-llegada-de-su-primer-bebe\/#article","isPartOf":{"@id":"https:\/\/www.cuballama.com\/noticias\/baby-alvarez-viene-en-camino-ja-rulay-y-marell-infante-celebran-la-llegada-de-su-primer-bebe\/"},"author":{"name":"Rafa","@id":"https:\/\/www.cuballama.com\/noticias\/#\/schema\/person\/0f97914526a658755f00e59ec2a832f2"},"headline":"\u201cBaby \u00c1lvarez\u201d viene en camino: Ja Rulay y Marell Infante celebran la llegada de su primer beb\u00e9","datePublished":"2026-01-13T15:33:44+00:00","dateModified":"2026-01-13T15:33:47+00:00","mainEntityOfPage":{"@id":"https:\/\/www.cuballama.com\/noticias\/baby-alvarez-viene-en-camino-ja-rulay-y-marell-infante-celebran-la-llegada-de-su-primer-bebe\/"},"wordCount":474,"commentCount":0,"publisher":{"@id":"https:\/\/www.cuballama.com\/noticias\/#organization"},"image":{"@id":"https:\/\/www.cuballama.com\/noticias\/baby-alvarez-viene-en-camino-ja-rulay-y-marell-infante-celebran-la-llegada-de-su-primer-bebe\/#primaryimage"},"thumbnailUrl":"https:\/\/cdn1.mediawpaccore.net\/wp-content\/uploads\/2026\/01\/13093710\/Captura-de-pantalla-2026-01-13-a-las-15.36.54.png","keywords":["Gender Reveal","Ja Rulay","Reguetoneros cubanos"],"articleSection":["Far\u00e1ndula"],"inLanguage":"es","potentialAction":[{"@type":"CommentAction","name":"Comment","target":["https:\/\/www.cuballama.com\/noticias\/baby-alvarez-viene-en-camino-ja-rulay-y-marell-infante-celebran-la-llegada-de-su-primer-bebe\/#respond"]}]},{"@type":"WebPage","@id":"https:\/\/www.cuballama.com\/noticias\/baby-alvarez-viene-en-camino-ja-rulay-y-marell-infante-celebran-la-llegada-de-su-primer-bebe\/","url":"https:\/\/www.cuballama.com\/noticias\/baby-alvarez-viene-en-camino-ja-rulay-y-marell-infante-celebran-la-llegada-de-su-primer-bebe\/","name":"\u201cBaby \u00c1lvarez\u201d viene en camino: Ja Rulay y Marell Infante celebran la llegada de su primer beb\u00e9 - Cuballama Noticias","isPartOf":{"@id":"https:\/\/www.cuballama.com\/noticias\/#website"},"primaryImageOfPage":{"@id":"https:\/\/www.cuballama.com\/noticias\/baby-alvarez-viene-en-camino-ja-rulay-y-marell-infante-celebran-la-llegada-de-su-primer-bebe\/#primaryimage"},"image":{"@id":"https:\/\/www.cuballama.com\/noticias\/baby-alvarez-viene-en-camino-ja-rulay-y-marell-infante-celebran-la-llegada-de-su-primer-bebe\/#primaryimage"},"thumbnailUrl":"https:\/\/cdn1.mediawpaccore.net\/wp-content\/uploads\/2026\/01\/13093710\/Captura-de-pantalla-2026-01-13-a-las-15.36.54.png","datePublished":"2026-01-13T15:33:44+00:00","dateModified":"2026-01-13T15:33:47+00:00","description":"El joven reguetonero Ja Rulay y su pareja, la modelo Marell Infante, est\u00e1n esperando su primer beb\u00e9 juntos","breadcrumb":{"@id":"https:\/\/www.cuballama.com\/noticias\/baby-alvarez-viene-en-camino-ja-rulay-y-marell-infante-celebran-la-llegada-de-su-primer-bebe\/#breadcrumb"},"inLanguage":"es","potentialAction":[{"@type":"ReadAction","target":["https:\/\/www.cuballama.com\/noticias\/baby-alvarez-viene-en-camino-ja-rulay-y-marell-infante-celebran-la-llegada-de-su-primer-bebe\/"]}]},{"@type":"ImageObject","inLanguage":"es","@id":"https:\/\/www.cuballama.com\/noticias\/baby-alvarez-viene-en-camino-ja-rulay-y-marell-infante-celebran-la-llegada-de-su-primer-bebe\/#primaryimage","url":"https:\/\/cdn1.mediawpaccore.net\/wp-content\/uploads\/2026\/01\/13093710\/Captura-de-pantalla-2026-01-13-a-las-15.36.54.png","contentUrl":"https:\/\/cdn1.mediawpaccore.net\/wp-content\/uploads\/2026\/01\/13093710\/Captura-de-pantalla-2026-01-13-a-las-15.36.54.png","width":1594,"height":1078,"caption":"Foto: Instagram"},{"@type":"BreadcrumbList","@id":"https:\/\/www.cuballama.com\/noticias\/baby-alvarez-viene-en-camino-ja-rulay-y-marell-infante-celebran-la-llegada-de-su-primer-bebe\/#breadcrumb","itemListElement":[{"@type":"ListItem","position":1,"name":"Home","item":"https:\/\/www.cuballama.com\/noticias\/"},{"@type":"ListItem","position":2,"name":"\u201cBaby \u00c1lvarez\u201d viene en camino: Ja Rulay y Marell Infante celebran la llegada de su primer beb\u00e9"}]},{"@type":"WebSite","@id":"https:\/\/www.cuballama.com\/noticias\/#website","url":"https:\/\/www.cuballama.com\/noticias\/","name":"Cuballama Noticias","description":"Medio digital sobre Cuba y el mundo","publisher":{"@id":"https:\/\/www.cuballama.com\/noticias\/#organization"},"potentialAction":[{"@type":"SearchAction","target":{"@type":"EntryPoint","urlTemplate":"https:\/\/www.cuballama.com\/noticias\/?s={search_term_string}"},"query-input":{"@type":"PropertyValueSpecification","valueRequired":true,"valueName":"search_term_string"}}],"inLanguage":"es"},{"@type":"Organization","@id":"https:\/\/www.cuballama.com\/noticias\/#organization","name":"Cuballama","url":"https:\/\/www.cuballama.com\/noticias\/","logo":{"@type":"ImageObject","inLanguage":"es","@id":"https:\/\/www.cuballama.com\/noticias\/#\/schema\/logo\/image\/","url":"https:\/\/cdn1.mediawpaccore.net\/wp-content\/uploads\/2021\/12\/28171206\/cbll-logo-color-sm.png","contentUrl":"https:\/\/cdn1.mediawpaccore.net\/wp-content\/uploads\/2021\/12\/28171206\/cbll-logo-color-sm.png","width":600,"height":133,"caption":"Cuballama"},"image":{"@id":"https:\/\/www.cuballama.com\/noticias\/#\/schema\/logo\/image\/"},"sameAs":["https:\/\/www.facebook.com\/CubaLlama","https:\/\/x.com\/cuballama","https:\/\/www.instagram.com\/stories\/cuballama_oficial\/","https:\/\/www.youtube.com\/channel\/UCKkFE-d_axENGZcrc4as0IA"]},{"@type":"Person","@id":"https:\/\/www.cuballama.com\/noticias\/#\/schema\/person\/0f97914526a658755f00e59ec2a832f2","name":"Rafa","url":"https:\/\/www.cuballama.com\/noticias\/author\/rafa\/"}]}},"_links":{"self":[{"href":"https:\/\/www.cuballama.com\/noticias\/wp-json\/wp\/v2\/posts\/231798","targetHints":{"allow":["GET"]}}],"collection":[{"href":"https:\/\/www.cuballama.com\/noticias\/wp-json\/wp\/v2\/posts"}],"about":[{"href":"https:\/\/www.cuballama.com\/noticias\/wp-json\/wp\/v2\/types\/post"}],"author":[{"embeddable":true,"href":"https:\/\/www.cuballama.com\/noticias\/wp-json\/wp\/v2\/users\/27"}],"replies":[{"embeddable":true,"href":"https:\/\/www.cuballama.com\/noticias\/wp-json\/wp\/v2\/comments?post=231798"}],"version-history":[{"count":1,"href":"https:\/\/www.cuballama.com\/noticias\/wp-json\/wp\/v2\/posts\/231798\/revisions"}],"predecessor-version":[{"id":231822,"href":"https:\/\/www.cuballama.com\/noticias\/wp-json\/wp\/v2\/posts\/231798\/revisions\/231822"}],"wp:featuredmedia":[{"embeddable":true,"href":"https:\/\/www.cuballama.com\/noticias\/wp-json\/wp\/v2\/media\/231811"}],"wp:attachment":[{"href":"https:\/\/www.cuballama.com\/noticias\/wp-json\/wp\/v2\/media?parent=231798"}],"wp:term":[{"taxonomy":"category","embeddable":true,"href":"https:\/\/www.cuballama.com\/noticias\/wp-json\/wp\/v2\/categories?post=231798"},{"taxonomy":"post_tag","embeddable":true,"href":"https:\/\/www.cuballama.com\/noticias\/wp-json\/wp\/v2\/tags?post=231798"}],"curies":[{"name":"wp","href":"https:\/\/api.w.org\/{rel}","templated":true}]}}