{"id":231795,"date":"2026-01-13T09:06:06","date_gmt":"2026-01-13T14:06:06","guid":{"rendered":"https:\/\/www.cuballama.com\/noticias\/?p=231795"},"modified":"2026-01-13T09:06:09","modified_gmt":"2026-01-13T14:06:09","slug":"daniela-reyes-esta-embarazada-indiscrecion-de-rachel-arderi-pone-a-hablar-a-medio-instagram","status":"publish","type":"post","link":"https:\/\/www.cuballama.com\/noticias\/daniela-reyes-esta-embarazada-indiscrecion-de-rachel-arderi-pone-a-hablar-a-medio-instagram\/","title":{"rendered":"\u00bfDaniela Reyes est\u00e1 embarazada? Indiscreci\u00f3n de Rachel Arderi pone a hablar a medio Instagram"},"content":{"rendered":"\n<p>Las redes sociales vuelven a hacer de las suyas y esta vez el foco est\u00e1 puesto sobre la influencer cubana Daniela Reyes. En las \u00faltimas horas, cientos de usuarios comenzaron a preguntarse si la joven podr\u00eda estar esperando su primer hijo, luego de un comentario aparentemente inocente que recibi\u00f3 de su amiga Rachel Arderi en Instagram y que muchos interpretaron como una pista demasiado reveladora.<\/p>\n\n\n\n<p>Todo comenz\u00f3 con una publicaci\u00f3n de Rachel Arderi junto a su hija M\u00eda, de apenas un a\u00f1o, que r\u00e1pidamente se volvi\u00f3 viral por su ternura. En el video, madre e hija protagonizan una divertida sesi\u00f3n de belleza en la que aparecen usando batas y toallas rosas, frente a un enorme castillo de juguetes, mientras se maquillan, juegan y se r\u00eden como dos mejores amigas. La escena, adem\u00e1s de derretir a miles de seguidores, tambi\u00e9n gener\u00f3 una ola de comentarios llenos de cari\u00f1o y admiraci\u00f3n.<\/p>\n\n\n\n<p><strong>Lea m\u00e1s: <a href=\"https:\/\/www.cuballama.com\/noticias\/yomil-habla-de-su-ruptura-con-daniela-reyes-estoy-muy-soltero-y-disfrutando-la-soledad\/\" target=\"_blank\" rel=\"noreferrer noopener\">Yomil habla de su ruptura con Daniela Reyes: \u201cEstoy MUY soltero y disfrutando la soledad\u201d<\/a><\/strong><\/p>\n\n\n\n<p>Entre ellos, destac\u00f3 el de Daniela Reyes, quien escribi\u00f3: \u201c\u00a1Qu\u00e9 belleza, por favor!\u201d, una reacci\u00f3n natural viniendo de alguien tan cercano a Rachel. Sin embargo, lo que nadie esperaba era la respuesta que desatar\u00eda la tormenta de rumores. Rachel le contest\u00f3: \u201cAhorita est\u00e1s as\u00ed\u201d. Para muchos, esa breve frase fue suficiente para levantar sospechas: \u00bfse refer\u00eda a que Daniela podr\u00eda convertirse pronto en mam\u00e1?<\/p>\n\n\n\n<blockquote class=\"instagram-media\" data-instgrm-captioned data-instgrm-permalink=\"https:\/\/www.instagram.com\/reel\/DTbLAsdEdqB\/?utm_source=ig_embed&amp;utm_campaign=loading\" data-instgrm-version=\"14\" style=\" background:#FFF; border:0; border-radius:3px; box-shadow:0 0 1px 0 rgba(0,0,0,0.5),0 1px 10px 0 rgba(0,0,0,0.15); margin: 1px; max-width:540px; min-width:326px; padding:0; width:99.375%; width:-webkit-calc(100% - 2px); width:calc(100% - 2px);\"><div style=\"padding:16px;\"> <a href=\"https:\/\/www.instagram.com\/reel\/DTbLAsdEdqB\/?utm_source=ig_embed&amp;utm_campaign=loading\" style=\" background:#FFFFFF; line-height:0; padding:0 0; text-align:center; text-decoration:none; width:100%;\" target=\"_blank\"> <div style=\" display: flex; flex-direction: row; align-items: center;\"> <div style=\"background-color: #F4F4F4; border-radius: 50%; flex-grow: 0; height: 40px; margin-right: 14px; width: 40px;\"><\/div> <div style=\"display: flex; flex-direction: column; flex-grow: 1; justify-content: center;\"> <div style=\" background-color: #F4F4F4; border-radius: 4px; flex-grow: 0; height: 14px; margin-bottom: 6px; width: 100px;\"><\/div> <div style=\" background-color: #F4F4F4; border-radius: 4px; flex-grow: 0; height: 14px; width: 60px;\"><\/div><\/div><\/div><div style=\"padding: 19% 0;\"><\/div> <div style=\"display:block; height:50px; margin:0 auto 12px; width:50px;\"><svg width=\"50px\" height=\"50px\" viewBox=\"0 0 60 60\" version=\"1.1\" xmlns=\"https:\/\/www.w3.org\/2000\/svg\" xmlns:xlink=\"https:\/\/www.w3.org\/1999\/xlink\"><g stroke=\"none\" stroke-width=\"1\" fill=\"none\" fill-rule=\"evenodd\"><g transform=\"translate(-511.000000, -20.000000)\" fill=\"#000000\"><g><path d=\"M556.869,30.41 C554.814,30.41 553.148,32.076 553.148,34.131 C553.148,36.186 554.814,37.852 556.869,37.852 C558.924,37.852 560.59,36.186 560.59,34.131 C560.59,32.076 558.924,30.41 556.869,30.41 M541,60.657 C535.114,60.657 530.342,55.887 530.342,50 C530.342,44.114 535.114,39.342 541,39.342 C546.887,39.342 551.658,44.114 551.658,50 C551.658,55.887 546.887,60.657 541,60.657 M541,33.886 C532.1,33.886 524.886,41.1 524.886,50 C524.886,58.899 532.1,66.113 541,66.113 C549.9,66.113 557.115,58.899 557.115,50 C557.115,41.1 549.9,33.886 541,33.886 M565.378,62.101 C565.244,65.022 564.756,66.606 564.346,67.663 C563.803,69.06 563.154,70.057 562.106,71.106 C561.058,72.155 560.06,72.803 558.662,73.347 C557.607,73.757 556.021,74.244 553.102,74.378 C549.944,74.521 548.997,74.552 541,74.552 C533.003,74.552 532.056,74.521 528.898,74.378 C525.979,74.244 524.393,73.757 523.338,73.347 C521.94,72.803 520.942,72.155 519.894,71.106 C518.846,70.057 518.197,69.06 517.654,67.663 C517.244,66.606 516.755,65.022 516.623,62.101 C516.479,58.943 516.448,57.996 516.448,50 C516.448,42.003 516.479,41.056 516.623,37.899 C516.755,34.978 517.244,33.391 517.654,32.338 C518.197,30.938 518.846,29.942 519.894,28.894 C520.942,27.846 521.94,27.196 523.338,26.654 C524.393,26.244 525.979,25.756 528.898,25.623 C532.057,25.479 533.004,25.448 541,25.448 C548.997,25.448 549.943,25.479 553.102,25.623 C556.021,25.756 557.607,26.244 558.662,26.654 C560.06,27.196 561.058,27.846 562.106,28.894 C563.154,29.942 563.803,30.938 564.346,32.338 C564.756,33.391 565.244,34.978 565.378,37.899 C565.522,41.056 565.552,42.003 565.552,50 C565.552,57.996 565.522,58.943 565.378,62.101 M570.82,37.631 C570.674,34.438 570.167,32.258 569.425,30.349 C568.659,28.377 567.633,26.702 565.965,25.035 C564.297,23.368 562.623,22.342 560.652,21.575 C558.743,20.834 556.562,20.326 553.369,20.18 C550.169,20.033 549.148,20 541,20 C532.853,20 531.831,20.033 528.631,20.18 C525.438,20.326 523.257,20.834 521.349,21.575 C519.376,22.342 517.703,23.368 516.035,25.035 C514.368,26.702 513.342,28.377 512.574,30.349 C511.834,32.258 511.326,34.438 511.181,37.631 C511.035,40.831 511,41.851 511,50 C511,58.147 511.035,59.17 511.181,62.369 C511.326,65.562 511.834,67.743 512.574,69.651 C513.342,71.625 514.368,73.296 516.035,74.965 C517.703,76.634 519.376,77.658 521.349,78.425 C523.257,79.167 525.438,79.673 528.631,79.82 C531.831,79.965 532.853,80.001 541,80.001 C549.148,80.001 550.169,79.965 553.369,79.82 C556.562,79.673 558.743,79.167 560.652,78.425 C562.623,77.658 564.297,76.634 565.965,74.965 C567.633,73.296 568.659,71.625 569.425,69.651 C570.167,67.743 570.674,65.562 570.82,62.369 C570.966,59.17 571,58.147 571,50 C571,41.851 570.966,40.831 570.82,37.631\"><\/path><\/g><\/g><\/g><\/svg><\/div><div style=\"padding-top: 8px;\"> <div style=\" color:#3897f0; font-family:Arial,sans-serif; font-size:14px; font-style:normal; font-weight:550; line-height:18px;\">Ver esta publicaci\u00f3n en Instagram<\/div><\/div><div style=\"padding: 12.5% 0;\"><\/div> <div style=\"display: flex; flex-direction: row; margin-bottom: 14px; align-items: center;\"><div> <div style=\"background-color: #F4F4F4; border-radius: 50%; height: 12.5px; width: 12.5px; transform: translateX(0px) translateY(7px);\"><\/div> <div style=\"background-color: #F4F4F4; height: 12.5px; transform: rotate(-45deg) translateX(3px) translateY(1px); width: 12.5px; flex-grow: 0; margin-right: 14px; margin-left: 2px;\"><\/div> <div style=\"background-color: #F4F4F4; border-radius: 50%; height: 12.5px; width: 12.5px; transform: translateX(9px) translateY(-18px);\"><\/div><\/div><div style=\"margin-left: 8px;\"> <div style=\" background-color: #F4F4F4; border-radius: 50%; flex-grow: 0; height: 20px; width: 20px;\"><\/div> <div style=\" width: 0; height: 0; border-top: 2px solid transparent; border-left: 6px solid #f4f4f4; border-bottom: 2px solid transparent; transform: translateX(16px) translateY(-4px) rotate(30deg)\"><\/div><\/div><div style=\"margin-left: auto;\"> <div style=\" width: 0px; border-top: 8px solid #F4F4F4; border-right: 8px solid transparent; transform: translateY(16px);\"><\/div> <div style=\" background-color: #F4F4F4; flex-grow: 0; height: 12px; width: 16px; transform: translateY(-4px);\"><\/div> <div style=\" width: 0; height: 0; border-top: 8px solid #F4F4F4; border-left: 8px solid transparent; transform: translateY(-4px) translateX(8px);\"><\/div><\/div><\/div> <div style=\"display: flex; flex-direction: column; flex-grow: 1; justify-content: center; margin-bottom: 24px;\"> <div style=\" background-color: #F4F4F4; border-radius: 4px; flex-grow: 0; height: 14px; margin-bottom: 6px; width: 224px;\"><\/div> <div style=\" background-color: #F4F4F4; border-radius: 4px; flex-grow: 0; height: 14px; width: 144px;\"><\/div><\/div><\/a><p style=\" color:#c9c8cd; font-family:Arial,sans-serif; font-size:14px; line-height:17px; margin-bottom:0; margin-top:8px; overflow:hidden; padding:8px 0 7px; text-align:center; text-overflow:ellipsis; white-space:nowrap;\"><a href=\"https:\/\/www.instagram.com\/reel\/DTbLAsdEdqB\/?utm_source=ig_embed&amp;utm_campaign=loading\" style=\" color:#c9c8cd; font-family:Arial,sans-serif; font-size:14px; font-style:normal; font-weight:normal; line-height:17px; text-decoration:none;\" target=\"_blank\">Una publicaci\u00f3n compartida de RACHEL ARDERI \ud83c\udf53 (@rachelarderi)<\/a><\/p><\/div><\/blockquote>\n<script async src=\"\/\/www.instagram.com\/embed.js\"><\/script>\n\n\n\n<p>La respuesta no tard\u00f3 en encender las alarmas. En cuesti\u00f3n de minutos, comenzaron a aparecer comentarios preguntando directamente si la influencer estaba embarazada, mientras otros usuarios analizaban cada palabra, emoji y reacci\u00f3n en busca de m\u00e1s pistas. Aunque ninguna de las dos ha confirmado ni desmentido la especulaci\u00f3n, el rumor ya estaba servido.<\/p>\n\n\n\n<p>De ser cierto, este posible embarazo marcar\u00eda una nueva etapa en la vida personal de Daniela Reyes, quien en el pasado fue conocida por su relaci\u00f3n con el reguetonero cubano Yomil Hidalgo. Actualmente, la influencer mantiene una relaci\u00f3n con Rafa Rodr\u00edguez, un joven que hasta ahora ha mantenido un perfil bajo y que Daniela a\u00fan no ha presentado formalmente en sus redes sociales.<\/p>\n\n\n\n<figure class=\"wp-block-image size-large\"><img loading=\"lazy\" decoding=\"async\" width=\"1024\" height=\"696\" src=\"https:\/\/cdn1.mediawpaccore.net\/wp-content\/uploads\/2026\/01\/13090502\/Captura-de-pantalla-2026-01-13-a-las-14.43.37-1024x696.png\" alt=\"\" class=\"wp-image-231801\" srcset=\"https:\/\/cdn1.mediawpaccore.net\/wp-content\/uploads\/2026\/01\/13090502\/Captura-de-pantalla-2026-01-13-a-las-14.43.37-1024x696.png 1024w, https:\/\/cdn1.mediawpaccore.net\/wp-content\/uploads\/2026\/01\/13090502\/Captura-de-pantalla-2026-01-13-a-las-14.43.37-300x204.png 300w, https:\/\/cdn1.mediawpaccore.net\/wp-content\/uploads\/2026\/01\/13090502\/Captura-de-pantalla-2026-01-13-a-las-14.43.37-768x522.png 768w, https:\/\/cdn1.mediawpaccore.net\/wp-content\/uploads\/2026\/01\/13090502\/Captura-de-pantalla-2026-01-13-a-las-14.43.37-1536x1044.png 1536w, https:\/\/cdn1.mediawpaccore.net\/wp-content\/uploads\/2026\/01\/13090502\/Captura-de-pantalla-2026-01-13-a-las-14.43.37-618x420.png 618w, https:\/\/cdn1.mediawpaccore.net\/wp-content\/uploads\/2026\/01\/13090502\/Captura-de-pantalla-2026-01-13-a-las-14.43.37-150x102.png 150w, https:\/\/cdn1.mediawpaccore.net\/wp-content\/uploads\/2026\/01\/13090502\/Captura-de-pantalla-2026-01-13-a-las-14.43.37-696x473.png 696w, https:\/\/cdn1.mediawpaccore.net\/wp-content\/uploads\/2026\/01\/13090502\/Captura-de-pantalla-2026-01-13-a-las-14.43.37-1068x726.png 1068w, https:\/\/cdn1.mediawpaccore.net\/wp-content\/uploads\/2026\/01\/13090502\/Captura-de-pantalla-2026-01-13-a-las-14.43.37.png 1812w\" sizes=\"auto, (max-width: 1024px) 100vw, 1024px\" \/><\/figure>\n\n\n\n<p>Sin embargo, su nombre no es del todo desconocido para quienes siguen de cerca los movimientos de la influencer. Seg\u00fan registros p\u00fablicos del estado de Florida, Rafael Rodr\u00edguez figura como manager de la cl\u00ednica Miami Hair Transplant, un centro especializado en trasplante capilar que Daniela ha estado promocionando recientemente en sus plataformas digitales. Esta coincidencia ha llevado a muchos a preguntarse si la relaci\u00f3n entre ambos comenz\u00f3 como una colaboraci\u00f3n profesional que, con el tiempo, fue evolucionando hacia algo m\u00e1s personal.<\/p>\n\n\n\n<blockquote class=\"instagram-media\" data-instgrm-captioned data-instgrm-permalink=\"https:\/\/www.instagram.com\/p\/DTYG2tekYUs\/?utm_source=ig_embed&amp;utm_campaign=loading\" data-instgrm-version=\"14\" style=\" background:#FFF; border:0; border-radius:3px; box-shadow:0 0 1px 0 rgba(0,0,0,0.5),0 1px 10px 0 rgba(0,0,0,0.15); margin: 1px; max-width:540px; min-width:326px; padding:0; width:99.375%; width:-webkit-calc(100% - 2px); width:calc(100% - 2px);\"><div style=\"padding:16px;\"> <a href=\"https:\/\/www.instagram.com\/p\/DTYG2tekYUs\/?utm_source=ig_embed&amp;utm_campaign=loading\" style=\" background:#FFFFFF; line-height:0; padding:0 0; text-align:center; text-decoration:none; width:100%;\" target=\"_blank\"> <div style=\" display: flex; flex-direction: row; align-items: center;\"> <div style=\"background-color: #F4F4F4; border-radius: 50%; flex-grow: 0; height: 40px; margin-right: 14px; width: 40px;\"><\/div> <div style=\"display: flex; flex-direction: column; flex-grow: 1; justify-content: center;\"> <div style=\" background-color: #F4F4F4; border-radius: 4px; flex-grow: 0; height: 14px; margin-bottom: 6px; width: 100px;\"><\/div> <div style=\" background-color: #F4F4F4; border-radius: 4px; flex-grow: 0; height: 14px; width: 60px;\"><\/div><\/div><\/div><div style=\"padding: 19% 0;\"><\/div> <div style=\"display:block; height:50px; margin:0 auto 12px; width:50px;\"><svg width=\"50px\" height=\"50px\" viewBox=\"0 0 60 60\" version=\"1.1\" xmlns=\"https:\/\/www.w3.org\/2000\/svg\" xmlns:xlink=\"https:\/\/www.w3.org\/1999\/xlink\"><g stroke=\"none\" stroke-width=\"1\" fill=\"none\" fill-rule=\"evenodd\"><g transform=\"translate(-511.000000, -20.000000)\" fill=\"#000000\"><g><path d=\"M556.869,30.41 C554.814,30.41 553.148,32.076 553.148,34.131 C553.148,36.186 554.814,37.852 556.869,37.852 C558.924,37.852 560.59,36.186 560.59,34.131 C560.59,32.076 558.924,30.41 556.869,30.41 M541,60.657 C535.114,60.657 530.342,55.887 530.342,50 C530.342,44.114 535.114,39.342 541,39.342 C546.887,39.342 551.658,44.114 551.658,50 C551.658,55.887 546.887,60.657 541,60.657 M541,33.886 C532.1,33.886 524.886,41.1 524.886,50 C524.886,58.899 532.1,66.113 541,66.113 C549.9,66.113 557.115,58.899 557.115,50 C557.115,41.1 549.9,33.886 541,33.886 M565.378,62.101 C565.244,65.022 564.756,66.606 564.346,67.663 C563.803,69.06 563.154,70.057 562.106,71.106 C561.058,72.155 560.06,72.803 558.662,73.347 C557.607,73.757 556.021,74.244 553.102,74.378 C549.944,74.521 548.997,74.552 541,74.552 C533.003,74.552 532.056,74.521 528.898,74.378 C525.979,74.244 524.393,73.757 523.338,73.347 C521.94,72.803 520.942,72.155 519.894,71.106 C518.846,70.057 518.197,69.06 517.654,67.663 C517.244,66.606 516.755,65.022 516.623,62.101 C516.479,58.943 516.448,57.996 516.448,50 C516.448,42.003 516.479,41.056 516.623,37.899 C516.755,34.978 517.244,33.391 517.654,32.338 C518.197,30.938 518.846,29.942 519.894,28.894 C520.942,27.846 521.94,27.196 523.338,26.654 C524.393,26.244 525.979,25.756 528.898,25.623 C532.057,25.479 533.004,25.448 541,25.448 C548.997,25.448 549.943,25.479 553.102,25.623 C556.021,25.756 557.607,26.244 558.662,26.654 C560.06,27.196 561.058,27.846 562.106,28.894 C563.154,29.942 563.803,30.938 564.346,32.338 C564.756,33.391 565.244,34.978 565.378,37.899 C565.522,41.056 565.552,42.003 565.552,50 C565.552,57.996 565.522,58.943 565.378,62.101 M570.82,37.631 C570.674,34.438 570.167,32.258 569.425,30.349 C568.659,28.377 567.633,26.702 565.965,25.035 C564.297,23.368 562.623,22.342 560.652,21.575 C558.743,20.834 556.562,20.326 553.369,20.18 C550.169,20.033 549.148,20 541,20 C532.853,20 531.831,20.033 528.631,20.18 C525.438,20.326 523.257,20.834 521.349,21.575 C519.376,22.342 517.703,23.368 516.035,25.035 C514.368,26.702 513.342,28.377 512.574,30.349 C511.834,32.258 511.326,34.438 511.181,37.631 C511.035,40.831 511,41.851 511,50 C511,58.147 511.035,59.17 511.181,62.369 C511.326,65.562 511.834,67.743 512.574,69.651 C513.342,71.625 514.368,73.296 516.035,74.965 C517.703,76.634 519.376,77.658 521.349,78.425 C523.257,79.167 525.438,79.673 528.631,79.82 C531.831,79.965 532.853,80.001 541,80.001 C549.148,80.001 550.169,79.965 553.369,79.82 C556.562,79.673 558.743,79.167 560.652,78.425 C562.623,77.658 564.297,76.634 565.965,74.965 C567.633,73.296 568.659,71.625 569.425,69.651 C570.167,67.743 570.674,65.562 570.82,62.369 C570.966,59.17 571,58.147 571,50 C571,41.851 570.966,40.831 570.82,37.631\"><\/path><\/g><\/g><\/g><\/svg><\/div><div style=\"padding-top: 8px;\"> <div style=\" color:#3897f0; font-family:Arial,sans-serif; font-size:14px; font-style:normal; font-weight:550; line-height:18px;\">Ver esta publicaci\u00f3n en Instagram<\/div><\/div><div style=\"padding: 12.5% 0;\"><\/div> <div style=\"display: flex; flex-direction: row; margin-bottom: 14px; align-items: center;\"><div> <div style=\"background-color: #F4F4F4; border-radius: 50%; height: 12.5px; width: 12.5px; transform: translateX(0px) translateY(7px);\"><\/div> <div style=\"background-color: #F4F4F4; height: 12.5px; transform: rotate(-45deg) translateX(3px) translateY(1px); width: 12.5px; flex-grow: 0; margin-right: 14px; margin-left: 2px;\"><\/div> <div style=\"background-color: #F4F4F4; border-radius: 50%; height: 12.5px; width: 12.5px; transform: translateX(9px) translateY(-18px);\"><\/div><\/div><div style=\"margin-left: 8px;\"> <div style=\" background-color: #F4F4F4; border-radius: 50%; flex-grow: 0; height: 20px; width: 20px;\"><\/div> <div style=\" width: 0; height: 0; border-top: 2px solid transparent; border-left: 6px solid #f4f4f4; border-bottom: 2px solid transparent; transform: translateX(16px) translateY(-4px) rotate(30deg)\"><\/div><\/div><div style=\"margin-left: auto;\"> <div style=\" width: 0px; border-top: 8px solid #F4F4F4; border-right: 8px solid transparent; transform: translateY(16px);\"><\/div> <div style=\" background-color: #F4F4F4; flex-grow: 0; height: 12px; width: 16px; transform: translateY(-4px);\"><\/div> <div style=\" width: 0; height: 0; border-top: 8px solid #F4F4F4; border-left: 8px solid transparent; transform: translateY(-4px) translateX(8px);\"><\/div><\/div><\/div> <div style=\"display: flex; flex-direction: column; flex-grow: 1; justify-content: center; margin-bottom: 24px;\"> <div style=\" background-color: #F4F4F4; border-radius: 4px; flex-grow: 0; height: 14px; margin-bottom: 6px; width: 224px;\"><\/div> <div style=\" background-color: #F4F4F4; border-radius: 4px; flex-grow: 0; height: 14px; width: 144px;\"><\/div><\/div><\/a><p style=\" color:#c9c8cd; font-family:Arial,sans-serif; font-size:14px; line-height:17px; margin-bottom:0; margin-top:8px; overflow:hidden; padding:8px 0 7px; text-align:center; text-overflow:ellipsis; white-space:nowrap;\"><a href=\"https:\/\/www.instagram.com\/p\/DTYG2tekYUs\/?utm_source=ig_embed&amp;utm_campaign=loading\" style=\" color:#c9c8cd; font-family:Arial,sans-serif; font-size:14px; font-style:normal; font-weight:normal; line-height:17px; text-decoration:none;\" target=\"_blank\">Una publicaci\u00f3n compartida de DANIELA REYES (@danielareyesofficial)<\/a><\/p><\/div><\/blockquote>\n<script async src=\"\/\/www.instagram.com\/embed.js\"><\/script>\n\n\n\n<p>Mientras tanto, el silencio de Daniela solo ha contribuido a que el rumor siga creciendo. Para sus seguidores, cada nueva historia, publicaci\u00f3n o ausencia en redes se ha convertido en material de an\u00e1lisis. Algunos creen que la influencer simplemente est\u00e1 disfrutando de un buen momento personal, mientras otros est\u00e1n convencidos de que el comentario de Rachel no fue casual.<\/p>\n\n\n\n<p><strong>Lea m\u00e1s: <a href=\"https:\/\/www.cuballama.com\/noticias\/quien-es-rafa-rodriguez-el-supuesto-novio-de-daniela-reyes\/\" target=\"_blank\" rel=\"noreferrer noopener\">\u00bfQui\u00e9n es Rafa Rodr\u00edguez, el supuesto novio de Daniela Reyes?<\/a><\/strong><\/p>\n\n\n\n<p>Por ahora, no hay confirmaci\u00f3n oficial, pero lo cierto es que una sola frase bast\u00f3 para poner a medio Instagram a especular. \u00bfEstamos ante un simple malentendido o realmente se acerca una gran noticia en la vida de Daniela Reyes? Habr\u00e1 que esperar a que la propia protagonista decida hablar. Hasta entonces, las redes seguir\u00e1n haciendo lo que mejor saben: teorizar, comentar y, por supuesto, so\u00f1ar con posibles finales felices.<\/p>\n","protected":false},"excerpt":{"rendered":"<p>Todo comenz\u00f3 con una publicaci\u00f3n de Rachel Arderi junto a su hija M\u00eda, de apenas un a\u00f1o, que r\u00e1pidamente se volvi\u00f3 viral por su ternura<\/p>\n","protected":false},"author":27,"featured_media":231797,"comment_status":"open","ping_status":"closed","sticky":false,"template":"","format":"standard","meta":{"_acf_changed":false,"footnotes":""},"categories":[443],"tags":[11050,8749,7800,18816,11438],"class_list":{"0":"post-231795","1":"post","2":"type-post","3":"status-publish","4":"format-standard","5":"has-post-thumbnail","7":"category-farandula","8":"tag-cubanos-en-miami","9":"tag-daniela-reyes","10":"tag-embarazo","11":"tag-rachel-arderi","12":"tag-yomil"},"acf":[],"yoast_head":"<!-- This site is optimized with the Yoast SEO plugin v27.4 - https:\/\/yoast.com\/product\/yoast-seo-wordpress\/ -->\n<title>\u00bfDaniela Reyes est\u00e1 embarazada? Indiscreci\u00f3n de Rachel Arderi pone a hablar a medio Instagram - Cuballama Noticias<\/title>\n<meta name=\"description\" content=\"Las redes sociales vuelven a hacer de las suyas y esta vez el foco est\u00e1 puesto sobre la influencer cubana Daniela Reyes\" \/>\n<meta name=\"robots\" content=\"index, follow, max-snippet:-1, max-image-preview:large, max-video-preview:-1\" \/>\n<link rel=\"canonical\" href=\"https:\/\/www.cuballama.com\/noticias\/daniela-reyes-esta-embarazada-indiscrecion-de-rachel-arderi-pone-a-hablar-a-medio-instagram\/\" \/>\n<meta property=\"og:locale\" content=\"es_ES\" \/>\n<meta property=\"og:type\" content=\"article\" \/>\n<meta property=\"og:title\" content=\"\u00bfDaniela Reyes est\u00e1 embarazada? Indiscreci\u00f3n de Rachel Arderi pone a hablar a medio Instagram - Cuballama Noticias\" \/>\n<meta property=\"og:description\" content=\"Las redes sociales vuelven a hacer de las suyas y esta vez el foco est\u00e1 puesto sobre la influencer cubana Daniela Reyes\" \/>\n<meta property=\"og:url\" content=\"https:\/\/www.cuballama.com\/noticias\/daniela-reyes-esta-embarazada-indiscrecion-de-rachel-arderi-pone-a-hablar-a-medio-instagram\/\" \/>\n<meta property=\"og:site_name\" content=\"Cuballama Noticias\" \/>\n<meta property=\"article:publisher\" content=\"https:\/\/www.facebook.com\/CubaLlama\" \/>\n<meta property=\"article:published_time\" content=\"2026-01-13T14:06:06+00:00\" \/>\n<meta property=\"article:modified_time\" content=\"2026-01-13T14:06:09+00:00\" \/>\n<meta property=\"og:image\" content=\"https:\/\/cdn1.mediawpaccore.net\/wp-content\/uploads\/2026\/01\/13085050\/WhatsApp-Image-2026-01-13-at-14.49.04.jpeg\" \/>\n\t<meta property=\"og:image:width\" content=\"1884\" \/>\n\t<meta property=\"og:image:height\" content=\"1280\" \/>\n\t<meta property=\"og:image:type\" content=\"image\/jpeg\" \/>\n<meta name=\"author\" content=\"Rafa\" \/>\n<meta name=\"twitter:card\" content=\"summary_large_image\" \/>\n<meta name=\"twitter:creator\" content=\"@cuballama\" \/>\n<meta name=\"twitter:site\" content=\"@cuballama\" \/>\n<meta name=\"twitter:label1\" content=\"Escrito por\" \/>\n\t<meta name=\"twitter:data1\" content=\"Rafa\" \/>\n\t<meta name=\"twitter:label2\" content=\"Tiempo de lectura\" \/>\n\t<meta name=\"twitter:data2\" content=\"4 minutos\" \/>\n<script type=\"application\/ld+json\" class=\"yoast-schema-graph\">{\"@context\":\"https:\\\/\\\/schema.org\",\"@graph\":[{\"@type\":\"Article\",\"@id\":\"https:\\\/\\\/www.cuballama.com\\\/noticias\\\/daniela-reyes-esta-embarazada-indiscrecion-de-rachel-arderi-pone-a-hablar-a-medio-instagram\\\/#article\",\"isPartOf\":{\"@id\":\"https:\\\/\\\/www.cuballama.com\\\/noticias\\\/daniela-reyes-esta-embarazada-indiscrecion-de-rachel-arderi-pone-a-hablar-a-medio-instagram\\\/\"},\"author\":{\"name\":\"Rafa\",\"@id\":\"https:\\\/\\\/www.cuballama.com\\\/noticias\\\/#\\\/schema\\\/person\\\/0f97914526a658755f00e59ec2a832f2\"},\"headline\":\"\u00bfDaniela Reyes est\u00e1 embarazada? Indiscreci\u00f3n de Rachel Arderi pone a hablar a medio Instagram\",\"datePublished\":\"2026-01-13T14:06:06+00:00\",\"dateModified\":\"2026-01-13T14:06:09+00:00\",\"mainEntityOfPage\":{\"@id\":\"https:\\\/\\\/www.cuballama.com\\\/noticias\\\/daniela-reyes-esta-embarazada-indiscrecion-de-rachel-arderi-pone-a-hablar-a-medio-instagram\\\/\"},\"wordCount\":653,\"commentCount\":0,\"publisher\":{\"@id\":\"https:\\\/\\\/www.cuballama.com\\\/noticias\\\/#organization\"},\"image\":{\"@id\":\"https:\\\/\\\/www.cuballama.com\\\/noticias\\\/daniela-reyes-esta-embarazada-indiscrecion-de-rachel-arderi-pone-a-hablar-a-medio-instagram\\\/#primaryimage\"},\"thumbnailUrl\":\"https:\\\/\\\/cdn1.mediawpaccore.net\\\/wp-content\\\/uploads\\\/2026\\\/01\\\/13085050\\\/WhatsApp-Image-2026-01-13-at-14.49.04.jpeg\",\"keywords\":[\"cubanos en Miami\",\"Daniela Reyes\",\"embarazo\",\"Rachel Arderi\",\"Yomil\"],\"articleSection\":[\"Far\u00e1ndula\"],\"inLanguage\":\"es\",\"potentialAction\":[{\"@type\":\"CommentAction\",\"name\":\"Comment\",\"target\":[\"https:\\\/\\\/www.cuballama.com\\\/noticias\\\/daniela-reyes-esta-embarazada-indiscrecion-de-rachel-arderi-pone-a-hablar-a-medio-instagram\\\/#respond\"]}]},{\"@type\":\"WebPage\",\"@id\":\"https:\\\/\\\/www.cuballama.com\\\/noticias\\\/daniela-reyes-esta-embarazada-indiscrecion-de-rachel-arderi-pone-a-hablar-a-medio-instagram\\\/\",\"url\":\"https:\\\/\\\/www.cuballama.com\\\/noticias\\\/daniela-reyes-esta-embarazada-indiscrecion-de-rachel-arderi-pone-a-hablar-a-medio-instagram\\\/\",\"name\":\"\u00bfDaniela Reyes est\u00e1 embarazada? Indiscreci\u00f3n de Rachel Arderi pone a hablar a medio Instagram - Cuballama Noticias\",\"isPartOf\":{\"@id\":\"https:\\\/\\\/www.cuballama.com\\\/noticias\\\/#website\"},\"primaryImageOfPage\":{\"@id\":\"https:\\\/\\\/www.cuballama.com\\\/noticias\\\/daniela-reyes-esta-embarazada-indiscrecion-de-rachel-arderi-pone-a-hablar-a-medio-instagram\\\/#primaryimage\"},\"image\":{\"@id\":\"https:\\\/\\\/www.cuballama.com\\\/noticias\\\/daniela-reyes-esta-embarazada-indiscrecion-de-rachel-arderi-pone-a-hablar-a-medio-instagram\\\/#primaryimage\"},\"thumbnailUrl\":\"https:\\\/\\\/cdn1.mediawpaccore.net\\\/wp-content\\\/uploads\\\/2026\\\/01\\\/13085050\\\/WhatsApp-Image-2026-01-13-at-14.49.04.jpeg\",\"datePublished\":\"2026-01-13T14:06:06+00:00\",\"dateModified\":\"2026-01-13T14:06:09+00:00\",\"description\":\"Las redes sociales vuelven a hacer de las suyas y esta vez el foco est\u00e1 puesto sobre la influencer cubana Daniela Reyes\",\"breadcrumb\":{\"@id\":\"https:\\\/\\\/www.cuballama.com\\\/noticias\\\/daniela-reyes-esta-embarazada-indiscrecion-de-rachel-arderi-pone-a-hablar-a-medio-instagram\\\/#breadcrumb\"},\"inLanguage\":\"es\",\"potentialAction\":[{\"@type\":\"ReadAction\",\"target\":[\"https:\\\/\\\/www.cuballama.com\\\/noticias\\\/daniela-reyes-esta-embarazada-indiscrecion-de-rachel-arderi-pone-a-hablar-a-medio-instagram\\\/\"]}]},{\"@type\":\"ImageObject\",\"inLanguage\":\"es\",\"@id\":\"https:\\\/\\\/www.cuballama.com\\\/noticias\\\/daniela-reyes-esta-embarazada-indiscrecion-de-rachel-arderi-pone-a-hablar-a-medio-instagram\\\/#primaryimage\",\"url\":\"https:\\\/\\\/cdn1.mediawpaccore.net\\\/wp-content\\\/uploads\\\/2026\\\/01\\\/13085050\\\/WhatsApp-Image-2026-01-13-at-14.49.04.jpeg\",\"contentUrl\":\"https:\\\/\\\/cdn1.mediawpaccore.net\\\/wp-content\\\/uploads\\\/2026\\\/01\\\/13085050\\\/WhatsApp-Image-2026-01-13-at-14.49.04.jpeg\",\"width\":1884,\"height\":1280,\"caption\":\"Foto: Instagram\"},{\"@type\":\"BreadcrumbList\",\"@id\":\"https:\\\/\\\/www.cuballama.com\\\/noticias\\\/daniela-reyes-esta-embarazada-indiscrecion-de-rachel-arderi-pone-a-hablar-a-medio-instagram\\\/#breadcrumb\",\"itemListElement\":[{\"@type\":\"ListItem\",\"position\":1,\"name\":\"Home\",\"item\":\"https:\\\/\\\/www.cuballama.com\\\/noticias\\\/\"},{\"@type\":\"ListItem\",\"position\":2,\"name\":\"\u00bfDaniela Reyes est\u00e1 embarazada? Indiscreci\u00f3n de Rachel Arderi pone a hablar a medio Instagram\"}]},{\"@type\":\"WebSite\",\"@id\":\"https:\\\/\\\/www.cuballama.com\\\/noticias\\\/#website\",\"url\":\"https:\\\/\\\/www.cuballama.com\\\/noticias\\\/\",\"name\":\"Cuballama Noticias\",\"description\":\"Medio digital sobre Cuba y el mundo\",\"publisher\":{\"@id\":\"https:\\\/\\\/www.cuballama.com\\\/noticias\\\/#organization\"},\"potentialAction\":[{\"@type\":\"SearchAction\",\"target\":{\"@type\":\"EntryPoint\",\"urlTemplate\":\"https:\\\/\\\/www.cuballama.com\\\/noticias\\\/?s={search_term_string}\"},\"query-input\":{\"@type\":\"PropertyValueSpecification\",\"valueRequired\":true,\"valueName\":\"search_term_string\"}}],\"inLanguage\":\"es\"},{\"@type\":\"Organization\",\"@id\":\"https:\\\/\\\/www.cuballama.com\\\/noticias\\\/#organization\",\"name\":\"Cuballama\",\"url\":\"https:\\\/\\\/www.cuballama.com\\\/noticias\\\/\",\"logo\":{\"@type\":\"ImageObject\",\"inLanguage\":\"es\",\"@id\":\"https:\\\/\\\/www.cuballama.com\\\/noticias\\\/#\\\/schema\\\/logo\\\/image\\\/\",\"url\":\"https:\\\/\\\/cdn1.mediawpaccore.net\\\/wp-content\\\/uploads\\\/2021\\\/12\\\/28171206\\\/cbll-logo-color-sm.png\",\"contentUrl\":\"https:\\\/\\\/cdn1.mediawpaccore.net\\\/wp-content\\\/uploads\\\/2021\\\/12\\\/28171206\\\/cbll-logo-color-sm.png\",\"width\":600,\"height\":133,\"caption\":\"Cuballama\"},\"image\":{\"@id\":\"https:\\\/\\\/www.cuballama.com\\\/noticias\\\/#\\\/schema\\\/logo\\\/image\\\/\"},\"sameAs\":[\"https:\\\/\\\/www.facebook.com\\\/CubaLlama\",\"https:\\\/\\\/x.com\\\/cuballama\",\"https:\\\/\\\/www.instagram.com\\\/stories\\\/cuballama_oficial\\\/\",\"https:\\\/\\\/www.youtube.com\\\/channel\\\/UCKkFE-d_axENGZcrc4as0IA\"]},{\"@type\":\"Person\",\"@id\":\"https:\\\/\\\/www.cuballama.com\\\/noticias\\\/#\\\/schema\\\/person\\\/0f97914526a658755f00e59ec2a832f2\",\"name\":\"Rafa\",\"url\":\"https:\\\/\\\/www.cuballama.com\\\/noticias\\\/author\\\/rafa\\\/\"}]}<\/script>\n<!-- \/ Yoast SEO plugin. -->","yoast_head_json":{"title":"\u00bfDaniela Reyes est\u00e1 embarazada? Indiscreci\u00f3n de Rachel Arderi pone a hablar a medio Instagram - Cuballama Noticias","description":"Las redes sociales vuelven a hacer de las suyas y esta vez el foco est\u00e1 puesto sobre la influencer cubana Daniela Reyes","robots":{"index":"index","follow":"follow","max-snippet":"max-snippet:-1","max-image-preview":"max-image-preview:large","max-video-preview":"max-video-preview:-1"},"canonical":"https:\/\/www.cuballama.com\/noticias\/daniela-reyes-esta-embarazada-indiscrecion-de-rachel-arderi-pone-a-hablar-a-medio-instagram\/","og_locale":"es_ES","og_type":"article","og_title":"\u00bfDaniela Reyes est\u00e1 embarazada? Indiscreci\u00f3n de Rachel Arderi pone a hablar a medio Instagram - Cuballama Noticias","og_description":"Las redes sociales vuelven a hacer de las suyas y esta vez el foco est\u00e1 puesto sobre la influencer cubana Daniela Reyes","og_url":"https:\/\/www.cuballama.com\/noticias\/daniela-reyes-esta-embarazada-indiscrecion-de-rachel-arderi-pone-a-hablar-a-medio-instagram\/","og_site_name":"Cuballama Noticias","article_publisher":"https:\/\/www.facebook.com\/CubaLlama","article_published_time":"2026-01-13T14:06:06+00:00","article_modified_time":"2026-01-13T14:06:09+00:00","og_image":[{"width":1884,"height":1280,"url":"https:\/\/cdn1.mediawpaccore.net\/wp-content\/uploads\/2026\/01\/13085050\/WhatsApp-Image-2026-01-13-at-14.49.04.jpeg","type":"image\/jpeg"}],"author":"Rafa","twitter_card":"summary_large_image","twitter_creator":"@cuballama","twitter_site":"@cuballama","twitter_misc":{"Escrito por":"Rafa","Tiempo de lectura":"4 minutos"},"schema":{"@context":"https:\/\/schema.org","@graph":[{"@type":"Article","@id":"https:\/\/www.cuballama.com\/noticias\/daniela-reyes-esta-embarazada-indiscrecion-de-rachel-arderi-pone-a-hablar-a-medio-instagram\/#article","isPartOf":{"@id":"https:\/\/www.cuballama.com\/noticias\/daniela-reyes-esta-embarazada-indiscrecion-de-rachel-arderi-pone-a-hablar-a-medio-instagram\/"},"author":{"name":"Rafa","@id":"https:\/\/www.cuballama.com\/noticias\/#\/schema\/person\/0f97914526a658755f00e59ec2a832f2"},"headline":"\u00bfDaniela Reyes est\u00e1 embarazada? Indiscreci\u00f3n de Rachel Arderi pone a hablar a medio Instagram","datePublished":"2026-01-13T14:06:06+00:00","dateModified":"2026-01-13T14:06:09+00:00","mainEntityOfPage":{"@id":"https:\/\/www.cuballama.com\/noticias\/daniela-reyes-esta-embarazada-indiscrecion-de-rachel-arderi-pone-a-hablar-a-medio-instagram\/"},"wordCount":653,"commentCount":0,"publisher":{"@id":"https:\/\/www.cuballama.com\/noticias\/#organization"},"image":{"@id":"https:\/\/www.cuballama.com\/noticias\/daniela-reyes-esta-embarazada-indiscrecion-de-rachel-arderi-pone-a-hablar-a-medio-instagram\/#primaryimage"},"thumbnailUrl":"https:\/\/cdn1.mediawpaccore.net\/wp-content\/uploads\/2026\/01\/13085050\/WhatsApp-Image-2026-01-13-at-14.49.04.jpeg","keywords":["cubanos en Miami","Daniela Reyes","embarazo","Rachel Arderi","Yomil"],"articleSection":["Far\u00e1ndula"],"inLanguage":"es","potentialAction":[{"@type":"CommentAction","name":"Comment","target":["https:\/\/www.cuballama.com\/noticias\/daniela-reyes-esta-embarazada-indiscrecion-de-rachel-arderi-pone-a-hablar-a-medio-instagram\/#respond"]}]},{"@type":"WebPage","@id":"https:\/\/www.cuballama.com\/noticias\/daniela-reyes-esta-embarazada-indiscrecion-de-rachel-arderi-pone-a-hablar-a-medio-instagram\/","url":"https:\/\/www.cuballama.com\/noticias\/daniela-reyes-esta-embarazada-indiscrecion-de-rachel-arderi-pone-a-hablar-a-medio-instagram\/","name":"\u00bfDaniela Reyes est\u00e1 embarazada? Indiscreci\u00f3n de Rachel Arderi pone a hablar a medio Instagram - Cuballama Noticias","isPartOf":{"@id":"https:\/\/www.cuballama.com\/noticias\/#website"},"primaryImageOfPage":{"@id":"https:\/\/www.cuballama.com\/noticias\/daniela-reyes-esta-embarazada-indiscrecion-de-rachel-arderi-pone-a-hablar-a-medio-instagram\/#primaryimage"},"image":{"@id":"https:\/\/www.cuballama.com\/noticias\/daniela-reyes-esta-embarazada-indiscrecion-de-rachel-arderi-pone-a-hablar-a-medio-instagram\/#primaryimage"},"thumbnailUrl":"https:\/\/cdn1.mediawpaccore.net\/wp-content\/uploads\/2026\/01\/13085050\/WhatsApp-Image-2026-01-13-at-14.49.04.jpeg","datePublished":"2026-01-13T14:06:06+00:00","dateModified":"2026-01-13T14:06:09+00:00","description":"Las redes sociales vuelven a hacer de las suyas y esta vez el foco est\u00e1 puesto sobre la influencer cubana Daniela Reyes","breadcrumb":{"@id":"https:\/\/www.cuballama.com\/noticias\/daniela-reyes-esta-embarazada-indiscrecion-de-rachel-arderi-pone-a-hablar-a-medio-instagram\/#breadcrumb"},"inLanguage":"es","potentialAction":[{"@type":"ReadAction","target":["https:\/\/www.cuballama.com\/noticias\/daniela-reyes-esta-embarazada-indiscrecion-de-rachel-arderi-pone-a-hablar-a-medio-instagram\/"]}]},{"@type":"ImageObject","inLanguage":"es","@id":"https:\/\/www.cuballama.com\/noticias\/daniela-reyes-esta-embarazada-indiscrecion-de-rachel-arderi-pone-a-hablar-a-medio-instagram\/#primaryimage","url":"https:\/\/cdn1.mediawpaccore.net\/wp-content\/uploads\/2026\/01\/13085050\/WhatsApp-Image-2026-01-13-at-14.49.04.jpeg","contentUrl":"https:\/\/cdn1.mediawpaccore.net\/wp-content\/uploads\/2026\/01\/13085050\/WhatsApp-Image-2026-01-13-at-14.49.04.jpeg","width":1884,"height":1280,"caption":"Foto: Instagram"},{"@type":"BreadcrumbList","@id":"https:\/\/www.cuballama.com\/noticias\/daniela-reyes-esta-embarazada-indiscrecion-de-rachel-arderi-pone-a-hablar-a-medio-instagram\/#breadcrumb","itemListElement":[{"@type":"ListItem","position":1,"name":"Home","item":"https:\/\/www.cuballama.com\/noticias\/"},{"@type":"ListItem","position":2,"name":"\u00bfDaniela Reyes est\u00e1 embarazada? Indiscreci\u00f3n de Rachel Arderi pone a hablar a medio Instagram"}]},{"@type":"WebSite","@id":"https:\/\/www.cuballama.com\/noticias\/#website","url":"https:\/\/www.cuballama.com\/noticias\/","name":"Cuballama Noticias","description":"Medio digital sobre Cuba y el mundo","publisher":{"@id":"https:\/\/www.cuballama.com\/noticias\/#organization"},"potentialAction":[{"@type":"SearchAction","target":{"@type":"EntryPoint","urlTemplate":"https:\/\/www.cuballama.com\/noticias\/?s={search_term_string}"},"query-input":{"@type":"PropertyValueSpecification","valueRequired":true,"valueName":"search_term_string"}}],"inLanguage":"es"},{"@type":"Organization","@id":"https:\/\/www.cuballama.com\/noticias\/#organization","name":"Cuballama","url":"https:\/\/www.cuballama.com\/noticias\/","logo":{"@type":"ImageObject","inLanguage":"es","@id":"https:\/\/www.cuballama.com\/noticias\/#\/schema\/logo\/image\/","url":"https:\/\/cdn1.mediawpaccore.net\/wp-content\/uploads\/2021\/12\/28171206\/cbll-logo-color-sm.png","contentUrl":"https:\/\/cdn1.mediawpaccore.net\/wp-content\/uploads\/2021\/12\/28171206\/cbll-logo-color-sm.png","width":600,"height":133,"caption":"Cuballama"},"image":{"@id":"https:\/\/www.cuballama.com\/noticias\/#\/schema\/logo\/image\/"},"sameAs":["https:\/\/www.facebook.com\/CubaLlama","https:\/\/x.com\/cuballama","https:\/\/www.instagram.com\/stories\/cuballama_oficial\/","https:\/\/www.youtube.com\/channel\/UCKkFE-d_axENGZcrc4as0IA"]},{"@type":"Person","@id":"https:\/\/www.cuballama.com\/noticias\/#\/schema\/person\/0f97914526a658755f00e59ec2a832f2","name":"Rafa","url":"https:\/\/www.cuballama.com\/noticias\/author\/rafa\/"}]}},"_links":{"self":[{"href":"https:\/\/www.cuballama.com\/noticias\/wp-json\/wp\/v2\/posts\/231795","targetHints":{"allow":["GET"]}}],"collection":[{"href":"https:\/\/www.cuballama.com\/noticias\/wp-json\/wp\/v2\/posts"}],"about":[{"href":"https:\/\/www.cuballama.com\/noticias\/wp-json\/wp\/v2\/types\/post"}],"author":[{"embeddable":true,"href":"https:\/\/www.cuballama.com\/noticias\/wp-json\/wp\/v2\/users\/27"}],"replies":[{"embeddable":true,"href":"https:\/\/www.cuballama.com\/noticias\/wp-json\/wp\/v2\/comments?post=231795"}],"version-history":[{"count":1,"href":"https:\/\/www.cuballama.com\/noticias\/wp-json\/wp\/v2\/posts\/231795\/revisions"}],"predecessor-version":[{"id":231802,"href":"https:\/\/www.cuballama.com\/noticias\/wp-json\/wp\/v2\/posts\/231795\/revisions\/231802"}],"wp:featuredmedia":[{"embeddable":true,"href":"https:\/\/www.cuballama.com\/noticias\/wp-json\/wp\/v2\/media\/231797"}],"wp:attachment":[{"href":"https:\/\/www.cuballama.com\/noticias\/wp-json\/wp\/v2\/media?parent=231795"}],"wp:term":[{"taxonomy":"category","embeddable":true,"href":"https:\/\/www.cuballama.com\/noticias\/wp-json\/wp\/v2\/categories?post=231795"},{"taxonomy":"post_tag","embeddable":true,"href":"https:\/\/www.cuballama.com\/noticias\/wp-json\/wp\/v2\/tags?post=231795"}],"curies":[{"name":"wp","href":"https:\/\/api.w.org\/{rel}","templated":true}]}}