{"id":231734,"date":"2026-01-13T15:47:59","date_gmt":"2026-01-13T20:47:59","guid":{"rendered":"https:\/\/www.cuballama.com\/noticias\/?p=231734"},"modified":"2026-01-13T15:48:02","modified_gmt":"2026-01-13T20:48:02","slug":"seis-muertos-y-cinco-heridos-en-tragico-accidente-de-transito-en-la-carretera-moa-baracoa-fotos","status":"publish","type":"post","link":"https:\/\/www.cuballama.com\/noticias\/seis-muertos-y-cinco-heridos-en-tragico-accidente-de-transito-en-la-carretera-moa-baracoa-fotos\/","title":{"rendered":"Seis muertos y cinco heridos en tr\u00e1gico accidente de tr\u00e1nsito en la carretera Moa\u2013Baracoa (+ fotos)"},"content":{"rendered":"\n<p>Un grave accidente de tr\u00e1nsito ocurrido en la tarde de este lunes en la carretera Moa\u2013Baracoa, en la provincia de Holgu\u00edn, dej\u00f3 un saldo de seis personas fallecidas y cinco heridas, seg\u00fan confirmaron fuentes oficiales y reportes divulgados posteriormente en redes sociales y medios locales.<\/p>\n\n\n\n<iframe loading=\"lazy\" src=\"https:\/\/www.facebook.com\/plugins\/post.php?href=https%3A%2F%2Fwww.facebook.com%2Fcamilo.velazcopetitton%2Fposts%2Fpfbid02RqxgMSCef8wdVL39w1122XEHPYGJnbxUCWTB7J7bcerzVyeQQc7FGbEJMeeKmGt8l&#038;show_text=true&#038;width=500\" width=\"500\" height=\"247\" style=\"border:none;overflow:hidden\" scrolling=\"no\" frameborder=\"0\" allowfullscreen=\"true\" allow=\"autoplay; clipboard-write; encrypted-media; picture-in-picture; web-share\"><\/iframe>\n\n\n\n<p>El siniestro se produjo alrededor de las 4:00 p.m., en un tramo cercano a la Empresa de N\u00edquel Comandante Ernesto Che Guevara, ubicada en el municipio de Moa. En el hecho estuvieron involucrados una camioneta y un triciclo que transportaba pasajeros desde comunidades aleda\u00f1as. Como consecuencia del impacto, cinco personas murieron en el lugar y una sexta falleci\u00f3 horas m\u00e1s tarde en el hospital, a causa de la gravedad de sus lesiones.<\/p>\n\n\n\n<p>Las autoridades identificaron a las v\u00edctimas mortales como Andys William Mendoza Ferrer, de 41 a\u00f1os; Enoelio Borges Reyes, de 50; Mar\u00eda Carla Noguera Despaigne, de 19; Emmanuel Rodr\u00edguez Igarza, de 23; Elo\u00edna Reyes Gonz\u00e1lez, de 69; y Liolvis Lofforte Alpaj\u00f3n, de 33. Varios de ellos resid\u00edan en comunidades como Punta Gorda Arriba y Cayo Grande de Yamanig\u00fcey, en el propio municipio de Moa.<\/p>\n\n\n\n<iframe loading=\"lazy\" src=\"https:\/\/www.facebook.com\/plugins\/post.php?href=https%3A%2F%2Fwww.facebook.com%2Fyulieska.hernandezgarcia.3%2Fposts%2Fpfbid04JGfpmJrbUqhYQsB6wrvLcbZwDzG9p3LisCoJ883e1jRPeZ9wAK1WSvQszUtGKLul&#038;show_text=true&#038;width=500\" width=\"500\" height=\"804\" style=\"border:none;overflow:hidden\" scrolling=\"no\" frameborder=\"0\" allowfullscreen=\"true\" allow=\"autoplay; clipboard-write; encrypted-media; picture-in-picture; web-share\"><\/iframe>\n\n\n\n<p>Entre los cinco heridos se encuentran ambos conductores y tres pasajeros. Seg\u00fan la informaci\u00f3n m\u00e9dica disponible, uno de los lesionados se encuentra en estado grave, tres permanecen graves pero estables y uno presenta lesiones leves. Todos reciben atenci\u00f3n especializada en el Hospital Dr. Guillermo Luis Fern\u00e1ndez Hern\u00e1ndez-Baquero, donde se activ\u00f3 el protocolo para emergencias por accidentes masivos. <\/p>\n\n\n\n<iframe loading=\"lazy\" src=\"https:\/\/www.facebook.com\/plugins\/post.php?href=https%3A%2F%2Fwww.facebook.com%2Fyulieska.hernandezgarcia.3%2Fposts%2Fpfbid04Msg2DaKPc2xXcmDJvKbbYYW5Qfy7VSq7caeCzyK3mg1WAADXPVPuWBbzE9d9Su7l&#038;show_text=true&#038;width=500\" width=\"500\" height=\"431\" style=\"border:none;overflow:hidden\" scrolling=\"no\" frameborder=\"0\" allowfullscreen=\"true\" allow=\"autoplay; clipboard-write; encrypted-media; picture-in-picture; web-share\"><\/iframe>\n\n\n\n<p>Al lugar del accidente acudieron equipos de Rescate y Salvamento de las industrias del n\u00edquel, personal del Sistema Integrado de Urgencias M\u00e9dicas y fuerzas del Ministerio del Interior. Las labores incluyeron el auxilio inmediato a los heridos, la recuperaci\u00f3n de los cuerpos y el aseguramiento de la zona para facilitar la investigaci\u00f3n.<\/p>\n\n\n\n<figure class=\"wp-block-image size-large\"><img loading=\"lazy\" decoding=\"async\" width=\"1024\" height=\"1015\" src=\"https:\/\/cdn1.mediawpaccore.net\/wp-content\/uploads\/2026\/01\/13041647\/image-47-1024x1015.png\" alt=\"\" class=\"wp-image-231747\" srcset=\"https:\/\/cdn1.mediawpaccore.net\/wp-content\/uploads\/2026\/01\/13041647\/image-47-1024x1015.png 1024w, https:\/\/cdn1.mediawpaccore.net\/wp-content\/uploads\/2026\/01\/13041647\/image-47-300x297.png 300w, https:\/\/cdn1.mediawpaccore.net\/wp-content\/uploads\/2026\/01\/13041647\/image-47-150x149.png 150w, https:\/\/cdn1.mediawpaccore.net\/wp-content\/uploads\/2026\/01\/13041647\/image-47-768x761.png 768w, https:\/\/cdn1.mediawpaccore.net\/wp-content\/uploads\/2026\/01\/13041647\/image-47-424x420.png 424w, https:\/\/cdn1.mediawpaccore.net\/wp-content\/uploads\/2026\/01\/13041647\/image-47-696x690.png 696w, https:\/\/cdn1.mediawpaccore.net\/wp-content\/uploads\/2026\/01\/13041647\/image-47-1068x1058.png 1068w, https:\/\/cdn1.mediawpaccore.net\/wp-content\/uploads\/2026\/01\/13041647\/image-47.png 1332w\" sizes=\"auto, (max-width: 1024px) 100vw, 1024px\" \/><\/figure>\n\n\n\n<p>De acuerdo con informaciones preliminares, la camioneta involucrada pertenece a la empresa Womy Equipment Rental, de origen holand\u00e9s, dedicada al alquiler y mantenimiento de veh\u00edculos y maquinaria pesada. Las causas del accidente a\u00fan no han sido esclarecidas y permanecen bajo investigaci\u00f3n.<\/p>\n\n\n\n<p>En los comentarios de las publicaciones se recoge que la mayor\u00eda de los choferes toman mucha velocidad en ese tramo de la v\u00eda. Otros comentarios fueron cr\u00edticos hacia quienes sin ning\u00fan pudor toman fotograf\u00edas, incluso de fallecidos, y las suben a las redes sociales. <\/p>\n\n\n\n<p><br><\/p>\n","protected":false},"excerpt":{"rendered":"<p>Un choque entre una camioneta y un triciclo en la carretera Moa\u2013Baracoa dej\u00f3 seis fallecidos y cinco heridos en la tarde del lunes.<\/p>\n","protected":false},"author":13,"featured_media":231748,"comment_status":"open","ping_status":"closed","sticky":false,"template":"","format":"standard","meta":{"_acf_changed":false,"footnotes":""},"categories":[18,955],"tags":[4773,29981,11,1289,2712,71,2917,384],"class_list":{"0":"post-231734","1":"post","2":"type-post","3":"status-publish","4":"format-standard","5":"has-post-thumbnail","7":"category-noticias","8":"category-noticias-de-cuba","9":"tag-accidente-de-transito","10":"tag-carretera-moa-baracoa","11":"tag-cuba","12":"tag-fallecidos","13":"tag-heridos","14":"tag-holguin","15":"tag-moa","16":"tag-sucesos"},"acf":[],"yoast_head":"<!-- This site is optimized with the Yoast SEO plugin v27.4 - https:\/\/yoast.com\/product\/yoast-seo-wordpress\/ -->\n<title>Seis muertos y cinco heridos en tr\u00e1gico accidente de tr\u00e1nsito en la carretera Moa\u2013Baracoa (+ fotos) - Cuballama Noticias<\/title>\n<meta name=\"description\" content=\"Seis personas murieron y cinco resultaron heridas tras un choque entre una camioneta y un triciclo en la carretera Moa-Baracoa\" \/>\n<meta name=\"robots\" content=\"index, follow, max-snippet:-1, max-image-preview:large, max-video-preview:-1\" \/>\n<link rel=\"canonical\" href=\"https:\/\/www.cuballama.com\/noticias\/seis-muertos-y-cinco-heridos-en-tragico-accidente-de-transito-en-la-carretera-moa-baracoa-fotos\/\" \/>\n<meta property=\"og:locale\" content=\"es_ES\" \/>\n<meta property=\"og:type\" content=\"article\" \/>\n<meta property=\"og:title\" content=\"Seis muertos y cinco heridos en tr\u00e1gico accidente de tr\u00e1nsito en la carretera Moa\u2013Baracoa (+ fotos) - Cuballama Noticias\" \/>\n<meta property=\"og:description\" content=\"Seis personas murieron y cinco resultaron heridas tras un choque entre una camioneta y un triciclo en la carretera Moa-Baracoa\" \/>\n<meta property=\"og:url\" content=\"https:\/\/www.cuballama.com\/noticias\/seis-muertos-y-cinco-heridos-en-tragico-accidente-de-transito-en-la-carretera-moa-baracoa-fotos\/\" \/>\n<meta property=\"og:site_name\" content=\"Cuballama Noticias\" \/>\n<meta property=\"article:publisher\" content=\"https:\/\/www.facebook.com\/CubaLlama\" \/>\n<meta property=\"article:published_time\" content=\"2026-01-13T20:47:59+00:00\" \/>\n<meta property=\"article:modified_time\" content=\"2026-01-13T20:48:02+00:00\" \/>\n<meta property=\"og:image\" content=\"https:\/\/cdn1.mediawpaccore.net\/wp-content\/uploads\/2026\/01\/13041905\/image-48-1024x536.png\" \/>\n\t<meta property=\"og:image:width\" content=\"1024\" \/>\n\t<meta property=\"og:image:height\" content=\"536\" \/>\n\t<meta property=\"og:image:type\" content=\"image\/png\" \/>\n<meta name=\"author\" content=\"Roberto A.\" \/>\n<meta name=\"twitter:card\" content=\"summary_large_image\" \/>\n<meta name=\"twitter:creator\" content=\"@cuballama\" \/>\n<meta name=\"twitter:site\" content=\"@cuballama\" \/>\n<meta name=\"twitter:label1\" content=\"Escrito por\" \/>\n\t<meta name=\"twitter:data1\" content=\"Roberto A.\" \/>\n\t<meta name=\"twitter:label2\" content=\"Tiempo de lectura\" \/>\n\t<meta name=\"twitter:data2\" content=\"3 minutos\" \/>\n<script type=\"application\/ld+json\" class=\"yoast-schema-graph\">{\"@context\":\"https:\\\/\\\/schema.org\",\"@graph\":[{\"@type\":\"Article\",\"@id\":\"https:\\\/\\\/www.cuballama.com\\\/noticias\\\/seis-muertos-y-cinco-heridos-en-tragico-accidente-de-transito-en-la-carretera-moa-baracoa-fotos\\\/#article\",\"isPartOf\":{\"@id\":\"https:\\\/\\\/www.cuballama.com\\\/noticias\\\/seis-muertos-y-cinco-heridos-en-tragico-accidente-de-transito-en-la-carretera-moa-baracoa-fotos\\\/\"},\"author\":{\"name\":\"Roberto A.\",\"@id\":\"https:\\\/\\\/www.cuballama.com\\\/noticias\\\/#\\\/schema\\\/person\\\/a58502ed4146c8e9f83872e897c76cd2\"},\"headline\":\"Seis muertos y cinco heridos en tr\u00e1gico accidente de tr\u00e1nsito en la carretera Moa\u2013Baracoa (+ fotos)\",\"datePublished\":\"2026-01-13T20:47:59+00:00\",\"dateModified\":\"2026-01-13T20:48:02+00:00\",\"mainEntityOfPage\":{\"@id\":\"https:\\\/\\\/www.cuballama.com\\\/noticias\\\/seis-muertos-y-cinco-heridos-en-tragico-accidente-de-transito-en-la-carretera-moa-baracoa-fotos\\\/\"},\"wordCount\":421,\"commentCount\":0,\"publisher\":{\"@id\":\"https:\\\/\\\/www.cuballama.com\\\/noticias\\\/#organization\"},\"image\":{\"@id\":\"https:\\\/\\\/www.cuballama.com\\\/noticias\\\/seis-muertos-y-cinco-heridos-en-tragico-accidente-de-transito-en-la-carretera-moa-baracoa-fotos\\\/#primaryimage\"},\"thumbnailUrl\":\"https:\\\/\\\/cdn1.mediawpaccore.net\\\/wp-content\\\/uploads\\\/2026\\\/01\\\/13041905\\\/image-48.png\",\"keywords\":[\"accidente de tr\u00e1nsito\",\"carretera Moa-Baracoa\",\"Cuba\",\"fallecidos\",\"heridos\",\"Holguin\",\"Moa\",\"Sucesos\"],\"articleSection\":[\"Noticias\",\"Noticias de Cuba\"],\"inLanguage\":\"es\",\"potentialAction\":[{\"@type\":\"CommentAction\",\"name\":\"Comment\",\"target\":[\"https:\\\/\\\/www.cuballama.com\\\/noticias\\\/seis-muertos-y-cinco-heridos-en-tragico-accidente-de-transito-en-la-carretera-moa-baracoa-fotos\\\/#respond\"]}]},{\"@type\":\"WebPage\",\"@id\":\"https:\\\/\\\/www.cuballama.com\\\/noticias\\\/seis-muertos-y-cinco-heridos-en-tragico-accidente-de-transito-en-la-carretera-moa-baracoa-fotos\\\/\",\"url\":\"https:\\\/\\\/www.cuballama.com\\\/noticias\\\/seis-muertos-y-cinco-heridos-en-tragico-accidente-de-transito-en-la-carretera-moa-baracoa-fotos\\\/\",\"name\":\"Seis muertos y cinco heridos en tr\u00e1gico accidente de tr\u00e1nsito en la carretera Moa\u2013Baracoa (+ fotos) - Cuballama Noticias\",\"isPartOf\":{\"@id\":\"https:\\\/\\\/www.cuballama.com\\\/noticias\\\/#website\"},\"primaryImageOfPage\":{\"@id\":\"https:\\\/\\\/www.cuballama.com\\\/noticias\\\/seis-muertos-y-cinco-heridos-en-tragico-accidente-de-transito-en-la-carretera-moa-baracoa-fotos\\\/#primaryimage\"},\"image\":{\"@id\":\"https:\\\/\\\/www.cuballama.com\\\/noticias\\\/seis-muertos-y-cinco-heridos-en-tragico-accidente-de-transito-en-la-carretera-moa-baracoa-fotos\\\/#primaryimage\"},\"thumbnailUrl\":\"https:\\\/\\\/cdn1.mediawpaccore.net\\\/wp-content\\\/uploads\\\/2026\\\/01\\\/13041905\\\/image-48.png\",\"datePublished\":\"2026-01-13T20:47:59+00:00\",\"dateModified\":\"2026-01-13T20:48:02+00:00\",\"description\":\"Seis personas murieron y cinco resultaron heridas tras un choque entre una camioneta y un triciclo en la carretera Moa-Baracoa\",\"breadcrumb\":{\"@id\":\"https:\\\/\\\/www.cuballama.com\\\/noticias\\\/seis-muertos-y-cinco-heridos-en-tragico-accidente-de-transito-en-la-carretera-moa-baracoa-fotos\\\/#breadcrumb\"},\"inLanguage\":\"es\",\"potentialAction\":[{\"@type\":\"ReadAction\",\"target\":[\"https:\\\/\\\/www.cuballama.com\\\/noticias\\\/seis-muertos-y-cinco-heridos-en-tragico-accidente-de-transito-en-la-carretera-moa-baracoa-fotos\\\/\"]}]},{\"@type\":\"ImageObject\",\"inLanguage\":\"es\",\"@id\":\"https:\\\/\\\/www.cuballama.com\\\/noticias\\\/seis-muertos-y-cinco-heridos-en-tragico-accidente-de-transito-en-la-carretera-moa-baracoa-fotos\\\/#primaryimage\",\"url\":\"https:\\\/\\\/cdn1.mediawpaccore.net\\\/wp-content\\\/uploads\\\/2026\\\/01\\\/13041905\\\/image-48.png\",\"contentUrl\":\"https:\\\/\\\/cdn1.mediawpaccore.net\\\/wp-content\\\/uploads\\\/2026\\\/01\\\/13041905\\\/image-48.png\",\"width\":1968,\"height\":1030,\"caption\":\"Foto: V\u00eda Motorina Moa \\\/ Facebook Group\"},{\"@type\":\"BreadcrumbList\",\"@id\":\"https:\\\/\\\/www.cuballama.com\\\/noticias\\\/seis-muertos-y-cinco-heridos-en-tragico-accidente-de-transito-en-la-carretera-moa-baracoa-fotos\\\/#breadcrumb\",\"itemListElement\":[{\"@type\":\"ListItem\",\"position\":1,\"name\":\"Home\",\"item\":\"https:\\\/\\\/www.cuballama.com\\\/noticias\\\/\"},{\"@type\":\"ListItem\",\"position\":2,\"name\":\"Seis muertos y cinco heridos en tr\u00e1gico accidente de tr\u00e1nsito en la carretera Moa\u2013Baracoa (+ fotos)\"}]},{\"@type\":\"WebSite\",\"@id\":\"https:\\\/\\\/www.cuballama.com\\\/noticias\\\/#website\",\"url\":\"https:\\\/\\\/www.cuballama.com\\\/noticias\\\/\",\"name\":\"Cuballama Noticias\",\"description\":\"Medio digital sobre Cuba y el mundo\",\"publisher\":{\"@id\":\"https:\\\/\\\/www.cuballama.com\\\/noticias\\\/#organization\"},\"potentialAction\":[{\"@type\":\"SearchAction\",\"target\":{\"@type\":\"EntryPoint\",\"urlTemplate\":\"https:\\\/\\\/www.cuballama.com\\\/noticias\\\/?s={search_term_string}\"},\"query-input\":{\"@type\":\"PropertyValueSpecification\",\"valueRequired\":true,\"valueName\":\"search_term_string\"}}],\"inLanguage\":\"es\"},{\"@type\":\"Organization\",\"@id\":\"https:\\\/\\\/www.cuballama.com\\\/noticias\\\/#organization\",\"name\":\"Cuballama\",\"url\":\"https:\\\/\\\/www.cuballama.com\\\/noticias\\\/\",\"logo\":{\"@type\":\"ImageObject\",\"inLanguage\":\"es\",\"@id\":\"https:\\\/\\\/www.cuballama.com\\\/noticias\\\/#\\\/schema\\\/logo\\\/image\\\/\",\"url\":\"https:\\\/\\\/cdn1.mediawpaccore.net\\\/wp-content\\\/uploads\\\/2021\\\/12\\\/28171206\\\/cbll-logo-color-sm.png\",\"contentUrl\":\"https:\\\/\\\/cdn1.mediawpaccore.net\\\/wp-content\\\/uploads\\\/2021\\\/12\\\/28171206\\\/cbll-logo-color-sm.png\",\"width\":600,\"height\":133,\"caption\":\"Cuballama\"},\"image\":{\"@id\":\"https:\\\/\\\/www.cuballama.com\\\/noticias\\\/#\\\/schema\\\/logo\\\/image\\\/\"},\"sameAs\":[\"https:\\\/\\\/www.facebook.com\\\/CubaLlama\",\"https:\\\/\\\/x.com\\\/cuballama\",\"https:\\\/\\\/www.instagram.com\\\/stories\\\/cuballama_oficial\\\/\",\"https:\\\/\\\/www.youtube.com\\\/channel\\\/UCKkFE-d_axENGZcrc4as0IA\"]},{\"@type\":\"Person\",\"@id\":\"https:\\\/\\\/www.cuballama.com\\\/noticias\\\/#\\\/schema\\\/person\\\/a58502ed4146c8e9f83872e897c76cd2\",\"name\":\"Roberto A.\",\"description\":\"Roberto A. Periodista por decisi\u00f3n propia. Interesado en cualquier tema que me apasione y cada vez m\u00e1s comprometido con la verdad y la objetividad period\u00edstica. Graduado en La Habana hace ya muchos a\u00f1os, luego de una accidentada y polvorienta b\u00fasqueda de informaci\u00f3n sobre un tema in\u00e9dito. La Tesis, por cierto, desapareci\u00f3 de la biblioteca y no se conservan copias de la misma.\",\"url\":\"https:\\\/\\\/www.cuballama.com\\\/noticias\\\/author\\\/roberto\\\/\"}]}<\/script>\n<!-- \/ Yoast SEO plugin. -->","yoast_head_json":{"title":"Seis muertos y cinco heridos en tr\u00e1gico accidente de tr\u00e1nsito en la carretera Moa\u2013Baracoa (+ fotos) - Cuballama Noticias","description":"Seis personas murieron y cinco resultaron heridas tras un choque entre una camioneta y un triciclo en la carretera Moa-Baracoa","robots":{"index":"index","follow":"follow","max-snippet":"max-snippet:-1","max-image-preview":"max-image-preview:large","max-video-preview":"max-video-preview:-1"},"canonical":"https:\/\/www.cuballama.com\/noticias\/seis-muertos-y-cinco-heridos-en-tragico-accidente-de-transito-en-la-carretera-moa-baracoa-fotos\/","og_locale":"es_ES","og_type":"article","og_title":"Seis muertos y cinco heridos en tr\u00e1gico accidente de tr\u00e1nsito en la carretera Moa\u2013Baracoa (+ fotos) - Cuballama Noticias","og_description":"Seis personas murieron y cinco resultaron heridas tras un choque entre una camioneta y un triciclo en la carretera Moa-Baracoa","og_url":"https:\/\/www.cuballama.com\/noticias\/seis-muertos-y-cinco-heridos-en-tragico-accidente-de-transito-en-la-carretera-moa-baracoa-fotos\/","og_site_name":"Cuballama Noticias","article_publisher":"https:\/\/www.facebook.com\/CubaLlama","article_published_time":"2026-01-13T20:47:59+00:00","article_modified_time":"2026-01-13T20:48:02+00:00","og_image":[{"width":1024,"height":536,"url":"https:\/\/cdn1.mediawpaccore.net\/wp-content\/uploads\/2026\/01\/13041905\/image-48-1024x536.png","type":"image\/png"}],"author":"Roberto A.","twitter_card":"summary_large_image","twitter_creator":"@cuballama","twitter_site":"@cuballama","twitter_misc":{"Escrito por":"Roberto A.","Tiempo de lectura":"3 minutos"},"schema":{"@context":"https:\/\/schema.org","@graph":[{"@type":"Article","@id":"https:\/\/www.cuballama.com\/noticias\/seis-muertos-y-cinco-heridos-en-tragico-accidente-de-transito-en-la-carretera-moa-baracoa-fotos\/#article","isPartOf":{"@id":"https:\/\/www.cuballama.com\/noticias\/seis-muertos-y-cinco-heridos-en-tragico-accidente-de-transito-en-la-carretera-moa-baracoa-fotos\/"},"author":{"name":"Roberto A.","@id":"https:\/\/www.cuballama.com\/noticias\/#\/schema\/person\/a58502ed4146c8e9f83872e897c76cd2"},"headline":"Seis muertos y cinco heridos en tr\u00e1gico accidente de tr\u00e1nsito en la carretera Moa\u2013Baracoa (+ fotos)","datePublished":"2026-01-13T20:47:59+00:00","dateModified":"2026-01-13T20:48:02+00:00","mainEntityOfPage":{"@id":"https:\/\/www.cuballama.com\/noticias\/seis-muertos-y-cinco-heridos-en-tragico-accidente-de-transito-en-la-carretera-moa-baracoa-fotos\/"},"wordCount":421,"commentCount":0,"publisher":{"@id":"https:\/\/www.cuballama.com\/noticias\/#organization"},"image":{"@id":"https:\/\/www.cuballama.com\/noticias\/seis-muertos-y-cinco-heridos-en-tragico-accidente-de-transito-en-la-carretera-moa-baracoa-fotos\/#primaryimage"},"thumbnailUrl":"https:\/\/cdn1.mediawpaccore.net\/wp-content\/uploads\/2026\/01\/13041905\/image-48.png","keywords":["accidente de tr\u00e1nsito","carretera Moa-Baracoa","Cuba","fallecidos","heridos","Holguin","Moa","Sucesos"],"articleSection":["Noticias","Noticias de Cuba"],"inLanguage":"es","potentialAction":[{"@type":"CommentAction","name":"Comment","target":["https:\/\/www.cuballama.com\/noticias\/seis-muertos-y-cinco-heridos-en-tragico-accidente-de-transito-en-la-carretera-moa-baracoa-fotos\/#respond"]}]},{"@type":"WebPage","@id":"https:\/\/www.cuballama.com\/noticias\/seis-muertos-y-cinco-heridos-en-tragico-accidente-de-transito-en-la-carretera-moa-baracoa-fotos\/","url":"https:\/\/www.cuballama.com\/noticias\/seis-muertos-y-cinco-heridos-en-tragico-accidente-de-transito-en-la-carretera-moa-baracoa-fotos\/","name":"Seis muertos y cinco heridos en tr\u00e1gico accidente de tr\u00e1nsito en la carretera Moa\u2013Baracoa (+ fotos) - Cuballama Noticias","isPartOf":{"@id":"https:\/\/www.cuballama.com\/noticias\/#website"},"primaryImageOfPage":{"@id":"https:\/\/www.cuballama.com\/noticias\/seis-muertos-y-cinco-heridos-en-tragico-accidente-de-transito-en-la-carretera-moa-baracoa-fotos\/#primaryimage"},"image":{"@id":"https:\/\/www.cuballama.com\/noticias\/seis-muertos-y-cinco-heridos-en-tragico-accidente-de-transito-en-la-carretera-moa-baracoa-fotos\/#primaryimage"},"thumbnailUrl":"https:\/\/cdn1.mediawpaccore.net\/wp-content\/uploads\/2026\/01\/13041905\/image-48.png","datePublished":"2026-01-13T20:47:59+00:00","dateModified":"2026-01-13T20:48:02+00:00","description":"Seis personas murieron y cinco resultaron heridas tras un choque entre una camioneta y un triciclo en la carretera Moa-Baracoa","breadcrumb":{"@id":"https:\/\/www.cuballama.com\/noticias\/seis-muertos-y-cinco-heridos-en-tragico-accidente-de-transito-en-la-carretera-moa-baracoa-fotos\/#breadcrumb"},"inLanguage":"es","potentialAction":[{"@type":"ReadAction","target":["https:\/\/www.cuballama.com\/noticias\/seis-muertos-y-cinco-heridos-en-tragico-accidente-de-transito-en-la-carretera-moa-baracoa-fotos\/"]}]},{"@type":"ImageObject","inLanguage":"es","@id":"https:\/\/www.cuballama.com\/noticias\/seis-muertos-y-cinco-heridos-en-tragico-accidente-de-transito-en-la-carretera-moa-baracoa-fotos\/#primaryimage","url":"https:\/\/cdn1.mediawpaccore.net\/wp-content\/uploads\/2026\/01\/13041905\/image-48.png","contentUrl":"https:\/\/cdn1.mediawpaccore.net\/wp-content\/uploads\/2026\/01\/13041905\/image-48.png","width":1968,"height":1030,"caption":"Foto: V\u00eda Motorina Moa \/ Facebook Group"},{"@type":"BreadcrumbList","@id":"https:\/\/www.cuballama.com\/noticias\/seis-muertos-y-cinco-heridos-en-tragico-accidente-de-transito-en-la-carretera-moa-baracoa-fotos\/#breadcrumb","itemListElement":[{"@type":"ListItem","position":1,"name":"Home","item":"https:\/\/www.cuballama.com\/noticias\/"},{"@type":"ListItem","position":2,"name":"Seis muertos y cinco heridos en tr\u00e1gico accidente de tr\u00e1nsito en la carretera Moa\u2013Baracoa (+ fotos)"}]},{"@type":"WebSite","@id":"https:\/\/www.cuballama.com\/noticias\/#website","url":"https:\/\/www.cuballama.com\/noticias\/","name":"Cuballama Noticias","description":"Medio digital sobre Cuba y el mundo","publisher":{"@id":"https:\/\/www.cuballama.com\/noticias\/#organization"},"potentialAction":[{"@type":"SearchAction","target":{"@type":"EntryPoint","urlTemplate":"https:\/\/www.cuballama.com\/noticias\/?s={search_term_string}"},"query-input":{"@type":"PropertyValueSpecification","valueRequired":true,"valueName":"search_term_string"}}],"inLanguage":"es"},{"@type":"Organization","@id":"https:\/\/www.cuballama.com\/noticias\/#organization","name":"Cuballama","url":"https:\/\/www.cuballama.com\/noticias\/","logo":{"@type":"ImageObject","inLanguage":"es","@id":"https:\/\/www.cuballama.com\/noticias\/#\/schema\/logo\/image\/","url":"https:\/\/cdn1.mediawpaccore.net\/wp-content\/uploads\/2021\/12\/28171206\/cbll-logo-color-sm.png","contentUrl":"https:\/\/cdn1.mediawpaccore.net\/wp-content\/uploads\/2021\/12\/28171206\/cbll-logo-color-sm.png","width":600,"height":133,"caption":"Cuballama"},"image":{"@id":"https:\/\/www.cuballama.com\/noticias\/#\/schema\/logo\/image\/"},"sameAs":["https:\/\/www.facebook.com\/CubaLlama","https:\/\/x.com\/cuballama","https:\/\/www.instagram.com\/stories\/cuballama_oficial\/","https:\/\/www.youtube.com\/channel\/UCKkFE-d_axENGZcrc4as0IA"]},{"@type":"Person","@id":"https:\/\/www.cuballama.com\/noticias\/#\/schema\/person\/a58502ed4146c8e9f83872e897c76cd2","name":"Roberto A.","description":"Roberto A. Periodista por decisi\u00f3n propia. Interesado en cualquier tema que me apasione y cada vez m\u00e1s comprometido con la verdad y la objetividad period\u00edstica. Graduado en La Habana hace ya muchos a\u00f1os, luego de una accidentada y polvorienta b\u00fasqueda de informaci\u00f3n sobre un tema in\u00e9dito. La Tesis, por cierto, desapareci\u00f3 de la biblioteca y no se conservan copias de la misma.","url":"https:\/\/www.cuballama.com\/noticias\/author\/roberto\/"}]}},"_links":{"self":[{"href":"https:\/\/www.cuballama.com\/noticias\/wp-json\/wp\/v2\/posts\/231734","targetHints":{"allow":["GET"]}}],"collection":[{"href":"https:\/\/www.cuballama.com\/noticias\/wp-json\/wp\/v2\/posts"}],"about":[{"href":"https:\/\/www.cuballama.com\/noticias\/wp-json\/wp\/v2\/types\/post"}],"author":[{"embeddable":true,"href":"https:\/\/www.cuballama.com\/noticias\/wp-json\/wp\/v2\/users\/13"}],"replies":[{"embeddable":true,"href":"https:\/\/www.cuballama.com\/noticias\/wp-json\/wp\/v2\/comments?post=231734"}],"version-history":[{"count":4,"href":"https:\/\/www.cuballama.com\/noticias\/wp-json\/wp\/v2\/posts\/231734\/revisions"}],"predecessor-version":[{"id":231750,"href":"https:\/\/www.cuballama.com\/noticias\/wp-json\/wp\/v2\/posts\/231734\/revisions\/231750"}],"wp:featuredmedia":[{"embeddable":true,"href":"https:\/\/www.cuballama.com\/noticias\/wp-json\/wp\/v2\/media\/231748"}],"wp:attachment":[{"href":"https:\/\/www.cuballama.com\/noticias\/wp-json\/wp\/v2\/media?parent=231734"}],"wp:term":[{"taxonomy":"category","embeddable":true,"href":"https:\/\/www.cuballama.com\/noticias\/wp-json\/wp\/v2\/categories?post=231734"},{"taxonomy":"post_tag","embeddable":true,"href":"https:\/\/www.cuballama.com\/noticias\/wp-json\/wp\/v2\/tags?post=231734"}],"curies":[{"name":"wp","href":"https:\/\/api.w.org\/{rel}","templated":true}]}}