{"id":231729,"date":"2026-01-13T12:50:43","date_gmt":"2026-01-13T17:50:43","guid":{"rendered":"https:\/\/www.cuballama.com\/noticias\/?p=231729"},"modified":"2026-01-13T12:50:59","modified_gmt":"2026-01-13T17:50:59","slug":"opositor-jose-daniel-ferrer-asegura-un-presunto-ataque-de-eeuu-a-cuba-la-proxima-semana","status":"publish","type":"post","link":"https:\/\/www.cuballama.com\/noticias\/opositor-jose-daniel-ferrer-asegura-un-presunto-ataque-de-eeuu-a-cuba-la-proxima-semana\/","title":{"rendered":"Opositor Jos\u00e9 Daniel Ferrer asegura un presunto ataque de EEUU a Cuba la pr\u00f3xima semana"},"content":{"rendered":"\n<p>El l\u00edder opositor cubano Jos\u00e9 Daniel Ferrer asegur\u00f3 haber recibido informaci\u00f3n de una fuente con supuestos v\u00ednculos con funcionarios del r\u00e9gimen, seg\u00fan la cual  La Habana estar\u00eda prepar\u00e1ndose para un ataque de Estados Unidos la pr\u00f3xima semana.<\/p>\n\n\n\n<p>De acuerdo con Ferrer \u2014en declaraciones que no han podido ser verificadas de manera independiente\u2014 altos mandos del poder estar\u00edan trasladando a sus familiares a instalaciones de resguardo o bunkers ubicados en diferentes regiones del pa\u00eds. Paralelamente, el r\u00e9gimen estar\u00eda valorando la liberaci\u00f3n de presos pol\u00edticos considerados \u201cmenos problem\u00e1ticos\u201d.<\/p>\n\n\n\n<p>\u00abUn amigo que tiene relaciones con funcionarios del r\u00e9gimen castrocomunista me acaba de decir que la tiran\u00eda espera un ataque de #EEUU para la proxima semana y que los altos mandos de la dictadura estan llevando a sus familias para bunkers que tienen en diferentes partes del Pa\u00eds. Que van a liberar a presos pol\u00edticos \u00abmenos problematicos\u00bb, escribi\u00f3 en su perfil de X.<\/p>\n\n\n\n<p>Seg\u00fan la versi\u00f3n expuesta por el activista radicado en EEUU, aquellos prisioneros catalogados como m\u00e1s influyentes o con capacidad de movilizaci\u00f3n social permanecer\u00edan encarcelados, ante el temor de que puedan \u201cagitar\u201d a una poblaci\u00f3n cada vez m\u00e1s descontenta en un contexto que calific\u00f3 de especialmente delicado para el gobierno.<\/p>\n\n\n\n<p>Ferrer tambi\u00e9n afirm\u00f3 que, al menos a corto plazo, el r\u00e9gimen cubano no tendr\u00eda intenci\u00f3n de negociar con Estados Unidos ni de ceder ante las crecientes demandas de la oposici\u00f3n y del pueblo cubano en general.<\/p>\n\n\n\n<p>Estas declaraciones se producen en medio de una prolongada crisis econ\u00f3mica, social y pol\u00edtica en la Isla, marcada por sanciones internacionales, migraci\u00f3n masiva y un considerable aumento del malestar social.<\/p>\n\n\n\n<p>Hasta el momento, ni el gobierno cubano ni autoridades estadounidenses han confirmado la existencia de un escenario de confrontaci\u00f3n inminente.<\/p>\n\n\n\n<p>El presidente Donald Trump se\u00f1al\u00f3 recientemente a bordo del Air Force One que \u00bb estaba hablando con Cuba\u00bb, conservaciones que fueron negadas por el<a href=\"https:\/\/www.cuballama.com\/noticias\/diaz-canel-tras-nuevas-advertencias-de-trump-nadie-nos-dicta-que-hacer\/\" target=\"_blank\" rel=\"noreferrer noopener\"> gobernante Miguel D\u00edaz Canel.<\/a><\/p>\n\n\n\n<p><\/p>\n\n\n\n<p><\/p>\n","protected":false},"excerpt":{"rendered":"<p>Ferrer tambi\u00e9n afirm\u00f3 que, al menos a corto plazo, el r\u00e9gimen cubano no tendr\u00eda intenci\u00f3n de negociar con Estados Unidos ni de ceder ante las crecientes demandas de la oposici\u00f3n y del pueblo cubano en general.<\/p>\n","protected":false},"author":24,"featured_media":196374,"comment_status":"open","ping_status":"closed","sticky":false,"template":"","format":"standard","meta":{"_acf_changed":false,"footnotes":""},"categories":[18,955],"tags":[10867,11,92,11050,941,7442,256,600],"class_list":{"0":"post-231729","1":"post","2":"type-post","3":"status-publish","4":"format-standard","5":"has-post-thumbnail","7":"category-noticias","8":"category-noticias-de-cuba","9":"tag-crisis-en-cuba","10":"tag-cuba","11":"tag-cubanos","12":"tag-cubanos-en-miami","13":"tag-destacado","14":"tag-jose-daniel-ferrer","15":"tag-miami","16":"tag-migrantes-cubanos"},"acf":[],"yoast_head":"<!-- This site is optimized with the Yoast SEO plugin v27.4 - https:\/\/yoast.com\/product\/yoast-seo-wordpress\/ -->\n<title>Opositor Jos\u00e9 Daniel Ferrer asegura un presunto ataque de EEUU a Cuba la pr\u00f3xima semana - Cuballama Noticias<\/title>\n<meta name=\"description\" content=\"El l\u00edder opositor cubano Jos\u00e9 Daniel Ferrer asegur\u00f3 que La Habana estar\u00eda prepar\u00e1ndose para un ataque de Estados Unidos la pr\u00f3xima semana.\" \/>\n<meta name=\"robots\" content=\"index, follow, max-snippet:-1, max-image-preview:large, max-video-preview:-1\" \/>\n<link rel=\"canonical\" href=\"https:\/\/www.cuballama.com\/noticias\/opositor-jose-daniel-ferrer-asegura-un-presunto-ataque-de-eeuu-a-cuba-la-proxima-semana\/\" \/>\n<meta property=\"og:locale\" content=\"es_ES\" \/>\n<meta property=\"og:type\" content=\"article\" \/>\n<meta property=\"og:title\" content=\"Opositor Jos\u00e9 Daniel Ferrer asegura un presunto ataque de EEUU a Cuba la pr\u00f3xima semana - Cuballama Noticias\" \/>\n<meta property=\"og:description\" content=\"El l\u00edder opositor cubano Jos\u00e9 Daniel Ferrer asegur\u00f3 que La Habana estar\u00eda prepar\u00e1ndose para un ataque de Estados Unidos la pr\u00f3xima semana.\" \/>\n<meta property=\"og:url\" content=\"https:\/\/www.cuballama.com\/noticias\/opositor-jose-daniel-ferrer-asegura-un-presunto-ataque-de-eeuu-a-cuba-la-proxima-semana\/\" \/>\n<meta property=\"og:site_name\" content=\"Cuballama Noticias\" \/>\n<meta property=\"article:publisher\" content=\"https:\/\/www.facebook.com\/CubaLlama\" \/>\n<meta property=\"article:published_time\" content=\"2026-01-13T17:50:43+00:00\" \/>\n<meta property=\"article:modified_time\" content=\"2026-01-13T17:50:59+00:00\" \/>\n<meta property=\"og:image\" content=\"https:\/\/cdn1.mediawpaccore.net\/wp-content\/uploads\/2025\/01\/21125305\/Square-4x4-1-1.jpg\" \/>\n\t<meta property=\"og:image:width\" content=\"1200\" \/>\n\t<meta property=\"og:image:height\" content=\"630\" \/>\n\t<meta property=\"og:image:type\" content=\"image\/jpeg\" \/>\n<meta name=\"author\" content=\"Manu\" \/>\n<meta name=\"twitter:card\" content=\"summary_large_image\" \/>\n<meta name=\"twitter:creator\" content=\"@cuballama\" \/>\n<meta name=\"twitter:site\" content=\"@cuballama\" \/>\n<meta name=\"twitter:label1\" content=\"Escrito por\" \/>\n\t<meta name=\"twitter:data1\" content=\"Manu\" \/>\n\t<meta name=\"twitter:label2\" content=\"Tiempo de lectura\" \/>\n\t<meta name=\"twitter:data2\" content=\"2 minutos\" \/>\n<script type=\"application\/ld+json\" class=\"yoast-schema-graph\">{\"@context\":\"https:\\\/\\\/schema.org\",\"@graph\":[{\"@type\":\"Article\",\"@id\":\"https:\\\/\\\/www.cuballama.com\\\/noticias\\\/opositor-jose-daniel-ferrer-asegura-un-presunto-ataque-de-eeuu-a-cuba-la-proxima-semana\\\/#article\",\"isPartOf\":{\"@id\":\"https:\\\/\\\/www.cuballama.com\\\/noticias\\\/opositor-jose-daniel-ferrer-asegura-un-presunto-ataque-de-eeuu-a-cuba-la-proxima-semana\\\/\"},\"author\":{\"name\":\"Manu\",\"@id\":\"https:\\\/\\\/www.cuballama.com\\\/noticias\\\/#\\\/schema\\\/person\\\/5889f7d070564f8386e7944d14d436cd\"},\"headline\":\"Opositor Jos\u00e9 Daniel Ferrer asegura un presunto ataque de EEUU a Cuba la pr\u00f3xima semana\",\"datePublished\":\"2026-01-13T17:50:43+00:00\",\"dateModified\":\"2026-01-13T17:50:59+00:00\",\"mainEntityOfPage\":{\"@id\":\"https:\\\/\\\/www.cuballama.com\\\/noticias\\\/opositor-jose-daniel-ferrer-asegura-un-presunto-ataque-de-eeuu-a-cuba-la-proxima-semana\\\/\"},\"wordCount\":364,\"commentCount\":1,\"publisher\":{\"@id\":\"https:\\\/\\\/www.cuballama.com\\\/noticias\\\/#organization\"},\"image\":{\"@id\":\"https:\\\/\\\/www.cuballama.com\\\/noticias\\\/opositor-jose-daniel-ferrer-asegura-un-presunto-ataque-de-eeuu-a-cuba-la-proxima-semana\\\/#primaryimage\"},\"thumbnailUrl\":\"https:\\\/\\\/cdn1.mediawpaccore.net\\\/wp-content\\\/uploads\\\/2025\\\/01\\\/21125305\\\/Square-4x4-1-1.jpg\",\"keywords\":[\"Crisis en Cuba\",\"Cuba\",\"cubanos\",\"cubanos en Miami\",\"destacado\",\"Jos\u00e9 Daniel Ferrer\",\"Miami\",\"Migrantes cubanos\"],\"articleSection\":[\"Noticias\",\"Noticias de Cuba\"],\"inLanguage\":\"es\",\"potentialAction\":[{\"@type\":\"CommentAction\",\"name\":\"Comment\",\"target\":[\"https:\\\/\\\/www.cuballama.com\\\/noticias\\\/opositor-jose-daniel-ferrer-asegura-un-presunto-ataque-de-eeuu-a-cuba-la-proxima-semana\\\/#respond\"]}]},{\"@type\":\"WebPage\",\"@id\":\"https:\\\/\\\/www.cuballama.com\\\/noticias\\\/opositor-jose-daniel-ferrer-asegura-un-presunto-ataque-de-eeuu-a-cuba-la-proxima-semana\\\/\",\"url\":\"https:\\\/\\\/www.cuballama.com\\\/noticias\\\/opositor-jose-daniel-ferrer-asegura-un-presunto-ataque-de-eeuu-a-cuba-la-proxima-semana\\\/\",\"name\":\"Opositor Jos\u00e9 Daniel Ferrer asegura un presunto ataque de EEUU a Cuba la pr\u00f3xima semana - Cuballama Noticias\",\"isPartOf\":{\"@id\":\"https:\\\/\\\/www.cuballama.com\\\/noticias\\\/#website\"},\"primaryImageOfPage\":{\"@id\":\"https:\\\/\\\/www.cuballama.com\\\/noticias\\\/opositor-jose-daniel-ferrer-asegura-un-presunto-ataque-de-eeuu-a-cuba-la-proxima-semana\\\/#primaryimage\"},\"image\":{\"@id\":\"https:\\\/\\\/www.cuballama.com\\\/noticias\\\/opositor-jose-daniel-ferrer-asegura-un-presunto-ataque-de-eeuu-a-cuba-la-proxima-semana\\\/#primaryimage\"},\"thumbnailUrl\":\"https:\\\/\\\/cdn1.mediawpaccore.net\\\/wp-content\\\/uploads\\\/2025\\\/01\\\/21125305\\\/Square-4x4-1-1.jpg\",\"datePublished\":\"2026-01-13T17:50:43+00:00\",\"dateModified\":\"2026-01-13T17:50:59+00:00\",\"description\":\"El l\u00edder opositor cubano Jos\u00e9 Daniel Ferrer asegur\u00f3 que La Habana estar\u00eda prepar\u00e1ndose para un ataque de Estados Unidos la pr\u00f3xima semana.\",\"breadcrumb\":{\"@id\":\"https:\\\/\\\/www.cuballama.com\\\/noticias\\\/opositor-jose-daniel-ferrer-asegura-un-presunto-ataque-de-eeuu-a-cuba-la-proxima-semana\\\/#breadcrumb\"},\"inLanguage\":\"es\",\"potentialAction\":[{\"@type\":\"ReadAction\",\"target\":[\"https:\\\/\\\/www.cuballama.com\\\/noticias\\\/opositor-jose-daniel-ferrer-asegura-un-presunto-ataque-de-eeuu-a-cuba-la-proxima-semana\\\/\"]}]},{\"@type\":\"ImageObject\",\"inLanguage\":\"es\",\"@id\":\"https:\\\/\\\/www.cuballama.com\\\/noticias\\\/opositor-jose-daniel-ferrer-asegura-un-presunto-ataque-de-eeuu-a-cuba-la-proxima-semana\\\/#primaryimage\",\"url\":\"https:\\\/\\\/cdn1.mediawpaccore.net\\\/wp-content\\\/uploads\\\/2025\\\/01\\\/21125305\\\/Square-4x4-1-1.jpg\",\"contentUrl\":\"https:\\\/\\\/cdn1.mediawpaccore.net\\\/wp-content\\\/uploads\\\/2025\\\/01\\\/21125305\\\/Square-4x4-1-1.jpg\",\"width\":1200,\"height\":630,\"caption\":\"D\u00edaz-Canel (i) y Ferrer. Foto: X\\\/Miguel D\u00edaz.Canel y Facebook\\\/Jos\u00e9 Daniel Ferrer.\"},{\"@type\":\"BreadcrumbList\",\"@id\":\"https:\\\/\\\/www.cuballama.com\\\/noticias\\\/opositor-jose-daniel-ferrer-asegura-un-presunto-ataque-de-eeuu-a-cuba-la-proxima-semana\\\/#breadcrumb\",\"itemListElement\":[{\"@type\":\"ListItem\",\"position\":1,\"name\":\"Home\",\"item\":\"https:\\\/\\\/www.cuballama.com\\\/noticias\\\/\"},{\"@type\":\"ListItem\",\"position\":2,\"name\":\"Opositor Jos\u00e9 Daniel Ferrer asegura un presunto ataque de EEUU a Cuba la pr\u00f3xima semana\"}]},{\"@type\":\"WebSite\",\"@id\":\"https:\\\/\\\/www.cuballama.com\\\/noticias\\\/#website\",\"url\":\"https:\\\/\\\/www.cuballama.com\\\/noticias\\\/\",\"name\":\"Cuballama Noticias\",\"description\":\"Medio digital sobre Cuba y el mundo\",\"publisher\":{\"@id\":\"https:\\\/\\\/www.cuballama.com\\\/noticias\\\/#organization\"},\"potentialAction\":[{\"@type\":\"SearchAction\",\"target\":{\"@type\":\"EntryPoint\",\"urlTemplate\":\"https:\\\/\\\/www.cuballama.com\\\/noticias\\\/?s={search_term_string}\"},\"query-input\":{\"@type\":\"PropertyValueSpecification\",\"valueRequired\":true,\"valueName\":\"search_term_string\"}}],\"inLanguage\":\"es\"},{\"@type\":\"Organization\",\"@id\":\"https:\\\/\\\/www.cuballama.com\\\/noticias\\\/#organization\",\"name\":\"Cuballama\",\"url\":\"https:\\\/\\\/www.cuballama.com\\\/noticias\\\/\",\"logo\":{\"@type\":\"ImageObject\",\"inLanguage\":\"es\",\"@id\":\"https:\\\/\\\/www.cuballama.com\\\/noticias\\\/#\\\/schema\\\/logo\\\/image\\\/\",\"url\":\"https:\\\/\\\/cdn1.mediawpaccore.net\\\/wp-content\\\/uploads\\\/2021\\\/12\\\/28171206\\\/cbll-logo-color-sm.png\",\"contentUrl\":\"https:\\\/\\\/cdn1.mediawpaccore.net\\\/wp-content\\\/uploads\\\/2021\\\/12\\\/28171206\\\/cbll-logo-color-sm.png\",\"width\":600,\"height\":133,\"caption\":\"Cuballama\"},\"image\":{\"@id\":\"https:\\\/\\\/www.cuballama.com\\\/noticias\\\/#\\\/schema\\\/logo\\\/image\\\/\"},\"sameAs\":[\"https:\\\/\\\/www.facebook.com\\\/CubaLlama\",\"https:\\\/\\\/x.com\\\/cuballama\",\"https:\\\/\\\/www.instagram.com\\\/stories\\\/cuballama_oficial\\\/\",\"https:\\\/\\\/www.youtube.com\\\/channel\\\/UCKkFE-d_axENGZcrc4as0IA\"]},{\"@type\":\"Person\",\"@id\":\"https:\\\/\\\/www.cuballama.com\\\/noticias\\\/#\\\/schema\\\/person\\\/5889f7d070564f8386e7944d14d436cd\",\"name\":\"Manu\",\"url\":\"https:\\\/\\\/www.cuballama.com\\\/noticias\\\/author\\\/manu\\\/\"}]}<\/script>\n<!-- \/ Yoast SEO plugin. -->","yoast_head_json":{"title":"Opositor Jos\u00e9 Daniel Ferrer asegura un presunto ataque de EEUU a Cuba la pr\u00f3xima semana - Cuballama Noticias","description":"El l\u00edder opositor cubano Jos\u00e9 Daniel Ferrer asegur\u00f3 que La Habana estar\u00eda prepar\u00e1ndose para un ataque de Estados Unidos la pr\u00f3xima semana.","robots":{"index":"index","follow":"follow","max-snippet":"max-snippet:-1","max-image-preview":"max-image-preview:large","max-video-preview":"max-video-preview:-1"},"canonical":"https:\/\/www.cuballama.com\/noticias\/opositor-jose-daniel-ferrer-asegura-un-presunto-ataque-de-eeuu-a-cuba-la-proxima-semana\/","og_locale":"es_ES","og_type":"article","og_title":"Opositor Jos\u00e9 Daniel Ferrer asegura un presunto ataque de EEUU a Cuba la pr\u00f3xima semana - Cuballama Noticias","og_description":"El l\u00edder opositor cubano Jos\u00e9 Daniel Ferrer asegur\u00f3 que La Habana estar\u00eda prepar\u00e1ndose para un ataque de Estados Unidos la pr\u00f3xima semana.","og_url":"https:\/\/www.cuballama.com\/noticias\/opositor-jose-daniel-ferrer-asegura-un-presunto-ataque-de-eeuu-a-cuba-la-proxima-semana\/","og_site_name":"Cuballama Noticias","article_publisher":"https:\/\/www.facebook.com\/CubaLlama","article_published_time":"2026-01-13T17:50:43+00:00","article_modified_time":"2026-01-13T17:50:59+00:00","og_image":[{"width":1200,"height":630,"url":"https:\/\/cdn1.mediawpaccore.net\/wp-content\/uploads\/2025\/01\/21125305\/Square-4x4-1-1.jpg","type":"image\/jpeg"}],"author":"Manu","twitter_card":"summary_large_image","twitter_creator":"@cuballama","twitter_site":"@cuballama","twitter_misc":{"Escrito por":"Manu","Tiempo de lectura":"2 minutos"},"schema":{"@context":"https:\/\/schema.org","@graph":[{"@type":"Article","@id":"https:\/\/www.cuballama.com\/noticias\/opositor-jose-daniel-ferrer-asegura-un-presunto-ataque-de-eeuu-a-cuba-la-proxima-semana\/#article","isPartOf":{"@id":"https:\/\/www.cuballama.com\/noticias\/opositor-jose-daniel-ferrer-asegura-un-presunto-ataque-de-eeuu-a-cuba-la-proxima-semana\/"},"author":{"name":"Manu","@id":"https:\/\/www.cuballama.com\/noticias\/#\/schema\/person\/5889f7d070564f8386e7944d14d436cd"},"headline":"Opositor Jos\u00e9 Daniel Ferrer asegura un presunto ataque de EEUU a Cuba la pr\u00f3xima semana","datePublished":"2026-01-13T17:50:43+00:00","dateModified":"2026-01-13T17:50:59+00:00","mainEntityOfPage":{"@id":"https:\/\/www.cuballama.com\/noticias\/opositor-jose-daniel-ferrer-asegura-un-presunto-ataque-de-eeuu-a-cuba-la-proxima-semana\/"},"wordCount":364,"commentCount":1,"publisher":{"@id":"https:\/\/www.cuballama.com\/noticias\/#organization"},"image":{"@id":"https:\/\/www.cuballama.com\/noticias\/opositor-jose-daniel-ferrer-asegura-un-presunto-ataque-de-eeuu-a-cuba-la-proxima-semana\/#primaryimage"},"thumbnailUrl":"https:\/\/cdn1.mediawpaccore.net\/wp-content\/uploads\/2025\/01\/21125305\/Square-4x4-1-1.jpg","keywords":["Crisis en Cuba","Cuba","cubanos","cubanos en Miami","destacado","Jos\u00e9 Daniel Ferrer","Miami","Migrantes cubanos"],"articleSection":["Noticias","Noticias de Cuba"],"inLanguage":"es","potentialAction":[{"@type":"CommentAction","name":"Comment","target":["https:\/\/www.cuballama.com\/noticias\/opositor-jose-daniel-ferrer-asegura-un-presunto-ataque-de-eeuu-a-cuba-la-proxima-semana\/#respond"]}]},{"@type":"WebPage","@id":"https:\/\/www.cuballama.com\/noticias\/opositor-jose-daniel-ferrer-asegura-un-presunto-ataque-de-eeuu-a-cuba-la-proxima-semana\/","url":"https:\/\/www.cuballama.com\/noticias\/opositor-jose-daniel-ferrer-asegura-un-presunto-ataque-de-eeuu-a-cuba-la-proxima-semana\/","name":"Opositor Jos\u00e9 Daniel Ferrer asegura un presunto ataque de EEUU a Cuba la pr\u00f3xima semana - Cuballama Noticias","isPartOf":{"@id":"https:\/\/www.cuballama.com\/noticias\/#website"},"primaryImageOfPage":{"@id":"https:\/\/www.cuballama.com\/noticias\/opositor-jose-daniel-ferrer-asegura-un-presunto-ataque-de-eeuu-a-cuba-la-proxima-semana\/#primaryimage"},"image":{"@id":"https:\/\/www.cuballama.com\/noticias\/opositor-jose-daniel-ferrer-asegura-un-presunto-ataque-de-eeuu-a-cuba-la-proxima-semana\/#primaryimage"},"thumbnailUrl":"https:\/\/cdn1.mediawpaccore.net\/wp-content\/uploads\/2025\/01\/21125305\/Square-4x4-1-1.jpg","datePublished":"2026-01-13T17:50:43+00:00","dateModified":"2026-01-13T17:50:59+00:00","description":"El l\u00edder opositor cubano Jos\u00e9 Daniel Ferrer asegur\u00f3 que La Habana estar\u00eda prepar\u00e1ndose para un ataque de Estados Unidos la pr\u00f3xima semana.","breadcrumb":{"@id":"https:\/\/www.cuballama.com\/noticias\/opositor-jose-daniel-ferrer-asegura-un-presunto-ataque-de-eeuu-a-cuba-la-proxima-semana\/#breadcrumb"},"inLanguage":"es","potentialAction":[{"@type":"ReadAction","target":["https:\/\/www.cuballama.com\/noticias\/opositor-jose-daniel-ferrer-asegura-un-presunto-ataque-de-eeuu-a-cuba-la-proxima-semana\/"]}]},{"@type":"ImageObject","inLanguage":"es","@id":"https:\/\/www.cuballama.com\/noticias\/opositor-jose-daniel-ferrer-asegura-un-presunto-ataque-de-eeuu-a-cuba-la-proxima-semana\/#primaryimage","url":"https:\/\/cdn1.mediawpaccore.net\/wp-content\/uploads\/2025\/01\/21125305\/Square-4x4-1-1.jpg","contentUrl":"https:\/\/cdn1.mediawpaccore.net\/wp-content\/uploads\/2025\/01\/21125305\/Square-4x4-1-1.jpg","width":1200,"height":630,"caption":"D\u00edaz-Canel (i) y Ferrer. Foto: X\/Miguel D\u00edaz.Canel y Facebook\/Jos\u00e9 Daniel Ferrer."},{"@type":"BreadcrumbList","@id":"https:\/\/www.cuballama.com\/noticias\/opositor-jose-daniel-ferrer-asegura-un-presunto-ataque-de-eeuu-a-cuba-la-proxima-semana\/#breadcrumb","itemListElement":[{"@type":"ListItem","position":1,"name":"Home","item":"https:\/\/www.cuballama.com\/noticias\/"},{"@type":"ListItem","position":2,"name":"Opositor Jos\u00e9 Daniel Ferrer asegura un presunto ataque de EEUU a Cuba la pr\u00f3xima semana"}]},{"@type":"WebSite","@id":"https:\/\/www.cuballama.com\/noticias\/#website","url":"https:\/\/www.cuballama.com\/noticias\/","name":"Cuballama Noticias","description":"Medio digital sobre Cuba y el mundo","publisher":{"@id":"https:\/\/www.cuballama.com\/noticias\/#organization"},"potentialAction":[{"@type":"SearchAction","target":{"@type":"EntryPoint","urlTemplate":"https:\/\/www.cuballama.com\/noticias\/?s={search_term_string}"},"query-input":{"@type":"PropertyValueSpecification","valueRequired":true,"valueName":"search_term_string"}}],"inLanguage":"es"},{"@type":"Organization","@id":"https:\/\/www.cuballama.com\/noticias\/#organization","name":"Cuballama","url":"https:\/\/www.cuballama.com\/noticias\/","logo":{"@type":"ImageObject","inLanguage":"es","@id":"https:\/\/www.cuballama.com\/noticias\/#\/schema\/logo\/image\/","url":"https:\/\/cdn1.mediawpaccore.net\/wp-content\/uploads\/2021\/12\/28171206\/cbll-logo-color-sm.png","contentUrl":"https:\/\/cdn1.mediawpaccore.net\/wp-content\/uploads\/2021\/12\/28171206\/cbll-logo-color-sm.png","width":600,"height":133,"caption":"Cuballama"},"image":{"@id":"https:\/\/www.cuballama.com\/noticias\/#\/schema\/logo\/image\/"},"sameAs":["https:\/\/www.facebook.com\/CubaLlama","https:\/\/x.com\/cuballama","https:\/\/www.instagram.com\/stories\/cuballama_oficial\/","https:\/\/www.youtube.com\/channel\/UCKkFE-d_axENGZcrc4as0IA"]},{"@type":"Person","@id":"https:\/\/www.cuballama.com\/noticias\/#\/schema\/person\/5889f7d070564f8386e7944d14d436cd","name":"Manu","url":"https:\/\/www.cuballama.com\/noticias\/author\/manu\/"}]}},"_links":{"self":[{"href":"https:\/\/www.cuballama.com\/noticias\/wp-json\/wp\/v2\/posts\/231729","targetHints":{"allow":["GET"]}}],"collection":[{"href":"https:\/\/www.cuballama.com\/noticias\/wp-json\/wp\/v2\/posts"}],"about":[{"href":"https:\/\/www.cuballama.com\/noticias\/wp-json\/wp\/v2\/types\/post"}],"author":[{"embeddable":true,"href":"https:\/\/www.cuballama.com\/noticias\/wp-json\/wp\/v2\/users\/24"}],"replies":[{"embeddable":true,"href":"https:\/\/www.cuballama.com\/noticias\/wp-json\/wp\/v2\/comments?post=231729"}],"version-history":[{"count":5,"href":"https:\/\/www.cuballama.com\/noticias\/wp-json\/wp\/v2\/posts\/231729\/revisions"}],"predecessor-version":[{"id":231832,"href":"https:\/\/www.cuballama.com\/noticias\/wp-json\/wp\/v2\/posts\/231729\/revisions\/231832"}],"wp:featuredmedia":[{"embeddable":true,"href":"https:\/\/www.cuballama.com\/noticias\/wp-json\/wp\/v2\/media\/196374"}],"wp:attachment":[{"href":"https:\/\/www.cuballama.com\/noticias\/wp-json\/wp\/v2\/media?parent=231729"}],"wp:term":[{"taxonomy":"category","embeddable":true,"href":"https:\/\/www.cuballama.com\/noticias\/wp-json\/wp\/v2\/categories?post=231729"},{"taxonomy":"post_tag","embeddable":true,"href":"https:\/\/www.cuballama.com\/noticias\/wp-json\/wp\/v2\/tags?post=231729"}],"curies":[{"name":"wp","href":"https:\/\/api.w.org\/{rel}","templated":true}]}}