{"id":231716,"date":"2026-01-12T20:39:06","date_gmt":"2026-01-13T01:39:06","guid":{"rendered":"https:\/\/www.cuballama.com\/noticias\/?p=231716"},"modified":"2026-01-12T22:01:17","modified_gmt":"2026-01-13T03:01:17","slug":"gobierno-cubano-organiza-homenaje-postumo-a-militares-fallecidos-durante-captura-de-maduro","status":"publish","type":"post","link":"https:\/\/www.cuballama.com\/noticias\/gobierno-cubano-organiza-homenaje-postumo-a-militares-fallecidos-durante-captura-de-maduro\/","title":{"rendered":"Gobierno cubano organiza homenaje p\u00f3stumo a militares fallecidos durante captura de Maduro"},"content":{"rendered":"\n<p>Los restos mortales de los 32 militares cubanos fallecidos durante la captura del mandatario venezolano Nicol\u00e1s Maduro arribar\u00e1n a Cuba este jueves y recibir\u00e1n un homenaje en el Aeropuerto Internacional Jos\u00e9 Mart\u00ed de La Habana.<\/p>\n\n\n\n<p>De acuerdo a una <a href=\"http:\/\/www.cubadebate.cu\/noticias\/2026\/01\/12\/gobierno-revolucionario-informa-sobre-homenaje-postumo-a-combatientes-cubanos-caidos-en-cumplimiento-del-deber-en-la-republica-bolivariana-de-venezuela\/\" target=\"_blank\" rel=\"noreferrer noopener\">nota oficial<\/a> al concluir la ceremonia ser\u00e1n trasladados por la Avenida Rancho Boyeros hasta la sede del Ministerio de las Fuerzas Armadas Revolucionarias.<\/p>\n\n\n\n<p>Seg\u00fan la informaci\u00f3n, \u00abdurante ese trayecto, una representaci\u00f3n del pueblo, concentrado en ambos lados de la v\u00eda, rendir\u00e1 honores a los ca\u00eddos\u00bb.<\/p>\n\n\n\n<p>El propio d\u00eda 15 de enero los restos mortales de los militares cubanos ser\u00e1n expuestos en la sede del Ministerio de las Fuerzas Armadas Revolucionarias, adonde podr\u00e1 acceder la poblaci\u00f3n para las honras f\u00fanebres. <\/p>\n\n\n\n<p>El homenaje previsto por el <a href=\"https:\/\/www.cuballama.com\/noticias\/wp-admin\/post.php?post=231558&amp;action=edit\">gobierno cubano <\/a>incluye \u00abla Marcha del Pueblo Combatiente, como reafirmaci\u00f3n del compromiso con la Patria\u00bb, que comenzar\u00e1 el viernes 16 de enero, en la llamada Tribuna Antimperialista Jos\u00e9 Mart\u00ed.<\/p>\n\n\n\n<p>Igualmente se organizar\u00e1n homenajes en todas las provincias y los restos mortales \u00abser\u00e1n inhumados en los panteones de los Ca\u00eddos por la Defensa de sus respectivas localidades. Todos los municipios del pa\u00eds efectuar\u00e1n actos de homenaje p\u00f3stumo\u00bb, a\u00f1adi\u00f3 la nota.<\/p>\n\n\n\n<p>Los militares cubanos fueron abatidos por tropas especiales estadounidenses durante una operaci\u00f3n militar que concluy\u00f3 con la detenci\u00f3n del gobernante venezolano y su esposa, quienes fueron trasladados a Estados Unidos, donde est\u00e1n siendo juzgados en un tribunal de Nueva York bajo diferentes cargos relacionados con el narcotr\u00e1fico.<\/p>\n\n\n\n<p>En el hecho fueron heridos siete efectivos estadounidenses seg\u00fan la Casa Blanca, que no report\u00f3 v\u00edctimas mortales en el operativo. <\/p>\n\n\n\n<p>Maduro se declar\u00f3 inocente durante su primera audiencia en la corte y se\u00f1al\u00f3 que era \u00bb un prisionero de guerra\u00bb. Tras su captura fue proclamada Delcy Rodr\u00edguez como presidenta interina de<a href=\"https:\/\/www.cuballama.com\/noticias\/trump-se-refiere-a-si-mismo-como-presidente-en-funciones-de-venezuela\/\" target=\"_blank\" rel=\"noreferrer noopener\"> Venezuela<\/a>, quien seg\u00fan el presidente estadounidense Donald Trump se mantiene colaborando con Estados Unidos en diferentes \u00e1mbitos entre ellos el suministro de petr\u00f3leo. <\/p>\n\n\n\n<p><\/p>\n\n\n\n<p><\/p>\n","protected":false},"excerpt":{"rendered":"<p>Los militares cubanos fueron abatidos por tropas estadounidenses durante una operaci\u00f3n militar que concluy\u00f3 con la detenci\u00f3n del gobernante venezolano y su esposa<\/p>\n","protected":false},"author":24,"featured_media":230652,"comment_status":"open","ping_status":"closed","sticky":false,"template":"","format":"standard","meta":{"_acf_changed":false,"footnotes":""},"categories":[18,955],"tags":[29837,10867,11,92,256,11017],"class_list":{"0":"post-231716","1":"post","2":"type-post","3":"status-publish","4":"format-standard","5":"has-post-thumbnail","7":"category-noticias","8":"category-noticias-de-cuba","9":"tag-captura-de-maduro","10":"tag-crisis-en-cuba","11":"tag-cuba","12":"tag-cubanos","13":"tag-miami","14":"tag-superdestacado"},"acf":[],"yoast_head":"<!-- This site is optimized with the Yoast SEO plugin v27.4 - https:\/\/yoast.com\/product\/yoast-seo-wordpress\/ -->\n<title>Gobierno cubano organiza homenaje p\u00f3stumo a militares fallecidos durante captura de Maduro - Cuballama Noticias<\/title>\n<meta name=\"description\" content=\"Los restos mortales de los militares cubanos fallecidos durante la captura de Nicol\u00e1s Maduro arribar\u00e1n a Cuba este jueves.\" \/>\n<meta name=\"robots\" content=\"index, follow, max-snippet:-1, max-image-preview:large, max-video-preview:-1\" \/>\n<link rel=\"canonical\" href=\"https:\/\/www.cuballama.com\/noticias\/gobierno-cubano-organiza-homenaje-postumo-a-militares-fallecidos-durante-captura-de-maduro\/\" \/>\n<meta property=\"og:locale\" content=\"es_ES\" \/>\n<meta property=\"og:type\" content=\"article\" \/>\n<meta property=\"og:title\" content=\"Gobierno cubano organiza homenaje p\u00f3stumo a militares fallecidos durante captura de Maduro - Cuballama Noticias\" \/>\n<meta property=\"og:description\" content=\"Los restos mortales de los militares cubanos fallecidos durante la captura de Nicol\u00e1s Maduro arribar\u00e1n a Cuba este jueves.\" \/>\n<meta property=\"og:url\" content=\"https:\/\/www.cuballama.com\/noticias\/gobierno-cubano-organiza-homenaje-postumo-a-militares-fallecidos-durante-captura-de-maduro\/\" \/>\n<meta property=\"og:site_name\" content=\"Cuballama Noticias\" \/>\n<meta property=\"article:publisher\" content=\"https:\/\/www.facebook.com\/CubaLlama\" \/>\n<meta property=\"article:published_time\" content=\"2026-01-13T01:39:06+00:00\" \/>\n<meta property=\"article:modified_time\" content=\"2026-01-13T03:01:17+00:00\" \/>\n<meta property=\"og:image\" content=\"https:\/\/cdn1.mediawpaccore.net\/wp-content\/uploads\/2026\/01\/04203348\/Plaza_de_la_Revolution.jpg\" \/>\n\t<meta property=\"og:image:width\" content=\"640\" \/>\n\t<meta property=\"og:image:height\" content=\"480\" \/>\n\t<meta property=\"og:image:type\" content=\"image\/jpeg\" \/>\n<meta name=\"author\" content=\"Manu\" \/>\n<meta name=\"twitter:card\" content=\"summary_large_image\" \/>\n<meta name=\"twitter:creator\" content=\"@cuballama\" \/>\n<meta name=\"twitter:site\" content=\"@cuballama\" \/>\n<meta name=\"twitter:label1\" content=\"Escrito por\" \/>\n\t<meta name=\"twitter:data1\" content=\"Manu\" \/>\n\t<meta name=\"twitter:label2\" content=\"Tiempo de lectura\" \/>\n\t<meta name=\"twitter:data2\" content=\"2 minutos\" \/>\n<script type=\"application\/ld+json\" class=\"yoast-schema-graph\">{\"@context\":\"https:\\\/\\\/schema.org\",\"@graph\":[{\"@type\":\"Article\",\"@id\":\"https:\\\/\\\/www.cuballama.com\\\/noticias\\\/gobierno-cubano-organiza-homenaje-postumo-a-militares-fallecidos-durante-captura-de-maduro\\\/#article\",\"isPartOf\":{\"@id\":\"https:\\\/\\\/www.cuballama.com\\\/noticias\\\/gobierno-cubano-organiza-homenaje-postumo-a-militares-fallecidos-durante-captura-de-maduro\\\/\"},\"author\":{\"name\":\"Manu\",\"@id\":\"https:\\\/\\\/www.cuballama.com\\\/noticias\\\/#\\\/schema\\\/person\\\/5889f7d070564f8386e7944d14d436cd\"},\"headline\":\"Gobierno cubano organiza homenaje p\u00f3stumo a militares fallecidos durante captura de Maduro\",\"datePublished\":\"2026-01-13T01:39:06+00:00\",\"dateModified\":\"2026-01-13T03:01:17+00:00\",\"mainEntityOfPage\":{\"@id\":\"https:\\\/\\\/www.cuballama.com\\\/noticias\\\/gobierno-cubano-organiza-homenaje-postumo-a-militares-fallecidos-durante-captura-de-maduro\\\/\"},\"wordCount\":353,\"commentCount\":0,\"publisher\":{\"@id\":\"https:\\\/\\\/www.cuballama.com\\\/noticias\\\/#organization\"},\"image\":{\"@id\":\"https:\\\/\\\/www.cuballama.com\\\/noticias\\\/gobierno-cubano-organiza-homenaje-postumo-a-militares-fallecidos-durante-captura-de-maduro\\\/#primaryimage\"},\"thumbnailUrl\":\"https:\\\/\\\/cdn1.mediawpaccore.net\\\/wp-content\\\/uploads\\\/2026\\\/01\\\/04203348\\\/Plaza_de_la_Revolution.jpg\",\"keywords\":[\"captura de Maduro\",\"Crisis en Cuba\",\"Cuba\",\"cubanos\",\"Miami\",\"superdestacado\"],\"articleSection\":[\"Noticias\",\"Noticias de Cuba\"],\"inLanguage\":\"es\",\"potentialAction\":[{\"@type\":\"CommentAction\",\"name\":\"Comment\",\"target\":[\"https:\\\/\\\/www.cuballama.com\\\/noticias\\\/gobierno-cubano-organiza-homenaje-postumo-a-militares-fallecidos-durante-captura-de-maduro\\\/#respond\"]}]},{\"@type\":\"WebPage\",\"@id\":\"https:\\\/\\\/www.cuballama.com\\\/noticias\\\/gobierno-cubano-organiza-homenaje-postumo-a-militares-fallecidos-durante-captura-de-maduro\\\/\",\"url\":\"https:\\\/\\\/www.cuballama.com\\\/noticias\\\/gobierno-cubano-organiza-homenaje-postumo-a-militares-fallecidos-durante-captura-de-maduro\\\/\",\"name\":\"Gobierno cubano organiza homenaje p\u00f3stumo a militares fallecidos durante captura de Maduro - Cuballama Noticias\",\"isPartOf\":{\"@id\":\"https:\\\/\\\/www.cuballama.com\\\/noticias\\\/#website\"},\"primaryImageOfPage\":{\"@id\":\"https:\\\/\\\/www.cuballama.com\\\/noticias\\\/gobierno-cubano-organiza-homenaje-postumo-a-militares-fallecidos-durante-captura-de-maduro\\\/#primaryimage\"},\"image\":{\"@id\":\"https:\\\/\\\/www.cuballama.com\\\/noticias\\\/gobierno-cubano-organiza-homenaje-postumo-a-militares-fallecidos-durante-captura-de-maduro\\\/#primaryimage\"},\"thumbnailUrl\":\"https:\\\/\\\/cdn1.mediawpaccore.net\\\/wp-content\\\/uploads\\\/2026\\\/01\\\/04203348\\\/Plaza_de_la_Revolution.jpg\",\"datePublished\":\"2026-01-13T01:39:06+00:00\",\"dateModified\":\"2026-01-13T03:01:17+00:00\",\"description\":\"Los restos mortales de los militares cubanos fallecidos durante la captura de Nicol\u00e1s Maduro arribar\u00e1n a Cuba este jueves.\",\"breadcrumb\":{\"@id\":\"https:\\\/\\\/www.cuballama.com\\\/noticias\\\/gobierno-cubano-organiza-homenaje-postumo-a-militares-fallecidos-durante-captura-de-maduro\\\/#breadcrumb\"},\"inLanguage\":\"es\",\"potentialAction\":[{\"@type\":\"ReadAction\",\"target\":[\"https:\\\/\\\/www.cuballama.com\\\/noticias\\\/gobierno-cubano-organiza-homenaje-postumo-a-militares-fallecidos-durante-captura-de-maduro\\\/\"]}]},{\"@type\":\"ImageObject\",\"inLanguage\":\"es\",\"@id\":\"https:\\\/\\\/www.cuballama.com\\\/noticias\\\/gobierno-cubano-organiza-homenaje-postumo-a-militares-fallecidos-durante-captura-de-maduro\\\/#primaryimage\",\"url\":\"https:\\\/\\\/cdn1.mediawpaccore.net\\\/wp-content\\\/uploads\\\/2026\\\/01\\\/04203348\\\/Plaza_de_la_Revolution.jpg\",\"contentUrl\":\"https:\\\/\\\/cdn1.mediawpaccore.net\\\/wp-content\\\/uploads\\\/2026\\\/01\\\/04203348\\\/Plaza_de_la_Revolution.jpg\",\"width\":640,\"height\":480,\"caption\":\"Foto: Wikimedia Commons\"},{\"@type\":\"BreadcrumbList\",\"@id\":\"https:\\\/\\\/www.cuballama.com\\\/noticias\\\/gobierno-cubano-organiza-homenaje-postumo-a-militares-fallecidos-durante-captura-de-maduro\\\/#breadcrumb\",\"itemListElement\":[{\"@type\":\"ListItem\",\"position\":1,\"name\":\"Home\",\"item\":\"https:\\\/\\\/www.cuballama.com\\\/noticias\\\/\"},{\"@type\":\"ListItem\",\"position\":2,\"name\":\"Gobierno cubano organiza homenaje p\u00f3stumo a militares fallecidos durante captura de Maduro\"}]},{\"@type\":\"WebSite\",\"@id\":\"https:\\\/\\\/www.cuballama.com\\\/noticias\\\/#website\",\"url\":\"https:\\\/\\\/www.cuballama.com\\\/noticias\\\/\",\"name\":\"Cuballama Noticias\",\"description\":\"Medio digital sobre Cuba y el mundo\",\"publisher\":{\"@id\":\"https:\\\/\\\/www.cuballama.com\\\/noticias\\\/#organization\"},\"potentialAction\":[{\"@type\":\"SearchAction\",\"target\":{\"@type\":\"EntryPoint\",\"urlTemplate\":\"https:\\\/\\\/www.cuballama.com\\\/noticias\\\/?s={search_term_string}\"},\"query-input\":{\"@type\":\"PropertyValueSpecification\",\"valueRequired\":true,\"valueName\":\"search_term_string\"}}],\"inLanguage\":\"es\"},{\"@type\":\"Organization\",\"@id\":\"https:\\\/\\\/www.cuballama.com\\\/noticias\\\/#organization\",\"name\":\"Cuballama\",\"url\":\"https:\\\/\\\/www.cuballama.com\\\/noticias\\\/\",\"logo\":{\"@type\":\"ImageObject\",\"inLanguage\":\"es\",\"@id\":\"https:\\\/\\\/www.cuballama.com\\\/noticias\\\/#\\\/schema\\\/logo\\\/image\\\/\",\"url\":\"https:\\\/\\\/cdn1.mediawpaccore.net\\\/wp-content\\\/uploads\\\/2021\\\/12\\\/28171206\\\/cbll-logo-color-sm.png\",\"contentUrl\":\"https:\\\/\\\/cdn1.mediawpaccore.net\\\/wp-content\\\/uploads\\\/2021\\\/12\\\/28171206\\\/cbll-logo-color-sm.png\",\"width\":600,\"height\":133,\"caption\":\"Cuballama\"},\"image\":{\"@id\":\"https:\\\/\\\/www.cuballama.com\\\/noticias\\\/#\\\/schema\\\/logo\\\/image\\\/\"},\"sameAs\":[\"https:\\\/\\\/www.facebook.com\\\/CubaLlama\",\"https:\\\/\\\/x.com\\\/cuballama\",\"https:\\\/\\\/www.instagram.com\\\/stories\\\/cuballama_oficial\\\/\",\"https:\\\/\\\/www.youtube.com\\\/channel\\\/UCKkFE-d_axENGZcrc4as0IA\"]},{\"@type\":\"Person\",\"@id\":\"https:\\\/\\\/www.cuballama.com\\\/noticias\\\/#\\\/schema\\\/person\\\/5889f7d070564f8386e7944d14d436cd\",\"name\":\"Manu\",\"url\":\"https:\\\/\\\/www.cuballama.com\\\/noticias\\\/author\\\/manu\\\/\"}]}<\/script>\n<!-- \/ Yoast SEO plugin. -->","yoast_head_json":{"title":"Gobierno cubano organiza homenaje p\u00f3stumo a militares fallecidos durante captura de Maduro - Cuballama Noticias","description":"Los restos mortales de los militares cubanos fallecidos durante la captura de Nicol\u00e1s Maduro arribar\u00e1n a Cuba este jueves.","robots":{"index":"index","follow":"follow","max-snippet":"max-snippet:-1","max-image-preview":"max-image-preview:large","max-video-preview":"max-video-preview:-1"},"canonical":"https:\/\/www.cuballama.com\/noticias\/gobierno-cubano-organiza-homenaje-postumo-a-militares-fallecidos-durante-captura-de-maduro\/","og_locale":"es_ES","og_type":"article","og_title":"Gobierno cubano organiza homenaje p\u00f3stumo a militares fallecidos durante captura de Maduro - Cuballama Noticias","og_description":"Los restos mortales de los militares cubanos fallecidos durante la captura de Nicol\u00e1s Maduro arribar\u00e1n a Cuba este jueves.","og_url":"https:\/\/www.cuballama.com\/noticias\/gobierno-cubano-organiza-homenaje-postumo-a-militares-fallecidos-durante-captura-de-maduro\/","og_site_name":"Cuballama Noticias","article_publisher":"https:\/\/www.facebook.com\/CubaLlama","article_published_time":"2026-01-13T01:39:06+00:00","article_modified_time":"2026-01-13T03:01:17+00:00","og_image":[{"width":640,"height":480,"url":"https:\/\/cdn1.mediawpaccore.net\/wp-content\/uploads\/2026\/01\/04203348\/Plaza_de_la_Revolution.jpg","type":"image\/jpeg"}],"author":"Manu","twitter_card":"summary_large_image","twitter_creator":"@cuballama","twitter_site":"@cuballama","twitter_misc":{"Escrito por":"Manu","Tiempo de lectura":"2 minutos"},"schema":{"@context":"https:\/\/schema.org","@graph":[{"@type":"Article","@id":"https:\/\/www.cuballama.com\/noticias\/gobierno-cubano-organiza-homenaje-postumo-a-militares-fallecidos-durante-captura-de-maduro\/#article","isPartOf":{"@id":"https:\/\/www.cuballama.com\/noticias\/gobierno-cubano-organiza-homenaje-postumo-a-militares-fallecidos-durante-captura-de-maduro\/"},"author":{"name":"Manu","@id":"https:\/\/www.cuballama.com\/noticias\/#\/schema\/person\/5889f7d070564f8386e7944d14d436cd"},"headline":"Gobierno cubano organiza homenaje p\u00f3stumo a militares fallecidos durante captura de Maduro","datePublished":"2026-01-13T01:39:06+00:00","dateModified":"2026-01-13T03:01:17+00:00","mainEntityOfPage":{"@id":"https:\/\/www.cuballama.com\/noticias\/gobierno-cubano-organiza-homenaje-postumo-a-militares-fallecidos-durante-captura-de-maduro\/"},"wordCount":353,"commentCount":0,"publisher":{"@id":"https:\/\/www.cuballama.com\/noticias\/#organization"},"image":{"@id":"https:\/\/www.cuballama.com\/noticias\/gobierno-cubano-organiza-homenaje-postumo-a-militares-fallecidos-durante-captura-de-maduro\/#primaryimage"},"thumbnailUrl":"https:\/\/cdn1.mediawpaccore.net\/wp-content\/uploads\/2026\/01\/04203348\/Plaza_de_la_Revolution.jpg","keywords":["captura de Maduro","Crisis en Cuba","Cuba","cubanos","Miami","superdestacado"],"articleSection":["Noticias","Noticias de Cuba"],"inLanguage":"es","potentialAction":[{"@type":"CommentAction","name":"Comment","target":["https:\/\/www.cuballama.com\/noticias\/gobierno-cubano-organiza-homenaje-postumo-a-militares-fallecidos-durante-captura-de-maduro\/#respond"]}]},{"@type":"WebPage","@id":"https:\/\/www.cuballama.com\/noticias\/gobierno-cubano-organiza-homenaje-postumo-a-militares-fallecidos-durante-captura-de-maduro\/","url":"https:\/\/www.cuballama.com\/noticias\/gobierno-cubano-organiza-homenaje-postumo-a-militares-fallecidos-durante-captura-de-maduro\/","name":"Gobierno cubano organiza homenaje p\u00f3stumo a militares fallecidos durante captura de Maduro - Cuballama Noticias","isPartOf":{"@id":"https:\/\/www.cuballama.com\/noticias\/#website"},"primaryImageOfPage":{"@id":"https:\/\/www.cuballama.com\/noticias\/gobierno-cubano-organiza-homenaje-postumo-a-militares-fallecidos-durante-captura-de-maduro\/#primaryimage"},"image":{"@id":"https:\/\/www.cuballama.com\/noticias\/gobierno-cubano-organiza-homenaje-postumo-a-militares-fallecidos-durante-captura-de-maduro\/#primaryimage"},"thumbnailUrl":"https:\/\/cdn1.mediawpaccore.net\/wp-content\/uploads\/2026\/01\/04203348\/Plaza_de_la_Revolution.jpg","datePublished":"2026-01-13T01:39:06+00:00","dateModified":"2026-01-13T03:01:17+00:00","description":"Los restos mortales de los militares cubanos fallecidos durante la captura de Nicol\u00e1s Maduro arribar\u00e1n a Cuba este jueves.","breadcrumb":{"@id":"https:\/\/www.cuballama.com\/noticias\/gobierno-cubano-organiza-homenaje-postumo-a-militares-fallecidos-durante-captura-de-maduro\/#breadcrumb"},"inLanguage":"es","potentialAction":[{"@type":"ReadAction","target":["https:\/\/www.cuballama.com\/noticias\/gobierno-cubano-organiza-homenaje-postumo-a-militares-fallecidos-durante-captura-de-maduro\/"]}]},{"@type":"ImageObject","inLanguage":"es","@id":"https:\/\/www.cuballama.com\/noticias\/gobierno-cubano-organiza-homenaje-postumo-a-militares-fallecidos-durante-captura-de-maduro\/#primaryimage","url":"https:\/\/cdn1.mediawpaccore.net\/wp-content\/uploads\/2026\/01\/04203348\/Plaza_de_la_Revolution.jpg","contentUrl":"https:\/\/cdn1.mediawpaccore.net\/wp-content\/uploads\/2026\/01\/04203348\/Plaza_de_la_Revolution.jpg","width":640,"height":480,"caption":"Foto: Wikimedia Commons"},{"@type":"BreadcrumbList","@id":"https:\/\/www.cuballama.com\/noticias\/gobierno-cubano-organiza-homenaje-postumo-a-militares-fallecidos-durante-captura-de-maduro\/#breadcrumb","itemListElement":[{"@type":"ListItem","position":1,"name":"Home","item":"https:\/\/www.cuballama.com\/noticias\/"},{"@type":"ListItem","position":2,"name":"Gobierno cubano organiza homenaje p\u00f3stumo a militares fallecidos durante captura de Maduro"}]},{"@type":"WebSite","@id":"https:\/\/www.cuballama.com\/noticias\/#website","url":"https:\/\/www.cuballama.com\/noticias\/","name":"Cuballama Noticias","description":"Medio digital sobre Cuba y el mundo","publisher":{"@id":"https:\/\/www.cuballama.com\/noticias\/#organization"},"potentialAction":[{"@type":"SearchAction","target":{"@type":"EntryPoint","urlTemplate":"https:\/\/www.cuballama.com\/noticias\/?s={search_term_string}"},"query-input":{"@type":"PropertyValueSpecification","valueRequired":true,"valueName":"search_term_string"}}],"inLanguage":"es"},{"@type":"Organization","@id":"https:\/\/www.cuballama.com\/noticias\/#organization","name":"Cuballama","url":"https:\/\/www.cuballama.com\/noticias\/","logo":{"@type":"ImageObject","inLanguage":"es","@id":"https:\/\/www.cuballama.com\/noticias\/#\/schema\/logo\/image\/","url":"https:\/\/cdn1.mediawpaccore.net\/wp-content\/uploads\/2021\/12\/28171206\/cbll-logo-color-sm.png","contentUrl":"https:\/\/cdn1.mediawpaccore.net\/wp-content\/uploads\/2021\/12\/28171206\/cbll-logo-color-sm.png","width":600,"height":133,"caption":"Cuballama"},"image":{"@id":"https:\/\/www.cuballama.com\/noticias\/#\/schema\/logo\/image\/"},"sameAs":["https:\/\/www.facebook.com\/CubaLlama","https:\/\/x.com\/cuballama","https:\/\/www.instagram.com\/stories\/cuballama_oficial\/","https:\/\/www.youtube.com\/channel\/UCKkFE-d_axENGZcrc4as0IA"]},{"@type":"Person","@id":"https:\/\/www.cuballama.com\/noticias\/#\/schema\/person\/5889f7d070564f8386e7944d14d436cd","name":"Manu","url":"https:\/\/www.cuballama.com\/noticias\/author\/manu\/"}]}},"_links":{"self":[{"href":"https:\/\/www.cuballama.com\/noticias\/wp-json\/wp\/v2\/posts\/231716","targetHints":{"allow":["GET"]}}],"collection":[{"href":"https:\/\/www.cuballama.com\/noticias\/wp-json\/wp\/v2\/posts"}],"about":[{"href":"https:\/\/www.cuballama.com\/noticias\/wp-json\/wp\/v2\/types\/post"}],"author":[{"embeddable":true,"href":"https:\/\/www.cuballama.com\/noticias\/wp-json\/wp\/v2\/users\/24"}],"replies":[{"embeddable":true,"href":"https:\/\/www.cuballama.com\/noticias\/wp-json\/wp\/v2\/comments?post=231716"}],"version-history":[{"count":9,"href":"https:\/\/www.cuballama.com\/noticias\/wp-json\/wp\/v2\/posts\/231716\/revisions"}],"predecessor-version":[{"id":231733,"href":"https:\/\/www.cuballama.com\/noticias\/wp-json\/wp\/v2\/posts\/231716\/revisions\/231733"}],"wp:featuredmedia":[{"embeddable":true,"href":"https:\/\/www.cuballama.com\/noticias\/wp-json\/wp\/v2\/media\/230652"}],"wp:attachment":[{"href":"https:\/\/www.cuballama.com\/noticias\/wp-json\/wp\/v2\/media?parent=231716"}],"wp:term":[{"taxonomy":"category","embeddable":true,"href":"https:\/\/www.cuballama.com\/noticias\/wp-json\/wp\/v2\/categories?post=231716"},{"taxonomy":"post_tag","embeddable":true,"href":"https:\/\/www.cuballama.com\/noticias\/wp-json\/wp\/v2\/tags?post=231716"}],"curies":[{"name":"wp","href":"https:\/\/api.w.org\/{rel}","templated":true}]}}