{"id":231650,"date":"2026-01-12T14:27:18","date_gmt":"2026-01-12T19:27:18","guid":{"rendered":"https:\/\/www.cuballama.com\/noticias\/?p=231650"},"modified":"2026-01-12T14:27:27","modified_gmt":"2026-01-12T19:27:27","slug":"muere-manolo-villaverde-el-inolvidable-pepe-pena-de-que-pasa-usa","status":"publish","type":"post","link":"https:\/\/www.cuballama.com\/noticias\/muere-manolo-villaverde-el-inolvidable-pepe-pena-de-que-pasa-usa\/","title":{"rendered":"Muere Manolo Villaverde, el inolvidable Pepe Pe\u00f1a de\u00a0\u00bfQu\u00e9 pasa USA?"},"content":{"rendered":"\n<p>El exilio cubano amaneci\u00f3 con una noticia de esas que aprietan el pecho: <strong>Manolo Villaverde<\/strong>, el actor que le puso alma al inolvidable <strong>Pepe Pe\u00f1a<\/strong> en <strong><em>\u00bfQu\u00e9 pasa USA?<\/em><\/strong>, muri\u00f3 el <strong>s\u00e1bado<\/strong> en <strong>Daytona Beach, Florida<\/strong>, a los <strong>91 a\u00f1os<\/strong>, seg\u00fan confirmaron allegados y p\u00e1ginas vinculadas a la m\u00edtica serie.\u00a0<\/p>\n\n\n\n<p>La despedida m\u00e1s comentada lleg\u00f3 desde un perfil en Facebook dedicado al propio programa, con un mensaje que resume lo que signific\u00f3 para varias generaciones de cubanos fuera de la Isla: \u201cDescansa en paz Manolo Villaverde, nuestro Pepe Pe\u00f1a. Para todos nosotros no fue solo un personaje: fue el padre cubano de todos, gui\u00e1ndonos con humor, amor y sabidur\u00eda\u201d.&nbsp;<\/p>\n\n\n\n<iframe loading=\"lazy\" src=\"https:\/\/www.facebook.com\/plugins\/post.php?href=https%3A%2F%2Fwww.facebook.com%2Fpermalink.php%3Fstory_fbid%3Dpfbid02J4bVDot7hxAuJhcQWtfhHAMmome1a7mfj1uA83QP2EGUER9M6kC23guxU7J17oGLl%26id%3D100080436992682&#038;show_text=true&#038;width=500\" width=\"500\" height=\"710\" style=\"border:none;overflow:hidden\" scrolling=\"no\" frameborder=\"0\" allowfullscreen=\"true\" allow=\"autoplay; clipboard-write; encrypted-media; picture-in-picture; web-share\"><\/iframe>\n\n\n\n<p>Y no es exageraci\u00f3n. <em>\u00bfQu\u00e9 pasa USA?<\/em> (considerada un hito por su biling\u00fcismo y por retratar el \u201cspanglish\u201d y la vida cotidiana del inmigrante en Miami) se convirti\u00f3 en espejo de muchas casas del exilio. Villaverde, como el patriarca, era el \u201cpap\u00e1\u201d que rega\u00f1aba, resolv\u00eda, hac\u00eda chistes y, sin darse cuenta, terminaba explicando c\u00f3mo se sobrevive cuando el hogar se te queda atr\u00e1s.&nbsp;<\/p>\n\n\n\n<p>Su trabajo en la serie le vali\u00f3 un <strong>Emmy regional en 1978<\/strong>, un reconocimiento que comparti\u00f3 con <strong>Ana Margarita Mart\u00ednez-Casado<\/strong> y <strong>Luis Oquendo<\/strong>, parte de un elenco escogido precisamente por su escuela teatral s\u00f3lida, de Cuba y de Estados Unidos.&nbsp;<\/p>\n\n\n\n<p>Pero Villaverde no fue \u201csolo\u201d Pepe Pe\u00f1a. En televisi\u00f3n estadounidense tambi\u00e9n se dej\u00f3 ver como <strong>Rafael Santana<\/strong>, un ejecutivo de aerol\u00ednea y padre del personaje principal en el drama <strong><em>Wiseguy<\/em><\/strong>, y m\u00e1s tarde fue el <strong>abuelo<\/strong> en el programa infantil de Nickelodeon <strong><em>Gullah Gullah Island<\/em><\/strong>, demostrando que pod\u00eda moverse del drama al familiar sin perder naturalidad.&nbsp;<\/p>\n\n\n\n<p>Su historia personal tambi\u00e9n fue de pel\u00edcula. Nacido el <strong>11 de agosto de 1934<\/strong>, emigr\u00f3 joven a Estados Unidos, estudi\u00f3 <strong>contabilidad en Nueva York<\/strong> y se alist\u00f3 en la <strong>Marina estadounidense en 1958<\/strong>.&nbsp;<\/p>\n\n\n\n<p>Luego regres\u00f3 a Cuba y trabaj\u00f3 en teatro y televisi\u00f3n, hasta que en <strong>1964<\/strong> se vio obligado a salir del pa\u00eds tras ser <strong>arrestado por divulgar propaganda contra el reci\u00e9n instaurado r\u00e9gimen castrista<\/strong>. Despu\u00e9s pas\u00f3 por <strong>M\u00e9xico<\/strong> y finalmente se estableci\u00f3 en Estados Unidos, donde termin\u00f3 consolidando su carrera en el exilio.&nbsp;<\/p>\n\n\n\n<p>Hoy, con su partida, no se va solo un actor: se va una de esas caras que funcionaban como punto de encuentro para la memoria del exilio. Porque para muchos, Villaverde no era un \u201cpersonaje\u201d: era la representaci\u00f3n de un padre cubano en pantuflas, con acento, con orgullo, con humor\u2026 y con esa resiliencia que marc\u00f3 a toda una comunidad.<\/p>\n","protected":false},"excerpt":{"rendered":"<p>Manolo Villaverde, actor cubano recordado como Pepe Pe\u00f1a en \u00bfQu\u00e9 pasa USA?, muri\u00f3 el s\u00e1bado en Daytona Beach, Florida, a los 91 a\u00f1os.<\/p>\n","protected":false},"author":29,"featured_media":231653,"comment_status":"open","ping_status":"closed","sticky":false,"template":"","format":"standard","meta":{"_acf_changed":false,"footnotes":""},"categories":[443],"tags":[252,92,11050],"class_list":{"0":"post-231650","1":"post","2":"type-post","3":"status-publish","4":"format-standard","5":"has-post-thumbnail","7":"category-farandula","8":"tag-artistas-cubanos","9":"tag-cubanos","10":"tag-cubanos-en-miami"},"acf":[],"yoast_head":"<!-- This site is optimized with the Yoast SEO plugin v27.4 - https:\/\/yoast.com\/product\/yoast-seo-wordpress\/ -->\n<title>Muere Manolo Villaverde, el inolvidable Pepe Pe\u00f1a de\u00a0\u00bfQu\u00e9 pasa USA? - Cuballama Noticias<\/title>\n<meta name=\"description\" content=\"Manolo Villaverde, actor cubano recordado como Pepe Pe\u00f1a en \u00bfQu\u00e9 pasa USA?, muri\u00f3 el s\u00e1bado en Daytona Beach, Florida, a los 91 a\u00f1os.\" \/>\n<meta name=\"robots\" content=\"index, follow, max-snippet:-1, max-image-preview:large, max-video-preview:-1\" \/>\n<link rel=\"canonical\" href=\"https:\/\/www.cuballama.com\/noticias\/muere-manolo-villaverde-el-inolvidable-pepe-pena-de-que-pasa-usa\/\" \/>\n<meta property=\"og:locale\" content=\"es_ES\" \/>\n<meta property=\"og:type\" content=\"article\" \/>\n<meta property=\"og:title\" content=\"Muere Manolo Villaverde, el inolvidable Pepe Pe\u00f1a de\u00a0\u00bfQu\u00e9 pasa USA? - Cuballama Noticias\" \/>\n<meta property=\"og:description\" content=\"Manolo Villaverde, actor cubano recordado como Pepe Pe\u00f1a en \u00bfQu\u00e9 pasa USA?, muri\u00f3 el s\u00e1bado en Daytona Beach, Florida, a los 91 a\u00f1os.\" \/>\n<meta property=\"og:url\" content=\"https:\/\/www.cuballama.com\/noticias\/muere-manolo-villaverde-el-inolvidable-pepe-pena-de-que-pasa-usa\/\" \/>\n<meta property=\"og:site_name\" content=\"Cuballama Noticias\" \/>\n<meta property=\"article:publisher\" content=\"https:\/\/www.facebook.com\/CubaLlama\" \/>\n<meta property=\"article:published_time\" content=\"2026-01-12T19:27:18+00:00\" \/>\n<meta property=\"article:modified_time\" content=\"2026-01-12T19:27:27+00:00\" \/>\n<meta property=\"og:image\" content=\"https:\/\/cdn1.mediawpaccore.net\/wp-content\/uploads\/2026\/01\/12142107\/Diseno-sin-titulo-48-1024x589.png\" \/>\n\t<meta property=\"og:image:width\" content=\"1024\" \/>\n\t<meta property=\"og:image:height\" content=\"589\" \/>\n\t<meta property=\"og:image:type\" content=\"image\/png\" \/>\n<meta name=\"author\" content=\"Sof\u00eda Reyes\" \/>\n<meta name=\"twitter:card\" content=\"summary_large_image\" \/>\n<meta name=\"twitter:creator\" content=\"@cuballama\" \/>\n<meta name=\"twitter:site\" content=\"@cuballama\" \/>\n<meta name=\"twitter:label1\" content=\"Escrito por\" \/>\n\t<meta name=\"twitter:data1\" content=\"Sof\u00eda Reyes\" \/>\n\t<meta name=\"twitter:label2\" content=\"Tiempo de lectura\" \/>\n\t<meta name=\"twitter:data2\" content=\"3 minutos\" \/>\n<script type=\"application\/ld+json\" class=\"yoast-schema-graph\">{\"@context\":\"https:\\\/\\\/schema.org\",\"@graph\":[{\"@type\":\"Article\",\"@id\":\"https:\\\/\\\/www.cuballama.com\\\/noticias\\\/muere-manolo-villaverde-el-inolvidable-pepe-pena-de-que-pasa-usa\\\/#article\",\"isPartOf\":{\"@id\":\"https:\\\/\\\/www.cuballama.com\\\/noticias\\\/muere-manolo-villaverde-el-inolvidable-pepe-pena-de-que-pasa-usa\\\/\"},\"author\":{\"name\":\"Sof\u00eda Reyes\",\"@id\":\"https:\\\/\\\/www.cuballama.com\\\/noticias\\\/#\\\/schema\\\/person\\\/5cba2b8cc25a3159e49fe730a94d512e\"},\"headline\":\"Muere Manolo Villaverde, el inolvidable Pepe Pe\u00f1a de\u00a0\u00bfQu\u00e9 pasa USA?\",\"datePublished\":\"2026-01-12T19:27:18+00:00\",\"dateModified\":\"2026-01-12T19:27:27+00:00\",\"mainEntityOfPage\":{\"@id\":\"https:\\\/\\\/www.cuballama.com\\\/noticias\\\/muere-manolo-villaverde-el-inolvidable-pepe-pena-de-que-pasa-usa\\\/\"},\"wordCount\":459,\"commentCount\":0,\"publisher\":{\"@id\":\"https:\\\/\\\/www.cuballama.com\\\/noticias\\\/#organization\"},\"image\":{\"@id\":\"https:\\\/\\\/www.cuballama.com\\\/noticias\\\/muere-manolo-villaverde-el-inolvidable-pepe-pena-de-que-pasa-usa\\\/#primaryimage\"},\"thumbnailUrl\":\"https:\\\/\\\/cdn1.mediawpaccore.net\\\/wp-content\\\/uploads\\\/2026\\\/01\\\/12142107\\\/Diseno-sin-titulo-48.png\",\"keywords\":[\"Artistas cubanos\",\"cubanos\",\"cubanos en Miami\"],\"articleSection\":[\"Far\u00e1ndula\"],\"inLanguage\":\"es\",\"potentialAction\":[{\"@type\":\"CommentAction\",\"name\":\"Comment\",\"target\":[\"https:\\\/\\\/www.cuballama.com\\\/noticias\\\/muere-manolo-villaverde-el-inolvidable-pepe-pena-de-que-pasa-usa\\\/#respond\"]}]},{\"@type\":\"WebPage\",\"@id\":\"https:\\\/\\\/www.cuballama.com\\\/noticias\\\/muere-manolo-villaverde-el-inolvidable-pepe-pena-de-que-pasa-usa\\\/\",\"url\":\"https:\\\/\\\/www.cuballama.com\\\/noticias\\\/muere-manolo-villaverde-el-inolvidable-pepe-pena-de-que-pasa-usa\\\/\",\"name\":\"Muere Manolo Villaverde, el inolvidable Pepe Pe\u00f1a de\u00a0\u00bfQu\u00e9 pasa USA? - Cuballama Noticias\",\"isPartOf\":{\"@id\":\"https:\\\/\\\/www.cuballama.com\\\/noticias\\\/#website\"},\"primaryImageOfPage\":{\"@id\":\"https:\\\/\\\/www.cuballama.com\\\/noticias\\\/muere-manolo-villaverde-el-inolvidable-pepe-pena-de-que-pasa-usa\\\/#primaryimage\"},\"image\":{\"@id\":\"https:\\\/\\\/www.cuballama.com\\\/noticias\\\/muere-manolo-villaverde-el-inolvidable-pepe-pena-de-que-pasa-usa\\\/#primaryimage\"},\"thumbnailUrl\":\"https:\\\/\\\/cdn1.mediawpaccore.net\\\/wp-content\\\/uploads\\\/2026\\\/01\\\/12142107\\\/Diseno-sin-titulo-48.png\",\"datePublished\":\"2026-01-12T19:27:18+00:00\",\"dateModified\":\"2026-01-12T19:27:27+00:00\",\"description\":\"Manolo Villaverde, actor cubano recordado como Pepe Pe\u00f1a en \u00bfQu\u00e9 pasa USA?, muri\u00f3 el s\u00e1bado en Daytona Beach, Florida, a los 91 a\u00f1os.\",\"breadcrumb\":{\"@id\":\"https:\\\/\\\/www.cuballama.com\\\/noticias\\\/muere-manolo-villaverde-el-inolvidable-pepe-pena-de-que-pasa-usa\\\/#breadcrumb\"},\"inLanguage\":\"es\",\"potentialAction\":[{\"@type\":\"ReadAction\",\"target\":[\"https:\\\/\\\/www.cuballama.com\\\/noticias\\\/muere-manolo-villaverde-el-inolvidable-pepe-pena-de-que-pasa-usa\\\/\"]}]},{\"@type\":\"ImageObject\",\"inLanguage\":\"es\",\"@id\":\"https:\\\/\\\/www.cuballama.com\\\/noticias\\\/muere-manolo-villaverde-el-inolvidable-pepe-pena-de-que-pasa-usa\\\/#primaryimage\",\"url\":\"https:\\\/\\\/cdn1.mediawpaccore.net\\\/wp-content\\\/uploads\\\/2026\\\/01\\\/12142107\\\/Diseno-sin-titulo-48.png\",\"contentUrl\":\"https:\\\/\\\/cdn1.mediawpaccore.net\\\/wp-content\\\/uploads\\\/2026\\\/01\\\/12142107\\\/Diseno-sin-titulo-48.png\",\"width\":1949,\"height\":1122,\"caption\":\"Foto tomada de la p\u00e1gina de Facebook \u00bfQu\u00e9 pasa USA?\"},{\"@type\":\"BreadcrumbList\",\"@id\":\"https:\\\/\\\/www.cuballama.com\\\/noticias\\\/muere-manolo-villaverde-el-inolvidable-pepe-pena-de-que-pasa-usa\\\/#breadcrumb\",\"itemListElement\":[{\"@type\":\"ListItem\",\"position\":1,\"name\":\"Home\",\"item\":\"https:\\\/\\\/www.cuballama.com\\\/noticias\\\/\"},{\"@type\":\"ListItem\",\"position\":2,\"name\":\"Muere Manolo Villaverde, el inolvidable Pepe Pe\u00f1a de\u00a0\u00bfQu\u00e9 pasa USA?\"}]},{\"@type\":\"WebSite\",\"@id\":\"https:\\\/\\\/www.cuballama.com\\\/noticias\\\/#website\",\"url\":\"https:\\\/\\\/www.cuballama.com\\\/noticias\\\/\",\"name\":\"Cuballama Noticias\",\"description\":\"Medio digital sobre Cuba y el mundo\",\"publisher\":{\"@id\":\"https:\\\/\\\/www.cuballama.com\\\/noticias\\\/#organization\"},\"potentialAction\":[{\"@type\":\"SearchAction\",\"target\":{\"@type\":\"EntryPoint\",\"urlTemplate\":\"https:\\\/\\\/www.cuballama.com\\\/noticias\\\/?s={search_term_string}\"},\"query-input\":{\"@type\":\"PropertyValueSpecification\",\"valueRequired\":true,\"valueName\":\"search_term_string\"}}],\"inLanguage\":\"es\"},{\"@type\":\"Organization\",\"@id\":\"https:\\\/\\\/www.cuballama.com\\\/noticias\\\/#organization\",\"name\":\"Cuballama\",\"url\":\"https:\\\/\\\/www.cuballama.com\\\/noticias\\\/\",\"logo\":{\"@type\":\"ImageObject\",\"inLanguage\":\"es\",\"@id\":\"https:\\\/\\\/www.cuballama.com\\\/noticias\\\/#\\\/schema\\\/logo\\\/image\\\/\",\"url\":\"https:\\\/\\\/cdn1.mediawpaccore.net\\\/wp-content\\\/uploads\\\/2021\\\/12\\\/28171206\\\/cbll-logo-color-sm.png\",\"contentUrl\":\"https:\\\/\\\/cdn1.mediawpaccore.net\\\/wp-content\\\/uploads\\\/2021\\\/12\\\/28171206\\\/cbll-logo-color-sm.png\",\"width\":600,\"height\":133,\"caption\":\"Cuballama\"},\"image\":{\"@id\":\"https:\\\/\\\/www.cuballama.com\\\/noticias\\\/#\\\/schema\\\/logo\\\/image\\\/\"},\"sameAs\":[\"https:\\\/\\\/www.facebook.com\\\/CubaLlama\",\"https:\\\/\\\/x.com\\\/cuballama\",\"https:\\\/\\\/www.instagram.com\\\/stories\\\/cuballama_oficial\\\/\",\"https:\\\/\\\/www.youtube.com\\\/channel\\\/UCKkFE-d_axENGZcrc4as0IA\"]},{\"@type\":\"Person\",\"@id\":\"https:\\\/\\\/www.cuballama.com\\\/noticias\\\/#\\\/schema\\\/person\\\/5cba2b8cc25a3159e49fe730a94d512e\",\"name\":\"Sof\u00eda Reyes\",\"url\":\"https:\\\/\\\/www.cuballama.com\\\/noticias\\\/author\\\/laura\\\/\"}]}<\/script>\n<!-- \/ Yoast SEO plugin. -->","yoast_head_json":{"title":"Muere Manolo Villaverde, el inolvidable Pepe Pe\u00f1a de\u00a0\u00bfQu\u00e9 pasa USA? - Cuballama Noticias","description":"Manolo Villaverde, actor cubano recordado como Pepe Pe\u00f1a en \u00bfQu\u00e9 pasa USA?, muri\u00f3 el s\u00e1bado en Daytona Beach, Florida, a los 91 a\u00f1os.","robots":{"index":"index","follow":"follow","max-snippet":"max-snippet:-1","max-image-preview":"max-image-preview:large","max-video-preview":"max-video-preview:-1"},"canonical":"https:\/\/www.cuballama.com\/noticias\/muere-manolo-villaverde-el-inolvidable-pepe-pena-de-que-pasa-usa\/","og_locale":"es_ES","og_type":"article","og_title":"Muere Manolo Villaverde, el inolvidable Pepe Pe\u00f1a de\u00a0\u00bfQu\u00e9 pasa USA? - Cuballama Noticias","og_description":"Manolo Villaverde, actor cubano recordado como Pepe Pe\u00f1a en \u00bfQu\u00e9 pasa USA?, muri\u00f3 el s\u00e1bado en Daytona Beach, Florida, a los 91 a\u00f1os.","og_url":"https:\/\/www.cuballama.com\/noticias\/muere-manolo-villaverde-el-inolvidable-pepe-pena-de-que-pasa-usa\/","og_site_name":"Cuballama Noticias","article_publisher":"https:\/\/www.facebook.com\/CubaLlama","article_published_time":"2026-01-12T19:27:18+00:00","article_modified_time":"2026-01-12T19:27:27+00:00","og_image":[{"width":1024,"height":589,"url":"https:\/\/cdn1.mediawpaccore.net\/wp-content\/uploads\/2026\/01\/12142107\/Diseno-sin-titulo-48-1024x589.png","type":"image\/png"}],"author":"Sof\u00eda Reyes","twitter_card":"summary_large_image","twitter_creator":"@cuballama","twitter_site":"@cuballama","twitter_misc":{"Escrito por":"Sof\u00eda Reyes","Tiempo de lectura":"3 minutos"},"schema":{"@context":"https:\/\/schema.org","@graph":[{"@type":"Article","@id":"https:\/\/www.cuballama.com\/noticias\/muere-manolo-villaverde-el-inolvidable-pepe-pena-de-que-pasa-usa\/#article","isPartOf":{"@id":"https:\/\/www.cuballama.com\/noticias\/muere-manolo-villaverde-el-inolvidable-pepe-pena-de-que-pasa-usa\/"},"author":{"name":"Sof\u00eda Reyes","@id":"https:\/\/www.cuballama.com\/noticias\/#\/schema\/person\/5cba2b8cc25a3159e49fe730a94d512e"},"headline":"Muere Manolo Villaverde, el inolvidable Pepe Pe\u00f1a de\u00a0\u00bfQu\u00e9 pasa USA?","datePublished":"2026-01-12T19:27:18+00:00","dateModified":"2026-01-12T19:27:27+00:00","mainEntityOfPage":{"@id":"https:\/\/www.cuballama.com\/noticias\/muere-manolo-villaverde-el-inolvidable-pepe-pena-de-que-pasa-usa\/"},"wordCount":459,"commentCount":0,"publisher":{"@id":"https:\/\/www.cuballama.com\/noticias\/#organization"},"image":{"@id":"https:\/\/www.cuballama.com\/noticias\/muere-manolo-villaverde-el-inolvidable-pepe-pena-de-que-pasa-usa\/#primaryimage"},"thumbnailUrl":"https:\/\/cdn1.mediawpaccore.net\/wp-content\/uploads\/2026\/01\/12142107\/Diseno-sin-titulo-48.png","keywords":["Artistas cubanos","cubanos","cubanos en Miami"],"articleSection":["Far\u00e1ndula"],"inLanguage":"es","potentialAction":[{"@type":"CommentAction","name":"Comment","target":["https:\/\/www.cuballama.com\/noticias\/muere-manolo-villaverde-el-inolvidable-pepe-pena-de-que-pasa-usa\/#respond"]}]},{"@type":"WebPage","@id":"https:\/\/www.cuballama.com\/noticias\/muere-manolo-villaverde-el-inolvidable-pepe-pena-de-que-pasa-usa\/","url":"https:\/\/www.cuballama.com\/noticias\/muere-manolo-villaverde-el-inolvidable-pepe-pena-de-que-pasa-usa\/","name":"Muere Manolo Villaverde, el inolvidable Pepe Pe\u00f1a de\u00a0\u00bfQu\u00e9 pasa USA? - Cuballama Noticias","isPartOf":{"@id":"https:\/\/www.cuballama.com\/noticias\/#website"},"primaryImageOfPage":{"@id":"https:\/\/www.cuballama.com\/noticias\/muere-manolo-villaverde-el-inolvidable-pepe-pena-de-que-pasa-usa\/#primaryimage"},"image":{"@id":"https:\/\/www.cuballama.com\/noticias\/muere-manolo-villaverde-el-inolvidable-pepe-pena-de-que-pasa-usa\/#primaryimage"},"thumbnailUrl":"https:\/\/cdn1.mediawpaccore.net\/wp-content\/uploads\/2026\/01\/12142107\/Diseno-sin-titulo-48.png","datePublished":"2026-01-12T19:27:18+00:00","dateModified":"2026-01-12T19:27:27+00:00","description":"Manolo Villaverde, actor cubano recordado como Pepe Pe\u00f1a en \u00bfQu\u00e9 pasa USA?, muri\u00f3 el s\u00e1bado en Daytona Beach, Florida, a los 91 a\u00f1os.","breadcrumb":{"@id":"https:\/\/www.cuballama.com\/noticias\/muere-manolo-villaverde-el-inolvidable-pepe-pena-de-que-pasa-usa\/#breadcrumb"},"inLanguage":"es","potentialAction":[{"@type":"ReadAction","target":["https:\/\/www.cuballama.com\/noticias\/muere-manolo-villaverde-el-inolvidable-pepe-pena-de-que-pasa-usa\/"]}]},{"@type":"ImageObject","inLanguage":"es","@id":"https:\/\/www.cuballama.com\/noticias\/muere-manolo-villaverde-el-inolvidable-pepe-pena-de-que-pasa-usa\/#primaryimage","url":"https:\/\/cdn1.mediawpaccore.net\/wp-content\/uploads\/2026\/01\/12142107\/Diseno-sin-titulo-48.png","contentUrl":"https:\/\/cdn1.mediawpaccore.net\/wp-content\/uploads\/2026\/01\/12142107\/Diseno-sin-titulo-48.png","width":1949,"height":1122,"caption":"Foto tomada de la p\u00e1gina de Facebook \u00bfQu\u00e9 pasa USA?"},{"@type":"BreadcrumbList","@id":"https:\/\/www.cuballama.com\/noticias\/muere-manolo-villaverde-el-inolvidable-pepe-pena-de-que-pasa-usa\/#breadcrumb","itemListElement":[{"@type":"ListItem","position":1,"name":"Home","item":"https:\/\/www.cuballama.com\/noticias\/"},{"@type":"ListItem","position":2,"name":"Muere Manolo Villaverde, el inolvidable Pepe Pe\u00f1a de\u00a0\u00bfQu\u00e9 pasa USA?"}]},{"@type":"WebSite","@id":"https:\/\/www.cuballama.com\/noticias\/#website","url":"https:\/\/www.cuballama.com\/noticias\/","name":"Cuballama Noticias","description":"Medio digital sobre Cuba y el mundo","publisher":{"@id":"https:\/\/www.cuballama.com\/noticias\/#organization"},"potentialAction":[{"@type":"SearchAction","target":{"@type":"EntryPoint","urlTemplate":"https:\/\/www.cuballama.com\/noticias\/?s={search_term_string}"},"query-input":{"@type":"PropertyValueSpecification","valueRequired":true,"valueName":"search_term_string"}}],"inLanguage":"es"},{"@type":"Organization","@id":"https:\/\/www.cuballama.com\/noticias\/#organization","name":"Cuballama","url":"https:\/\/www.cuballama.com\/noticias\/","logo":{"@type":"ImageObject","inLanguage":"es","@id":"https:\/\/www.cuballama.com\/noticias\/#\/schema\/logo\/image\/","url":"https:\/\/cdn1.mediawpaccore.net\/wp-content\/uploads\/2021\/12\/28171206\/cbll-logo-color-sm.png","contentUrl":"https:\/\/cdn1.mediawpaccore.net\/wp-content\/uploads\/2021\/12\/28171206\/cbll-logo-color-sm.png","width":600,"height":133,"caption":"Cuballama"},"image":{"@id":"https:\/\/www.cuballama.com\/noticias\/#\/schema\/logo\/image\/"},"sameAs":["https:\/\/www.facebook.com\/CubaLlama","https:\/\/x.com\/cuballama","https:\/\/www.instagram.com\/stories\/cuballama_oficial\/","https:\/\/www.youtube.com\/channel\/UCKkFE-d_axENGZcrc4as0IA"]},{"@type":"Person","@id":"https:\/\/www.cuballama.com\/noticias\/#\/schema\/person\/5cba2b8cc25a3159e49fe730a94d512e","name":"Sof\u00eda Reyes","url":"https:\/\/www.cuballama.com\/noticias\/author\/laura\/"}]}},"_links":{"self":[{"href":"https:\/\/www.cuballama.com\/noticias\/wp-json\/wp\/v2\/posts\/231650","targetHints":{"allow":["GET"]}}],"collection":[{"href":"https:\/\/www.cuballama.com\/noticias\/wp-json\/wp\/v2\/posts"}],"about":[{"href":"https:\/\/www.cuballama.com\/noticias\/wp-json\/wp\/v2\/types\/post"}],"author":[{"embeddable":true,"href":"https:\/\/www.cuballama.com\/noticias\/wp-json\/wp\/v2\/users\/29"}],"replies":[{"embeddable":true,"href":"https:\/\/www.cuballama.com\/noticias\/wp-json\/wp\/v2\/comments?post=231650"}],"version-history":[{"count":3,"href":"https:\/\/www.cuballama.com\/noticias\/wp-json\/wp\/v2\/posts\/231650\/revisions"}],"predecessor-version":[{"id":231656,"href":"https:\/\/www.cuballama.com\/noticias\/wp-json\/wp\/v2\/posts\/231650\/revisions\/231656"}],"wp:featuredmedia":[{"embeddable":true,"href":"https:\/\/www.cuballama.com\/noticias\/wp-json\/wp\/v2\/media\/231653"}],"wp:attachment":[{"href":"https:\/\/www.cuballama.com\/noticias\/wp-json\/wp\/v2\/media?parent=231650"}],"wp:term":[{"taxonomy":"category","embeddable":true,"href":"https:\/\/www.cuballama.com\/noticias\/wp-json\/wp\/v2\/categories?post=231650"},{"taxonomy":"post_tag","embeddable":true,"href":"https:\/\/www.cuballama.com\/noticias\/wp-json\/wp\/v2\/tags?post=231650"}],"curies":[{"name":"wp","href":"https:\/\/api.w.org\/{rel}","templated":true}]}}