{"id":231610,"date":"2026-01-12T13:33:38","date_gmt":"2026-01-12T18:33:38","guid":{"rendered":"https:\/\/www.cuballama.com\/noticias\/?p=231610"},"modified":"2026-01-12T13:33:43","modified_gmt":"2026-01-12T18:33:43","slug":"madres-denuncian-citaciones-a-ninos-en-el-comite-militar-en-medio-de-temores-por-una-escalada-regional","status":"publish","type":"post","link":"https:\/\/www.cuballama.com\/noticias\/madres-denuncian-citaciones-a-ninos-en-el-comite-militar-en-medio-de-temores-por-una-escalada-regional\/","title":{"rendered":"Madres denuncian citaciones \u201ca ni\u00f1os\u201d en el Comit\u00e9 Militar en medio de temores por una escalada regional"},"content":{"rendered":"\n<p>Una madre de Cienfuegos asegur\u00f3 esta ma\u00f1ana a este redactor que el Comit\u00e9 Militar de su ciudad, ubicado en la zona de la Avenida San Fernando y Calle 57, \u201cest\u00e1 lleno de ni\u00f1os\u201d. El testimonio, dicho sin dramatismo, describe una cola inmensa de adolescentes citados, familias con papeles en la mano, y un ambiente de advertencia preventiva que, seg\u00fan su testimonio, ya no se limita al tr\u00e1mite habitual del registro militar. <\/p>\n\n\n\n<p>La mujer, que pidi\u00f3 no ser identificada por miedo a represalias, afirma que a su hijo no se lo van a llevar \u201cahora\u201d, pero que le dejaron un mensaje tajante: cuando cumpla 16 a\u00f1os, \u201cno importa si est\u00e1 estudiando\u201d, porque si \u201chay que defender la Patria\u201d se lo llevan, \u201cporque ese es el deber m\u00e1s sagrado de un cubano\u201d. <\/p>\n\n\n\n<p>El testimonio aparece en un momento en que circulan reportes similares desde otras provincias, amplificados por medios del exilio, publicaciones en redes y algunos espacios digitales que recogen denuncias de familias sobre citaciones y presiones vinculadas al Servicio Militar. Aunque el Estado cubano no ha reconocido una \u201cmovilizaci\u00f3n\u201d extraordinaria, s\u00ed existe un marco legal y administrativo que permite al aparato militar citar a j\u00f3venes desde la adolescencia: en Cuba la inscripci\u00f3n en el Registro Militar se formaliza al cumplir los 16 a\u00f1os, y la normativa vigente contempla sanciones para quienes no se inscriban o no se presenten cuando sean citados por el Comit\u00e9 Militar.<\/p>\n\n\n\n<iframe src=\"https:\/\/www.google.com\/maps\/embed?pb=!1m18!1m12!1m3!1d475.77614720539833!2d-80.43851846355109!3d22.143675924038853!2m3!1f0!2f0!3f0!3m2!1i1024!2i768!4f13.1!3m3!1m2!1s0x8f2b39b70ad56267%3A0xa12fb14f11225220!2sComit%C3%A9%20Militar%20Municipal%20Cienfuegos!5e1!3m2!1sen!2ses!4v1768227972054!5m2!1sen!2ses\" width=\"600\" height=\"450\" style=\"border:0;\" allowfullscreen=\"\" loading=\"lazy\" referrerpolicy=\"no-referrer-when-downgrade\"><\/iframe>\n\n\n\n<p>Ese contexto legal, reforzado por disposiciones recientes, convive con la realidad social de un pa\u00eds en crisis prolongada, con una emigraci\u00f3n masiva y con un desgaste profundo del consenso en torno al servicio obligatorio. <\/p>\n\n\n\n<p>En octubre de 2024, el Decreto 103\/2024 publicado en la Gaceta Oficial estableci\u00f3 contravenciones y medidas administrativas relacionadas con el servicio militar, incluyendo multas por evadir el registro o no atender citaciones, un endurecimiento que medios independientes han descrito como una actualizaci\u00f3n punitiva del sistema de reclutamiento. En paralelo, el propio Ministerio de las Fuerzas Armadas mantiene en su web oficial que el Servicio Militar Activo se cumple por dos a\u00f1os, preferentemente entre los 18 y los 28, y que el tiempo total de prestaci\u00f3n no debe exceder tres a\u00f1os si se suman actividades de preparaci\u00f3n y movilizaci\u00f3n.<\/p>\n\n\n\n<figure class=\"wp-block-image size-large\"><img loading=\"lazy\" decoding=\"async\" width=\"1024\" height=\"541\" src=\"https:\/\/cdn1.mediawpaccore.net\/wp-content\/uploads\/2026\/01\/12093105\/Screenshot-2026-01-12-152909-1024x541.png\" alt=\"\" class=\"wp-image-231613\" srcset=\"https:\/\/cdn1.mediawpaccore.net\/wp-content\/uploads\/2026\/01\/12093105\/Screenshot-2026-01-12-152909-1024x541.png 1024w, https:\/\/cdn1.mediawpaccore.net\/wp-content\/uploads\/2026\/01\/12093105\/Screenshot-2026-01-12-152909-300x159.png 300w, https:\/\/cdn1.mediawpaccore.net\/wp-content\/uploads\/2026\/01\/12093105\/Screenshot-2026-01-12-152909-768x406.png 768w, https:\/\/cdn1.mediawpaccore.net\/wp-content\/uploads\/2026\/01\/12093105\/Screenshot-2026-01-12-152909-1536x812.png 1536w, https:\/\/cdn1.mediawpaccore.net\/wp-content\/uploads\/2026\/01\/12093105\/Screenshot-2026-01-12-152909-2048x1083.png 2048w, https:\/\/cdn1.mediawpaccore.net\/wp-content\/uploads\/2026\/01\/12093105\/Screenshot-2026-01-12-152909-794x420.png 794w, https:\/\/cdn1.mediawpaccore.net\/wp-content\/uploads\/2026\/01\/12093105\/Screenshot-2026-01-12-152909-150x79.png 150w, https:\/\/cdn1.mediawpaccore.net\/wp-content\/uploads\/2026\/01\/12093105\/Screenshot-2026-01-12-152909-696x368.png 696w, https:\/\/cdn1.mediawpaccore.net\/wp-content\/uploads\/2026\/01\/12093105\/Screenshot-2026-01-12-152909-1068x565.png 1068w, https:\/\/cdn1.mediawpaccore.net\/wp-content\/uploads\/2026\/01\/12093105\/Screenshot-2026-01-12-152909-1920x1015.png 1920w\" sizes=\"auto, (max-width: 1024px) 100vw, 1024px\" \/><\/figure>\n\n\n\n<p>Lo que cambia ahora, seg\u00fan varias madres consultadas por redes de denuncia, es el tono. La fuente de Cienfuegos asegura que un oficial lleg\u00f3 a enmarcar las citaciones en un discurso de amenaza externa, con frases que, de ser exactas, ilustran el clima que se intenta instalar. Ese militar habr\u00eda dicho, delante de los j\u00f3venes y adolescentes, algunos de los cuales se presentaron con sus padres, que \u201cCuba no se iba a convertir en otra Gaza, como quiere Donald Trump\u201d, y que \u201clo que m\u00e1s les jod\u00eda\u201d era que \u201cun propio cubano, traidor, haya sacado a Maduro de Venezuela\u201d, haciendo referencia al personaje ficticio de Alexis \u00abCuco\u00bb Mendieta, presunto Jefe del Team Delta Force, y que no ha sido otra cosa que una especie de meme que se hizo viral en Internet.<\/p>\n\n\n\n<p>Esta redacci\u00f3n no ha podido verificar de forma independiente esas expresiones ni confirmar su autor\u00eda, y las presenta como parte del relato testimonial de la madre. Aun as\u00ed, encajan con un patr\u00f3n ret\u00f3rico conocido: convertir el tr\u00e1mite militar en acto de defensa ante un enemigo externo, y desplazar el miedo dom\u00e9stico hacia una narrativa de guerra. Tampoco se pudo confirmar si el Capit\u00e1n Boris Alexis P\u00e9rez Manzanares, estudiantes de Ciencias de la inform\u00e1tica en la Universidad de las Ciencias Inform\u00e1ticas, continua siendo el jefe del Comit\u00e9 Militar del municipio de Cienfuegos, como lo era en junio de 2022.<\/p>\n\n\n\n<p>A este clima de alarma se suma una denuncia difundida este lunes por el medio independiente La Tijera News desde Campechuela, en la provincia de Granma, donde estudiantes y docentes del Instituto Preuniversitario Antonio Maceo aseguran que el director del centro, identificado como William Pe\u00f1a, lanz\u00f3 amenazas expl\u00edcitas durante el matutino escolar. Seg\u00fan los testimonios enviados al medio, el directivo habr\u00eda afirmado que \u201chay que estar preparados por si somos atacados por el imperialismo\u201d y que los estudiantes \u201cque est\u00e9n en contra de la Revoluci\u00f3n y en favor de los EE.UU. ser\u00e1n fusilados\u201d. La Tijera califica el hecho como de \u201cextrema gravedad\u201d por producirse dentro de una instituci\u00f3n educativa y ante alumnos, muchos de ellos menores de edad, y lo presenta como un ejemplo del uso del miedo y la ret\u00f3rica b\u00e9lica como herramientas de control pol\u00edtico.<\/p>\n\n\n\n<iframe loading=\"lazy\" src=\"https:\/\/www.facebook.com\/plugins\/post.php?href=https%3A%2F%2Fwww.facebook.com%2FDeuntijeretazo%2Fposts%2Fpfbid029km4HdzTjisZZ4JqZBH9wWz3gviAq8nXttamjq7rnP2T2Z5od4Rynv6QBoa1FwTel&#038;show_text=true&#038;width=500\" width=\"500\" height=\"767\" style=\"border:none;overflow:hidden\" scrolling=\"no\" frameborder=\"0\" allowfullscreen=\"true\" allow=\"autoplay; clipboard-write; encrypted-media; picture-in-picture; web-share\"><\/iframe>\n\n\n\n<p>La propia fuente de Cienfuegos, que particip\u00f3 el pasado s\u00e1bado en un D\u00eda de la Defensa citado a \u00faltima hora en su centro de trabajo, dijo que sinti\u00f3 mucho miedo porque \u00abaquellos aparatos parec\u00edan ser m\u00e1s viejos que mi abuela\u00bb.<\/p>\n\n\n\n<p>\u00abYo he visto las pel\u00edculas donde se muestran armamentos avanzados del ej\u00e9rcito de EE.UU. Est\u00e1 gente est\u00e1 so\u00f1ando que puede combatir contra esa gente. Y eso me asusta. M\u00e1s por mi ni\u00f1o que por m\u00ed,\u00bb expres\u00f3 v\u00eda telef\u00f3nica.<\/p>\n\n\n\n<p>En los \u00faltimos d\u00edas han circulado publicaciones que atribuyen a familiares temores de traslados internos y, en versiones m\u00e1s extremas, rumores de posibles env\u00edos al extranjero. Medios y p\u00e1ginas en redes han recogido testimonios de \u201cmadres angustiadas\u201d que hablan de j\u00f3venes \u201cen disposici\u00f3n combativa\u201d, sin que exista un comunicado estatal que respalde esa formulaci\u00f3n de manera p\u00fablica y transparente.<\/p>\n\n\n\n<p>En Cienfuegos, la madre insiste en que su preocupaci\u00f3n no es abstracta. Dice que el Comit\u00e9 Militar \u201cparece una escuela\u201d, y que el mensaje que se repite no es el de un expediente, sino el de una obligaci\u00f3n por encima de todo. Su mayor temor no es una convocatoria inmediata, sino el sistema de control: \u201ctenerlos registrados y listos\u201d.  <\/p>\n","protected":false},"excerpt":{"rendered":"<p> Una madre de Cienfuegos denuncia que el Comit\u00e9 Militar \u201cest\u00e1 lleno de ni\u00f1os\u201d y que advierten reclutamiento desde los 16; la ley respalda citaciones.<\/p>\n","protected":false},"author":13,"featured_media":231612,"comment_status":"open","ping_status":"closed","sticky":false,"template":"","format":"standard","meta":{"_acf_changed":false,"footnotes":""},"categories":[18,955],"tags":[29,11905,29969,11,605,2757,11681,29970,6547,11017],"class_list":{"0":"post-231610","1":"post","2":"type-post","3":"status-publish","4":"format-standard","5":"has-post-thumbnail","7":"category-noticias","8":"category-noticias-de-cuba","9":"tag-cienfuegos","10":"tag-citaciones","11":"tag-comite-militar","12":"tag-cuba","13":"tag-madres","14":"tag-menores","15":"tag-minfar","16":"tag-registro-militar","17":"tag-servicio-militar-obligatorio","18":"tag-superdestacado"},"acf":[],"yoast_head":"<!-- This site is optimized with the Yoast SEO plugin v27.5 - https:\/\/yoast.com\/product\/yoast-seo-wordpress\/ -->\n<title>Madres denuncian citaciones \u201ca ni\u00f1os\u201d en el Comit\u00e9 Militar en medio de temores por una escalada regional - Cuballama Noticias<\/title>\n<meta name=\"description\" content=\"Reportes de citaciones al Comit\u00e9 Militar en Cienfuegos avivan temores: madres dicen que citan menores y hablan de guerra hoy.\" \/>\n<meta name=\"robots\" content=\"index, follow, max-snippet:-1, max-image-preview:large, max-video-preview:-1\" \/>\n<link rel=\"canonical\" href=\"https:\/\/www.cuballama.com\/noticias\/madres-denuncian-citaciones-a-ninos-en-el-comite-militar-en-medio-de-temores-por-una-escalada-regional\/\" \/>\n<meta property=\"og:locale\" content=\"es_ES\" \/>\n<meta property=\"og:type\" content=\"article\" \/>\n<meta property=\"og:title\" content=\"Madres denuncian citaciones \u201ca ni\u00f1os\u201d en el Comit\u00e9 Militar en medio de temores por una escalada regional - Cuballama Noticias\" \/>\n<meta property=\"og:description\" content=\"Reportes de citaciones al Comit\u00e9 Militar en Cienfuegos avivan temores: madres dicen que citan menores y hablan de guerra hoy.\" \/>\n<meta property=\"og:url\" content=\"https:\/\/www.cuballama.com\/noticias\/madres-denuncian-citaciones-a-ninos-en-el-comite-militar-en-medio-de-temores-por-una-escalada-regional\/\" \/>\n<meta property=\"og:site_name\" content=\"Cuballama Noticias\" \/>\n<meta property=\"article:publisher\" content=\"https:\/\/www.facebook.com\/CubaLlama\" \/>\n<meta property=\"article:published_time\" content=\"2026-01-12T18:33:38+00:00\" \/>\n<meta property=\"article:modified_time\" content=\"2026-01-12T18:33:43+00:00\" \/>\n<meta property=\"og:image\" content=\"https:\/\/cdn1.mediawpaccore.net\/wp-content\/uploads\/2026\/01\/12093018\/image-44-1024x599.png\" \/>\n\t<meta property=\"og:image:width\" content=\"1024\" \/>\n\t<meta property=\"og:image:height\" content=\"599\" \/>\n\t<meta property=\"og:image:type\" content=\"image\/png\" \/>\n<meta name=\"author\" content=\"Roberto A.\" \/>\n<meta name=\"twitter:card\" content=\"summary_large_image\" \/>\n<meta name=\"twitter:creator\" content=\"@cuballama\" \/>\n<meta name=\"twitter:site\" content=\"@cuballama\" \/>\n<meta name=\"twitter:label1\" content=\"Escrito por\" \/>\n\t<meta name=\"twitter:data1\" content=\"Roberto A.\" \/>\n\t<meta name=\"twitter:label2\" content=\"Tiempo de lectura\" \/>\n\t<meta name=\"twitter:data2\" content=\"5 minutos\" \/>\n<script type=\"application\/ld+json\" class=\"yoast-schema-graph\">{\"@context\":\"https:\\\/\\\/schema.org\",\"@graph\":[{\"@type\":\"Article\",\"@id\":\"https:\\\/\\\/www.cuballama.com\\\/noticias\\\/madres-denuncian-citaciones-a-ninos-en-el-comite-militar-en-medio-de-temores-por-una-escalada-regional\\\/#article\",\"isPartOf\":{\"@id\":\"https:\\\/\\\/www.cuballama.com\\\/noticias\\\/madres-denuncian-citaciones-a-ninos-en-el-comite-militar-en-medio-de-temores-por-una-escalada-regional\\\/\"},\"author\":{\"name\":\"Roberto A.\",\"@id\":\"https:\\\/\\\/www.cuballama.com\\\/noticias\\\/#\\\/schema\\\/person\\\/a58502ed4146c8e9f83872e897c76cd2\"},\"headline\":\"Madres denuncian citaciones \u201ca ni\u00f1os\u201d en el Comit\u00e9 Militar en medio de temores por una escalada regional\",\"datePublished\":\"2026-01-12T18:33:38+00:00\",\"dateModified\":\"2026-01-12T18:33:43+00:00\",\"mainEntityOfPage\":{\"@id\":\"https:\\\/\\\/www.cuballama.com\\\/noticias\\\/madres-denuncian-citaciones-a-ninos-en-el-comite-militar-en-medio-de-temores-por-una-escalada-regional\\\/\"},\"wordCount\":1006,\"commentCount\":0,\"publisher\":{\"@id\":\"https:\\\/\\\/www.cuballama.com\\\/noticias\\\/#organization\"},\"image\":{\"@id\":\"https:\\\/\\\/www.cuballama.com\\\/noticias\\\/madres-denuncian-citaciones-a-ninos-en-el-comite-militar-en-medio-de-temores-por-una-escalada-regional\\\/#primaryimage\"},\"thumbnailUrl\":\"https:\\\/\\\/cdn1.mediawpaccore.net\\\/wp-content\\\/uploads\\\/2026\\\/01\\\/12093018\\\/image-44.png\",\"keywords\":[\"cienfuegos\",\"Citaciones\",\"Comit\u00e9 Militar\",\"Cuba\",\"Madres\",\"Menores\",\"MINFAR\",\"Registro Militar\",\"Servicio Militar Obligatorio\",\"superdestacado\"],\"articleSection\":[\"Noticias\",\"Noticias de Cuba\"],\"inLanguage\":\"es\",\"potentialAction\":[{\"@type\":\"CommentAction\",\"name\":\"Comment\",\"target\":[\"https:\\\/\\\/www.cuballama.com\\\/noticias\\\/madres-denuncian-citaciones-a-ninos-en-el-comite-militar-en-medio-de-temores-por-una-escalada-regional\\\/#respond\"]}]},{\"@type\":\"WebPage\",\"@id\":\"https:\\\/\\\/www.cuballama.com\\\/noticias\\\/madres-denuncian-citaciones-a-ninos-en-el-comite-militar-en-medio-de-temores-por-una-escalada-regional\\\/\",\"url\":\"https:\\\/\\\/www.cuballama.com\\\/noticias\\\/madres-denuncian-citaciones-a-ninos-en-el-comite-militar-en-medio-de-temores-por-una-escalada-regional\\\/\",\"name\":\"Madres denuncian citaciones \u201ca ni\u00f1os\u201d en el Comit\u00e9 Militar en medio de temores por una escalada regional - Cuballama Noticias\",\"isPartOf\":{\"@id\":\"https:\\\/\\\/www.cuballama.com\\\/noticias\\\/#website\"},\"primaryImageOfPage\":{\"@id\":\"https:\\\/\\\/www.cuballama.com\\\/noticias\\\/madres-denuncian-citaciones-a-ninos-en-el-comite-militar-en-medio-de-temores-por-una-escalada-regional\\\/#primaryimage\"},\"image\":{\"@id\":\"https:\\\/\\\/www.cuballama.com\\\/noticias\\\/madres-denuncian-citaciones-a-ninos-en-el-comite-militar-en-medio-de-temores-por-una-escalada-regional\\\/#primaryimage\"},\"thumbnailUrl\":\"https:\\\/\\\/cdn1.mediawpaccore.net\\\/wp-content\\\/uploads\\\/2026\\\/01\\\/12093018\\\/image-44.png\",\"datePublished\":\"2026-01-12T18:33:38+00:00\",\"dateModified\":\"2026-01-12T18:33:43+00:00\",\"description\":\"Reportes de citaciones al Comit\u00e9 Militar en Cienfuegos avivan temores: madres dicen que citan menores y hablan de guerra hoy.\",\"breadcrumb\":{\"@id\":\"https:\\\/\\\/www.cuballama.com\\\/noticias\\\/madres-denuncian-citaciones-a-ninos-en-el-comite-militar-en-medio-de-temores-por-una-escalada-regional\\\/#breadcrumb\"},\"inLanguage\":\"es\",\"potentialAction\":[{\"@type\":\"ReadAction\",\"target\":[\"https:\\\/\\\/www.cuballama.com\\\/noticias\\\/madres-denuncian-citaciones-a-ninos-en-el-comite-militar-en-medio-de-temores-por-una-escalada-regional\\\/\"]}]},{\"@type\":\"ImageObject\",\"inLanguage\":\"es\",\"@id\":\"https:\\\/\\\/www.cuballama.com\\\/noticias\\\/madres-denuncian-citaciones-a-ninos-en-el-comite-militar-en-medio-de-temores-por-una-escalada-regional\\\/#primaryimage\",\"url\":\"https:\\\/\\\/cdn1.mediawpaccore.net\\\/wp-content\\\/uploads\\\/2026\\\/01\\\/12093018\\\/image-44.png\",\"contentUrl\":\"https:\\\/\\\/cdn1.mediawpaccore.net\\\/wp-content\\\/uploads\\\/2026\\\/01\\\/12093018\\\/image-44.png\",\"width\":1728,\"height\":1010,\"caption\":\"Foto: REFERENCIAL. Comit\u00e9 Militar de Cienfuegos. (Video Screenshot)\"},{\"@type\":\"BreadcrumbList\",\"@id\":\"https:\\\/\\\/www.cuballama.com\\\/noticias\\\/madres-denuncian-citaciones-a-ninos-en-el-comite-militar-en-medio-de-temores-por-una-escalada-regional\\\/#breadcrumb\",\"itemListElement\":[{\"@type\":\"ListItem\",\"position\":1,\"name\":\"Home\",\"item\":\"https:\\\/\\\/www.cuballama.com\\\/noticias\\\/\"},{\"@type\":\"ListItem\",\"position\":2,\"name\":\"Madres denuncian citaciones \u201ca ni\u00f1os\u201d en el Comit\u00e9 Militar en medio de temores por una escalada regional\"}]},{\"@type\":\"WebSite\",\"@id\":\"https:\\\/\\\/www.cuballama.com\\\/noticias\\\/#website\",\"url\":\"https:\\\/\\\/www.cuballama.com\\\/noticias\\\/\",\"name\":\"Cuballama Noticias\",\"description\":\"Medio digital sobre Cuba y el mundo\",\"publisher\":{\"@id\":\"https:\\\/\\\/www.cuballama.com\\\/noticias\\\/#organization\"},\"potentialAction\":[{\"@type\":\"SearchAction\",\"target\":{\"@type\":\"EntryPoint\",\"urlTemplate\":\"https:\\\/\\\/www.cuballama.com\\\/noticias\\\/?s={search_term_string}\"},\"query-input\":{\"@type\":\"PropertyValueSpecification\",\"valueRequired\":true,\"valueName\":\"search_term_string\"}}],\"inLanguage\":\"es\"},{\"@type\":\"Organization\",\"@id\":\"https:\\\/\\\/www.cuballama.com\\\/noticias\\\/#organization\",\"name\":\"Cuballama\",\"url\":\"https:\\\/\\\/www.cuballama.com\\\/noticias\\\/\",\"logo\":{\"@type\":\"ImageObject\",\"inLanguage\":\"es\",\"@id\":\"https:\\\/\\\/www.cuballama.com\\\/noticias\\\/#\\\/schema\\\/logo\\\/image\\\/\",\"url\":\"https:\\\/\\\/cdn1.mediawpaccore.net\\\/wp-content\\\/uploads\\\/2021\\\/12\\\/28171206\\\/cbll-logo-color-sm.png\",\"contentUrl\":\"https:\\\/\\\/cdn1.mediawpaccore.net\\\/wp-content\\\/uploads\\\/2021\\\/12\\\/28171206\\\/cbll-logo-color-sm.png\",\"width\":600,\"height\":133,\"caption\":\"Cuballama\"},\"image\":{\"@id\":\"https:\\\/\\\/www.cuballama.com\\\/noticias\\\/#\\\/schema\\\/logo\\\/image\\\/\"},\"sameAs\":[\"https:\\\/\\\/www.facebook.com\\\/CubaLlama\",\"https:\\\/\\\/x.com\\\/cuballama\",\"https:\\\/\\\/www.instagram.com\\\/stories\\\/cuballama_oficial\\\/\",\"https:\\\/\\\/www.youtube.com\\\/channel\\\/UCKkFE-d_axENGZcrc4as0IA\"]},{\"@type\":\"Person\",\"@id\":\"https:\\\/\\\/www.cuballama.com\\\/noticias\\\/#\\\/schema\\\/person\\\/a58502ed4146c8e9f83872e897c76cd2\",\"name\":\"Roberto A.\",\"description\":\"Roberto A. Periodista por decisi\u00f3n propia. Interesado en cualquier tema que me apasione y cada vez m\u00e1s comprometido con la verdad y la objetividad period\u00edstica. Graduado en La Habana hace ya muchos a\u00f1os, luego de una accidentada y polvorienta b\u00fasqueda de informaci\u00f3n sobre un tema in\u00e9dito. La Tesis, por cierto, desapareci\u00f3 de la biblioteca y no se conservan copias de la misma.\",\"url\":\"https:\\\/\\\/www.cuballama.com\\\/noticias\\\/author\\\/roberto\\\/\"}]}<\/script>\n<!-- \/ Yoast SEO plugin. -->","yoast_head_json":{"title":"Madres denuncian citaciones \u201ca ni\u00f1os\u201d en el Comit\u00e9 Militar en medio de temores por una escalada regional - Cuballama Noticias","description":"Reportes de citaciones al Comit\u00e9 Militar en Cienfuegos avivan temores: madres dicen que citan menores y hablan de guerra hoy.","robots":{"index":"index","follow":"follow","max-snippet":"max-snippet:-1","max-image-preview":"max-image-preview:large","max-video-preview":"max-video-preview:-1"},"canonical":"https:\/\/www.cuballama.com\/noticias\/madres-denuncian-citaciones-a-ninos-en-el-comite-militar-en-medio-de-temores-por-una-escalada-regional\/","og_locale":"es_ES","og_type":"article","og_title":"Madres denuncian citaciones \u201ca ni\u00f1os\u201d en el Comit\u00e9 Militar en medio de temores por una escalada regional - Cuballama Noticias","og_description":"Reportes de citaciones al Comit\u00e9 Militar en Cienfuegos avivan temores: madres dicen que citan menores y hablan de guerra hoy.","og_url":"https:\/\/www.cuballama.com\/noticias\/madres-denuncian-citaciones-a-ninos-en-el-comite-militar-en-medio-de-temores-por-una-escalada-regional\/","og_site_name":"Cuballama Noticias","article_publisher":"https:\/\/www.facebook.com\/CubaLlama","article_published_time":"2026-01-12T18:33:38+00:00","article_modified_time":"2026-01-12T18:33:43+00:00","og_image":[{"width":1024,"height":599,"url":"https:\/\/cdn1.mediawpaccore.net\/wp-content\/uploads\/2026\/01\/12093018\/image-44-1024x599.png","type":"image\/png"}],"author":"Roberto A.","twitter_card":"summary_large_image","twitter_creator":"@cuballama","twitter_site":"@cuballama","twitter_misc":{"Escrito por":"Roberto A.","Tiempo de lectura":"5 minutos"},"schema":{"@context":"https:\/\/schema.org","@graph":[{"@type":"Article","@id":"https:\/\/www.cuballama.com\/noticias\/madres-denuncian-citaciones-a-ninos-en-el-comite-militar-en-medio-de-temores-por-una-escalada-regional\/#article","isPartOf":{"@id":"https:\/\/www.cuballama.com\/noticias\/madres-denuncian-citaciones-a-ninos-en-el-comite-militar-en-medio-de-temores-por-una-escalada-regional\/"},"author":{"name":"Roberto A.","@id":"https:\/\/www.cuballama.com\/noticias\/#\/schema\/person\/a58502ed4146c8e9f83872e897c76cd2"},"headline":"Madres denuncian citaciones \u201ca ni\u00f1os\u201d en el Comit\u00e9 Militar en medio de temores por una escalada regional","datePublished":"2026-01-12T18:33:38+00:00","dateModified":"2026-01-12T18:33:43+00:00","mainEntityOfPage":{"@id":"https:\/\/www.cuballama.com\/noticias\/madres-denuncian-citaciones-a-ninos-en-el-comite-militar-en-medio-de-temores-por-una-escalada-regional\/"},"wordCount":1006,"commentCount":0,"publisher":{"@id":"https:\/\/www.cuballama.com\/noticias\/#organization"},"image":{"@id":"https:\/\/www.cuballama.com\/noticias\/madres-denuncian-citaciones-a-ninos-en-el-comite-militar-en-medio-de-temores-por-una-escalada-regional\/#primaryimage"},"thumbnailUrl":"https:\/\/cdn1.mediawpaccore.net\/wp-content\/uploads\/2026\/01\/12093018\/image-44.png","keywords":["cienfuegos","Citaciones","Comit\u00e9 Militar","Cuba","Madres","Menores","MINFAR","Registro Militar","Servicio Militar Obligatorio","superdestacado"],"articleSection":["Noticias","Noticias de Cuba"],"inLanguage":"es","potentialAction":[{"@type":"CommentAction","name":"Comment","target":["https:\/\/www.cuballama.com\/noticias\/madres-denuncian-citaciones-a-ninos-en-el-comite-militar-en-medio-de-temores-por-una-escalada-regional\/#respond"]}]},{"@type":"WebPage","@id":"https:\/\/www.cuballama.com\/noticias\/madres-denuncian-citaciones-a-ninos-en-el-comite-militar-en-medio-de-temores-por-una-escalada-regional\/","url":"https:\/\/www.cuballama.com\/noticias\/madres-denuncian-citaciones-a-ninos-en-el-comite-militar-en-medio-de-temores-por-una-escalada-regional\/","name":"Madres denuncian citaciones \u201ca ni\u00f1os\u201d en el Comit\u00e9 Militar en medio de temores por una escalada regional - Cuballama Noticias","isPartOf":{"@id":"https:\/\/www.cuballama.com\/noticias\/#website"},"primaryImageOfPage":{"@id":"https:\/\/www.cuballama.com\/noticias\/madres-denuncian-citaciones-a-ninos-en-el-comite-militar-en-medio-de-temores-por-una-escalada-regional\/#primaryimage"},"image":{"@id":"https:\/\/www.cuballama.com\/noticias\/madres-denuncian-citaciones-a-ninos-en-el-comite-militar-en-medio-de-temores-por-una-escalada-regional\/#primaryimage"},"thumbnailUrl":"https:\/\/cdn1.mediawpaccore.net\/wp-content\/uploads\/2026\/01\/12093018\/image-44.png","datePublished":"2026-01-12T18:33:38+00:00","dateModified":"2026-01-12T18:33:43+00:00","description":"Reportes de citaciones al Comit\u00e9 Militar en Cienfuegos avivan temores: madres dicen que citan menores y hablan de guerra hoy.","breadcrumb":{"@id":"https:\/\/www.cuballama.com\/noticias\/madres-denuncian-citaciones-a-ninos-en-el-comite-militar-en-medio-de-temores-por-una-escalada-regional\/#breadcrumb"},"inLanguage":"es","potentialAction":[{"@type":"ReadAction","target":["https:\/\/www.cuballama.com\/noticias\/madres-denuncian-citaciones-a-ninos-en-el-comite-militar-en-medio-de-temores-por-una-escalada-regional\/"]}]},{"@type":"ImageObject","inLanguage":"es","@id":"https:\/\/www.cuballama.com\/noticias\/madres-denuncian-citaciones-a-ninos-en-el-comite-militar-en-medio-de-temores-por-una-escalada-regional\/#primaryimage","url":"https:\/\/cdn1.mediawpaccore.net\/wp-content\/uploads\/2026\/01\/12093018\/image-44.png","contentUrl":"https:\/\/cdn1.mediawpaccore.net\/wp-content\/uploads\/2026\/01\/12093018\/image-44.png","width":1728,"height":1010,"caption":"Foto: REFERENCIAL. Comit\u00e9 Militar de Cienfuegos. (Video Screenshot)"},{"@type":"BreadcrumbList","@id":"https:\/\/www.cuballama.com\/noticias\/madres-denuncian-citaciones-a-ninos-en-el-comite-militar-en-medio-de-temores-por-una-escalada-regional\/#breadcrumb","itemListElement":[{"@type":"ListItem","position":1,"name":"Home","item":"https:\/\/www.cuballama.com\/noticias\/"},{"@type":"ListItem","position":2,"name":"Madres denuncian citaciones \u201ca ni\u00f1os\u201d en el Comit\u00e9 Militar en medio de temores por una escalada regional"}]},{"@type":"WebSite","@id":"https:\/\/www.cuballama.com\/noticias\/#website","url":"https:\/\/www.cuballama.com\/noticias\/","name":"Cuballama Noticias","description":"Medio digital sobre Cuba y el mundo","publisher":{"@id":"https:\/\/www.cuballama.com\/noticias\/#organization"},"potentialAction":[{"@type":"SearchAction","target":{"@type":"EntryPoint","urlTemplate":"https:\/\/www.cuballama.com\/noticias\/?s={search_term_string}"},"query-input":{"@type":"PropertyValueSpecification","valueRequired":true,"valueName":"search_term_string"}}],"inLanguage":"es"},{"@type":"Organization","@id":"https:\/\/www.cuballama.com\/noticias\/#organization","name":"Cuballama","url":"https:\/\/www.cuballama.com\/noticias\/","logo":{"@type":"ImageObject","inLanguage":"es","@id":"https:\/\/www.cuballama.com\/noticias\/#\/schema\/logo\/image\/","url":"https:\/\/cdn1.mediawpaccore.net\/wp-content\/uploads\/2021\/12\/28171206\/cbll-logo-color-sm.png","contentUrl":"https:\/\/cdn1.mediawpaccore.net\/wp-content\/uploads\/2021\/12\/28171206\/cbll-logo-color-sm.png","width":600,"height":133,"caption":"Cuballama"},"image":{"@id":"https:\/\/www.cuballama.com\/noticias\/#\/schema\/logo\/image\/"},"sameAs":["https:\/\/www.facebook.com\/CubaLlama","https:\/\/x.com\/cuballama","https:\/\/www.instagram.com\/stories\/cuballama_oficial\/","https:\/\/www.youtube.com\/channel\/UCKkFE-d_axENGZcrc4as0IA"]},{"@type":"Person","@id":"https:\/\/www.cuballama.com\/noticias\/#\/schema\/person\/a58502ed4146c8e9f83872e897c76cd2","name":"Roberto A.","description":"Roberto A. Periodista por decisi\u00f3n propia. Interesado en cualquier tema que me apasione y cada vez m\u00e1s comprometido con la verdad y la objetividad period\u00edstica. Graduado en La Habana hace ya muchos a\u00f1os, luego de una accidentada y polvorienta b\u00fasqueda de informaci\u00f3n sobre un tema in\u00e9dito. La Tesis, por cierto, desapareci\u00f3 de la biblioteca y no se conservan copias de la misma.","url":"https:\/\/www.cuballama.com\/noticias\/author\/roberto\/"}]}},"_links":{"self":[{"href":"https:\/\/www.cuballama.com\/noticias\/wp-json\/wp\/v2\/posts\/231610","targetHints":{"allow":["GET"]}}],"collection":[{"href":"https:\/\/www.cuballama.com\/noticias\/wp-json\/wp\/v2\/posts"}],"about":[{"href":"https:\/\/www.cuballama.com\/noticias\/wp-json\/wp\/v2\/types\/post"}],"author":[{"embeddable":true,"href":"https:\/\/www.cuballama.com\/noticias\/wp-json\/wp\/v2\/users\/13"}],"replies":[{"embeddable":true,"href":"https:\/\/www.cuballama.com\/noticias\/wp-json\/wp\/v2\/comments?post=231610"}],"version-history":[{"count":7,"href":"https:\/\/www.cuballama.com\/noticias\/wp-json\/wp\/v2\/posts\/231610\/revisions"}],"predecessor-version":[{"id":231629,"href":"https:\/\/www.cuballama.com\/noticias\/wp-json\/wp\/v2\/posts\/231610\/revisions\/231629"}],"wp:featuredmedia":[{"embeddable":true,"href":"https:\/\/www.cuballama.com\/noticias\/wp-json\/wp\/v2\/media\/231612"}],"wp:attachment":[{"href":"https:\/\/www.cuballama.com\/noticias\/wp-json\/wp\/v2\/media?parent=231610"}],"wp:term":[{"taxonomy":"category","embeddable":true,"href":"https:\/\/www.cuballama.com\/noticias\/wp-json\/wp\/v2\/categories?post=231610"},{"taxonomy":"post_tag","embeddable":true,"href":"https:\/\/www.cuballama.com\/noticias\/wp-json\/wp\/v2\/tags?post=231610"}],"curies":[{"name":"wp","href":"https:\/\/api.w.org\/{rel}","templated":true}]}}