{"id":231592,"date":"2026-01-12T08:31:34","date_gmt":"2026-01-12T13:31:34","guid":{"rendered":"https:\/\/www.cuballama.com\/noticias\/?p=231592"},"modified":"2026-01-12T08:31:36","modified_gmt":"2026-01-12T13:31:36","slug":"diaz-canel-niega-declaraciones-de-trump-sobre-conversaciones-con-cuba","status":"publish","type":"post","link":"https:\/\/www.cuballama.com\/noticias\/diaz-canel-niega-declaraciones-de-trump-sobre-conversaciones-con-cuba\/","title":{"rendered":"D\u00edaz-Canel niega declaraciones de Trump sobre conversaciones con Cuba"},"content":{"rendered":"\n<p>El mandatario Miguel D\u00edaz-Canel neg\u00f3 las declaraciones del presidente Donald Trump sobre conversaciones con Cuba y agreg\u00f3 que est\u00e1 dispuesto a un \u201c di\u00e1logo serio y responsable \u201c con EEUU.<\/p>\n\n\n\n<p>\u201cNo existen conversaciones con el gobierno de EE. UU., salvo contactos t\u00e9cnicos en el \u00e1mbito migratorio\u201d, dijo Canel en su perfil de Facebook.<\/p>\n\n\n\n<p>El gobernante a\u00f1adi\u00f3 que \u201csiempre hemos tenido disposici\u00f3n a sostener un di\u00e1logo serio y responsable con los distintos gobiernos de EE. UU., incluido el actual, sobre bases de igualdad soberana, respeto mutuo, principios de Derecho Internacional, beneficio rec\u00edproco sin injerencia en asuntos internos y con pleno respeto a nuestra independencia\u201d.<\/p>\n\n\n\n<p>D\u00edaz Canel agreg\u00f3 que los cubanos han emigrado hacia Estados Unidos debido al \u201c endurecimiento del bloqueo\u201d<\/p>\n\n\n\n<p>\u201cEl origen y extremo del bloqueo no tienen relaci\u00f3n con los cubanos residentes en EE. UU., empujados all\u00ed por esa pol\u00edtica fallida y por los privilegios de la Ley de Ajuste Cubano. Ellos son ahora v\u00edctimas del cambio en las pol\u00edticas hacia los migrantes y de la traici\u00f3n de los pol\u00edticos de Miami\u201d. <br> El presidente Donald Trump hab\u00eda asegurado adem\u00e1s que quiere que se cuide a los cubanos en EEUU.<\/p>\n\n\n\n<p>\u201cEstamos hablando con Cuba, y lo sabr\u00e1n muy pronto\u2026 Uno de los grupos que quiero que se cuide son las personas que vinieron de Cuba y que fueron obligadas a irse, son grandes ciudadanos de los Estados Unidos\u201d, dijo.<\/p>\n\n\n\n<p>Anteriormente se\u00f1al\u00f3 que Cuba deber\u00eda llegar a un acuerdo con Estados Unidos \u00abantes de que sea demasiado tarde\u00bb.<\/p>\n\n\n\n<p>\u00abNo habr\u00e1 m\u00e1s petr\u00f3leo o dinero camino de Cuba. CERO\u00bb, dijo el mandatario en su red social Truth. \u00abCuba ha vivido, durante muchos a\u00f1os, gracias a grandes cantidades de petr\u00f3leo y dinero de Venezuela. A\u00f1adi\u00f3 que Cuba proporcion\u00f3 \u00abservicios de seguridad\u00bb para los \u00faltimos dos dictadores venezolanos, \u00a1PERO NUNCA M\u00c1S! La mayor\u00eda de esos cubanos MURIERON en los ataques estadounidenses de la pasada semana\u00bb, dijo Trump.<\/p>\n\n\n\n<p>\u201cLes sugiero encarecidamente \u2060que lleguen a un acuerdo, ANTES DE QUE \u200cSEA DEMASIADO TARDE\u00bb,&nbsp;advirti\u00f3<\/p>\n\n\n\n<p><\/p>\n\n\n\n<p><\/p>\n\n\n\n<p><\/p>\n","protected":false},"excerpt":{"rendered":"<p>El mandatario Miguel D\u00edaz-Canel neg\u00f3 las declaraciones del presidente Donald Trump sobre conversaciones con Cuba y agreg\u00f3 que est\u00e1 dispuesto a un \u201c di\u00e1logo serio y responsable \u201c con EEUU. \u201cNo existen conversaciones con el gobierno de EE. UU., salvo contactos t\u00e9cnicos en el \u00e1mbito migratorio\u201d, dijo Canel en su perfil de Facebook. El gobernante [&hellip;]<\/p>\n","protected":false},"author":24,"featured_media":224489,"comment_status":"open","ping_status":"closed","sticky":false,"template":"","format":"standard","meta":{"_acf_changed":false,"footnotes":""},"categories":[18,955],"tags":[10867,11,12175,256,600,11017,7651],"class_list":{"0":"post-231592","1":"post","2":"type-post","3":"status-publish","4":"format-standard","5":"has-post-thumbnail","7":"category-noticias","8":"category-noticias-de-cuba","9":"tag-crisis-en-cuba","10":"tag-cuba","11":"tag-diaz-canel-3","12":"tag-miami","13":"tag-migrantes-cubanos","14":"tag-superdestacado","15":"tag-trump"},"acf":[],"yoast_head":"<!-- This site is optimized with the Yoast SEO plugin v27.5 - https:\/\/yoast.com\/product\/yoast-seo-wordpress\/ -->\n<title>D\u00edaz-Canel niega declaraciones de Trump sobre conversaciones con Cuba - Cuballama Noticias<\/title>\n<meta name=\"description\" content=\"El mandatario Miguel D\u00edaz-Canel neg\u00f3 las declaraciones del presidente Donald Trump sobre conversaciones con Cuba.\" \/>\n<meta name=\"robots\" content=\"index, follow, max-snippet:-1, max-image-preview:large, max-video-preview:-1\" \/>\n<link rel=\"canonical\" href=\"https:\/\/www.cuballama.com\/noticias\/diaz-canel-niega-declaraciones-de-trump-sobre-conversaciones-con-cuba\/\" \/>\n<meta property=\"og:locale\" content=\"es_ES\" \/>\n<meta property=\"og:type\" content=\"article\" \/>\n<meta property=\"og:title\" content=\"D\u00edaz-Canel niega declaraciones de Trump sobre conversaciones con Cuba - Cuballama Noticias\" \/>\n<meta property=\"og:description\" content=\"El mandatario Miguel D\u00edaz-Canel neg\u00f3 las declaraciones del presidente Donald Trump sobre conversaciones con Cuba.\" \/>\n<meta property=\"og:url\" content=\"https:\/\/www.cuballama.com\/noticias\/diaz-canel-niega-declaraciones-de-trump-sobre-conversaciones-con-cuba\/\" \/>\n<meta property=\"og:site_name\" content=\"Cuballama Noticias\" \/>\n<meta property=\"article:publisher\" content=\"https:\/\/www.facebook.com\/CubaLlama\" \/>\n<meta property=\"article:published_time\" content=\"2026-01-12T13:31:34+00:00\" \/>\n<meta property=\"article:modified_time\" content=\"2026-01-12T13:31:36+00:00\" \/>\n<meta property=\"og:image\" content=\"https:\/\/cdn1.mediawpaccore.net\/wp-content\/uploads\/2025\/10\/31011254\/G4eRjfoWAAAQZue.jpg\" \/>\n\t<meta property=\"og:image:width\" content=\"1200\" \/>\n\t<meta property=\"og:image:height\" content=\"630\" \/>\n\t<meta property=\"og:image:type\" content=\"image\/jpeg\" \/>\n<meta name=\"author\" content=\"Manu\" \/>\n<meta name=\"twitter:card\" content=\"summary_large_image\" \/>\n<meta name=\"twitter:creator\" content=\"@cuballama\" \/>\n<meta name=\"twitter:site\" content=\"@cuballama\" \/>\n<meta name=\"twitter:label1\" content=\"Escrito por\" \/>\n\t<meta name=\"twitter:data1\" content=\"Manu\" \/>\n\t<meta name=\"twitter:label2\" content=\"Tiempo de lectura\" \/>\n\t<meta name=\"twitter:data2\" content=\"2 minutos\" \/>\n<script type=\"application\/ld+json\" class=\"yoast-schema-graph\">{\"@context\":\"https:\\\/\\\/schema.org\",\"@graph\":[{\"@type\":\"Article\",\"@id\":\"https:\\\/\\\/www.cuballama.com\\\/noticias\\\/diaz-canel-niega-declaraciones-de-trump-sobre-conversaciones-con-cuba\\\/#article\",\"isPartOf\":{\"@id\":\"https:\\\/\\\/www.cuballama.com\\\/noticias\\\/diaz-canel-niega-declaraciones-de-trump-sobre-conversaciones-con-cuba\\\/\"},\"author\":{\"name\":\"Manu\",\"@id\":\"https:\\\/\\\/www.cuballama.com\\\/noticias\\\/#\\\/schema\\\/person\\\/5889f7d070564f8386e7944d14d436cd\"},\"headline\":\"D\u00edaz-Canel niega declaraciones de Trump sobre conversaciones con Cuba\",\"datePublished\":\"2026-01-12T13:31:34+00:00\",\"dateModified\":\"2026-01-12T13:31:36+00:00\",\"mainEntityOfPage\":{\"@id\":\"https:\\\/\\\/www.cuballama.com\\\/noticias\\\/diaz-canel-niega-declaraciones-de-trump-sobre-conversaciones-con-cuba\\\/\"},\"wordCount\":362,\"commentCount\":0,\"publisher\":{\"@id\":\"https:\\\/\\\/www.cuballama.com\\\/noticias\\\/#organization\"},\"image\":{\"@id\":\"https:\\\/\\\/www.cuballama.com\\\/noticias\\\/diaz-canel-niega-declaraciones-de-trump-sobre-conversaciones-con-cuba\\\/#primaryimage\"},\"thumbnailUrl\":\"https:\\\/\\\/cdn1.mediawpaccore.net\\\/wp-content\\\/uploads\\\/2025\\\/10\\\/31011254\\\/G4eRjfoWAAAQZue.jpg\",\"keywords\":[\"Crisis en Cuba\",\"Cuba\",\"Diaz Canel\",\"Miami\",\"Migrantes cubanos\",\"superdestacado\",\"Trump\"],\"articleSection\":[\"Noticias\",\"Noticias de Cuba\"],\"inLanguage\":\"es\",\"potentialAction\":[{\"@type\":\"CommentAction\",\"name\":\"Comment\",\"target\":[\"https:\\\/\\\/www.cuballama.com\\\/noticias\\\/diaz-canel-niega-declaraciones-de-trump-sobre-conversaciones-con-cuba\\\/#respond\"]}]},{\"@type\":\"WebPage\",\"@id\":\"https:\\\/\\\/www.cuballama.com\\\/noticias\\\/diaz-canel-niega-declaraciones-de-trump-sobre-conversaciones-con-cuba\\\/\",\"url\":\"https:\\\/\\\/www.cuballama.com\\\/noticias\\\/diaz-canel-niega-declaraciones-de-trump-sobre-conversaciones-con-cuba\\\/\",\"name\":\"D\u00edaz-Canel niega declaraciones de Trump sobre conversaciones con Cuba - Cuballama Noticias\",\"isPartOf\":{\"@id\":\"https:\\\/\\\/www.cuballama.com\\\/noticias\\\/#website\"},\"primaryImageOfPage\":{\"@id\":\"https:\\\/\\\/www.cuballama.com\\\/noticias\\\/diaz-canel-niega-declaraciones-de-trump-sobre-conversaciones-con-cuba\\\/#primaryimage\"},\"image\":{\"@id\":\"https:\\\/\\\/www.cuballama.com\\\/noticias\\\/diaz-canel-niega-declaraciones-de-trump-sobre-conversaciones-con-cuba\\\/#primaryimage\"},\"thumbnailUrl\":\"https:\\\/\\\/cdn1.mediawpaccore.net\\\/wp-content\\\/uploads\\\/2025\\\/10\\\/31011254\\\/G4eRjfoWAAAQZue.jpg\",\"datePublished\":\"2026-01-12T13:31:34+00:00\",\"dateModified\":\"2026-01-12T13:31:36+00:00\",\"description\":\"El mandatario Miguel D\u00edaz-Canel neg\u00f3 las declaraciones del presidente Donald Trump sobre conversaciones con Cuba.\",\"breadcrumb\":{\"@id\":\"https:\\\/\\\/www.cuballama.com\\\/noticias\\\/diaz-canel-niega-declaraciones-de-trump-sobre-conversaciones-con-cuba\\\/#breadcrumb\"},\"inLanguage\":\"es\",\"potentialAction\":[{\"@type\":\"ReadAction\",\"target\":[\"https:\\\/\\\/www.cuballama.com\\\/noticias\\\/diaz-canel-niega-declaraciones-de-trump-sobre-conversaciones-con-cuba\\\/\"]}]},{\"@type\":\"ImageObject\",\"inLanguage\":\"es\",\"@id\":\"https:\\\/\\\/www.cuballama.com\\\/noticias\\\/diaz-canel-niega-declaraciones-de-trump-sobre-conversaciones-con-cuba\\\/#primaryimage\",\"url\":\"https:\\\/\\\/cdn1.mediawpaccore.net\\\/wp-content\\\/uploads\\\/2025\\\/10\\\/31011254\\\/G4eRjfoWAAAQZue.jpg\",\"contentUrl\":\"https:\\\/\\\/cdn1.mediawpaccore.net\\\/wp-content\\\/uploads\\\/2025\\\/10\\\/31011254\\\/G4eRjfoWAAAQZue.jpg\",\"width\":1200,\"height\":630,\"caption\":\"Miguel D\u00edaz-Canel. Foto: X\\\/Miguel D\u00edaz-Canel.\"},{\"@type\":\"BreadcrumbList\",\"@id\":\"https:\\\/\\\/www.cuballama.com\\\/noticias\\\/diaz-canel-niega-declaraciones-de-trump-sobre-conversaciones-con-cuba\\\/#breadcrumb\",\"itemListElement\":[{\"@type\":\"ListItem\",\"position\":1,\"name\":\"Home\",\"item\":\"https:\\\/\\\/www.cuballama.com\\\/noticias\\\/\"},{\"@type\":\"ListItem\",\"position\":2,\"name\":\"D\u00edaz-Canel niega declaraciones de Trump sobre conversaciones con Cuba\"}]},{\"@type\":\"WebSite\",\"@id\":\"https:\\\/\\\/www.cuballama.com\\\/noticias\\\/#website\",\"url\":\"https:\\\/\\\/www.cuballama.com\\\/noticias\\\/\",\"name\":\"Cuballama Noticias\",\"description\":\"Medio digital sobre Cuba y el mundo\",\"publisher\":{\"@id\":\"https:\\\/\\\/www.cuballama.com\\\/noticias\\\/#organization\"},\"potentialAction\":[{\"@type\":\"SearchAction\",\"target\":{\"@type\":\"EntryPoint\",\"urlTemplate\":\"https:\\\/\\\/www.cuballama.com\\\/noticias\\\/?s={search_term_string}\"},\"query-input\":{\"@type\":\"PropertyValueSpecification\",\"valueRequired\":true,\"valueName\":\"search_term_string\"}}],\"inLanguage\":\"es\"},{\"@type\":\"Organization\",\"@id\":\"https:\\\/\\\/www.cuballama.com\\\/noticias\\\/#organization\",\"name\":\"Cuballama\",\"url\":\"https:\\\/\\\/www.cuballama.com\\\/noticias\\\/\",\"logo\":{\"@type\":\"ImageObject\",\"inLanguage\":\"es\",\"@id\":\"https:\\\/\\\/www.cuballama.com\\\/noticias\\\/#\\\/schema\\\/logo\\\/image\\\/\",\"url\":\"https:\\\/\\\/cdn1.mediawpaccore.net\\\/wp-content\\\/uploads\\\/2021\\\/12\\\/28171206\\\/cbll-logo-color-sm.png\",\"contentUrl\":\"https:\\\/\\\/cdn1.mediawpaccore.net\\\/wp-content\\\/uploads\\\/2021\\\/12\\\/28171206\\\/cbll-logo-color-sm.png\",\"width\":600,\"height\":133,\"caption\":\"Cuballama\"},\"image\":{\"@id\":\"https:\\\/\\\/www.cuballama.com\\\/noticias\\\/#\\\/schema\\\/logo\\\/image\\\/\"},\"sameAs\":[\"https:\\\/\\\/www.facebook.com\\\/CubaLlama\",\"https:\\\/\\\/x.com\\\/cuballama\",\"https:\\\/\\\/www.instagram.com\\\/stories\\\/cuballama_oficial\\\/\",\"https:\\\/\\\/www.youtube.com\\\/channel\\\/UCKkFE-d_axENGZcrc4as0IA\"]},{\"@type\":\"Person\",\"@id\":\"https:\\\/\\\/www.cuballama.com\\\/noticias\\\/#\\\/schema\\\/person\\\/5889f7d070564f8386e7944d14d436cd\",\"name\":\"Manu\",\"url\":\"https:\\\/\\\/www.cuballama.com\\\/noticias\\\/author\\\/manu\\\/\"}]}<\/script>\n<!-- \/ Yoast SEO plugin. -->","yoast_head_json":{"title":"D\u00edaz-Canel niega declaraciones de Trump sobre conversaciones con Cuba - Cuballama Noticias","description":"El mandatario Miguel D\u00edaz-Canel neg\u00f3 las declaraciones del presidente Donald Trump sobre conversaciones con Cuba.","robots":{"index":"index","follow":"follow","max-snippet":"max-snippet:-1","max-image-preview":"max-image-preview:large","max-video-preview":"max-video-preview:-1"},"canonical":"https:\/\/www.cuballama.com\/noticias\/diaz-canel-niega-declaraciones-de-trump-sobre-conversaciones-con-cuba\/","og_locale":"es_ES","og_type":"article","og_title":"D\u00edaz-Canel niega declaraciones de Trump sobre conversaciones con Cuba - Cuballama Noticias","og_description":"El mandatario Miguel D\u00edaz-Canel neg\u00f3 las declaraciones del presidente Donald Trump sobre conversaciones con Cuba.","og_url":"https:\/\/www.cuballama.com\/noticias\/diaz-canel-niega-declaraciones-de-trump-sobre-conversaciones-con-cuba\/","og_site_name":"Cuballama Noticias","article_publisher":"https:\/\/www.facebook.com\/CubaLlama","article_published_time":"2026-01-12T13:31:34+00:00","article_modified_time":"2026-01-12T13:31:36+00:00","og_image":[{"width":1200,"height":630,"url":"https:\/\/cdn1.mediawpaccore.net\/wp-content\/uploads\/2025\/10\/31011254\/G4eRjfoWAAAQZue.jpg","type":"image\/jpeg"}],"author":"Manu","twitter_card":"summary_large_image","twitter_creator":"@cuballama","twitter_site":"@cuballama","twitter_misc":{"Escrito por":"Manu","Tiempo de lectura":"2 minutos"},"schema":{"@context":"https:\/\/schema.org","@graph":[{"@type":"Article","@id":"https:\/\/www.cuballama.com\/noticias\/diaz-canel-niega-declaraciones-de-trump-sobre-conversaciones-con-cuba\/#article","isPartOf":{"@id":"https:\/\/www.cuballama.com\/noticias\/diaz-canel-niega-declaraciones-de-trump-sobre-conversaciones-con-cuba\/"},"author":{"name":"Manu","@id":"https:\/\/www.cuballama.com\/noticias\/#\/schema\/person\/5889f7d070564f8386e7944d14d436cd"},"headline":"D\u00edaz-Canel niega declaraciones de Trump sobre conversaciones con Cuba","datePublished":"2026-01-12T13:31:34+00:00","dateModified":"2026-01-12T13:31:36+00:00","mainEntityOfPage":{"@id":"https:\/\/www.cuballama.com\/noticias\/diaz-canel-niega-declaraciones-de-trump-sobre-conversaciones-con-cuba\/"},"wordCount":362,"commentCount":0,"publisher":{"@id":"https:\/\/www.cuballama.com\/noticias\/#organization"},"image":{"@id":"https:\/\/www.cuballama.com\/noticias\/diaz-canel-niega-declaraciones-de-trump-sobre-conversaciones-con-cuba\/#primaryimage"},"thumbnailUrl":"https:\/\/cdn1.mediawpaccore.net\/wp-content\/uploads\/2025\/10\/31011254\/G4eRjfoWAAAQZue.jpg","keywords":["Crisis en Cuba","Cuba","Diaz Canel","Miami","Migrantes cubanos","superdestacado","Trump"],"articleSection":["Noticias","Noticias de Cuba"],"inLanguage":"es","potentialAction":[{"@type":"CommentAction","name":"Comment","target":["https:\/\/www.cuballama.com\/noticias\/diaz-canel-niega-declaraciones-de-trump-sobre-conversaciones-con-cuba\/#respond"]}]},{"@type":"WebPage","@id":"https:\/\/www.cuballama.com\/noticias\/diaz-canel-niega-declaraciones-de-trump-sobre-conversaciones-con-cuba\/","url":"https:\/\/www.cuballama.com\/noticias\/diaz-canel-niega-declaraciones-de-trump-sobre-conversaciones-con-cuba\/","name":"D\u00edaz-Canel niega declaraciones de Trump sobre conversaciones con Cuba - Cuballama Noticias","isPartOf":{"@id":"https:\/\/www.cuballama.com\/noticias\/#website"},"primaryImageOfPage":{"@id":"https:\/\/www.cuballama.com\/noticias\/diaz-canel-niega-declaraciones-de-trump-sobre-conversaciones-con-cuba\/#primaryimage"},"image":{"@id":"https:\/\/www.cuballama.com\/noticias\/diaz-canel-niega-declaraciones-de-trump-sobre-conversaciones-con-cuba\/#primaryimage"},"thumbnailUrl":"https:\/\/cdn1.mediawpaccore.net\/wp-content\/uploads\/2025\/10\/31011254\/G4eRjfoWAAAQZue.jpg","datePublished":"2026-01-12T13:31:34+00:00","dateModified":"2026-01-12T13:31:36+00:00","description":"El mandatario Miguel D\u00edaz-Canel neg\u00f3 las declaraciones del presidente Donald Trump sobre conversaciones con Cuba.","breadcrumb":{"@id":"https:\/\/www.cuballama.com\/noticias\/diaz-canel-niega-declaraciones-de-trump-sobre-conversaciones-con-cuba\/#breadcrumb"},"inLanguage":"es","potentialAction":[{"@type":"ReadAction","target":["https:\/\/www.cuballama.com\/noticias\/diaz-canel-niega-declaraciones-de-trump-sobre-conversaciones-con-cuba\/"]}]},{"@type":"ImageObject","inLanguage":"es","@id":"https:\/\/www.cuballama.com\/noticias\/diaz-canel-niega-declaraciones-de-trump-sobre-conversaciones-con-cuba\/#primaryimage","url":"https:\/\/cdn1.mediawpaccore.net\/wp-content\/uploads\/2025\/10\/31011254\/G4eRjfoWAAAQZue.jpg","contentUrl":"https:\/\/cdn1.mediawpaccore.net\/wp-content\/uploads\/2025\/10\/31011254\/G4eRjfoWAAAQZue.jpg","width":1200,"height":630,"caption":"Miguel D\u00edaz-Canel. Foto: X\/Miguel D\u00edaz-Canel."},{"@type":"BreadcrumbList","@id":"https:\/\/www.cuballama.com\/noticias\/diaz-canel-niega-declaraciones-de-trump-sobre-conversaciones-con-cuba\/#breadcrumb","itemListElement":[{"@type":"ListItem","position":1,"name":"Home","item":"https:\/\/www.cuballama.com\/noticias\/"},{"@type":"ListItem","position":2,"name":"D\u00edaz-Canel niega declaraciones de Trump sobre conversaciones con Cuba"}]},{"@type":"WebSite","@id":"https:\/\/www.cuballama.com\/noticias\/#website","url":"https:\/\/www.cuballama.com\/noticias\/","name":"Cuballama Noticias","description":"Medio digital sobre Cuba y el mundo","publisher":{"@id":"https:\/\/www.cuballama.com\/noticias\/#organization"},"potentialAction":[{"@type":"SearchAction","target":{"@type":"EntryPoint","urlTemplate":"https:\/\/www.cuballama.com\/noticias\/?s={search_term_string}"},"query-input":{"@type":"PropertyValueSpecification","valueRequired":true,"valueName":"search_term_string"}}],"inLanguage":"es"},{"@type":"Organization","@id":"https:\/\/www.cuballama.com\/noticias\/#organization","name":"Cuballama","url":"https:\/\/www.cuballama.com\/noticias\/","logo":{"@type":"ImageObject","inLanguage":"es","@id":"https:\/\/www.cuballama.com\/noticias\/#\/schema\/logo\/image\/","url":"https:\/\/cdn1.mediawpaccore.net\/wp-content\/uploads\/2021\/12\/28171206\/cbll-logo-color-sm.png","contentUrl":"https:\/\/cdn1.mediawpaccore.net\/wp-content\/uploads\/2021\/12\/28171206\/cbll-logo-color-sm.png","width":600,"height":133,"caption":"Cuballama"},"image":{"@id":"https:\/\/www.cuballama.com\/noticias\/#\/schema\/logo\/image\/"},"sameAs":["https:\/\/www.facebook.com\/CubaLlama","https:\/\/x.com\/cuballama","https:\/\/www.instagram.com\/stories\/cuballama_oficial\/","https:\/\/www.youtube.com\/channel\/UCKkFE-d_axENGZcrc4as0IA"]},{"@type":"Person","@id":"https:\/\/www.cuballama.com\/noticias\/#\/schema\/person\/5889f7d070564f8386e7944d14d436cd","name":"Manu","url":"https:\/\/www.cuballama.com\/noticias\/author\/manu\/"}]}},"_links":{"self":[{"href":"https:\/\/www.cuballama.com\/noticias\/wp-json\/wp\/v2\/posts\/231592","targetHints":{"allow":["GET"]}}],"collection":[{"href":"https:\/\/www.cuballama.com\/noticias\/wp-json\/wp\/v2\/posts"}],"about":[{"href":"https:\/\/www.cuballama.com\/noticias\/wp-json\/wp\/v2\/types\/post"}],"author":[{"embeddable":true,"href":"https:\/\/www.cuballama.com\/noticias\/wp-json\/wp\/v2\/users\/24"}],"replies":[{"embeddable":true,"href":"https:\/\/www.cuballama.com\/noticias\/wp-json\/wp\/v2\/comments?post=231592"}],"version-history":[{"count":4,"href":"https:\/\/www.cuballama.com\/noticias\/wp-json\/wp\/v2\/posts\/231592\/revisions"}],"predecessor-version":[{"id":231604,"href":"https:\/\/www.cuballama.com\/noticias\/wp-json\/wp\/v2\/posts\/231592\/revisions\/231604"}],"wp:featuredmedia":[{"embeddable":true,"href":"https:\/\/www.cuballama.com\/noticias\/wp-json\/wp\/v2\/media\/224489"}],"wp:attachment":[{"href":"https:\/\/www.cuballama.com\/noticias\/wp-json\/wp\/v2\/media?parent=231592"}],"wp:term":[{"taxonomy":"category","embeddable":true,"href":"https:\/\/www.cuballama.com\/noticias\/wp-json\/wp\/v2\/categories?post=231592"},{"taxonomy":"post_tag","embeddable":true,"href":"https:\/\/www.cuballama.com\/noticias\/wp-json\/wp\/v2\/tags?post=231592"}],"curies":[{"name":"wp","href":"https:\/\/api.w.org\/{rel}","templated":true}]}}