{"id":231574,"date":"2026-01-13T15:46:58","date_gmt":"2026-01-13T20:46:58","guid":{"rendered":"https:\/\/www.cuballama.com\/noticias\/?p=231574"},"modified":"2026-01-13T15:47:01","modified_gmt":"2026-01-13T20:47:01","slug":"no-habra-deal-la-habana-exigira-el-fin-del-embargo-sin-dar-nada-a-cambio","status":"publish","type":"post","link":"https:\/\/www.cuballama.com\/noticias\/no-habra-deal-la-habana-exigira-el-fin-del-embargo-sin-dar-nada-a-cambio\/","title":{"rendered":"No habr\u00e1 \u201cdeal\u201d: La Habana exigir\u00e1 el fin del embargo sin dar nada a cambio"},"content":{"rendered":"\n<p>La respuesta del gobierno cubano al ultim\u00e1tum lanzado por el presidente estadounidense Donald Trump, pueden apostarlo, apuntar\u00e1 una vez m\u00e1s a un escenario de confrontaci\u00f3n prolongada, no de negociaci\u00f3n. Mientras Washington exige que Cuba \u201chaga un trato antes de que sea demasiado tarde\u201d, La Habana dejar\u00e1 claro que no aceptar\u00e1 condiciones pol\u00edticas y que cualquier conversaci\u00f3n deber\u00e1 partir del levantamiento del embargo, sin compromisos estructurales a cambio. <\/p>\n\n\n\n<p>El embargo, sin embargo, no puede levantarse as\u00ed como as\u00ed y Lo Habana lo sabe. Incluso, si Trump quisiera, no podr\u00eda hacerlo de un plumazo. Y Trump, tampoco, har\u00e1 nada sin recibir algo a cambio. Y ya sabemos que La Habana no da nada a cambio. Lo han sabido cada uno de los presidentes que ha pasado por la Casa Blanca, incluyendo al \u00faltimo de los \u00abbuena gente\u00bb: Barack Obama.<\/p>\n\n\n\n<p><a href=\"https:\/\/www.reuters.com\/world\/americas\/trump-suggests-cuba-should-strike-deal-with-us-2026-01-11\/\" target=\"_blank\" rel=\"noreferrer noopener nofollow\">El mensaje oficial fue reiterado este martes<\/a> por el presidente <strong>Miguel D\u00edaz-Canel<\/strong>, quien asegur\u00f3 que \u201cnadie dicta\u201d el rumbo del pa\u00eds y <a href=\"https:\/\/www.cuballama.com\/noticias\/diaz-canel-tras-nuevas-advertencias-de-trump-nadie-nos-dicta-que-hacer\/\" target=\"_blank\" rel=\"noreferrer noopener\">calific\u00f3 las advertencias de Trump como un acto de injerencia<\/a>. La declaraci\u00f3n se produjo horas despu\u00e9s de que la Casa Blanca anunciara el fin del suministro de petr\u00f3leo y apoyo financiero procedente de Venezuela, una medida presentada por Trump como castigo directo al gobierno cubano. <\/p>\n\n\n\n<p>Horas despu\u00e9s Trump dijo que estaba al habla con La Habana. Presumiblemente con D\u00edaz-Canel y este con Ra\u00fal Castro de escucha, asesor\u00e1ndolo. <\/p>\n\n\n\n<p>De acuerdo con Reuters y AP, la suspensi\u00f3n del flujo petrolero venezolano supone un golpe significativo para una econom\u00eda ya debilitada por la escasez, la inflaci\u00f3n y los apagones.<\/p>\n\n\n\n<p>Hasta ahora, el gobierno cubano no ha dado se\u00f1ales p\u00fablicas &#8211; nunca &#8211; de estar dispuesto a aceptar reformas pol\u00edticas profundas como parte de una negociaci\u00f3n. Ni elecciones libres ni desmontaje de las estructuras de control interno figuran en el horizonte inmediato. La Habana ha respondido al ultim\u00e1tum como siempre, insistiendo en la soberan\u00eda y denunciando la presi\u00f3n de Washington. <\/p>\n\n\n\n<p>Desde la perspectiva del r\u00e9gimen, el sistema electoral cubano no requiere cambios sustanciales. Funcionarios y medios estatales lo presentan como leg\u00edtimo y participativo, descartando cualquier reforma que permita competencia pol\u00edtica real. En ese marco, aceptar elecciones democr\u00e1ticas supervisadas internacionalmente equivaldr\u00eda a renunciar al control del poder, una l\u00ednea roja hist\u00f3rica.<\/p>\n\n\n\n<p>En lugar de ello, analistas consultados por medios internacionales apuntan a una estrategia de desgaste y tiempo. La Habana podr\u00eda optar por gestos parciales, como la liberaci\u00f3n gradual de presos pol\u00edticos, no como resultado de una negociaci\u00f3n formal sino como decisiones soberanas unilaterales. Ese tipo de movimientos permitir\u00eda reducir presi\u00f3n internacional sin alterar la arquitectura del sistema.<\/p>\n\n\n\n<p>El c\u00e1lculo pol\u00edtico tambi\u00e9n incluye la variable estadounidense. Sectores del gobierno cubano consideran que Trump podr\u00eda perder margen de maniobra tras las elecciones de medio t\u00e9rmino, especialmente si su pol\u00edtica hacia Venezuela y su l\u00ednea dura en inmigraci\u00f3n generan costos internos. En ese escenario, resistir ahora podr\u00eda resultar m\u00e1s rentable que ceder.<\/p>\n\n\n\n<p>\u00bfMarcharse del poder? \u00bfRefugiarse en otro pa\u00eds? Ni so\u00f1arlo. <\/p>\n\n\n\n<p>La narrativa de la injerencia externa juega un papel central en esta estrategia. La insistencia de Trump en figuras como el senador <strong>Marco Rubio<\/strong>, incluso mencion\u00e1ndolo como posible actor en el futuro de Cuba, ha reforzado el discurso oficial de que Washington busca imponer un cambio de r\u00e9gimen dirigido desde Florida. Ese argumento permite al gobierno cubano cohesionar filas internas y justificar la negativa a negociar bajo presi\u00f3n, algo en lo que se ha sentido c\u00f3modo durante d\u00e9cadas.<\/p>\n\n\n\n<p>Con este panorama, el \u201cdeal\u201d que Trump exige parece condenado a quedarse en consigna. La Habana seguir\u00e1 reclamando el fin del embargo como condici\u00f3n previa, mientras ofrece, en el mejor de los casos, concesiones limitadas y reversibles. Un intercambio que implique elecciones libres, apertura democr\u00e1tica y renuncia al control pol\u00edtico, sencillamente, no est\u00e1 sobre la mesa.<\/p>\n","protected":false},"excerpt":{"rendered":"<p>El gobierno cubano responde al ultim\u00e1tum de Trump con soberan\u00eda y resistencia: pedir\u00e1 el fin del embargo y evitar\u00e1 concesiones democr\u00e1ticas reales.<\/p>\n","protected":false},"author":13,"featured_media":123705,"comment_status":"open","ping_status":"closed","sticky":false,"template":"","format":"standard","meta":{"_acf_changed":false,"footnotes":""},"categories":[18,955],"tags":[11,700,1027,1491,602,1324,11373,4747,1030],"class_list":{"0":"post-231574","1":"post","2":"type-post","3":"status-publish","4":"format-standard","5":"has-post-thumbnail","7":"category-noticias","8":"category-noticias-de-cuba","9":"tag-cuba","10":"tag-donald-trump","11":"tag-elecciones","12":"tag-embargo","13":"tag-estados-unidos","14":"tag-miguel-diaz-canel","15":"tag-presos-politicos","16":"tag-represion","17":"tag-venezuela"},"acf":[],"yoast_head":"<!-- This site is optimized with the Yoast SEO plugin v27.5 - https:\/\/yoast.com\/product\/yoast-seo-wordpress\/ -->\n<title>No habr\u00e1 \u201cdeal\u201d: La Habana exigir\u00e1 el fin del embargo sin dar nada a cambio - Cuballama Noticias<\/title>\n<meta name=\"description\" content=\"La Habana rechaza ultim\u00e1tum de Trump y exigir\u00e1 levantar el embargo sin aceptar elecciones libres ni reformas pol\u00edticas.\" \/>\n<meta name=\"robots\" content=\"index, follow, max-snippet:-1, max-image-preview:large, max-video-preview:-1\" \/>\n<link rel=\"canonical\" href=\"https:\/\/www.cuballama.com\/noticias\/no-habra-deal-la-habana-exigira-el-fin-del-embargo-sin-dar-nada-a-cambio\/\" \/>\n<meta property=\"og:locale\" content=\"es_ES\" \/>\n<meta property=\"og:type\" content=\"article\" \/>\n<meta property=\"og:title\" content=\"No habr\u00e1 \u201cdeal\u201d: La Habana exigir\u00e1 el fin del embargo sin dar nada a cambio - Cuballama Noticias\" \/>\n<meta property=\"og:description\" content=\"La Habana rechaza ultim\u00e1tum de Trump y exigir\u00e1 levantar el embargo sin aceptar elecciones libres ni reformas pol\u00edticas.\" \/>\n<meta property=\"og:url\" content=\"https:\/\/www.cuballama.com\/noticias\/no-habra-deal-la-habana-exigira-el-fin-del-embargo-sin-dar-nada-a-cambio\/\" \/>\n<meta property=\"og:site_name\" content=\"Cuballama Noticias\" \/>\n<meta property=\"article:publisher\" content=\"https:\/\/www.facebook.com\/CubaLlama\" \/>\n<meta property=\"article:published_time\" content=\"2026-01-13T20:46:58+00:00\" \/>\n<meta property=\"article:modified_time\" content=\"2026-01-13T20:47:01+00:00\" \/>\n<meta property=\"og:image\" content=\"https:\/\/cdn1.mediawpaccore.net\/wp-content\/uploads\/2023\/05\/25070130\/MG_2827.jpg\" \/>\n\t<meta property=\"og:image:width\" content=\"1000\" \/>\n\t<meta property=\"og:image:height\" content=\"667\" \/>\n\t<meta property=\"og:image:type\" content=\"image\/jpeg\" \/>\n<meta name=\"author\" content=\"Roberto A.\" \/>\n<meta name=\"twitter:card\" content=\"summary_large_image\" \/>\n<meta name=\"twitter:creator\" content=\"@cuballama\" \/>\n<meta name=\"twitter:site\" content=\"@cuballama\" \/>\n<meta name=\"twitter:label1\" content=\"Escrito por\" \/>\n\t<meta name=\"twitter:data1\" content=\"Roberto A.\" \/>\n\t<meta name=\"twitter:label2\" content=\"Tiempo de lectura\" \/>\n\t<meta name=\"twitter:data2\" content=\"4 minutos\" \/>\n<script type=\"application\/ld+json\" class=\"yoast-schema-graph\">{\"@context\":\"https:\\\/\\\/schema.org\",\"@graph\":[{\"@type\":\"Article\",\"@id\":\"https:\\\/\\\/www.cuballama.com\\\/noticias\\\/no-habra-deal-la-habana-exigira-el-fin-del-embargo-sin-dar-nada-a-cambio\\\/#article\",\"isPartOf\":{\"@id\":\"https:\\\/\\\/www.cuballama.com\\\/noticias\\\/no-habra-deal-la-habana-exigira-el-fin-del-embargo-sin-dar-nada-a-cambio\\\/\"},\"author\":{\"name\":\"Roberto A.\",\"@id\":\"https:\\\/\\\/www.cuballama.com\\\/noticias\\\/#\\\/schema\\\/person\\\/a58502ed4146c8e9f83872e897c76cd2\"},\"headline\":\"No habr\u00e1 \u201cdeal\u201d: La Habana exigir\u00e1 el fin del embargo sin dar nada a cambio\",\"datePublished\":\"2026-01-13T20:46:58+00:00\",\"dateModified\":\"2026-01-13T20:47:01+00:00\",\"mainEntityOfPage\":{\"@id\":\"https:\\\/\\\/www.cuballama.com\\\/noticias\\\/no-habra-deal-la-habana-exigira-el-fin-del-embargo-sin-dar-nada-a-cambio\\\/\"},\"wordCount\":691,\"commentCount\":0,\"publisher\":{\"@id\":\"https:\\\/\\\/www.cuballama.com\\\/noticias\\\/#organization\"},\"image\":{\"@id\":\"https:\\\/\\\/www.cuballama.com\\\/noticias\\\/no-habra-deal-la-habana-exigira-el-fin-del-embargo-sin-dar-nada-a-cambio\\\/#primaryimage\"},\"thumbnailUrl\":\"https:\\\/\\\/cdn1.mediawpaccore.net\\\/wp-content\\\/uploads\\\/2023\\\/05\\\/25070130\\\/MG_2827.jpg\",\"keywords\":[\"Cuba\",\"Donald Trump\",\"elecciones\",\"Embargo\",\"Estados Unidos\",\"Miguel D\u00edaz-Canel\",\"presos pol\u00edticos\",\"represi\u00f3n\",\"venezuela\"],\"articleSection\":[\"Noticias\",\"Noticias de Cuba\"],\"inLanguage\":\"es\",\"potentialAction\":[{\"@type\":\"CommentAction\",\"name\":\"Comment\",\"target\":[\"https:\\\/\\\/www.cuballama.com\\\/noticias\\\/no-habra-deal-la-habana-exigira-el-fin-del-embargo-sin-dar-nada-a-cambio\\\/#respond\"]}]},{\"@type\":\"WebPage\",\"@id\":\"https:\\\/\\\/www.cuballama.com\\\/noticias\\\/no-habra-deal-la-habana-exigira-el-fin-del-embargo-sin-dar-nada-a-cambio\\\/\",\"url\":\"https:\\\/\\\/www.cuballama.com\\\/noticias\\\/no-habra-deal-la-habana-exigira-el-fin-del-embargo-sin-dar-nada-a-cambio\\\/\",\"name\":\"No habr\u00e1 \u201cdeal\u201d: La Habana exigir\u00e1 el fin del embargo sin dar nada a cambio - Cuballama Noticias\",\"isPartOf\":{\"@id\":\"https:\\\/\\\/www.cuballama.com\\\/noticias\\\/#website\"},\"primaryImageOfPage\":{\"@id\":\"https:\\\/\\\/www.cuballama.com\\\/noticias\\\/no-habra-deal-la-habana-exigira-el-fin-del-embargo-sin-dar-nada-a-cambio\\\/#primaryimage\"},\"image\":{\"@id\":\"https:\\\/\\\/www.cuballama.com\\\/noticias\\\/no-habra-deal-la-habana-exigira-el-fin-del-embargo-sin-dar-nada-a-cambio\\\/#primaryimage\"},\"thumbnailUrl\":\"https:\\\/\\\/cdn1.mediawpaccore.net\\\/wp-content\\\/uploads\\\/2023\\\/05\\\/25070130\\\/MG_2827.jpg\",\"datePublished\":\"2026-01-13T20:46:58+00:00\",\"dateModified\":\"2026-01-13T20:47:01+00:00\",\"description\":\"La Habana rechaza ultim\u00e1tum de Trump y exigir\u00e1 levantar el embargo sin aceptar elecciones libres ni reformas pol\u00edticas.\",\"breadcrumb\":{\"@id\":\"https:\\\/\\\/www.cuballama.com\\\/noticias\\\/no-habra-deal-la-habana-exigira-el-fin-del-embargo-sin-dar-nada-a-cambio\\\/#breadcrumb\"},\"inLanguage\":\"es\",\"potentialAction\":[{\"@type\":\"ReadAction\",\"target\":[\"https:\\\/\\\/www.cuballama.com\\\/noticias\\\/no-habra-deal-la-habana-exigira-el-fin-del-embargo-sin-dar-nada-a-cambio\\\/\"]}]},{\"@type\":\"ImageObject\",\"inLanguage\":\"es\",\"@id\":\"https:\\\/\\\/www.cuballama.com\\\/noticias\\\/no-habra-deal-la-habana-exigira-el-fin-del-embargo-sin-dar-nada-a-cambio\\\/#primaryimage\",\"url\":\"https:\\\/\\\/cdn1.mediawpaccore.net\\\/wp-content\\\/uploads\\\/2023\\\/05\\\/25070130\\\/MG_2827.jpg\",\"contentUrl\":\"https:\\\/\\\/cdn1.mediawpaccore.net\\\/wp-content\\\/uploads\\\/2023\\\/05\\\/25070130\\\/MG_2827.jpg\",\"width\":1000,\"height\":667,\"caption\":\"Foto: Enrique Gonz\u00e1lez (Enro)\\\/ Cubadebate.\"},{\"@type\":\"BreadcrumbList\",\"@id\":\"https:\\\/\\\/www.cuballama.com\\\/noticias\\\/no-habra-deal-la-habana-exigira-el-fin-del-embargo-sin-dar-nada-a-cambio\\\/#breadcrumb\",\"itemListElement\":[{\"@type\":\"ListItem\",\"position\":1,\"name\":\"Home\",\"item\":\"https:\\\/\\\/www.cuballama.com\\\/noticias\\\/\"},{\"@type\":\"ListItem\",\"position\":2,\"name\":\"No habr\u00e1 \u201cdeal\u201d: La Habana exigir\u00e1 el fin del embargo sin dar nada a cambio\"}]},{\"@type\":\"WebSite\",\"@id\":\"https:\\\/\\\/www.cuballama.com\\\/noticias\\\/#website\",\"url\":\"https:\\\/\\\/www.cuballama.com\\\/noticias\\\/\",\"name\":\"Cuballama Noticias\",\"description\":\"Medio digital sobre Cuba y el mundo\",\"publisher\":{\"@id\":\"https:\\\/\\\/www.cuballama.com\\\/noticias\\\/#organization\"},\"potentialAction\":[{\"@type\":\"SearchAction\",\"target\":{\"@type\":\"EntryPoint\",\"urlTemplate\":\"https:\\\/\\\/www.cuballama.com\\\/noticias\\\/?s={search_term_string}\"},\"query-input\":{\"@type\":\"PropertyValueSpecification\",\"valueRequired\":true,\"valueName\":\"search_term_string\"}}],\"inLanguage\":\"es\"},{\"@type\":\"Organization\",\"@id\":\"https:\\\/\\\/www.cuballama.com\\\/noticias\\\/#organization\",\"name\":\"Cuballama\",\"url\":\"https:\\\/\\\/www.cuballama.com\\\/noticias\\\/\",\"logo\":{\"@type\":\"ImageObject\",\"inLanguage\":\"es\",\"@id\":\"https:\\\/\\\/www.cuballama.com\\\/noticias\\\/#\\\/schema\\\/logo\\\/image\\\/\",\"url\":\"https:\\\/\\\/cdn1.mediawpaccore.net\\\/wp-content\\\/uploads\\\/2021\\\/12\\\/28171206\\\/cbll-logo-color-sm.png\",\"contentUrl\":\"https:\\\/\\\/cdn1.mediawpaccore.net\\\/wp-content\\\/uploads\\\/2021\\\/12\\\/28171206\\\/cbll-logo-color-sm.png\",\"width\":600,\"height\":133,\"caption\":\"Cuballama\"},\"image\":{\"@id\":\"https:\\\/\\\/www.cuballama.com\\\/noticias\\\/#\\\/schema\\\/logo\\\/image\\\/\"},\"sameAs\":[\"https:\\\/\\\/www.facebook.com\\\/CubaLlama\",\"https:\\\/\\\/x.com\\\/cuballama\",\"https:\\\/\\\/www.instagram.com\\\/stories\\\/cuballama_oficial\\\/\",\"https:\\\/\\\/www.youtube.com\\\/channel\\\/UCKkFE-d_axENGZcrc4as0IA\"]},{\"@type\":\"Person\",\"@id\":\"https:\\\/\\\/www.cuballama.com\\\/noticias\\\/#\\\/schema\\\/person\\\/a58502ed4146c8e9f83872e897c76cd2\",\"name\":\"Roberto A.\",\"description\":\"Roberto A. Periodista por decisi\u00f3n propia. Interesado en cualquier tema que me apasione y cada vez m\u00e1s comprometido con la verdad y la objetividad period\u00edstica. Graduado en La Habana hace ya muchos a\u00f1os, luego de una accidentada y polvorienta b\u00fasqueda de informaci\u00f3n sobre un tema in\u00e9dito. La Tesis, por cierto, desapareci\u00f3 de la biblioteca y no se conservan copias de la misma.\",\"url\":\"https:\\\/\\\/www.cuballama.com\\\/noticias\\\/author\\\/roberto\\\/\"}]}<\/script>\n<!-- \/ Yoast SEO plugin. -->","yoast_head_json":{"title":"No habr\u00e1 \u201cdeal\u201d: La Habana exigir\u00e1 el fin del embargo sin dar nada a cambio - Cuballama Noticias","description":"La Habana rechaza ultim\u00e1tum de Trump y exigir\u00e1 levantar el embargo sin aceptar elecciones libres ni reformas pol\u00edticas.","robots":{"index":"index","follow":"follow","max-snippet":"max-snippet:-1","max-image-preview":"max-image-preview:large","max-video-preview":"max-video-preview:-1"},"canonical":"https:\/\/www.cuballama.com\/noticias\/no-habra-deal-la-habana-exigira-el-fin-del-embargo-sin-dar-nada-a-cambio\/","og_locale":"es_ES","og_type":"article","og_title":"No habr\u00e1 \u201cdeal\u201d: La Habana exigir\u00e1 el fin del embargo sin dar nada a cambio - Cuballama Noticias","og_description":"La Habana rechaza ultim\u00e1tum de Trump y exigir\u00e1 levantar el embargo sin aceptar elecciones libres ni reformas pol\u00edticas.","og_url":"https:\/\/www.cuballama.com\/noticias\/no-habra-deal-la-habana-exigira-el-fin-del-embargo-sin-dar-nada-a-cambio\/","og_site_name":"Cuballama Noticias","article_publisher":"https:\/\/www.facebook.com\/CubaLlama","article_published_time":"2026-01-13T20:46:58+00:00","article_modified_time":"2026-01-13T20:47:01+00:00","og_image":[{"width":1000,"height":667,"url":"https:\/\/cdn1.mediawpaccore.net\/wp-content\/uploads\/2023\/05\/25070130\/MG_2827.jpg","type":"image\/jpeg"}],"author":"Roberto A.","twitter_card":"summary_large_image","twitter_creator":"@cuballama","twitter_site":"@cuballama","twitter_misc":{"Escrito por":"Roberto A.","Tiempo de lectura":"4 minutos"},"schema":{"@context":"https:\/\/schema.org","@graph":[{"@type":"Article","@id":"https:\/\/www.cuballama.com\/noticias\/no-habra-deal-la-habana-exigira-el-fin-del-embargo-sin-dar-nada-a-cambio\/#article","isPartOf":{"@id":"https:\/\/www.cuballama.com\/noticias\/no-habra-deal-la-habana-exigira-el-fin-del-embargo-sin-dar-nada-a-cambio\/"},"author":{"name":"Roberto A.","@id":"https:\/\/www.cuballama.com\/noticias\/#\/schema\/person\/a58502ed4146c8e9f83872e897c76cd2"},"headline":"No habr\u00e1 \u201cdeal\u201d: La Habana exigir\u00e1 el fin del embargo sin dar nada a cambio","datePublished":"2026-01-13T20:46:58+00:00","dateModified":"2026-01-13T20:47:01+00:00","mainEntityOfPage":{"@id":"https:\/\/www.cuballama.com\/noticias\/no-habra-deal-la-habana-exigira-el-fin-del-embargo-sin-dar-nada-a-cambio\/"},"wordCount":691,"commentCount":0,"publisher":{"@id":"https:\/\/www.cuballama.com\/noticias\/#organization"},"image":{"@id":"https:\/\/www.cuballama.com\/noticias\/no-habra-deal-la-habana-exigira-el-fin-del-embargo-sin-dar-nada-a-cambio\/#primaryimage"},"thumbnailUrl":"https:\/\/cdn1.mediawpaccore.net\/wp-content\/uploads\/2023\/05\/25070130\/MG_2827.jpg","keywords":["Cuba","Donald Trump","elecciones","Embargo","Estados Unidos","Miguel D\u00edaz-Canel","presos pol\u00edticos","represi\u00f3n","venezuela"],"articleSection":["Noticias","Noticias de Cuba"],"inLanguage":"es","potentialAction":[{"@type":"CommentAction","name":"Comment","target":["https:\/\/www.cuballama.com\/noticias\/no-habra-deal-la-habana-exigira-el-fin-del-embargo-sin-dar-nada-a-cambio\/#respond"]}]},{"@type":"WebPage","@id":"https:\/\/www.cuballama.com\/noticias\/no-habra-deal-la-habana-exigira-el-fin-del-embargo-sin-dar-nada-a-cambio\/","url":"https:\/\/www.cuballama.com\/noticias\/no-habra-deal-la-habana-exigira-el-fin-del-embargo-sin-dar-nada-a-cambio\/","name":"No habr\u00e1 \u201cdeal\u201d: La Habana exigir\u00e1 el fin del embargo sin dar nada a cambio - Cuballama Noticias","isPartOf":{"@id":"https:\/\/www.cuballama.com\/noticias\/#website"},"primaryImageOfPage":{"@id":"https:\/\/www.cuballama.com\/noticias\/no-habra-deal-la-habana-exigira-el-fin-del-embargo-sin-dar-nada-a-cambio\/#primaryimage"},"image":{"@id":"https:\/\/www.cuballama.com\/noticias\/no-habra-deal-la-habana-exigira-el-fin-del-embargo-sin-dar-nada-a-cambio\/#primaryimage"},"thumbnailUrl":"https:\/\/cdn1.mediawpaccore.net\/wp-content\/uploads\/2023\/05\/25070130\/MG_2827.jpg","datePublished":"2026-01-13T20:46:58+00:00","dateModified":"2026-01-13T20:47:01+00:00","description":"La Habana rechaza ultim\u00e1tum de Trump y exigir\u00e1 levantar el embargo sin aceptar elecciones libres ni reformas pol\u00edticas.","breadcrumb":{"@id":"https:\/\/www.cuballama.com\/noticias\/no-habra-deal-la-habana-exigira-el-fin-del-embargo-sin-dar-nada-a-cambio\/#breadcrumb"},"inLanguage":"es","potentialAction":[{"@type":"ReadAction","target":["https:\/\/www.cuballama.com\/noticias\/no-habra-deal-la-habana-exigira-el-fin-del-embargo-sin-dar-nada-a-cambio\/"]}]},{"@type":"ImageObject","inLanguage":"es","@id":"https:\/\/www.cuballama.com\/noticias\/no-habra-deal-la-habana-exigira-el-fin-del-embargo-sin-dar-nada-a-cambio\/#primaryimage","url":"https:\/\/cdn1.mediawpaccore.net\/wp-content\/uploads\/2023\/05\/25070130\/MG_2827.jpg","contentUrl":"https:\/\/cdn1.mediawpaccore.net\/wp-content\/uploads\/2023\/05\/25070130\/MG_2827.jpg","width":1000,"height":667,"caption":"Foto: Enrique Gonz\u00e1lez (Enro)\/ Cubadebate."},{"@type":"BreadcrumbList","@id":"https:\/\/www.cuballama.com\/noticias\/no-habra-deal-la-habana-exigira-el-fin-del-embargo-sin-dar-nada-a-cambio\/#breadcrumb","itemListElement":[{"@type":"ListItem","position":1,"name":"Home","item":"https:\/\/www.cuballama.com\/noticias\/"},{"@type":"ListItem","position":2,"name":"No habr\u00e1 \u201cdeal\u201d: La Habana exigir\u00e1 el fin del embargo sin dar nada a cambio"}]},{"@type":"WebSite","@id":"https:\/\/www.cuballama.com\/noticias\/#website","url":"https:\/\/www.cuballama.com\/noticias\/","name":"Cuballama Noticias","description":"Medio digital sobre Cuba y el mundo","publisher":{"@id":"https:\/\/www.cuballama.com\/noticias\/#organization"},"potentialAction":[{"@type":"SearchAction","target":{"@type":"EntryPoint","urlTemplate":"https:\/\/www.cuballama.com\/noticias\/?s={search_term_string}"},"query-input":{"@type":"PropertyValueSpecification","valueRequired":true,"valueName":"search_term_string"}}],"inLanguage":"es"},{"@type":"Organization","@id":"https:\/\/www.cuballama.com\/noticias\/#organization","name":"Cuballama","url":"https:\/\/www.cuballama.com\/noticias\/","logo":{"@type":"ImageObject","inLanguage":"es","@id":"https:\/\/www.cuballama.com\/noticias\/#\/schema\/logo\/image\/","url":"https:\/\/cdn1.mediawpaccore.net\/wp-content\/uploads\/2021\/12\/28171206\/cbll-logo-color-sm.png","contentUrl":"https:\/\/cdn1.mediawpaccore.net\/wp-content\/uploads\/2021\/12\/28171206\/cbll-logo-color-sm.png","width":600,"height":133,"caption":"Cuballama"},"image":{"@id":"https:\/\/www.cuballama.com\/noticias\/#\/schema\/logo\/image\/"},"sameAs":["https:\/\/www.facebook.com\/CubaLlama","https:\/\/x.com\/cuballama","https:\/\/www.instagram.com\/stories\/cuballama_oficial\/","https:\/\/www.youtube.com\/channel\/UCKkFE-d_axENGZcrc4as0IA"]},{"@type":"Person","@id":"https:\/\/www.cuballama.com\/noticias\/#\/schema\/person\/a58502ed4146c8e9f83872e897c76cd2","name":"Roberto A.","description":"Roberto A. Periodista por decisi\u00f3n propia. Interesado en cualquier tema que me apasione y cada vez m\u00e1s comprometido con la verdad y la objetividad period\u00edstica. Graduado en La Habana hace ya muchos a\u00f1os, luego de una accidentada y polvorienta b\u00fasqueda de informaci\u00f3n sobre un tema in\u00e9dito. La Tesis, por cierto, desapareci\u00f3 de la biblioteca y no se conservan copias de la misma.","url":"https:\/\/www.cuballama.com\/noticias\/author\/roberto\/"}]}},"_links":{"self":[{"href":"https:\/\/www.cuballama.com\/noticias\/wp-json\/wp\/v2\/posts\/231574","targetHints":{"allow":["GET"]}}],"collection":[{"href":"https:\/\/www.cuballama.com\/noticias\/wp-json\/wp\/v2\/posts"}],"about":[{"href":"https:\/\/www.cuballama.com\/noticias\/wp-json\/wp\/v2\/types\/post"}],"author":[{"embeddable":true,"href":"https:\/\/www.cuballama.com\/noticias\/wp-json\/wp\/v2\/users\/13"}],"replies":[{"embeddable":true,"href":"https:\/\/www.cuballama.com\/noticias\/wp-json\/wp\/v2\/comments?post=231574"}],"version-history":[{"count":4,"href":"https:\/\/www.cuballama.com\/noticias\/wp-json\/wp\/v2\/posts\/231574\/revisions"}],"predecessor-version":[{"id":231578,"href":"https:\/\/www.cuballama.com\/noticias\/wp-json\/wp\/v2\/posts\/231574\/revisions\/231578"}],"wp:featuredmedia":[{"embeddable":true,"href":"https:\/\/www.cuballama.com\/noticias\/wp-json\/wp\/v2\/media\/123705"}],"wp:attachment":[{"href":"https:\/\/www.cuballama.com\/noticias\/wp-json\/wp\/v2\/media?parent=231574"}],"wp:term":[{"taxonomy":"category","embeddable":true,"href":"https:\/\/www.cuballama.com\/noticias\/wp-json\/wp\/v2\/categories?post=231574"},{"taxonomy":"post_tag","embeddable":true,"href":"https:\/\/www.cuballama.com\/noticias\/wp-json\/wp\/v2\/tags?post=231574"}],"curies":[{"name":"wp","href":"https:\/\/api.w.org\/{rel}","templated":true}]}}