{"id":231558,"date":"2026-01-11T21:28:58","date_gmt":"2026-01-12T02:28:58","guid":{"rendered":"https:\/\/www.cuballama.com\/noticias\/?p=231558"},"modified":"2026-01-11T22:09:03","modified_gmt":"2026-01-12T03:09:03","slug":"trump-revela-que-esta-hablando-con-cuba","status":"publish","type":"post","link":"https:\/\/www.cuballama.com\/noticias\/trump-revela-que-esta-hablando-con-cuba\/","title":{"rendered":"\u00daltima hora: Trump anuncia que \u201cest\u00e1 hablando con Cuba\u201d"},"content":{"rendered":"\n<p>El presidente estadounidense Donald Trump revel\u00f3 que est\u00e1 hablando con Cuba\u201d y que los resultados de las conversaciones \u201c se sabr\u00e1n muy pronto\u201d.<\/p>\n\n\n\n<p>\u201cEstamos hablando con Cuba, y lo sabr\u00e1n muy pronto\u2026 Uno de los grupos que quiero que se cuide son las personas que vinieron de Cuba y que fueron obligadas a irse, son grandes ciudadanos de los Estados Unidos\u201d, dijo.<\/p>\n\n\n\n<figure class=\"wp-block-embed is-type-rich is-provider-twitter wp-block-embed-twitter\"><div class=\"wp-block-embed__wrapper\">\n<blockquote class=\"twitter-tweet\" data-width=\"550\" data-dnt=\"true\"><p lang=\"es\" dir=\"ltr\">\ud83c\uddfa\ud83c\uddf8\ud83c\udde8\ud83c\uddfa | AHORA \u2014 Donald Trump sobre Cuba:<br><br>\u201cEstamos hablando con Cuba, y lo sabr\u00e1n muy pronto&#8230; Uno de los grupos que quiero que se cuide son las personas que vinieron de Cuba y que fueron obligadas a irse, son grandes ciudadanos de los Estados Unidos&quot;. <a href=\"https:\/\/t.co\/3fSVQGexGr\">pic.twitter.com\/3fSVQGexGr<\/a><\/p>&mdash; Agust\u00edn Antonetti (@agusantonetti) <a href=\"https:\/\/twitter.com\/agusantonetti\/status\/2010535507248435508?ref_src=twsrc%5Etfw\">January 12, 2026<\/a><\/blockquote><script async src=\"https:\/\/platform.twitter.com\/widgets.js\" charset=\"utf-8\"><\/script>\n<\/div><\/figure>\n\n\n\n<p>Las declaraciones del presidente estadounidenses tiene lugar tras asegurar que \u201c no habr\u00e1 m\u00e1s petr\u00f3leo o dinero camino de Cuba. CERO\u00bb.<\/p>\n\n\n\n<p>\u00abCuba ha vivido, durante muchos a\u00f1os, gracias a grandes cantidades de petr\u00f3leo y dinero de Venezuela. A\u00f1adi\u00f3 que Cuba proporcion\u00f3 \u00abservicios de seguridad\u00bb para los \u00faltimos dos dictadores venezolanos, \u00a1PERO NUNCA M\u00c1S! La mayor\u00eda de esos cubanos MURIERON en los ataques estadounidenses de la pasada semana\u00bb, dijo Trump, que ha a\u00f1adido que Venezuela tiene ahora al ej\u00e9rcito de EE.UU. para protegerlos.<\/p>\n\n\n\n<p>\u00abVenezuela ya no necesita protecci\u00f3n frente a los matones y extorsionadores que los mantuvieron como rehenes durante tantos a\u00f1os\u201d, dijo Trump.<\/p>\n\n\n\n<p> Hasta el momento el r\u00e9gimen cubano no se ha pronunciado sobre estas nuevas declaraciones de Trump, quien ha mantenido la mirada en la isla tras la captura de Maduro y su posterior detenci\u00f3n en una c\u00e1rcel de Nueva York.<\/p>\n\n\n\n<p><\/p>\n","protected":false},"excerpt":{"rendered":"<p>\u201cEstamos hablando con Cuba, y lo sabr\u00e1n muy pronto\u2026 Uno de los grupos que quiero que se cuide son las personas que vinieron de Cuba y que fueron obligadas a irse, son grandes ciudadanos de los Estados Unidos\u201d, dijo<\/p>\n","protected":false},"author":24,"featured_media":209488,"comment_status":"open","ping_status":"closed","sticky":false,"template":"","format":"standard","meta":{"_acf_changed":false,"footnotes":""},"categories":[18,955],"tags":[10867,11,92,11050,256,600,11017,7651],"class_list":{"0":"post-231558","1":"post","2":"type-post","3":"status-publish","4":"format-standard","5":"has-post-thumbnail","7":"category-noticias","8":"category-noticias-de-cuba","9":"tag-crisis-en-cuba","10":"tag-cuba","11":"tag-cubanos","12":"tag-cubanos-en-miami","13":"tag-miami","14":"tag-migrantes-cubanos","15":"tag-superdestacado","16":"tag-trump"},"acf":[],"yoast_head":"<!-- This site is optimized with the Yoast SEO plugin v27.4 - https:\/\/yoast.com\/product\/yoast-seo-wordpress\/ -->\n<title>\u00daltima hora: Trump anuncia que \u201cest\u00e1 hablando con Cuba\u201d - Cuballama Noticias<\/title>\n<meta name=\"description\" content=\"Donald Trump revel\u00f3 que est\u00e1 hablando con Cuba\u201d y que los resultados de las conversaciones \u201c se sabr\u00e1n muy pronto\u201d.\" \/>\n<meta name=\"robots\" content=\"index, follow, max-snippet:-1, max-image-preview:large, max-video-preview:-1\" \/>\n<link rel=\"canonical\" href=\"https:\/\/www.cuballama.com\/noticias\/trump-revela-que-esta-hablando-con-cuba\/\" \/>\n<meta property=\"og:locale\" content=\"es_ES\" \/>\n<meta property=\"og:type\" content=\"article\" \/>\n<meta property=\"og:title\" content=\"\u00daltima hora: Trump anuncia que \u201cest\u00e1 hablando con Cuba\u201d - Cuballama Noticias\" \/>\n<meta property=\"og:description\" content=\"Donald Trump revel\u00f3 que est\u00e1 hablando con Cuba\u201d y que los resultados de las conversaciones \u201c se sabr\u00e1n muy pronto\u201d.\" \/>\n<meta property=\"og:url\" content=\"https:\/\/www.cuballama.com\/noticias\/trump-revela-que-esta-hablando-con-cuba\/\" \/>\n<meta property=\"og:site_name\" content=\"Cuballama Noticias\" \/>\n<meta property=\"article:publisher\" content=\"https:\/\/www.facebook.com\/CubaLlama\" \/>\n<meta property=\"article:published_time\" content=\"2026-01-12T02:28:58+00:00\" \/>\n<meta property=\"article:modified_time\" content=\"2026-01-12T03:09:03+00:00\" \/>\n<meta property=\"og:image\" content=\"https:\/\/cdn1.mediawpaccore.net\/wp-content\/uploads\/2025\/06\/04215158\/Captura-de-pantalla_4-6-2025_214750_www.instagram.com_.jpg\" \/>\n\t<meta property=\"og:image:width\" content=\"1200\" \/>\n\t<meta property=\"og:image:height\" content=\"630\" \/>\n\t<meta property=\"og:image:type\" content=\"image\/jpeg\" \/>\n<meta name=\"author\" content=\"Manu\" \/>\n<meta name=\"twitter:card\" content=\"summary_large_image\" \/>\n<meta name=\"twitter:creator\" content=\"@cuballama\" \/>\n<meta name=\"twitter:site\" content=\"@cuballama\" \/>\n<meta name=\"twitter:label1\" content=\"Escrito por\" \/>\n\t<meta name=\"twitter:data1\" content=\"Manu\" \/>\n\t<meta name=\"twitter:label2\" content=\"Tiempo de lectura\" \/>\n\t<meta name=\"twitter:data2\" content=\"2 minutos\" \/>\n<script type=\"application\/ld+json\" class=\"yoast-schema-graph\">{\"@context\":\"https:\\\/\\\/schema.org\",\"@graph\":[{\"@type\":\"Article\",\"@id\":\"https:\\\/\\\/www.cuballama.com\\\/noticias\\\/trump-revela-que-esta-hablando-con-cuba\\\/#article\",\"isPartOf\":{\"@id\":\"https:\\\/\\\/www.cuballama.com\\\/noticias\\\/trump-revela-que-esta-hablando-con-cuba\\\/\"},\"author\":{\"name\":\"Manu\",\"@id\":\"https:\\\/\\\/www.cuballama.com\\\/noticias\\\/#\\\/schema\\\/person\\\/5889f7d070564f8386e7944d14d436cd\"},\"headline\":\"\u00daltima hora: Trump anuncia que \u201cest\u00e1 hablando con Cuba\u201d\",\"datePublished\":\"2026-01-12T02:28:58+00:00\",\"dateModified\":\"2026-01-12T03:09:03+00:00\",\"mainEntityOfPage\":{\"@id\":\"https:\\\/\\\/www.cuballama.com\\\/noticias\\\/trump-revela-que-esta-hablando-con-cuba\\\/\"},\"wordCount\":234,\"commentCount\":0,\"publisher\":{\"@id\":\"https:\\\/\\\/www.cuballama.com\\\/noticias\\\/#organization\"},\"image\":{\"@id\":\"https:\\\/\\\/www.cuballama.com\\\/noticias\\\/trump-revela-que-esta-hablando-con-cuba\\\/#primaryimage\"},\"thumbnailUrl\":\"https:\\\/\\\/cdn1.mediawpaccore.net\\\/wp-content\\\/uploads\\\/2025\\\/06\\\/04215158\\\/Captura-de-pantalla_4-6-2025_214750_www.instagram.com_.jpg\",\"keywords\":[\"Crisis en Cuba\",\"Cuba\",\"cubanos\",\"cubanos en Miami\",\"Miami\",\"Migrantes cubanos\",\"superdestacado\",\"Trump\"],\"articleSection\":[\"Noticias\",\"Noticias de Cuba\"],\"inLanguage\":\"es\",\"potentialAction\":[{\"@type\":\"CommentAction\",\"name\":\"Comment\",\"target\":[\"https:\\\/\\\/www.cuballama.com\\\/noticias\\\/trump-revela-que-esta-hablando-con-cuba\\\/#respond\"]}]},{\"@type\":\"WebPage\",\"@id\":\"https:\\\/\\\/www.cuballama.com\\\/noticias\\\/trump-revela-que-esta-hablando-con-cuba\\\/\",\"url\":\"https:\\\/\\\/www.cuballama.com\\\/noticias\\\/trump-revela-que-esta-hablando-con-cuba\\\/\",\"name\":\"\u00daltima hora: Trump anuncia que \u201cest\u00e1 hablando con Cuba\u201d - Cuballama Noticias\",\"isPartOf\":{\"@id\":\"https:\\\/\\\/www.cuballama.com\\\/noticias\\\/#website\"},\"primaryImageOfPage\":{\"@id\":\"https:\\\/\\\/www.cuballama.com\\\/noticias\\\/trump-revela-que-esta-hablando-con-cuba\\\/#primaryimage\"},\"image\":{\"@id\":\"https:\\\/\\\/www.cuballama.com\\\/noticias\\\/trump-revela-que-esta-hablando-con-cuba\\\/#primaryimage\"},\"thumbnailUrl\":\"https:\\\/\\\/cdn1.mediawpaccore.net\\\/wp-content\\\/uploads\\\/2025\\\/06\\\/04215158\\\/Captura-de-pantalla_4-6-2025_214750_www.instagram.com_.jpg\",\"datePublished\":\"2026-01-12T02:28:58+00:00\",\"dateModified\":\"2026-01-12T03:09:03+00:00\",\"description\":\"Donald Trump revel\u00f3 que est\u00e1 hablando con Cuba\u201d y que los resultados de las conversaciones \u201c se sabr\u00e1n muy pronto\u201d.\",\"breadcrumb\":{\"@id\":\"https:\\\/\\\/www.cuballama.com\\\/noticias\\\/trump-revela-que-esta-hablando-con-cuba\\\/#breadcrumb\"},\"inLanguage\":\"es\",\"potentialAction\":[{\"@type\":\"ReadAction\",\"target\":[\"https:\\\/\\\/www.cuballama.com\\\/noticias\\\/trump-revela-que-esta-hablando-con-cuba\\\/\"]}]},{\"@type\":\"ImageObject\",\"inLanguage\":\"es\",\"@id\":\"https:\\\/\\\/www.cuballama.com\\\/noticias\\\/trump-revela-que-esta-hablando-con-cuba\\\/#primaryimage\",\"url\":\"https:\\\/\\\/cdn1.mediawpaccore.net\\\/wp-content\\\/uploads\\\/2025\\\/06\\\/04215158\\\/Captura-de-pantalla_4-6-2025_214750_www.instagram.com_.jpg\",\"contentUrl\":\"https:\\\/\\\/cdn1.mediawpaccore.net\\\/wp-content\\\/uploads\\\/2025\\\/06\\\/04215158\\\/Captura-de-pantalla_4-6-2025_214750_www.instagram.com_.jpg\",\"width\":1200,\"height\":630,\"caption\":\"Donald Trump. Foto: Instragram\\\/White House.\"},{\"@type\":\"BreadcrumbList\",\"@id\":\"https:\\\/\\\/www.cuballama.com\\\/noticias\\\/trump-revela-que-esta-hablando-con-cuba\\\/#breadcrumb\",\"itemListElement\":[{\"@type\":\"ListItem\",\"position\":1,\"name\":\"Home\",\"item\":\"https:\\\/\\\/www.cuballama.com\\\/noticias\\\/\"},{\"@type\":\"ListItem\",\"position\":2,\"name\":\"\u00daltima hora: Trump anuncia que \u201cest\u00e1 hablando con Cuba\u201d\"}]},{\"@type\":\"WebSite\",\"@id\":\"https:\\\/\\\/www.cuballama.com\\\/noticias\\\/#website\",\"url\":\"https:\\\/\\\/www.cuballama.com\\\/noticias\\\/\",\"name\":\"Cuballama Noticias\",\"description\":\"Medio digital sobre Cuba y el mundo\",\"publisher\":{\"@id\":\"https:\\\/\\\/www.cuballama.com\\\/noticias\\\/#organization\"},\"potentialAction\":[{\"@type\":\"SearchAction\",\"target\":{\"@type\":\"EntryPoint\",\"urlTemplate\":\"https:\\\/\\\/www.cuballama.com\\\/noticias\\\/?s={search_term_string}\"},\"query-input\":{\"@type\":\"PropertyValueSpecification\",\"valueRequired\":true,\"valueName\":\"search_term_string\"}}],\"inLanguage\":\"es\"},{\"@type\":\"Organization\",\"@id\":\"https:\\\/\\\/www.cuballama.com\\\/noticias\\\/#organization\",\"name\":\"Cuballama\",\"url\":\"https:\\\/\\\/www.cuballama.com\\\/noticias\\\/\",\"logo\":{\"@type\":\"ImageObject\",\"inLanguage\":\"es\",\"@id\":\"https:\\\/\\\/www.cuballama.com\\\/noticias\\\/#\\\/schema\\\/logo\\\/image\\\/\",\"url\":\"https:\\\/\\\/cdn1.mediawpaccore.net\\\/wp-content\\\/uploads\\\/2021\\\/12\\\/28171206\\\/cbll-logo-color-sm.png\",\"contentUrl\":\"https:\\\/\\\/cdn1.mediawpaccore.net\\\/wp-content\\\/uploads\\\/2021\\\/12\\\/28171206\\\/cbll-logo-color-sm.png\",\"width\":600,\"height\":133,\"caption\":\"Cuballama\"},\"image\":{\"@id\":\"https:\\\/\\\/www.cuballama.com\\\/noticias\\\/#\\\/schema\\\/logo\\\/image\\\/\"},\"sameAs\":[\"https:\\\/\\\/www.facebook.com\\\/CubaLlama\",\"https:\\\/\\\/x.com\\\/cuballama\",\"https:\\\/\\\/www.instagram.com\\\/stories\\\/cuballama_oficial\\\/\",\"https:\\\/\\\/www.youtube.com\\\/channel\\\/UCKkFE-d_axENGZcrc4as0IA\"]},{\"@type\":\"Person\",\"@id\":\"https:\\\/\\\/www.cuballama.com\\\/noticias\\\/#\\\/schema\\\/person\\\/5889f7d070564f8386e7944d14d436cd\",\"name\":\"Manu\",\"url\":\"https:\\\/\\\/www.cuballama.com\\\/noticias\\\/author\\\/manu\\\/\"}]}<\/script>\n<!-- \/ Yoast SEO plugin. -->","yoast_head_json":{"title":"\u00daltima hora: Trump anuncia que \u201cest\u00e1 hablando con Cuba\u201d - Cuballama Noticias","description":"Donald Trump revel\u00f3 que est\u00e1 hablando con Cuba\u201d y que los resultados de las conversaciones \u201c se sabr\u00e1n muy pronto\u201d.","robots":{"index":"index","follow":"follow","max-snippet":"max-snippet:-1","max-image-preview":"max-image-preview:large","max-video-preview":"max-video-preview:-1"},"canonical":"https:\/\/www.cuballama.com\/noticias\/trump-revela-que-esta-hablando-con-cuba\/","og_locale":"es_ES","og_type":"article","og_title":"\u00daltima hora: Trump anuncia que \u201cest\u00e1 hablando con Cuba\u201d - Cuballama Noticias","og_description":"Donald Trump revel\u00f3 que est\u00e1 hablando con Cuba\u201d y que los resultados de las conversaciones \u201c se sabr\u00e1n muy pronto\u201d.","og_url":"https:\/\/www.cuballama.com\/noticias\/trump-revela-que-esta-hablando-con-cuba\/","og_site_name":"Cuballama Noticias","article_publisher":"https:\/\/www.facebook.com\/CubaLlama","article_published_time":"2026-01-12T02:28:58+00:00","article_modified_time":"2026-01-12T03:09:03+00:00","og_image":[{"width":1200,"height":630,"url":"https:\/\/cdn1.mediawpaccore.net\/wp-content\/uploads\/2025\/06\/04215158\/Captura-de-pantalla_4-6-2025_214750_www.instagram.com_.jpg","type":"image\/jpeg"}],"author":"Manu","twitter_card":"summary_large_image","twitter_creator":"@cuballama","twitter_site":"@cuballama","twitter_misc":{"Escrito por":"Manu","Tiempo de lectura":"2 minutos"},"schema":{"@context":"https:\/\/schema.org","@graph":[{"@type":"Article","@id":"https:\/\/www.cuballama.com\/noticias\/trump-revela-que-esta-hablando-con-cuba\/#article","isPartOf":{"@id":"https:\/\/www.cuballama.com\/noticias\/trump-revela-que-esta-hablando-con-cuba\/"},"author":{"name":"Manu","@id":"https:\/\/www.cuballama.com\/noticias\/#\/schema\/person\/5889f7d070564f8386e7944d14d436cd"},"headline":"\u00daltima hora: Trump anuncia que \u201cest\u00e1 hablando con Cuba\u201d","datePublished":"2026-01-12T02:28:58+00:00","dateModified":"2026-01-12T03:09:03+00:00","mainEntityOfPage":{"@id":"https:\/\/www.cuballama.com\/noticias\/trump-revela-que-esta-hablando-con-cuba\/"},"wordCount":234,"commentCount":0,"publisher":{"@id":"https:\/\/www.cuballama.com\/noticias\/#organization"},"image":{"@id":"https:\/\/www.cuballama.com\/noticias\/trump-revela-que-esta-hablando-con-cuba\/#primaryimage"},"thumbnailUrl":"https:\/\/cdn1.mediawpaccore.net\/wp-content\/uploads\/2025\/06\/04215158\/Captura-de-pantalla_4-6-2025_214750_www.instagram.com_.jpg","keywords":["Crisis en Cuba","Cuba","cubanos","cubanos en Miami","Miami","Migrantes cubanos","superdestacado","Trump"],"articleSection":["Noticias","Noticias de Cuba"],"inLanguage":"es","potentialAction":[{"@type":"CommentAction","name":"Comment","target":["https:\/\/www.cuballama.com\/noticias\/trump-revela-que-esta-hablando-con-cuba\/#respond"]}]},{"@type":"WebPage","@id":"https:\/\/www.cuballama.com\/noticias\/trump-revela-que-esta-hablando-con-cuba\/","url":"https:\/\/www.cuballama.com\/noticias\/trump-revela-que-esta-hablando-con-cuba\/","name":"\u00daltima hora: Trump anuncia que \u201cest\u00e1 hablando con Cuba\u201d - Cuballama Noticias","isPartOf":{"@id":"https:\/\/www.cuballama.com\/noticias\/#website"},"primaryImageOfPage":{"@id":"https:\/\/www.cuballama.com\/noticias\/trump-revela-que-esta-hablando-con-cuba\/#primaryimage"},"image":{"@id":"https:\/\/www.cuballama.com\/noticias\/trump-revela-que-esta-hablando-con-cuba\/#primaryimage"},"thumbnailUrl":"https:\/\/cdn1.mediawpaccore.net\/wp-content\/uploads\/2025\/06\/04215158\/Captura-de-pantalla_4-6-2025_214750_www.instagram.com_.jpg","datePublished":"2026-01-12T02:28:58+00:00","dateModified":"2026-01-12T03:09:03+00:00","description":"Donald Trump revel\u00f3 que est\u00e1 hablando con Cuba\u201d y que los resultados de las conversaciones \u201c se sabr\u00e1n muy pronto\u201d.","breadcrumb":{"@id":"https:\/\/www.cuballama.com\/noticias\/trump-revela-que-esta-hablando-con-cuba\/#breadcrumb"},"inLanguage":"es","potentialAction":[{"@type":"ReadAction","target":["https:\/\/www.cuballama.com\/noticias\/trump-revela-que-esta-hablando-con-cuba\/"]}]},{"@type":"ImageObject","inLanguage":"es","@id":"https:\/\/www.cuballama.com\/noticias\/trump-revela-que-esta-hablando-con-cuba\/#primaryimage","url":"https:\/\/cdn1.mediawpaccore.net\/wp-content\/uploads\/2025\/06\/04215158\/Captura-de-pantalla_4-6-2025_214750_www.instagram.com_.jpg","contentUrl":"https:\/\/cdn1.mediawpaccore.net\/wp-content\/uploads\/2025\/06\/04215158\/Captura-de-pantalla_4-6-2025_214750_www.instagram.com_.jpg","width":1200,"height":630,"caption":"Donald Trump. Foto: Instragram\/White House."},{"@type":"BreadcrumbList","@id":"https:\/\/www.cuballama.com\/noticias\/trump-revela-que-esta-hablando-con-cuba\/#breadcrumb","itemListElement":[{"@type":"ListItem","position":1,"name":"Home","item":"https:\/\/www.cuballama.com\/noticias\/"},{"@type":"ListItem","position":2,"name":"\u00daltima hora: Trump anuncia que \u201cest\u00e1 hablando con Cuba\u201d"}]},{"@type":"WebSite","@id":"https:\/\/www.cuballama.com\/noticias\/#website","url":"https:\/\/www.cuballama.com\/noticias\/","name":"Cuballama Noticias","description":"Medio digital sobre Cuba y el mundo","publisher":{"@id":"https:\/\/www.cuballama.com\/noticias\/#organization"},"potentialAction":[{"@type":"SearchAction","target":{"@type":"EntryPoint","urlTemplate":"https:\/\/www.cuballama.com\/noticias\/?s={search_term_string}"},"query-input":{"@type":"PropertyValueSpecification","valueRequired":true,"valueName":"search_term_string"}}],"inLanguage":"es"},{"@type":"Organization","@id":"https:\/\/www.cuballama.com\/noticias\/#organization","name":"Cuballama","url":"https:\/\/www.cuballama.com\/noticias\/","logo":{"@type":"ImageObject","inLanguage":"es","@id":"https:\/\/www.cuballama.com\/noticias\/#\/schema\/logo\/image\/","url":"https:\/\/cdn1.mediawpaccore.net\/wp-content\/uploads\/2021\/12\/28171206\/cbll-logo-color-sm.png","contentUrl":"https:\/\/cdn1.mediawpaccore.net\/wp-content\/uploads\/2021\/12\/28171206\/cbll-logo-color-sm.png","width":600,"height":133,"caption":"Cuballama"},"image":{"@id":"https:\/\/www.cuballama.com\/noticias\/#\/schema\/logo\/image\/"},"sameAs":["https:\/\/www.facebook.com\/CubaLlama","https:\/\/x.com\/cuballama","https:\/\/www.instagram.com\/stories\/cuballama_oficial\/","https:\/\/www.youtube.com\/channel\/UCKkFE-d_axENGZcrc4as0IA"]},{"@type":"Person","@id":"https:\/\/www.cuballama.com\/noticias\/#\/schema\/person\/5889f7d070564f8386e7944d14d436cd","name":"Manu","url":"https:\/\/www.cuballama.com\/noticias\/author\/manu\/"}]}},"_links":{"self":[{"href":"https:\/\/www.cuballama.com\/noticias\/wp-json\/wp\/v2\/posts\/231558","targetHints":{"allow":["GET"]}}],"collection":[{"href":"https:\/\/www.cuballama.com\/noticias\/wp-json\/wp\/v2\/posts"}],"about":[{"href":"https:\/\/www.cuballama.com\/noticias\/wp-json\/wp\/v2\/types\/post"}],"author":[{"embeddable":true,"href":"https:\/\/www.cuballama.com\/noticias\/wp-json\/wp\/v2\/users\/24"}],"replies":[{"embeddable":true,"href":"https:\/\/www.cuballama.com\/noticias\/wp-json\/wp\/v2\/comments?post=231558"}],"version-history":[{"count":9,"href":"https:\/\/www.cuballama.com\/noticias\/wp-json\/wp\/v2\/posts\/231558\/revisions"}],"predecessor-version":[{"id":231570,"href":"https:\/\/www.cuballama.com\/noticias\/wp-json\/wp\/v2\/posts\/231558\/revisions\/231570"}],"wp:featuredmedia":[{"embeddable":true,"href":"https:\/\/www.cuballama.com\/noticias\/wp-json\/wp\/v2\/media\/209488"}],"wp:attachment":[{"href":"https:\/\/www.cuballama.com\/noticias\/wp-json\/wp\/v2\/media?parent=231558"}],"wp:term":[{"taxonomy":"category","embeddable":true,"href":"https:\/\/www.cuballama.com\/noticias\/wp-json\/wp\/v2\/categories?post=231558"},{"taxonomy":"post_tag","embeddable":true,"href":"https:\/\/www.cuballama.com\/noticias\/wp-json\/wp\/v2\/tags?post=231558"}],"curies":[{"name":"wp","href":"https:\/\/api.w.org\/{rel}","templated":true}]}}