{"id":231517,"date":"2026-01-11T11:00:00","date_gmt":"2026-01-11T16:00:00","guid":{"rendered":"https:\/\/www.cuballama.com\/noticias\/?p=231517"},"modified":"2026-01-11T12:14:21","modified_gmt":"2026-01-11T17:14:21","slug":"trump-respalda-la-idea-de-que-marco-rubio-sea-el-proximo-presidente-de-cuba","status":"publish","type":"post","link":"https:\/\/www.cuballama.com\/noticias\/trump-respalda-la-idea-de-que-marco-rubio-sea-el-proximo-presidente-de-cuba\/","title":{"rendered":"Trump respalda la idea de que Marco Rubio sea el presidente de Cuba"},"content":{"rendered":"\n<p>El presidente de Estados Unidos, Donald Trump, republic\u00f3 este domingo en su red Truth Social un mensaje del usuario Cliff Smith, del 8 de enero, que dec\u00eda: \u201cMarco Rubio ser\u00e1 presidente de Cuba\u201d.<\/p>\n\n\n\n<p>En la ma\u00f1ana de este 11 de enero el mandatario comparti\u00f3 la idea con un simple comentario que ha estado dando mucho de qu\u00e9 hablar: \u201c\u00a1Suena bien para m\u00ed!\u201d.<\/p>\n\n\n\n<p>El post de Trump llega pocas horas antes de que lanzara una fuerte advertencia al gobierno cubano y poco m\u00e1s de una semana despu\u00e9s de que fuerzas estadounidenses capturaran al depuesto presidente de Venezuela, Nicol\u00e1s Maduro, en una operaci\u00f3n nocturna que dej\u00f3 decenas de agentes de seguridad venezolanos y cubanos muertos.<\/p>\n\n\n\n<figure class=\"wp-block-image size-large\"><img loading=\"lazy\" decoding=\"async\" width=\"1024\" height=\"934\" src=\"https:\/\/cdn1.mediawpaccore.net\/wp-content\/uploads\/2026\/01\/11111031\/WhatsApp-Image-2026-01-11-at-11.09.14-1024x934.jpeg\" alt=\"\" class=\"wp-image-231536\" srcset=\"https:\/\/cdn1.mediawpaccore.net\/wp-content\/uploads\/2026\/01\/11111031\/WhatsApp-Image-2026-01-11-at-11.09.14-1024x934.jpeg 1024w, https:\/\/cdn1.mediawpaccore.net\/wp-content\/uploads\/2026\/01\/11111031\/WhatsApp-Image-2026-01-11-at-11.09.14-300x274.jpeg 300w, https:\/\/cdn1.mediawpaccore.net\/wp-content\/uploads\/2026\/01\/11111031\/WhatsApp-Image-2026-01-11-at-11.09.14-768x700.jpeg 768w, https:\/\/cdn1.mediawpaccore.net\/wp-content\/uploads\/2026\/01\/11111031\/WhatsApp-Image-2026-01-11-at-11.09.14-460x420.jpeg 460w, https:\/\/cdn1.mediawpaccore.net\/wp-content\/uploads\/2026\/01\/11111031\/WhatsApp-Image-2026-01-11-at-11.09.14-150x137.jpeg 150w, https:\/\/cdn1.mediawpaccore.net\/wp-content\/uploads\/2026\/01\/11111031\/WhatsApp-Image-2026-01-11-at-11.09.14-696x635.jpeg 696w, https:\/\/cdn1.mediawpaccore.net\/wp-content\/uploads\/2026\/01\/11111031\/WhatsApp-Image-2026-01-11-at-11.09.14-1068x974.jpeg 1068w, https:\/\/cdn1.mediawpaccore.net\/wp-content\/uploads\/2026\/01\/11111031\/WhatsApp-Image-2026-01-11-at-11.09.14.jpeg 1206w\" sizes=\"auto, (max-width: 1024px) 100vw, 1024px\" \/><\/figure>\n\n\n\n<p>Hay que recordar que Rubio, hoy secretario de Estado y asesor de Seguridad Nacional del presidente de Estados Unidos, desempe\u00f1\u00f3 un papel central en la impactante captura de Maduro, un aliado cercano de Cuba desde hace a\u00f1os.&nbsp;<\/p>\n\n\n\n<p>Rubio, de origen cubano, ayudar\u00eda a \u201cadministrar\u201d Venezuela en tanto el pa\u00eds se estabiliza tras la captura de Maduro, seg\u00fan ha dejado claro en varias ocasiones Trump, que no parece bromear con la idea de que podr\u00eda adem\u00e1s llegar a dirigir Cuba.<\/p>\n\n\n\n<p>En sus memorias de 2012, \u201cAn American Son\u201d, Rubio cont\u00f3 que de ni\u00f1o \u201calardeaba de que alg\u00fan d\u00eda liderar\u00eda un ej\u00e9rcito de exiliados para derrocar a Fidel Castro y convertirme en presidente de una Cuba libre\u201d.<\/p>\n\n\n\n<figure class=\"wp-block-image size-large\"><img loading=\"lazy\" decoding=\"async\" width=\"666\" height=\"1024\" src=\"https:\/\/cdn1.mediawpaccore.net\/wp-content\/uploads\/2026\/01\/11111049\/WhatsApp-Image-2026-01-11-at-11.09.14-1-666x1024.jpeg\" alt=\"\" class=\"wp-image-231537\" srcset=\"https:\/\/cdn1.mediawpaccore.net\/wp-content\/uploads\/2026\/01\/11111049\/WhatsApp-Image-2026-01-11-at-11.09.14-1-666x1024.jpeg 666w, https:\/\/cdn1.mediawpaccore.net\/wp-content\/uploads\/2026\/01\/11111049\/WhatsApp-Image-2026-01-11-at-11.09.14-1-195x300.jpeg 195w, https:\/\/cdn1.mediawpaccore.net\/wp-content\/uploads\/2026\/01\/11111049\/WhatsApp-Image-2026-01-11-at-11.09.14-1-768x1180.jpeg 768w, https:\/\/cdn1.mediawpaccore.net\/wp-content\/uploads\/2026\/01\/11111049\/WhatsApp-Image-2026-01-11-at-11.09.14-1-1000x1536.jpeg 1000w, https:\/\/cdn1.mediawpaccore.net\/wp-content\/uploads\/2026\/01\/11111049\/WhatsApp-Image-2026-01-11-at-11.09.14-1-273x420.jpeg 273w, https:\/\/cdn1.mediawpaccore.net\/wp-content\/uploads\/2026\/01\/11111049\/WhatsApp-Image-2026-01-11-at-11.09.14-1-150x230.jpeg 150w, https:\/\/cdn1.mediawpaccore.net\/wp-content\/uploads\/2026\/01\/11111049\/WhatsApp-Image-2026-01-11-at-11.09.14-1-300x461.jpeg 300w, https:\/\/cdn1.mediawpaccore.net\/wp-content\/uploads\/2026\/01\/11111049\/WhatsApp-Image-2026-01-11-at-11.09.14-1-696x1069.jpeg 696w, https:\/\/cdn1.mediawpaccore.net\/wp-content\/uploads\/2026\/01\/11111049\/WhatsApp-Image-2026-01-11-at-11.09.14-1-1068x1641.jpeg 1068w, https:\/\/cdn1.mediawpaccore.net\/wp-content\/uploads\/2026\/01\/11111049\/WhatsApp-Image-2026-01-11-at-11.09.14-1.jpeg 1206w\" sizes=\"auto, (max-width: 666px) 100vw, 666px\" \/><\/figure>\n\n\n\n<p>Un poco m\u00e1s tarde, este mismo domingo, Trump anunci\u00f3 <a href=\"https:\/\/www.cuballama.com\/noticias\/trump-llama-al-gobierno-cubano-a-negociar-antes-que-sea-demasiado-tarde\/\" target=\"_blank\" rel=\"noreferrer noopener\">el fin del suministro de petr\u00f3leo y de dinero de Venezuela hacia Cuba<\/a>, y le dijo al gobierno de Miguel D\u00edaz-Canel que \u201cfirmemente\u201d sugiere que \u201chagan un pacto, antes de que sea muy tarde\u201d.<\/p>\n\n\n\n<p>Trump record\u00f3 que, a cambio de petr\u00f3leo, Cuba enviaba servicios de seguridad a Venezuela, situaci\u00f3n que habr\u00eda funcionado durante los gobiernos de Hugo Ch\u00e1vez y Maduro, algo que ya no ser\u00eda necesario ya que se\u00f1al\u00f3 que \u201cmuchos de esos cubanos est\u00e1n muertos por las acciones de Estados Unidos de la semana pasada\u201d.<\/p>\n\n\n\n<p>\u201cVenezuela ahora tiene a los Estados Unidos de Am\u00e9rica, el ej\u00e9rcito m\u00e1s poderoso del mundo (\u00a1por lejos!), para protegerlos y los protegeremos\u201d, apunt\u00f3.<\/p>\n\n\n\n<figure class=\"wp-block-image size-large\"><img loading=\"lazy\" decoding=\"async\" width=\"1000\" height=\"1024\" src=\"https:\/\/cdn1.mediawpaccore.net\/wp-content\/uploads\/2026\/01\/11111107\/WhatsApp-Image-2026-01-11-at-11.09.14-2-1000x1024.jpeg\" alt=\"\" class=\"wp-image-231538\" srcset=\"https:\/\/cdn1.mediawpaccore.net\/wp-content\/uploads\/2026\/01\/11111107\/WhatsApp-Image-2026-01-11-at-11.09.14-2-1000x1024.jpeg 1000w, https:\/\/cdn1.mediawpaccore.net\/wp-content\/uploads\/2026\/01\/11111107\/WhatsApp-Image-2026-01-11-at-11.09.14-2-293x300.jpeg 293w, https:\/\/cdn1.mediawpaccore.net\/wp-content\/uploads\/2026\/01\/11111107\/WhatsApp-Image-2026-01-11-at-11.09.14-2-768x786.jpeg 768w, https:\/\/cdn1.mediawpaccore.net\/wp-content\/uploads\/2026\/01\/11111107\/WhatsApp-Image-2026-01-11-at-11.09.14-2-410x420.jpeg 410w, https:\/\/cdn1.mediawpaccore.net\/wp-content\/uploads\/2026\/01\/11111107\/WhatsApp-Image-2026-01-11-at-11.09.14-2-150x154.jpeg 150w, https:\/\/cdn1.mediawpaccore.net\/wp-content\/uploads\/2026\/01\/11111107\/WhatsApp-Image-2026-01-11-at-11.09.14-2-300x307.jpeg 300w, https:\/\/cdn1.mediawpaccore.net\/wp-content\/uploads\/2026\/01\/11111107\/WhatsApp-Image-2026-01-11-at-11.09.14-2-696x713.jpeg 696w, https:\/\/cdn1.mediawpaccore.net\/wp-content\/uploads\/2026\/01\/11111107\/WhatsApp-Image-2026-01-11-at-11.09.14-2-1068x1094.jpeg 1068w, https:\/\/cdn1.mediawpaccore.net\/wp-content\/uploads\/2026\/01\/11111107\/WhatsApp-Image-2026-01-11-at-11.09.14-2.jpeg 1206w\" sizes=\"auto, (max-width: 1000px) 100vw, 1000px\" \/><\/figure>\n\n\n\n<p>\u201c\u00a1No habr\u00e1 m\u00e1s petr\u00f3leo ni dinero para Cuba! \u00a1Cero! Les sugiero encarecidamente que lleguen a un acuerdo antes de que sea demasiado tarde\u201d, agreg\u00f3 Trump, que hace pocos d\u00edas subray\u00f3 que Cuba estaba \u201clista para caer\u201d.<\/p>\n\n\n\n<p>\u201cNo s\u00e9 c\u00f3mo pueden aguantar, pero Cuba ahora no tiene ingresos. Obtienen todos sus ingresos de Venezuela, del petr\u00f3leo venezolano y no est\u00e1n recibiendo nada de eso\u201d, se\u00f1al\u00f3 ante la prensa.<\/p>\n\n\n\n<p>Igualmente, el l\u00edder republicano dej\u00f3 claro que no cre\u00eda que necesitar\u00edan realizar ninguna acci\u00f3n en Cuba como lo de Venezuela, porque \u201cva a caer por su cuenta\u201d.<\/p>\n\n\n\n<p><\/p>\n","protected":false},"excerpt":{"rendered":"<p>El presidente de Estados Unidos respondi\u00f3 este domingo qu\u00e9 le parece que Marco Rubio sea el presidente de Cuba.<\/p>\n","protected":false},"author":30,"featured_media":197492,"comment_status":"open","ping_status":"closed","sticky":false,"template":"","format":"standard","meta":{"_acf_changed":false,"footnotes":""},"categories":[18,955],"tags":[941,700,1212,13649],"class_list":{"0":"post-231517","1":"post","2":"type-post","3":"status-publish","4":"format-standard","5":"has-post-thumbnail","7":"category-noticias","8":"category-noticias-de-cuba","9":"tag-destacado","10":"tag-donald-trump","11":"tag-marco-rubio","12":"tag-relaciones-cuba-estados-unidos-2"},"acf":[],"yoast_head":"<!-- This site is optimized with the Yoast SEO plugin v27.5 - https:\/\/yoast.com\/product\/yoast-seo-wordpress\/ -->\n<title>Trump respalda la idea de que Marco Rubio sea el presidente de Cuba - Cuballama Noticias<\/title>\n<meta name=\"description\" content=\"El mandatario de Estados Unidos, Donald Trump, mostr\u00f3 este domingo el respaldo a la idea de que Marco Rubio sea el presidente de Cuba.\" \/>\n<meta name=\"robots\" content=\"index, follow, max-snippet:-1, max-image-preview:large, max-video-preview:-1\" \/>\n<link rel=\"canonical\" href=\"https:\/\/www.cuballama.com\/noticias\/trump-respalda-la-idea-de-que-marco-rubio-sea-el-proximo-presidente-de-cuba\/\" \/>\n<meta property=\"og:locale\" content=\"es_ES\" \/>\n<meta property=\"og:type\" content=\"article\" \/>\n<meta property=\"og:title\" content=\"Trump respalda la idea de que Marco Rubio sea el presidente de Cuba - Cuballama Noticias\" \/>\n<meta property=\"og:description\" content=\"El mandatario de Estados Unidos, Donald Trump, mostr\u00f3 este domingo el respaldo a la idea de que Marco Rubio sea el presidente de Cuba.\" \/>\n<meta property=\"og:url\" content=\"https:\/\/www.cuballama.com\/noticias\/trump-respalda-la-idea-de-que-marco-rubio-sea-el-proximo-presidente-de-cuba\/\" \/>\n<meta property=\"og:site_name\" content=\"Cuballama Noticias\" \/>\n<meta property=\"article:publisher\" content=\"https:\/\/www.facebook.com\/CubaLlama\" \/>\n<meta property=\"article:published_time\" content=\"2026-01-11T16:00:00+00:00\" \/>\n<meta property=\"article:modified_time\" content=\"2026-01-11T17:14:21+00:00\" \/>\n<meta property=\"og:image\" content=\"https:\/\/cdn1.mediawpaccore.net\/wp-content\/uploads\/2025\/01\/01000526\/Gip48ArbkAARpGA1.jpg\" \/>\n\t<meta property=\"og:image:width\" content=\"1200\" \/>\n\t<meta property=\"og:image:height\" content=\"630\" \/>\n\t<meta property=\"og:image:type\" content=\"image\/jpeg\" \/>\n<meta name=\"author\" content=\"Kathy\" \/>\n<meta name=\"twitter:card\" content=\"summary_large_image\" \/>\n<meta name=\"twitter:creator\" content=\"@cuballama\" \/>\n<meta name=\"twitter:site\" content=\"@cuballama\" \/>\n<meta name=\"twitter:label1\" content=\"Escrito por\" \/>\n\t<meta name=\"twitter:data1\" content=\"Kathy\" \/>\n\t<meta name=\"twitter:label2\" content=\"Tiempo de lectura\" \/>\n\t<meta name=\"twitter:data2\" content=\"3 minutos\" \/>\n<script type=\"application\/ld+json\" class=\"yoast-schema-graph\">{\"@context\":\"https:\\\/\\\/schema.org\",\"@graph\":[{\"@type\":\"Article\",\"@id\":\"https:\\\/\\\/www.cuballama.com\\\/noticias\\\/trump-respalda-la-idea-de-que-marco-rubio-sea-el-proximo-presidente-de-cuba\\\/#article\",\"isPartOf\":{\"@id\":\"https:\\\/\\\/www.cuballama.com\\\/noticias\\\/trump-respalda-la-idea-de-que-marco-rubio-sea-el-proximo-presidente-de-cuba\\\/\"},\"author\":{\"name\":\"Kathy\",\"@id\":\"https:\\\/\\\/www.cuballama.com\\\/noticias\\\/#\\\/schema\\\/person\\\/86cd3e3f4974437f031211213bf892d5\"},\"headline\":\"Trump respalda la idea de que Marco Rubio sea el presidente de Cuba\",\"datePublished\":\"2026-01-11T16:00:00+00:00\",\"dateModified\":\"2026-01-11T17:14:21+00:00\",\"mainEntityOfPage\":{\"@id\":\"https:\\\/\\\/www.cuballama.com\\\/noticias\\\/trump-respalda-la-idea-de-que-marco-rubio-sea-el-proximo-presidente-de-cuba\\\/\"},\"wordCount\":492,\"commentCount\":0,\"publisher\":{\"@id\":\"https:\\\/\\\/www.cuballama.com\\\/noticias\\\/#organization\"},\"image\":{\"@id\":\"https:\\\/\\\/www.cuballama.com\\\/noticias\\\/trump-respalda-la-idea-de-que-marco-rubio-sea-el-proximo-presidente-de-cuba\\\/#primaryimage\"},\"thumbnailUrl\":\"https:\\\/\\\/cdn1.mediawpaccore.net\\\/wp-content\\\/uploads\\\/2025\\\/01\\\/01000526\\\/Gip48ArbkAARpGA1.jpg\",\"keywords\":[\"destacado\",\"Donald Trump\",\"Marco Rubio\",\"relaciones Cuba- Estados Unidos\"],\"articleSection\":[\"Noticias\",\"Noticias de Cuba\"],\"inLanguage\":\"es\",\"potentialAction\":[{\"@type\":\"CommentAction\",\"name\":\"Comment\",\"target\":[\"https:\\\/\\\/www.cuballama.com\\\/noticias\\\/trump-respalda-la-idea-de-que-marco-rubio-sea-el-proximo-presidente-de-cuba\\\/#respond\"]}]},{\"@type\":\"WebPage\",\"@id\":\"https:\\\/\\\/www.cuballama.com\\\/noticias\\\/trump-respalda-la-idea-de-que-marco-rubio-sea-el-proximo-presidente-de-cuba\\\/\",\"url\":\"https:\\\/\\\/www.cuballama.com\\\/noticias\\\/trump-respalda-la-idea-de-que-marco-rubio-sea-el-proximo-presidente-de-cuba\\\/\",\"name\":\"Trump respalda la idea de que Marco Rubio sea el presidente de Cuba - Cuballama Noticias\",\"isPartOf\":{\"@id\":\"https:\\\/\\\/www.cuballama.com\\\/noticias\\\/#website\"},\"primaryImageOfPage\":{\"@id\":\"https:\\\/\\\/www.cuballama.com\\\/noticias\\\/trump-respalda-la-idea-de-que-marco-rubio-sea-el-proximo-presidente-de-cuba\\\/#primaryimage\"},\"image\":{\"@id\":\"https:\\\/\\\/www.cuballama.com\\\/noticias\\\/trump-respalda-la-idea-de-que-marco-rubio-sea-el-proximo-presidente-de-cuba\\\/#primaryimage\"},\"thumbnailUrl\":\"https:\\\/\\\/cdn1.mediawpaccore.net\\\/wp-content\\\/uploads\\\/2025\\\/01\\\/01000526\\\/Gip48ArbkAARpGA1.jpg\",\"datePublished\":\"2026-01-11T16:00:00+00:00\",\"dateModified\":\"2026-01-11T17:14:21+00:00\",\"description\":\"El mandatario de Estados Unidos, Donald Trump, mostr\u00f3 este domingo el respaldo a la idea de que Marco Rubio sea el presidente de Cuba.\",\"breadcrumb\":{\"@id\":\"https:\\\/\\\/www.cuballama.com\\\/noticias\\\/trump-respalda-la-idea-de-que-marco-rubio-sea-el-proximo-presidente-de-cuba\\\/#breadcrumb\"},\"inLanguage\":\"es\",\"potentialAction\":[{\"@type\":\"ReadAction\",\"target\":[\"https:\\\/\\\/www.cuballama.com\\\/noticias\\\/trump-respalda-la-idea-de-que-marco-rubio-sea-el-proximo-presidente-de-cuba\\\/\"]}]},{\"@type\":\"ImageObject\",\"inLanguage\":\"es\",\"@id\":\"https:\\\/\\\/www.cuballama.com\\\/noticias\\\/trump-respalda-la-idea-de-que-marco-rubio-sea-el-proximo-presidente-de-cuba\\\/#primaryimage\",\"url\":\"https:\\\/\\\/cdn1.mediawpaccore.net\\\/wp-content\\\/uploads\\\/2025\\\/01\\\/01000526\\\/Gip48ArbkAARpGA1.jpg\",\"contentUrl\":\"https:\\\/\\\/cdn1.mediawpaccore.net\\\/wp-content\\\/uploads\\\/2025\\\/01\\\/01000526\\\/Gip48ArbkAARpGA1.jpg\",\"width\":1200,\"height\":630,\"caption\":\"Secretario de Estado, Marco Rubio. Foto: X\\\/Departamento de Estado.\"},{\"@type\":\"BreadcrumbList\",\"@id\":\"https:\\\/\\\/www.cuballama.com\\\/noticias\\\/trump-respalda-la-idea-de-que-marco-rubio-sea-el-proximo-presidente-de-cuba\\\/#breadcrumb\",\"itemListElement\":[{\"@type\":\"ListItem\",\"position\":1,\"name\":\"Home\",\"item\":\"https:\\\/\\\/www.cuballama.com\\\/noticias\\\/\"},{\"@type\":\"ListItem\",\"position\":2,\"name\":\"Trump respalda la idea de que Marco Rubio sea el presidente de Cuba\"}]},{\"@type\":\"WebSite\",\"@id\":\"https:\\\/\\\/www.cuballama.com\\\/noticias\\\/#website\",\"url\":\"https:\\\/\\\/www.cuballama.com\\\/noticias\\\/\",\"name\":\"Cuballama Noticias\",\"description\":\"Medio digital sobre Cuba y el mundo\",\"publisher\":{\"@id\":\"https:\\\/\\\/www.cuballama.com\\\/noticias\\\/#organization\"},\"potentialAction\":[{\"@type\":\"SearchAction\",\"target\":{\"@type\":\"EntryPoint\",\"urlTemplate\":\"https:\\\/\\\/www.cuballama.com\\\/noticias\\\/?s={search_term_string}\"},\"query-input\":{\"@type\":\"PropertyValueSpecification\",\"valueRequired\":true,\"valueName\":\"search_term_string\"}}],\"inLanguage\":\"es\"},{\"@type\":\"Organization\",\"@id\":\"https:\\\/\\\/www.cuballama.com\\\/noticias\\\/#organization\",\"name\":\"Cuballama\",\"url\":\"https:\\\/\\\/www.cuballama.com\\\/noticias\\\/\",\"logo\":{\"@type\":\"ImageObject\",\"inLanguage\":\"es\",\"@id\":\"https:\\\/\\\/www.cuballama.com\\\/noticias\\\/#\\\/schema\\\/logo\\\/image\\\/\",\"url\":\"https:\\\/\\\/cdn1.mediawpaccore.net\\\/wp-content\\\/uploads\\\/2021\\\/12\\\/28171206\\\/cbll-logo-color-sm.png\",\"contentUrl\":\"https:\\\/\\\/cdn1.mediawpaccore.net\\\/wp-content\\\/uploads\\\/2021\\\/12\\\/28171206\\\/cbll-logo-color-sm.png\",\"width\":600,\"height\":133,\"caption\":\"Cuballama\"},\"image\":{\"@id\":\"https:\\\/\\\/www.cuballama.com\\\/noticias\\\/#\\\/schema\\\/logo\\\/image\\\/\"},\"sameAs\":[\"https:\\\/\\\/www.facebook.com\\\/CubaLlama\",\"https:\\\/\\\/x.com\\\/cuballama\",\"https:\\\/\\\/www.instagram.com\\\/stories\\\/cuballama_oficial\\\/\",\"https:\\\/\\\/www.youtube.com\\\/channel\\\/UCKkFE-d_axENGZcrc4as0IA\"]},{\"@type\":\"Person\",\"@id\":\"https:\\\/\\\/www.cuballama.com\\\/noticias\\\/#\\\/schema\\\/person\\\/86cd3e3f4974437f031211213bf892d5\",\"name\":\"Kathy\",\"url\":\"https:\\\/\\\/www.cuballama.com\\\/noticias\\\/author\\\/kathy\\\/\"}]}<\/script>\n<!-- \/ Yoast SEO plugin. -->","yoast_head_json":{"title":"Trump respalda la idea de que Marco Rubio sea el presidente de Cuba - Cuballama Noticias","description":"El mandatario de Estados Unidos, Donald Trump, mostr\u00f3 este domingo el respaldo a la idea de que Marco Rubio sea el presidente de Cuba.","robots":{"index":"index","follow":"follow","max-snippet":"max-snippet:-1","max-image-preview":"max-image-preview:large","max-video-preview":"max-video-preview:-1"},"canonical":"https:\/\/www.cuballama.com\/noticias\/trump-respalda-la-idea-de-que-marco-rubio-sea-el-proximo-presidente-de-cuba\/","og_locale":"es_ES","og_type":"article","og_title":"Trump respalda la idea de que Marco Rubio sea el presidente de Cuba - Cuballama Noticias","og_description":"El mandatario de Estados Unidos, Donald Trump, mostr\u00f3 este domingo el respaldo a la idea de que Marco Rubio sea el presidente de Cuba.","og_url":"https:\/\/www.cuballama.com\/noticias\/trump-respalda-la-idea-de-que-marco-rubio-sea-el-proximo-presidente-de-cuba\/","og_site_name":"Cuballama Noticias","article_publisher":"https:\/\/www.facebook.com\/CubaLlama","article_published_time":"2026-01-11T16:00:00+00:00","article_modified_time":"2026-01-11T17:14:21+00:00","og_image":[{"width":1200,"height":630,"url":"https:\/\/cdn1.mediawpaccore.net\/wp-content\/uploads\/2025\/01\/01000526\/Gip48ArbkAARpGA1.jpg","type":"image\/jpeg"}],"author":"Kathy","twitter_card":"summary_large_image","twitter_creator":"@cuballama","twitter_site":"@cuballama","twitter_misc":{"Escrito por":"Kathy","Tiempo de lectura":"3 minutos"},"schema":{"@context":"https:\/\/schema.org","@graph":[{"@type":"Article","@id":"https:\/\/www.cuballama.com\/noticias\/trump-respalda-la-idea-de-que-marco-rubio-sea-el-proximo-presidente-de-cuba\/#article","isPartOf":{"@id":"https:\/\/www.cuballama.com\/noticias\/trump-respalda-la-idea-de-que-marco-rubio-sea-el-proximo-presidente-de-cuba\/"},"author":{"name":"Kathy","@id":"https:\/\/www.cuballama.com\/noticias\/#\/schema\/person\/86cd3e3f4974437f031211213bf892d5"},"headline":"Trump respalda la idea de que Marco Rubio sea el presidente de Cuba","datePublished":"2026-01-11T16:00:00+00:00","dateModified":"2026-01-11T17:14:21+00:00","mainEntityOfPage":{"@id":"https:\/\/www.cuballama.com\/noticias\/trump-respalda-la-idea-de-que-marco-rubio-sea-el-proximo-presidente-de-cuba\/"},"wordCount":492,"commentCount":0,"publisher":{"@id":"https:\/\/www.cuballama.com\/noticias\/#organization"},"image":{"@id":"https:\/\/www.cuballama.com\/noticias\/trump-respalda-la-idea-de-que-marco-rubio-sea-el-proximo-presidente-de-cuba\/#primaryimage"},"thumbnailUrl":"https:\/\/cdn1.mediawpaccore.net\/wp-content\/uploads\/2025\/01\/01000526\/Gip48ArbkAARpGA1.jpg","keywords":["destacado","Donald Trump","Marco Rubio","relaciones Cuba- Estados Unidos"],"articleSection":["Noticias","Noticias de Cuba"],"inLanguage":"es","potentialAction":[{"@type":"CommentAction","name":"Comment","target":["https:\/\/www.cuballama.com\/noticias\/trump-respalda-la-idea-de-que-marco-rubio-sea-el-proximo-presidente-de-cuba\/#respond"]}]},{"@type":"WebPage","@id":"https:\/\/www.cuballama.com\/noticias\/trump-respalda-la-idea-de-que-marco-rubio-sea-el-proximo-presidente-de-cuba\/","url":"https:\/\/www.cuballama.com\/noticias\/trump-respalda-la-idea-de-que-marco-rubio-sea-el-proximo-presidente-de-cuba\/","name":"Trump respalda la idea de que Marco Rubio sea el presidente de Cuba - Cuballama Noticias","isPartOf":{"@id":"https:\/\/www.cuballama.com\/noticias\/#website"},"primaryImageOfPage":{"@id":"https:\/\/www.cuballama.com\/noticias\/trump-respalda-la-idea-de-que-marco-rubio-sea-el-proximo-presidente-de-cuba\/#primaryimage"},"image":{"@id":"https:\/\/www.cuballama.com\/noticias\/trump-respalda-la-idea-de-que-marco-rubio-sea-el-proximo-presidente-de-cuba\/#primaryimage"},"thumbnailUrl":"https:\/\/cdn1.mediawpaccore.net\/wp-content\/uploads\/2025\/01\/01000526\/Gip48ArbkAARpGA1.jpg","datePublished":"2026-01-11T16:00:00+00:00","dateModified":"2026-01-11T17:14:21+00:00","description":"El mandatario de Estados Unidos, Donald Trump, mostr\u00f3 este domingo el respaldo a la idea de que Marco Rubio sea el presidente de Cuba.","breadcrumb":{"@id":"https:\/\/www.cuballama.com\/noticias\/trump-respalda-la-idea-de-que-marco-rubio-sea-el-proximo-presidente-de-cuba\/#breadcrumb"},"inLanguage":"es","potentialAction":[{"@type":"ReadAction","target":["https:\/\/www.cuballama.com\/noticias\/trump-respalda-la-idea-de-que-marco-rubio-sea-el-proximo-presidente-de-cuba\/"]}]},{"@type":"ImageObject","inLanguage":"es","@id":"https:\/\/www.cuballama.com\/noticias\/trump-respalda-la-idea-de-que-marco-rubio-sea-el-proximo-presidente-de-cuba\/#primaryimage","url":"https:\/\/cdn1.mediawpaccore.net\/wp-content\/uploads\/2025\/01\/01000526\/Gip48ArbkAARpGA1.jpg","contentUrl":"https:\/\/cdn1.mediawpaccore.net\/wp-content\/uploads\/2025\/01\/01000526\/Gip48ArbkAARpGA1.jpg","width":1200,"height":630,"caption":"Secretario de Estado, Marco Rubio. Foto: X\/Departamento de Estado."},{"@type":"BreadcrumbList","@id":"https:\/\/www.cuballama.com\/noticias\/trump-respalda-la-idea-de-que-marco-rubio-sea-el-proximo-presidente-de-cuba\/#breadcrumb","itemListElement":[{"@type":"ListItem","position":1,"name":"Home","item":"https:\/\/www.cuballama.com\/noticias\/"},{"@type":"ListItem","position":2,"name":"Trump respalda la idea de que Marco Rubio sea el presidente de Cuba"}]},{"@type":"WebSite","@id":"https:\/\/www.cuballama.com\/noticias\/#website","url":"https:\/\/www.cuballama.com\/noticias\/","name":"Cuballama Noticias","description":"Medio digital sobre Cuba y el mundo","publisher":{"@id":"https:\/\/www.cuballama.com\/noticias\/#organization"},"potentialAction":[{"@type":"SearchAction","target":{"@type":"EntryPoint","urlTemplate":"https:\/\/www.cuballama.com\/noticias\/?s={search_term_string}"},"query-input":{"@type":"PropertyValueSpecification","valueRequired":true,"valueName":"search_term_string"}}],"inLanguage":"es"},{"@type":"Organization","@id":"https:\/\/www.cuballama.com\/noticias\/#organization","name":"Cuballama","url":"https:\/\/www.cuballama.com\/noticias\/","logo":{"@type":"ImageObject","inLanguage":"es","@id":"https:\/\/www.cuballama.com\/noticias\/#\/schema\/logo\/image\/","url":"https:\/\/cdn1.mediawpaccore.net\/wp-content\/uploads\/2021\/12\/28171206\/cbll-logo-color-sm.png","contentUrl":"https:\/\/cdn1.mediawpaccore.net\/wp-content\/uploads\/2021\/12\/28171206\/cbll-logo-color-sm.png","width":600,"height":133,"caption":"Cuballama"},"image":{"@id":"https:\/\/www.cuballama.com\/noticias\/#\/schema\/logo\/image\/"},"sameAs":["https:\/\/www.facebook.com\/CubaLlama","https:\/\/x.com\/cuballama","https:\/\/www.instagram.com\/stories\/cuballama_oficial\/","https:\/\/www.youtube.com\/channel\/UCKkFE-d_axENGZcrc4as0IA"]},{"@type":"Person","@id":"https:\/\/www.cuballama.com\/noticias\/#\/schema\/person\/86cd3e3f4974437f031211213bf892d5","name":"Kathy","url":"https:\/\/www.cuballama.com\/noticias\/author\/kathy\/"}]}},"_links":{"self":[{"href":"https:\/\/www.cuballama.com\/noticias\/wp-json\/wp\/v2\/posts\/231517","targetHints":{"allow":["GET"]}}],"collection":[{"href":"https:\/\/www.cuballama.com\/noticias\/wp-json\/wp\/v2\/posts"}],"about":[{"href":"https:\/\/www.cuballama.com\/noticias\/wp-json\/wp\/v2\/types\/post"}],"author":[{"embeddable":true,"href":"https:\/\/www.cuballama.com\/noticias\/wp-json\/wp\/v2\/users\/30"}],"replies":[{"embeddable":true,"href":"https:\/\/www.cuballama.com\/noticias\/wp-json\/wp\/v2\/comments?post=231517"}],"version-history":[{"count":7,"href":"https:\/\/www.cuballama.com\/noticias\/wp-json\/wp\/v2\/posts\/231517\/revisions"}],"predecessor-version":[{"id":231542,"href":"https:\/\/www.cuballama.com\/noticias\/wp-json\/wp\/v2\/posts\/231517\/revisions\/231542"}],"wp:featuredmedia":[{"embeddable":true,"href":"https:\/\/www.cuballama.com\/noticias\/wp-json\/wp\/v2\/media\/197492"}],"wp:attachment":[{"href":"https:\/\/www.cuballama.com\/noticias\/wp-json\/wp\/v2\/media?parent=231517"}],"wp:term":[{"taxonomy":"category","embeddable":true,"href":"https:\/\/www.cuballama.com\/noticias\/wp-json\/wp\/v2\/categories?post=231517"},{"taxonomy":"post_tag","embeddable":true,"href":"https:\/\/www.cuballama.com\/noticias\/wp-json\/wp\/v2\/tags?post=231517"}],"curies":[{"name":"wp","href":"https:\/\/api.w.org\/{rel}","templated":true}]}}