{"id":231491,"date":"2026-01-09T17:46:16","date_gmt":"2026-01-09T22:46:16","guid":{"rendered":"https:\/\/www.cuballama.com\/noticias\/?p=231491"},"modified":"2026-01-09T17:49:00","modified_gmt":"2026-01-09T22:49:00","slug":"trump-y-marco-rubio-lanzan-nueva-advertencia-a-cuba","status":"publish","type":"post","link":"https:\/\/www.cuballama.com\/noticias\/trump-y-marco-rubio-lanzan-nueva-advertencia-a-cuba\/","title":{"rendered":"Trump y Marco Rubio lanzan nueva advertencia a Cuba"},"content":{"rendered":"\n<p>El secretario de Estado de Estados Unidos, Marco Rubio, lanz\u00f3 este viernes un mensaje directo al gobierno cubano: o emprenden una transformaci\u00f3n profunda que permita la existencia de un pa\u00eds funcional, o ir\u00e1n definitivamente al colapso.<\/p>\n\n\n\n<p>Las declaraciones se produjeron durante una comparecencia conjunta con el presidente Donald Trump, en la que ambos calificaron a la Isla como una naci\u00f3n atrapada en una crisis estructural, agravada por el derrumbe primero de la Uni\u00f3n Sovi\u00e9tica y luego el r\u00e9gimen chavista de Venezuela.<\/p>\n\n\n\n<p>Rubio atribuy\u00f3 la crisis econ\u00f3mica cubana a la incompetencia y  el control pol\u00edtico. A su juicio, el problema es una dirigencia que, dijo, no conoce los principios b\u00e1sicos de una econom\u00eda moderna y ha sacrificado el bienestar de la poblaci\u00f3n en favor de la perpetuaci\u00f3n del poder.<\/p>\n\n\n\n<p>Rubio dijo que el \u201cproblema fundamental\u201d  es que Cuba est\u00e1\u00a0\u201crodeado de gente incompetente\u201d\u00a0que \u201cno saben qu\u00e9 es una econom\u00eda, mucho menos una que funcione\u201d.<\/p>\n\n\n\n<p>El jefe de la diplomacia estadounidense record\u00f3 que el sistema cubano logr\u00f3 sobrevivir durante m\u00e1s de seis d\u00e9cadas, pero subray\u00f3 que ese respaldo ya no existe. Sin esos recursos, afirm\u00f3, el r\u00e9gimen enfrenta una encrucijada hist\u00f3rica.<\/p>\n\n\n\n<p>Seg\u00fan Rubio, insistir en el modelo actual solo acelerar\u00e1 un deterioro mayor, con consecuencias sociales imprevisibles. Rechaz\u00f3, no obstante, que Estados Unidos busque provocar inestabilidad en la Isla, y responsabiliz\u00f3 al propio gobierno cubano de cualquier escenario de ruptura, al negarse \u2014dijo\u2014 a conceder libertades econ\u00f3micas y pol\u00edticas a su ciudadan\u00eda.<\/p>\n\n\n\n<p>Trump, por su parte, reforz\u00f3 el diagn\u00f3stico al calificar la situaci\u00f3n de Cuba como cr\u00edtica y destacar su hist\u00f3rica dependencia de Venezuela para el suministro de petr\u00f3leo y financiamiento. Asegur\u00f3 que ese esquema se ha roto y que La Habana ya no contar\u00e1 con esos recursos, lo que, en su opini\u00f3n, deja al pa\u00eds en una posici\u00f3n de extrema fragilidad. <\/p>\n\n\n\n<p>Durante el intercambio, Rubio destac\u00f3 adem\u00e1s el potencial de la di\u00e1spora cubana en Estados Unidos, a la que describi\u00f3 como un capital humano desaprovechado. Se\u00f1al\u00f3 que miles de cubanos que emigraron sin recursos lograron prosperar y estar\u00edan dispuestos a contribuir a la reconstrucci\u00f3n del pa\u00eds si existieran las condiciones adecuadas.<\/p>\n\n\n\n<p>Trump a\u00f1adi\u00f3 que su administraci\u00f3n explora v\u00edas para respaldar a los cubanos residentes en Estados Unidos que, seg\u00fan afirm\u00f3, han sido v\u00edctimas de d\u00e9cadas de represi\u00f3n y abusos por parte del r\u00e9gimen castrista. Aunque no ofreci\u00f3 detalles concretos, sus palabras fueron tomadas como un gesto pol\u00edtico hacia las comunidades cubanas del exilio.<\/p>\n\n\n\n<p>Las declaraciones se producen en un contexto regional marcado por la intervenci\u00f3n estadounidense en Venezuela y la captura de Nicol\u00e1s Maduro. <\/p>\n\n\n\n<p><\/p>\n","protected":false},"excerpt":{"rendered":"<p>El secretario de Estado de Estados Unidos, Marco Rubio, lanz\u00f3 este viernes un mensaje directo al gobierno cubano: o emprenden una transformaci\u00f3n profunda que permita la existencia de un pa\u00eds funcional, o ir\u00e1n definitivamente al colapso. Las declaraciones se produjeron durante una comparecencia conjunta con el presidente Donald Trump, en la que ambos calificaron a [&hellip;]<\/p>\n","protected":false},"author":24,"featured_media":105950,"comment_status":"open","ping_status":"closed","sticky":false,"template":"","format":"standard","meta":{"_acf_changed":false,"footnotes":""},"categories":[18,955],"tags":[11,92,11050,1212,600,11017,7651],"class_list":{"0":"post-231491","1":"post","2":"type-post","3":"status-publish","4":"format-standard","5":"has-post-thumbnail","7":"category-noticias","8":"category-noticias-de-cuba","9":"tag-cuba","10":"tag-cubanos","11":"tag-cubanos-en-miami","12":"tag-marco-rubio","13":"tag-migrantes-cubanos","14":"tag-superdestacado","15":"tag-trump"},"acf":[],"yoast_head":"<!-- This site is optimized with the Yoast SEO plugin v27.4 - https:\/\/yoast.com\/product\/yoast-seo-wordpress\/ -->\n<title>Trump y Marco Rubio lanzan nueva advertencia a Cuba - Cuballama Noticias<\/title>\n<meta name=\"description\" content=\"Las declaraciones de Marco Rubio se produjeron durante una comparecencia conjunta con el presidente Donald Trump\" \/>\n<meta name=\"robots\" content=\"index, follow, max-snippet:-1, max-image-preview:large, max-video-preview:-1\" \/>\n<link rel=\"canonical\" href=\"https:\/\/www.cuballama.com\/noticias\/trump-y-marco-rubio-lanzan-nueva-advertencia-a-cuba\/\" \/>\n<meta property=\"og:locale\" content=\"es_ES\" \/>\n<meta property=\"og:type\" content=\"article\" \/>\n<meta property=\"og:title\" content=\"Trump y Marco Rubio lanzan nueva advertencia a Cuba - Cuballama Noticias\" \/>\n<meta property=\"og:description\" content=\"Las declaraciones de Marco Rubio se produjeron durante una comparecencia conjunta con el presidente Donald Trump\" \/>\n<meta property=\"og:url\" content=\"https:\/\/www.cuballama.com\/noticias\/trump-y-marco-rubio-lanzan-nueva-advertencia-a-cuba\/\" \/>\n<meta property=\"og:site_name\" content=\"Cuballama Noticias\" \/>\n<meta property=\"article:publisher\" content=\"https:\/\/www.facebook.com\/CubaLlama\" \/>\n<meta property=\"article:published_time\" content=\"2026-01-09T22:46:16+00:00\" \/>\n<meta property=\"article:modified_time\" content=\"2026-01-09T22:49:00+00:00\" \/>\n<meta property=\"og:image\" content=\"https:\/\/cdn1.mediawpaccore.net\/wp-content\/uploads\/2022\/11\/07091325\/Rubio-Trump.jpg\" \/>\n\t<meta property=\"og:image:width\" content=\"2442\" \/>\n\t<meta property=\"og:image:height\" content=\"1380\" \/>\n\t<meta property=\"og:image:type\" content=\"image\/jpeg\" \/>\n<meta name=\"author\" content=\"Manu\" \/>\n<meta name=\"twitter:card\" content=\"summary_large_image\" \/>\n<meta name=\"twitter:creator\" content=\"@cuballama\" \/>\n<meta name=\"twitter:site\" content=\"@cuballama\" \/>\n<meta name=\"twitter:label1\" content=\"Escrito por\" \/>\n\t<meta name=\"twitter:data1\" content=\"Manu\" \/>\n\t<meta name=\"twitter:label2\" content=\"Tiempo de lectura\" \/>\n\t<meta name=\"twitter:data2\" content=\"3 minutos\" \/>\n<script type=\"application\/ld+json\" class=\"yoast-schema-graph\">{\"@context\":\"https:\\\/\\\/schema.org\",\"@graph\":[{\"@type\":\"Article\",\"@id\":\"https:\\\/\\\/www.cuballama.com\\\/noticias\\\/trump-y-marco-rubio-lanzan-nueva-advertencia-a-cuba\\\/#article\",\"isPartOf\":{\"@id\":\"https:\\\/\\\/www.cuballama.com\\\/noticias\\\/trump-y-marco-rubio-lanzan-nueva-advertencia-a-cuba\\\/\"},\"author\":{\"name\":\"Manu\",\"@id\":\"https:\\\/\\\/www.cuballama.com\\\/noticias\\\/#\\\/schema\\\/person\\\/5889f7d070564f8386e7944d14d436cd\"},\"headline\":\"Trump y Marco Rubio lanzan nueva advertencia a Cuba\",\"datePublished\":\"2026-01-09T22:46:16+00:00\",\"dateModified\":\"2026-01-09T22:49:00+00:00\",\"mainEntityOfPage\":{\"@id\":\"https:\\\/\\\/www.cuballama.com\\\/noticias\\\/trump-y-marco-rubio-lanzan-nueva-advertencia-a-cuba\\\/\"},\"wordCount\":480,\"commentCount\":0,\"publisher\":{\"@id\":\"https:\\\/\\\/www.cuballama.com\\\/noticias\\\/#organization\"},\"image\":{\"@id\":\"https:\\\/\\\/www.cuballama.com\\\/noticias\\\/trump-y-marco-rubio-lanzan-nueva-advertencia-a-cuba\\\/#primaryimage\"},\"thumbnailUrl\":\"https:\\\/\\\/cdn1.mediawpaccore.net\\\/wp-content\\\/uploads\\\/2022\\\/11\\\/07091325\\\/Rubio-Trump.jpg\",\"keywords\":[\"Cuba\",\"cubanos\",\"cubanos en Miami\",\"Marco Rubio\",\"Migrantes cubanos\",\"superdestacado\",\"Trump\"],\"articleSection\":[\"Noticias\",\"Noticias de Cuba\"],\"inLanguage\":\"es\",\"potentialAction\":[{\"@type\":\"CommentAction\",\"name\":\"Comment\",\"target\":[\"https:\\\/\\\/www.cuballama.com\\\/noticias\\\/trump-y-marco-rubio-lanzan-nueva-advertencia-a-cuba\\\/#respond\"]}]},{\"@type\":\"WebPage\",\"@id\":\"https:\\\/\\\/www.cuballama.com\\\/noticias\\\/trump-y-marco-rubio-lanzan-nueva-advertencia-a-cuba\\\/\",\"url\":\"https:\\\/\\\/www.cuballama.com\\\/noticias\\\/trump-y-marco-rubio-lanzan-nueva-advertencia-a-cuba\\\/\",\"name\":\"Trump y Marco Rubio lanzan nueva advertencia a Cuba - Cuballama Noticias\",\"isPartOf\":{\"@id\":\"https:\\\/\\\/www.cuballama.com\\\/noticias\\\/#website\"},\"primaryImageOfPage\":{\"@id\":\"https:\\\/\\\/www.cuballama.com\\\/noticias\\\/trump-y-marco-rubio-lanzan-nueva-advertencia-a-cuba\\\/#primaryimage\"},\"image\":{\"@id\":\"https:\\\/\\\/www.cuballama.com\\\/noticias\\\/trump-y-marco-rubio-lanzan-nueva-advertencia-a-cuba\\\/#primaryimage\"},\"thumbnailUrl\":\"https:\\\/\\\/cdn1.mediawpaccore.net\\\/wp-content\\\/uploads\\\/2022\\\/11\\\/07091325\\\/Rubio-Trump.jpg\",\"datePublished\":\"2026-01-09T22:46:16+00:00\",\"dateModified\":\"2026-01-09T22:49:00+00:00\",\"description\":\"Las declaraciones de Marco Rubio se produjeron durante una comparecencia conjunta con el presidente Donald Trump\",\"breadcrumb\":{\"@id\":\"https:\\\/\\\/www.cuballama.com\\\/noticias\\\/trump-y-marco-rubio-lanzan-nueva-advertencia-a-cuba\\\/#breadcrumb\"},\"inLanguage\":\"es\",\"potentialAction\":[{\"@type\":\"ReadAction\",\"target\":[\"https:\\\/\\\/www.cuballama.com\\\/noticias\\\/trump-y-marco-rubio-lanzan-nueva-advertencia-a-cuba\\\/\"]}]},{\"@type\":\"ImageObject\",\"inLanguage\":\"es\",\"@id\":\"https:\\\/\\\/www.cuballama.com\\\/noticias\\\/trump-y-marco-rubio-lanzan-nueva-advertencia-a-cuba\\\/#primaryimage\",\"url\":\"https:\\\/\\\/cdn1.mediawpaccore.net\\\/wp-content\\\/uploads\\\/2022\\\/11\\\/07091325\\\/Rubio-Trump.jpg\",\"contentUrl\":\"https:\\\/\\\/cdn1.mediawpaccore.net\\\/wp-content\\\/uploads\\\/2022\\\/11\\\/07091325\\\/Rubio-Trump.jpg\",\"width\":2442,\"height\":1380,\"caption\":\"Foto: Video Screenshot WPLG Local 10 News\"},{\"@type\":\"BreadcrumbList\",\"@id\":\"https:\\\/\\\/www.cuballama.com\\\/noticias\\\/trump-y-marco-rubio-lanzan-nueva-advertencia-a-cuba\\\/#breadcrumb\",\"itemListElement\":[{\"@type\":\"ListItem\",\"position\":1,\"name\":\"Home\",\"item\":\"https:\\\/\\\/www.cuballama.com\\\/noticias\\\/\"},{\"@type\":\"ListItem\",\"position\":2,\"name\":\"Trump y Marco Rubio lanzan nueva advertencia a Cuba\"}]},{\"@type\":\"WebSite\",\"@id\":\"https:\\\/\\\/www.cuballama.com\\\/noticias\\\/#website\",\"url\":\"https:\\\/\\\/www.cuballama.com\\\/noticias\\\/\",\"name\":\"Cuballama Noticias\",\"description\":\"Medio digital sobre Cuba y el mundo\",\"publisher\":{\"@id\":\"https:\\\/\\\/www.cuballama.com\\\/noticias\\\/#organization\"},\"potentialAction\":[{\"@type\":\"SearchAction\",\"target\":{\"@type\":\"EntryPoint\",\"urlTemplate\":\"https:\\\/\\\/www.cuballama.com\\\/noticias\\\/?s={search_term_string}\"},\"query-input\":{\"@type\":\"PropertyValueSpecification\",\"valueRequired\":true,\"valueName\":\"search_term_string\"}}],\"inLanguage\":\"es\"},{\"@type\":\"Organization\",\"@id\":\"https:\\\/\\\/www.cuballama.com\\\/noticias\\\/#organization\",\"name\":\"Cuballama\",\"url\":\"https:\\\/\\\/www.cuballama.com\\\/noticias\\\/\",\"logo\":{\"@type\":\"ImageObject\",\"inLanguage\":\"es\",\"@id\":\"https:\\\/\\\/www.cuballama.com\\\/noticias\\\/#\\\/schema\\\/logo\\\/image\\\/\",\"url\":\"https:\\\/\\\/cdn1.mediawpaccore.net\\\/wp-content\\\/uploads\\\/2021\\\/12\\\/28171206\\\/cbll-logo-color-sm.png\",\"contentUrl\":\"https:\\\/\\\/cdn1.mediawpaccore.net\\\/wp-content\\\/uploads\\\/2021\\\/12\\\/28171206\\\/cbll-logo-color-sm.png\",\"width\":600,\"height\":133,\"caption\":\"Cuballama\"},\"image\":{\"@id\":\"https:\\\/\\\/www.cuballama.com\\\/noticias\\\/#\\\/schema\\\/logo\\\/image\\\/\"},\"sameAs\":[\"https:\\\/\\\/www.facebook.com\\\/CubaLlama\",\"https:\\\/\\\/x.com\\\/cuballama\",\"https:\\\/\\\/www.instagram.com\\\/stories\\\/cuballama_oficial\\\/\",\"https:\\\/\\\/www.youtube.com\\\/channel\\\/UCKkFE-d_axENGZcrc4as0IA\"]},{\"@type\":\"Person\",\"@id\":\"https:\\\/\\\/www.cuballama.com\\\/noticias\\\/#\\\/schema\\\/person\\\/5889f7d070564f8386e7944d14d436cd\",\"name\":\"Manu\",\"url\":\"https:\\\/\\\/www.cuballama.com\\\/noticias\\\/author\\\/manu\\\/\"}]}<\/script>\n<!-- \/ Yoast SEO plugin. -->","yoast_head_json":{"title":"Trump y Marco Rubio lanzan nueva advertencia a Cuba - Cuballama Noticias","description":"Las declaraciones de Marco Rubio se produjeron durante una comparecencia conjunta con el presidente Donald Trump","robots":{"index":"index","follow":"follow","max-snippet":"max-snippet:-1","max-image-preview":"max-image-preview:large","max-video-preview":"max-video-preview:-1"},"canonical":"https:\/\/www.cuballama.com\/noticias\/trump-y-marco-rubio-lanzan-nueva-advertencia-a-cuba\/","og_locale":"es_ES","og_type":"article","og_title":"Trump y Marco Rubio lanzan nueva advertencia a Cuba - Cuballama Noticias","og_description":"Las declaraciones de Marco Rubio se produjeron durante una comparecencia conjunta con el presidente Donald Trump","og_url":"https:\/\/www.cuballama.com\/noticias\/trump-y-marco-rubio-lanzan-nueva-advertencia-a-cuba\/","og_site_name":"Cuballama Noticias","article_publisher":"https:\/\/www.facebook.com\/CubaLlama","article_published_time":"2026-01-09T22:46:16+00:00","article_modified_time":"2026-01-09T22:49:00+00:00","og_image":[{"width":2442,"height":1380,"url":"https:\/\/cdn1.mediawpaccore.net\/wp-content\/uploads\/2022\/11\/07091325\/Rubio-Trump.jpg","type":"image\/jpeg"}],"author":"Manu","twitter_card":"summary_large_image","twitter_creator":"@cuballama","twitter_site":"@cuballama","twitter_misc":{"Escrito por":"Manu","Tiempo de lectura":"3 minutos"},"schema":{"@context":"https:\/\/schema.org","@graph":[{"@type":"Article","@id":"https:\/\/www.cuballama.com\/noticias\/trump-y-marco-rubio-lanzan-nueva-advertencia-a-cuba\/#article","isPartOf":{"@id":"https:\/\/www.cuballama.com\/noticias\/trump-y-marco-rubio-lanzan-nueva-advertencia-a-cuba\/"},"author":{"name":"Manu","@id":"https:\/\/www.cuballama.com\/noticias\/#\/schema\/person\/5889f7d070564f8386e7944d14d436cd"},"headline":"Trump y Marco Rubio lanzan nueva advertencia a Cuba","datePublished":"2026-01-09T22:46:16+00:00","dateModified":"2026-01-09T22:49:00+00:00","mainEntityOfPage":{"@id":"https:\/\/www.cuballama.com\/noticias\/trump-y-marco-rubio-lanzan-nueva-advertencia-a-cuba\/"},"wordCount":480,"commentCount":0,"publisher":{"@id":"https:\/\/www.cuballama.com\/noticias\/#organization"},"image":{"@id":"https:\/\/www.cuballama.com\/noticias\/trump-y-marco-rubio-lanzan-nueva-advertencia-a-cuba\/#primaryimage"},"thumbnailUrl":"https:\/\/cdn1.mediawpaccore.net\/wp-content\/uploads\/2022\/11\/07091325\/Rubio-Trump.jpg","keywords":["Cuba","cubanos","cubanos en Miami","Marco Rubio","Migrantes cubanos","superdestacado","Trump"],"articleSection":["Noticias","Noticias de Cuba"],"inLanguage":"es","potentialAction":[{"@type":"CommentAction","name":"Comment","target":["https:\/\/www.cuballama.com\/noticias\/trump-y-marco-rubio-lanzan-nueva-advertencia-a-cuba\/#respond"]}]},{"@type":"WebPage","@id":"https:\/\/www.cuballama.com\/noticias\/trump-y-marco-rubio-lanzan-nueva-advertencia-a-cuba\/","url":"https:\/\/www.cuballama.com\/noticias\/trump-y-marco-rubio-lanzan-nueva-advertencia-a-cuba\/","name":"Trump y Marco Rubio lanzan nueva advertencia a Cuba - Cuballama Noticias","isPartOf":{"@id":"https:\/\/www.cuballama.com\/noticias\/#website"},"primaryImageOfPage":{"@id":"https:\/\/www.cuballama.com\/noticias\/trump-y-marco-rubio-lanzan-nueva-advertencia-a-cuba\/#primaryimage"},"image":{"@id":"https:\/\/www.cuballama.com\/noticias\/trump-y-marco-rubio-lanzan-nueva-advertencia-a-cuba\/#primaryimage"},"thumbnailUrl":"https:\/\/cdn1.mediawpaccore.net\/wp-content\/uploads\/2022\/11\/07091325\/Rubio-Trump.jpg","datePublished":"2026-01-09T22:46:16+00:00","dateModified":"2026-01-09T22:49:00+00:00","description":"Las declaraciones de Marco Rubio se produjeron durante una comparecencia conjunta con el presidente Donald Trump","breadcrumb":{"@id":"https:\/\/www.cuballama.com\/noticias\/trump-y-marco-rubio-lanzan-nueva-advertencia-a-cuba\/#breadcrumb"},"inLanguage":"es","potentialAction":[{"@type":"ReadAction","target":["https:\/\/www.cuballama.com\/noticias\/trump-y-marco-rubio-lanzan-nueva-advertencia-a-cuba\/"]}]},{"@type":"ImageObject","inLanguage":"es","@id":"https:\/\/www.cuballama.com\/noticias\/trump-y-marco-rubio-lanzan-nueva-advertencia-a-cuba\/#primaryimage","url":"https:\/\/cdn1.mediawpaccore.net\/wp-content\/uploads\/2022\/11\/07091325\/Rubio-Trump.jpg","contentUrl":"https:\/\/cdn1.mediawpaccore.net\/wp-content\/uploads\/2022\/11\/07091325\/Rubio-Trump.jpg","width":2442,"height":1380,"caption":"Foto: Video Screenshot WPLG Local 10 News"},{"@type":"BreadcrumbList","@id":"https:\/\/www.cuballama.com\/noticias\/trump-y-marco-rubio-lanzan-nueva-advertencia-a-cuba\/#breadcrumb","itemListElement":[{"@type":"ListItem","position":1,"name":"Home","item":"https:\/\/www.cuballama.com\/noticias\/"},{"@type":"ListItem","position":2,"name":"Trump y Marco Rubio lanzan nueva advertencia a Cuba"}]},{"@type":"WebSite","@id":"https:\/\/www.cuballama.com\/noticias\/#website","url":"https:\/\/www.cuballama.com\/noticias\/","name":"Cuballama Noticias","description":"Medio digital sobre Cuba y el mundo","publisher":{"@id":"https:\/\/www.cuballama.com\/noticias\/#organization"},"potentialAction":[{"@type":"SearchAction","target":{"@type":"EntryPoint","urlTemplate":"https:\/\/www.cuballama.com\/noticias\/?s={search_term_string}"},"query-input":{"@type":"PropertyValueSpecification","valueRequired":true,"valueName":"search_term_string"}}],"inLanguage":"es"},{"@type":"Organization","@id":"https:\/\/www.cuballama.com\/noticias\/#organization","name":"Cuballama","url":"https:\/\/www.cuballama.com\/noticias\/","logo":{"@type":"ImageObject","inLanguage":"es","@id":"https:\/\/www.cuballama.com\/noticias\/#\/schema\/logo\/image\/","url":"https:\/\/cdn1.mediawpaccore.net\/wp-content\/uploads\/2021\/12\/28171206\/cbll-logo-color-sm.png","contentUrl":"https:\/\/cdn1.mediawpaccore.net\/wp-content\/uploads\/2021\/12\/28171206\/cbll-logo-color-sm.png","width":600,"height":133,"caption":"Cuballama"},"image":{"@id":"https:\/\/www.cuballama.com\/noticias\/#\/schema\/logo\/image\/"},"sameAs":["https:\/\/www.facebook.com\/CubaLlama","https:\/\/x.com\/cuballama","https:\/\/www.instagram.com\/stories\/cuballama_oficial\/","https:\/\/www.youtube.com\/channel\/UCKkFE-d_axENGZcrc4as0IA"]},{"@type":"Person","@id":"https:\/\/www.cuballama.com\/noticias\/#\/schema\/person\/5889f7d070564f8386e7944d14d436cd","name":"Manu","url":"https:\/\/www.cuballama.com\/noticias\/author\/manu\/"}]}},"_links":{"self":[{"href":"https:\/\/www.cuballama.com\/noticias\/wp-json\/wp\/v2\/posts\/231491","targetHints":{"allow":["GET"]}}],"collection":[{"href":"https:\/\/www.cuballama.com\/noticias\/wp-json\/wp\/v2\/posts"}],"about":[{"href":"https:\/\/www.cuballama.com\/noticias\/wp-json\/wp\/v2\/types\/post"}],"author":[{"embeddable":true,"href":"https:\/\/www.cuballama.com\/noticias\/wp-json\/wp\/v2\/users\/24"}],"replies":[{"embeddable":true,"href":"https:\/\/www.cuballama.com\/noticias\/wp-json\/wp\/v2\/comments?post=231491"}],"version-history":[{"count":2,"href":"https:\/\/www.cuballama.com\/noticias\/wp-json\/wp\/v2\/posts\/231491\/revisions"}],"predecessor-version":[{"id":231493,"href":"https:\/\/www.cuballama.com\/noticias\/wp-json\/wp\/v2\/posts\/231491\/revisions\/231493"}],"wp:featuredmedia":[{"embeddable":true,"href":"https:\/\/www.cuballama.com\/noticias\/wp-json\/wp\/v2\/media\/105950"}],"wp:attachment":[{"href":"https:\/\/www.cuballama.com\/noticias\/wp-json\/wp\/v2\/media?parent=231491"}],"wp:term":[{"taxonomy":"category","embeddable":true,"href":"https:\/\/www.cuballama.com\/noticias\/wp-json\/wp\/v2\/categories?post=231491"},{"taxonomy":"post_tag","embeddable":true,"href":"https:\/\/www.cuballama.com\/noticias\/wp-json\/wp\/v2\/tags?post=231491"}],"curies":[{"name":"wp","href":"https:\/\/api.w.org\/{rel}","templated":true}]}}