{"id":231480,"date":"2026-01-09T16:52:50","date_gmt":"2026-01-09T21:52:50","guid":{"rendered":"https:\/\/www.cuballama.com\/noticias\/?p=231480"},"modified":"2026-01-09T17:57:22","modified_gmt":"2026-01-09T22:57:22","slug":"marco-rubio-y-mike-hammer-conversan-en-eeuu-sobre-la-situacion-en-cuba","status":"publish","type":"post","link":"https:\/\/www.cuballama.com\/noticias\/marco-rubio-y-mike-hammer-conversan-en-eeuu-sobre-la-situacion-en-cuba\/","title":{"rendered":"Marco Rubio y Mike Hammer conversan en La Casa Blanca \u201csobre la situaci\u00f3n en Cuba\u201d"},"content":{"rendered":"\n<p>El secretario de Estado de Estados Unidos, Marco Rubio se reuni\u00f3 en La Casa Blanca con el jefe de la Embajada de EE.UU en Cuba, Mike Hammer, para hablar \u201c sobre la situaci\u00f3n\u201d en la isla.<\/p>\n\n\n\n<p>\u201c Nuestro Jefe de Misi\u00f3n\u2019 Mike Hammer, se reuni\u00f3 hoy con el Secretario de Estado Marco Rubio en su oficina en La Casa Blanca sobre la situaci\u00f3n en Cuba y nuestro firme apoyo al Cubano de a pie\u201d, indic\u00f3 un comunicado en la embajada estadounidense en La Habana.<\/p>\n\n\n\n<p>La misi\u00f3n diplom\u00e1tica de Estados Unidos no ha revelado m\u00e1s detalles del encuentro que ocurre en medio del aumento de las tensiones entre La Habana y Washington tras la captura de Maduro, quien est\u00e1 siendo juzgado por varios delitos en Nueva York.<\/p>\n\n\n\n<p>La reuni\u00f3n ocurre un d\u00eda despu\u00e9s de que el presidente Donald Trump reiterara la gravedad de la situaci\u00f3n en el pa\u00eds.<\/p>\n\n\n\n<p>\u201cCreo que Cuba pende de un hilo. Cuba est\u00e1 en serios problemas\u201d, declar\u00f3 Trump en una entrevista con el programa del comentarista conservador Hugh Hewitt. El mandatario sostuvo que, aunque el r\u00e9gimen cubano ha logrado mantenerse en el poder durante d\u00e9cadas, ahora se encuentra \u201cbastante cerca de caer por voluntad propia\u201d.<\/p>\n\n\n\n<p>\u201cNo creo que pueda hacer m\u00e1s que entrar y destruir el lugar\u201d, a\u00f1adi\u00f3.<\/p>\n\n\n\n<p>Marco Rubio por su lado ha dicho que \u00ablo que hay en Cuba es un desastre\u201d y que \u201c el gobierno cubano es un gran problema\u201d . Creo que est\u00e1n en serios problemas. S\u00ed\u201d, dijo.<\/p>\n\n\n\n<p>Mike Hammer se desempe\u00f1a como Encargado de Negocios  de la Embajada de Estados Unidos en La Habana desde 2024 y ha mantenido una presencia activa en la vida diplom\u00e1tica del pa\u00eds al reunirse con opositores y cubanos de a pie en distintas provincias cubanas y conversar sobre sus inquietudes, problemas y vida cotidiana, lo que le ha valido la cr\u00edtica del gobierno cubano por lo que considera una intromisi\u00f3n en los asuntos internos del pa\u00eds. <br><\/p>\n\n\n\n<p><\/p>\n\n\n\n<p>.<\/p>\n","protected":false},"excerpt":{"rendered":"<p>El secretario de Estado de Estados Unidos, Marco Rubio se reuni\u00f3 en La Casa Blanca con el jefe de la Embajada de EE.UU en Cuba, Mike Hammer, para hablar \u201c sobre la situaci\u00f3n\u201d en la isla. \u201c Nuestro Jefe de Misi\u00f3n\u2019 Mike Hammer, se reuni\u00f3 hoy con el Secretario de Estado Marco Rubio en su [&hellip;]<\/p>\n","protected":false},"author":24,"featured_media":231484,"comment_status":"open","ping_status":"closed","sticky":false,"template":"","format":"standard","meta":{"_acf_changed":false,"footnotes":""},"categories":[18,955],"tags":[10867,11,941,1212,256,23162,7651],"class_list":{"0":"post-231480","1":"post","2":"type-post","3":"status-publish","4":"format-standard","5":"has-post-thumbnail","7":"category-noticias","8":"category-noticias-de-cuba","9":"tag-crisis-en-cuba","10":"tag-cuba","11":"tag-destacado","12":"tag-marco-rubio","13":"tag-miami","14":"tag-mike-hammer","15":"tag-trump"},"acf":[],"yoast_head":"<!-- This site is optimized with the Yoast SEO plugin v27.5 - https:\/\/yoast.com\/product\/yoast-seo-wordpress\/ -->\n<title>Marco Rubio y Mike Hammer conversan en La Casa Blanca \u201csobre la situaci\u00f3n en Cuba\u201d - Cuballama Noticias<\/title>\n<meta name=\"robots\" content=\"index, follow, max-snippet:-1, max-image-preview:large, max-video-preview:-1\" \/>\n<link rel=\"canonical\" href=\"https:\/\/www.cuballama.com\/noticias\/marco-rubio-y-mike-hammer-conversan-en-eeuu-sobre-la-situacion-en-cuba\/\" \/>\n<meta property=\"og:locale\" content=\"es_ES\" \/>\n<meta property=\"og:type\" content=\"article\" \/>\n<meta property=\"og:title\" content=\"Marco Rubio y Mike Hammer conversan en La Casa Blanca \u201csobre la situaci\u00f3n en Cuba\u201d - Cuballama Noticias\" \/>\n<meta property=\"og:description\" content=\"El secretario de Estado de Estados Unidos, Marco Rubio se reuni\u00f3 en La Casa Blanca con el jefe de la Embajada de EE.UU en Cuba, Mike Hammer, para hablar \u201c sobre la situaci\u00f3n\u201d en la isla. \u201c Nuestro Jefe de Misi\u00f3n\u2019 Mike Hammer, se reuni\u00f3 hoy con el Secretario de Estado Marco Rubio en su [&hellip;]\" \/>\n<meta property=\"og:url\" content=\"https:\/\/www.cuballama.com\/noticias\/marco-rubio-y-mike-hammer-conversan-en-eeuu-sobre-la-situacion-en-cuba\/\" \/>\n<meta property=\"og:site_name\" content=\"Cuballama Noticias\" \/>\n<meta property=\"article:publisher\" content=\"https:\/\/www.facebook.com\/CubaLlama\" \/>\n<meta property=\"article:published_time\" content=\"2026-01-09T21:52:50+00:00\" \/>\n<meta property=\"article:modified_time\" content=\"2026-01-09T22:57:22+00:00\" \/>\n<meta property=\"og:image\" content=\"https:\/\/cdn1.mediawpaccore.net\/wp-content\/uploads\/2026\/01\/09164821\/IMG_0875-1.jpeg\" \/>\n\t<meta property=\"og:image:width\" content=\"1600\" \/>\n\t<meta property=\"og:image:height\" content=\"1066\" \/>\n\t<meta property=\"og:image:type\" content=\"image\/jpeg\" \/>\n<meta name=\"author\" content=\"Manu\" \/>\n<meta name=\"twitter:card\" content=\"summary_large_image\" \/>\n<meta name=\"twitter:creator\" content=\"@cuballama\" \/>\n<meta name=\"twitter:site\" content=\"@cuballama\" \/>\n<meta name=\"twitter:label1\" content=\"Escrito por\" \/>\n\t<meta name=\"twitter:data1\" content=\"Manu\" \/>\n\t<meta name=\"twitter:label2\" content=\"Tiempo de lectura\" \/>\n\t<meta name=\"twitter:data2\" content=\"2 minutos\" \/>\n<script type=\"application\/ld+json\" class=\"yoast-schema-graph\">{\"@context\":\"https:\\\/\\\/schema.org\",\"@graph\":[{\"@type\":\"Article\",\"@id\":\"https:\\\/\\\/www.cuballama.com\\\/noticias\\\/marco-rubio-y-mike-hammer-conversan-en-eeuu-sobre-la-situacion-en-cuba\\\/#article\",\"isPartOf\":{\"@id\":\"https:\\\/\\\/www.cuballama.com\\\/noticias\\\/marco-rubio-y-mike-hammer-conversan-en-eeuu-sobre-la-situacion-en-cuba\\\/\"},\"author\":{\"name\":\"Manu\",\"@id\":\"https:\\\/\\\/www.cuballama.com\\\/noticias\\\/#\\\/schema\\\/person\\\/5889f7d070564f8386e7944d14d436cd\"},\"headline\":\"Marco Rubio y Mike Hammer conversan en La Casa Blanca \u201csobre la situaci\u00f3n en Cuba\u201d\",\"datePublished\":\"2026-01-09T21:52:50+00:00\",\"dateModified\":\"2026-01-09T22:57:22+00:00\",\"mainEntityOfPage\":{\"@id\":\"https:\\\/\\\/www.cuballama.com\\\/noticias\\\/marco-rubio-y-mike-hammer-conversan-en-eeuu-sobre-la-situacion-en-cuba\\\/\"},\"wordCount\":355,\"commentCount\":0,\"publisher\":{\"@id\":\"https:\\\/\\\/www.cuballama.com\\\/noticias\\\/#organization\"},\"image\":{\"@id\":\"https:\\\/\\\/www.cuballama.com\\\/noticias\\\/marco-rubio-y-mike-hammer-conversan-en-eeuu-sobre-la-situacion-en-cuba\\\/#primaryimage\"},\"thumbnailUrl\":\"https:\\\/\\\/cdn1.mediawpaccore.net\\\/wp-content\\\/uploads\\\/2026\\\/01\\\/09164821\\\/IMG_0875-1.jpeg\",\"keywords\":[\"Crisis en Cuba\",\"Cuba\",\"destacado\",\"Marco Rubio\",\"Miami\",\"Mike Hammer\",\"Trump\"],\"articleSection\":[\"Noticias\",\"Noticias de Cuba\"],\"inLanguage\":\"es\",\"potentialAction\":[{\"@type\":\"CommentAction\",\"name\":\"Comment\",\"target\":[\"https:\\\/\\\/www.cuballama.com\\\/noticias\\\/marco-rubio-y-mike-hammer-conversan-en-eeuu-sobre-la-situacion-en-cuba\\\/#respond\"]}]},{\"@type\":\"WebPage\",\"@id\":\"https:\\\/\\\/www.cuballama.com\\\/noticias\\\/marco-rubio-y-mike-hammer-conversan-en-eeuu-sobre-la-situacion-en-cuba\\\/\",\"url\":\"https:\\\/\\\/www.cuballama.com\\\/noticias\\\/marco-rubio-y-mike-hammer-conversan-en-eeuu-sobre-la-situacion-en-cuba\\\/\",\"name\":\"Marco Rubio y Mike Hammer conversan en La Casa Blanca \u201csobre la situaci\u00f3n en Cuba\u201d - Cuballama Noticias\",\"isPartOf\":{\"@id\":\"https:\\\/\\\/www.cuballama.com\\\/noticias\\\/#website\"},\"primaryImageOfPage\":{\"@id\":\"https:\\\/\\\/www.cuballama.com\\\/noticias\\\/marco-rubio-y-mike-hammer-conversan-en-eeuu-sobre-la-situacion-en-cuba\\\/#primaryimage\"},\"image\":{\"@id\":\"https:\\\/\\\/www.cuballama.com\\\/noticias\\\/marco-rubio-y-mike-hammer-conversan-en-eeuu-sobre-la-situacion-en-cuba\\\/#primaryimage\"},\"thumbnailUrl\":\"https:\\\/\\\/cdn1.mediawpaccore.net\\\/wp-content\\\/uploads\\\/2026\\\/01\\\/09164821\\\/IMG_0875-1.jpeg\",\"datePublished\":\"2026-01-09T21:52:50+00:00\",\"dateModified\":\"2026-01-09T22:57:22+00:00\",\"breadcrumb\":{\"@id\":\"https:\\\/\\\/www.cuballama.com\\\/noticias\\\/marco-rubio-y-mike-hammer-conversan-en-eeuu-sobre-la-situacion-en-cuba\\\/#breadcrumb\"},\"inLanguage\":\"es\",\"potentialAction\":[{\"@type\":\"ReadAction\",\"target\":[\"https:\\\/\\\/www.cuballama.com\\\/noticias\\\/marco-rubio-y-mike-hammer-conversan-en-eeuu-sobre-la-situacion-en-cuba\\\/\"]}]},{\"@type\":\"ImageObject\",\"inLanguage\":\"es\",\"@id\":\"https:\\\/\\\/www.cuballama.com\\\/noticias\\\/marco-rubio-y-mike-hammer-conversan-en-eeuu-sobre-la-situacion-en-cuba\\\/#primaryimage\",\"url\":\"https:\\\/\\\/cdn1.mediawpaccore.net\\\/wp-content\\\/uploads\\\/2026\\\/01\\\/09164821\\\/IMG_0875-1.jpeg\",\"contentUrl\":\"https:\\\/\\\/cdn1.mediawpaccore.net\\\/wp-content\\\/uploads\\\/2026\\\/01\\\/09164821\\\/IMG_0875-1.jpeg\",\"width\":1600,\"height\":1066},{\"@type\":\"BreadcrumbList\",\"@id\":\"https:\\\/\\\/www.cuballama.com\\\/noticias\\\/marco-rubio-y-mike-hammer-conversan-en-eeuu-sobre-la-situacion-en-cuba\\\/#breadcrumb\",\"itemListElement\":[{\"@type\":\"ListItem\",\"position\":1,\"name\":\"Home\",\"item\":\"https:\\\/\\\/www.cuballama.com\\\/noticias\\\/\"},{\"@type\":\"ListItem\",\"position\":2,\"name\":\"Marco Rubio y Mike Hammer conversan en La Casa Blanca \u201csobre la situaci\u00f3n en Cuba\u201d\"}]},{\"@type\":\"WebSite\",\"@id\":\"https:\\\/\\\/www.cuballama.com\\\/noticias\\\/#website\",\"url\":\"https:\\\/\\\/www.cuballama.com\\\/noticias\\\/\",\"name\":\"Cuballama Noticias\",\"description\":\"Medio digital sobre Cuba y el mundo\",\"publisher\":{\"@id\":\"https:\\\/\\\/www.cuballama.com\\\/noticias\\\/#organization\"},\"potentialAction\":[{\"@type\":\"SearchAction\",\"target\":{\"@type\":\"EntryPoint\",\"urlTemplate\":\"https:\\\/\\\/www.cuballama.com\\\/noticias\\\/?s={search_term_string}\"},\"query-input\":{\"@type\":\"PropertyValueSpecification\",\"valueRequired\":true,\"valueName\":\"search_term_string\"}}],\"inLanguage\":\"es\"},{\"@type\":\"Organization\",\"@id\":\"https:\\\/\\\/www.cuballama.com\\\/noticias\\\/#organization\",\"name\":\"Cuballama\",\"url\":\"https:\\\/\\\/www.cuballama.com\\\/noticias\\\/\",\"logo\":{\"@type\":\"ImageObject\",\"inLanguage\":\"es\",\"@id\":\"https:\\\/\\\/www.cuballama.com\\\/noticias\\\/#\\\/schema\\\/logo\\\/image\\\/\",\"url\":\"https:\\\/\\\/cdn1.mediawpaccore.net\\\/wp-content\\\/uploads\\\/2021\\\/12\\\/28171206\\\/cbll-logo-color-sm.png\",\"contentUrl\":\"https:\\\/\\\/cdn1.mediawpaccore.net\\\/wp-content\\\/uploads\\\/2021\\\/12\\\/28171206\\\/cbll-logo-color-sm.png\",\"width\":600,\"height\":133,\"caption\":\"Cuballama\"},\"image\":{\"@id\":\"https:\\\/\\\/www.cuballama.com\\\/noticias\\\/#\\\/schema\\\/logo\\\/image\\\/\"},\"sameAs\":[\"https:\\\/\\\/www.facebook.com\\\/CubaLlama\",\"https:\\\/\\\/x.com\\\/cuballama\",\"https:\\\/\\\/www.instagram.com\\\/stories\\\/cuballama_oficial\\\/\",\"https:\\\/\\\/www.youtube.com\\\/channel\\\/UCKkFE-d_axENGZcrc4as0IA\"]},{\"@type\":\"Person\",\"@id\":\"https:\\\/\\\/www.cuballama.com\\\/noticias\\\/#\\\/schema\\\/person\\\/5889f7d070564f8386e7944d14d436cd\",\"name\":\"Manu\",\"url\":\"https:\\\/\\\/www.cuballama.com\\\/noticias\\\/author\\\/manu\\\/\"}]}<\/script>\n<!-- \/ Yoast SEO plugin. -->","yoast_head_json":{"title":"Marco Rubio y Mike Hammer conversan en La Casa Blanca \u201csobre la situaci\u00f3n en Cuba\u201d - Cuballama Noticias","robots":{"index":"index","follow":"follow","max-snippet":"max-snippet:-1","max-image-preview":"max-image-preview:large","max-video-preview":"max-video-preview:-1"},"canonical":"https:\/\/www.cuballama.com\/noticias\/marco-rubio-y-mike-hammer-conversan-en-eeuu-sobre-la-situacion-en-cuba\/","og_locale":"es_ES","og_type":"article","og_title":"Marco Rubio y Mike Hammer conversan en La Casa Blanca \u201csobre la situaci\u00f3n en Cuba\u201d - Cuballama Noticias","og_description":"El secretario de Estado de Estados Unidos, Marco Rubio se reuni\u00f3 en La Casa Blanca con el jefe de la Embajada de EE.UU en Cuba, Mike Hammer, para hablar \u201c sobre la situaci\u00f3n\u201d en la isla. \u201c Nuestro Jefe de Misi\u00f3n\u2019 Mike Hammer, se reuni\u00f3 hoy con el Secretario de Estado Marco Rubio en su [&hellip;]","og_url":"https:\/\/www.cuballama.com\/noticias\/marco-rubio-y-mike-hammer-conversan-en-eeuu-sobre-la-situacion-en-cuba\/","og_site_name":"Cuballama Noticias","article_publisher":"https:\/\/www.facebook.com\/CubaLlama","article_published_time":"2026-01-09T21:52:50+00:00","article_modified_time":"2026-01-09T22:57:22+00:00","og_image":[{"width":1600,"height":1066,"url":"https:\/\/cdn1.mediawpaccore.net\/wp-content\/uploads\/2026\/01\/09164821\/IMG_0875-1.jpeg","type":"image\/jpeg"}],"author":"Manu","twitter_card":"summary_large_image","twitter_creator":"@cuballama","twitter_site":"@cuballama","twitter_misc":{"Escrito por":"Manu","Tiempo de lectura":"2 minutos"},"schema":{"@context":"https:\/\/schema.org","@graph":[{"@type":"Article","@id":"https:\/\/www.cuballama.com\/noticias\/marco-rubio-y-mike-hammer-conversan-en-eeuu-sobre-la-situacion-en-cuba\/#article","isPartOf":{"@id":"https:\/\/www.cuballama.com\/noticias\/marco-rubio-y-mike-hammer-conversan-en-eeuu-sobre-la-situacion-en-cuba\/"},"author":{"name":"Manu","@id":"https:\/\/www.cuballama.com\/noticias\/#\/schema\/person\/5889f7d070564f8386e7944d14d436cd"},"headline":"Marco Rubio y Mike Hammer conversan en La Casa Blanca \u201csobre la situaci\u00f3n en Cuba\u201d","datePublished":"2026-01-09T21:52:50+00:00","dateModified":"2026-01-09T22:57:22+00:00","mainEntityOfPage":{"@id":"https:\/\/www.cuballama.com\/noticias\/marco-rubio-y-mike-hammer-conversan-en-eeuu-sobre-la-situacion-en-cuba\/"},"wordCount":355,"commentCount":0,"publisher":{"@id":"https:\/\/www.cuballama.com\/noticias\/#organization"},"image":{"@id":"https:\/\/www.cuballama.com\/noticias\/marco-rubio-y-mike-hammer-conversan-en-eeuu-sobre-la-situacion-en-cuba\/#primaryimage"},"thumbnailUrl":"https:\/\/cdn1.mediawpaccore.net\/wp-content\/uploads\/2026\/01\/09164821\/IMG_0875-1.jpeg","keywords":["Crisis en Cuba","Cuba","destacado","Marco Rubio","Miami","Mike Hammer","Trump"],"articleSection":["Noticias","Noticias de Cuba"],"inLanguage":"es","potentialAction":[{"@type":"CommentAction","name":"Comment","target":["https:\/\/www.cuballama.com\/noticias\/marco-rubio-y-mike-hammer-conversan-en-eeuu-sobre-la-situacion-en-cuba\/#respond"]}]},{"@type":"WebPage","@id":"https:\/\/www.cuballama.com\/noticias\/marco-rubio-y-mike-hammer-conversan-en-eeuu-sobre-la-situacion-en-cuba\/","url":"https:\/\/www.cuballama.com\/noticias\/marco-rubio-y-mike-hammer-conversan-en-eeuu-sobre-la-situacion-en-cuba\/","name":"Marco Rubio y Mike Hammer conversan en La Casa Blanca \u201csobre la situaci\u00f3n en Cuba\u201d - Cuballama Noticias","isPartOf":{"@id":"https:\/\/www.cuballama.com\/noticias\/#website"},"primaryImageOfPage":{"@id":"https:\/\/www.cuballama.com\/noticias\/marco-rubio-y-mike-hammer-conversan-en-eeuu-sobre-la-situacion-en-cuba\/#primaryimage"},"image":{"@id":"https:\/\/www.cuballama.com\/noticias\/marco-rubio-y-mike-hammer-conversan-en-eeuu-sobre-la-situacion-en-cuba\/#primaryimage"},"thumbnailUrl":"https:\/\/cdn1.mediawpaccore.net\/wp-content\/uploads\/2026\/01\/09164821\/IMG_0875-1.jpeg","datePublished":"2026-01-09T21:52:50+00:00","dateModified":"2026-01-09T22:57:22+00:00","breadcrumb":{"@id":"https:\/\/www.cuballama.com\/noticias\/marco-rubio-y-mike-hammer-conversan-en-eeuu-sobre-la-situacion-en-cuba\/#breadcrumb"},"inLanguage":"es","potentialAction":[{"@type":"ReadAction","target":["https:\/\/www.cuballama.com\/noticias\/marco-rubio-y-mike-hammer-conversan-en-eeuu-sobre-la-situacion-en-cuba\/"]}]},{"@type":"ImageObject","inLanguage":"es","@id":"https:\/\/www.cuballama.com\/noticias\/marco-rubio-y-mike-hammer-conversan-en-eeuu-sobre-la-situacion-en-cuba\/#primaryimage","url":"https:\/\/cdn1.mediawpaccore.net\/wp-content\/uploads\/2026\/01\/09164821\/IMG_0875-1.jpeg","contentUrl":"https:\/\/cdn1.mediawpaccore.net\/wp-content\/uploads\/2026\/01\/09164821\/IMG_0875-1.jpeg","width":1600,"height":1066},{"@type":"BreadcrumbList","@id":"https:\/\/www.cuballama.com\/noticias\/marco-rubio-y-mike-hammer-conversan-en-eeuu-sobre-la-situacion-en-cuba\/#breadcrumb","itemListElement":[{"@type":"ListItem","position":1,"name":"Home","item":"https:\/\/www.cuballama.com\/noticias\/"},{"@type":"ListItem","position":2,"name":"Marco Rubio y Mike Hammer conversan en La Casa Blanca \u201csobre la situaci\u00f3n en Cuba\u201d"}]},{"@type":"WebSite","@id":"https:\/\/www.cuballama.com\/noticias\/#website","url":"https:\/\/www.cuballama.com\/noticias\/","name":"Cuballama Noticias","description":"Medio digital sobre Cuba y el mundo","publisher":{"@id":"https:\/\/www.cuballama.com\/noticias\/#organization"},"potentialAction":[{"@type":"SearchAction","target":{"@type":"EntryPoint","urlTemplate":"https:\/\/www.cuballama.com\/noticias\/?s={search_term_string}"},"query-input":{"@type":"PropertyValueSpecification","valueRequired":true,"valueName":"search_term_string"}}],"inLanguage":"es"},{"@type":"Organization","@id":"https:\/\/www.cuballama.com\/noticias\/#organization","name":"Cuballama","url":"https:\/\/www.cuballama.com\/noticias\/","logo":{"@type":"ImageObject","inLanguage":"es","@id":"https:\/\/www.cuballama.com\/noticias\/#\/schema\/logo\/image\/","url":"https:\/\/cdn1.mediawpaccore.net\/wp-content\/uploads\/2021\/12\/28171206\/cbll-logo-color-sm.png","contentUrl":"https:\/\/cdn1.mediawpaccore.net\/wp-content\/uploads\/2021\/12\/28171206\/cbll-logo-color-sm.png","width":600,"height":133,"caption":"Cuballama"},"image":{"@id":"https:\/\/www.cuballama.com\/noticias\/#\/schema\/logo\/image\/"},"sameAs":["https:\/\/www.facebook.com\/CubaLlama","https:\/\/x.com\/cuballama","https:\/\/www.instagram.com\/stories\/cuballama_oficial\/","https:\/\/www.youtube.com\/channel\/UCKkFE-d_axENGZcrc4as0IA"]},{"@type":"Person","@id":"https:\/\/www.cuballama.com\/noticias\/#\/schema\/person\/5889f7d070564f8386e7944d14d436cd","name":"Manu","url":"https:\/\/www.cuballama.com\/noticias\/author\/manu\/"}]}},"_links":{"self":[{"href":"https:\/\/www.cuballama.com\/noticias\/wp-json\/wp\/v2\/posts\/231480","targetHints":{"allow":["GET"]}}],"collection":[{"href":"https:\/\/www.cuballama.com\/noticias\/wp-json\/wp\/v2\/posts"}],"about":[{"href":"https:\/\/www.cuballama.com\/noticias\/wp-json\/wp\/v2\/types\/post"}],"author":[{"embeddable":true,"href":"https:\/\/www.cuballama.com\/noticias\/wp-json\/wp\/v2\/users\/24"}],"replies":[{"embeddable":true,"href":"https:\/\/www.cuballama.com\/noticias\/wp-json\/wp\/v2\/comments?post=231480"}],"version-history":[{"count":9,"href":"https:\/\/www.cuballama.com\/noticias\/wp-json\/wp\/v2\/posts\/231480\/revisions"}],"predecessor-version":[{"id":231495,"href":"https:\/\/www.cuballama.com\/noticias\/wp-json\/wp\/v2\/posts\/231480\/revisions\/231495"}],"wp:featuredmedia":[{"embeddable":true,"href":"https:\/\/www.cuballama.com\/noticias\/wp-json\/wp\/v2\/media\/231484"}],"wp:attachment":[{"href":"https:\/\/www.cuballama.com\/noticias\/wp-json\/wp\/v2\/media?parent=231480"}],"wp:term":[{"taxonomy":"category","embeddable":true,"href":"https:\/\/www.cuballama.com\/noticias\/wp-json\/wp\/v2\/categories?post=231480"},{"taxonomy":"post_tag","embeddable":true,"href":"https:\/\/www.cuballama.com\/noticias\/wp-json\/wp\/v2\/tags?post=231480"}],"curies":[{"name":"wp","href":"https:\/\/api.w.org\/{rel}","templated":true}]}}