{"id":231456,"date":"2026-01-09T11:25:44","date_gmt":"2026-01-09T16:25:44","guid":{"rendered":"https:\/\/www.cuballama.com\/noticias\/?p=231456"},"modified":"2026-01-09T11:26:27","modified_gmt":"2026-01-09T16:26:27","slug":"muere-destacado-arbitro-omar-lucero","status":"publish","type":"post","link":"https:\/\/www.cuballama.com\/noticias\/muere-destacado-arbitro-omar-lucero\/","title":{"rendered":"Muere destacado \u00e1rbitro Omar Lucero"},"content":{"rendered":"\n<p>El b\u00e9isbol cubano amaneci\u00f3 de luto este viernes tras confirmarse el fallecimiento del reconocido \u00e1rbitro de las Series Nacionales, Omar Lucero Aldaya, una figura emblem\u00e1tica dentro del b\u00e9isbol cubano <\/p>\n\n\n\n<p>La noticia fue confirmada por el comunicador cubano Pavel Otero, quien a trav\u00e9s de su p\u00e1gina en Facebook destac\u00f3 la trayectoria de Lucero..<br>\u00abAmanecimos hoy con la triste noticia del fallecimiento del muy destacado \u00e1rbitro de b\u00e9isbol Omar Lucero Aldaya (\u2026) Los atletas y directores le protestaban muy poco, quiz\u00e1s nunca, porque ellos sab\u00edan que Omar Lucero era de los mejores. Gloria eterna y feliz viaje a la eternidad\u00bb, escribi\u00f3.<\/p>\n\n\n\n<p>En los \u00faltimos a\u00f1os, Omar Lucero enfrent\u00f3 un marcado deterioro de salud. Con m\u00e1s de 80 a\u00f1os, sufri\u00f3 afectaciones mentales y otras dolencias que lo fueron alejando progresivamente de su trabajo y de la actividad cotidiana. Seg\u00fan reportes, pasaba largos per\u00edodos sin actividad f\u00edsica, lo que aceler\u00f3 el declive de su estado general.<\/p>\n\n\n\n<p>Dentro del b\u00e9isbol cubano, Lucero Aldaya fue considerado uno de los<a href=\"https:\/\/www.cuballama.com\/noticias\/preocupacion-en-el-beisbol-cubano-reportan-en-estado-critico-al-arbitro-omar-lucero\/\" target=\"_blank\" rel=\"noreferrer noopener\"> \u00e1rbitros m\u00e1s confiables y profesionales<\/a> de las Series Nacionales. Su autoridad y conocimiento del juego le permitieron ganarse el respeto de jugadores, directores y colegas, siendo habitual que recibiera muy pocas reclamaciones durante los partidos, indic\u00f3 el medio especializado Swing Completo.<\/p>\n\n\n\n<p>Aunque en sus \u00faltimos a\u00f1os se vio obligado a abandonar el arbitraje activo, nunca se deslig\u00f3 por completo del b\u00e9isbol. El santiaguero continu\u00f3 vinculado a la pelota cubana como chequeador en las Series Nacionales, aportando su experiencia hasta donde las exigencias f\u00edsicas se lo permitieron.<\/p>\n\n\n\n<p>Con su fallecimiento, el b\u00e9isbol cubano pierde a uno de sus hombres m\u00e1s \u00edntegros y dedicados, referente de disciplina, respeto y amor por el juego, a\u00f1adi\u00f3 la nota. <\/p>\n","protected":false},"excerpt":{"rendered":"<p>Con su fallecimiento, el b\u00e9isbol cubano pierde a uno de sus hombres m\u00e1s \u00edntegros y dedicados, referente de disciplina, respeto y amor por el juego, a\u00f1adi\u00f3 la nota. <\/p>\n","protected":false},"author":24,"featured_media":230996,"comment_status":"open","ping_status":"closed","sticky":false,"template":"","format":"standard","meta":{"_acf_changed":false,"footnotes":""},"categories":[21,18,955],"tags":[10867,11,92,941,29954],"class_list":{"0":"post-231456","1":"post","2":"type-post","3":"status-publish","4":"format-standard","5":"has-post-thumbnail","7":"category-deportes","8":"category-noticias","9":"category-noticias-de-cuba","10":"tag-crisis-en-cuba","11":"tag-cuba","12":"tag-cubanos","13":"tag-destacado","14":"tag-omar-lucero-2"},"acf":[],"yoast_head":"<!-- This site is optimized with the Yoast SEO plugin v27.4 - https:\/\/yoast.com\/product\/yoast-seo-wordpress\/ -->\n<title>Muere destacado \u00e1rbitro Omar Lucero - Cuballama Noticias<\/title>\n<meta name=\"description\" content=\"El b\u00e9isbol cubano amaneci\u00f3 de luto este viernes tras confirmarse el fallecimiento del reconocido \u00e1rbitro Omar Lucero Aldaya.\" \/>\n<meta name=\"robots\" content=\"index, follow, max-snippet:-1, max-image-preview:large, max-video-preview:-1\" \/>\n<link rel=\"canonical\" href=\"https:\/\/www.cuballama.com\/noticias\/muere-destacado-arbitro-omar-lucero\/\" \/>\n<meta property=\"og:locale\" content=\"es_ES\" \/>\n<meta property=\"og:type\" content=\"article\" \/>\n<meta property=\"og:title\" content=\"Muere destacado \u00e1rbitro Omar Lucero - Cuballama Noticias\" \/>\n<meta property=\"og:description\" content=\"El b\u00e9isbol cubano amaneci\u00f3 de luto este viernes tras confirmarse el fallecimiento del reconocido \u00e1rbitro Omar Lucero Aldaya.\" \/>\n<meta property=\"og:url\" content=\"https:\/\/www.cuballama.com\/noticias\/muere-destacado-arbitro-omar-lucero\/\" \/>\n<meta property=\"og:site_name\" content=\"Cuballama Noticias\" \/>\n<meta property=\"article:publisher\" content=\"https:\/\/www.facebook.com\/CubaLlama\" \/>\n<meta property=\"article:published_time\" content=\"2026-01-09T16:25:44+00:00\" \/>\n<meta property=\"article:modified_time\" content=\"2026-01-09T16:26:27+00:00\" \/>\n<meta property=\"og:image\" content=\"https:\/\/cdn1.mediawpaccore.net\/wp-content\/uploads\/2026\/01\/06064346\/image-17.png\" \/>\n\t<meta property=\"og:image:width\" content=\"1382\" \/>\n\t<meta property=\"og:image:height\" content=\"750\" \/>\n\t<meta property=\"og:image:type\" content=\"image\/png\" \/>\n<meta name=\"author\" content=\"Manu\" \/>\n<meta name=\"twitter:card\" content=\"summary_large_image\" \/>\n<meta name=\"twitter:creator\" content=\"@cuballama\" \/>\n<meta name=\"twitter:site\" content=\"@cuballama\" \/>\n<meta name=\"twitter:label1\" content=\"Escrito por\" \/>\n\t<meta name=\"twitter:data1\" content=\"Manu\" \/>\n\t<meta name=\"twitter:label2\" content=\"Tiempo de lectura\" \/>\n\t<meta name=\"twitter:data2\" content=\"2 minutos\" \/>\n<script type=\"application\/ld+json\" class=\"yoast-schema-graph\">{\"@context\":\"https:\\\/\\\/schema.org\",\"@graph\":[{\"@type\":\"Article\",\"@id\":\"https:\\\/\\\/www.cuballama.com\\\/noticias\\\/muere-destacado-arbitro-omar-lucero\\\/#article\",\"isPartOf\":{\"@id\":\"https:\\\/\\\/www.cuballama.com\\\/noticias\\\/muere-destacado-arbitro-omar-lucero\\\/\"},\"author\":{\"name\":\"Manu\",\"@id\":\"https:\\\/\\\/www.cuballama.com\\\/noticias\\\/#\\\/schema\\\/person\\\/5889f7d070564f8386e7944d14d436cd\"},\"headline\":\"Muere destacado \u00e1rbitro Omar Lucero\",\"datePublished\":\"2026-01-09T16:25:44+00:00\",\"dateModified\":\"2026-01-09T16:26:27+00:00\",\"mainEntityOfPage\":{\"@id\":\"https:\\\/\\\/www.cuballama.com\\\/noticias\\\/muere-destacado-arbitro-omar-lucero\\\/\"},\"wordCount\":302,\"commentCount\":0,\"publisher\":{\"@id\":\"https:\\\/\\\/www.cuballama.com\\\/noticias\\\/#organization\"},\"image\":{\"@id\":\"https:\\\/\\\/www.cuballama.com\\\/noticias\\\/muere-destacado-arbitro-omar-lucero\\\/#primaryimage\"},\"thumbnailUrl\":\"https:\\\/\\\/cdn1.mediawpaccore.net\\\/wp-content\\\/uploads\\\/2026\\\/01\\\/06064346\\\/image-17.png\",\"keywords\":[\"Crisis en Cuba\",\"Cuba\",\"cubanos\",\"destacado\",\"Omar Lucero\"],\"articleSection\":[\"Deportes\",\"Noticias\",\"Noticias de Cuba\"],\"inLanguage\":\"es\",\"potentialAction\":[{\"@type\":\"CommentAction\",\"name\":\"Comment\",\"target\":[\"https:\\\/\\\/www.cuballama.com\\\/noticias\\\/muere-destacado-arbitro-omar-lucero\\\/#respond\"]}]},{\"@type\":\"WebPage\",\"@id\":\"https:\\\/\\\/www.cuballama.com\\\/noticias\\\/muere-destacado-arbitro-omar-lucero\\\/\",\"url\":\"https:\\\/\\\/www.cuballama.com\\\/noticias\\\/muere-destacado-arbitro-omar-lucero\\\/\",\"name\":\"Muere destacado \u00e1rbitro Omar Lucero - Cuballama Noticias\",\"isPartOf\":{\"@id\":\"https:\\\/\\\/www.cuballama.com\\\/noticias\\\/#website\"},\"primaryImageOfPage\":{\"@id\":\"https:\\\/\\\/www.cuballama.com\\\/noticias\\\/muere-destacado-arbitro-omar-lucero\\\/#primaryimage\"},\"image\":{\"@id\":\"https:\\\/\\\/www.cuballama.com\\\/noticias\\\/muere-destacado-arbitro-omar-lucero\\\/#primaryimage\"},\"thumbnailUrl\":\"https:\\\/\\\/cdn1.mediawpaccore.net\\\/wp-content\\\/uploads\\\/2026\\\/01\\\/06064346\\\/image-17.png\",\"datePublished\":\"2026-01-09T16:25:44+00:00\",\"dateModified\":\"2026-01-09T16:26:27+00:00\",\"description\":\"El b\u00e9isbol cubano amaneci\u00f3 de luto este viernes tras confirmarse el fallecimiento del reconocido \u00e1rbitro Omar Lucero Aldaya.\",\"breadcrumb\":{\"@id\":\"https:\\\/\\\/www.cuballama.com\\\/noticias\\\/muere-destacado-arbitro-omar-lucero\\\/#breadcrumb\"},\"inLanguage\":\"es\",\"potentialAction\":[{\"@type\":\"ReadAction\",\"target\":[\"https:\\\/\\\/www.cuballama.com\\\/noticias\\\/muere-destacado-arbitro-omar-lucero\\\/\"]}]},{\"@type\":\"ImageObject\",\"inLanguage\":\"es\",\"@id\":\"https:\\\/\\\/www.cuballama.com\\\/noticias\\\/muere-destacado-arbitro-omar-lucero\\\/#primaryimage\",\"url\":\"https:\\\/\\\/cdn1.mediawpaccore.net\\\/wp-content\\\/uploads\\\/2026\\\/01\\\/06064346\\\/image-17.png\",\"contentUrl\":\"https:\\\/\\\/cdn1.mediawpaccore.net\\\/wp-content\\\/uploads\\\/2026\\\/01\\\/06064346\\\/image-17.png\",\"width\":1382,\"height\":750,\"caption\":\"Omar Rafael Lucero Aldaya. Foto: Alexis del Toro\"},{\"@type\":\"BreadcrumbList\",\"@id\":\"https:\\\/\\\/www.cuballama.com\\\/noticias\\\/muere-destacado-arbitro-omar-lucero\\\/#breadcrumb\",\"itemListElement\":[{\"@type\":\"ListItem\",\"position\":1,\"name\":\"Home\",\"item\":\"https:\\\/\\\/www.cuballama.com\\\/noticias\\\/\"},{\"@type\":\"ListItem\",\"position\":2,\"name\":\"Muere destacado \u00e1rbitro Omar Lucero\"}]},{\"@type\":\"WebSite\",\"@id\":\"https:\\\/\\\/www.cuballama.com\\\/noticias\\\/#website\",\"url\":\"https:\\\/\\\/www.cuballama.com\\\/noticias\\\/\",\"name\":\"Cuballama Noticias\",\"description\":\"Medio digital sobre Cuba y el mundo\",\"publisher\":{\"@id\":\"https:\\\/\\\/www.cuballama.com\\\/noticias\\\/#organization\"},\"potentialAction\":[{\"@type\":\"SearchAction\",\"target\":{\"@type\":\"EntryPoint\",\"urlTemplate\":\"https:\\\/\\\/www.cuballama.com\\\/noticias\\\/?s={search_term_string}\"},\"query-input\":{\"@type\":\"PropertyValueSpecification\",\"valueRequired\":true,\"valueName\":\"search_term_string\"}}],\"inLanguage\":\"es\"},{\"@type\":\"Organization\",\"@id\":\"https:\\\/\\\/www.cuballama.com\\\/noticias\\\/#organization\",\"name\":\"Cuballama\",\"url\":\"https:\\\/\\\/www.cuballama.com\\\/noticias\\\/\",\"logo\":{\"@type\":\"ImageObject\",\"inLanguage\":\"es\",\"@id\":\"https:\\\/\\\/www.cuballama.com\\\/noticias\\\/#\\\/schema\\\/logo\\\/image\\\/\",\"url\":\"https:\\\/\\\/cdn1.mediawpaccore.net\\\/wp-content\\\/uploads\\\/2021\\\/12\\\/28171206\\\/cbll-logo-color-sm.png\",\"contentUrl\":\"https:\\\/\\\/cdn1.mediawpaccore.net\\\/wp-content\\\/uploads\\\/2021\\\/12\\\/28171206\\\/cbll-logo-color-sm.png\",\"width\":600,\"height\":133,\"caption\":\"Cuballama\"},\"image\":{\"@id\":\"https:\\\/\\\/www.cuballama.com\\\/noticias\\\/#\\\/schema\\\/logo\\\/image\\\/\"},\"sameAs\":[\"https:\\\/\\\/www.facebook.com\\\/CubaLlama\",\"https:\\\/\\\/x.com\\\/cuballama\",\"https:\\\/\\\/www.instagram.com\\\/stories\\\/cuballama_oficial\\\/\",\"https:\\\/\\\/www.youtube.com\\\/channel\\\/UCKkFE-d_axENGZcrc4as0IA\"]},{\"@type\":\"Person\",\"@id\":\"https:\\\/\\\/www.cuballama.com\\\/noticias\\\/#\\\/schema\\\/person\\\/5889f7d070564f8386e7944d14d436cd\",\"name\":\"Manu\",\"url\":\"https:\\\/\\\/www.cuballama.com\\\/noticias\\\/author\\\/manu\\\/\"}]}<\/script>\n<!-- \/ Yoast SEO plugin. -->","yoast_head_json":{"title":"Muere destacado \u00e1rbitro Omar Lucero - Cuballama Noticias","description":"El b\u00e9isbol cubano amaneci\u00f3 de luto este viernes tras confirmarse el fallecimiento del reconocido \u00e1rbitro Omar Lucero Aldaya.","robots":{"index":"index","follow":"follow","max-snippet":"max-snippet:-1","max-image-preview":"max-image-preview:large","max-video-preview":"max-video-preview:-1"},"canonical":"https:\/\/www.cuballama.com\/noticias\/muere-destacado-arbitro-omar-lucero\/","og_locale":"es_ES","og_type":"article","og_title":"Muere destacado \u00e1rbitro Omar Lucero - Cuballama Noticias","og_description":"El b\u00e9isbol cubano amaneci\u00f3 de luto este viernes tras confirmarse el fallecimiento del reconocido \u00e1rbitro Omar Lucero Aldaya.","og_url":"https:\/\/www.cuballama.com\/noticias\/muere-destacado-arbitro-omar-lucero\/","og_site_name":"Cuballama Noticias","article_publisher":"https:\/\/www.facebook.com\/CubaLlama","article_published_time":"2026-01-09T16:25:44+00:00","article_modified_time":"2026-01-09T16:26:27+00:00","og_image":[{"width":1382,"height":750,"url":"https:\/\/cdn1.mediawpaccore.net\/wp-content\/uploads\/2026\/01\/06064346\/image-17.png","type":"image\/png"}],"author":"Manu","twitter_card":"summary_large_image","twitter_creator":"@cuballama","twitter_site":"@cuballama","twitter_misc":{"Escrito por":"Manu","Tiempo de lectura":"2 minutos"},"schema":{"@context":"https:\/\/schema.org","@graph":[{"@type":"Article","@id":"https:\/\/www.cuballama.com\/noticias\/muere-destacado-arbitro-omar-lucero\/#article","isPartOf":{"@id":"https:\/\/www.cuballama.com\/noticias\/muere-destacado-arbitro-omar-lucero\/"},"author":{"name":"Manu","@id":"https:\/\/www.cuballama.com\/noticias\/#\/schema\/person\/5889f7d070564f8386e7944d14d436cd"},"headline":"Muere destacado \u00e1rbitro Omar Lucero","datePublished":"2026-01-09T16:25:44+00:00","dateModified":"2026-01-09T16:26:27+00:00","mainEntityOfPage":{"@id":"https:\/\/www.cuballama.com\/noticias\/muere-destacado-arbitro-omar-lucero\/"},"wordCount":302,"commentCount":0,"publisher":{"@id":"https:\/\/www.cuballama.com\/noticias\/#organization"},"image":{"@id":"https:\/\/www.cuballama.com\/noticias\/muere-destacado-arbitro-omar-lucero\/#primaryimage"},"thumbnailUrl":"https:\/\/cdn1.mediawpaccore.net\/wp-content\/uploads\/2026\/01\/06064346\/image-17.png","keywords":["Crisis en Cuba","Cuba","cubanos","destacado","Omar Lucero"],"articleSection":["Deportes","Noticias","Noticias de Cuba"],"inLanguage":"es","potentialAction":[{"@type":"CommentAction","name":"Comment","target":["https:\/\/www.cuballama.com\/noticias\/muere-destacado-arbitro-omar-lucero\/#respond"]}]},{"@type":"WebPage","@id":"https:\/\/www.cuballama.com\/noticias\/muere-destacado-arbitro-omar-lucero\/","url":"https:\/\/www.cuballama.com\/noticias\/muere-destacado-arbitro-omar-lucero\/","name":"Muere destacado \u00e1rbitro Omar Lucero - Cuballama Noticias","isPartOf":{"@id":"https:\/\/www.cuballama.com\/noticias\/#website"},"primaryImageOfPage":{"@id":"https:\/\/www.cuballama.com\/noticias\/muere-destacado-arbitro-omar-lucero\/#primaryimage"},"image":{"@id":"https:\/\/www.cuballama.com\/noticias\/muere-destacado-arbitro-omar-lucero\/#primaryimage"},"thumbnailUrl":"https:\/\/cdn1.mediawpaccore.net\/wp-content\/uploads\/2026\/01\/06064346\/image-17.png","datePublished":"2026-01-09T16:25:44+00:00","dateModified":"2026-01-09T16:26:27+00:00","description":"El b\u00e9isbol cubano amaneci\u00f3 de luto este viernes tras confirmarse el fallecimiento del reconocido \u00e1rbitro Omar Lucero Aldaya.","breadcrumb":{"@id":"https:\/\/www.cuballama.com\/noticias\/muere-destacado-arbitro-omar-lucero\/#breadcrumb"},"inLanguage":"es","potentialAction":[{"@type":"ReadAction","target":["https:\/\/www.cuballama.com\/noticias\/muere-destacado-arbitro-omar-lucero\/"]}]},{"@type":"ImageObject","inLanguage":"es","@id":"https:\/\/www.cuballama.com\/noticias\/muere-destacado-arbitro-omar-lucero\/#primaryimage","url":"https:\/\/cdn1.mediawpaccore.net\/wp-content\/uploads\/2026\/01\/06064346\/image-17.png","contentUrl":"https:\/\/cdn1.mediawpaccore.net\/wp-content\/uploads\/2026\/01\/06064346\/image-17.png","width":1382,"height":750,"caption":"Omar Rafael Lucero Aldaya. Foto: Alexis del Toro"},{"@type":"BreadcrumbList","@id":"https:\/\/www.cuballama.com\/noticias\/muere-destacado-arbitro-omar-lucero\/#breadcrumb","itemListElement":[{"@type":"ListItem","position":1,"name":"Home","item":"https:\/\/www.cuballama.com\/noticias\/"},{"@type":"ListItem","position":2,"name":"Muere destacado \u00e1rbitro Omar Lucero"}]},{"@type":"WebSite","@id":"https:\/\/www.cuballama.com\/noticias\/#website","url":"https:\/\/www.cuballama.com\/noticias\/","name":"Cuballama Noticias","description":"Medio digital sobre Cuba y el mundo","publisher":{"@id":"https:\/\/www.cuballama.com\/noticias\/#organization"},"potentialAction":[{"@type":"SearchAction","target":{"@type":"EntryPoint","urlTemplate":"https:\/\/www.cuballama.com\/noticias\/?s={search_term_string}"},"query-input":{"@type":"PropertyValueSpecification","valueRequired":true,"valueName":"search_term_string"}}],"inLanguage":"es"},{"@type":"Organization","@id":"https:\/\/www.cuballama.com\/noticias\/#organization","name":"Cuballama","url":"https:\/\/www.cuballama.com\/noticias\/","logo":{"@type":"ImageObject","inLanguage":"es","@id":"https:\/\/www.cuballama.com\/noticias\/#\/schema\/logo\/image\/","url":"https:\/\/cdn1.mediawpaccore.net\/wp-content\/uploads\/2021\/12\/28171206\/cbll-logo-color-sm.png","contentUrl":"https:\/\/cdn1.mediawpaccore.net\/wp-content\/uploads\/2021\/12\/28171206\/cbll-logo-color-sm.png","width":600,"height":133,"caption":"Cuballama"},"image":{"@id":"https:\/\/www.cuballama.com\/noticias\/#\/schema\/logo\/image\/"},"sameAs":["https:\/\/www.facebook.com\/CubaLlama","https:\/\/x.com\/cuballama","https:\/\/www.instagram.com\/stories\/cuballama_oficial\/","https:\/\/www.youtube.com\/channel\/UCKkFE-d_axENGZcrc4as0IA"]},{"@type":"Person","@id":"https:\/\/www.cuballama.com\/noticias\/#\/schema\/person\/5889f7d070564f8386e7944d14d436cd","name":"Manu","url":"https:\/\/www.cuballama.com\/noticias\/author\/manu\/"}]}},"_links":{"self":[{"href":"https:\/\/www.cuballama.com\/noticias\/wp-json\/wp\/v2\/posts\/231456","targetHints":{"allow":["GET"]}}],"collection":[{"href":"https:\/\/www.cuballama.com\/noticias\/wp-json\/wp\/v2\/posts"}],"about":[{"href":"https:\/\/www.cuballama.com\/noticias\/wp-json\/wp\/v2\/types\/post"}],"author":[{"embeddable":true,"href":"https:\/\/www.cuballama.com\/noticias\/wp-json\/wp\/v2\/users\/24"}],"replies":[{"embeddable":true,"href":"https:\/\/www.cuballama.com\/noticias\/wp-json\/wp\/v2\/comments?post=231456"}],"version-history":[{"count":3,"href":"https:\/\/www.cuballama.com\/noticias\/wp-json\/wp\/v2\/posts\/231456\/revisions"}],"predecessor-version":[{"id":231459,"href":"https:\/\/www.cuballama.com\/noticias\/wp-json\/wp\/v2\/posts\/231456\/revisions\/231459"}],"wp:featuredmedia":[{"embeddable":true,"href":"https:\/\/www.cuballama.com\/noticias\/wp-json\/wp\/v2\/media\/230996"}],"wp:attachment":[{"href":"https:\/\/www.cuballama.com\/noticias\/wp-json\/wp\/v2\/media?parent=231456"}],"wp:term":[{"taxonomy":"category","embeddable":true,"href":"https:\/\/www.cuballama.com\/noticias\/wp-json\/wp\/v2\/categories?post=231456"},{"taxonomy":"post_tag","embeddable":true,"href":"https:\/\/www.cuballama.com\/noticias\/wp-json\/wp\/v2\/tags?post=231456"}],"curies":[{"name":"wp","href":"https:\/\/api.w.org\/{rel}","templated":true}]}}