{"id":231419,"date":"2026-01-09T11:08:41","date_gmt":"2026-01-09T16:08:41","guid":{"rendered":"https:\/\/www.cuballama.com\/noticias\/?p=231419"},"modified":"2026-01-09T11:08:45","modified_gmt":"2026-01-09T16:08:45","slug":"se-viraliza-imagen-de-revolucionario-cubano-tan-lleno-de-medallas-en-su-cuerpo-que-parece-un-arbol-de-navidad","status":"publish","type":"post","link":"https:\/\/www.cuballama.com\/noticias\/se-viraliza-imagen-de-revolucionario-cubano-tan-lleno-de-medallas-en-su-cuerpo-que-parece-un-arbol-de-navidad\/","title":{"rendered":"Se viraliza imagen de revolucionario cubano tan lleno de medallas en su cuerpo, que parece un \u00e1rbol de Navidad"},"content":{"rendered":"\n<p>La foto de un revolucionario cubano que asisti\u00f3 a un acto celebrado en la provincia de Villa Clara, y a su lado la Primera Secretaria del PCC en ese territorio, Susely Morfa, la conocida como \u00abPsic\u00f3loga Millonaria\u00bb, ha terminado convertida en un chiste nacional en las redes por una raz\u00f3n muy simple: el hombre aparece tan cargado de medallas y distintivos que, m\u00e1s que uniforme, parece un armaz\u00f3n met\u00e1lico, un escaparate ambulante. La imagen salt\u00f3 de perfil en perfil y la comparaci\u00f3n se impuso sola, repetida con variaciones en los comentarios: \u201c\u00e1rbol de Navidad\u201d, \u201cpanel solar\u201d, \u201cpararrayos\u201d, \u00abrefrigerador con imanes\u00bb, \u00abJos\u00e9 de las Medallas\u00bb. Y con eso, en unas horas, el s\u00edmbolo oficial qued\u00f3 secuestrado por la lectura popular: no la del honor ni la \u00e9pica, sino la del exceso en un pa\u00eds donde lo que falta casi siempre es otra cosa. Cerebro. <br><br>La imagen, las im\u00e1genes porque son dos, empez\u00f3 (empezaron) a rodar como ruedan ahora casi todas las historias cubanas: sin contexto claro, con un pie de foto que lo explica todo y nada a la vez, y con una secci\u00f3n de comentarios convertida en espejo del pa\u00eds. En ella(s), se ve a un hombre, anciano, presumiblemente un combatiente retirado de la Revoluci\u00f3n, vestido de uniforme con sus medallas encima. Pero no son dos o tres. Ni siquiera cinco o diez. El sujeto, que no lo hemos podido identificar, est\u00e1 literalmente tapizado de medallas y distintivos, hasta el punto de que el pecho deja de parecer un pecho y pasa a verse como un tablero met\u00e1lico, un arn\u00e9s, un escaparate.<\/p>\n\n\n\n<p>A partir de ah\u00ed, el resto lo hizo la gente en sus comentarios: la comparaci\u00f3n m\u00e1s repetida fue la del \u201c\u00e1rbol de Navidad\u201d, pero el remate que m\u00e1s se comparti\u00f3 fue otro, m\u00e1s cubano en su econom\u00eda dom\u00e9stica: \u201cSi lo ponen de 7 de la ma\u00f1ana a 5 de la tarde de frente al Sol es un panel solar\u201d.<\/p>\n\n\n\n<iframe loading=\"lazy\" src=\"https:\/\/www.facebook.com\/plugins\/post.php?href=https%3A%2F%2Fwww.facebook.com%2Fhector.delgado.9883%2Fposts%2Fpfbid02BEVJ3nu99hs2YrQ95FXrHTtkejbgtQmdnHHpyK49EtZ2Mc3DtK3WxMpeadzXkZHSl&#038;show_text=true&#038;width=500\" width=\"500\" height=\"434\" style=\"border:none;overflow:hidden\" scrolling=\"no\" frameborder=\"0\" allowfullscreen=\"true\" allow=\"autoplay; clipboard-write; encrypted-media; picture-in-picture; web-share\"><\/iframe>\n\n\n\n<p>El chiste funciona porque toca el nervio del exceso simb\u00f3lico: el Estado que reparte condecoraciones; el Estado que, a trav\u00e9s de la m\u00e1xima autoridad en un territorio, posa para la foto como si fuera la prueba material de una \u00e9pica que ya no se sostiene, sin temor al \u00e9xito.<\/p>\n\n\n\n<p>Lo digo de otra manera para que se entienda. El presidente de cualquier pa\u00eds europeo se puede retratar al lado del excombatiente que m\u00e1s medallas tenga, pero no al lado de un hombre que tiene medallas puestas en sus pantalones porque, en Europa, y menciono un ejemplo de continente, a nadie se le ocurrir\u00eda ponerse medallas en los pantalones; y si se le ocurriese, alguien cercano a \u00e9l le dir\u00eda: <em>tu es fou<\/em>; <em>sei matto<\/em>; <em>du bist verr\u00fcckt<\/em>.<\/p>\n\n\n\n<p>Miles de reacciones, cientos de comentarios, cientos de compartidos&#8230;<\/p>\n\n\n\n<p>En paralelo, la p\u00e1gina sat\u00edrica El Lumpen aprovech\u00f3 la viralidad y aport\u00f3 lo suyo, mont\u00e1ndose su propia versi\u00f3n \u201coficial\u201d del episodio: un relato falso-serio sobre un acto pol\u00edtico-militar en Villa Clara, la lluvia, la evacuaci\u00f3n, una gr\u00faa y un rayo que terminar\u00eda fundiendo las condecoraciones, con menciones a Susely Morfa y un repertorio de sobrenombres que la gente ya ven\u00eda ensayando. El Lumpen aport\u00f3 los suyos: El Cencerro, Bling Bling y Christmas Tri.<\/p>\n\n\n\n<iframe loading=\"lazy\" src=\"https:\/\/www.facebook.com\/plugins\/post.php?href=https%3A%2F%2Fwww.facebook.com%2FLumpenes%2Fposts%2Fpfbid026VAozsDJjNaRFbzfKTBwPuxVqkMu1tSPQra4ENzzUw8DMd6dVNrCuTR1EPwrHyBql&#038;show_text=true&#038;width=500\" width=\"500\" height=\"494\" style=\"border:none;overflow:hidden\" scrolling=\"no\" frameborder=\"0\" allowfullscreen=\"true\" allow=\"autoplay; clipboard-write; encrypted-media; picture-in-picture; web-share\"><\/iframe>\n\n\n\n<p>Es importante decirlo: ese texto circula como s\u00e1tira, no como informaci\u00f3n verificable de un hecho real. Su gracia depende, precisamente, de que <strong>la realidad cubana hace cre\u00edble el disparate.<\/strong><\/p>\n\n\n\n<p>Y ah\u00ed est\u00e1 el punto del absurdo cotidiano en Cuba: lo que vuelve viral esa imagen no es solo el chiste f\u00e1cil del metal, sino la colisi\u00f3n permanente entre la \u00e9pica oficial y la vida real. En un pa\u00eds donde el d\u00eda se calcula por horas de corriente, la nevera es m\u00e1s promesa que electrodom\u00e9stico y el salario se evapora antes de mitad de mes, el exceso simb\u00f3lico deja de ser excepci\u00f3n y convive sin conflicto con la carencia. La condecoraci\u00f3n sustituye a la recompensa material, el s\u00edmbolo funciona como salario y el brillo opera como parche. <\/p>\n\n\n\n<p>Por eso la reacci\u00f3n es casi autom\u00e1tica: \u00bfqu\u00e9 significa una medalla cuando el uniforme no llena la mesa? La imagen del \u201c\u00e1rbol de Navidad\u201d no se viraliza por extraordinaria, sino porque resulta coherente con un pa\u00eds que aprendi\u00f3 a re\u00edrse para no aceptar sin ruido y porque esa desproporci\u00f3n es la materia prima del humor cubano actual, que ya no se apoya tanto en la ocurrencia ingeniosa como en el contraste crudo: s\u00edmbolos de victoria sobre un cuerpo que, seg\u00fan los propios comentaristas, parece hambriento; insignias de honor en un pa\u00eds donde lo b\u00e1sico se raciona; brillo de hojalata frente a barrios que pasan a oscuras. El chiste funciona porque el contexto lo escribi\u00f3 primero.<\/p>\n\n\n\n<p>Aqu\u00ed va una lista de ep\u00edtetos y apodos que aparecen en esos comentarios. No son todos: seleccion\u00e9 al azar m\u00e1s de 20 de los que m\u00e1s se repiten<\/p>\n\n\n\n<ol class=\"wp-block-list\">\n<li>\u00c1rbol de Navidad, Arbolito de Navidad, \u00c1rbol de Navidad tropical o Christmas Tri<\/li>\n\n\n\n<li>Panel solar<\/li>\n\n\n\n<li>Pararrayos viviente<\/li>\n\n\n\n<li>General chapitas<\/li>\n\n\n\n<li>Soldado chapitas<\/li>\n\n\n\n<li>Jos\u00e9 de las medallas<\/li>\n\n\n\n<li>Pepe chapita<\/li>\n\n\n\n<li>El soldado im\u00e1n<\/li>\n\n\n\n<li>Soldado hoja lata<\/li>\n\n\n\n<li>El hombre de hojalata<\/li>\n\n\n\n<li>Un reflector<\/li>\n\n\n\n<li>Armadura<\/li>\n\n\n\n<li>Chaleco antibalas<\/li>\n\n\n\n<li>El Pararrayos<\/li>\n\n\n\n<li>Sonajero andante<\/li>\n<\/ol>\n\n\n\n<p><\/p>\n","protected":false},"excerpt":{"rendered":"<p>Una imagen de un hombre uniformado cubierto de medallas se hizo viral y desat\u00f3 una ola de burlas, entre \u201c\u00e1rbol de Navidad\u201d y \u201cpanel solar\u201d. La s\u00e1tira de El Lumpen amplific\u00f3 el fen\u00f3meno y reabri\u00f3 una pregunta de fondo: qu\u00e9 valen los s\u00edmbolos en un pa\u00eds donde lo esencial falla.<\/p>\n","protected":false},"author":13,"featured_media":231428,"comment_status":"open","ping_status":"closed","sticky":false,"template":"","format":"standard","meta":{"_acf_changed":false,"footnotes":""},"categories":[18,955,965],"tags":[11,29953,4281,17498,11390,729,2700,10480,947],"class_list":{"0":"post-231419","1":"post","2":"type-post","3":"status-publish","4":"format-standard","5":"has-post-thumbnail","7":"category-noticias","8":"category-noticias-de-cuba","9":"category-viral","10":"tag-cuba","11":"tag-el-lumpen","12":"tag-humor-cubano","13":"tag-medallas","14":"tag-militares-cubanos","15":"tag-redes-sociales","16":"tag-satira","17":"tag-susely-morfa","18":"tag-viral"},"acf":[],"yoast_head":"<!-- This site is optimized with the Yoast SEO plugin v27.4 - https:\/\/yoast.com\/product\/yoast-seo-wordpress\/ -->\n<title>Se viraliza imagen de revolucionario cubano tan lleno de medallas en su cuerpo, que parece un \u00e1rbol de Navidad - Cuballama Noticias<\/title>\n<meta name=\"description\" content=\"Foto de un cubano tapizado de medallas se vuelve viral: le dicen \u201c\u00e1rbol de Navidad\u201d y retrata el absurdo diario en Cuba hoy!!\" \/>\n<meta name=\"robots\" content=\"index, follow, max-snippet:-1, max-image-preview:large, max-video-preview:-1\" \/>\n<link rel=\"canonical\" href=\"https:\/\/www.cuballama.com\/noticias\/se-viraliza-imagen-de-revolucionario-cubano-tan-lleno-de-medallas-en-su-cuerpo-que-parece-un-arbol-de-navidad\/\" \/>\n<meta property=\"og:locale\" content=\"es_ES\" \/>\n<meta property=\"og:type\" content=\"article\" \/>\n<meta property=\"og:title\" content=\"Se viraliza imagen de revolucionario cubano tan lleno de medallas en su cuerpo, que parece un \u00e1rbol de Navidad - Cuballama Noticias\" \/>\n<meta property=\"og:description\" content=\"Foto de un cubano tapizado de medallas se vuelve viral: le dicen \u201c\u00e1rbol de Navidad\u201d y retrata el absurdo diario en Cuba hoy!!\" \/>\n<meta property=\"og:url\" content=\"https:\/\/www.cuballama.com\/noticias\/se-viraliza-imagen-de-revolucionario-cubano-tan-lleno-de-medallas-en-su-cuerpo-que-parece-un-arbol-de-navidad\/\" \/>\n<meta property=\"og:site_name\" content=\"Cuballama Noticias\" \/>\n<meta property=\"article:publisher\" content=\"https:\/\/www.facebook.com\/CubaLlama\" \/>\n<meta property=\"article:published_time\" content=\"2026-01-09T16:08:41+00:00\" \/>\n<meta property=\"article:modified_time\" content=\"2026-01-09T16:08:45+00:00\" \/>\n<meta property=\"og:image\" content=\"https:\/\/cdn1.mediawpaccore.net\/wp-content\/uploads\/2026\/01\/09081009\/image-39.png\" \/>\n\t<meta property=\"og:image:width\" content=\"1116\" \/>\n\t<meta property=\"og:image:height\" content=\"562\" \/>\n\t<meta property=\"og:image:type\" content=\"image\/png\" \/>\n<meta name=\"author\" content=\"Roberto A.\" \/>\n<meta name=\"twitter:card\" content=\"summary_large_image\" \/>\n<meta name=\"twitter:creator\" content=\"@cuballama\" \/>\n<meta name=\"twitter:site\" content=\"@cuballama\" \/>\n<meta name=\"twitter:label1\" content=\"Escrito por\" \/>\n\t<meta name=\"twitter:data1\" content=\"Roberto A.\" \/>\n\t<meta name=\"twitter:label2\" content=\"Tiempo de lectura\" \/>\n\t<meta name=\"twitter:data2\" content=\"5 minutos\" \/>\n<script type=\"application\/ld+json\" class=\"yoast-schema-graph\">{\"@context\":\"https:\\\/\\\/schema.org\",\"@graph\":[{\"@type\":\"Article\",\"@id\":\"https:\\\/\\\/www.cuballama.com\\\/noticias\\\/se-viraliza-imagen-de-revolucionario-cubano-tan-lleno-de-medallas-en-su-cuerpo-que-parece-un-arbol-de-navidad\\\/#article\",\"isPartOf\":{\"@id\":\"https:\\\/\\\/www.cuballama.com\\\/noticias\\\/se-viraliza-imagen-de-revolucionario-cubano-tan-lleno-de-medallas-en-su-cuerpo-que-parece-un-arbol-de-navidad\\\/\"},\"author\":{\"name\":\"Roberto A.\",\"@id\":\"https:\\\/\\\/www.cuballama.com\\\/noticias\\\/#\\\/schema\\\/person\\\/a58502ed4146c8e9f83872e897c76cd2\"},\"headline\":\"Se viraliza imagen de revolucionario cubano tan lleno de medallas en su cuerpo, que parece un \u00e1rbol de Navidad\",\"datePublished\":\"2026-01-09T16:08:41+00:00\",\"dateModified\":\"2026-01-09T16:08:45+00:00\",\"mainEntityOfPage\":{\"@id\":\"https:\\\/\\\/www.cuballama.com\\\/noticias\\\/se-viraliza-imagen-de-revolucionario-cubano-tan-lleno-de-medallas-en-su-cuerpo-que-parece-un-arbol-de-navidad\\\/\"},\"wordCount\":926,\"commentCount\":0,\"publisher\":{\"@id\":\"https:\\\/\\\/www.cuballama.com\\\/noticias\\\/#organization\"},\"image\":{\"@id\":\"https:\\\/\\\/www.cuballama.com\\\/noticias\\\/se-viraliza-imagen-de-revolucionario-cubano-tan-lleno-de-medallas-en-su-cuerpo-que-parece-un-arbol-de-navidad\\\/#primaryimage\"},\"thumbnailUrl\":\"https:\\\/\\\/cdn1.mediawpaccore.net\\\/wp-content\\\/uploads\\\/2026\\\/01\\\/09081009\\\/image-39.png\",\"keywords\":[\"Cuba\",\"El Lumpen\",\"humor cubano\",\"medallas\",\"militares cubanos\",\"redes Sociales\",\"S\u00e1tira\",\"Susely Morfa\",\"viral\"],\"articleSection\":[\"Noticias\",\"Noticias de Cuba\",\"Viral\"],\"inLanguage\":\"es\",\"potentialAction\":[{\"@type\":\"CommentAction\",\"name\":\"Comment\",\"target\":[\"https:\\\/\\\/www.cuballama.com\\\/noticias\\\/se-viraliza-imagen-de-revolucionario-cubano-tan-lleno-de-medallas-en-su-cuerpo-que-parece-un-arbol-de-navidad\\\/#respond\"]}]},{\"@type\":\"WebPage\",\"@id\":\"https:\\\/\\\/www.cuballama.com\\\/noticias\\\/se-viraliza-imagen-de-revolucionario-cubano-tan-lleno-de-medallas-en-su-cuerpo-que-parece-un-arbol-de-navidad\\\/\",\"url\":\"https:\\\/\\\/www.cuballama.com\\\/noticias\\\/se-viraliza-imagen-de-revolucionario-cubano-tan-lleno-de-medallas-en-su-cuerpo-que-parece-un-arbol-de-navidad\\\/\",\"name\":\"Se viraliza imagen de revolucionario cubano tan lleno de medallas en su cuerpo, que parece un \u00e1rbol de Navidad - Cuballama Noticias\",\"isPartOf\":{\"@id\":\"https:\\\/\\\/www.cuballama.com\\\/noticias\\\/#website\"},\"primaryImageOfPage\":{\"@id\":\"https:\\\/\\\/www.cuballama.com\\\/noticias\\\/se-viraliza-imagen-de-revolucionario-cubano-tan-lleno-de-medallas-en-su-cuerpo-que-parece-un-arbol-de-navidad\\\/#primaryimage\"},\"image\":{\"@id\":\"https:\\\/\\\/www.cuballama.com\\\/noticias\\\/se-viraliza-imagen-de-revolucionario-cubano-tan-lleno-de-medallas-en-su-cuerpo-que-parece-un-arbol-de-navidad\\\/#primaryimage\"},\"thumbnailUrl\":\"https:\\\/\\\/cdn1.mediawpaccore.net\\\/wp-content\\\/uploads\\\/2026\\\/01\\\/09081009\\\/image-39.png\",\"datePublished\":\"2026-01-09T16:08:41+00:00\",\"dateModified\":\"2026-01-09T16:08:45+00:00\",\"description\":\"Foto de un cubano tapizado de medallas se vuelve viral: le dicen \u201c\u00e1rbol de Navidad\u201d y retrata el absurdo diario en Cuba hoy!!\",\"breadcrumb\":{\"@id\":\"https:\\\/\\\/www.cuballama.com\\\/noticias\\\/se-viraliza-imagen-de-revolucionario-cubano-tan-lleno-de-medallas-en-su-cuerpo-que-parece-un-arbol-de-navidad\\\/#breadcrumb\"},\"inLanguage\":\"es\",\"potentialAction\":[{\"@type\":\"ReadAction\",\"target\":[\"https:\\\/\\\/www.cuballama.com\\\/noticias\\\/se-viraliza-imagen-de-revolucionario-cubano-tan-lleno-de-medallas-en-su-cuerpo-que-parece-un-arbol-de-navidad\\\/\"]}]},{\"@type\":\"ImageObject\",\"inLanguage\":\"es\",\"@id\":\"https:\\\/\\\/www.cuballama.com\\\/noticias\\\/se-viraliza-imagen-de-revolucionario-cubano-tan-lleno-de-medallas-en-su-cuerpo-que-parece-un-arbol-de-navidad\\\/#primaryimage\",\"url\":\"https:\\\/\\\/cdn1.mediawpaccore.net\\\/wp-content\\\/uploads\\\/2026\\\/01\\\/09081009\\\/image-39.png\",\"contentUrl\":\"https:\\\/\\\/cdn1.mediawpaccore.net\\\/wp-content\\\/uploads\\\/2026\\\/01\\\/09081009\\\/image-39.png\",\"width\":1116,\"height\":562,\"caption\":\"Usuarios en las redes se burlan por montones, NO DEL HOMBRE, sino de lo que este intenta representar. Foto: Facebook\"},{\"@type\":\"BreadcrumbList\",\"@id\":\"https:\\\/\\\/www.cuballama.com\\\/noticias\\\/se-viraliza-imagen-de-revolucionario-cubano-tan-lleno-de-medallas-en-su-cuerpo-que-parece-un-arbol-de-navidad\\\/#breadcrumb\",\"itemListElement\":[{\"@type\":\"ListItem\",\"position\":1,\"name\":\"Home\",\"item\":\"https:\\\/\\\/www.cuballama.com\\\/noticias\\\/\"},{\"@type\":\"ListItem\",\"position\":2,\"name\":\"Se viraliza imagen de revolucionario cubano tan lleno de medallas en su cuerpo, que parece un \u00e1rbol de Navidad\"}]},{\"@type\":\"WebSite\",\"@id\":\"https:\\\/\\\/www.cuballama.com\\\/noticias\\\/#website\",\"url\":\"https:\\\/\\\/www.cuballama.com\\\/noticias\\\/\",\"name\":\"Cuballama Noticias\",\"description\":\"Medio digital sobre Cuba y el mundo\",\"publisher\":{\"@id\":\"https:\\\/\\\/www.cuballama.com\\\/noticias\\\/#organization\"},\"potentialAction\":[{\"@type\":\"SearchAction\",\"target\":{\"@type\":\"EntryPoint\",\"urlTemplate\":\"https:\\\/\\\/www.cuballama.com\\\/noticias\\\/?s={search_term_string}\"},\"query-input\":{\"@type\":\"PropertyValueSpecification\",\"valueRequired\":true,\"valueName\":\"search_term_string\"}}],\"inLanguage\":\"es\"},{\"@type\":\"Organization\",\"@id\":\"https:\\\/\\\/www.cuballama.com\\\/noticias\\\/#organization\",\"name\":\"Cuballama\",\"url\":\"https:\\\/\\\/www.cuballama.com\\\/noticias\\\/\",\"logo\":{\"@type\":\"ImageObject\",\"inLanguage\":\"es\",\"@id\":\"https:\\\/\\\/www.cuballama.com\\\/noticias\\\/#\\\/schema\\\/logo\\\/image\\\/\",\"url\":\"https:\\\/\\\/cdn1.mediawpaccore.net\\\/wp-content\\\/uploads\\\/2021\\\/12\\\/28171206\\\/cbll-logo-color-sm.png\",\"contentUrl\":\"https:\\\/\\\/cdn1.mediawpaccore.net\\\/wp-content\\\/uploads\\\/2021\\\/12\\\/28171206\\\/cbll-logo-color-sm.png\",\"width\":600,\"height\":133,\"caption\":\"Cuballama\"},\"image\":{\"@id\":\"https:\\\/\\\/www.cuballama.com\\\/noticias\\\/#\\\/schema\\\/logo\\\/image\\\/\"},\"sameAs\":[\"https:\\\/\\\/www.facebook.com\\\/CubaLlama\",\"https:\\\/\\\/x.com\\\/cuballama\",\"https:\\\/\\\/www.instagram.com\\\/stories\\\/cuballama_oficial\\\/\",\"https:\\\/\\\/www.youtube.com\\\/channel\\\/UCKkFE-d_axENGZcrc4as0IA\"]},{\"@type\":\"Person\",\"@id\":\"https:\\\/\\\/www.cuballama.com\\\/noticias\\\/#\\\/schema\\\/person\\\/a58502ed4146c8e9f83872e897c76cd2\",\"name\":\"Roberto A.\",\"description\":\"Roberto A. Periodista por decisi\u00f3n propia. Interesado en cualquier tema que me apasione y cada vez m\u00e1s comprometido con la verdad y la objetividad period\u00edstica. Graduado en La Habana hace ya muchos a\u00f1os, luego de una accidentada y polvorienta b\u00fasqueda de informaci\u00f3n sobre un tema in\u00e9dito. La Tesis, por cierto, desapareci\u00f3 de la biblioteca y no se conservan copias de la misma.\",\"url\":\"https:\\\/\\\/www.cuballama.com\\\/noticias\\\/author\\\/roberto\\\/\"}]}<\/script>\n<!-- \/ Yoast SEO plugin. -->","yoast_head_json":{"title":"Se viraliza imagen de revolucionario cubano tan lleno de medallas en su cuerpo, que parece un \u00e1rbol de Navidad - Cuballama Noticias","description":"Foto de un cubano tapizado de medallas se vuelve viral: le dicen \u201c\u00e1rbol de Navidad\u201d y retrata el absurdo diario en Cuba hoy!!","robots":{"index":"index","follow":"follow","max-snippet":"max-snippet:-1","max-image-preview":"max-image-preview:large","max-video-preview":"max-video-preview:-1"},"canonical":"https:\/\/www.cuballama.com\/noticias\/se-viraliza-imagen-de-revolucionario-cubano-tan-lleno-de-medallas-en-su-cuerpo-que-parece-un-arbol-de-navidad\/","og_locale":"es_ES","og_type":"article","og_title":"Se viraliza imagen de revolucionario cubano tan lleno de medallas en su cuerpo, que parece un \u00e1rbol de Navidad - Cuballama Noticias","og_description":"Foto de un cubano tapizado de medallas se vuelve viral: le dicen \u201c\u00e1rbol de Navidad\u201d y retrata el absurdo diario en Cuba hoy!!","og_url":"https:\/\/www.cuballama.com\/noticias\/se-viraliza-imagen-de-revolucionario-cubano-tan-lleno-de-medallas-en-su-cuerpo-que-parece-un-arbol-de-navidad\/","og_site_name":"Cuballama Noticias","article_publisher":"https:\/\/www.facebook.com\/CubaLlama","article_published_time":"2026-01-09T16:08:41+00:00","article_modified_time":"2026-01-09T16:08:45+00:00","og_image":[{"width":1116,"height":562,"url":"https:\/\/cdn1.mediawpaccore.net\/wp-content\/uploads\/2026\/01\/09081009\/image-39.png","type":"image\/png"}],"author":"Roberto A.","twitter_card":"summary_large_image","twitter_creator":"@cuballama","twitter_site":"@cuballama","twitter_misc":{"Escrito por":"Roberto A.","Tiempo de lectura":"5 minutos"},"schema":{"@context":"https:\/\/schema.org","@graph":[{"@type":"Article","@id":"https:\/\/www.cuballama.com\/noticias\/se-viraliza-imagen-de-revolucionario-cubano-tan-lleno-de-medallas-en-su-cuerpo-que-parece-un-arbol-de-navidad\/#article","isPartOf":{"@id":"https:\/\/www.cuballama.com\/noticias\/se-viraliza-imagen-de-revolucionario-cubano-tan-lleno-de-medallas-en-su-cuerpo-que-parece-un-arbol-de-navidad\/"},"author":{"name":"Roberto A.","@id":"https:\/\/www.cuballama.com\/noticias\/#\/schema\/person\/a58502ed4146c8e9f83872e897c76cd2"},"headline":"Se viraliza imagen de revolucionario cubano tan lleno de medallas en su cuerpo, que parece un \u00e1rbol de Navidad","datePublished":"2026-01-09T16:08:41+00:00","dateModified":"2026-01-09T16:08:45+00:00","mainEntityOfPage":{"@id":"https:\/\/www.cuballama.com\/noticias\/se-viraliza-imagen-de-revolucionario-cubano-tan-lleno-de-medallas-en-su-cuerpo-que-parece-un-arbol-de-navidad\/"},"wordCount":926,"commentCount":0,"publisher":{"@id":"https:\/\/www.cuballama.com\/noticias\/#organization"},"image":{"@id":"https:\/\/www.cuballama.com\/noticias\/se-viraliza-imagen-de-revolucionario-cubano-tan-lleno-de-medallas-en-su-cuerpo-que-parece-un-arbol-de-navidad\/#primaryimage"},"thumbnailUrl":"https:\/\/cdn1.mediawpaccore.net\/wp-content\/uploads\/2026\/01\/09081009\/image-39.png","keywords":["Cuba","El Lumpen","humor cubano","medallas","militares cubanos","redes Sociales","S\u00e1tira","Susely Morfa","viral"],"articleSection":["Noticias","Noticias de Cuba","Viral"],"inLanguage":"es","potentialAction":[{"@type":"CommentAction","name":"Comment","target":["https:\/\/www.cuballama.com\/noticias\/se-viraliza-imagen-de-revolucionario-cubano-tan-lleno-de-medallas-en-su-cuerpo-que-parece-un-arbol-de-navidad\/#respond"]}]},{"@type":"WebPage","@id":"https:\/\/www.cuballama.com\/noticias\/se-viraliza-imagen-de-revolucionario-cubano-tan-lleno-de-medallas-en-su-cuerpo-que-parece-un-arbol-de-navidad\/","url":"https:\/\/www.cuballama.com\/noticias\/se-viraliza-imagen-de-revolucionario-cubano-tan-lleno-de-medallas-en-su-cuerpo-que-parece-un-arbol-de-navidad\/","name":"Se viraliza imagen de revolucionario cubano tan lleno de medallas en su cuerpo, que parece un \u00e1rbol de Navidad - Cuballama Noticias","isPartOf":{"@id":"https:\/\/www.cuballama.com\/noticias\/#website"},"primaryImageOfPage":{"@id":"https:\/\/www.cuballama.com\/noticias\/se-viraliza-imagen-de-revolucionario-cubano-tan-lleno-de-medallas-en-su-cuerpo-que-parece-un-arbol-de-navidad\/#primaryimage"},"image":{"@id":"https:\/\/www.cuballama.com\/noticias\/se-viraliza-imagen-de-revolucionario-cubano-tan-lleno-de-medallas-en-su-cuerpo-que-parece-un-arbol-de-navidad\/#primaryimage"},"thumbnailUrl":"https:\/\/cdn1.mediawpaccore.net\/wp-content\/uploads\/2026\/01\/09081009\/image-39.png","datePublished":"2026-01-09T16:08:41+00:00","dateModified":"2026-01-09T16:08:45+00:00","description":"Foto de un cubano tapizado de medallas se vuelve viral: le dicen \u201c\u00e1rbol de Navidad\u201d y retrata el absurdo diario en Cuba hoy!!","breadcrumb":{"@id":"https:\/\/www.cuballama.com\/noticias\/se-viraliza-imagen-de-revolucionario-cubano-tan-lleno-de-medallas-en-su-cuerpo-que-parece-un-arbol-de-navidad\/#breadcrumb"},"inLanguage":"es","potentialAction":[{"@type":"ReadAction","target":["https:\/\/www.cuballama.com\/noticias\/se-viraliza-imagen-de-revolucionario-cubano-tan-lleno-de-medallas-en-su-cuerpo-que-parece-un-arbol-de-navidad\/"]}]},{"@type":"ImageObject","inLanguage":"es","@id":"https:\/\/www.cuballama.com\/noticias\/se-viraliza-imagen-de-revolucionario-cubano-tan-lleno-de-medallas-en-su-cuerpo-que-parece-un-arbol-de-navidad\/#primaryimage","url":"https:\/\/cdn1.mediawpaccore.net\/wp-content\/uploads\/2026\/01\/09081009\/image-39.png","contentUrl":"https:\/\/cdn1.mediawpaccore.net\/wp-content\/uploads\/2026\/01\/09081009\/image-39.png","width":1116,"height":562,"caption":"Usuarios en las redes se burlan por montones, NO DEL HOMBRE, sino de lo que este intenta representar. Foto: Facebook"},{"@type":"BreadcrumbList","@id":"https:\/\/www.cuballama.com\/noticias\/se-viraliza-imagen-de-revolucionario-cubano-tan-lleno-de-medallas-en-su-cuerpo-que-parece-un-arbol-de-navidad\/#breadcrumb","itemListElement":[{"@type":"ListItem","position":1,"name":"Home","item":"https:\/\/www.cuballama.com\/noticias\/"},{"@type":"ListItem","position":2,"name":"Se viraliza imagen de revolucionario cubano tan lleno de medallas en su cuerpo, que parece un \u00e1rbol de Navidad"}]},{"@type":"WebSite","@id":"https:\/\/www.cuballama.com\/noticias\/#website","url":"https:\/\/www.cuballama.com\/noticias\/","name":"Cuballama Noticias","description":"Medio digital sobre Cuba y el mundo","publisher":{"@id":"https:\/\/www.cuballama.com\/noticias\/#organization"},"potentialAction":[{"@type":"SearchAction","target":{"@type":"EntryPoint","urlTemplate":"https:\/\/www.cuballama.com\/noticias\/?s={search_term_string}"},"query-input":{"@type":"PropertyValueSpecification","valueRequired":true,"valueName":"search_term_string"}}],"inLanguage":"es"},{"@type":"Organization","@id":"https:\/\/www.cuballama.com\/noticias\/#organization","name":"Cuballama","url":"https:\/\/www.cuballama.com\/noticias\/","logo":{"@type":"ImageObject","inLanguage":"es","@id":"https:\/\/www.cuballama.com\/noticias\/#\/schema\/logo\/image\/","url":"https:\/\/cdn1.mediawpaccore.net\/wp-content\/uploads\/2021\/12\/28171206\/cbll-logo-color-sm.png","contentUrl":"https:\/\/cdn1.mediawpaccore.net\/wp-content\/uploads\/2021\/12\/28171206\/cbll-logo-color-sm.png","width":600,"height":133,"caption":"Cuballama"},"image":{"@id":"https:\/\/www.cuballama.com\/noticias\/#\/schema\/logo\/image\/"},"sameAs":["https:\/\/www.facebook.com\/CubaLlama","https:\/\/x.com\/cuballama","https:\/\/www.instagram.com\/stories\/cuballama_oficial\/","https:\/\/www.youtube.com\/channel\/UCKkFE-d_axENGZcrc4as0IA"]},{"@type":"Person","@id":"https:\/\/www.cuballama.com\/noticias\/#\/schema\/person\/a58502ed4146c8e9f83872e897c76cd2","name":"Roberto A.","description":"Roberto A. Periodista por decisi\u00f3n propia. Interesado en cualquier tema que me apasione y cada vez m\u00e1s comprometido con la verdad y la objetividad period\u00edstica. Graduado en La Habana hace ya muchos a\u00f1os, luego de una accidentada y polvorienta b\u00fasqueda de informaci\u00f3n sobre un tema in\u00e9dito. La Tesis, por cierto, desapareci\u00f3 de la biblioteca y no se conservan copias de la misma.","url":"https:\/\/www.cuballama.com\/noticias\/author\/roberto\/"}]}},"_links":{"self":[{"href":"https:\/\/www.cuballama.com\/noticias\/wp-json\/wp\/v2\/posts\/231419","targetHints":{"allow":["GET"]}}],"collection":[{"href":"https:\/\/www.cuballama.com\/noticias\/wp-json\/wp\/v2\/posts"}],"about":[{"href":"https:\/\/www.cuballama.com\/noticias\/wp-json\/wp\/v2\/types\/post"}],"author":[{"embeddable":true,"href":"https:\/\/www.cuballama.com\/noticias\/wp-json\/wp\/v2\/users\/13"}],"replies":[{"embeddable":true,"href":"https:\/\/www.cuballama.com\/noticias\/wp-json\/wp\/v2\/comments?post=231419"}],"version-history":[{"count":6,"href":"https:\/\/www.cuballama.com\/noticias\/wp-json\/wp\/v2\/posts\/231419\/revisions"}],"predecessor-version":[{"id":231430,"href":"https:\/\/www.cuballama.com\/noticias\/wp-json\/wp\/v2\/posts\/231419\/revisions\/231430"}],"wp:featuredmedia":[{"embeddable":true,"href":"https:\/\/www.cuballama.com\/noticias\/wp-json\/wp\/v2\/media\/231428"}],"wp:attachment":[{"href":"https:\/\/www.cuballama.com\/noticias\/wp-json\/wp\/v2\/media?parent=231419"}],"wp:term":[{"taxonomy":"category","embeddable":true,"href":"https:\/\/www.cuballama.com\/noticias\/wp-json\/wp\/v2\/categories?post=231419"},{"taxonomy":"post_tag","embeddable":true,"href":"https:\/\/www.cuballama.com\/noticias\/wp-json\/wp\/v2\/tags?post=231419"}],"curies":[{"name":"wp","href":"https:\/\/api.w.org\/{rel}","templated":true}]}}