{"id":231412,"date":"2026-01-09T12:53:08","date_gmt":"2026-01-09T17:53:08","guid":{"rendered":"https:\/\/www.cuballama.com\/noticias\/?p=231412"},"modified":"2026-01-09T13:02:05","modified_gmt":"2026-01-09T18:02:05","slug":"actor-armando-tomey-se-declara-fundido-por-trump-maduro-y-no-saber-lo-que-viene","status":"publish","type":"post","link":"https:\/\/www.cuballama.com\/noticias\/actor-armando-tomey-se-declara-fundido-por-trump-maduro-y-no-saber-lo-que-viene\/","title":{"rendered":"Actor Armando Tomey se declara \u201cfundido\u201d por \u201cTrump, Maduro y no saber lo que viene\u201d"},"content":{"rendered":"\n<p>El actor cubano Armando Tomey se declar\u00f3 \u201cfundido\u201d despu\u00e9s de darse cuenta de que sali\u00f3 a la calle con dos chancletas distintas puestas y de querer subir a un carro que no era el suyo.<\/p>\n\n\n\n<p>Aunque el artista <a href=\"https:\/\/www.cuballama.com\/noticias\/actor-cubano-armando-tomey-cumple-69-anos-de-paseo-por-chicago-con-su-esposa-raysa\/?srsltid=AfmBOoqDwDCba25ehp-LtT0Xu2tk5Pl3lchhNaM5NO3BlkMy25VZQiR_\" target=\"_blank\" rel=\"noreferrer noopener\">de 69 a\u00f1os<\/a> comparti\u00f3 con sus miles de seguidores en redes sociales la graciosa an\u00e9cdota, dej\u00f3 un mensaje en el que mostr\u00f3 preocupaci\u00f3n por el futuro <a href=\"https:\/\/www.cuballama.com\/noticias\/trump-cancela-segunda-ola-de-ataques-contra-venezuela-porque-estan-trabajando-bien-juntos\/\" target=\"_blank\" rel=\"noreferrer noopener\">tras la captura<\/a> del exdictador venezolano Nicol\u00e1s Maduro por orden del presidente Donald Trump.<\/p>\n\n\n\n<p>\u201cSe me fue la catalina. Camin\u00e9 todo el Publix, todo el parqueo, me fui para el correo, sal\u00ed y me mont\u00e9 en un carro que no era el m\u00edo. Y ah\u00ed descubri mis pies\u201d, se\u00f1al\u00f3 al hacer uso de una frase muy cubana expresi\u00f3n cubana que significa que a uno se le olvid\u00f3 algo importante, cometi\u00f3 un error o se despist\u00f3.<\/p>\n\n\n\n<iframe loading=\"lazy\" src=\"https:\/\/www.facebook.com\/plugins\/post.php?href=https%3A%2F%2Fwww.facebook.com%2Farmando.tomey.7%2Fposts%2Fpfbid0LsyR4WwpTZ4hftTeEC6LgY15XPCgfB9NLadR45GvGyDMyGWP1FN2myfiFm1wT7R2l&#038;show_text=true&#038;width=500\" width=\"500\" height=\"250\" style=\"border:none;overflow:hidden\" scrolling=\"no\" frameborder=\"0\" allowfullscreen=\"true\" allow=\"autoplay; clipboard-write; encrypted-media; picture-in-picture; web-share\"><\/iframe>\n\n\n\n<p>\u201cMe baj\u00e9 doblemente asustado\u201d, relat\u00f3 Tomer, radicado desde hace a\u00f1os en Estados Unidos, al reconocer que \u201cTrump, Maduro y no saber lo que viene\u201d lo tienen \u201cfundido\u201d.\u00a0<\/p>\n\n\n\n<p>A juzgar por anteriores publicaciones en Facebook, Tomey ha estado siguiendo de cerca lo que ha pasado toda la semana entre Estados Unidos y Venezuela.<\/p>\n\n\n\n<p>\u201cMe refugio en mi entorno y descanso de la pol\u00edtica. Lo de Maduro es muy duro y me tiene sin dormir. Los pol\u00edticos hacen y deshacen a su antojo y siempre las cosas no son como uno quiere o prefiere. El pueblo sufre y espera\u201d, coment\u00f3 en una de ellas&nbsp; al mostrarse cuidando su jard\u00edn.<\/p>\n\n\n\n<iframe loading=\"lazy\" src=\"https:\/\/www.facebook.com\/plugins\/post.php?href=https%3A%2F%2Fwww.facebook.com%2Farmando.tomey.7%2Fposts%2Fpfbid021AS4ovaSEBgK45o4GTbrYjaPwTioiYaMeW2QYn4dWjB9FTpHLHxfsLM3nmfzWh1Rl&#038;show_text=true&#038;width=500\" width=\"500\" height=\"250\" style=\"border:none;overflow:hidden\" scrolling=\"no\" frameborder=\"0\" allowfullscreen=\"true\" allow=\"autoplay; clipboard-write; encrypted-media; picture-in-picture; web-share\"><\/iframe>\n\n\n\n<p>\u201cNadie cre\u00eda que capturar\u00edan a Maduro. Pero menos cre\u00edble es que su camarilla de criminales como Diosdado (Cabello) quedaran en el poder, frescos como la lechuga. Si no sueltan a los presos pol\u00edticos y convocan a eleciones libres, sin robo, todo es mentira\u201d, opin\u00f3.<\/p>\n\n\n\n<p>Desde la \u00f3ptica del actor, \u201ctodo es muy confuso\u201d ya que ha habido \u201cmucho j\u00fabilo por el secuestro de Maduro\u201d, pero \u201cest\u00e1 la misma camarila en el poder y Trump diciendo que esta a cargo\u201d. \u201cMadurismo sin Maduro dirigi\u00e9doles el negocio. Est\u00e1 cabr\u00f3n\u201d, apunt\u00f3.<\/p>\n\n\n\n<iframe loading=\"lazy\" src=\"https:\/\/www.facebook.com\/plugins\/post.php?href=https%3A%2F%2Fwww.facebook.com%2Farmando.tomey.7%2Fposts%2Fpfbid0Xksz66Qjoty9VvcefB5rhdLgorHL2jwPCiieiGSR18sQPPrmj59n6ZbBX52WH2Ljl&#038;show_text=true&#038;width=500\" width=\"500\" height=\"250\" style=\"border:none;overflow:hidden\" scrolling=\"no\" frameborder=\"0\" allowfullscreen=\"true\" allow=\"autoplay; clipboard-write; encrypted-media; picture-in-picture; web-share\"><\/iframe>\n\n\n\n<p>El pasado s\u00e1bado, tras darse a conocer la captura de Maduro, Tomey agradeci\u00f3 a Dios por haberle concedido \u201cuna de mis peticiones para este a\u00f1o\u201d.<\/p>\n\n\n\n<p>\u201cAs\u00ed deben terminar todos los dictadores asesinos\u201d, escribi\u00f3 al recalcar que \u201clos malos no pueden ganar siempre\u201d. \u201cFaltan m\u00e1s. Las embajadas de Caracas se est\u00e1n llenando. Las ratas buscan refugio\u201d, destac\u00f3.&nbsp;<\/p>\n\n\n\n<iframe loading=\"lazy\" src=\"https:\/\/www.facebook.com\/plugins\/post.php?href=https%3A%2F%2Fwww.facebook.com%2Farmando.tomey.7%2Fposts%2Fpfbid02D7Up648DfLQzcoLaJVESu1VuT4j9Aetki6nWS8x9YzsSQXsLPyXBcGGMUpbY16Wzl&#038;show_text=true&#038;width=500\" width=\"500\" height=\"250\" style=\"border:none;overflow:hidden\" scrolling=\"no\" frameborder=\"0\" allowfullscreen=\"true\" allow=\"autoplay; clipboard-write; encrypted-media; picture-in-picture; web-share\"><\/iframe>\n\n\n\n<p>Por otro lado, al ver el modo en que reaccion\u00f3 Maduro tras ser mostrado en c\u00e1mara ya en suelo estadounidense: \u201cLleg\u00f3 hablando ingl\u00e9s. \u00c9l piensa que por educado le pueden rebajar la condena. Pero cuando al juez le recuerden la cantidad de personas que asesin\u00f3, tortur\u00f3 y encerr\u00f3, puede que se la aumenten\u201d.&nbsp;<\/p>\n\n\n\n<p>\u201cMuy triste que algunos cubanos, por defender una causa equivocada, hayan dado su vida por defenderlo. La historia se repite. Angola, Etiop\u00eda, etc., etc.\u201d, expres\u00f3 adem\u00e1s sobre la muerte de militares cubanos en Venezuela durante la operaci\u00f3n \u201ca gran escala\u201d para detener a Maduro.<\/p>\n\n\n\n<p><\/p>\n","protected":false},"excerpt":{"rendered":"<p>El cubano destac\u00f3 que los pol\u00edticos hacen y deshacen a su antojo, mientras el pueblo sufre y espera.<\/p>\n","protected":false},"author":30,"featured_media":231450,"comment_status":"open","ping_status":"closed","sticky":false,"template":"","format":"standard","meta":{"_acf_changed":false,"footnotes":""},"categories":[443,18],"tags":[18448,11050,941,700,11576],"class_list":{"0":"post-231412","1":"post","2":"type-post","3":"status-publish","4":"format-standard","5":"has-post-thumbnail","7":"category-farandula","8":"category-noticias","9":"tag-armando-tomey","10":"tag-cubanos-en-miami","11":"tag-destacado","12":"tag-donald-trump","13":"tag-nicolas-maduro-2"},"acf":[],"yoast_head":"<!-- This site is optimized with the Yoast SEO plugin v27.5 - https:\/\/yoast.com\/product\/yoast-seo-wordpress\/ -->\n<title>Actor Armando Tomey se declara \u201cfundido\u201d por \u201cTrump, Maduro y no saber lo que viene\u201d - Cuballama Noticias<\/title>\n<meta name=\"description\" content=\"El actor cubano Armando Tomey se declar\u00f3 \u201cfundido\u201d tras la captura de Nicol\u00e1s Maduro por orden de Donald Trump.\" \/>\n<meta name=\"robots\" content=\"index, follow, max-snippet:-1, max-image-preview:large, max-video-preview:-1\" \/>\n<link rel=\"canonical\" href=\"https:\/\/www.cuballama.com\/noticias\/actor-armando-tomey-se-declara-fundido-por-trump-maduro-y-no-saber-lo-que-viene\/\" \/>\n<meta property=\"og:locale\" content=\"es_ES\" \/>\n<meta property=\"og:type\" content=\"article\" \/>\n<meta property=\"og:title\" content=\"Actor Armando Tomey se declara \u201cfundido\u201d por \u201cTrump, Maduro y no saber lo que viene\u201d - Cuballama Noticias\" \/>\n<meta property=\"og:description\" content=\"El actor cubano Armando Tomey se declar\u00f3 \u201cfundido\u201d tras la captura de Nicol\u00e1s Maduro por orden de Donald Trump.\" \/>\n<meta property=\"og:url\" content=\"https:\/\/www.cuballama.com\/noticias\/actor-armando-tomey-se-declara-fundido-por-trump-maduro-y-no-saber-lo-que-viene\/\" \/>\n<meta property=\"og:site_name\" content=\"Cuballama Noticias\" \/>\n<meta property=\"article:publisher\" content=\"https:\/\/www.facebook.com\/CubaLlama\" \/>\n<meta property=\"article:published_time\" content=\"2026-01-09T17:53:08+00:00\" \/>\n<meta property=\"article:modified_time\" content=\"2026-01-09T18:02:05+00:00\" \/>\n<meta property=\"og:image\" content=\"https:\/\/cdn1.mediawpaccore.net\/wp-content\/uploads\/2026\/01\/09103648\/612984506_2976174559250642_8701590114215096155_n1.jpg\" \/>\n\t<meta property=\"og:image:width\" content=\"1200\" \/>\n\t<meta property=\"og:image:height\" content=\"630\" \/>\n\t<meta property=\"og:image:type\" content=\"image\/jpeg\" \/>\n<meta name=\"author\" content=\"Kathy\" \/>\n<meta name=\"twitter:card\" content=\"summary_large_image\" \/>\n<meta name=\"twitter:creator\" content=\"@cuballama\" \/>\n<meta name=\"twitter:site\" content=\"@cuballama\" \/>\n<meta name=\"twitter:label1\" content=\"Escrito por\" \/>\n\t<meta name=\"twitter:data1\" content=\"Kathy\" \/>\n\t<meta name=\"twitter:label2\" content=\"Tiempo de lectura\" \/>\n\t<meta name=\"twitter:data2\" content=\"3 minutos\" \/>\n<script type=\"application\/ld+json\" class=\"yoast-schema-graph\">{\"@context\":\"https:\\\/\\\/schema.org\",\"@graph\":[{\"@type\":\"Article\",\"@id\":\"https:\\\/\\\/www.cuballama.com\\\/noticias\\\/actor-armando-tomey-se-declara-fundido-por-trump-maduro-y-no-saber-lo-que-viene\\\/#article\",\"isPartOf\":{\"@id\":\"https:\\\/\\\/www.cuballama.com\\\/noticias\\\/actor-armando-tomey-se-declara-fundido-por-trump-maduro-y-no-saber-lo-que-viene\\\/\"},\"author\":{\"name\":\"Kathy\",\"@id\":\"https:\\\/\\\/www.cuballama.com\\\/noticias\\\/#\\\/schema\\\/person\\\/86cd3e3f4974437f031211213bf892d5\"},\"headline\":\"Actor Armando Tomey se declara \u201cfundido\u201d por \u201cTrump, Maduro y no saber lo que viene\u201d\",\"datePublished\":\"2026-01-09T17:53:08+00:00\",\"dateModified\":\"2026-01-09T18:02:05+00:00\",\"mainEntityOfPage\":{\"@id\":\"https:\\\/\\\/www.cuballama.com\\\/noticias\\\/actor-armando-tomey-se-declara-fundido-por-trump-maduro-y-no-saber-lo-que-viene\\\/\"},\"wordCount\":532,\"commentCount\":0,\"publisher\":{\"@id\":\"https:\\\/\\\/www.cuballama.com\\\/noticias\\\/#organization\"},\"image\":{\"@id\":\"https:\\\/\\\/www.cuballama.com\\\/noticias\\\/actor-armando-tomey-se-declara-fundido-por-trump-maduro-y-no-saber-lo-que-viene\\\/#primaryimage\"},\"thumbnailUrl\":\"https:\\\/\\\/cdn1.mediawpaccore.net\\\/wp-content\\\/uploads\\\/2026\\\/01\\\/09103648\\\/612984506_2976174559250642_8701590114215096155_n1.jpg\",\"keywords\":[\"Armando Tomey\",\"cubanos en Miami\",\"destacado\",\"Donald Trump\",\"Nicol\u00e1s Maduro\"],\"articleSection\":[\"Far\u00e1ndula\",\"Noticias\"],\"inLanguage\":\"es\",\"potentialAction\":[{\"@type\":\"CommentAction\",\"name\":\"Comment\",\"target\":[\"https:\\\/\\\/www.cuballama.com\\\/noticias\\\/actor-armando-tomey-se-declara-fundido-por-trump-maduro-y-no-saber-lo-que-viene\\\/#respond\"]}]},{\"@type\":\"WebPage\",\"@id\":\"https:\\\/\\\/www.cuballama.com\\\/noticias\\\/actor-armando-tomey-se-declara-fundido-por-trump-maduro-y-no-saber-lo-que-viene\\\/\",\"url\":\"https:\\\/\\\/www.cuballama.com\\\/noticias\\\/actor-armando-tomey-se-declara-fundido-por-trump-maduro-y-no-saber-lo-que-viene\\\/\",\"name\":\"Actor Armando Tomey se declara \u201cfundido\u201d por \u201cTrump, Maduro y no saber lo que viene\u201d - Cuballama Noticias\",\"isPartOf\":{\"@id\":\"https:\\\/\\\/www.cuballama.com\\\/noticias\\\/#website\"},\"primaryImageOfPage\":{\"@id\":\"https:\\\/\\\/www.cuballama.com\\\/noticias\\\/actor-armando-tomey-se-declara-fundido-por-trump-maduro-y-no-saber-lo-que-viene\\\/#primaryimage\"},\"image\":{\"@id\":\"https:\\\/\\\/www.cuballama.com\\\/noticias\\\/actor-armando-tomey-se-declara-fundido-por-trump-maduro-y-no-saber-lo-que-viene\\\/#primaryimage\"},\"thumbnailUrl\":\"https:\\\/\\\/cdn1.mediawpaccore.net\\\/wp-content\\\/uploads\\\/2026\\\/01\\\/09103648\\\/612984506_2976174559250642_8701590114215096155_n1.jpg\",\"datePublished\":\"2026-01-09T17:53:08+00:00\",\"dateModified\":\"2026-01-09T18:02:05+00:00\",\"description\":\"El actor cubano Armando Tomey se declar\u00f3 \u201cfundido\u201d tras la captura de Nicol\u00e1s Maduro por orden de Donald Trump.\",\"breadcrumb\":{\"@id\":\"https:\\\/\\\/www.cuballama.com\\\/noticias\\\/actor-armando-tomey-se-declara-fundido-por-trump-maduro-y-no-saber-lo-que-viene\\\/#breadcrumb\"},\"inLanguage\":\"es\",\"potentialAction\":[{\"@type\":\"ReadAction\",\"target\":[\"https:\\\/\\\/www.cuballama.com\\\/noticias\\\/actor-armando-tomey-se-declara-fundido-por-trump-maduro-y-no-saber-lo-que-viene\\\/\"]}]},{\"@type\":\"ImageObject\",\"inLanguage\":\"es\",\"@id\":\"https:\\\/\\\/www.cuballama.com\\\/noticias\\\/actor-armando-tomey-se-declara-fundido-por-trump-maduro-y-no-saber-lo-que-viene\\\/#primaryimage\",\"url\":\"https:\\\/\\\/cdn1.mediawpaccore.net\\\/wp-content\\\/uploads\\\/2026\\\/01\\\/09103648\\\/612984506_2976174559250642_8701590114215096155_n1.jpg\",\"contentUrl\":\"https:\\\/\\\/cdn1.mediawpaccore.net\\\/wp-content\\\/uploads\\\/2026\\\/01\\\/09103648\\\/612984506_2976174559250642_8701590114215096155_n1.jpg\",\"width\":1200,\"height\":630,\"caption\":\"Armando Tomey. Foto: Facebook\\\/Armando Tomey.\"},{\"@type\":\"BreadcrumbList\",\"@id\":\"https:\\\/\\\/www.cuballama.com\\\/noticias\\\/actor-armando-tomey-se-declara-fundido-por-trump-maduro-y-no-saber-lo-que-viene\\\/#breadcrumb\",\"itemListElement\":[{\"@type\":\"ListItem\",\"position\":1,\"name\":\"Home\",\"item\":\"https:\\\/\\\/www.cuballama.com\\\/noticias\\\/\"},{\"@type\":\"ListItem\",\"position\":2,\"name\":\"Actor Armando Tomey se declara \u201cfundido\u201d por \u201cTrump, Maduro y no saber lo que viene\u201d\"}]},{\"@type\":\"WebSite\",\"@id\":\"https:\\\/\\\/www.cuballama.com\\\/noticias\\\/#website\",\"url\":\"https:\\\/\\\/www.cuballama.com\\\/noticias\\\/\",\"name\":\"Cuballama Noticias\",\"description\":\"Medio digital sobre Cuba y el mundo\",\"publisher\":{\"@id\":\"https:\\\/\\\/www.cuballama.com\\\/noticias\\\/#organization\"},\"potentialAction\":[{\"@type\":\"SearchAction\",\"target\":{\"@type\":\"EntryPoint\",\"urlTemplate\":\"https:\\\/\\\/www.cuballama.com\\\/noticias\\\/?s={search_term_string}\"},\"query-input\":{\"@type\":\"PropertyValueSpecification\",\"valueRequired\":true,\"valueName\":\"search_term_string\"}}],\"inLanguage\":\"es\"},{\"@type\":\"Organization\",\"@id\":\"https:\\\/\\\/www.cuballama.com\\\/noticias\\\/#organization\",\"name\":\"Cuballama\",\"url\":\"https:\\\/\\\/www.cuballama.com\\\/noticias\\\/\",\"logo\":{\"@type\":\"ImageObject\",\"inLanguage\":\"es\",\"@id\":\"https:\\\/\\\/www.cuballama.com\\\/noticias\\\/#\\\/schema\\\/logo\\\/image\\\/\",\"url\":\"https:\\\/\\\/cdn1.mediawpaccore.net\\\/wp-content\\\/uploads\\\/2021\\\/12\\\/28171206\\\/cbll-logo-color-sm.png\",\"contentUrl\":\"https:\\\/\\\/cdn1.mediawpaccore.net\\\/wp-content\\\/uploads\\\/2021\\\/12\\\/28171206\\\/cbll-logo-color-sm.png\",\"width\":600,\"height\":133,\"caption\":\"Cuballama\"},\"image\":{\"@id\":\"https:\\\/\\\/www.cuballama.com\\\/noticias\\\/#\\\/schema\\\/logo\\\/image\\\/\"},\"sameAs\":[\"https:\\\/\\\/www.facebook.com\\\/CubaLlama\",\"https:\\\/\\\/x.com\\\/cuballama\",\"https:\\\/\\\/www.instagram.com\\\/stories\\\/cuballama_oficial\\\/\",\"https:\\\/\\\/www.youtube.com\\\/channel\\\/UCKkFE-d_axENGZcrc4as0IA\"]},{\"@type\":\"Person\",\"@id\":\"https:\\\/\\\/www.cuballama.com\\\/noticias\\\/#\\\/schema\\\/person\\\/86cd3e3f4974437f031211213bf892d5\",\"name\":\"Kathy\",\"url\":\"https:\\\/\\\/www.cuballama.com\\\/noticias\\\/author\\\/kathy\\\/\"}]}<\/script>\n<!-- \/ Yoast SEO plugin. -->","yoast_head_json":{"title":"Actor Armando Tomey se declara \u201cfundido\u201d por \u201cTrump, Maduro y no saber lo que viene\u201d - Cuballama Noticias","description":"El actor cubano Armando Tomey se declar\u00f3 \u201cfundido\u201d tras la captura de Nicol\u00e1s Maduro por orden de Donald Trump.","robots":{"index":"index","follow":"follow","max-snippet":"max-snippet:-1","max-image-preview":"max-image-preview:large","max-video-preview":"max-video-preview:-1"},"canonical":"https:\/\/www.cuballama.com\/noticias\/actor-armando-tomey-se-declara-fundido-por-trump-maduro-y-no-saber-lo-que-viene\/","og_locale":"es_ES","og_type":"article","og_title":"Actor Armando Tomey se declara \u201cfundido\u201d por \u201cTrump, Maduro y no saber lo que viene\u201d - Cuballama Noticias","og_description":"El actor cubano Armando Tomey se declar\u00f3 \u201cfundido\u201d tras la captura de Nicol\u00e1s Maduro por orden de Donald Trump.","og_url":"https:\/\/www.cuballama.com\/noticias\/actor-armando-tomey-se-declara-fundido-por-trump-maduro-y-no-saber-lo-que-viene\/","og_site_name":"Cuballama Noticias","article_publisher":"https:\/\/www.facebook.com\/CubaLlama","article_published_time":"2026-01-09T17:53:08+00:00","article_modified_time":"2026-01-09T18:02:05+00:00","og_image":[{"width":1200,"height":630,"url":"https:\/\/cdn1.mediawpaccore.net\/wp-content\/uploads\/2026\/01\/09103648\/612984506_2976174559250642_8701590114215096155_n1.jpg","type":"image\/jpeg"}],"author":"Kathy","twitter_card":"summary_large_image","twitter_creator":"@cuballama","twitter_site":"@cuballama","twitter_misc":{"Escrito por":"Kathy","Tiempo de lectura":"3 minutos"},"schema":{"@context":"https:\/\/schema.org","@graph":[{"@type":"Article","@id":"https:\/\/www.cuballama.com\/noticias\/actor-armando-tomey-se-declara-fundido-por-trump-maduro-y-no-saber-lo-que-viene\/#article","isPartOf":{"@id":"https:\/\/www.cuballama.com\/noticias\/actor-armando-tomey-se-declara-fundido-por-trump-maduro-y-no-saber-lo-que-viene\/"},"author":{"name":"Kathy","@id":"https:\/\/www.cuballama.com\/noticias\/#\/schema\/person\/86cd3e3f4974437f031211213bf892d5"},"headline":"Actor Armando Tomey se declara \u201cfundido\u201d por \u201cTrump, Maduro y no saber lo que viene\u201d","datePublished":"2026-01-09T17:53:08+00:00","dateModified":"2026-01-09T18:02:05+00:00","mainEntityOfPage":{"@id":"https:\/\/www.cuballama.com\/noticias\/actor-armando-tomey-se-declara-fundido-por-trump-maduro-y-no-saber-lo-que-viene\/"},"wordCount":532,"commentCount":0,"publisher":{"@id":"https:\/\/www.cuballama.com\/noticias\/#organization"},"image":{"@id":"https:\/\/www.cuballama.com\/noticias\/actor-armando-tomey-se-declara-fundido-por-trump-maduro-y-no-saber-lo-que-viene\/#primaryimage"},"thumbnailUrl":"https:\/\/cdn1.mediawpaccore.net\/wp-content\/uploads\/2026\/01\/09103648\/612984506_2976174559250642_8701590114215096155_n1.jpg","keywords":["Armando Tomey","cubanos en Miami","destacado","Donald Trump","Nicol\u00e1s Maduro"],"articleSection":["Far\u00e1ndula","Noticias"],"inLanguage":"es","potentialAction":[{"@type":"CommentAction","name":"Comment","target":["https:\/\/www.cuballama.com\/noticias\/actor-armando-tomey-se-declara-fundido-por-trump-maduro-y-no-saber-lo-que-viene\/#respond"]}]},{"@type":"WebPage","@id":"https:\/\/www.cuballama.com\/noticias\/actor-armando-tomey-se-declara-fundido-por-trump-maduro-y-no-saber-lo-que-viene\/","url":"https:\/\/www.cuballama.com\/noticias\/actor-armando-tomey-se-declara-fundido-por-trump-maduro-y-no-saber-lo-que-viene\/","name":"Actor Armando Tomey se declara \u201cfundido\u201d por \u201cTrump, Maduro y no saber lo que viene\u201d - Cuballama Noticias","isPartOf":{"@id":"https:\/\/www.cuballama.com\/noticias\/#website"},"primaryImageOfPage":{"@id":"https:\/\/www.cuballama.com\/noticias\/actor-armando-tomey-se-declara-fundido-por-trump-maduro-y-no-saber-lo-que-viene\/#primaryimage"},"image":{"@id":"https:\/\/www.cuballama.com\/noticias\/actor-armando-tomey-se-declara-fundido-por-trump-maduro-y-no-saber-lo-que-viene\/#primaryimage"},"thumbnailUrl":"https:\/\/cdn1.mediawpaccore.net\/wp-content\/uploads\/2026\/01\/09103648\/612984506_2976174559250642_8701590114215096155_n1.jpg","datePublished":"2026-01-09T17:53:08+00:00","dateModified":"2026-01-09T18:02:05+00:00","description":"El actor cubano Armando Tomey se declar\u00f3 \u201cfundido\u201d tras la captura de Nicol\u00e1s Maduro por orden de Donald Trump.","breadcrumb":{"@id":"https:\/\/www.cuballama.com\/noticias\/actor-armando-tomey-se-declara-fundido-por-trump-maduro-y-no-saber-lo-que-viene\/#breadcrumb"},"inLanguage":"es","potentialAction":[{"@type":"ReadAction","target":["https:\/\/www.cuballama.com\/noticias\/actor-armando-tomey-se-declara-fundido-por-trump-maduro-y-no-saber-lo-que-viene\/"]}]},{"@type":"ImageObject","inLanguage":"es","@id":"https:\/\/www.cuballama.com\/noticias\/actor-armando-tomey-se-declara-fundido-por-trump-maduro-y-no-saber-lo-que-viene\/#primaryimage","url":"https:\/\/cdn1.mediawpaccore.net\/wp-content\/uploads\/2026\/01\/09103648\/612984506_2976174559250642_8701590114215096155_n1.jpg","contentUrl":"https:\/\/cdn1.mediawpaccore.net\/wp-content\/uploads\/2026\/01\/09103648\/612984506_2976174559250642_8701590114215096155_n1.jpg","width":1200,"height":630,"caption":"Armando Tomey. Foto: Facebook\/Armando Tomey."},{"@type":"BreadcrumbList","@id":"https:\/\/www.cuballama.com\/noticias\/actor-armando-tomey-se-declara-fundido-por-trump-maduro-y-no-saber-lo-que-viene\/#breadcrumb","itemListElement":[{"@type":"ListItem","position":1,"name":"Home","item":"https:\/\/www.cuballama.com\/noticias\/"},{"@type":"ListItem","position":2,"name":"Actor Armando Tomey se declara \u201cfundido\u201d por \u201cTrump, Maduro y no saber lo que viene\u201d"}]},{"@type":"WebSite","@id":"https:\/\/www.cuballama.com\/noticias\/#website","url":"https:\/\/www.cuballama.com\/noticias\/","name":"Cuballama Noticias","description":"Medio digital sobre Cuba y el mundo","publisher":{"@id":"https:\/\/www.cuballama.com\/noticias\/#organization"},"potentialAction":[{"@type":"SearchAction","target":{"@type":"EntryPoint","urlTemplate":"https:\/\/www.cuballama.com\/noticias\/?s={search_term_string}"},"query-input":{"@type":"PropertyValueSpecification","valueRequired":true,"valueName":"search_term_string"}}],"inLanguage":"es"},{"@type":"Organization","@id":"https:\/\/www.cuballama.com\/noticias\/#organization","name":"Cuballama","url":"https:\/\/www.cuballama.com\/noticias\/","logo":{"@type":"ImageObject","inLanguage":"es","@id":"https:\/\/www.cuballama.com\/noticias\/#\/schema\/logo\/image\/","url":"https:\/\/cdn1.mediawpaccore.net\/wp-content\/uploads\/2021\/12\/28171206\/cbll-logo-color-sm.png","contentUrl":"https:\/\/cdn1.mediawpaccore.net\/wp-content\/uploads\/2021\/12\/28171206\/cbll-logo-color-sm.png","width":600,"height":133,"caption":"Cuballama"},"image":{"@id":"https:\/\/www.cuballama.com\/noticias\/#\/schema\/logo\/image\/"},"sameAs":["https:\/\/www.facebook.com\/CubaLlama","https:\/\/x.com\/cuballama","https:\/\/www.instagram.com\/stories\/cuballama_oficial\/","https:\/\/www.youtube.com\/channel\/UCKkFE-d_axENGZcrc4as0IA"]},{"@type":"Person","@id":"https:\/\/www.cuballama.com\/noticias\/#\/schema\/person\/86cd3e3f4974437f031211213bf892d5","name":"Kathy","url":"https:\/\/www.cuballama.com\/noticias\/author\/kathy\/"}]}},"_links":{"self":[{"href":"https:\/\/www.cuballama.com\/noticias\/wp-json\/wp\/v2\/posts\/231412","targetHints":{"allow":["GET"]}}],"collection":[{"href":"https:\/\/www.cuballama.com\/noticias\/wp-json\/wp\/v2\/posts"}],"about":[{"href":"https:\/\/www.cuballama.com\/noticias\/wp-json\/wp\/v2\/types\/post"}],"author":[{"embeddable":true,"href":"https:\/\/www.cuballama.com\/noticias\/wp-json\/wp\/v2\/users\/30"}],"replies":[{"embeddable":true,"href":"https:\/\/www.cuballama.com\/noticias\/wp-json\/wp\/v2\/comments?post=231412"}],"version-history":[{"count":6,"href":"https:\/\/www.cuballama.com\/noticias\/wp-json\/wp\/v2\/posts\/231412\/revisions"}],"predecessor-version":[{"id":231479,"href":"https:\/\/www.cuballama.com\/noticias\/wp-json\/wp\/v2\/posts\/231412\/revisions\/231479"}],"wp:featuredmedia":[{"embeddable":true,"href":"https:\/\/www.cuballama.com\/noticias\/wp-json\/wp\/v2\/media\/231450"}],"wp:attachment":[{"href":"https:\/\/www.cuballama.com\/noticias\/wp-json\/wp\/v2\/media?parent=231412"}],"wp:term":[{"taxonomy":"category","embeddable":true,"href":"https:\/\/www.cuballama.com\/noticias\/wp-json\/wp\/v2\/categories?post=231412"},{"taxonomy":"post_tag","embeddable":true,"href":"https:\/\/www.cuballama.com\/noticias\/wp-json\/wp\/v2\/tags?post=231412"}],"curies":[{"name":"wp","href":"https:\/\/api.w.org\/{rel}","templated":true}]}}