{"id":231360,"date":"2026-01-10T14:43:08","date_gmt":"2026-01-10T19:43:08","guid":{"rendered":"https:\/\/www.cuballama.com\/noticias\/?p=231360"},"modified":"2026-01-10T14:43:11","modified_gmt":"2026-01-10T19:43:11","slug":"la-diosa-sobre-su-ruptura-con-ultrack-el-me-fallo-a-mi","status":"publish","type":"post","link":"https:\/\/www.cuballama.com\/noticias\/la-diosa-sobre-su-ruptura-con-ultrack-el-me-fallo-a-mi\/","title":{"rendered":"La Diosa sobre su ruptura con Ultrack: \u00ab\u00c9l me fall\u00f3 a m\u00ed\u00bb"},"content":{"rendered":"\n<p>En <strong><em>El Rancho de Destino<\/em><\/strong>, donde la far\u00e1ndula se mezcla con confesiones sin maquillaje, <strong>La Diosa<\/strong> tuvo uno de esos momentos que cambian el tono del programa. La cantante cubana habl\u00f3, sin rodeos, del quiebre con <strong>Ultrack<\/strong>, una amistad que hasta hace poco era de las m\u00e1s visibles, y comentadas, del mundillo art\u00edstico cubano.<\/p>\n\n\n\n<p>Seg\u00fan cont\u00f3, lo de ellos ven\u00eda de lejos: se conoc\u00edan desde Cuba, compart\u00edan c\u00f3digos de \u201cfamilia elegida\u201d y ella lleg\u00f3 a verlo \u201ccomo un hermano\u201d. Por eso, lo que pas\u00f3 despu\u00e9s no fue un simple \u201cunfollow\u201d o una racha de silencio: fue una ruptura que, a su manera, le dej\u00f3 marca.<\/p>\n\n\n\n<p>La Diosa arranc\u00f3 poniendo sobre la mesa lo que para ella sigue siendo una contradicci\u00f3n p\u00fablica. \u201cUltrack a m\u00ed no me habla, \u00bfy cu\u00e1ntas veces sale a decir que amiga como La Diosa no existe?\u201d, solt\u00f3, dejando claro que no entiende del todo el doble discurso. Y cuando <strong>Brayan El Joker<\/strong> y <strong>Kenny Robert<\/strong> le pidieron la raz\u00f3n del distanciamiento, no busc\u00f3 vueltas ni eufemismos: \u201c\u00c9l me fall\u00f3 a m\u00ed\u201d.<\/p>\n\n\n\n<blockquote class=\"tiktok-embed\" cite=\"https:\/\/www.tiktok.com\/@polemica599\/video\/7592976839509937463\" data-video-id=\"7592976839509937463\" style=\"max-width: 605px;min-width: 325px;\" > <section> <a target=\"_blank\" title=\"@polemica599\" href=\"https:\/\/www.tiktok.com\/@polemica599?refer=embed\">@polemica599<\/a> <p><\/p> <a target=\"_blank\" title=\"\u266c sonido original - Pol\u00e9mica Diaria\" href=\"https:\/\/www.tiktok.com\/music\/sonido-original-7592976933193894669?refer=embed\">\u266c sonido original &#8211; Pol\u00e9mica Diaria<\/a> <\/section> <\/blockquote> <script async src=\"https:\/\/www.tiktok.com\/embed.js\"><\/script>\n\n\n\n<p>Eso s\u00ed, la artista separ\u00f3 el dolor del rencor. Explic\u00f3 que no lo odia, pero que la herida sigue ah\u00ed, y por eso no se siente lista para volver a lo de antes. \u201cYo no le hablo a \u00e9l. \u00c9l a m\u00ed me pide perd\u00f3n todos los d\u00edas de este mundo, me dice \u2018te amo\u2019 y me pone superchats. Yo soy la que no le habla\u201d, confes\u00f3, como quien admite que las disculpas suman, pero no borran.<\/p>\n\n\n\n<p>Kenny intent\u00f3 suavizar la conversaci\u00f3n con una idea conciliadora (la t\u00edpica que aparece cuando hay l\u00e1grimas cerca) y le record\u00f3 que \u201ctodas las personas se merecen una segunda oportunidad\u201d. Pero La Diosa no se movi\u00f3 de su punto: \u201cYo entiendo cuando alguien se equivoca como ser humano. Pero no puedes ser insensible con una persona que ha estado para ti 24 por 24. Cuando pas\u00e9 un momento muy dif\u00edcil, lo necesit\u00e9 como amigo y no estuvo. Me dijo: \u2018Yo no tengo la culpa de que est\u00e9s deprimida y est\u00e9s as\u00ed\u2019. Eso fue lo que no entend\u00ed\u201d.<\/p>\n\n\n\n<p>Aun con todo, insisti\u00f3 en que no le desea mal y que lo que siente es m\u00e1s nostalgia que rabia: \u201cNo le deseo el mal, le deseo el bien. Es una persona que quise much\u00edsimo. Para m\u00ed era mi hermano. \u00c9ramos amigos desde Cuba. Pero lo que \u00e9l me brinda no es lo que busco en una amistad\u201d.<\/p>\n\n\n\n<p>La relaci\u00f3n entre <strong><a href=\"https:\/\/www.cuballama.com\/noticias\/no-mas-distancia-claudia-artiles-y-ultrack-se-declaran-team-la-diosa\/\" target=\"_blank\" rel=\"noreferrer noopener\">La Diosa y Ultrack<\/a><\/strong> fue, durante un tiempo, casi \u201cmarca registrada\u201d dentro del ecosistema art\u00edstico cubano. Por eso su ruptura, ocurrida hace unos meses, sorprendi\u00f3 tanto. Y con esta confesi\u00f3n dentro del reality, La Diosa no solo revivi\u00f3 el tema: mostr\u00f3 el lado vulnerable que la audiencia reconoce como suyo, ese donde el personaje se aparta y habla la persona.<\/p>\n","protected":false},"excerpt":{"rendered":"<p>En El Rancho de Destino, La Diosa habl\u00f3 del distanciamiento con Ultrack y fue directa: \u201c\u00c9l me fall\u00f3 a m\u00ed\u201d. Dijo que no hay odio, pero s\u00ed una herida.<\/p>\n","protected":false},"author":29,"featured_media":226750,"comment_status":"open","ping_status":"closed","sticky":false,"template":"","format":"standard","meta":{"_acf_changed":false,"footnotes":""},"categories":[443],"tags":[252,23580,92,11050,5202,17763],"class_list":{"0":"post-231360","1":"post","2":"type-post","3":"status-publish","4":"format-standard","5":"has-post-thumbnail","7":"category-farandula","8":"tag-artistas-cubanos","9":"tag-claudia-artiles","10":"tag-cubanos","11":"tag-cubanos-en-miami","12":"tag-la-diosa","13":"tag-ultrack"},"acf":[],"yoast_head":"<!-- This site is optimized with the Yoast SEO plugin v27.4 - https:\/\/yoast.com\/product\/yoast-seo-wordpress\/ -->\n<title>La Diosa sobre su ruptura con Ultrack: &quot;\u00c9l me fall\u00f3 a m\u00ed&quot; - Cuballama Noticias<\/title>\n<meta name=\"description\" content=\"En El Rancho de Destino, La Diosa habl\u00f3 del distanciamiento con Ultrack y fue directa: \u201c\u00c9l me fall\u00f3 a m\u00ed\u201d. Dijo que no hay odio.\" \/>\n<meta name=\"robots\" content=\"index, follow, max-snippet:-1, max-image-preview:large, max-video-preview:-1\" \/>\n<link rel=\"canonical\" href=\"https:\/\/www.cuballama.com\/noticias\/la-diosa-sobre-su-ruptura-con-ultrack-el-me-fallo-a-mi\/\" \/>\n<meta property=\"og:locale\" content=\"es_ES\" \/>\n<meta property=\"og:type\" content=\"article\" \/>\n<meta property=\"og:title\" content=\"La Diosa sobre su ruptura con Ultrack: &quot;\u00c9l me fall\u00f3 a m\u00ed&quot; - Cuballama Noticias\" \/>\n<meta property=\"og:description\" content=\"En El Rancho de Destino, La Diosa habl\u00f3 del distanciamiento con Ultrack y fue directa: \u201c\u00c9l me fall\u00f3 a m\u00ed\u201d. Dijo que no hay odio.\" \/>\n<meta property=\"og:url\" content=\"https:\/\/www.cuballama.com\/noticias\/la-diosa-sobre-su-ruptura-con-ultrack-el-me-fallo-a-mi\/\" \/>\n<meta property=\"og:site_name\" content=\"Cuballama Noticias\" \/>\n<meta property=\"article:publisher\" content=\"https:\/\/www.facebook.com\/CubaLlama\" \/>\n<meta property=\"article:published_time\" content=\"2026-01-10T19:43:08+00:00\" \/>\n<meta property=\"article:modified_time\" content=\"2026-01-10T19:43:11+00:00\" \/>\n<meta property=\"og:image\" content=\"https:\/\/cdn1.mediawpaccore.net\/wp-content\/uploads\/2025\/11\/24085311\/WhatsApp-Image-2025-11-24-at-14.44.45.jpeg\" \/>\n\t<meta property=\"og:image:width\" content=\"1880\" \/>\n\t<meta property=\"og:image:height\" content=\"1342\" \/>\n\t<meta property=\"og:image:type\" content=\"image\/jpeg\" \/>\n<meta name=\"author\" content=\"Sof\u00eda Reyes\" \/>\n<meta name=\"twitter:card\" content=\"summary_large_image\" \/>\n<meta name=\"twitter:creator\" content=\"@cuballama\" \/>\n<meta name=\"twitter:site\" content=\"@cuballama\" \/>\n<meta name=\"twitter:label1\" content=\"Escrito por\" \/>\n\t<meta name=\"twitter:data1\" content=\"Sof\u00eda Reyes\" \/>\n\t<meta name=\"twitter:label2\" content=\"Tiempo de lectura\" \/>\n\t<meta name=\"twitter:data2\" content=\"3 minutos\" \/>\n<script type=\"application\/ld+json\" class=\"yoast-schema-graph\">{\"@context\":\"https:\\\/\\\/schema.org\",\"@graph\":[{\"@type\":\"Article\",\"@id\":\"https:\\\/\\\/www.cuballama.com\\\/noticias\\\/la-diosa-sobre-su-ruptura-con-ultrack-el-me-fallo-a-mi\\\/#article\",\"isPartOf\":{\"@id\":\"https:\\\/\\\/www.cuballama.com\\\/noticias\\\/la-diosa-sobre-su-ruptura-con-ultrack-el-me-fallo-a-mi\\\/\"},\"author\":{\"name\":\"Sof\u00eda Reyes\",\"@id\":\"https:\\\/\\\/www.cuballama.com\\\/noticias\\\/#\\\/schema\\\/person\\\/5cba2b8cc25a3159e49fe730a94d512e\"},\"headline\":\"La Diosa sobre su ruptura con Ultrack: \u00ab\u00c9l me fall\u00f3 a m\u00ed\u00bb\",\"datePublished\":\"2026-01-10T19:43:08+00:00\",\"dateModified\":\"2026-01-10T19:43:11+00:00\",\"mainEntityOfPage\":{\"@id\":\"https:\\\/\\\/www.cuballama.com\\\/noticias\\\/la-diosa-sobre-su-ruptura-con-ultrack-el-me-fallo-a-mi\\\/\"},\"wordCount\":512,\"commentCount\":1,\"publisher\":{\"@id\":\"https:\\\/\\\/www.cuballama.com\\\/noticias\\\/#organization\"},\"image\":{\"@id\":\"https:\\\/\\\/www.cuballama.com\\\/noticias\\\/la-diosa-sobre-su-ruptura-con-ultrack-el-me-fallo-a-mi\\\/#primaryimage\"},\"thumbnailUrl\":\"https:\\\/\\\/cdn1.mediawpaccore.net\\\/wp-content\\\/uploads\\\/2025\\\/11\\\/24085311\\\/WhatsApp-Image-2025-11-24-at-14.44.45.jpeg\",\"keywords\":[\"Artistas cubanos\",\"Claudia Artiles\",\"cubanos\",\"cubanos en Miami\",\"La Diosa\",\"Ultrack\"],\"articleSection\":[\"Far\u00e1ndula\"],\"inLanguage\":\"es\",\"potentialAction\":[{\"@type\":\"CommentAction\",\"name\":\"Comment\",\"target\":[\"https:\\\/\\\/www.cuballama.com\\\/noticias\\\/la-diosa-sobre-su-ruptura-con-ultrack-el-me-fallo-a-mi\\\/#respond\"]}]},{\"@type\":\"WebPage\",\"@id\":\"https:\\\/\\\/www.cuballama.com\\\/noticias\\\/la-diosa-sobre-su-ruptura-con-ultrack-el-me-fallo-a-mi\\\/\",\"url\":\"https:\\\/\\\/www.cuballama.com\\\/noticias\\\/la-diosa-sobre-su-ruptura-con-ultrack-el-me-fallo-a-mi\\\/\",\"name\":\"La Diosa sobre su ruptura con Ultrack: \\\"\u00c9l me fall\u00f3 a m\u00ed\\\" - Cuballama Noticias\",\"isPartOf\":{\"@id\":\"https:\\\/\\\/www.cuballama.com\\\/noticias\\\/#website\"},\"primaryImageOfPage\":{\"@id\":\"https:\\\/\\\/www.cuballama.com\\\/noticias\\\/la-diosa-sobre-su-ruptura-con-ultrack-el-me-fallo-a-mi\\\/#primaryimage\"},\"image\":{\"@id\":\"https:\\\/\\\/www.cuballama.com\\\/noticias\\\/la-diosa-sobre-su-ruptura-con-ultrack-el-me-fallo-a-mi\\\/#primaryimage\"},\"thumbnailUrl\":\"https:\\\/\\\/cdn1.mediawpaccore.net\\\/wp-content\\\/uploads\\\/2025\\\/11\\\/24085311\\\/WhatsApp-Image-2025-11-24-at-14.44.45.jpeg\",\"datePublished\":\"2026-01-10T19:43:08+00:00\",\"dateModified\":\"2026-01-10T19:43:11+00:00\",\"description\":\"En El Rancho de Destino, La Diosa habl\u00f3 del distanciamiento con Ultrack y fue directa: \u201c\u00c9l me fall\u00f3 a m\u00ed\u201d. Dijo que no hay odio.\",\"breadcrumb\":{\"@id\":\"https:\\\/\\\/www.cuballama.com\\\/noticias\\\/la-diosa-sobre-su-ruptura-con-ultrack-el-me-fallo-a-mi\\\/#breadcrumb\"},\"inLanguage\":\"es\",\"potentialAction\":[{\"@type\":\"ReadAction\",\"target\":[\"https:\\\/\\\/www.cuballama.com\\\/noticias\\\/la-diosa-sobre-su-ruptura-con-ultrack-el-me-fallo-a-mi\\\/\"]}]},{\"@type\":\"ImageObject\",\"inLanguage\":\"es\",\"@id\":\"https:\\\/\\\/www.cuballama.com\\\/noticias\\\/la-diosa-sobre-su-ruptura-con-ultrack-el-me-fallo-a-mi\\\/#primaryimage\",\"url\":\"https:\\\/\\\/cdn1.mediawpaccore.net\\\/wp-content\\\/uploads\\\/2025\\\/11\\\/24085311\\\/WhatsApp-Image-2025-11-24-at-14.44.45.jpeg\",\"contentUrl\":\"https:\\\/\\\/cdn1.mediawpaccore.net\\\/wp-content\\\/uploads\\\/2025\\\/11\\\/24085311\\\/WhatsApp-Image-2025-11-24-at-14.44.45.jpeg\",\"width\":1880,\"height\":1342,\"caption\":\"Foto: Instagram\"},{\"@type\":\"BreadcrumbList\",\"@id\":\"https:\\\/\\\/www.cuballama.com\\\/noticias\\\/la-diosa-sobre-su-ruptura-con-ultrack-el-me-fallo-a-mi\\\/#breadcrumb\",\"itemListElement\":[{\"@type\":\"ListItem\",\"position\":1,\"name\":\"Home\",\"item\":\"https:\\\/\\\/www.cuballama.com\\\/noticias\\\/\"},{\"@type\":\"ListItem\",\"position\":2,\"name\":\"La Diosa sobre su ruptura con Ultrack: \u00ab\u00c9l me fall\u00f3 a m\u00ed\u00bb\"}]},{\"@type\":\"WebSite\",\"@id\":\"https:\\\/\\\/www.cuballama.com\\\/noticias\\\/#website\",\"url\":\"https:\\\/\\\/www.cuballama.com\\\/noticias\\\/\",\"name\":\"Cuballama Noticias\",\"description\":\"Medio digital sobre Cuba y el mundo\",\"publisher\":{\"@id\":\"https:\\\/\\\/www.cuballama.com\\\/noticias\\\/#organization\"},\"potentialAction\":[{\"@type\":\"SearchAction\",\"target\":{\"@type\":\"EntryPoint\",\"urlTemplate\":\"https:\\\/\\\/www.cuballama.com\\\/noticias\\\/?s={search_term_string}\"},\"query-input\":{\"@type\":\"PropertyValueSpecification\",\"valueRequired\":true,\"valueName\":\"search_term_string\"}}],\"inLanguage\":\"es\"},{\"@type\":\"Organization\",\"@id\":\"https:\\\/\\\/www.cuballama.com\\\/noticias\\\/#organization\",\"name\":\"Cuballama\",\"url\":\"https:\\\/\\\/www.cuballama.com\\\/noticias\\\/\",\"logo\":{\"@type\":\"ImageObject\",\"inLanguage\":\"es\",\"@id\":\"https:\\\/\\\/www.cuballama.com\\\/noticias\\\/#\\\/schema\\\/logo\\\/image\\\/\",\"url\":\"https:\\\/\\\/cdn1.mediawpaccore.net\\\/wp-content\\\/uploads\\\/2021\\\/12\\\/28171206\\\/cbll-logo-color-sm.png\",\"contentUrl\":\"https:\\\/\\\/cdn1.mediawpaccore.net\\\/wp-content\\\/uploads\\\/2021\\\/12\\\/28171206\\\/cbll-logo-color-sm.png\",\"width\":600,\"height\":133,\"caption\":\"Cuballama\"},\"image\":{\"@id\":\"https:\\\/\\\/www.cuballama.com\\\/noticias\\\/#\\\/schema\\\/logo\\\/image\\\/\"},\"sameAs\":[\"https:\\\/\\\/www.facebook.com\\\/CubaLlama\",\"https:\\\/\\\/x.com\\\/cuballama\",\"https:\\\/\\\/www.instagram.com\\\/stories\\\/cuballama_oficial\\\/\",\"https:\\\/\\\/www.youtube.com\\\/channel\\\/UCKkFE-d_axENGZcrc4as0IA\"]},{\"@type\":\"Person\",\"@id\":\"https:\\\/\\\/www.cuballama.com\\\/noticias\\\/#\\\/schema\\\/person\\\/5cba2b8cc25a3159e49fe730a94d512e\",\"name\":\"Sof\u00eda Reyes\",\"url\":\"https:\\\/\\\/www.cuballama.com\\\/noticias\\\/author\\\/laura\\\/\"}]}<\/script>\n<!-- \/ Yoast SEO plugin. -->","yoast_head_json":{"title":"La Diosa sobre su ruptura con Ultrack: \"\u00c9l me fall\u00f3 a m\u00ed\" - Cuballama Noticias","description":"En El Rancho de Destino, La Diosa habl\u00f3 del distanciamiento con Ultrack y fue directa: \u201c\u00c9l me fall\u00f3 a m\u00ed\u201d. Dijo que no hay odio.","robots":{"index":"index","follow":"follow","max-snippet":"max-snippet:-1","max-image-preview":"max-image-preview:large","max-video-preview":"max-video-preview:-1"},"canonical":"https:\/\/www.cuballama.com\/noticias\/la-diosa-sobre-su-ruptura-con-ultrack-el-me-fallo-a-mi\/","og_locale":"es_ES","og_type":"article","og_title":"La Diosa sobre su ruptura con Ultrack: \"\u00c9l me fall\u00f3 a m\u00ed\" - Cuballama Noticias","og_description":"En El Rancho de Destino, La Diosa habl\u00f3 del distanciamiento con Ultrack y fue directa: \u201c\u00c9l me fall\u00f3 a m\u00ed\u201d. Dijo que no hay odio.","og_url":"https:\/\/www.cuballama.com\/noticias\/la-diosa-sobre-su-ruptura-con-ultrack-el-me-fallo-a-mi\/","og_site_name":"Cuballama Noticias","article_publisher":"https:\/\/www.facebook.com\/CubaLlama","article_published_time":"2026-01-10T19:43:08+00:00","article_modified_time":"2026-01-10T19:43:11+00:00","og_image":[{"width":1880,"height":1342,"url":"https:\/\/cdn1.mediawpaccore.net\/wp-content\/uploads\/2025\/11\/24085311\/WhatsApp-Image-2025-11-24-at-14.44.45.jpeg","type":"image\/jpeg"}],"author":"Sof\u00eda Reyes","twitter_card":"summary_large_image","twitter_creator":"@cuballama","twitter_site":"@cuballama","twitter_misc":{"Escrito por":"Sof\u00eda Reyes","Tiempo de lectura":"3 minutos"},"schema":{"@context":"https:\/\/schema.org","@graph":[{"@type":"Article","@id":"https:\/\/www.cuballama.com\/noticias\/la-diosa-sobre-su-ruptura-con-ultrack-el-me-fallo-a-mi\/#article","isPartOf":{"@id":"https:\/\/www.cuballama.com\/noticias\/la-diosa-sobre-su-ruptura-con-ultrack-el-me-fallo-a-mi\/"},"author":{"name":"Sof\u00eda Reyes","@id":"https:\/\/www.cuballama.com\/noticias\/#\/schema\/person\/5cba2b8cc25a3159e49fe730a94d512e"},"headline":"La Diosa sobre su ruptura con Ultrack: \u00ab\u00c9l me fall\u00f3 a m\u00ed\u00bb","datePublished":"2026-01-10T19:43:08+00:00","dateModified":"2026-01-10T19:43:11+00:00","mainEntityOfPage":{"@id":"https:\/\/www.cuballama.com\/noticias\/la-diosa-sobre-su-ruptura-con-ultrack-el-me-fallo-a-mi\/"},"wordCount":512,"commentCount":1,"publisher":{"@id":"https:\/\/www.cuballama.com\/noticias\/#organization"},"image":{"@id":"https:\/\/www.cuballama.com\/noticias\/la-diosa-sobre-su-ruptura-con-ultrack-el-me-fallo-a-mi\/#primaryimage"},"thumbnailUrl":"https:\/\/cdn1.mediawpaccore.net\/wp-content\/uploads\/2025\/11\/24085311\/WhatsApp-Image-2025-11-24-at-14.44.45.jpeg","keywords":["Artistas cubanos","Claudia Artiles","cubanos","cubanos en Miami","La Diosa","Ultrack"],"articleSection":["Far\u00e1ndula"],"inLanguage":"es","potentialAction":[{"@type":"CommentAction","name":"Comment","target":["https:\/\/www.cuballama.com\/noticias\/la-diosa-sobre-su-ruptura-con-ultrack-el-me-fallo-a-mi\/#respond"]}]},{"@type":"WebPage","@id":"https:\/\/www.cuballama.com\/noticias\/la-diosa-sobre-su-ruptura-con-ultrack-el-me-fallo-a-mi\/","url":"https:\/\/www.cuballama.com\/noticias\/la-diosa-sobre-su-ruptura-con-ultrack-el-me-fallo-a-mi\/","name":"La Diosa sobre su ruptura con Ultrack: \"\u00c9l me fall\u00f3 a m\u00ed\" - Cuballama Noticias","isPartOf":{"@id":"https:\/\/www.cuballama.com\/noticias\/#website"},"primaryImageOfPage":{"@id":"https:\/\/www.cuballama.com\/noticias\/la-diosa-sobre-su-ruptura-con-ultrack-el-me-fallo-a-mi\/#primaryimage"},"image":{"@id":"https:\/\/www.cuballama.com\/noticias\/la-diosa-sobre-su-ruptura-con-ultrack-el-me-fallo-a-mi\/#primaryimage"},"thumbnailUrl":"https:\/\/cdn1.mediawpaccore.net\/wp-content\/uploads\/2025\/11\/24085311\/WhatsApp-Image-2025-11-24-at-14.44.45.jpeg","datePublished":"2026-01-10T19:43:08+00:00","dateModified":"2026-01-10T19:43:11+00:00","description":"En El Rancho de Destino, La Diosa habl\u00f3 del distanciamiento con Ultrack y fue directa: \u201c\u00c9l me fall\u00f3 a m\u00ed\u201d. Dijo que no hay odio.","breadcrumb":{"@id":"https:\/\/www.cuballama.com\/noticias\/la-diosa-sobre-su-ruptura-con-ultrack-el-me-fallo-a-mi\/#breadcrumb"},"inLanguage":"es","potentialAction":[{"@type":"ReadAction","target":["https:\/\/www.cuballama.com\/noticias\/la-diosa-sobre-su-ruptura-con-ultrack-el-me-fallo-a-mi\/"]}]},{"@type":"ImageObject","inLanguage":"es","@id":"https:\/\/www.cuballama.com\/noticias\/la-diosa-sobre-su-ruptura-con-ultrack-el-me-fallo-a-mi\/#primaryimage","url":"https:\/\/cdn1.mediawpaccore.net\/wp-content\/uploads\/2025\/11\/24085311\/WhatsApp-Image-2025-11-24-at-14.44.45.jpeg","contentUrl":"https:\/\/cdn1.mediawpaccore.net\/wp-content\/uploads\/2025\/11\/24085311\/WhatsApp-Image-2025-11-24-at-14.44.45.jpeg","width":1880,"height":1342,"caption":"Foto: Instagram"},{"@type":"BreadcrumbList","@id":"https:\/\/www.cuballama.com\/noticias\/la-diosa-sobre-su-ruptura-con-ultrack-el-me-fallo-a-mi\/#breadcrumb","itemListElement":[{"@type":"ListItem","position":1,"name":"Home","item":"https:\/\/www.cuballama.com\/noticias\/"},{"@type":"ListItem","position":2,"name":"La Diosa sobre su ruptura con Ultrack: \u00ab\u00c9l me fall\u00f3 a m\u00ed\u00bb"}]},{"@type":"WebSite","@id":"https:\/\/www.cuballama.com\/noticias\/#website","url":"https:\/\/www.cuballama.com\/noticias\/","name":"Cuballama Noticias","description":"Medio digital sobre Cuba y el mundo","publisher":{"@id":"https:\/\/www.cuballama.com\/noticias\/#organization"},"potentialAction":[{"@type":"SearchAction","target":{"@type":"EntryPoint","urlTemplate":"https:\/\/www.cuballama.com\/noticias\/?s={search_term_string}"},"query-input":{"@type":"PropertyValueSpecification","valueRequired":true,"valueName":"search_term_string"}}],"inLanguage":"es"},{"@type":"Organization","@id":"https:\/\/www.cuballama.com\/noticias\/#organization","name":"Cuballama","url":"https:\/\/www.cuballama.com\/noticias\/","logo":{"@type":"ImageObject","inLanguage":"es","@id":"https:\/\/www.cuballama.com\/noticias\/#\/schema\/logo\/image\/","url":"https:\/\/cdn1.mediawpaccore.net\/wp-content\/uploads\/2021\/12\/28171206\/cbll-logo-color-sm.png","contentUrl":"https:\/\/cdn1.mediawpaccore.net\/wp-content\/uploads\/2021\/12\/28171206\/cbll-logo-color-sm.png","width":600,"height":133,"caption":"Cuballama"},"image":{"@id":"https:\/\/www.cuballama.com\/noticias\/#\/schema\/logo\/image\/"},"sameAs":["https:\/\/www.facebook.com\/CubaLlama","https:\/\/x.com\/cuballama","https:\/\/www.instagram.com\/stories\/cuballama_oficial\/","https:\/\/www.youtube.com\/channel\/UCKkFE-d_axENGZcrc4as0IA"]},{"@type":"Person","@id":"https:\/\/www.cuballama.com\/noticias\/#\/schema\/person\/5cba2b8cc25a3159e49fe730a94d512e","name":"Sof\u00eda Reyes","url":"https:\/\/www.cuballama.com\/noticias\/author\/laura\/"}]}},"_links":{"self":[{"href":"https:\/\/www.cuballama.com\/noticias\/wp-json\/wp\/v2\/posts\/231360","targetHints":{"allow":["GET"]}}],"collection":[{"href":"https:\/\/www.cuballama.com\/noticias\/wp-json\/wp\/v2\/posts"}],"about":[{"href":"https:\/\/www.cuballama.com\/noticias\/wp-json\/wp\/v2\/types\/post"}],"author":[{"embeddable":true,"href":"https:\/\/www.cuballama.com\/noticias\/wp-json\/wp\/v2\/users\/29"}],"replies":[{"embeddable":true,"href":"https:\/\/www.cuballama.com\/noticias\/wp-json\/wp\/v2\/comments?post=231360"}],"version-history":[{"count":3,"href":"https:\/\/www.cuballama.com\/noticias\/wp-json\/wp\/v2\/posts\/231360\/revisions"}],"predecessor-version":[{"id":231500,"href":"https:\/\/www.cuballama.com\/noticias\/wp-json\/wp\/v2\/posts\/231360\/revisions\/231500"}],"wp:featuredmedia":[{"embeddable":true,"href":"https:\/\/www.cuballama.com\/noticias\/wp-json\/wp\/v2\/media\/226750"}],"wp:attachment":[{"href":"https:\/\/www.cuballama.com\/noticias\/wp-json\/wp\/v2\/media?parent=231360"}],"wp:term":[{"taxonomy":"category","embeddable":true,"href":"https:\/\/www.cuballama.com\/noticias\/wp-json\/wp\/v2\/categories?post=231360"},{"taxonomy":"post_tag","embeddable":true,"href":"https:\/\/www.cuballama.com\/noticias\/wp-json\/wp\/v2\/tags?post=231360"}],"curies":[{"name":"wp","href":"https:\/\/api.w.org\/{rel}","templated":true}]}}