{"id":231319,"date":"2026-01-08T09:09:58","date_gmt":"2026-01-08T14:09:58","guid":{"rendered":"https:\/\/www.cuballama.com\/noticias\/?p=231319"},"modified":"2026-01-08T09:10:00","modified_gmt":"2026-01-08T14:10:00","slug":"preocupacion-por-presunto-fallecimiento-del-influencer-cubano-khaly-flow-el-ambiental","status":"publish","type":"post","link":"https:\/\/www.cuballama.com\/noticias\/preocupacion-por-presunto-fallecimiento-del-influencer-cubano-khaly-flow-el-ambiental\/","title":{"rendered":"Preocupaci\u00f3n por presunto fallecimiento del influencer cubano Khaly Flow, El Ambiental"},"content":{"rendered":"\n<p>La far\u00e1ndula digital cubana amaneci\u00f3 este jueves sacudida por una noticia que, en cuesti\u00f3n de minutos, encendi\u00f3 las alarmas en redes sociales: la supuesta muerte del influencer y comediante Jean-Claude Quintero Frontela, conocido como Khaly Flow, creador de los populares personajes de Instagram \u201cEl Ambiental\u201d y \u201cEl Asfixiao\u201d.<\/p>\n\n\n\n<p>El anuncio apareci\u00f3 directamente en las plataformas oficiales del joven, radicado en Espa\u00f1a, a trav\u00e9s de una imagen en blanco y negro con un texto que hel\u00f3 la sangre de miles de seguidores: \u201cAcaba de fallecer El Ambiental en un accidente de carro. En paz descanses\u201d. La publicaci\u00f3n se viraliz\u00f3 casi de inmediato y desat\u00f3 una avalancha de reacciones cargadas de confusi\u00f3n, angustia y sospechas.<\/p>\n\n\n\n<figure class=\"wp-block-image size-large\"><img loading=\"lazy\" decoding=\"async\" width=\"1024\" height=\"636\" src=\"https:\/\/cdn1.mediawpaccore.net\/wp-content\/uploads\/2026\/01\/08090721\/Captura-de-pantalla-2026-01-08-a-las-15.07.03-1024x636.png\" alt=\"\" class=\"wp-image-231328\" srcset=\"https:\/\/cdn1.mediawpaccore.net\/wp-content\/uploads\/2026\/01\/08090721\/Captura-de-pantalla-2026-01-08-a-las-15.07.03-1024x636.png 1024w, https:\/\/cdn1.mediawpaccore.net\/wp-content\/uploads\/2026\/01\/08090721\/Captura-de-pantalla-2026-01-08-a-las-15.07.03-300x186.png 300w, https:\/\/cdn1.mediawpaccore.net\/wp-content\/uploads\/2026\/01\/08090721\/Captura-de-pantalla-2026-01-08-a-las-15.07.03-768x477.png 768w, https:\/\/cdn1.mediawpaccore.net\/wp-content\/uploads\/2026\/01\/08090721\/Captura-de-pantalla-2026-01-08-a-las-15.07.03-1536x954.png 1536w, https:\/\/cdn1.mediawpaccore.net\/wp-content\/uploads\/2026\/01\/08090721\/Captura-de-pantalla-2026-01-08-a-las-15.07.03-2048x1272.png 2048w, https:\/\/cdn1.mediawpaccore.net\/wp-content\/uploads\/2026\/01\/08090721\/Captura-de-pantalla-2026-01-08-a-las-15.07.03-676x420.png 676w, https:\/\/cdn1.mediawpaccore.net\/wp-content\/uploads\/2026\/01\/08090721\/Captura-de-pantalla-2026-01-08-a-las-15.07.03-150x93.png 150w, https:\/\/cdn1.mediawpaccore.net\/wp-content\/uploads\/2026\/01\/08090721\/Captura-de-pantalla-2026-01-08-a-las-15.07.03-696x432.png 696w, https:\/\/cdn1.mediawpaccore.net\/wp-content\/uploads\/2026\/01\/08090721\/Captura-de-pantalla-2026-01-08-a-las-15.07.03-1068x663.png 1068w, https:\/\/cdn1.mediawpaccore.net\/wp-content\/uploads\/2026\/01\/08090721\/Captura-de-pantalla-2026-01-08-a-las-15.07.03-1920x1192.png 1920w\" sizes=\"auto, (max-width: 1024px) 100vw, 1024px\" \/><\/figure>\n\n\n\n<p>Mientras muchos usuarios expresaban su dolor por la supuesta p\u00e9rdida, otros comenzaron a preguntarse si se trataba de una estrategia de marketing o incluso de un hackeo de sus redes. \u201c\u00a1Llevo toda la noche sin poder dormir; tienes a todo un pa\u00eds llorando! \u00a1Por Dios, la persona que public\u00f3 esta noticia tan aterradora sobre tu muerte que se pronuncie sobre m\u00e1s hechos reales!\u201d, escribi\u00f3 el influencer El Creador Cubano en la secci\u00f3n de comentarios. Por su parte, el comediante Fabi Pan con aceite intent\u00f3 aportar algo de calma: \u201cNa, eso es mentira, tiene que ser que el personaje del ambiental se muri\u00f3, pero no t\u00fa\u201d.<\/p>\n\n\n\n<p><strong>Lea m\u00e1s: <a href=\"https:\/\/www.cuballama.com\/noticias\/humor-cubano-yomil-se-junta-con-el-ambiental-pa-resolver-un-alquiler-en-madrid\/\" target=\"_blank\" rel=\"noreferrer noopener\">Humor cubano: Yomil se junta con El Ambiental \u201cpa resolver un alquiler\u201d en Madrid<\/a><\/strong><\/p>\n\n\n\n<p>La incertidumbre fue tal que incluso figuras del panorama urbano cubano se sumaron a la ola de preocupaci\u00f3n. El reguetonero Yomil Hidalgo, quien ha colaborado en varias ocasiones con El Ambiental para contenido en Instagram, comparti\u00f3 en sus propias redes capturas de los mensajes privados que hab\u00eda enviado a Khaly Flow, a\u00fan sin obtener respuesta. Su gesto aviv\u00f3 todav\u00eda m\u00e1s el debate y la sensaci\u00f3n de alarma entre los fans.<\/p>\n\n\n\n<figure class=\"wp-block-image size-large\"><img loading=\"lazy\" decoding=\"async\" width=\"578\" height=\"1024\" src=\"https:\/\/cdn1.mediawpaccore.net\/wp-content\/uploads\/2026\/01\/08090730\/Captura-de-pantalla-2026-01-08-a-las-14.45.36-578x1024.png\" alt=\"\" class=\"wp-image-231329\" srcset=\"https:\/\/cdn1.mediawpaccore.net\/wp-content\/uploads\/2026\/01\/08090730\/Captura-de-pantalla-2026-01-08-a-las-14.45.36-578x1024.png 578w, https:\/\/cdn1.mediawpaccore.net\/wp-content\/uploads\/2026\/01\/08090730\/Captura-de-pantalla-2026-01-08-a-las-14.45.36-169x300.png 169w, https:\/\/cdn1.mediawpaccore.net\/wp-content\/uploads\/2026\/01\/08090730\/Captura-de-pantalla-2026-01-08-a-las-14.45.36-768x1360.png 768w, https:\/\/cdn1.mediawpaccore.net\/wp-content\/uploads\/2026\/01\/08090730\/Captura-de-pantalla-2026-01-08-a-las-14.45.36-237x420.png 237w, https:\/\/cdn1.mediawpaccore.net\/wp-content\/uploads\/2026\/01\/08090730\/Captura-de-pantalla-2026-01-08-a-las-14.45.36-150x266.png 150w, https:\/\/cdn1.mediawpaccore.net\/wp-content\/uploads\/2026\/01\/08090730\/Captura-de-pantalla-2026-01-08-a-las-14.45.36-300x531.png 300w, https:\/\/cdn1.mediawpaccore.net\/wp-content\/uploads\/2026\/01\/08090730\/Captura-de-pantalla-2026-01-08-a-las-14.45.36-696x1232.png 696w, https:\/\/cdn1.mediawpaccore.net\/wp-content\/uploads\/2026\/01\/08090730\/Captura-de-pantalla-2026-01-08-a-las-14.45.36.png 836w\" sizes=\"auto, (max-width: 578px) 100vw, 578px\" \/><\/figure>\n\n\n\n<p>En medio del torbellino de especulaciones, el influencer enmascarado Un Mart\u00ed To Durako public\u00f3 la noticia y, poco despu\u00e9s, ofreci\u00f3 una actualizaci\u00f3n clave: asegur\u00f3 haber conversado con personas cercanas a Khaly Flow, quienes le confirmaron que no se trataba de un fallecimiento real, sino de un cambio de marca. En otras palabras, quien habr\u00eda \u201cmuerto\u201d ser\u00eda el personaje de El Ambiental, no el creador detr\u00e1s de \u00e9l.<\/p>\n\n\n\n<p>La aclaraci\u00f3n trajo alivio, pero tambi\u00e9n dej\u00f3 un sabor agridulce en parte de la audiencia, que cuestion\u00f3 la forma en que se manej\u00f3 el anuncio y el impacto emocional que gener\u00f3 en miles de seguidores.<\/p>\n\n\n\n<blockquote class=\"instagram-media\" data-instgrm-captioned data-instgrm-permalink=\"https:\/\/www.instagram.com\/p\/DTP0brcjOML\/?utm_source=ig_embed&amp;utm_campaign=loading\" data-instgrm-version=\"14\" style=\" background:#FFF; border:0; border-radius:3px; box-shadow:0 0 1px 0 rgba(0,0,0,0.5),0 1px 10px 0 rgba(0,0,0,0.15); margin: 1px; max-width:540px; min-width:326px; padding:0; width:99.375%; width:-webkit-calc(100% - 2px); width:calc(100% - 2px);\"><div style=\"padding:16px;\"> <a href=\"https:\/\/www.instagram.com\/p\/DTP0brcjOML\/?utm_source=ig_embed&amp;utm_campaign=loading\" style=\" background:#FFFFFF; line-height:0; padding:0 0; text-align:center; text-decoration:none; width:100%;\" target=\"_blank\"> <div style=\" display: flex; flex-direction: row; align-items: center;\"> <div style=\"background-color: #F4F4F4; border-radius: 50%; flex-grow: 0; height: 40px; margin-right: 14px; width: 40px;\"><\/div> <div style=\"display: flex; flex-direction: column; flex-grow: 1; justify-content: center;\"> <div style=\" background-color: #F4F4F4; border-radius: 4px; flex-grow: 0; height: 14px; margin-bottom: 6px; width: 100px;\"><\/div> <div style=\" background-color: #F4F4F4; border-radius: 4px; flex-grow: 0; height: 14px; width: 60px;\"><\/div><\/div><\/div><div style=\"padding: 19% 0;\"><\/div> <div style=\"display:block; height:50px; margin:0 auto 12px; width:50px;\"><svg width=\"50px\" height=\"50px\" viewBox=\"0 0 60 60\" version=\"1.1\" xmlns=\"https:\/\/www.w3.org\/2000\/svg\" xmlns:xlink=\"https:\/\/www.w3.org\/1999\/xlink\"><g stroke=\"none\" stroke-width=\"1\" fill=\"none\" fill-rule=\"evenodd\"><g transform=\"translate(-511.000000, -20.000000)\" fill=\"#000000\"><g><path d=\"M556.869,30.41 C554.814,30.41 553.148,32.076 553.148,34.131 C553.148,36.186 554.814,37.852 556.869,37.852 C558.924,37.852 560.59,36.186 560.59,34.131 C560.59,32.076 558.924,30.41 556.869,30.41 M541,60.657 C535.114,60.657 530.342,55.887 530.342,50 C530.342,44.114 535.114,39.342 541,39.342 C546.887,39.342 551.658,44.114 551.658,50 C551.658,55.887 546.887,60.657 541,60.657 M541,33.886 C532.1,33.886 524.886,41.1 524.886,50 C524.886,58.899 532.1,66.113 541,66.113 C549.9,66.113 557.115,58.899 557.115,50 C557.115,41.1 549.9,33.886 541,33.886 M565.378,62.101 C565.244,65.022 564.756,66.606 564.346,67.663 C563.803,69.06 563.154,70.057 562.106,71.106 C561.058,72.155 560.06,72.803 558.662,73.347 C557.607,73.757 556.021,74.244 553.102,74.378 C549.944,74.521 548.997,74.552 541,74.552 C533.003,74.552 532.056,74.521 528.898,74.378 C525.979,74.244 524.393,73.757 523.338,73.347 C521.94,72.803 520.942,72.155 519.894,71.106 C518.846,70.057 518.197,69.06 517.654,67.663 C517.244,66.606 516.755,65.022 516.623,62.101 C516.479,58.943 516.448,57.996 516.448,50 C516.448,42.003 516.479,41.056 516.623,37.899 C516.755,34.978 517.244,33.391 517.654,32.338 C518.197,30.938 518.846,29.942 519.894,28.894 C520.942,27.846 521.94,27.196 523.338,26.654 C524.393,26.244 525.979,25.756 528.898,25.623 C532.057,25.479 533.004,25.448 541,25.448 C548.997,25.448 549.943,25.479 553.102,25.623 C556.021,25.756 557.607,26.244 558.662,26.654 C560.06,27.196 561.058,27.846 562.106,28.894 C563.154,29.942 563.803,30.938 564.346,32.338 C564.756,33.391 565.244,34.978 565.378,37.899 C565.522,41.056 565.552,42.003 565.552,50 C565.552,57.996 565.522,58.943 565.378,62.101 M570.82,37.631 C570.674,34.438 570.167,32.258 569.425,30.349 C568.659,28.377 567.633,26.702 565.965,25.035 C564.297,23.368 562.623,22.342 560.652,21.575 C558.743,20.834 556.562,20.326 553.369,20.18 C550.169,20.033 549.148,20 541,20 C532.853,20 531.831,20.033 528.631,20.18 C525.438,20.326 523.257,20.834 521.349,21.575 C519.376,22.342 517.703,23.368 516.035,25.035 C514.368,26.702 513.342,28.377 512.574,30.349 C511.834,32.258 511.326,34.438 511.181,37.631 C511.035,40.831 511,41.851 511,50 C511,58.147 511.035,59.17 511.181,62.369 C511.326,65.562 511.834,67.743 512.574,69.651 C513.342,71.625 514.368,73.296 516.035,74.965 C517.703,76.634 519.376,77.658 521.349,78.425 C523.257,79.167 525.438,79.673 528.631,79.82 C531.831,79.965 532.853,80.001 541,80.001 C549.148,80.001 550.169,79.965 553.369,79.82 C556.562,79.673 558.743,79.167 560.652,78.425 C562.623,77.658 564.297,76.634 565.965,74.965 C567.633,73.296 568.659,71.625 569.425,69.651 C570.167,67.743 570.674,65.562 570.82,62.369 C570.966,59.17 571,58.147 571,50 C571,41.851 570.966,40.831 570.82,37.631\"><\/path><\/g><\/g><\/g><\/svg><\/div><div style=\"padding-top: 8px;\"> <div style=\" color:#3897f0; font-family:Arial,sans-serif; font-size:14px; font-style:normal; font-weight:550; line-height:18px;\">Ver esta publicaci\u00f3n en Instagram<\/div><\/div><div style=\"padding: 12.5% 0;\"><\/div> <div style=\"display: flex; flex-direction: row; margin-bottom: 14px; align-items: center;\"><div> <div style=\"background-color: #F4F4F4; border-radius: 50%; height: 12.5px; width: 12.5px; transform: translateX(0px) translateY(7px);\"><\/div> <div style=\"background-color: #F4F4F4; height: 12.5px; transform: rotate(-45deg) translateX(3px) translateY(1px); width: 12.5px; flex-grow: 0; margin-right: 14px; margin-left: 2px;\"><\/div> <div style=\"background-color: #F4F4F4; border-radius: 50%; height: 12.5px; width: 12.5px; transform: translateX(9px) translateY(-18px);\"><\/div><\/div><div style=\"margin-left: 8px;\"> <div style=\" background-color: #F4F4F4; border-radius: 50%; flex-grow: 0; height: 20px; width: 20px;\"><\/div> <div style=\" width: 0; height: 0; border-top: 2px solid transparent; border-left: 6px solid #f4f4f4; border-bottom: 2px solid transparent; transform: translateX(16px) translateY(-4px) rotate(30deg)\"><\/div><\/div><div style=\"margin-left: auto;\"> <div style=\" width: 0px; border-top: 8px solid #F4F4F4; border-right: 8px solid transparent; transform: translateY(16px);\"><\/div> <div style=\" background-color: #F4F4F4; flex-grow: 0; height: 12px; width: 16px; transform: translateY(-4px);\"><\/div> <div style=\" width: 0; height: 0; border-top: 8px solid #F4F4F4; border-left: 8px solid transparent; transform: translateY(-4px) translateX(8px);\"><\/div><\/div><\/div> <div style=\"display: flex; flex-direction: column; flex-grow: 1; justify-content: center; margin-bottom: 24px;\"> <div style=\" background-color: #F4F4F4; border-radius: 4px; flex-grow: 0; height: 14px; margin-bottom: 6px; width: 224px;\"><\/div> <div style=\" background-color: #F4F4F4; border-radius: 4px; flex-grow: 0; height: 14px; width: 144px;\"><\/div><\/div><\/a><p style=\" color:#c9c8cd; font-family:Arial,sans-serif; font-size:14px; line-height:17px; margin-bottom:0; margin-top:8px; overflow:hidden; padding:8px 0 7px; text-align:center; text-overflow:ellipsis; white-space:nowrap;\"><a href=\"https:\/\/www.instagram.com\/p\/DTP0brcjOML\/?utm_source=ig_embed&amp;utm_campaign=loading\" style=\" color:#c9c8cd; font-family:Arial,sans-serif; font-size:14px; font-style:normal; font-weight:normal; line-height:17px; text-decoration:none;\" target=\"_blank\">Una publicaci\u00f3n compartida de un_martitodurako8_live_oficial (@un_martitodurako8_live_oficial)<\/a><\/p><\/div><\/blockquote>\n<script async src=\"\/\/www.instagram.com\/embed.js\"><\/script>\n\n\n\n<p>Khaly Flow es actualmente uno de los influencers cubanos con mayor alcance en redes sociales, con m\u00e1s de 630 mil seguidores solo en Instagram. Su contenido humor\u00edstico, especialmente a trav\u00e9s de sus personajes, lo ha convertido en una figura reconocible dentro y fuera de la Isla. En mayo de 2024, el creador anunci\u00f3 que se convertir\u00eda en padre por primera vez junto a su entonces pareja Gisel, quien adem\u00e1s particip\u00f3 en la grabaci\u00f3n de sus primeros videos como El Asfixiao y El Ambiental.<\/p>\n\n\n\n<p>Por ahora, el misterio se disipa, pero la pol\u00e9mica deja una pregunta flotando en el aire: \u00bfhasta d\u00f3nde vale la pena llevar una estrategia de cambio de imagen cuando puede tocar fibras tan sensibles de una audiencia que siente a sus creadores como parte de su propia familia digital?<\/p>\n","protected":false},"excerpt":{"rendered":"<p>Yomil comparti\u00f3 en sus propias redes capturas de los mensajes privados que hab\u00eda enviado a Khaly Flow, a\u00fan sin obtener respuesta<\/p>\n","protected":false},"author":27,"featured_media":231325,"comment_status":"open","ping_status":"closed","sticky":false,"template":"","format":"standard","meta":{"_acf_changed":false,"footnotes":""},"categories":[443],"tags":[6333,10296,21413,870],"class_list":{"0":"post-231319","1":"post","2":"type-post","3":"status-publish","4":"format-standard","5":"has-post-thumbnail","8":"tag-cubanos-en-espana","9":"tag-influencer-cubano","10":"tag-khaly-flow","11":"tag-yomil-hidalgo"},"acf":[],"yoast_head":"<!-- This site is optimized with the Yoast SEO plugin v27.5 - https:\/\/yoast.com\/product\/yoast-seo-wordpress\/ -->\n<title>Preocupaci\u00f3n por presunto fallecimiento del influencer cubano Khaly Flow, El Ambiental - Cuballama Noticias<\/title>\n<meta name=\"description\" content=\"\u201cAcaba de fallecer El Ambiental en un accidente de carro. En paz descanses\u201d, se lee en un post publicado desde sus propias redes\" \/>\n<meta name=\"robots\" content=\"index, follow, max-snippet:-1, max-image-preview:large, max-video-preview:-1\" \/>\n<link rel=\"canonical\" href=\"https:\/\/www.cuballama.com\/noticias\/preocupacion-por-presunto-fallecimiento-del-influencer-cubano-khaly-flow-el-ambiental\/\" \/>\n<meta property=\"og:locale\" content=\"es_ES\" \/>\n<meta property=\"og:type\" content=\"article\" \/>\n<meta property=\"og:title\" content=\"Preocupaci\u00f3n por presunto fallecimiento del influencer cubano Khaly Flow, El Ambiental - Cuballama Noticias\" \/>\n<meta property=\"og:description\" content=\"\u201cAcaba de fallecer El Ambiental en un accidente de carro. En paz descanses\u201d, se lee en un post publicado desde sus propias redes\" \/>\n<meta property=\"og:url\" content=\"https:\/\/www.cuballama.com\/noticias\/preocupacion-por-presunto-fallecimiento-del-influencer-cubano-khaly-flow-el-ambiental\/\" \/>\n<meta property=\"og:site_name\" content=\"Cuballama Noticias\" \/>\n<meta property=\"article:publisher\" content=\"https:\/\/www.facebook.com\/CubaLlama\" \/>\n<meta property=\"article:published_time\" content=\"2026-01-08T14:09:58+00:00\" \/>\n<meta property=\"article:modified_time\" content=\"2026-01-08T14:10:00+00:00\" \/>\n<meta property=\"og:image\" content=\"https:\/\/cdn1.mediawpaccore.net\/wp-content\/uploads\/2026\/01\/08085128\/Captura-de-pantalla-2026-01-08-a-las-14.51.11-1024x669.png\" \/>\n\t<meta property=\"og:image:width\" content=\"1024\" \/>\n\t<meta property=\"og:image:height\" content=\"669\" \/>\n\t<meta property=\"og:image:type\" content=\"image\/png\" \/>\n<meta name=\"author\" content=\"Rafa\" \/>\n<meta name=\"twitter:card\" content=\"summary_large_image\" \/>\n<meta name=\"twitter:creator\" content=\"@cuballama\" \/>\n<meta name=\"twitter:site\" content=\"@cuballama\" \/>\n<meta name=\"twitter:label1\" content=\"Escrito por\" \/>\n\t<meta name=\"twitter:data1\" content=\"Rafa\" \/>\n\t<meta name=\"twitter:label2\" content=\"Tiempo de lectura\" \/>\n\t<meta name=\"twitter:data2\" content=\"4 minutos\" \/>\n<script type=\"application\/ld+json\" class=\"yoast-schema-graph\">{\"@context\":\"https:\\\/\\\/schema.org\",\"@graph\":[{\"@type\":\"Article\",\"@id\":\"https:\\\/\\\/www.cuballama.com\\\/noticias\\\/preocupacion-por-presunto-fallecimiento-del-influencer-cubano-khaly-flow-el-ambiental\\\/#article\",\"isPartOf\":{\"@id\":\"https:\\\/\\\/www.cuballama.com\\\/noticias\\\/preocupacion-por-presunto-fallecimiento-del-influencer-cubano-khaly-flow-el-ambiental\\\/\"},\"author\":{\"name\":\"Rafa\",\"@id\":\"https:\\\/\\\/www.cuballama.com\\\/noticias\\\/#\\\/schema\\\/person\\\/0f97914526a658755f00e59ec2a832f2\"},\"headline\":\"Preocupaci\u00f3n por presunto fallecimiento del influencer cubano Khaly Flow, El Ambiental\",\"datePublished\":\"2026-01-08T14:09:58+00:00\",\"dateModified\":\"2026-01-08T14:10:00+00:00\",\"mainEntityOfPage\":{\"@id\":\"https:\\\/\\\/www.cuballama.com\\\/noticias\\\/preocupacion-por-presunto-fallecimiento-del-influencer-cubano-khaly-flow-el-ambiental\\\/\"},\"wordCount\":599,\"commentCount\":0,\"publisher\":{\"@id\":\"https:\\\/\\\/www.cuballama.com\\\/noticias\\\/#organization\"},\"image\":{\"@id\":\"https:\\\/\\\/www.cuballama.com\\\/noticias\\\/preocupacion-por-presunto-fallecimiento-del-influencer-cubano-khaly-flow-el-ambiental\\\/#primaryimage\"},\"thumbnailUrl\":\"https:\\\/\\\/cdn1.mediawpaccore.net\\\/wp-content\\\/uploads\\\/2026\\\/01\\\/08085128\\\/Captura-de-pantalla-2026-01-08-a-las-14.51.11.png\",\"keywords\":[\"Cubanos en Espa\u00f1a\",\"influencer cubano\",\"Khaly Flow\",\"Yomil Hidalgo\"],\"articleSection\":[\"Far\u00e1ndula\"],\"inLanguage\":\"es\",\"potentialAction\":[{\"@type\":\"CommentAction\",\"name\":\"Comment\",\"target\":[\"https:\\\/\\\/www.cuballama.com\\\/noticias\\\/preocupacion-por-presunto-fallecimiento-del-influencer-cubano-khaly-flow-el-ambiental\\\/#respond\"]}]},{\"@type\":\"WebPage\",\"@id\":\"https:\\\/\\\/www.cuballama.com\\\/noticias\\\/preocupacion-por-presunto-fallecimiento-del-influencer-cubano-khaly-flow-el-ambiental\\\/\",\"url\":\"https:\\\/\\\/www.cuballama.com\\\/noticias\\\/preocupacion-por-presunto-fallecimiento-del-influencer-cubano-khaly-flow-el-ambiental\\\/\",\"name\":\"Preocupaci\u00f3n por presunto fallecimiento del influencer cubano Khaly Flow, El Ambiental - Cuballama Noticias\",\"isPartOf\":{\"@id\":\"https:\\\/\\\/www.cuballama.com\\\/noticias\\\/#website\"},\"primaryImageOfPage\":{\"@id\":\"https:\\\/\\\/www.cuballama.com\\\/noticias\\\/preocupacion-por-presunto-fallecimiento-del-influencer-cubano-khaly-flow-el-ambiental\\\/#primaryimage\"},\"image\":{\"@id\":\"https:\\\/\\\/www.cuballama.com\\\/noticias\\\/preocupacion-por-presunto-fallecimiento-del-influencer-cubano-khaly-flow-el-ambiental\\\/#primaryimage\"},\"thumbnailUrl\":\"https:\\\/\\\/cdn1.mediawpaccore.net\\\/wp-content\\\/uploads\\\/2026\\\/01\\\/08085128\\\/Captura-de-pantalla-2026-01-08-a-las-14.51.11.png\",\"datePublished\":\"2026-01-08T14:09:58+00:00\",\"dateModified\":\"2026-01-08T14:10:00+00:00\",\"description\":\"\u201cAcaba de fallecer El Ambiental en un accidente de carro. En paz descanses\u201d, se lee en un post publicado desde sus propias redes\",\"breadcrumb\":{\"@id\":\"https:\\\/\\\/www.cuballama.com\\\/noticias\\\/preocupacion-por-presunto-fallecimiento-del-influencer-cubano-khaly-flow-el-ambiental\\\/#breadcrumb\"},\"inLanguage\":\"es\",\"potentialAction\":[{\"@type\":\"ReadAction\",\"target\":[\"https:\\\/\\\/www.cuballama.com\\\/noticias\\\/preocupacion-por-presunto-fallecimiento-del-influencer-cubano-khaly-flow-el-ambiental\\\/\"]}]},{\"@type\":\"ImageObject\",\"inLanguage\":\"es\",\"@id\":\"https:\\\/\\\/www.cuballama.com\\\/noticias\\\/preocupacion-por-presunto-fallecimiento-del-influencer-cubano-khaly-flow-el-ambiental\\\/#primaryimage\",\"url\":\"https:\\\/\\\/cdn1.mediawpaccore.net\\\/wp-content\\\/uploads\\\/2026\\\/01\\\/08085128\\\/Captura-de-pantalla-2026-01-08-a-las-14.51.11.png\",\"contentUrl\":\"https:\\\/\\\/cdn1.mediawpaccore.net\\\/wp-content\\\/uploads\\\/2026\\\/01\\\/08085128\\\/Captura-de-pantalla-2026-01-08-a-las-14.51.11.png\",\"width\":1402,\"height\":916,\"caption\":\"Foto: Khaly Flow El Ambiental\\\/ Instagram\"},{\"@type\":\"BreadcrumbList\",\"@id\":\"https:\\\/\\\/www.cuballama.com\\\/noticias\\\/preocupacion-por-presunto-fallecimiento-del-influencer-cubano-khaly-flow-el-ambiental\\\/#breadcrumb\",\"itemListElement\":[{\"@type\":\"ListItem\",\"position\":1,\"name\":\"Home\",\"item\":\"https:\\\/\\\/www.cuballama.com\\\/noticias\\\/\"},{\"@type\":\"ListItem\",\"position\":2,\"name\":\"Preocupaci\u00f3n por presunto fallecimiento del influencer cubano Khaly Flow, El Ambiental\"}]},{\"@type\":\"WebSite\",\"@id\":\"https:\\\/\\\/www.cuballama.com\\\/noticias\\\/#website\",\"url\":\"https:\\\/\\\/www.cuballama.com\\\/noticias\\\/\",\"name\":\"Cuballama Noticias\",\"description\":\"Medio digital sobre Cuba y el mundo\",\"publisher\":{\"@id\":\"https:\\\/\\\/www.cuballama.com\\\/noticias\\\/#organization\"},\"potentialAction\":[{\"@type\":\"SearchAction\",\"target\":{\"@type\":\"EntryPoint\",\"urlTemplate\":\"https:\\\/\\\/www.cuballama.com\\\/noticias\\\/?s={search_term_string}\"},\"query-input\":{\"@type\":\"PropertyValueSpecification\",\"valueRequired\":true,\"valueName\":\"search_term_string\"}}],\"inLanguage\":\"es\"},{\"@type\":\"Organization\",\"@id\":\"https:\\\/\\\/www.cuballama.com\\\/noticias\\\/#organization\",\"name\":\"Cuballama\",\"url\":\"https:\\\/\\\/www.cuballama.com\\\/noticias\\\/\",\"logo\":{\"@type\":\"ImageObject\",\"inLanguage\":\"es\",\"@id\":\"https:\\\/\\\/www.cuballama.com\\\/noticias\\\/#\\\/schema\\\/logo\\\/image\\\/\",\"url\":\"https:\\\/\\\/cdn1.mediawpaccore.net\\\/wp-content\\\/uploads\\\/2021\\\/12\\\/28171206\\\/cbll-logo-color-sm.png\",\"contentUrl\":\"https:\\\/\\\/cdn1.mediawpaccore.net\\\/wp-content\\\/uploads\\\/2021\\\/12\\\/28171206\\\/cbll-logo-color-sm.png\",\"width\":600,\"height\":133,\"caption\":\"Cuballama\"},\"image\":{\"@id\":\"https:\\\/\\\/www.cuballama.com\\\/noticias\\\/#\\\/schema\\\/logo\\\/image\\\/\"},\"sameAs\":[\"https:\\\/\\\/www.facebook.com\\\/CubaLlama\",\"https:\\\/\\\/x.com\\\/cuballama\",\"https:\\\/\\\/www.instagram.com\\\/stories\\\/cuballama_oficial\\\/\",\"https:\\\/\\\/www.youtube.com\\\/channel\\\/UCKkFE-d_axENGZcrc4as0IA\"]},{\"@type\":\"Person\",\"@id\":\"https:\\\/\\\/www.cuballama.com\\\/noticias\\\/#\\\/schema\\\/person\\\/0f97914526a658755f00e59ec2a832f2\",\"name\":\"Rafa\",\"url\":\"https:\\\/\\\/www.cuballama.com\\\/noticias\\\/author\\\/rafa\\\/\"}]}<\/script>\n<!-- \/ Yoast SEO plugin. -->","yoast_head_json":{"title":"Preocupaci\u00f3n por presunto fallecimiento del influencer cubano Khaly Flow, El Ambiental - Cuballama Noticias","description":"\u201cAcaba de fallecer El Ambiental en un accidente de carro. En paz descanses\u201d, se lee en un post publicado desde sus propias redes","robots":{"index":"index","follow":"follow","max-snippet":"max-snippet:-1","max-image-preview":"max-image-preview:large","max-video-preview":"max-video-preview:-1"},"canonical":"https:\/\/www.cuballama.com\/noticias\/preocupacion-por-presunto-fallecimiento-del-influencer-cubano-khaly-flow-el-ambiental\/","og_locale":"es_ES","og_type":"article","og_title":"Preocupaci\u00f3n por presunto fallecimiento del influencer cubano Khaly Flow, El Ambiental - Cuballama Noticias","og_description":"\u201cAcaba de fallecer El Ambiental en un accidente de carro. En paz descanses\u201d, se lee en un post publicado desde sus propias redes","og_url":"https:\/\/www.cuballama.com\/noticias\/preocupacion-por-presunto-fallecimiento-del-influencer-cubano-khaly-flow-el-ambiental\/","og_site_name":"Cuballama Noticias","article_publisher":"https:\/\/www.facebook.com\/CubaLlama","article_published_time":"2026-01-08T14:09:58+00:00","article_modified_time":"2026-01-08T14:10:00+00:00","og_image":[{"width":1024,"height":669,"url":"https:\/\/cdn1.mediawpaccore.net\/wp-content\/uploads\/2026\/01\/08085128\/Captura-de-pantalla-2026-01-08-a-las-14.51.11-1024x669.png","type":"image\/png"}],"author":"Rafa","twitter_card":"summary_large_image","twitter_creator":"@cuballama","twitter_site":"@cuballama","twitter_misc":{"Escrito por":"Rafa","Tiempo de lectura":"4 minutos"},"schema":{"@context":"https:\/\/schema.org","@graph":[{"@type":"Article","@id":"https:\/\/www.cuballama.com\/noticias\/preocupacion-por-presunto-fallecimiento-del-influencer-cubano-khaly-flow-el-ambiental\/#article","isPartOf":{"@id":"https:\/\/www.cuballama.com\/noticias\/preocupacion-por-presunto-fallecimiento-del-influencer-cubano-khaly-flow-el-ambiental\/"},"author":{"name":"Rafa","@id":"https:\/\/www.cuballama.com\/noticias\/#\/schema\/person\/0f97914526a658755f00e59ec2a832f2"},"headline":"Preocupaci\u00f3n por presunto fallecimiento del influencer cubano Khaly Flow, El Ambiental","datePublished":"2026-01-08T14:09:58+00:00","dateModified":"2026-01-08T14:10:00+00:00","mainEntityOfPage":{"@id":"https:\/\/www.cuballama.com\/noticias\/preocupacion-por-presunto-fallecimiento-del-influencer-cubano-khaly-flow-el-ambiental\/"},"wordCount":599,"commentCount":0,"publisher":{"@id":"https:\/\/www.cuballama.com\/noticias\/#organization"},"image":{"@id":"https:\/\/www.cuballama.com\/noticias\/preocupacion-por-presunto-fallecimiento-del-influencer-cubano-khaly-flow-el-ambiental\/#primaryimage"},"thumbnailUrl":"https:\/\/cdn1.mediawpaccore.net\/wp-content\/uploads\/2026\/01\/08085128\/Captura-de-pantalla-2026-01-08-a-las-14.51.11.png","keywords":["Cubanos en Espa\u00f1a","influencer cubano","Khaly Flow","Yomil Hidalgo"],"articleSection":["Far\u00e1ndula"],"inLanguage":"es","potentialAction":[{"@type":"CommentAction","name":"Comment","target":["https:\/\/www.cuballama.com\/noticias\/preocupacion-por-presunto-fallecimiento-del-influencer-cubano-khaly-flow-el-ambiental\/#respond"]}]},{"@type":"WebPage","@id":"https:\/\/www.cuballama.com\/noticias\/preocupacion-por-presunto-fallecimiento-del-influencer-cubano-khaly-flow-el-ambiental\/","url":"https:\/\/www.cuballama.com\/noticias\/preocupacion-por-presunto-fallecimiento-del-influencer-cubano-khaly-flow-el-ambiental\/","name":"Preocupaci\u00f3n por presunto fallecimiento del influencer cubano Khaly Flow, El Ambiental - Cuballama Noticias","isPartOf":{"@id":"https:\/\/www.cuballama.com\/noticias\/#website"},"primaryImageOfPage":{"@id":"https:\/\/www.cuballama.com\/noticias\/preocupacion-por-presunto-fallecimiento-del-influencer-cubano-khaly-flow-el-ambiental\/#primaryimage"},"image":{"@id":"https:\/\/www.cuballama.com\/noticias\/preocupacion-por-presunto-fallecimiento-del-influencer-cubano-khaly-flow-el-ambiental\/#primaryimage"},"thumbnailUrl":"https:\/\/cdn1.mediawpaccore.net\/wp-content\/uploads\/2026\/01\/08085128\/Captura-de-pantalla-2026-01-08-a-las-14.51.11.png","datePublished":"2026-01-08T14:09:58+00:00","dateModified":"2026-01-08T14:10:00+00:00","description":"\u201cAcaba de fallecer El Ambiental en un accidente de carro. En paz descanses\u201d, se lee en un post publicado desde sus propias redes","breadcrumb":{"@id":"https:\/\/www.cuballama.com\/noticias\/preocupacion-por-presunto-fallecimiento-del-influencer-cubano-khaly-flow-el-ambiental\/#breadcrumb"},"inLanguage":"es","potentialAction":[{"@type":"ReadAction","target":["https:\/\/www.cuballama.com\/noticias\/preocupacion-por-presunto-fallecimiento-del-influencer-cubano-khaly-flow-el-ambiental\/"]}]},{"@type":"ImageObject","inLanguage":"es","@id":"https:\/\/www.cuballama.com\/noticias\/preocupacion-por-presunto-fallecimiento-del-influencer-cubano-khaly-flow-el-ambiental\/#primaryimage","url":"https:\/\/cdn1.mediawpaccore.net\/wp-content\/uploads\/2026\/01\/08085128\/Captura-de-pantalla-2026-01-08-a-las-14.51.11.png","contentUrl":"https:\/\/cdn1.mediawpaccore.net\/wp-content\/uploads\/2026\/01\/08085128\/Captura-de-pantalla-2026-01-08-a-las-14.51.11.png","width":1402,"height":916,"caption":"Foto: Khaly Flow El Ambiental\/ Instagram"},{"@type":"BreadcrumbList","@id":"https:\/\/www.cuballama.com\/noticias\/preocupacion-por-presunto-fallecimiento-del-influencer-cubano-khaly-flow-el-ambiental\/#breadcrumb","itemListElement":[{"@type":"ListItem","position":1,"name":"Home","item":"https:\/\/www.cuballama.com\/noticias\/"},{"@type":"ListItem","position":2,"name":"Preocupaci\u00f3n por presunto fallecimiento del influencer cubano Khaly Flow, El Ambiental"}]},{"@type":"WebSite","@id":"https:\/\/www.cuballama.com\/noticias\/#website","url":"https:\/\/www.cuballama.com\/noticias\/","name":"Cuballama Noticias","description":"Medio digital sobre Cuba y el mundo","publisher":{"@id":"https:\/\/www.cuballama.com\/noticias\/#organization"},"potentialAction":[{"@type":"SearchAction","target":{"@type":"EntryPoint","urlTemplate":"https:\/\/www.cuballama.com\/noticias\/?s={search_term_string}"},"query-input":{"@type":"PropertyValueSpecification","valueRequired":true,"valueName":"search_term_string"}}],"inLanguage":"es"},{"@type":"Organization","@id":"https:\/\/www.cuballama.com\/noticias\/#organization","name":"Cuballama","url":"https:\/\/www.cuballama.com\/noticias\/","logo":{"@type":"ImageObject","inLanguage":"es","@id":"https:\/\/www.cuballama.com\/noticias\/#\/schema\/logo\/image\/","url":"https:\/\/cdn1.mediawpaccore.net\/wp-content\/uploads\/2021\/12\/28171206\/cbll-logo-color-sm.png","contentUrl":"https:\/\/cdn1.mediawpaccore.net\/wp-content\/uploads\/2021\/12\/28171206\/cbll-logo-color-sm.png","width":600,"height":133,"caption":"Cuballama"},"image":{"@id":"https:\/\/www.cuballama.com\/noticias\/#\/schema\/logo\/image\/"},"sameAs":["https:\/\/www.facebook.com\/CubaLlama","https:\/\/x.com\/cuballama","https:\/\/www.instagram.com\/stories\/cuballama_oficial\/","https:\/\/www.youtube.com\/channel\/UCKkFE-d_axENGZcrc4as0IA"]},{"@type":"Person","@id":"https:\/\/www.cuballama.com\/noticias\/#\/schema\/person\/0f97914526a658755f00e59ec2a832f2","name":"Rafa","url":"https:\/\/www.cuballama.com\/noticias\/author\/rafa\/"}]}},"_links":{"self":[{"href":"https:\/\/www.cuballama.com\/noticias\/wp-json\/wp\/v2\/posts\/231319","targetHints":{"allow":["GET"]}}],"collection":[{"href":"https:\/\/www.cuballama.com\/noticias\/wp-json\/wp\/v2\/posts"}],"about":[{"href":"https:\/\/www.cuballama.com\/noticias\/wp-json\/wp\/v2\/types\/post"}],"author":[{"embeddable":true,"href":"https:\/\/www.cuballama.com\/noticias\/wp-json\/wp\/v2\/users\/27"}],"replies":[{"embeddable":true,"href":"https:\/\/www.cuballama.com\/noticias\/wp-json\/wp\/v2\/comments?post=231319"}],"version-history":[{"count":1,"href":"https:\/\/www.cuballama.com\/noticias\/wp-json\/wp\/v2\/posts\/231319\/revisions"}],"predecessor-version":[{"id":231331,"href":"https:\/\/www.cuballama.com\/noticias\/wp-json\/wp\/v2\/posts\/231319\/revisions\/231331"}],"wp:featuredmedia":[{"embeddable":true,"href":"https:\/\/www.cuballama.com\/noticias\/wp-json\/wp\/v2\/media\/231325"}],"wp:attachment":[{"href":"https:\/\/www.cuballama.com\/noticias\/wp-json\/wp\/v2\/media?parent=231319"}],"wp:term":[{"taxonomy":"category","embeddable":true,"href":"https:\/\/www.cuballama.com\/noticias\/wp-json\/wp\/v2\/categories?post=231319"},{"taxonomy":"post_tag","embeddable":true,"href":"https:\/\/www.cuballama.com\/noticias\/wp-json\/wp\/v2\/tags?post=231319"}],"curies":[{"name":"wp","href":"https:\/\/api.w.org\/{rel}","templated":true}]}}