{"id":231312,"date":"2026-01-08T11:30:50","date_gmt":"2026-01-08T16:30:50","guid":{"rendered":"https:\/\/www.cuballama.com\/noticias\/?p=231312"},"modified":"2026-01-08T11:30:54","modified_gmt":"2026-01-08T16:30:54","slug":"denuncian-que-represor-que-ataco-con-violencia-a-activista-cubana-esta-haciendo-papeles-para-marcharse-a-espana","status":"publish","type":"post","link":"https:\/\/www.cuballama.com\/noticias\/denuncian-que-represor-que-ataco-con-violencia-a-activista-cubana-esta-haciendo-papeles-para-marcharse-a-espana\/","title":{"rendered":"Denuncian que represor que atac\u00f3 con violencia a activista cubana esta haciendo papeles para marcharse a Espa\u00f1a"},"content":{"rendered":"\n<p>El nombre de Leandro Miguel Gonz\u00e1lez P\u00e9rez vuelve a circular fuera de los canales oficiales cubanos, esta vez no por un operativo represivo ni por un acto de \u201cm\u00e9rito revolucionario\u201d, sino por un rumor que ha provocado indignaci\u00f3n y sarcasmo a partes iguales: el agente de la Seguridad del Estado en Santa Clara estar\u00eda realizando gestiones para emigrar a Espa\u00f1a. El dato, difundido en redes y confirmado por activistas en el exilio a <em><a href=\"https:\/\/diariodecuba.com\/derechos-humanos\/1669588407_43726.html\" target=\"_blank\" rel=\"noreferrer noopener nofollow\">DDC<\/a><\/em>, coloca bajo una luz inc\u00f3moda a un funcionario conocido por su papel directo en la represi\u00f3n contra la disidencia. <\/p>\n\n\n\n<p>Gonz\u00e1lez P\u00e9rez fue identificado p\u00fablicamente en junio de 2022 tras protagonizar la detenci\u00f3n violenta de la activista Saily Gonz\u00e1lez Vel\u00e1zquez, a quien inmoviliz\u00f3 por el cuello mientras ella transmit\u00eda en directo desde su tel\u00e9fono m\u00f3vil. <\/p>\n\n\n\n<p>Las im\u00e1genes circularon ampliamente y se convirtieron en una de las escenas m\u00e1s expl\u00edcitas de la represi\u00f3n cotidiana ejercida por el aparato de Seguridad del Estado contra voces cr\u00edticas. A partir de ese episodio, organizaciones de asesor\u00eda legal y derechos humanos documentaron su identidad y su pertenencia a los \u00f3rganos de contrainteligencia del Ministerio del Interior en Villa Clara.<\/p>\n\n\n\n<iframe loading=\"lazy\" src=\"https:\/\/www.facebook.com\/plugins\/post.php?href=https%3A%2F%2Fwww.facebook.com%2Fpermalink.php%3Fstory_fbid%3Dpfbid02w1BjrYBvMLTPgXPnC32B5zu9wMHN7sWYmjxRNKQNXAxpwXeP1oLmeB4e2Ujnva2Ll%26id%3D100077345261405&#038;show_text=true&#038;width=500\" width=\"500\" height=\"536\" style=\"border:none;overflow:hidden\" scrolling=\"no\" frameborder=\"0\" allowfullscreen=\"true\" allow=\"autoplay; clipboard-write; encrypted-media; picture-in-picture; web-share\"><\/iframe>\n\n\n\n<p>Lejos de enfrentar consecuencias, Gonz\u00e1lez P\u00e9rez fue luego promovido simb\u00f3licamente por el sistema. Su nombre apareci\u00f3 en las boletas de candidatos a delegado de circunscripci\u00f3n en Santa Clara, acompa\u00f1ado de una biograf\u00eda oficial que lo presentaba como joven ejemplar, graduado en contrainteligencia y acreedor de varias condecoraciones por \u201cservicio distinguido\u201d. Para activistas y familiares de presos pol\u00edticos, aquella nominaci\u00f3n fue le\u00edda como una se\u00f1al clara: la violencia ejercida contra opositores no solo no se castiga, sino que se premia.<\/p>\n\n\n\n<p>El giro actual a\u00f1ade otra capa al caso. Seg\u00fan denuncias p\u00fablicas, el mismo funcionario que particip\u00f3 en arrestos arbitrarios y actos de hostigamiento estar\u00eda tramitando su salida del pa\u00eds con destino a Espa\u00f1a, uno de los principales receptores de emigrantes cubanos en los \u00faltimos a\u00f1os. La posibilidad de que un agente represivo aspire a instalarse en una democracia europea, beneficiarse de derechos civiles y rehacer su vida lejos del sistema que defendi\u00f3 con fuerza f\u00edsica, ha generado rechazo entre quienes fueron v\u00edctimas directas de su actuaci\u00f3n.<\/p>\n\n\n\n<p>La situaci\u00f3n no es in\u00e9dita. En los \u00faltimos a\u00f1os, m\u00faltiples funcionarios y cuadros medios del Estado cubano han emigrado silenciosamente, aprovechando v\u00edas legales que el propio r\u00e9gimen facilita a quienes gozan de \u201cconfianza pol\u00edtica\u201d. El contraste entre el discurso oficial contra el \u201ccapitalismo\u201d y la pr\u00e1ctica de quienes lo combaten desde dentro es cada vez m\u00e1s dif\u00edcil de disimular.<\/p>\n\n\n\n<p>En el caso de Gonz\u00e1lez P\u00e9rez, la controversia no gira solo en torno a si lograr\u00e1 marcharse, sino a la ausencia total de rendici\u00f3n de cuentas por los hechos documentados. Para muchos, la pregunta es simple: \u00bfqu\u00e9 pasa cuando quienes reprimen tambi\u00e9n hacen las maletas?<br><\/p>\n","protected":false},"excerpt":{"rendered":"<p>Leandro Miguel Gonz\u00e1lez P\u00e9rez, agente de la Seguridad del Estado identificado por agredir a Saily Gonz\u00e1lez, estar\u00eda gestionando su salida a Espa\u00f1a, seg\u00fan denuncias en redes.<\/p>\n","protected":false},"author":13,"featured_media":231315,"comment_status":"open","ping_status":"closed","sticky":false,"template":"","format":"standard","meta":{"_acf_changed":false,"footnotes":""},"categories":[18,955,957],"tags":[690,11,11747,272,29935,4747,11933,303,8130],"class_list":{"0":"post-231312","1":"post","2":"type-post","3":"status-publish","4":"format-standard","5":"has-post-thumbnail","7":"category-noticias","8":"category-noticias-de-cuba","9":"category-noticias-internacionales","10":"tag-activismo","11":"tag-cuba","13":"tag-espana","14":"tag-leandro-miguel-gonzalez-perez","15":"tag-represion","16":"tag-saily-gonzalez-velazquez","17":"tag-santa-clara","18":"tag-seguridad-del-estado"},"acf":[],"yoast_head":"<!-- This site is optimized with the Yoast SEO plugin v27.4 - https:\/\/yoast.com\/product\/yoast-seo-wordpress\/ -->\n<title>Denuncian que represor que atac\u00f3 con violencia a activista cubana esta haciendo papeles para marcharse a Espa\u00f1a - Cuballama Noticias<\/title>\n<meta name=\"description\" content=\"Agente represivo cubano se\u00f1alado por agredir a Saily Gonz\u00e1lez estar\u00eda tramitando emigrar a Espa\u00f1a, desatando cr\u00edticas.\" \/>\n<meta name=\"robots\" content=\"index, follow, max-snippet:-1, max-image-preview:large, max-video-preview:-1\" \/>\n<link rel=\"canonical\" href=\"https:\/\/www.cuballama.com\/noticias\/denuncian-que-represor-que-ataco-con-violencia-a-activista-cubana-esta-haciendo-papeles-para-marcharse-a-espana\/\" \/>\n<meta property=\"og:locale\" content=\"es_ES\" \/>\n<meta property=\"og:type\" content=\"article\" \/>\n<meta property=\"og:title\" content=\"Denuncian que represor que atac\u00f3 con violencia a activista cubana esta haciendo papeles para marcharse a Espa\u00f1a - Cuballama Noticias\" \/>\n<meta property=\"og:description\" content=\"Agente represivo cubano se\u00f1alado por agredir a Saily Gonz\u00e1lez estar\u00eda tramitando emigrar a Espa\u00f1a, desatando cr\u00edticas.\" \/>\n<meta property=\"og:url\" content=\"https:\/\/www.cuballama.com\/noticias\/denuncian-que-represor-que-ataco-con-violencia-a-activista-cubana-esta-haciendo-papeles-para-marcharse-a-espana\/\" \/>\n<meta property=\"og:site_name\" content=\"Cuballama Noticias\" \/>\n<meta property=\"article:publisher\" content=\"https:\/\/www.facebook.com\/CubaLlama\" \/>\n<meta property=\"article:published_time\" content=\"2026-01-08T16:30:50+00:00\" \/>\n<meta property=\"article:modified_time\" content=\"2026-01-08T16:30:54+00:00\" \/>\n<meta property=\"og:image\" content=\"https:\/\/cdn1.mediawpaccore.net\/wp-content\/uploads\/2026\/01\/08073120\/image-35.png\" \/>\n\t<meta property=\"og:image:width\" content=\"1966\" \/>\n\t<meta property=\"og:image:height\" content=\"1038\" \/>\n\t<meta property=\"og:image:type\" content=\"image\/png\" \/>\n<meta name=\"author\" content=\"Roberto A.\" \/>\n<meta name=\"twitter:card\" content=\"summary_large_image\" \/>\n<meta name=\"twitter:creator\" content=\"@cuballama\" \/>\n<meta name=\"twitter:site\" content=\"@cuballama\" \/>\n<meta name=\"twitter:label1\" content=\"Escrito por\" \/>\n\t<meta name=\"twitter:data1\" content=\"Roberto A.\" \/>\n\t<meta name=\"twitter:label2\" content=\"Tiempo de lectura\" \/>\n\t<meta name=\"twitter:data2\" content=\"3 minutos\" \/>\n<script type=\"application\/ld+json\" class=\"yoast-schema-graph\">{\"@context\":\"https:\\\/\\\/schema.org\",\"@graph\":[{\"@type\":\"Article\",\"@id\":\"https:\\\/\\\/www.cuballama.com\\\/noticias\\\/denuncian-que-represor-que-ataco-con-violencia-a-activista-cubana-esta-haciendo-papeles-para-marcharse-a-espana\\\/#article\",\"isPartOf\":{\"@id\":\"https:\\\/\\\/www.cuballama.com\\\/noticias\\\/denuncian-que-represor-que-ataco-con-violencia-a-activista-cubana-esta-haciendo-papeles-para-marcharse-a-espana\\\/\"},\"author\":{\"name\":\"Roberto A.\",\"@id\":\"https:\\\/\\\/www.cuballama.com\\\/noticias\\\/#\\\/schema\\\/person\\\/a58502ed4146c8e9f83872e897c76cd2\"},\"headline\":\"Denuncian que represor que atac\u00f3 con violencia a activista cubana esta haciendo papeles para marcharse a Espa\u00f1a\",\"datePublished\":\"2026-01-08T16:30:50+00:00\",\"dateModified\":\"2026-01-08T16:30:54+00:00\",\"mainEntityOfPage\":{\"@id\":\"https:\\\/\\\/www.cuballama.com\\\/noticias\\\/denuncian-que-represor-que-ataco-con-violencia-a-activista-cubana-esta-haciendo-papeles-para-marcharse-a-espana\\\/\"},\"wordCount\":530,\"commentCount\":0,\"publisher\":{\"@id\":\"https:\\\/\\\/www.cuballama.com\\\/noticias\\\/#organization\"},\"image\":{\"@id\":\"https:\\\/\\\/www.cuballama.com\\\/noticias\\\/denuncian-que-represor-que-ataco-con-violencia-a-activista-cubana-esta-haciendo-papeles-para-marcharse-a-espana\\\/#primaryimage\"},\"thumbnailUrl\":\"https:\\\/\\\/cdn1.mediawpaccore.net\\\/wp-content\\\/uploads\\\/2026\\\/01\\\/08073120\\\/image-35.png\",\"keywords\":[\"Activismo\",\"Cuba\",\"emigraci\u00f3n\",\"espa\u00f1a\",\"Leandro Miguel Gonz\u00e1lez P\u00e9rez\",\"represi\u00f3n\",\"Saily Gonz\u00e1lez Vel\u00e1zquez\",\"Santa Clara\",\"Seguridad del estado\"],\"articleSection\":[\"Noticias\",\"Noticias de Cuba\",\"Noticias Internacionales\"],\"inLanguage\":\"es\",\"potentialAction\":[{\"@type\":\"CommentAction\",\"name\":\"Comment\",\"target\":[\"https:\\\/\\\/www.cuballama.com\\\/noticias\\\/denuncian-que-represor-que-ataco-con-violencia-a-activista-cubana-esta-haciendo-papeles-para-marcharse-a-espana\\\/#respond\"]}]},{\"@type\":\"WebPage\",\"@id\":\"https:\\\/\\\/www.cuballama.com\\\/noticias\\\/denuncian-que-represor-que-ataco-con-violencia-a-activista-cubana-esta-haciendo-papeles-para-marcharse-a-espana\\\/\",\"url\":\"https:\\\/\\\/www.cuballama.com\\\/noticias\\\/denuncian-que-represor-que-ataco-con-violencia-a-activista-cubana-esta-haciendo-papeles-para-marcharse-a-espana\\\/\",\"name\":\"Denuncian que represor que atac\u00f3 con violencia a activista cubana esta haciendo papeles para marcharse a Espa\u00f1a - Cuballama Noticias\",\"isPartOf\":{\"@id\":\"https:\\\/\\\/www.cuballama.com\\\/noticias\\\/#website\"},\"primaryImageOfPage\":{\"@id\":\"https:\\\/\\\/www.cuballama.com\\\/noticias\\\/denuncian-que-represor-que-ataco-con-violencia-a-activista-cubana-esta-haciendo-papeles-para-marcharse-a-espana\\\/#primaryimage\"},\"image\":{\"@id\":\"https:\\\/\\\/www.cuballama.com\\\/noticias\\\/denuncian-que-represor-que-ataco-con-violencia-a-activista-cubana-esta-haciendo-papeles-para-marcharse-a-espana\\\/#primaryimage\"},\"thumbnailUrl\":\"https:\\\/\\\/cdn1.mediawpaccore.net\\\/wp-content\\\/uploads\\\/2026\\\/01\\\/08073120\\\/image-35.png\",\"datePublished\":\"2026-01-08T16:30:50+00:00\",\"dateModified\":\"2026-01-08T16:30:54+00:00\",\"description\":\"Agente represivo cubano se\u00f1alado por agredir a Saily Gonz\u00e1lez estar\u00eda tramitando emigrar a Espa\u00f1a, desatando cr\u00edticas.\",\"breadcrumb\":{\"@id\":\"https:\\\/\\\/www.cuballama.com\\\/noticias\\\/denuncian-que-represor-que-ataco-con-violencia-a-activista-cubana-esta-haciendo-papeles-para-marcharse-a-espana\\\/#breadcrumb\"},\"inLanguage\":\"es\",\"potentialAction\":[{\"@type\":\"ReadAction\",\"target\":[\"https:\\\/\\\/www.cuballama.com\\\/noticias\\\/denuncian-que-represor-que-ataco-con-violencia-a-activista-cubana-esta-haciendo-papeles-para-marcharse-a-espana\\\/\"]}]},{\"@type\":\"ImageObject\",\"inLanguage\":\"es\",\"@id\":\"https:\\\/\\\/www.cuballama.com\\\/noticias\\\/denuncian-que-represor-que-ataco-con-violencia-a-activista-cubana-esta-haciendo-papeles-para-marcharse-a-espana\\\/#primaryimage\",\"url\":\"https:\\\/\\\/cdn1.mediawpaccore.net\\\/wp-content\\\/uploads\\\/2026\\\/01\\\/08073120\\\/image-35.png\",\"contentUrl\":\"https:\\\/\\\/cdn1.mediawpaccore.net\\\/wp-content\\\/uploads\\\/2026\\\/01\\\/08073120\\\/image-35.png\",\"width\":1966,\"height\":1038,\"caption\":\"Leandro Miguel Gonz\u00e1lez P\u00e9rez fue identificado p\u00fablicamente en junio de 2022 tras protagonizar la detenci\u00f3n violenta de la activista Saily Gonz\u00e1lez Vel\u00e1zquez, a quien inmoviliz\u00f3 por el cuello mientras ella transmit\u00eda en directo desde su tel\u00e9fono m\u00f3vil. Foto v\u00eda Facebook.\"},{\"@type\":\"BreadcrumbList\",\"@id\":\"https:\\\/\\\/www.cuballama.com\\\/noticias\\\/denuncian-que-represor-que-ataco-con-violencia-a-activista-cubana-esta-haciendo-papeles-para-marcharse-a-espana\\\/#breadcrumb\",\"itemListElement\":[{\"@type\":\"ListItem\",\"position\":1,\"name\":\"Home\",\"item\":\"https:\\\/\\\/www.cuballama.com\\\/noticias\\\/\"},{\"@type\":\"ListItem\",\"position\":2,\"name\":\"Denuncian que represor que atac\u00f3 con violencia a activista cubana esta haciendo papeles para marcharse a Espa\u00f1a\"}]},{\"@type\":\"WebSite\",\"@id\":\"https:\\\/\\\/www.cuballama.com\\\/noticias\\\/#website\",\"url\":\"https:\\\/\\\/www.cuballama.com\\\/noticias\\\/\",\"name\":\"Cuballama Noticias\",\"description\":\"Medio digital sobre Cuba y el mundo\",\"publisher\":{\"@id\":\"https:\\\/\\\/www.cuballama.com\\\/noticias\\\/#organization\"},\"potentialAction\":[{\"@type\":\"SearchAction\",\"target\":{\"@type\":\"EntryPoint\",\"urlTemplate\":\"https:\\\/\\\/www.cuballama.com\\\/noticias\\\/?s={search_term_string}\"},\"query-input\":{\"@type\":\"PropertyValueSpecification\",\"valueRequired\":true,\"valueName\":\"search_term_string\"}}],\"inLanguage\":\"es\"},{\"@type\":\"Organization\",\"@id\":\"https:\\\/\\\/www.cuballama.com\\\/noticias\\\/#organization\",\"name\":\"Cuballama\",\"url\":\"https:\\\/\\\/www.cuballama.com\\\/noticias\\\/\",\"logo\":{\"@type\":\"ImageObject\",\"inLanguage\":\"es\",\"@id\":\"https:\\\/\\\/www.cuballama.com\\\/noticias\\\/#\\\/schema\\\/logo\\\/image\\\/\",\"url\":\"https:\\\/\\\/cdn1.mediawpaccore.net\\\/wp-content\\\/uploads\\\/2021\\\/12\\\/28171206\\\/cbll-logo-color-sm.png\",\"contentUrl\":\"https:\\\/\\\/cdn1.mediawpaccore.net\\\/wp-content\\\/uploads\\\/2021\\\/12\\\/28171206\\\/cbll-logo-color-sm.png\",\"width\":600,\"height\":133,\"caption\":\"Cuballama\"},\"image\":{\"@id\":\"https:\\\/\\\/www.cuballama.com\\\/noticias\\\/#\\\/schema\\\/logo\\\/image\\\/\"},\"sameAs\":[\"https:\\\/\\\/www.facebook.com\\\/CubaLlama\",\"https:\\\/\\\/x.com\\\/cuballama\",\"https:\\\/\\\/www.instagram.com\\\/stories\\\/cuballama_oficial\\\/\",\"https:\\\/\\\/www.youtube.com\\\/channel\\\/UCKkFE-d_axENGZcrc4as0IA\"]},{\"@type\":\"Person\",\"@id\":\"https:\\\/\\\/www.cuballama.com\\\/noticias\\\/#\\\/schema\\\/person\\\/a58502ed4146c8e9f83872e897c76cd2\",\"name\":\"Roberto A.\",\"description\":\"Roberto A. Periodista por decisi\u00f3n propia. Interesado en cualquier tema que me apasione y cada vez m\u00e1s comprometido con la verdad y la objetividad period\u00edstica. Graduado en La Habana hace ya muchos a\u00f1os, luego de una accidentada y polvorienta b\u00fasqueda de informaci\u00f3n sobre un tema in\u00e9dito. La Tesis, por cierto, desapareci\u00f3 de la biblioteca y no se conservan copias de la misma.\",\"url\":\"https:\\\/\\\/www.cuballama.com\\\/noticias\\\/author\\\/roberto\\\/\"}]}<\/script>\n<!-- \/ Yoast SEO plugin. -->","yoast_head_json":{"title":"Denuncian que represor que atac\u00f3 con violencia a activista cubana esta haciendo papeles para marcharse a Espa\u00f1a - Cuballama Noticias","description":"Agente represivo cubano se\u00f1alado por agredir a Saily Gonz\u00e1lez estar\u00eda tramitando emigrar a Espa\u00f1a, desatando cr\u00edticas.","robots":{"index":"index","follow":"follow","max-snippet":"max-snippet:-1","max-image-preview":"max-image-preview:large","max-video-preview":"max-video-preview:-1"},"canonical":"https:\/\/www.cuballama.com\/noticias\/denuncian-que-represor-que-ataco-con-violencia-a-activista-cubana-esta-haciendo-papeles-para-marcharse-a-espana\/","og_locale":"es_ES","og_type":"article","og_title":"Denuncian que represor que atac\u00f3 con violencia a activista cubana esta haciendo papeles para marcharse a Espa\u00f1a - Cuballama Noticias","og_description":"Agente represivo cubano se\u00f1alado por agredir a Saily Gonz\u00e1lez estar\u00eda tramitando emigrar a Espa\u00f1a, desatando cr\u00edticas.","og_url":"https:\/\/www.cuballama.com\/noticias\/denuncian-que-represor-que-ataco-con-violencia-a-activista-cubana-esta-haciendo-papeles-para-marcharse-a-espana\/","og_site_name":"Cuballama Noticias","article_publisher":"https:\/\/www.facebook.com\/CubaLlama","article_published_time":"2026-01-08T16:30:50+00:00","article_modified_time":"2026-01-08T16:30:54+00:00","og_image":[{"width":1966,"height":1038,"url":"https:\/\/cdn1.mediawpaccore.net\/wp-content\/uploads\/2026\/01\/08073120\/image-35.png","type":"image\/png"}],"author":"Roberto A.","twitter_card":"summary_large_image","twitter_creator":"@cuballama","twitter_site":"@cuballama","twitter_misc":{"Escrito por":"Roberto A.","Tiempo de lectura":"3 minutos"},"schema":{"@context":"https:\/\/schema.org","@graph":[{"@type":"Article","@id":"https:\/\/www.cuballama.com\/noticias\/denuncian-que-represor-que-ataco-con-violencia-a-activista-cubana-esta-haciendo-papeles-para-marcharse-a-espana\/#article","isPartOf":{"@id":"https:\/\/www.cuballama.com\/noticias\/denuncian-que-represor-que-ataco-con-violencia-a-activista-cubana-esta-haciendo-papeles-para-marcharse-a-espana\/"},"author":{"name":"Roberto A.","@id":"https:\/\/www.cuballama.com\/noticias\/#\/schema\/person\/a58502ed4146c8e9f83872e897c76cd2"},"headline":"Denuncian que represor que atac\u00f3 con violencia a activista cubana esta haciendo papeles para marcharse a Espa\u00f1a","datePublished":"2026-01-08T16:30:50+00:00","dateModified":"2026-01-08T16:30:54+00:00","mainEntityOfPage":{"@id":"https:\/\/www.cuballama.com\/noticias\/denuncian-que-represor-que-ataco-con-violencia-a-activista-cubana-esta-haciendo-papeles-para-marcharse-a-espana\/"},"wordCount":530,"commentCount":0,"publisher":{"@id":"https:\/\/www.cuballama.com\/noticias\/#organization"},"image":{"@id":"https:\/\/www.cuballama.com\/noticias\/denuncian-que-represor-que-ataco-con-violencia-a-activista-cubana-esta-haciendo-papeles-para-marcharse-a-espana\/#primaryimage"},"thumbnailUrl":"https:\/\/cdn1.mediawpaccore.net\/wp-content\/uploads\/2026\/01\/08073120\/image-35.png","keywords":["Activismo","Cuba","emigraci\u00f3n","espa\u00f1a","Leandro Miguel Gonz\u00e1lez P\u00e9rez","represi\u00f3n","Saily Gonz\u00e1lez Vel\u00e1zquez","Santa Clara","Seguridad del estado"],"articleSection":["Noticias","Noticias de Cuba","Noticias Internacionales"],"inLanguage":"es","potentialAction":[{"@type":"CommentAction","name":"Comment","target":["https:\/\/www.cuballama.com\/noticias\/denuncian-que-represor-que-ataco-con-violencia-a-activista-cubana-esta-haciendo-papeles-para-marcharse-a-espana\/#respond"]}]},{"@type":"WebPage","@id":"https:\/\/www.cuballama.com\/noticias\/denuncian-que-represor-que-ataco-con-violencia-a-activista-cubana-esta-haciendo-papeles-para-marcharse-a-espana\/","url":"https:\/\/www.cuballama.com\/noticias\/denuncian-que-represor-que-ataco-con-violencia-a-activista-cubana-esta-haciendo-papeles-para-marcharse-a-espana\/","name":"Denuncian que represor que atac\u00f3 con violencia a activista cubana esta haciendo papeles para marcharse a Espa\u00f1a - Cuballama Noticias","isPartOf":{"@id":"https:\/\/www.cuballama.com\/noticias\/#website"},"primaryImageOfPage":{"@id":"https:\/\/www.cuballama.com\/noticias\/denuncian-que-represor-que-ataco-con-violencia-a-activista-cubana-esta-haciendo-papeles-para-marcharse-a-espana\/#primaryimage"},"image":{"@id":"https:\/\/www.cuballama.com\/noticias\/denuncian-que-represor-que-ataco-con-violencia-a-activista-cubana-esta-haciendo-papeles-para-marcharse-a-espana\/#primaryimage"},"thumbnailUrl":"https:\/\/cdn1.mediawpaccore.net\/wp-content\/uploads\/2026\/01\/08073120\/image-35.png","datePublished":"2026-01-08T16:30:50+00:00","dateModified":"2026-01-08T16:30:54+00:00","description":"Agente represivo cubano se\u00f1alado por agredir a Saily Gonz\u00e1lez estar\u00eda tramitando emigrar a Espa\u00f1a, desatando cr\u00edticas.","breadcrumb":{"@id":"https:\/\/www.cuballama.com\/noticias\/denuncian-que-represor-que-ataco-con-violencia-a-activista-cubana-esta-haciendo-papeles-para-marcharse-a-espana\/#breadcrumb"},"inLanguage":"es","potentialAction":[{"@type":"ReadAction","target":["https:\/\/www.cuballama.com\/noticias\/denuncian-que-represor-que-ataco-con-violencia-a-activista-cubana-esta-haciendo-papeles-para-marcharse-a-espana\/"]}]},{"@type":"ImageObject","inLanguage":"es","@id":"https:\/\/www.cuballama.com\/noticias\/denuncian-que-represor-que-ataco-con-violencia-a-activista-cubana-esta-haciendo-papeles-para-marcharse-a-espana\/#primaryimage","url":"https:\/\/cdn1.mediawpaccore.net\/wp-content\/uploads\/2026\/01\/08073120\/image-35.png","contentUrl":"https:\/\/cdn1.mediawpaccore.net\/wp-content\/uploads\/2026\/01\/08073120\/image-35.png","width":1966,"height":1038,"caption":"Leandro Miguel Gonz\u00e1lez P\u00e9rez fue identificado p\u00fablicamente en junio de 2022 tras protagonizar la detenci\u00f3n violenta de la activista Saily Gonz\u00e1lez Vel\u00e1zquez, a quien inmoviliz\u00f3 por el cuello mientras ella transmit\u00eda en directo desde su tel\u00e9fono m\u00f3vil. Foto v\u00eda Facebook."},{"@type":"BreadcrumbList","@id":"https:\/\/www.cuballama.com\/noticias\/denuncian-que-represor-que-ataco-con-violencia-a-activista-cubana-esta-haciendo-papeles-para-marcharse-a-espana\/#breadcrumb","itemListElement":[{"@type":"ListItem","position":1,"name":"Home","item":"https:\/\/www.cuballama.com\/noticias\/"},{"@type":"ListItem","position":2,"name":"Denuncian que represor que atac\u00f3 con violencia a activista cubana esta haciendo papeles para marcharse a Espa\u00f1a"}]},{"@type":"WebSite","@id":"https:\/\/www.cuballama.com\/noticias\/#website","url":"https:\/\/www.cuballama.com\/noticias\/","name":"Cuballama Noticias","description":"Medio digital sobre Cuba y el mundo","publisher":{"@id":"https:\/\/www.cuballama.com\/noticias\/#organization"},"potentialAction":[{"@type":"SearchAction","target":{"@type":"EntryPoint","urlTemplate":"https:\/\/www.cuballama.com\/noticias\/?s={search_term_string}"},"query-input":{"@type":"PropertyValueSpecification","valueRequired":true,"valueName":"search_term_string"}}],"inLanguage":"es"},{"@type":"Organization","@id":"https:\/\/www.cuballama.com\/noticias\/#organization","name":"Cuballama","url":"https:\/\/www.cuballama.com\/noticias\/","logo":{"@type":"ImageObject","inLanguage":"es","@id":"https:\/\/www.cuballama.com\/noticias\/#\/schema\/logo\/image\/","url":"https:\/\/cdn1.mediawpaccore.net\/wp-content\/uploads\/2021\/12\/28171206\/cbll-logo-color-sm.png","contentUrl":"https:\/\/cdn1.mediawpaccore.net\/wp-content\/uploads\/2021\/12\/28171206\/cbll-logo-color-sm.png","width":600,"height":133,"caption":"Cuballama"},"image":{"@id":"https:\/\/www.cuballama.com\/noticias\/#\/schema\/logo\/image\/"},"sameAs":["https:\/\/www.facebook.com\/CubaLlama","https:\/\/x.com\/cuballama","https:\/\/www.instagram.com\/stories\/cuballama_oficial\/","https:\/\/www.youtube.com\/channel\/UCKkFE-d_axENGZcrc4as0IA"]},{"@type":"Person","@id":"https:\/\/www.cuballama.com\/noticias\/#\/schema\/person\/a58502ed4146c8e9f83872e897c76cd2","name":"Roberto A.","description":"Roberto A. Periodista por decisi\u00f3n propia. Interesado en cualquier tema que me apasione y cada vez m\u00e1s comprometido con la verdad y la objetividad period\u00edstica. Graduado en La Habana hace ya muchos a\u00f1os, luego de una accidentada y polvorienta b\u00fasqueda de informaci\u00f3n sobre un tema in\u00e9dito. La Tesis, por cierto, desapareci\u00f3 de la biblioteca y no se conservan copias de la misma.","url":"https:\/\/www.cuballama.com\/noticias\/author\/roberto\/"}]}},"_links":{"self":[{"href":"https:\/\/www.cuballama.com\/noticias\/wp-json\/wp\/v2\/posts\/231312","targetHints":{"allow":["GET"]}}],"collection":[{"href":"https:\/\/www.cuballama.com\/noticias\/wp-json\/wp\/v2\/posts"}],"about":[{"href":"https:\/\/www.cuballama.com\/noticias\/wp-json\/wp\/v2\/types\/post"}],"author":[{"embeddable":true,"href":"https:\/\/www.cuballama.com\/noticias\/wp-json\/wp\/v2\/users\/13"}],"replies":[{"embeddable":true,"href":"https:\/\/www.cuballama.com\/noticias\/wp-json\/wp\/v2\/comments?post=231312"}],"version-history":[{"count":5,"href":"https:\/\/www.cuballama.com\/noticias\/wp-json\/wp\/v2\/posts\/231312\/revisions"}],"predecessor-version":[{"id":231318,"href":"https:\/\/www.cuballama.com\/noticias\/wp-json\/wp\/v2\/posts\/231312\/revisions\/231318"}],"wp:featuredmedia":[{"embeddable":true,"href":"https:\/\/www.cuballama.com\/noticias\/wp-json\/wp\/v2\/media\/231315"}],"wp:attachment":[{"href":"https:\/\/www.cuballama.com\/noticias\/wp-json\/wp\/v2\/media?parent=231312"}],"wp:term":[{"taxonomy":"category","embeddable":true,"href":"https:\/\/www.cuballama.com\/noticias\/wp-json\/wp\/v2\/categories?post=231312"},{"taxonomy":"post_tag","embeddable":true,"href":"https:\/\/www.cuballama.com\/noticias\/wp-json\/wp\/v2\/tags?post=231312"}],"curies":[{"name":"wp","href":"https:\/\/api.w.org\/{rel}","templated":true}]}}