{"id":231307,"date":"2026-01-08T11:31:52","date_gmt":"2026-01-08T16:31:52","guid":{"rendered":"https:\/\/www.cuballama.com\/noticias\/?p=231307"},"modified":"2026-01-08T11:31:55","modified_gmt":"2026-01-08T16:31:55","slug":"ver-para-creer-cubana-califica-al-gobierno-de-trump-de-erratico-en-mitin-solidario-con-nicolas-maduro","status":"publish","type":"post","link":"https:\/\/www.cuballama.com\/noticias\/ver-para-creer-cubana-califica-al-gobierno-de-trump-de-erratico-en-mitin-solidario-con-nicolas-maduro\/","title":{"rendered":"\u00a1Ver para creer! Cubana califica al gobierno de Trump de \u00aberr\u00e1tico\u00bb en mitin solidario con Nicol\u00e1s Maduro"},"content":{"rendered":"\n<p>Una mujer identificada como Emilia Rebeca Hern\u00e1ndez, trabajadora del INDER, calific\u00f3 este fin de semana al gobierno de Donald Trump de \u201cerr\u00e1tico\u201d durante un mitin de solidaridad con Nicol\u00e1s Maduro, en una intervenci\u00f3n grabada en video y difundida en redes junto a cobertura de medios oficiales. La escena ocurre despu\u00e9s de una pregunta atribuida a un reportero de <a href=\"https:\/\/www.facebook.com\/reel\/894547279938175\" target=\"_blank\" rel=\"noreferrer noopener nofollow\">Granma<\/a>: \u201c\u00bfQu\u00e9 nos puede decir de esta agresi\u00f3n que ha sufrido el hermano pueblo de Venezuela?\u201d. <\/p>\n\n\n\n<p>En su respuesta, Hern\u00e1ndez, quien llam\u00f3 a Trump \u00abTr\u00fan\u00bb, describi\u00f3 la acci\u00f3n contra Maduro como \u201cuna agresi\u00f3n injusta\u201d y afirm\u00f3 que constituye \u201cuna violaci\u00f3n a los derechos humanos\u201d y a \u201clas leyes internacionales\u201d. <\/p>\n\n\n\n<p>En el mismo hilo de sus declaraciones acus\u00f3 a Washington de actuar con \u201cprepotencia\u201d y \u201cactitud genocida\u201d, y a\u00f1adi\u00f3 que \u201cen ese gobierno err\u00e1tico est\u00e1n conduciendo al pa\u00eds y al mundo a un caos\u201d, antes de reafirmar el respaldo a Venezuela \u201cen nombre del pueblo cubano\u201d y exigir \u201cinmediatamente la liberaci\u00f3n de Nicol\u00e1s Maduro y de la primera combatiente\u201d. El cierre fue el repertorio habitual de consignas: \u201cViva Cuba, viva Venezuela por siempre\u201d.<\/p>\n\n\n\n<iframe loading=\"lazy\" src=\"https:\/\/www.facebook.com\/plugins\/video.php?height=476&#038;href=https%3A%2F%2Fwww.facebook.com%2Freel%2F894547279938175%2F&#038;show_text=true&#038;width=267&#038;t=0\" width=\"267\" height=\"591\" style=\"border:none;overflow:hidden\" scrolling=\"no\" frameborder=\"0\" allowfullscreen=\"true\" allow=\"autoplay; clipboard-write; encrypted-media; picture-in-picture; web-share\" allowFullScreen=\"true\"><\/iframe>\n\n\n\n<p>La frase \u201cgobierno err\u00e1tico\u201d tendr\u00eda poco recorrido si no fuera por el lugar desde donde se pronuncia. En Cuba, la pol\u00edtica econ\u00f3mica ha tenido giros m\u00e1s que abruptos documentados durante d\u00e9cadas, con el d\u00f3lar como term\u00f3metro, y eso Emilia Rebeca parece no haberlo tenido en cuenta a la hora de decir lo que dijo. <\/p>\n\n\n\n<p>Por ejemplo, en 2004 el gobierno prohibi\u00f3 el uso del d\u00f3lar en efectivo y lo sustituy\u00f3 por mecanismos de circulaci\u00f3n restringida, justific\u00e1ndolo por presiones financieras externas. Luego, en 2020, en plena escasez de divisas, ampli\u00f3 la venta de productos en d\u00f3lares y elimin\u00f3 el gravamen del 10% sobre el billete verde, una medida que hab\u00eda estado vigente desde 2004. M\u00e1s adelante, en diciembre de 2025, funcionarios defendieron un nuevo paquete para permitir transacciones en d\u00f3lares en operaciones comerciales y exportaciones, reabriendo el debate sobre la dolarizaci\u00f3n parcial como \u201csoluci\u00f3n\u201d recurrente.<\/p>\n\n\n\n<p>El patr\u00f3n no se limita a la moneda. En junio de 2025, tras el rechazo popular al aumento de tarifas de internet, el Estado anunci\u00f3 un ajuste parcial ofreciendo planes m\u00e1s baratos para estudiantes, en una rectificaci\u00f3n reportada internacionalmente como respuesta a la indignaci\u00f3n p\u00fablica. En 2024, el propio manejo de \u201ctopes\u201d de precios para productos b\u00e1sicos termin\u00f3 tambi\u00e9n en marcha atr\u00e1s y reacomodos, seg\u00fan reportes de prensa.<\/p>\n\n\n\n<p>En ese contexto, la acusaci\u00f3n de \u201cerr\u00e1tico\u201d funciona menos como diagn\u00f3stico y m\u00e1s como consigna en boca de esta cubana fidelista y martiana, a la que sin dudas hay que elogiarle su capacidad de hablar durante casi un minuto sin apenas respirar.<\/p>\n\n\n\n<p>De todos modos si algo ha tenido este gobierno de Trump es que no ha sido precisamente err\u00e1tico, al menos en lo que hab\u00eda propuesto como discurso pre-campa\u00f1a.<\/p>\n\n\n\n<p>Granma no fue el \u00fanico medio que sali\u00f3 a la calle a preguntarle a la gente en la calle qu\u00e9 opinaba sobre los sucesos de Venezuela. La agencia AP tambi\u00e9n lo hizo y se encontr\u00f3 con una cubana que lament\u00f3 tener ya sus a\u00f1os encima porque si no, tomar\u00eda un fusil y se ir\u00eda a Venezuela a defender al gobierno del usurpador y dictador Nicol\u00e1s Maduro.<\/p>\n\n\n\n<blockquote class=\"tiktok-embed\" cite=\"https:\/\/www.tiktok.com\/@apnews\/video\/7592578350711967031\" data-video-id=\"7592578350711967031\" style=\"max-width: 605px;min-width: 325px;\" > <section> <a target=\"_blank\" title=\"@apnews\" href=\"https:\/\/www.tiktok.com\/@apnews?refer=embed\">@apnews<\/a> Cuban officials on Monday lowered flags before dawn to mourn 32 security officers they say were killed in the U.S. weekend strike in Venezuela. After Saturday\u2019s arrest of Venezuelan President Nicol\u00e1s Maduro, many in Cuba are questioning what that means for the country&#39;s future. <a title=\"maduro\" target=\"_blank\" href=\"https:\/\/www.tiktok.com\/tag\/maduro?refer=embed\">#maduro<\/a> <a title=\"cuba\" target=\"_blank\" href=\"https:\/\/www.tiktok.com\/tag\/cuba?refer=embed\">#cuba<\/a> <a title=\"venezuela\" target=\"_blank\" href=\"https:\/\/www.tiktok.com\/tag\/venezuela?refer=embed\">#venezuela<\/a> <a target=\"_blank\" title=\"\u266c original sound - The Associated Press\" href=\"https:\/\/www.tiktok.com\/music\/original-sound-7592578410552068878?refer=embed\">\u266c original sound &#8211; The Associated Press<\/a> <\/section> <\/blockquote> <script async src=\"https:\/\/www.tiktok.com\/embed.js\"><\/script>\n\n\n\n<p><br><\/p>\n","protected":false},"excerpt":{"rendered":"<p>En un mitin solidario con Nicol\u00e1s Maduro, una trabajadora del INDER calific\u00f3 al gobierno de Trump de \u201cerr\u00e1tico\u201d. La frase contrasta con giros econ\u00f3micos recientes del propio gobierno cubano, documentados en la pol\u00edtica del d\u00f3lar y en rectificaciones tras presi\u00f3n p\u00fablica.<\/p>\n","protected":false},"author":13,"featured_media":231309,"comment_status":"open","ping_status":"closed","sticky":false,"template":"","format":"standard","meta":{"_acf_changed":false,"footnotes":""},"categories":[18,955,961],"tags":[11,6503,700,29933,1805,2251,29934,11576,1030],"class_list":{"0":"post-231307","1":"post","2":"type-post","3":"status-publish","4":"format-standard","5":"has-post-thumbnail","7":"category-noticias","8":"category-noticias-de-cuba","9":"category-videos","10":"tag-cuba","11":"tag-dolar","12":"tag-donald-trump","13":"tag-emilia-rebeca-hernandez","14":"tag-granma","15":"tag-inder","16":"tag-mitin","17":"tag-nicolas-maduro-2","18":"tag-venezuela"},"acf":[],"yoast_head":"<!-- This site is optimized with the Yoast SEO plugin v27.4 - https:\/\/yoast.com\/product\/yoast-seo-wordpress\/ -->\n<title>\u00a1Ver para creer! Cubana califica al gobierno de Trump de &quot;err\u00e1tico&quot; en mitin solidario con Nicol\u00e1s Maduro - Cuballama Noticias<\/title>\n<meta name=\"description\" content=\"Cubana llama \u201cerr\u00e1tico\u201d al gobierno de Trump en mitin por Maduro, mientras Cuba exhibe giros econ\u00f3micos y rectificaciones.\" \/>\n<meta name=\"robots\" content=\"index, follow, max-snippet:-1, max-image-preview:large, max-video-preview:-1\" \/>\n<link rel=\"canonical\" href=\"https:\/\/www.cuballama.com\/noticias\/ver-para-creer-cubana-califica-al-gobierno-de-trump-de-erratico-en-mitin-solidario-con-nicolas-maduro\/\" \/>\n<meta property=\"og:locale\" content=\"es_ES\" \/>\n<meta property=\"og:type\" content=\"article\" \/>\n<meta property=\"og:title\" content=\"\u00a1Ver para creer! Cubana califica al gobierno de Trump de &quot;err\u00e1tico&quot; en mitin solidario con Nicol\u00e1s Maduro - Cuballama Noticias\" \/>\n<meta property=\"og:description\" content=\"Cubana llama \u201cerr\u00e1tico\u201d al gobierno de Trump en mitin por Maduro, mientras Cuba exhibe giros econ\u00f3micos y rectificaciones.\" \/>\n<meta property=\"og:url\" content=\"https:\/\/www.cuballama.com\/noticias\/ver-para-creer-cubana-califica-al-gobierno-de-trump-de-erratico-en-mitin-solidario-con-nicolas-maduro\/\" \/>\n<meta property=\"og:site_name\" content=\"Cuballama Noticias\" \/>\n<meta property=\"article:publisher\" content=\"https:\/\/www.facebook.com\/CubaLlama\" \/>\n<meta property=\"article:published_time\" content=\"2026-01-08T16:31:52+00:00\" \/>\n<meta property=\"article:modified_time\" content=\"2026-01-08T16:31:55+00:00\" \/>\n<meta property=\"og:image\" content=\"https:\/\/cdn1.mediawpaccore.net\/wp-content\/uploads\/2026\/01\/08071522\/image-34.png\" \/>\n\t<meta property=\"og:image:width\" content=\"1974\" \/>\n\t<meta property=\"og:image:height\" content=\"1042\" \/>\n\t<meta property=\"og:image:type\" content=\"image\/png\" \/>\n<meta name=\"author\" content=\"Roberto A.\" \/>\n<meta name=\"twitter:card\" content=\"summary_large_image\" \/>\n<meta name=\"twitter:creator\" content=\"@cuballama\" \/>\n<meta name=\"twitter:site\" content=\"@cuballama\" \/>\n<meta name=\"twitter:label1\" content=\"Escrito por\" \/>\n\t<meta name=\"twitter:data1\" content=\"Roberto A.\" \/>\n\t<meta name=\"twitter:label2\" content=\"Tiempo de lectura\" \/>\n\t<meta name=\"twitter:data2\" content=\"3 minutos\" \/>\n<script type=\"application\/ld+json\" class=\"yoast-schema-graph\">{\"@context\":\"https:\\\/\\\/schema.org\",\"@graph\":[{\"@type\":\"Article\",\"@id\":\"https:\\\/\\\/www.cuballama.com\\\/noticias\\\/ver-para-creer-cubana-califica-al-gobierno-de-trump-de-erratico-en-mitin-solidario-con-nicolas-maduro\\\/#article\",\"isPartOf\":{\"@id\":\"https:\\\/\\\/www.cuballama.com\\\/noticias\\\/ver-para-creer-cubana-califica-al-gobierno-de-trump-de-erratico-en-mitin-solidario-con-nicolas-maduro\\\/\"},\"author\":{\"name\":\"Roberto A.\",\"@id\":\"https:\\\/\\\/www.cuballama.com\\\/noticias\\\/#\\\/schema\\\/person\\\/a58502ed4146c8e9f83872e897c76cd2\"},\"headline\":\"\u00a1Ver para creer! Cubana califica al gobierno de Trump de \u00aberr\u00e1tico\u00bb en mitin solidario con Nicol\u00e1s Maduro\",\"datePublished\":\"2026-01-08T16:31:52+00:00\",\"dateModified\":\"2026-01-08T16:31:55+00:00\",\"mainEntityOfPage\":{\"@id\":\"https:\\\/\\\/www.cuballama.com\\\/noticias\\\/ver-para-creer-cubana-califica-al-gobierno-de-trump-de-erratico-en-mitin-solidario-con-nicolas-maduro\\\/\"},\"wordCount\":652,\"commentCount\":0,\"publisher\":{\"@id\":\"https:\\\/\\\/www.cuballama.com\\\/noticias\\\/#organization\"},\"image\":{\"@id\":\"https:\\\/\\\/www.cuballama.com\\\/noticias\\\/ver-para-creer-cubana-califica-al-gobierno-de-trump-de-erratico-en-mitin-solidario-con-nicolas-maduro\\\/#primaryimage\"},\"thumbnailUrl\":\"https:\\\/\\\/cdn1.mediawpaccore.net\\\/wp-content\\\/uploads\\\/2026\\\/01\\\/08071522\\\/image-34.png\",\"keywords\":[\"Cuba\",\"D\u00f3lar\",\"Donald Trump\",\"Emilia Rebeca Hern\u00e1ndez\",\"Granma\",\"INDER\",\"mitin\",\"Nicol\u00e1s Maduro\",\"venezuela\"],\"articleSection\":[\"Noticias\",\"Noticias de Cuba\",\"Videos\"],\"inLanguage\":\"es\",\"potentialAction\":[{\"@type\":\"CommentAction\",\"name\":\"Comment\",\"target\":[\"https:\\\/\\\/www.cuballama.com\\\/noticias\\\/ver-para-creer-cubana-califica-al-gobierno-de-trump-de-erratico-en-mitin-solidario-con-nicolas-maduro\\\/#respond\"]}]},{\"@type\":\"WebPage\",\"@id\":\"https:\\\/\\\/www.cuballama.com\\\/noticias\\\/ver-para-creer-cubana-califica-al-gobierno-de-trump-de-erratico-en-mitin-solidario-con-nicolas-maduro\\\/\",\"url\":\"https:\\\/\\\/www.cuballama.com\\\/noticias\\\/ver-para-creer-cubana-califica-al-gobierno-de-trump-de-erratico-en-mitin-solidario-con-nicolas-maduro\\\/\",\"name\":\"\u00a1Ver para creer! Cubana califica al gobierno de Trump de \\\"err\u00e1tico\\\" en mitin solidario con Nicol\u00e1s Maduro - Cuballama Noticias\",\"isPartOf\":{\"@id\":\"https:\\\/\\\/www.cuballama.com\\\/noticias\\\/#website\"},\"primaryImageOfPage\":{\"@id\":\"https:\\\/\\\/www.cuballama.com\\\/noticias\\\/ver-para-creer-cubana-califica-al-gobierno-de-trump-de-erratico-en-mitin-solidario-con-nicolas-maduro\\\/#primaryimage\"},\"image\":{\"@id\":\"https:\\\/\\\/www.cuballama.com\\\/noticias\\\/ver-para-creer-cubana-califica-al-gobierno-de-trump-de-erratico-en-mitin-solidario-con-nicolas-maduro\\\/#primaryimage\"},\"thumbnailUrl\":\"https:\\\/\\\/cdn1.mediawpaccore.net\\\/wp-content\\\/uploads\\\/2026\\\/01\\\/08071522\\\/image-34.png\",\"datePublished\":\"2026-01-08T16:31:52+00:00\",\"dateModified\":\"2026-01-08T16:31:55+00:00\",\"description\":\"Cubana llama \u201cerr\u00e1tico\u201d al gobierno de Trump en mitin por Maduro, mientras Cuba exhibe giros econ\u00f3micos y rectificaciones.\",\"breadcrumb\":{\"@id\":\"https:\\\/\\\/www.cuballama.com\\\/noticias\\\/ver-para-creer-cubana-califica-al-gobierno-de-trump-de-erratico-en-mitin-solidario-con-nicolas-maduro\\\/#breadcrumb\"},\"inLanguage\":\"es\",\"potentialAction\":[{\"@type\":\"ReadAction\",\"target\":[\"https:\\\/\\\/www.cuballama.com\\\/noticias\\\/ver-para-creer-cubana-califica-al-gobierno-de-trump-de-erratico-en-mitin-solidario-con-nicolas-maduro\\\/\"]}]},{\"@type\":\"ImageObject\",\"inLanguage\":\"es\",\"@id\":\"https:\\\/\\\/www.cuballama.com\\\/noticias\\\/ver-para-creer-cubana-califica-al-gobierno-de-trump-de-erratico-en-mitin-solidario-con-nicolas-maduro\\\/#primaryimage\",\"url\":\"https:\\\/\\\/cdn1.mediawpaccore.net\\\/wp-content\\\/uploads\\\/2026\\\/01\\\/08071522\\\/image-34.png\",\"contentUrl\":\"https:\\\/\\\/cdn1.mediawpaccore.net\\\/wp-content\\\/uploads\\\/2026\\\/01\\\/08071522\\\/image-34.png\",\"width\":1974,\"height\":1042,\"caption\":\"Emilia Rebeca Hern\u00e1ndez, trabajadora del INDER, calific\u00f3 este fin de semana al gobierno de Donald Trump de \u201cerr\u00e1tico\u201d durante un mitin de solidaridad con Nicol\u00e1s Maduro, en una intervenci\u00f3n grabada en video y difundida en redes junto a cobertura de medios oficiales.\"},{\"@type\":\"BreadcrumbList\",\"@id\":\"https:\\\/\\\/www.cuballama.com\\\/noticias\\\/ver-para-creer-cubana-califica-al-gobierno-de-trump-de-erratico-en-mitin-solidario-con-nicolas-maduro\\\/#breadcrumb\",\"itemListElement\":[{\"@type\":\"ListItem\",\"position\":1,\"name\":\"Home\",\"item\":\"https:\\\/\\\/www.cuballama.com\\\/noticias\\\/\"},{\"@type\":\"ListItem\",\"position\":2,\"name\":\"\u00a1Ver para creer! Cubana califica al gobierno de Trump de \u00aberr\u00e1tico\u00bb en mitin solidario con Nicol\u00e1s Maduro\"}]},{\"@type\":\"WebSite\",\"@id\":\"https:\\\/\\\/www.cuballama.com\\\/noticias\\\/#website\",\"url\":\"https:\\\/\\\/www.cuballama.com\\\/noticias\\\/\",\"name\":\"Cuballama Noticias\",\"description\":\"Medio digital sobre Cuba y el mundo\",\"publisher\":{\"@id\":\"https:\\\/\\\/www.cuballama.com\\\/noticias\\\/#organization\"},\"potentialAction\":[{\"@type\":\"SearchAction\",\"target\":{\"@type\":\"EntryPoint\",\"urlTemplate\":\"https:\\\/\\\/www.cuballama.com\\\/noticias\\\/?s={search_term_string}\"},\"query-input\":{\"@type\":\"PropertyValueSpecification\",\"valueRequired\":true,\"valueName\":\"search_term_string\"}}],\"inLanguage\":\"es\"},{\"@type\":\"Organization\",\"@id\":\"https:\\\/\\\/www.cuballama.com\\\/noticias\\\/#organization\",\"name\":\"Cuballama\",\"url\":\"https:\\\/\\\/www.cuballama.com\\\/noticias\\\/\",\"logo\":{\"@type\":\"ImageObject\",\"inLanguage\":\"es\",\"@id\":\"https:\\\/\\\/www.cuballama.com\\\/noticias\\\/#\\\/schema\\\/logo\\\/image\\\/\",\"url\":\"https:\\\/\\\/cdn1.mediawpaccore.net\\\/wp-content\\\/uploads\\\/2021\\\/12\\\/28171206\\\/cbll-logo-color-sm.png\",\"contentUrl\":\"https:\\\/\\\/cdn1.mediawpaccore.net\\\/wp-content\\\/uploads\\\/2021\\\/12\\\/28171206\\\/cbll-logo-color-sm.png\",\"width\":600,\"height\":133,\"caption\":\"Cuballama\"},\"image\":{\"@id\":\"https:\\\/\\\/www.cuballama.com\\\/noticias\\\/#\\\/schema\\\/logo\\\/image\\\/\"},\"sameAs\":[\"https:\\\/\\\/www.facebook.com\\\/CubaLlama\",\"https:\\\/\\\/x.com\\\/cuballama\",\"https:\\\/\\\/www.instagram.com\\\/stories\\\/cuballama_oficial\\\/\",\"https:\\\/\\\/www.youtube.com\\\/channel\\\/UCKkFE-d_axENGZcrc4as0IA\"]},{\"@type\":\"Person\",\"@id\":\"https:\\\/\\\/www.cuballama.com\\\/noticias\\\/#\\\/schema\\\/person\\\/a58502ed4146c8e9f83872e897c76cd2\",\"name\":\"Roberto A.\",\"description\":\"Roberto A. Periodista por decisi\u00f3n propia. Interesado en cualquier tema que me apasione y cada vez m\u00e1s comprometido con la verdad y la objetividad period\u00edstica. Graduado en La Habana hace ya muchos a\u00f1os, luego de una accidentada y polvorienta b\u00fasqueda de informaci\u00f3n sobre un tema in\u00e9dito. La Tesis, por cierto, desapareci\u00f3 de la biblioteca y no se conservan copias de la misma.\",\"url\":\"https:\\\/\\\/www.cuballama.com\\\/noticias\\\/author\\\/roberto\\\/\"}]}<\/script>\n<!-- \/ Yoast SEO plugin. -->","yoast_head_json":{"title":"\u00a1Ver para creer! Cubana califica al gobierno de Trump de \"err\u00e1tico\" en mitin solidario con Nicol\u00e1s Maduro - Cuballama Noticias","description":"Cubana llama \u201cerr\u00e1tico\u201d al gobierno de Trump en mitin por Maduro, mientras Cuba exhibe giros econ\u00f3micos y rectificaciones.","robots":{"index":"index","follow":"follow","max-snippet":"max-snippet:-1","max-image-preview":"max-image-preview:large","max-video-preview":"max-video-preview:-1"},"canonical":"https:\/\/www.cuballama.com\/noticias\/ver-para-creer-cubana-califica-al-gobierno-de-trump-de-erratico-en-mitin-solidario-con-nicolas-maduro\/","og_locale":"es_ES","og_type":"article","og_title":"\u00a1Ver para creer! Cubana califica al gobierno de Trump de \"err\u00e1tico\" en mitin solidario con Nicol\u00e1s Maduro - Cuballama Noticias","og_description":"Cubana llama \u201cerr\u00e1tico\u201d al gobierno de Trump en mitin por Maduro, mientras Cuba exhibe giros econ\u00f3micos y rectificaciones.","og_url":"https:\/\/www.cuballama.com\/noticias\/ver-para-creer-cubana-califica-al-gobierno-de-trump-de-erratico-en-mitin-solidario-con-nicolas-maduro\/","og_site_name":"Cuballama Noticias","article_publisher":"https:\/\/www.facebook.com\/CubaLlama","article_published_time":"2026-01-08T16:31:52+00:00","article_modified_time":"2026-01-08T16:31:55+00:00","og_image":[{"width":1974,"height":1042,"url":"https:\/\/cdn1.mediawpaccore.net\/wp-content\/uploads\/2026\/01\/08071522\/image-34.png","type":"image\/png"}],"author":"Roberto A.","twitter_card":"summary_large_image","twitter_creator":"@cuballama","twitter_site":"@cuballama","twitter_misc":{"Escrito por":"Roberto A.","Tiempo de lectura":"3 minutos"},"schema":{"@context":"https:\/\/schema.org","@graph":[{"@type":"Article","@id":"https:\/\/www.cuballama.com\/noticias\/ver-para-creer-cubana-califica-al-gobierno-de-trump-de-erratico-en-mitin-solidario-con-nicolas-maduro\/#article","isPartOf":{"@id":"https:\/\/www.cuballama.com\/noticias\/ver-para-creer-cubana-califica-al-gobierno-de-trump-de-erratico-en-mitin-solidario-con-nicolas-maduro\/"},"author":{"name":"Roberto A.","@id":"https:\/\/www.cuballama.com\/noticias\/#\/schema\/person\/a58502ed4146c8e9f83872e897c76cd2"},"headline":"\u00a1Ver para creer! Cubana califica al gobierno de Trump de \u00aberr\u00e1tico\u00bb en mitin solidario con Nicol\u00e1s Maduro","datePublished":"2026-01-08T16:31:52+00:00","dateModified":"2026-01-08T16:31:55+00:00","mainEntityOfPage":{"@id":"https:\/\/www.cuballama.com\/noticias\/ver-para-creer-cubana-califica-al-gobierno-de-trump-de-erratico-en-mitin-solidario-con-nicolas-maduro\/"},"wordCount":652,"commentCount":0,"publisher":{"@id":"https:\/\/www.cuballama.com\/noticias\/#organization"},"image":{"@id":"https:\/\/www.cuballama.com\/noticias\/ver-para-creer-cubana-califica-al-gobierno-de-trump-de-erratico-en-mitin-solidario-con-nicolas-maduro\/#primaryimage"},"thumbnailUrl":"https:\/\/cdn1.mediawpaccore.net\/wp-content\/uploads\/2026\/01\/08071522\/image-34.png","keywords":["Cuba","D\u00f3lar","Donald Trump","Emilia Rebeca Hern\u00e1ndez","Granma","INDER","mitin","Nicol\u00e1s Maduro","venezuela"],"articleSection":["Noticias","Noticias de Cuba","Videos"],"inLanguage":"es","potentialAction":[{"@type":"CommentAction","name":"Comment","target":["https:\/\/www.cuballama.com\/noticias\/ver-para-creer-cubana-califica-al-gobierno-de-trump-de-erratico-en-mitin-solidario-con-nicolas-maduro\/#respond"]}]},{"@type":"WebPage","@id":"https:\/\/www.cuballama.com\/noticias\/ver-para-creer-cubana-califica-al-gobierno-de-trump-de-erratico-en-mitin-solidario-con-nicolas-maduro\/","url":"https:\/\/www.cuballama.com\/noticias\/ver-para-creer-cubana-califica-al-gobierno-de-trump-de-erratico-en-mitin-solidario-con-nicolas-maduro\/","name":"\u00a1Ver para creer! Cubana califica al gobierno de Trump de \"err\u00e1tico\" en mitin solidario con Nicol\u00e1s Maduro - Cuballama Noticias","isPartOf":{"@id":"https:\/\/www.cuballama.com\/noticias\/#website"},"primaryImageOfPage":{"@id":"https:\/\/www.cuballama.com\/noticias\/ver-para-creer-cubana-califica-al-gobierno-de-trump-de-erratico-en-mitin-solidario-con-nicolas-maduro\/#primaryimage"},"image":{"@id":"https:\/\/www.cuballama.com\/noticias\/ver-para-creer-cubana-califica-al-gobierno-de-trump-de-erratico-en-mitin-solidario-con-nicolas-maduro\/#primaryimage"},"thumbnailUrl":"https:\/\/cdn1.mediawpaccore.net\/wp-content\/uploads\/2026\/01\/08071522\/image-34.png","datePublished":"2026-01-08T16:31:52+00:00","dateModified":"2026-01-08T16:31:55+00:00","description":"Cubana llama \u201cerr\u00e1tico\u201d al gobierno de Trump en mitin por Maduro, mientras Cuba exhibe giros econ\u00f3micos y rectificaciones.","breadcrumb":{"@id":"https:\/\/www.cuballama.com\/noticias\/ver-para-creer-cubana-califica-al-gobierno-de-trump-de-erratico-en-mitin-solidario-con-nicolas-maduro\/#breadcrumb"},"inLanguage":"es","potentialAction":[{"@type":"ReadAction","target":["https:\/\/www.cuballama.com\/noticias\/ver-para-creer-cubana-califica-al-gobierno-de-trump-de-erratico-en-mitin-solidario-con-nicolas-maduro\/"]}]},{"@type":"ImageObject","inLanguage":"es","@id":"https:\/\/www.cuballama.com\/noticias\/ver-para-creer-cubana-califica-al-gobierno-de-trump-de-erratico-en-mitin-solidario-con-nicolas-maduro\/#primaryimage","url":"https:\/\/cdn1.mediawpaccore.net\/wp-content\/uploads\/2026\/01\/08071522\/image-34.png","contentUrl":"https:\/\/cdn1.mediawpaccore.net\/wp-content\/uploads\/2026\/01\/08071522\/image-34.png","width":1974,"height":1042,"caption":"Emilia Rebeca Hern\u00e1ndez, trabajadora del INDER, calific\u00f3 este fin de semana al gobierno de Donald Trump de \u201cerr\u00e1tico\u201d durante un mitin de solidaridad con Nicol\u00e1s Maduro, en una intervenci\u00f3n grabada en video y difundida en redes junto a cobertura de medios oficiales."},{"@type":"BreadcrumbList","@id":"https:\/\/www.cuballama.com\/noticias\/ver-para-creer-cubana-califica-al-gobierno-de-trump-de-erratico-en-mitin-solidario-con-nicolas-maduro\/#breadcrumb","itemListElement":[{"@type":"ListItem","position":1,"name":"Home","item":"https:\/\/www.cuballama.com\/noticias\/"},{"@type":"ListItem","position":2,"name":"\u00a1Ver para creer! Cubana califica al gobierno de Trump de \u00aberr\u00e1tico\u00bb en mitin solidario con Nicol\u00e1s Maduro"}]},{"@type":"WebSite","@id":"https:\/\/www.cuballama.com\/noticias\/#website","url":"https:\/\/www.cuballama.com\/noticias\/","name":"Cuballama Noticias","description":"Medio digital sobre Cuba y el mundo","publisher":{"@id":"https:\/\/www.cuballama.com\/noticias\/#organization"},"potentialAction":[{"@type":"SearchAction","target":{"@type":"EntryPoint","urlTemplate":"https:\/\/www.cuballama.com\/noticias\/?s={search_term_string}"},"query-input":{"@type":"PropertyValueSpecification","valueRequired":true,"valueName":"search_term_string"}}],"inLanguage":"es"},{"@type":"Organization","@id":"https:\/\/www.cuballama.com\/noticias\/#organization","name":"Cuballama","url":"https:\/\/www.cuballama.com\/noticias\/","logo":{"@type":"ImageObject","inLanguage":"es","@id":"https:\/\/www.cuballama.com\/noticias\/#\/schema\/logo\/image\/","url":"https:\/\/cdn1.mediawpaccore.net\/wp-content\/uploads\/2021\/12\/28171206\/cbll-logo-color-sm.png","contentUrl":"https:\/\/cdn1.mediawpaccore.net\/wp-content\/uploads\/2021\/12\/28171206\/cbll-logo-color-sm.png","width":600,"height":133,"caption":"Cuballama"},"image":{"@id":"https:\/\/www.cuballama.com\/noticias\/#\/schema\/logo\/image\/"},"sameAs":["https:\/\/www.facebook.com\/CubaLlama","https:\/\/x.com\/cuballama","https:\/\/www.instagram.com\/stories\/cuballama_oficial\/","https:\/\/www.youtube.com\/channel\/UCKkFE-d_axENGZcrc4as0IA"]},{"@type":"Person","@id":"https:\/\/www.cuballama.com\/noticias\/#\/schema\/person\/a58502ed4146c8e9f83872e897c76cd2","name":"Roberto A.","description":"Roberto A. Periodista por decisi\u00f3n propia. Interesado en cualquier tema que me apasione y cada vez m\u00e1s comprometido con la verdad y la objetividad period\u00edstica. Graduado en La Habana hace ya muchos a\u00f1os, luego de una accidentada y polvorienta b\u00fasqueda de informaci\u00f3n sobre un tema in\u00e9dito. La Tesis, por cierto, desapareci\u00f3 de la biblioteca y no se conservan copias de la misma.","url":"https:\/\/www.cuballama.com\/noticias\/author\/roberto\/"}]}},"_links":{"self":[{"href":"https:\/\/www.cuballama.com\/noticias\/wp-json\/wp\/v2\/posts\/231307","targetHints":{"allow":["GET"]}}],"collection":[{"href":"https:\/\/www.cuballama.com\/noticias\/wp-json\/wp\/v2\/posts"}],"about":[{"href":"https:\/\/www.cuballama.com\/noticias\/wp-json\/wp\/v2\/types\/post"}],"author":[{"embeddable":true,"href":"https:\/\/www.cuballama.com\/noticias\/wp-json\/wp\/v2\/users\/13"}],"replies":[{"embeddable":true,"href":"https:\/\/www.cuballama.com\/noticias\/wp-json\/wp\/v2\/comments?post=231307"}],"version-history":[{"count":3,"href":"https:\/\/www.cuballama.com\/noticias\/wp-json\/wp\/v2\/posts\/231307\/revisions"}],"predecessor-version":[{"id":231311,"href":"https:\/\/www.cuballama.com\/noticias\/wp-json\/wp\/v2\/posts\/231307\/revisions\/231311"}],"wp:featuredmedia":[{"embeddable":true,"href":"https:\/\/www.cuballama.com\/noticias\/wp-json\/wp\/v2\/media\/231309"}],"wp:attachment":[{"href":"https:\/\/www.cuballama.com\/noticias\/wp-json\/wp\/v2\/media?parent=231307"}],"wp:term":[{"taxonomy":"category","embeddable":true,"href":"https:\/\/www.cuballama.com\/noticias\/wp-json\/wp\/v2\/categories?post=231307"},{"taxonomy":"post_tag","embeddable":true,"href":"https:\/\/www.cuballama.com\/noticias\/wp-json\/wp\/v2\/tags?post=231307"}],"curies":[{"name":"wp","href":"https:\/\/api.w.org\/{rel}","templated":true}]}}