{"id":231268,"date":"2026-01-08T16:46:03","date_gmt":"2026-01-08T21:46:03","guid":{"rendered":"https:\/\/www.cuballama.com\/noticias\/?p=231268"},"modified":"2026-01-08T16:46:05","modified_gmt":"2026-01-08T21:46:05","slug":"muere-mujer-en-minneapolis-tras-disparos-de-un-agente-de-ice-durante-operativo-federal-video-y-fotos","status":"publish","type":"post","link":"https:\/\/www.cuballama.com\/noticias\/muere-mujer-en-minneapolis-tras-disparos-de-un-agente-de-ice-durante-operativo-federal-video-y-fotos\/","title":{"rendered":"Muere mujer en Minneapolis tras disparos de un agente de ICE durante operativo federal (+ video y fotos)"},"content":{"rendered":"\n<p>Una mujer de 37 a\u00f1os muri\u00f3 en Minneapolis el mi\u00e9rcoles 7 de enero de 2026 tras recibir disparos de un agente del Servicio de Inmigraci\u00f3n y Control de Aduanas de Estados Unidos (ICE) durante un operativo federal que deriv\u00f3 en protestas, versiones enfrentadas y una investigaci\u00f3n anunciada por autoridades estatales y federales. La v\u00edctima fue identificada como Renee Nicole Good, residente reciente en la ciudad, madre de tres hijos y ciudadana estadounidense nacida en Colorado, seg\u00fan reportaron medios locales y agencias como <a href=\"https:\/\/apnews.com\/article\/9aa822670b705c89906f2c699f1d16c5\" target=\"_blank\" rel=\"noreferrer noopener nofollow\">AP News<\/a>. <\/p>\n\n\n\n<p><a href=\"https:\/\/www.minneapolismn.gov\/news\/2026\/january\/fatal-shooting-response\/\" target=\"_blank\" rel=\"noreferrer noopener nofollow\">El gobierno municipal de Minneapolis inform\u00f3 <\/a>que, poco despu\u00e9s de las 9:30 de la ma\u00f1ana, la polic\u00eda recibi\u00f3 reportes de disparos y hall\u00f3 a la mujer con heridas de bala \u201ccon riesgo vital\u201d dentro de un veh\u00edculo. Bomberos la extrajeron e iniciaron maniobras de reanimaci\u00f3n hasta la llegada de los param\u00e9dicos. Fue trasladada al Hennepin County Medical Center, donde muri\u00f3 m\u00e1s tarde.<\/p>\n\n\n\n<p>El Departamento de Seguridad Nacional (DHS) sostuvo que el agente dispar\u00f3 en defensa propia, al alegar que la mujer intent\u00f3 arrollar a personal federal con un SUV durante la intervenci\u00f3n. <\/p>\n\n\n\n<figure class=\"wp-block-gallery has-nested-images columns-default is-cropped wp-block-gallery-1 is-layout-flex wp-block-gallery-is-layout-flex\">\n<figure class=\"wp-block-image size-large\"><img loading=\"lazy\" decoding=\"async\" width=\"876\" height=\"776\" data-id=\"231286\" src=\"https:\/\/cdn1.mediawpaccore.net\/wp-content\/uploads\/2026\/01\/08055547\/Screenshot-2026-01-08-115348.png\" alt=\"\" class=\"wp-image-231286\" srcset=\"https:\/\/cdn1.mediawpaccore.net\/wp-content\/uploads\/2026\/01\/08055547\/Screenshot-2026-01-08-115348.png 876w, https:\/\/cdn1.mediawpaccore.net\/wp-content\/uploads\/2026\/01\/08055547\/Screenshot-2026-01-08-115348-300x266.png 300w, https:\/\/cdn1.mediawpaccore.net\/wp-content\/uploads\/2026\/01\/08055547\/Screenshot-2026-01-08-115348-768x680.png 768w, https:\/\/cdn1.mediawpaccore.net\/wp-content\/uploads\/2026\/01\/08055547\/Screenshot-2026-01-08-115348-474x420.png 474w, https:\/\/cdn1.mediawpaccore.net\/wp-content\/uploads\/2026\/01\/08055547\/Screenshot-2026-01-08-115348-150x133.png 150w, https:\/\/cdn1.mediawpaccore.net\/wp-content\/uploads\/2026\/01\/08055547\/Screenshot-2026-01-08-115348-696x617.png 696w\" sizes=\"auto, (max-width: 876px) 100vw, 876px\" \/><figcaption class=\"wp-element-caption\">Se\u00f1alado con la flecha el momento en que el oficial que est\u00e1 delante del auto saca su armo cuando el auto empieza a moverse y le va encima<\/figcaption><\/figure>\n\n\n\n<figure class=\"wp-block-image size-large\"><img loading=\"lazy\" decoding=\"async\" width=\"800\" height=\"841\" data-id=\"231285\" src=\"https:\/\/cdn1.mediawpaccore.net\/wp-content\/uploads\/2026\/01\/08055534\/Screenshot-2026-01-08-115302.png\" alt=\"\" class=\"wp-image-231285\" srcset=\"https:\/\/cdn1.mediawpaccore.net\/wp-content\/uploads\/2026\/01\/08055534\/Screenshot-2026-01-08-115302.png 800w, https:\/\/cdn1.mediawpaccore.net\/wp-content\/uploads\/2026\/01\/08055534\/Screenshot-2026-01-08-115302-285x300.png 285w, https:\/\/cdn1.mediawpaccore.net\/wp-content\/uploads\/2026\/01\/08055534\/Screenshot-2026-01-08-115302-768x807.png 768w, https:\/\/cdn1.mediawpaccore.net\/wp-content\/uploads\/2026\/01\/08055534\/Screenshot-2026-01-08-115302-400x420.png 400w, https:\/\/cdn1.mediawpaccore.net\/wp-content\/uploads\/2026\/01\/08055534\/Screenshot-2026-01-08-115302-150x158.png 150w, https:\/\/cdn1.mediawpaccore.net\/wp-content\/uploads\/2026\/01\/08055534\/Screenshot-2026-01-08-115302-300x315.png 300w, https:\/\/cdn1.mediawpaccore.net\/wp-content\/uploads\/2026\/01\/08055534\/Screenshot-2026-01-08-115302-696x732.png 696w\" sizes=\"auto, (max-width: 800px) 100vw, 800px\" \/><figcaption class=\"wp-element-caption\">Ac\u00e1 se aprecia el humo del arma al disparar<\/figcaption><\/figure>\n<\/figure>\n\n\n\n<p>Aunque algunos testimonios recogidos por varios medios plantean dudas sobre la secuencia descrita por el gobierno federal, <a href=\"https:\/\/x.com\/maxnesterak\/status\/2008961959731859757\" target=\"_blank\" rel=\"noreferrer noopener\">videos difundidos<\/a> muestran a agentes rodeando el veh\u00edculo y a uno de ellos disparando a corta distancia en el momento en que el auto comienza a moverse y le va encima.<\/p>\n\n\n\n<p>En Estados Unidos, un agente federal \u2014incluido ICE\u2014 <strong>s\u00ed tiene autoridad para usar fuerza letal<\/strong> si cree razonablemente que su vida o la de terceros est\u00e1 en peligro inmediato. Eso incluye escenarios de atropello con veh\u00edculo. La jurisprudencia (casos como Scott v. Harris o Plumhoff v. Rickard) ha consolidado la idea de que <strong>un autom\u00f3vil puede ser considerado un arma letal<\/strong>, incluso a velocidades relativamente bajas como cuando un auto comienza apenas a moverse, si el oficial est\u00e1 frente a \u00e9l y no tiene v\u00eda clara de escape. No existe en la ley un umbral fijo de millas por hora que invalide autom\u00e1ticamente la defensa propia. Lo que cuenta es la percepci\u00f3n razonable del agente en ese instante.<\/p>\n\n\n\n<p>Ahora bien, ah\u00ed no termina el an\u00e1lisis, porque <strong>la legalidad del disparo no se eval\u00faa aislada del contexto previo<\/strong>. Y ese contexto es justo lo que hace que este caso sea jur\u00eddicamente fr\u00e1gil para ICE.<\/p>\n\n\n\n<p>Primero: <strong>la legalidad de la detenci\u00f3n<\/strong>. ICE no puede detener arbitrariamente a una persona en la v\u00eda p\u00fablica sin causa probable o una orden v\u00e1lida. Si la mujer no estaba siendo formalmente detenida, o si el operativo no cumpl\u00eda con los requisitos legales (identificaci\u00f3n clara, causa, jurisdicci\u00f3n), entonces su intento de marcharse <strong>no es autom\u00e1ticamente un delito violento<\/strong>. Huir de una escena solo es ilegal si existe una detenci\u00f3n leg\u00edtima en curso.<\/p>\n\n\n\n<p>Segundo: <strong>la escalada del uso de la fuerza<\/strong>. En el video se observa a un agente cerr\u00e1ndole el paso y a otro intentando abrir la puerta por la fuerza. Eso es clave. Si los propios agentes <strong>se colocan deliberadamente en la trayectoria del veh\u00edculo<\/strong> o generan el riesgo al rodearlo, los tribunales suelen examinar con lupa si el peligro fue creado por la polic\u00eda misma. Hay precedentes donde disparos han sido considerados injustificados porque el oficial \u201cse puso en peligro innecesariamente\u201d y aqu\u00ed el oficial camin\u00f3 por delante del veh\u00edculo.<\/p>\n\n\n\n<p>Tercero: <strong>el intento de salida<\/strong>. Si la mujer estaba intentando irse y no embestir, y si el movimiento del veh\u00edculo fue una reacci\u00f3n al forcejeo o al bloqueo policial, la narrativa de \u201camenaza inmediata\u201d se debilita. No desaparece autom\u00e1ticamente \u2014la defensa propia sigue siendo posible\u2014 pero deja de ser limpia.<\/p>\n\n\n\n<p>En resumen: El disparo <strong>puede ser legal bajo la doctrina de defensa propia<\/strong>, incluso a baja velocidad. Pero esa legalidad depende de si la detenci\u00f3n era v\u00e1lida, de si los agentes provocaron el riesgo y de si la amenaza fue real o creada. Ah\u00ed es donde ICE tiene un problema serio, y por eso el caso no se va a cerrar solo con \u201ctemi\u00f3 por su vida\u201d.<\/p>\n\n\n\n<iframe loading=\"lazy\" src=\"https:\/\/www.facebook.com\/plugins\/video.php?height=314&#038;href=https%3A%2F%2Fwww.facebook.com%2Freel%2F1405185131106184%2F&#038;show_text=true&#038;width=560&#038;t=0\" width=\"560\" height=\"429\" style=\"border:none;overflow:hidden\" scrolling=\"no\" frameborder=\"0\" allowfullscreen=\"true\" allow=\"autoplay; clipboard-write; encrypted-media; picture-in-picture; web-share\" allowFullScreen=\"true\"><\/iframe>\n\n\n\n<p>La discrepancia entre el relato oficial, las im\u00e1genes y el criterio personal de cada cual aviv\u00f3 la reacci\u00f3n de autoridades locales, incluida la del alcalde Jacob Frey, quien exigi\u00f3 la salida de ICE de la ciudad y cuestion\u00f3 p\u00fablicamente la actuaci\u00f3n del operativo, se\u00f1ala por su parte <a href=\"https:\/\/www.washingtonpost.com\/immigration\/2026\/01\/07\/ice-shooting-minneapolis-immigration\/\" target=\"_blank\" rel=\"noreferrer noopener nofollow\">The Washington Post<\/a>. <\/p>\n\n\n\n<p>El gobernador de Minnesota, Tim Walz, pidi\u00f3 una investigaci\u00f3n completa y, de acuerdo con reportes, evalu\u00f3 medidas de seguridad adicionales ante el aumento de tensiones en las calles. La propia ciudad se\u00f1al\u00f3 que la investigaci\u00f3n del hecho quedar\u00e1 en manos de instancias externas, mientras medios nacionales informaron que el FBI y la Oficina de Aprehensi\u00f3n Criminal de Minnesota (BCA) participar\u00edan en el esclarecimiento, indic\u00f3 <a href=\"https:\/\/www.facebook.com\/story.php?story_fbid=1413983710089945&amp;id=100044349883197&amp;post_id=100044349883197_1413983710089945&amp;rdid=ha5xQA3vC5DqQ4SJ#\" target=\"_blank\" rel=\"noreferrer noopener\">BBC<\/a>. <\/p>\n\n\n\n<iframe loading=\"lazy\" src=\"https:\/\/www.facebook.com\/plugins\/post.php?href=https%3A%2F%2Fwww.facebook.com%2FBBCnewsMundo%2Fposts%2Fpfbid0pnU1MaqbDZSJRLvqrKj8MdBVrVcXXiQgUx185nsqz2AXJ72TcL5XxrDnDR2VauJBl&#038;show_text=true&#038;width=500\" width=\"500\" height=\"608\" style=\"border:none;overflow:hidden\" scrolling=\"no\" frameborder=\"0\" allowfullscreen=\"true\" allow=\"autoplay; clipboard-write; encrypted-media; picture-in-picture; web-share\"><\/iframe>\n\n\n\n<p>La muerte de Good ocurri\u00f3 en el contexto de un despliegue federal de inmigraci\u00f3n en Minneapolis que deriv\u00f3 en manifestaciones y uso de irritantes qu\u00edmicos contra participantes, seg\u00fan reportes de prensa. Familiares y personas cercanas describieron a la v\u00edctima como poeta y escritora, sin historial criminal relevante m\u00e1s all\u00e1 de infracciones menores, y rechazaron caracterizaciones oficiales que la presentaran como una amenaza.<\/p>\n\n\n\n<p><\/p>\n\n\n\n<p><br><\/p>\n","protected":false},"excerpt":{"rendered":"<p>Renee Nicole Good, de 37 a\u00f1os, muri\u00f3 en Minneapolis tras disparos de un agente de ICE durante un operativo federal. Autoridades investigan y hay versiones contradictorias sobre lo ocurrido.<\/p>\n","protected":false},"author":13,"featured_media":231288,"comment_status":"open","ping_status":"closed","sticky":false,"template":"","format":"standard","meta":{"_acf_changed":false,"footnotes":""},"categories":[18,953],"tags":[6153,602,2978,29921,19536,6779,29919,29920,2356],"class_list":{"0":"post-231268","1":"post","2":"type-post","3":"status-publish","4":"format-standard","5":"has-post-thumbnail","7":"category-noticias","8":"category-usa","9":"tag-dhs","10":"tag-estados-unidos","11":"tag-ice","12":"tag-jacob-frey","13":"tag-minneapolis","14":"tag-protesta","15":"tag-renee-nicole-good","16":"tag-tim-walz","17":"tag-tiroteo"},"acf":[],"yoast_head":"<!-- This site is optimized with the Yoast SEO plugin v27.5 - https:\/\/yoast.com\/product\/yoast-seo-wordpress\/ -->\n<title>Muere mujer en Minneapolis tras disparos de un agente de ICE durante operativo federal (+ video y fotos) - Cuballama Noticias<\/title>\n<meta name=\"description\" content=\"Mujer muere en Minneapolis tras disparos de un agente de ICE. Videos y versiones oficiales chocan; FBI y BCA investigan.\" \/>\n<meta name=\"robots\" content=\"index, follow, max-snippet:-1, max-image-preview:large, max-video-preview:-1\" \/>\n<link rel=\"canonical\" href=\"https:\/\/www.cuballama.com\/noticias\/muere-mujer-en-minneapolis-tras-disparos-de-un-agente-de-ice-durante-operativo-federal-video-y-fotos\/\" \/>\n<meta property=\"og:locale\" content=\"es_ES\" \/>\n<meta property=\"og:type\" content=\"article\" \/>\n<meta property=\"og:title\" content=\"Muere mujer en Minneapolis tras disparos de un agente de ICE durante operativo federal (+ video y fotos) - Cuballama Noticias\" \/>\n<meta property=\"og:description\" content=\"Mujer muere en Minneapolis tras disparos de un agente de ICE. Videos y versiones oficiales chocan; FBI y BCA investigan.\" \/>\n<meta property=\"og:url\" content=\"https:\/\/www.cuballama.com\/noticias\/muere-mujer-en-minneapolis-tras-disparos-de-un-agente-de-ice-durante-operativo-federal-video-y-fotos\/\" \/>\n<meta property=\"og:site_name\" content=\"Cuballama Noticias\" \/>\n<meta property=\"article:publisher\" content=\"https:\/\/www.facebook.com\/CubaLlama\" \/>\n<meta property=\"article:published_time\" content=\"2026-01-08T21:46:03+00:00\" \/>\n<meta property=\"article:modified_time\" content=\"2026-01-08T21:46:05+00:00\" \/>\n<meta property=\"og:image\" content=\"https:\/\/cdn1.mediawpaccore.net\/wp-content\/uploads\/2026\/01\/08055920\/image-31.png\" \/>\n\t<meta property=\"og:image:width\" content=\"1476\" \/>\n\t<meta property=\"og:image:height\" content=\"836\" \/>\n\t<meta property=\"og:image:type\" content=\"image\/png\" \/>\n<meta name=\"author\" content=\"Roberto A.\" \/>\n<meta name=\"twitter:card\" content=\"summary_large_image\" \/>\n<meta name=\"twitter:creator\" content=\"@cuballama\" \/>\n<meta name=\"twitter:site\" content=\"@cuballama\" \/>\n<meta name=\"twitter:label1\" content=\"Escrito por\" \/>\n\t<meta name=\"twitter:data1\" content=\"Roberto A.\" \/>\n\t<meta name=\"twitter:label2\" content=\"Tiempo de lectura\" \/>\n\t<meta name=\"twitter:data2\" content=\"5 minutos\" \/>\n<script type=\"application\/ld+json\" class=\"yoast-schema-graph\">{\"@context\":\"https:\\\/\\\/schema.org\",\"@graph\":[{\"@type\":\"Article\",\"@id\":\"https:\\\/\\\/www.cuballama.com\\\/noticias\\\/muere-mujer-en-minneapolis-tras-disparos-de-un-agente-de-ice-durante-operativo-federal-video-y-fotos\\\/#article\",\"isPartOf\":{\"@id\":\"https:\\\/\\\/www.cuballama.com\\\/noticias\\\/muere-mujer-en-minneapolis-tras-disparos-de-un-agente-de-ice-durante-operativo-federal-video-y-fotos\\\/\"},\"author\":{\"name\":\"Roberto A.\",\"@id\":\"https:\\\/\\\/www.cuballama.com\\\/noticias\\\/#\\\/schema\\\/person\\\/a58502ed4146c8e9f83872e897c76cd2\"},\"headline\":\"Muere mujer en Minneapolis tras disparos de un agente de ICE durante operativo federal (+ video y fotos)\",\"datePublished\":\"2026-01-08T21:46:03+00:00\",\"dateModified\":\"2026-01-08T21:46:05+00:00\",\"mainEntityOfPage\":{\"@id\":\"https:\\\/\\\/www.cuballama.com\\\/noticias\\\/muere-mujer-en-minneapolis-tras-disparos-de-un-agente-de-ice-durante-operativo-federal-video-y-fotos\\\/\"},\"wordCount\":942,\"commentCount\":0,\"publisher\":{\"@id\":\"https:\\\/\\\/www.cuballama.com\\\/noticias\\\/#organization\"},\"image\":{\"@id\":\"https:\\\/\\\/www.cuballama.com\\\/noticias\\\/muere-mujer-en-minneapolis-tras-disparos-de-un-agente-de-ice-durante-operativo-federal-video-y-fotos\\\/#primaryimage\"},\"thumbnailUrl\":\"https:\\\/\\\/cdn1.mediawpaccore.net\\\/wp-content\\\/uploads\\\/2026\\\/01\\\/08055920\\\/image-31.png\",\"keywords\":[\"DHS\",\"Estados Unidos\",\"ICE\",\"Jacob Frey\",\"Minneapolis\",\"protesta\",\"Renee Nicole Good\",\"Tim Walz\",\"tiroteo\"],\"articleSection\":[\"Noticias\",\"USA\"],\"inLanguage\":\"es\",\"potentialAction\":[{\"@type\":\"CommentAction\",\"name\":\"Comment\",\"target\":[\"https:\\\/\\\/www.cuballama.com\\\/noticias\\\/muere-mujer-en-minneapolis-tras-disparos-de-un-agente-de-ice-durante-operativo-federal-video-y-fotos\\\/#respond\"]}]},{\"@type\":\"WebPage\",\"@id\":\"https:\\\/\\\/www.cuballama.com\\\/noticias\\\/muere-mujer-en-minneapolis-tras-disparos-de-un-agente-de-ice-durante-operativo-federal-video-y-fotos\\\/\",\"url\":\"https:\\\/\\\/www.cuballama.com\\\/noticias\\\/muere-mujer-en-minneapolis-tras-disparos-de-un-agente-de-ice-durante-operativo-federal-video-y-fotos\\\/\",\"name\":\"Muere mujer en Minneapolis tras disparos de un agente de ICE durante operativo federal (+ video y fotos) - Cuballama Noticias\",\"isPartOf\":{\"@id\":\"https:\\\/\\\/www.cuballama.com\\\/noticias\\\/#website\"},\"primaryImageOfPage\":{\"@id\":\"https:\\\/\\\/www.cuballama.com\\\/noticias\\\/muere-mujer-en-minneapolis-tras-disparos-de-un-agente-de-ice-durante-operativo-federal-video-y-fotos\\\/#primaryimage\"},\"image\":{\"@id\":\"https:\\\/\\\/www.cuballama.com\\\/noticias\\\/muere-mujer-en-minneapolis-tras-disparos-de-un-agente-de-ice-durante-operativo-federal-video-y-fotos\\\/#primaryimage\"},\"thumbnailUrl\":\"https:\\\/\\\/cdn1.mediawpaccore.net\\\/wp-content\\\/uploads\\\/2026\\\/01\\\/08055920\\\/image-31.png\",\"datePublished\":\"2026-01-08T21:46:03+00:00\",\"dateModified\":\"2026-01-08T21:46:05+00:00\",\"description\":\"Mujer muere en Minneapolis tras disparos de un agente de ICE. Videos y versiones oficiales chocan; FBI y BCA investigan.\",\"breadcrumb\":{\"@id\":\"https:\\\/\\\/www.cuballama.com\\\/noticias\\\/muere-mujer-en-minneapolis-tras-disparos-de-un-agente-de-ice-durante-operativo-federal-video-y-fotos\\\/#breadcrumb\"},\"inLanguage\":\"es\",\"potentialAction\":[{\"@type\":\"ReadAction\",\"target\":[\"https:\\\/\\\/www.cuballama.com\\\/noticias\\\/muere-mujer-en-minneapolis-tras-disparos-de-un-agente-de-ice-durante-operativo-federal-video-y-fotos\\\/\"]}]},{\"@type\":\"ImageObject\",\"inLanguage\":\"es\",\"@id\":\"https:\\\/\\\/www.cuballama.com\\\/noticias\\\/muere-mujer-en-minneapolis-tras-disparos-de-un-agente-de-ice-durante-operativo-federal-video-y-fotos\\\/#primaryimage\",\"url\":\"https:\\\/\\\/cdn1.mediawpaccore.net\\\/wp-content\\\/uploads\\\/2026\\\/01\\\/08055920\\\/image-31.png\",\"contentUrl\":\"https:\\\/\\\/cdn1.mediawpaccore.net\\\/wp-content\\\/uploads\\\/2026\\\/01\\\/08055920\\\/image-31.png\",\"width\":1476,\"height\":836,\"caption\":\"Foto: Video Screenshot v\u00eda Max Nesterak \\\/ Twitter\"},{\"@type\":\"BreadcrumbList\",\"@id\":\"https:\\\/\\\/www.cuballama.com\\\/noticias\\\/muere-mujer-en-minneapolis-tras-disparos-de-un-agente-de-ice-durante-operativo-federal-video-y-fotos\\\/#breadcrumb\",\"itemListElement\":[{\"@type\":\"ListItem\",\"position\":1,\"name\":\"Home\",\"item\":\"https:\\\/\\\/www.cuballama.com\\\/noticias\\\/\"},{\"@type\":\"ListItem\",\"position\":2,\"name\":\"Muere mujer en Minneapolis tras disparos de un agente de ICE durante operativo federal (+ video y fotos)\"}]},{\"@type\":\"WebSite\",\"@id\":\"https:\\\/\\\/www.cuballama.com\\\/noticias\\\/#website\",\"url\":\"https:\\\/\\\/www.cuballama.com\\\/noticias\\\/\",\"name\":\"Cuballama Noticias\",\"description\":\"Medio digital sobre Cuba y el mundo\",\"publisher\":{\"@id\":\"https:\\\/\\\/www.cuballama.com\\\/noticias\\\/#organization\"},\"potentialAction\":[{\"@type\":\"SearchAction\",\"target\":{\"@type\":\"EntryPoint\",\"urlTemplate\":\"https:\\\/\\\/www.cuballama.com\\\/noticias\\\/?s={search_term_string}\"},\"query-input\":{\"@type\":\"PropertyValueSpecification\",\"valueRequired\":true,\"valueName\":\"search_term_string\"}}],\"inLanguage\":\"es\"},{\"@type\":\"Organization\",\"@id\":\"https:\\\/\\\/www.cuballama.com\\\/noticias\\\/#organization\",\"name\":\"Cuballama\",\"url\":\"https:\\\/\\\/www.cuballama.com\\\/noticias\\\/\",\"logo\":{\"@type\":\"ImageObject\",\"inLanguage\":\"es\",\"@id\":\"https:\\\/\\\/www.cuballama.com\\\/noticias\\\/#\\\/schema\\\/logo\\\/image\\\/\",\"url\":\"https:\\\/\\\/cdn1.mediawpaccore.net\\\/wp-content\\\/uploads\\\/2021\\\/12\\\/28171206\\\/cbll-logo-color-sm.png\",\"contentUrl\":\"https:\\\/\\\/cdn1.mediawpaccore.net\\\/wp-content\\\/uploads\\\/2021\\\/12\\\/28171206\\\/cbll-logo-color-sm.png\",\"width\":600,\"height\":133,\"caption\":\"Cuballama\"},\"image\":{\"@id\":\"https:\\\/\\\/www.cuballama.com\\\/noticias\\\/#\\\/schema\\\/logo\\\/image\\\/\"},\"sameAs\":[\"https:\\\/\\\/www.facebook.com\\\/CubaLlama\",\"https:\\\/\\\/x.com\\\/cuballama\",\"https:\\\/\\\/www.instagram.com\\\/stories\\\/cuballama_oficial\\\/\",\"https:\\\/\\\/www.youtube.com\\\/channel\\\/UCKkFE-d_axENGZcrc4as0IA\"]},{\"@type\":\"Person\",\"@id\":\"https:\\\/\\\/www.cuballama.com\\\/noticias\\\/#\\\/schema\\\/person\\\/a58502ed4146c8e9f83872e897c76cd2\",\"name\":\"Roberto A.\",\"description\":\"Roberto A. Periodista por decisi\u00f3n propia. Interesado en cualquier tema que me apasione y cada vez m\u00e1s comprometido con la verdad y la objetividad period\u00edstica. Graduado en La Habana hace ya muchos a\u00f1os, luego de una accidentada y polvorienta b\u00fasqueda de informaci\u00f3n sobre un tema in\u00e9dito. La Tesis, por cierto, desapareci\u00f3 de la biblioteca y no se conservan copias de la misma.\",\"url\":\"https:\\\/\\\/www.cuballama.com\\\/noticias\\\/author\\\/roberto\\\/\"}]}<\/script>\n<!-- \/ Yoast SEO plugin. -->","yoast_head_json":{"title":"Muere mujer en Minneapolis tras disparos de un agente de ICE durante operativo federal (+ video y fotos) - Cuballama Noticias","description":"Mujer muere en Minneapolis tras disparos de un agente de ICE. Videos y versiones oficiales chocan; FBI y BCA investigan.","robots":{"index":"index","follow":"follow","max-snippet":"max-snippet:-1","max-image-preview":"max-image-preview:large","max-video-preview":"max-video-preview:-1"},"canonical":"https:\/\/www.cuballama.com\/noticias\/muere-mujer-en-minneapolis-tras-disparos-de-un-agente-de-ice-durante-operativo-federal-video-y-fotos\/","og_locale":"es_ES","og_type":"article","og_title":"Muere mujer en Minneapolis tras disparos de un agente de ICE durante operativo federal (+ video y fotos) - Cuballama Noticias","og_description":"Mujer muere en Minneapolis tras disparos de un agente de ICE. Videos y versiones oficiales chocan; FBI y BCA investigan.","og_url":"https:\/\/www.cuballama.com\/noticias\/muere-mujer-en-minneapolis-tras-disparos-de-un-agente-de-ice-durante-operativo-federal-video-y-fotos\/","og_site_name":"Cuballama Noticias","article_publisher":"https:\/\/www.facebook.com\/CubaLlama","article_published_time":"2026-01-08T21:46:03+00:00","article_modified_time":"2026-01-08T21:46:05+00:00","og_image":[{"width":1476,"height":836,"url":"https:\/\/cdn1.mediawpaccore.net\/wp-content\/uploads\/2026\/01\/08055920\/image-31.png","type":"image\/png"}],"author":"Roberto A.","twitter_card":"summary_large_image","twitter_creator":"@cuballama","twitter_site":"@cuballama","twitter_misc":{"Escrito por":"Roberto A.","Tiempo de lectura":"5 minutos"},"schema":{"@context":"https:\/\/schema.org","@graph":[{"@type":"Article","@id":"https:\/\/www.cuballama.com\/noticias\/muere-mujer-en-minneapolis-tras-disparos-de-un-agente-de-ice-durante-operativo-federal-video-y-fotos\/#article","isPartOf":{"@id":"https:\/\/www.cuballama.com\/noticias\/muere-mujer-en-minneapolis-tras-disparos-de-un-agente-de-ice-durante-operativo-federal-video-y-fotos\/"},"author":{"name":"Roberto A.","@id":"https:\/\/www.cuballama.com\/noticias\/#\/schema\/person\/a58502ed4146c8e9f83872e897c76cd2"},"headline":"Muere mujer en Minneapolis tras disparos de un agente de ICE durante operativo federal (+ video y fotos)","datePublished":"2026-01-08T21:46:03+00:00","dateModified":"2026-01-08T21:46:05+00:00","mainEntityOfPage":{"@id":"https:\/\/www.cuballama.com\/noticias\/muere-mujer-en-minneapolis-tras-disparos-de-un-agente-de-ice-durante-operativo-federal-video-y-fotos\/"},"wordCount":942,"commentCount":0,"publisher":{"@id":"https:\/\/www.cuballama.com\/noticias\/#organization"},"image":{"@id":"https:\/\/www.cuballama.com\/noticias\/muere-mujer-en-minneapolis-tras-disparos-de-un-agente-de-ice-durante-operativo-federal-video-y-fotos\/#primaryimage"},"thumbnailUrl":"https:\/\/cdn1.mediawpaccore.net\/wp-content\/uploads\/2026\/01\/08055920\/image-31.png","keywords":["DHS","Estados Unidos","ICE","Jacob Frey","Minneapolis","protesta","Renee Nicole Good","Tim Walz","tiroteo"],"articleSection":["Noticias","USA"],"inLanguage":"es","potentialAction":[{"@type":"CommentAction","name":"Comment","target":["https:\/\/www.cuballama.com\/noticias\/muere-mujer-en-minneapolis-tras-disparos-de-un-agente-de-ice-durante-operativo-federal-video-y-fotos\/#respond"]}]},{"@type":"WebPage","@id":"https:\/\/www.cuballama.com\/noticias\/muere-mujer-en-minneapolis-tras-disparos-de-un-agente-de-ice-durante-operativo-federal-video-y-fotos\/","url":"https:\/\/www.cuballama.com\/noticias\/muere-mujer-en-minneapolis-tras-disparos-de-un-agente-de-ice-durante-operativo-federal-video-y-fotos\/","name":"Muere mujer en Minneapolis tras disparos de un agente de ICE durante operativo federal (+ video y fotos) - Cuballama Noticias","isPartOf":{"@id":"https:\/\/www.cuballama.com\/noticias\/#website"},"primaryImageOfPage":{"@id":"https:\/\/www.cuballama.com\/noticias\/muere-mujer-en-minneapolis-tras-disparos-de-un-agente-de-ice-durante-operativo-federal-video-y-fotos\/#primaryimage"},"image":{"@id":"https:\/\/www.cuballama.com\/noticias\/muere-mujer-en-minneapolis-tras-disparos-de-un-agente-de-ice-durante-operativo-federal-video-y-fotos\/#primaryimage"},"thumbnailUrl":"https:\/\/cdn1.mediawpaccore.net\/wp-content\/uploads\/2026\/01\/08055920\/image-31.png","datePublished":"2026-01-08T21:46:03+00:00","dateModified":"2026-01-08T21:46:05+00:00","description":"Mujer muere en Minneapolis tras disparos de un agente de ICE. Videos y versiones oficiales chocan; FBI y BCA investigan.","breadcrumb":{"@id":"https:\/\/www.cuballama.com\/noticias\/muere-mujer-en-minneapolis-tras-disparos-de-un-agente-de-ice-durante-operativo-federal-video-y-fotos\/#breadcrumb"},"inLanguage":"es","potentialAction":[{"@type":"ReadAction","target":["https:\/\/www.cuballama.com\/noticias\/muere-mujer-en-minneapolis-tras-disparos-de-un-agente-de-ice-durante-operativo-federal-video-y-fotos\/"]}]},{"@type":"ImageObject","inLanguage":"es","@id":"https:\/\/www.cuballama.com\/noticias\/muere-mujer-en-minneapolis-tras-disparos-de-un-agente-de-ice-durante-operativo-federal-video-y-fotos\/#primaryimage","url":"https:\/\/cdn1.mediawpaccore.net\/wp-content\/uploads\/2026\/01\/08055920\/image-31.png","contentUrl":"https:\/\/cdn1.mediawpaccore.net\/wp-content\/uploads\/2026\/01\/08055920\/image-31.png","width":1476,"height":836,"caption":"Foto: Video Screenshot v\u00eda Max Nesterak \/ Twitter"},{"@type":"BreadcrumbList","@id":"https:\/\/www.cuballama.com\/noticias\/muere-mujer-en-minneapolis-tras-disparos-de-un-agente-de-ice-durante-operativo-federal-video-y-fotos\/#breadcrumb","itemListElement":[{"@type":"ListItem","position":1,"name":"Home","item":"https:\/\/www.cuballama.com\/noticias\/"},{"@type":"ListItem","position":2,"name":"Muere mujer en Minneapolis tras disparos de un agente de ICE durante operativo federal (+ video y fotos)"}]},{"@type":"WebSite","@id":"https:\/\/www.cuballama.com\/noticias\/#website","url":"https:\/\/www.cuballama.com\/noticias\/","name":"Cuballama Noticias","description":"Medio digital sobre Cuba y el mundo","publisher":{"@id":"https:\/\/www.cuballama.com\/noticias\/#organization"},"potentialAction":[{"@type":"SearchAction","target":{"@type":"EntryPoint","urlTemplate":"https:\/\/www.cuballama.com\/noticias\/?s={search_term_string}"},"query-input":{"@type":"PropertyValueSpecification","valueRequired":true,"valueName":"search_term_string"}}],"inLanguage":"es"},{"@type":"Organization","@id":"https:\/\/www.cuballama.com\/noticias\/#organization","name":"Cuballama","url":"https:\/\/www.cuballama.com\/noticias\/","logo":{"@type":"ImageObject","inLanguage":"es","@id":"https:\/\/www.cuballama.com\/noticias\/#\/schema\/logo\/image\/","url":"https:\/\/cdn1.mediawpaccore.net\/wp-content\/uploads\/2021\/12\/28171206\/cbll-logo-color-sm.png","contentUrl":"https:\/\/cdn1.mediawpaccore.net\/wp-content\/uploads\/2021\/12\/28171206\/cbll-logo-color-sm.png","width":600,"height":133,"caption":"Cuballama"},"image":{"@id":"https:\/\/www.cuballama.com\/noticias\/#\/schema\/logo\/image\/"},"sameAs":["https:\/\/www.facebook.com\/CubaLlama","https:\/\/x.com\/cuballama","https:\/\/www.instagram.com\/stories\/cuballama_oficial\/","https:\/\/www.youtube.com\/channel\/UCKkFE-d_axENGZcrc4as0IA"]},{"@type":"Person","@id":"https:\/\/www.cuballama.com\/noticias\/#\/schema\/person\/a58502ed4146c8e9f83872e897c76cd2","name":"Roberto A.","description":"Roberto A. Periodista por decisi\u00f3n propia. Interesado en cualquier tema que me apasione y cada vez m\u00e1s comprometido con la verdad y la objetividad period\u00edstica. Graduado en La Habana hace ya muchos a\u00f1os, luego de una accidentada y polvorienta b\u00fasqueda de informaci\u00f3n sobre un tema in\u00e9dito. La Tesis, por cierto, desapareci\u00f3 de la biblioteca y no se conservan copias de la misma.","url":"https:\/\/www.cuballama.com\/noticias\/author\/roberto\/"}]}},"_links":{"self":[{"href":"https:\/\/www.cuballama.com\/noticias\/wp-json\/wp\/v2\/posts\/231268","targetHints":{"allow":["GET"]}}],"collection":[{"href":"https:\/\/www.cuballama.com\/noticias\/wp-json\/wp\/v2\/posts"}],"about":[{"href":"https:\/\/www.cuballama.com\/noticias\/wp-json\/wp\/v2\/types\/post"}],"author":[{"embeddable":true,"href":"https:\/\/www.cuballama.com\/noticias\/wp-json\/wp\/v2\/users\/13"}],"replies":[{"embeddable":true,"href":"https:\/\/www.cuballama.com\/noticias\/wp-json\/wp\/v2\/comments?post=231268"}],"version-history":[{"count":8,"href":"https:\/\/www.cuballama.com\/noticias\/wp-json\/wp\/v2\/posts\/231268\/revisions"}],"predecessor-version":[{"id":231294,"href":"https:\/\/www.cuballama.com\/noticias\/wp-json\/wp\/v2\/posts\/231268\/revisions\/231294"}],"wp:featuredmedia":[{"embeddable":true,"href":"https:\/\/www.cuballama.com\/noticias\/wp-json\/wp\/v2\/media\/231288"}],"wp:attachment":[{"href":"https:\/\/www.cuballama.com\/noticias\/wp-json\/wp\/v2\/media?parent=231268"}],"wp:term":[{"taxonomy":"category","embeddable":true,"href":"https:\/\/www.cuballama.com\/noticias\/wp-json\/wp\/v2\/categories?post=231268"},{"taxonomy":"post_tag","embeddable":true,"href":"https:\/\/www.cuballama.com\/noticias\/wp-json\/wp\/v2\/tags?post=231268"}],"curies":[{"name":"wp","href":"https:\/\/api.w.org\/{rel}","templated":true}]}}