{"id":231153,"date":"2026-01-07T08:19:19","date_gmt":"2026-01-07T13:19:19","guid":{"rendered":"https:\/\/www.cuballama.com\/noticias\/?p=231153"},"modified":"2026-01-07T08:19:21","modified_gmt":"2026-01-07T13:19:21","slug":"al2-expone-supuestas-agresiones-de-zajaris-y-advierte-que-llevara-el-caso-a-la-policia","status":"publish","type":"post","link":"https:\/\/www.cuballama.com\/noticias\/al2-expone-supuestas-agresiones-de-zajaris-y-advierte-que-llevara-el-caso-a-la-policia\/","title":{"rendered":"Al2 expone supuestas agresiones de Zajaris y advierte que llevar\u00e1 el caso a la polic\u00eda"},"content":{"rendered":"\n<p>Han pasado tres a\u00f1os desde que Zajaris Fern\u00e1ndez y Aldo \u201cAl2\u201d El Aldeano confirmaron el final de su relaci\u00f3n, pero lo que parec\u00eda un cap\u00edtulo cerrado de sus vidas personales vuelve a colocarse en el centro de la conversaci\u00f3n digital cubana. Esta semana, ambos protagonizaron un nuevo y preocupante cruce de acusaciones p\u00fablicas que expone lo que habr\u00eda sido una din\u00e1mica marcada por violencia f\u00edsica y emocional, as\u00ed como amenazas graves.<\/p>\n\n\n\n<p>Todo comenz\u00f3 cuando Zajaris comparti\u00f3 un audio donde, presuntamente, se escucha al rapero profiriendo insultos hacia ella. Aunque la actriz no acompa\u00f1\u00f3 la publicaci\u00f3n con un largo texto explicativo, el material fue suficiente para reavivar una historia que, desde su ruptura, nunca ha dejado de generar ruido en redes.<\/p>\n\n\n\n<figure class=\"wp-block-embed is-type-video is-provider-tiktok wp-block-embed-tiktok\"><div class=\"wp-block-embed__wrapper\">\n<blockquote class=\"tiktok-embed\" cite=\"https:\/\/www.tiktok.com\/\" data-video-id=\"7592467916394728734\" data-embed-from=\"oembed\" style=\"max-width:605px; min-width:325px;\"> <section> <a target=\"_blank\" title=\"@\" href=\"https:\/\/www.tiktok.com\/?refer=embed\">@<\/a> <p><\/p> <a target=\"_blank\" title=\"\u266c  -\" href=\"https:\/\/www.tiktok.com\/?refer=embed\">\u266c  &#8211; <\/a> <\/section> <\/blockquote> <script async src=\"https:\/\/www.tiktok.com\/embed.js\"><\/script>\n<\/div><\/figure>\n\n\n\n<p>La respuesta de Al2 no tard\u00f3. El fundador de Los Aldeanos public\u00f3 en sus historias de Instagram una imagen que r\u00e1pidamente se volvi\u00f3 viral: una fotograf\u00eda en la que se le ve el pecho con aparentes quemaduras. Junto a la imagen, lanz\u00f3 un mensaje que subi\u00f3 varios grados la tensi\u00f3n y transform\u00f3 la pol\u00e9mica en algo mucho m\u00e1s serio que un simple intercambio de indirectas.<\/p>\n\n\n\n<p>\u201cTengo fotos y videos de las heridas que me hiciste y los mensajes amenaz\u00e1ndome de muerte a m\u00ed y a mi familia, principalmente a mis hijos\u201d, escribi\u00f3 el rapero. Seg\u00fan su versi\u00f3n, esas lesiones habr\u00edan sido provocadas por Zajaris, quien se habr\u00eda ido luego \u201cpara una fiesta a bailar\u201d. El m\u00fasico fue m\u00e1s all\u00e1 al afirmar que la actriz ofend\u00eda sin medida a los hijos de otras personas, algo que, asegura, conocen bien quienes la han tratado de cerca.<\/p>\n\n\n\n<p><strong>Lea m\u00e1s: <a href=\"https:\/\/www.cuballama.com\/noticias\/zajaris-hace-fuertes-declaraciones-contra-su-exnovio-al2-el-aldeano-sere-ridicula-pero-nunca-traidora\/\" target=\"_blank\" rel=\"noreferrer noopener\">Zajaris hace fuertes declaraciones contra su exnovio Al2 El Aldeano: \u201cSer\u00e9 rid\u00edcula, pero nunca traidora\u201d<\/a><\/strong><\/p>\n\n\n\n<p>Pero el mensaje no qued\u00f3 ah\u00ed. En un segundo texto, Al2 lanz\u00f3 una de las acusaciones m\u00e1s delicadas hasta ahora: \u201cYo tambi\u00e9n, si me pongo a buscar, tengo audios y videos donde ofendes a mis hijos, implor\u00e1ndole a Dios que les d\u00e9 c\u00e1ncer. Tambi\u00e9n has dicho muchas veces que vas a pagar para que me macheteen a mi hija en Cuba. Cuenta eso tambi\u00e9n, \u00bfo es mentira? Yo tengo las pruebas de eso y si quieres se las muestro a la polic\u00eda, porque en las redes solo es circo\u201d.<\/p>\n\n\n\n<figure class=\"wp-block-image size-large\"><img loading=\"lazy\" decoding=\"async\" width=\"578\" height=\"1024\" src=\"https:\/\/cdn1.mediawpaccore.net\/wp-content\/uploads\/2026\/01\/07081426\/Captura-de-pantalla-2026-01-07-a-las-13.43.33-578x1024.png\" alt=\"\" class=\"wp-image-231157\" srcset=\"https:\/\/cdn1.mediawpaccore.net\/wp-content\/uploads\/2026\/01\/07081426\/Captura-de-pantalla-2026-01-07-a-las-13.43.33-578x1024.png 578w, https:\/\/cdn1.mediawpaccore.net\/wp-content\/uploads\/2026\/01\/07081426\/Captura-de-pantalla-2026-01-07-a-las-13.43.33-169x300.png 169w, https:\/\/cdn1.mediawpaccore.net\/wp-content\/uploads\/2026\/01\/07081426\/Captura-de-pantalla-2026-01-07-a-las-13.43.33-768x1360.png 768w, https:\/\/cdn1.mediawpaccore.net\/wp-content\/uploads\/2026\/01\/07081426\/Captura-de-pantalla-2026-01-07-a-las-13.43.33-237x420.png 237w, https:\/\/cdn1.mediawpaccore.net\/wp-content\/uploads\/2026\/01\/07081426\/Captura-de-pantalla-2026-01-07-a-las-13.43.33-150x266.png 150w, https:\/\/cdn1.mediawpaccore.net\/wp-content\/uploads\/2026\/01\/07081426\/Captura-de-pantalla-2026-01-07-a-las-13.43.33-300x531.png 300w, https:\/\/cdn1.mediawpaccore.net\/wp-content\/uploads\/2026\/01\/07081426\/Captura-de-pantalla-2026-01-07-a-las-13.43.33-696x1232.png 696w, https:\/\/cdn1.mediawpaccore.net\/wp-content\/uploads\/2026\/01\/07081426\/Captura-de-pantalla-2026-01-07-a-las-13.43.33.png 836w\" sizes=\"auto, (max-width: 578px) 100vw, 578px\" \/><\/figure>\n\n\n\n<p>La historia cerr\u00f3 con una frase que marca un punto de inflexi\u00f3n: \u201cContigo es con la polic\u00eda directo\u201d.<\/p>\n\n\n\n<p>M\u00e1s all\u00e1 de qui\u00e9n tenga la raz\u00f3n, algo que solo una investigaci\u00f3n formal podr\u00eda determinar, lo cierto es que este intercambio expone una realidad inquietante: cuando los conflictos personales se convierten en espect\u00e1culos p\u00fablicos, las fronteras entre denuncia leg\u00edtima, catarsis emocional y linchamiento digital se vuelven peligrosamente borrosas.<\/p>\n\n\n\n<p>En una comunidad tan conectada como la cubana, donde los artistas no solo entretienen sino que tambi\u00e9n moldean imaginarios colectivos, estos episodios tienen un impacto que va m\u00e1s all\u00e1 del chisme. Hablan de relaciones marcadas por la violencia, de heridas que no sanaron y de la necesidad urgente de que temas como el abuso, las amenazas y la protecci\u00f3n de los menores salgan del circo de las redes y entren, con seriedad, en los espacios que corresponden.<\/p>\n","protected":false},"excerpt":{"rendered":"<p>Al2 aparece con quemaduras en el pecho en una foto subida recientemente a sus historias de Instagram<\/p>\n","protected":false},"author":27,"featured_media":231158,"comment_status":"open","ping_status":"closed","sticky":false,"template":"","format":"standard","meta":{"_acf_changed":false,"footnotes":""},"categories":[443],"tags":[9786,11050,5834,13157],"class_list":{"0":"post-231153","1":"post","2":"type-post","3":"status-publish","4":"format-standard","5":"has-post-thumbnail","7":"category-farandula","8":"tag-al2-el-aldeano","9":"tag-cubanos-en-miami","10":"tag-violencia-domestica","11":"tag-zajaris-fernandez"},"acf":[],"yoast_head":"<!-- This site is optimized with the Yoast SEO plugin v27.4 - https:\/\/yoast.com\/product\/yoast-seo-wordpress\/ -->\n<title>Al2 expone supuestas agresiones de Zajaris y advierte que llevar\u00e1 el caso a la polic\u00eda - Cuballama Noticias<\/title>\n<meta name=\"description\" content=\"Todo comenz\u00f3 cuando Zajaris comparti\u00f3 un audio donde, presuntamente, se escucha al rapero profiriendo insultos hacia ella\" \/>\n<meta name=\"robots\" content=\"index, follow, max-snippet:-1, max-image-preview:large, max-video-preview:-1\" \/>\n<link rel=\"canonical\" href=\"https:\/\/www.cuballama.com\/noticias\/al2-expone-supuestas-agresiones-de-zajaris-y-advierte-que-llevara-el-caso-a-la-policia\/\" \/>\n<meta property=\"og:locale\" content=\"es_ES\" \/>\n<meta property=\"og:type\" content=\"article\" \/>\n<meta property=\"og:title\" content=\"Al2 expone supuestas agresiones de Zajaris y advierte que llevar\u00e1 el caso a la polic\u00eda - Cuballama Noticias\" \/>\n<meta property=\"og:description\" content=\"Todo comenz\u00f3 cuando Zajaris comparti\u00f3 un audio donde, presuntamente, se escucha al rapero profiriendo insultos hacia ella\" \/>\n<meta property=\"og:url\" content=\"https:\/\/www.cuballama.com\/noticias\/al2-expone-supuestas-agresiones-de-zajaris-y-advierte-que-llevara-el-caso-a-la-policia\/\" \/>\n<meta property=\"og:site_name\" content=\"Cuballama Noticias\" \/>\n<meta property=\"article:publisher\" content=\"https:\/\/www.facebook.com\/CubaLlama\" \/>\n<meta property=\"article:published_time\" content=\"2026-01-07T13:19:19+00:00\" \/>\n<meta property=\"article:modified_time\" content=\"2026-01-07T13:19:21+00:00\" \/>\n<meta property=\"og:image\" content=\"https:\/\/cdn1.mediawpaccore.net\/wp-content\/uploads\/2026\/01\/07081652\/WhatsApp-Image-2026-01-07-at-14.16.34.jpeg\" \/>\n\t<meta property=\"og:image:width\" content=\"1887\" \/>\n\t<meta property=\"og:image:height\" content=\"1270\" \/>\n\t<meta property=\"og:image:type\" content=\"image\/jpeg\" \/>\n<meta name=\"author\" content=\"Rafa\" \/>\n<meta name=\"twitter:card\" content=\"summary_large_image\" \/>\n<meta name=\"twitter:creator\" content=\"@cuballama\" \/>\n<meta name=\"twitter:site\" content=\"@cuballama\" \/>\n<meta name=\"twitter:label1\" content=\"Escrito por\" \/>\n\t<meta name=\"twitter:data1\" content=\"Rafa\" \/>\n\t<meta name=\"twitter:label2\" content=\"Tiempo de lectura\" \/>\n\t<meta name=\"twitter:data2\" content=\"3 minutos\" \/>\n<script type=\"application\/ld+json\" class=\"yoast-schema-graph\">{\"@context\":\"https:\\\/\\\/schema.org\",\"@graph\":[{\"@type\":\"Article\",\"@id\":\"https:\\\/\\\/www.cuballama.com\\\/noticias\\\/al2-expone-supuestas-agresiones-de-zajaris-y-advierte-que-llevara-el-caso-a-la-policia\\\/#article\",\"isPartOf\":{\"@id\":\"https:\\\/\\\/www.cuballama.com\\\/noticias\\\/al2-expone-supuestas-agresiones-de-zajaris-y-advierte-que-llevara-el-caso-a-la-policia\\\/\"},\"author\":{\"name\":\"Rafa\",\"@id\":\"https:\\\/\\\/www.cuballama.com\\\/noticias\\\/#\\\/schema\\\/person\\\/0f97914526a658755f00e59ec2a832f2\"},\"headline\":\"Al2 expone supuestas agresiones de Zajaris y advierte que llevar\u00e1 el caso a la polic\u00eda\",\"datePublished\":\"2026-01-07T13:19:19+00:00\",\"dateModified\":\"2026-01-07T13:19:21+00:00\",\"mainEntityOfPage\":{\"@id\":\"https:\\\/\\\/www.cuballama.com\\\/noticias\\\/al2-expone-supuestas-agresiones-de-zajaris-y-advierte-que-llevara-el-caso-a-la-policia\\\/\"},\"wordCount\":584,\"commentCount\":0,\"publisher\":{\"@id\":\"https:\\\/\\\/www.cuballama.com\\\/noticias\\\/#organization\"},\"image\":{\"@id\":\"https:\\\/\\\/www.cuballama.com\\\/noticias\\\/al2-expone-supuestas-agresiones-de-zajaris-y-advierte-que-llevara-el-caso-a-la-policia\\\/#primaryimage\"},\"thumbnailUrl\":\"https:\\\/\\\/cdn1.mediawpaccore.net\\\/wp-content\\\/uploads\\\/2026\\\/01\\\/07081652\\\/WhatsApp-Image-2026-01-07-at-14.16.34.jpeg\",\"keywords\":[\"Al2 El Aldeano\",\"cubanos en Miami\",\"violencia dom\u00e9stica\",\"Zajaris Fern\u00e1ndez\"],\"articleSection\":[\"Far\u00e1ndula\"],\"inLanguage\":\"es\",\"potentialAction\":[{\"@type\":\"CommentAction\",\"name\":\"Comment\",\"target\":[\"https:\\\/\\\/www.cuballama.com\\\/noticias\\\/al2-expone-supuestas-agresiones-de-zajaris-y-advierte-que-llevara-el-caso-a-la-policia\\\/#respond\"]}]},{\"@type\":\"WebPage\",\"@id\":\"https:\\\/\\\/www.cuballama.com\\\/noticias\\\/al2-expone-supuestas-agresiones-de-zajaris-y-advierte-que-llevara-el-caso-a-la-policia\\\/\",\"url\":\"https:\\\/\\\/www.cuballama.com\\\/noticias\\\/al2-expone-supuestas-agresiones-de-zajaris-y-advierte-que-llevara-el-caso-a-la-policia\\\/\",\"name\":\"Al2 expone supuestas agresiones de Zajaris y advierte que llevar\u00e1 el caso a la polic\u00eda - Cuballama Noticias\",\"isPartOf\":{\"@id\":\"https:\\\/\\\/www.cuballama.com\\\/noticias\\\/#website\"},\"primaryImageOfPage\":{\"@id\":\"https:\\\/\\\/www.cuballama.com\\\/noticias\\\/al2-expone-supuestas-agresiones-de-zajaris-y-advierte-que-llevara-el-caso-a-la-policia\\\/#primaryimage\"},\"image\":{\"@id\":\"https:\\\/\\\/www.cuballama.com\\\/noticias\\\/al2-expone-supuestas-agresiones-de-zajaris-y-advierte-que-llevara-el-caso-a-la-policia\\\/#primaryimage\"},\"thumbnailUrl\":\"https:\\\/\\\/cdn1.mediawpaccore.net\\\/wp-content\\\/uploads\\\/2026\\\/01\\\/07081652\\\/WhatsApp-Image-2026-01-07-at-14.16.34.jpeg\",\"datePublished\":\"2026-01-07T13:19:19+00:00\",\"dateModified\":\"2026-01-07T13:19:21+00:00\",\"description\":\"Todo comenz\u00f3 cuando Zajaris comparti\u00f3 un audio donde, presuntamente, se escucha al rapero profiriendo insultos hacia ella\",\"breadcrumb\":{\"@id\":\"https:\\\/\\\/www.cuballama.com\\\/noticias\\\/al2-expone-supuestas-agresiones-de-zajaris-y-advierte-que-llevara-el-caso-a-la-policia\\\/#breadcrumb\"},\"inLanguage\":\"es\",\"potentialAction\":[{\"@type\":\"ReadAction\",\"target\":[\"https:\\\/\\\/www.cuballama.com\\\/noticias\\\/al2-expone-supuestas-agresiones-de-zajaris-y-advierte-que-llevara-el-caso-a-la-policia\\\/\"]}]},{\"@type\":\"ImageObject\",\"inLanguage\":\"es\",\"@id\":\"https:\\\/\\\/www.cuballama.com\\\/noticias\\\/al2-expone-supuestas-agresiones-de-zajaris-y-advierte-que-llevara-el-caso-a-la-policia\\\/#primaryimage\",\"url\":\"https:\\\/\\\/cdn1.mediawpaccore.net\\\/wp-content\\\/uploads\\\/2026\\\/01\\\/07081652\\\/WhatsApp-Image-2026-01-07-at-14.16.34.jpeg\",\"contentUrl\":\"https:\\\/\\\/cdn1.mediawpaccore.net\\\/wp-content\\\/uploads\\\/2026\\\/01\\\/07081652\\\/WhatsApp-Image-2026-01-07-at-14.16.34.jpeg\",\"width\":1887,\"height\":1270,\"caption\":\"Foto: Instagram\"},{\"@type\":\"BreadcrumbList\",\"@id\":\"https:\\\/\\\/www.cuballama.com\\\/noticias\\\/al2-expone-supuestas-agresiones-de-zajaris-y-advierte-que-llevara-el-caso-a-la-policia\\\/#breadcrumb\",\"itemListElement\":[{\"@type\":\"ListItem\",\"position\":1,\"name\":\"Home\",\"item\":\"https:\\\/\\\/www.cuballama.com\\\/noticias\\\/\"},{\"@type\":\"ListItem\",\"position\":2,\"name\":\"Al2 expone supuestas agresiones de Zajaris y advierte que llevar\u00e1 el caso a la polic\u00eda\"}]},{\"@type\":\"WebSite\",\"@id\":\"https:\\\/\\\/www.cuballama.com\\\/noticias\\\/#website\",\"url\":\"https:\\\/\\\/www.cuballama.com\\\/noticias\\\/\",\"name\":\"Cuballama Noticias\",\"description\":\"Medio digital sobre Cuba y el mundo\",\"publisher\":{\"@id\":\"https:\\\/\\\/www.cuballama.com\\\/noticias\\\/#organization\"},\"potentialAction\":[{\"@type\":\"SearchAction\",\"target\":{\"@type\":\"EntryPoint\",\"urlTemplate\":\"https:\\\/\\\/www.cuballama.com\\\/noticias\\\/?s={search_term_string}\"},\"query-input\":{\"@type\":\"PropertyValueSpecification\",\"valueRequired\":true,\"valueName\":\"search_term_string\"}}],\"inLanguage\":\"es\"},{\"@type\":\"Organization\",\"@id\":\"https:\\\/\\\/www.cuballama.com\\\/noticias\\\/#organization\",\"name\":\"Cuballama\",\"url\":\"https:\\\/\\\/www.cuballama.com\\\/noticias\\\/\",\"logo\":{\"@type\":\"ImageObject\",\"inLanguage\":\"es\",\"@id\":\"https:\\\/\\\/www.cuballama.com\\\/noticias\\\/#\\\/schema\\\/logo\\\/image\\\/\",\"url\":\"https:\\\/\\\/cdn1.mediawpaccore.net\\\/wp-content\\\/uploads\\\/2021\\\/12\\\/28171206\\\/cbll-logo-color-sm.png\",\"contentUrl\":\"https:\\\/\\\/cdn1.mediawpaccore.net\\\/wp-content\\\/uploads\\\/2021\\\/12\\\/28171206\\\/cbll-logo-color-sm.png\",\"width\":600,\"height\":133,\"caption\":\"Cuballama\"},\"image\":{\"@id\":\"https:\\\/\\\/www.cuballama.com\\\/noticias\\\/#\\\/schema\\\/logo\\\/image\\\/\"},\"sameAs\":[\"https:\\\/\\\/www.facebook.com\\\/CubaLlama\",\"https:\\\/\\\/x.com\\\/cuballama\",\"https:\\\/\\\/www.instagram.com\\\/stories\\\/cuballama_oficial\\\/\",\"https:\\\/\\\/www.youtube.com\\\/channel\\\/UCKkFE-d_axENGZcrc4as0IA\"]},{\"@type\":\"Person\",\"@id\":\"https:\\\/\\\/www.cuballama.com\\\/noticias\\\/#\\\/schema\\\/person\\\/0f97914526a658755f00e59ec2a832f2\",\"name\":\"Rafa\",\"url\":\"https:\\\/\\\/www.cuballama.com\\\/noticias\\\/author\\\/rafa\\\/\"}]}<\/script>\n<!-- \/ Yoast SEO plugin. -->","yoast_head_json":{"title":"Al2 expone supuestas agresiones de Zajaris y advierte que llevar\u00e1 el caso a la polic\u00eda - Cuballama Noticias","description":"Todo comenz\u00f3 cuando Zajaris comparti\u00f3 un audio donde, presuntamente, se escucha al rapero profiriendo insultos hacia ella","robots":{"index":"index","follow":"follow","max-snippet":"max-snippet:-1","max-image-preview":"max-image-preview:large","max-video-preview":"max-video-preview:-1"},"canonical":"https:\/\/www.cuballama.com\/noticias\/al2-expone-supuestas-agresiones-de-zajaris-y-advierte-que-llevara-el-caso-a-la-policia\/","og_locale":"es_ES","og_type":"article","og_title":"Al2 expone supuestas agresiones de Zajaris y advierte que llevar\u00e1 el caso a la polic\u00eda - Cuballama Noticias","og_description":"Todo comenz\u00f3 cuando Zajaris comparti\u00f3 un audio donde, presuntamente, se escucha al rapero profiriendo insultos hacia ella","og_url":"https:\/\/www.cuballama.com\/noticias\/al2-expone-supuestas-agresiones-de-zajaris-y-advierte-que-llevara-el-caso-a-la-policia\/","og_site_name":"Cuballama Noticias","article_publisher":"https:\/\/www.facebook.com\/CubaLlama","article_published_time":"2026-01-07T13:19:19+00:00","article_modified_time":"2026-01-07T13:19:21+00:00","og_image":[{"width":1887,"height":1270,"url":"https:\/\/cdn1.mediawpaccore.net\/wp-content\/uploads\/2026\/01\/07081652\/WhatsApp-Image-2026-01-07-at-14.16.34.jpeg","type":"image\/jpeg"}],"author":"Rafa","twitter_card":"summary_large_image","twitter_creator":"@cuballama","twitter_site":"@cuballama","twitter_misc":{"Escrito por":"Rafa","Tiempo de lectura":"3 minutos"},"schema":{"@context":"https:\/\/schema.org","@graph":[{"@type":"Article","@id":"https:\/\/www.cuballama.com\/noticias\/al2-expone-supuestas-agresiones-de-zajaris-y-advierte-que-llevara-el-caso-a-la-policia\/#article","isPartOf":{"@id":"https:\/\/www.cuballama.com\/noticias\/al2-expone-supuestas-agresiones-de-zajaris-y-advierte-que-llevara-el-caso-a-la-policia\/"},"author":{"name":"Rafa","@id":"https:\/\/www.cuballama.com\/noticias\/#\/schema\/person\/0f97914526a658755f00e59ec2a832f2"},"headline":"Al2 expone supuestas agresiones de Zajaris y advierte que llevar\u00e1 el caso a la polic\u00eda","datePublished":"2026-01-07T13:19:19+00:00","dateModified":"2026-01-07T13:19:21+00:00","mainEntityOfPage":{"@id":"https:\/\/www.cuballama.com\/noticias\/al2-expone-supuestas-agresiones-de-zajaris-y-advierte-que-llevara-el-caso-a-la-policia\/"},"wordCount":584,"commentCount":0,"publisher":{"@id":"https:\/\/www.cuballama.com\/noticias\/#organization"},"image":{"@id":"https:\/\/www.cuballama.com\/noticias\/al2-expone-supuestas-agresiones-de-zajaris-y-advierte-que-llevara-el-caso-a-la-policia\/#primaryimage"},"thumbnailUrl":"https:\/\/cdn1.mediawpaccore.net\/wp-content\/uploads\/2026\/01\/07081652\/WhatsApp-Image-2026-01-07-at-14.16.34.jpeg","keywords":["Al2 El Aldeano","cubanos en Miami","violencia dom\u00e9stica","Zajaris Fern\u00e1ndez"],"articleSection":["Far\u00e1ndula"],"inLanguage":"es","potentialAction":[{"@type":"CommentAction","name":"Comment","target":["https:\/\/www.cuballama.com\/noticias\/al2-expone-supuestas-agresiones-de-zajaris-y-advierte-que-llevara-el-caso-a-la-policia\/#respond"]}]},{"@type":"WebPage","@id":"https:\/\/www.cuballama.com\/noticias\/al2-expone-supuestas-agresiones-de-zajaris-y-advierte-que-llevara-el-caso-a-la-policia\/","url":"https:\/\/www.cuballama.com\/noticias\/al2-expone-supuestas-agresiones-de-zajaris-y-advierte-que-llevara-el-caso-a-la-policia\/","name":"Al2 expone supuestas agresiones de Zajaris y advierte que llevar\u00e1 el caso a la polic\u00eda - Cuballama Noticias","isPartOf":{"@id":"https:\/\/www.cuballama.com\/noticias\/#website"},"primaryImageOfPage":{"@id":"https:\/\/www.cuballama.com\/noticias\/al2-expone-supuestas-agresiones-de-zajaris-y-advierte-que-llevara-el-caso-a-la-policia\/#primaryimage"},"image":{"@id":"https:\/\/www.cuballama.com\/noticias\/al2-expone-supuestas-agresiones-de-zajaris-y-advierte-que-llevara-el-caso-a-la-policia\/#primaryimage"},"thumbnailUrl":"https:\/\/cdn1.mediawpaccore.net\/wp-content\/uploads\/2026\/01\/07081652\/WhatsApp-Image-2026-01-07-at-14.16.34.jpeg","datePublished":"2026-01-07T13:19:19+00:00","dateModified":"2026-01-07T13:19:21+00:00","description":"Todo comenz\u00f3 cuando Zajaris comparti\u00f3 un audio donde, presuntamente, se escucha al rapero profiriendo insultos hacia ella","breadcrumb":{"@id":"https:\/\/www.cuballama.com\/noticias\/al2-expone-supuestas-agresiones-de-zajaris-y-advierte-que-llevara-el-caso-a-la-policia\/#breadcrumb"},"inLanguage":"es","potentialAction":[{"@type":"ReadAction","target":["https:\/\/www.cuballama.com\/noticias\/al2-expone-supuestas-agresiones-de-zajaris-y-advierte-que-llevara-el-caso-a-la-policia\/"]}]},{"@type":"ImageObject","inLanguage":"es","@id":"https:\/\/www.cuballama.com\/noticias\/al2-expone-supuestas-agresiones-de-zajaris-y-advierte-que-llevara-el-caso-a-la-policia\/#primaryimage","url":"https:\/\/cdn1.mediawpaccore.net\/wp-content\/uploads\/2026\/01\/07081652\/WhatsApp-Image-2026-01-07-at-14.16.34.jpeg","contentUrl":"https:\/\/cdn1.mediawpaccore.net\/wp-content\/uploads\/2026\/01\/07081652\/WhatsApp-Image-2026-01-07-at-14.16.34.jpeg","width":1887,"height":1270,"caption":"Foto: Instagram"},{"@type":"BreadcrumbList","@id":"https:\/\/www.cuballama.com\/noticias\/al2-expone-supuestas-agresiones-de-zajaris-y-advierte-que-llevara-el-caso-a-la-policia\/#breadcrumb","itemListElement":[{"@type":"ListItem","position":1,"name":"Home","item":"https:\/\/www.cuballama.com\/noticias\/"},{"@type":"ListItem","position":2,"name":"Al2 expone supuestas agresiones de Zajaris y advierte que llevar\u00e1 el caso a la polic\u00eda"}]},{"@type":"WebSite","@id":"https:\/\/www.cuballama.com\/noticias\/#website","url":"https:\/\/www.cuballama.com\/noticias\/","name":"Cuballama Noticias","description":"Medio digital sobre Cuba y el mundo","publisher":{"@id":"https:\/\/www.cuballama.com\/noticias\/#organization"},"potentialAction":[{"@type":"SearchAction","target":{"@type":"EntryPoint","urlTemplate":"https:\/\/www.cuballama.com\/noticias\/?s={search_term_string}"},"query-input":{"@type":"PropertyValueSpecification","valueRequired":true,"valueName":"search_term_string"}}],"inLanguage":"es"},{"@type":"Organization","@id":"https:\/\/www.cuballama.com\/noticias\/#organization","name":"Cuballama","url":"https:\/\/www.cuballama.com\/noticias\/","logo":{"@type":"ImageObject","inLanguage":"es","@id":"https:\/\/www.cuballama.com\/noticias\/#\/schema\/logo\/image\/","url":"https:\/\/cdn1.mediawpaccore.net\/wp-content\/uploads\/2021\/12\/28171206\/cbll-logo-color-sm.png","contentUrl":"https:\/\/cdn1.mediawpaccore.net\/wp-content\/uploads\/2021\/12\/28171206\/cbll-logo-color-sm.png","width":600,"height":133,"caption":"Cuballama"},"image":{"@id":"https:\/\/www.cuballama.com\/noticias\/#\/schema\/logo\/image\/"},"sameAs":["https:\/\/www.facebook.com\/CubaLlama","https:\/\/x.com\/cuballama","https:\/\/www.instagram.com\/stories\/cuballama_oficial\/","https:\/\/www.youtube.com\/channel\/UCKkFE-d_axENGZcrc4as0IA"]},{"@type":"Person","@id":"https:\/\/www.cuballama.com\/noticias\/#\/schema\/person\/0f97914526a658755f00e59ec2a832f2","name":"Rafa","url":"https:\/\/www.cuballama.com\/noticias\/author\/rafa\/"}]}},"_links":{"self":[{"href":"https:\/\/www.cuballama.com\/noticias\/wp-json\/wp\/v2\/posts\/231153","targetHints":{"allow":["GET"]}}],"collection":[{"href":"https:\/\/www.cuballama.com\/noticias\/wp-json\/wp\/v2\/posts"}],"about":[{"href":"https:\/\/www.cuballama.com\/noticias\/wp-json\/wp\/v2\/types\/post"}],"author":[{"embeddable":true,"href":"https:\/\/www.cuballama.com\/noticias\/wp-json\/wp\/v2\/users\/27"}],"replies":[{"embeddable":true,"href":"https:\/\/www.cuballama.com\/noticias\/wp-json\/wp\/v2\/comments?post=231153"}],"version-history":[{"count":1,"href":"https:\/\/www.cuballama.com\/noticias\/wp-json\/wp\/v2\/posts\/231153\/revisions"}],"predecessor-version":[{"id":231160,"href":"https:\/\/www.cuballama.com\/noticias\/wp-json\/wp\/v2\/posts\/231153\/revisions\/231160"}],"wp:featuredmedia":[{"embeddable":true,"href":"https:\/\/www.cuballama.com\/noticias\/wp-json\/wp\/v2\/media\/231158"}],"wp:attachment":[{"href":"https:\/\/www.cuballama.com\/noticias\/wp-json\/wp\/v2\/media?parent=231153"}],"wp:term":[{"taxonomy":"category","embeddable":true,"href":"https:\/\/www.cuballama.com\/noticias\/wp-json\/wp\/v2\/categories?post=231153"},{"taxonomy":"post_tag","embeddable":true,"href":"https:\/\/www.cuballama.com\/noticias\/wp-json\/wp\/v2\/tags?post=231153"}],"curies":[{"name":"wp","href":"https:\/\/api.w.org\/{rel}","templated":true}]}}