{"id":231070,"date":"2026-01-06T10:53:21","date_gmt":"2026-01-06T15:53:21","guid":{"rendered":"https:\/\/www.cuballama.com\/noticias\/?p=231070"},"modified":"2026-01-06T12:37:29","modified_gmt":"2026-01-06T17:37:29","slug":"emilio-frias-lanza-duras-criticas-a-los-abakuas-no-creo-en-ecobio-que-no-sea-buen-hombre","status":"publish","type":"post","link":"https:\/\/www.cuballama.com\/noticias\/emilio-frias-lanza-duras-criticas-a-los-abakuas-no-creo-en-ecobio-que-no-sea-buen-hombre\/","title":{"rendered":"Emilio Fr\u00edas lanza duras cr\u00edticas a los abaku\u00e1s: \u201cNo creo en ecobio\u201d que no sea \u201cbuen hombre\u201d"},"content":{"rendered":"\n<p>Este 6 de enero, principal fecha que celebra la religi\u00f3n Abaku\u00e1, el cantante cubano <a href=\"https:\/\/www.cuballama.com\/noticias\/emilio-frias-aconseja-a-quienes-llegaron-a-ee-uu-con-35-anos-o-mas-no-viniste-a-improvisar\/?srsltid=AfmBOorY9L6gWFKyxGZYn0Ze1Yht3ZGTmuNVrvyER1jAQMEI8B92wDDH\" target=\"_blank\" rel=\"noreferrer noopener\">Emilio Fr\u00edas<\/a>, uno de sus miembros, ha hablado sobre la crisis que atraviesa este sociedad secreta masculina de origen africano en la isla.<\/p>\n\n\n\n<p>\u201cEn tiempos donde nuestra religi\u00f3n sufre duramente una desmembraci\u00f3n y pasa por uno de sus peores momentos\u201d, el l\u00edder de la orqueta El Ni\u00f1o y La Verdad exhort\u00f3 a sus hermanos abaku\u00e1s, tanto a \u201clos que llevan a\u00f1os\u201d como a \u201clos nuevos que est\u00e1n llegando\u201d, a que \u201csean mejor hombre porque solo as\u00ed ser\u00e1s grandes religiosos\u201d.&nbsp;<\/p>\n\n\n\n<p>\u201cPara ser Abaku\u00e1 hay que ser hombre, pero para ser hombre no hay que ser Abaku\u00e1. \u00bfCu\u00e1ntas veces escuchamos esta frase si viviste desde ni\u00f1o dentro de esta o cerca de alg\u00fan familia o amigo que pertenec\u00eda a la religi\u00f3n? \u00bfPero alguna vez lo entendiste?\u201d, reflexion\u00f3 en redes sociales el m\u00fasico radicado hace casi dos a\u00f1os en Miami, Florida.<\/p>\n\n\n\n<p>\u201cSer hombre es la condici\u00f3n m\u00e1s grande que puede tener un var\u00f3n. Los c\u00f3digos de honor que rigen a un hombre van por encima de cualquier creencia y religi\u00f3n. Ser hombre, o mejor, un buen hombre es un requisito que si hoy tuviera nuestra religi\u00f3n, no estar\u00edamos como estamos\u201d, explic\u00f3 sobre los est\u00e1ndares que, seg\u00fan \u00e9l, no se respetan hoy dentro de la religi\u00f3n Abaku\u00e1.&nbsp;<\/p>\n\n\n\n<p>\u201cSer buen hijo, buen padre, buen esposo, buen hermano, son conceptos b\u00e1sicos de un buen hombre. No hay que ser abaku\u00e1. Ser abaku\u00e1 es solo un t\u00edtulo, una consagraci\u00f3n, que muchos llevamos con orgullo, pero hoy d\u00eda la distorsi\u00f3n de la realidad y de los conceptos se pierden cada d\u00eda m\u00e1s\u201d, lament\u00f3.&nbsp;<\/p>\n\n\n\n<iframe loading=\"lazy\" src=\"https:\/\/www.facebook.com\/plugins\/post.php?href=https%3A%2F%2Fwww.facebook.com%2FelninoylaverdadOficial%2Fposts%2Fpfbid0aTYknxcYUKSHWpmfjAdvunzByJTR1d4m98C71Ng3bTNNsv2B2rG7Ydc2qyxkouSl&#038;show_text=true&#038;width=500\" width=\"500\" height=\"716\" style=\"border:none;overflow:hidden\" scrolling=\"no\" frameborder=\"0\" allowfullscreen=\"true\" allow=\"autoplay; clipboard-write; encrypted-media; picture-in-picture; web-share\"><\/iframe>\n\n\n\n<p>\u201cNo existe un buen abaku\u00e1 en el mundo que no sea un buen hombre. Yo en lo personal, no creo en nada que est\u00e9 desconectado de las buenas costumbres. No creo en guapo. No creo en sabio. No creo en asesinos ni presidiarios. No creo en ecobio (hermano). No creo en ninguno que antes no lleve bien puesto el t\u00edtulo de \u2018buen hombre\u2019, las palabras que hoy no abundan ni en (la religi\u00f3n Abaku\u00e1) ni en la vida\u201d, concluy\u00f3 al felicitar a \u201ctodos los \u2018Hombre Libres y de Buenas Costumbres\u2019, que son Ecoria Enyene Abakua, Erendio Abas\u00ed Abome\u201d.<\/p>\n\n\n\n<p>En cualquier caso, los abaku\u00e1s, una sociedad fraternal creada por esclavos de la etnia carabal\u00ed a mediados del siglo XIX en el poblado habanero de Regla, que se extendi\u00f3 r\u00e1pidamente por La Habana, Matanzas y C\u00e1rdenas, siempre han tenido mala fama.&nbsp;<\/p>\n\n\n\n<p>Ni siquiera el estricto c\u00f3digo de conducta que se exig\u00eda a sus miembros y que hizo que la sociedad abaku\u00e1 fuera llamada \u201cla masoner\u00eda de los negros\u201d hizo que dejaran de ser mal vistos.&nbsp;<\/p>\n\n\n\n<p>Tanto por el car\u00e1cter secreto de la asociaci\u00f3n fraternal como por los prejuicios racistas, desde el tiempo de la Colonia y de la Rep\u00fablica, los abaku\u00e1s, conocidos despectivamente como \u00f1\u00e1\u00f1igos, tuvieron mala fama.&nbsp;<\/p>\n\n\n\n<p>Despu\u00e9s de 1959, siguieron siendo vinculados a la marginalidad y al delito, pero m\u00e1s por razones de \u00edndole ideol\u00f3gica.<\/p>\n\n\n\n<p>Hubo una \u00e9poca en que ser abaku\u00e1 era un agravante si de aplicar la Ley de Peligrosidad se trataba.<\/p>\n\n\n\n<p><\/p>\n","protected":false},"excerpt":{"rendered":"<p>Este 6 de enero la sociedad secreta masculina de origen africano celebra su d\u00eda.<\/p>\n","protected":false},"author":30,"featured_media":231072,"comment_status":"open","ping_status":"closed","sticky":false,"template":"","format":"standard","meta":{"_acf_changed":false,"footnotes":""},"categories":[443,18],"tags":[20217,15468,11050,941,13841,18451,6139],"class_list":{"0":"post-231070","1":"post","2":"type-post","3":"status-publish","4":"format-standard","5":"has-post-thumbnail","7":"category-farandula","8":"category-noticias","9":"tag-abakua","10":"tag-cantante-cubano","11":"tag-cubanos-en-miami","12":"tag-destacado","13":"tag-el-nino-y-la-verdad","14":"tag-emilio-frias-2","15":"tag-religion-afrocubana"},"acf":[],"yoast_head":"<!-- This site is optimized with the Yoast SEO plugin v27.5 - https:\/\/yoast.com\/product\/yoast-seo-wordpress\/ -->\n<title>Emilio Fr\u00edas lanza duras cr\u00edticas a los abaku\u00e1s: \u201cNo creo en ecobio\u201d que no sea \u201cbuen hombre\u201d - Cuballama Noticias<\/title>\n<meta name=\"description\" content=\"El cantante cubano Emilio Fr\u00edas habl\u00f3 sin tapujos sobre la religi\u00f3n Abaku\u00e1, una sociedad secreta masculina de origen africano.\" \/>\n<meta name=\"robots\" content=\"index, follow, max-snippet:-1, max-image-preview:large, max-video-preview:-1\" \/>\n<link rel=\"canonical\" href=\"https:\/\/www.cuballama.com\/noticias\/emilio-frias-lanza-duras-criticas-a-los-abakuas-no-creo-en-ecobio-que-no-sea-buen-hombre\/\" \/>\n<meta property=\"og:locale\" content=\"es_ES\" \/>\n<meta property=\"og:type\" content=\"article\" \/>\n<meta property=\"og:title\" content=\"Emilio Fr\u00edas lanza duras cr\u00edticas a los abaku\u00e1s: \u201cNo creo en ecobio\u201d que no sea \u201cbuen hombre\u201d - Cuballama Noticias\" \/>\n<meta property=\"og:description\" content=\"El cantante cubano Emilio Fr\u00edas habl\u00f3 sin tapujos sobre la religi\u00f3n Abaku\u00e1, una sociedad secreta masculina de origen africano.\" \/>\n<meta property=\"og:url\" content=\"https:\/\/www.cuballama.com\/noticias\/emilio-frias-lanza-duras-criticas-a-los-abakuas-no-creo-en-ecobio-que-no-sea-buen-hombre\/\" \/>\n<meta property=\"og:site_name\" content=\"Cuballama Noticias\" \/>\n<meta property=\"article:publisher\" content=\"https:\/\/www.facebook.com\/CubaLlama\" \/>\n<meta property=\"article:published_time\" content=\"2026-01-06T15:53:21+00:00\" \/>\n<meta property=\"article:modified_time\" content=\"2026-01-06T17:37:29+00:00\" \/>\n<meta property=\"og:image\" content=\"https:\/\/cdn1.mediawpaccore.net\/wp-content\/uploads\/2026\/01\/06103030\/610890357_1396921311807253_4681261763587400676_n1.jpg\" \/>\n\t<meta property=\"og:image:width\" content=\"1200\" \/>\n\t<meta property=\"og:image:height\" content=\"630\" \/>\n\t<meta property=\"og:image:type\" content=\"image\/jpeg\" \/>\n<meta name=\"author\" content=\"Kathy\" \/>\n<meta name=\"twitter:card\" content=\"summary_large_image\" \/>\n<meta name=\"twitter:creator\" content=\"@cuballama\" \/>\n<meta name=\"twitter:site\" content=\"@cuballama\" \/>\n<meta name=\"twitter:label1\" content=\"Escrito por\" \/>\n\t<meta name=\"twitter:data1\" content=\"Kathy\" \/>\n\t<meta name=\"twitter:label2\" content=\"Tiempo de lectura\" \/>\n\t<meta name=\"twitter:data2\" content=\"3 minutos\" \/>\n<script type=\"application\/ld+json\" class=\"yoast-schema-graph\">{\"@context\":\"https:\\\/\\\/schema.org\",\"@graph\":[{\"@type\":\"Article\",\"@id\":\"https:\\\/\\\/www.cuballama.com\\\/noticias\\\/emilio-frias-lanza-duras-criticas-a-los-abakuas-no-creo-en-ecobio-que-no-sea-buen-hombre\\\/#article\",\"isPartOf\":{\"@id\":\"https:\\\/\\\/www.cuballama.com\\\/noticias\\\/emilio-frias-lanza-duras-criticas-a-los-abakuas-no-creo-en-ecobio-que-no-sea-buen-hombre\\\/\"},\"author\":{\"name\":\"Kathy\",\"@id\":\"https:\\\/\\\/www.cuballama.com\\\/noticias\\\/#\\\/schema\\\/person\\\/86cd3e3f4974437f031211213bf892d5\"},\"headline\":\"Emilio Fr\u00edas lanza duras cr\u00edticas a los abaku\u00e1s: \u201cNo creo en ecobio\u201d que no sea \u201cbuen hombre\u201d\",\"datePublished\":\"2026-01-06T15:53:21+00:00\",\"dateModified\":\"2026-01-06T17:37:29+00:00\",\"mainEntityOfPage\":{\"@id\":\"https:\\\/\\\/www.cuballama.com\\\/noticias\\\/emilio-frias-lanza-duras-criticas-a-los-abakuas-no-creo-en-ecobio-que-no-sea-buen-hombre\\\/\"},\"wordCount\":586,\"commentCount\":0,\"publisher\":{\"@id\":\"https:\\\/\\\/www.cuballama.com\\\/noticias\\\/#organization\"},\"image\":{\"@id\":\"https:\\\/\\\/www.cuballama.com\\\/noticias\\\/emilio-frias-lanza-duras-criticas-a-los-abakuas-no-creo-en-ecobio-que-no-sea-buen-hombre\\\/#primaryimage\"},\"thumbnailUrl\":\"https:\\\/\\\/cdn1.mediawpaccore.net\\\/wp-content\\\/uploads\\\/2026\\\/01\\\/06103030\\\/610890357_1396921311807253_4681261763587400676_n1.jpg\",\"keywords\":[\"Abaku\u00e1\",\"cantante cubano\",\"cubanos en Miami\",\"destacado\",\"El Ni\u00f1o y la Verdad\",\"Emilio Fr\u00edas\",\"religi\u00f3n afrocubana\"],\"articleSection\":[\"Far\u00e1ndula\",\"Noticias\"],\"inLanguage\":\"es\",\"potentialAction\":[{\"@type\":\"CommentAction\",\"name\":\"Comment\",\"target\":[\"https:\\\/\\\/www.cuballama.com\\\/noticias\\\/emilio-frias-lanza-duras-criticas-a-los-abakuas-no-creo-en-ecobio-que-no-sea-buen-hombre\\\/#respond\"]}]},{\"@type\":\"WebPage\",\"@id\":\"https:\\\/\\\/www.cuballama.com\\\/noticias\\\/emilio-frias-lanza-duras-criticas-a-los-abakuas-no-creo-en-ecobio-que-no-sea-buen-hombre\\\/\",\"url\":\"https:\\\/\\\/www.cuballama.com\\\/noticias\\\/emilio-frias-lanza-duras-criticas-a-los-abakuas-no-creo-en-ecobio-que-no-sea-buen-hombre\\\/\",\"name\":\"Emilio Fr\u00edas lanza duras cr\u00edticas a los abaku\u00e1s: \u201cNo creo en ecobio\u201d que no sea \u201cbuen hombre\u201d - Cuballama Noticias\",\"isPartOf\":{\"@id\":\"https:\\\/\\\/www.cuballama.com\\\/noticias\\\/#website\"},\"primaryImageOfPage\":{\"@id\":\"https:\\\/\\\/www.cuballama.com\\\/noticias\\\/emilio-frias-lanza-duras-criticas-a-los-abakuas-no-creo-en-ecobio-que-no-sea-buen-hombre\\\/#primaryimage\"},\"image\":{\"@id\":\"https:\\\/\\\/www.cuballama.com\\\/noticias\\\/emilio-frias-lanza-duras-criticas-a-los-abakuas-no-creo-en-ecobio-que-no-sea-buen-hombre\\\/#primaryimage\"},\"thumbnailUrl\":\"https:\\\/\\\/cdn1.mediawpaccore.net\\\/wp-content\\\/uploads\\\/2026\\\/01\\\/06103030\\\/610890357_1396921311807253_4681261763587400676_n1.jpg\",\"datePublished\":\"2026-01-06T15:53:21+00:00\",\"dateModified\":\"2026-01-06T17:37:29+00:00\",\"description\":\"El cantante cubano Emilio Fr\u00edas habl\u00f3 sin tapujos sobre la religi\u00f3n Abaku\u00e1, una sociedad secreta masculina de origen africano.\",\"breadcrumb\":{\"@id\":\"https:\\\/\\\/www.cuballama.com\\\/noticias\\\/emilio-frias-lanza-duras-criticas-a-los-abakuas-no-creo-en-ecobio-que-no-sea-buen-hombre\\\/#breadcrumb\"},\"inLanguage\":\"es\",\"potentialAction\":[{\"@type\":\"ReadAction\",\"target\":[\"https:\\\/\\\/www.cuballama.com\\\/noticias\\\/emilio-frias-lanza-duras-criticas-a-los-abakuas-no-creo-en-ecobio-que-no-sea-buen-hombre\\\/\"]}]},{\"@type\":\"ImageObject\",\"inLanguage\":\"es\",\"@id\":\"https:\\\/\\\/www.cuballama.com\\\/noticias\\\/emilio-frias-lanza-duras-criticas-a-los-abakuas-no-creo-en-ecobio-que-no-sea-buen-hombre\\\/#primaryimage\",\"url\":\"https:\\\/\\\/cdn1.mediawpaccore.net\\\/wp-content\\\/uploads\\\/2026\\\/01\\\/06103030\\\/610890357_1396921311807253_4681261763587400676_n1.jpg\",\"contentUrl\":\"https:\\\/\\\/cdn1.mediawpaccore.net\\\/wp-content\\\/uploads\\\/2026\\\/01\\\/06103030\\\/610890357_1396921311807253_4681261763587400676_n1.jpg\",\"width\":1200,\"height\":630,\"caption\":\"Emilio Fr\u00edas. Foto: Facebook\\\/El Ni\u00f1o y La Verdad.\"},{\"@type\":\"BreadcrumbList\",\"@id\":\"https:\\\/\\\/www.cuballama.com\\\/noticias\\\/emilio-frias-lanza-duras-criticas-a-los-abakuas-no-creo-en-ecobio-que-no-sea-buen-hombre\\\/#breadcrumb\",\"itemListElement\":[{\"@type\":\"ListItem\",\"position\":1,\"name\":\"Home\",\"item\":\"https:\\\/\\\/www.cuballama.com\\\/noticias\\\/\"},{\"@type\":\"ListItem\",\"position\":2,\"name\":\"Emilio Fr\u00edas lanza duras cr\u00edticas a los abaku\u00e1s: \u201cNo creo en ecobio\u201d que no sea \u201cbuen hombre\u201d\"}]},{\"@type\":\"WebSite\",\"@id\":\"https:\\\/\\\/www.cuballama.com\\\/noticias\\\/#website\",\"url\":\"https:\\\/\\\/www.cuballama.com\\\/noticias\\\/\",\"name\":\"Cuballama Noticias\",\"description\":\"Medio digital sobre Cuba y el mundo\",\"publisher\":{\"@id\":\"https:\\\/\\\/www.cuballama.com\\\/noticias\\\/#organization\"},\"potentialAction\":[{\"@type\":\"SearchAction\",\"target\":{\"@type\":\"EntryPoint\",\"urlTemplate\":\"https:\\\/\\\/www.cuballama.com\\\/noticias\\\/?s={search_term_string}\"},\"query-input\":{\"@type\":\"PropertyValueSpecification\",\"valueRequired\":true,\"valueName\":\"search_term_string\"}}],\"inLanguage\":\"es\"},{\"@type\":\"Organization\",\"@id\":\"https:\\\/\\\/www.cuballama.com\\\/noticias\\\/#organization\",\"name\":\"Cuballama\",\"url\":\"https:\\\/\\\/www.cuballama.com\\\/noticias\\\/\",\"logo\":{\"@type\":\"ImageObject\",\"inLanguage\":\"es\",\"@id\":\"https:\\\/\\\/www.cuballama.com\\\/noticias\\\/#\\\/schema\\\/logo\\\/image\\\/\",\"url\":\"https:\\\/\\\/cdn1.mediawpaccore.net\\\/wp-content\\\/uploads\\\/2021\\\/12\\\/28171206\\\/cbll-logo-color-sm.png\",\"contentUrl\":\"https:\\\/\\\/cdn1.mediawpaccore.net\\\/wp-content\\\/uploads\\\/2021\\\/12\\\/28171206\\\/cbll-logo-color-sm.png\",\"width\":600,\"height\":133,\"caption\":\"Cuballama\"},\"image\":{\"@id\":\"https:\\\/\\\/www.cuballama.com\\\/noticias\\\/#\\\/schema\\\/logo\\\/image\\\/\"},\"sameAs\":[\"https:\\\/\\\/www.facebook.com\\\/CubaLlama\",\"https:\\\/\\\/x.com\\\/cuballama\",\"https:\\\/\\\/www.instagram.com\\\/stories\\\/cuballama_oficial\\\/\",\"https:\\\/\\\/www.youtube.com\\\/channel\\\/UCKkFE-d_axENGZcrc4as0IA\"]},{\"@type\":\"Person\",\"@id\":\"https:\\\/\\\/www.cuballama.com\\\/noticias\\\/#\\\/schema\\\/person\\\/86cd3e3f4974437f031211213bf892d5\",\"name\":\"Kathy\",\"url\":\"https:\\\/\\\/www.cuballama.com\\\/noticias\\\/author\\\/kathy\\\/\"}]}<\/script>\n<!-- \/ Yoast SEO plugin. -->","yoast_head_json":{"title":"Emilio Fr\u00edas lanza duras cr\u00edticas a los abaku\u00e1s: \u201cNo creo en ecobio\u201d que no sea \u201cbuen hombre\u201d - Cuballama Noticias","description":"El cantante cubano Emilio Fr\u00edas habl\u00f3 sin tapujos sobre la religi\u00f3n Abaku\u00e1, una sociedad secreta masculina de origen africano.","robots":{"index":"index","follow":"follow","max-snippet":"max-snippet:-1","max-image-preview":"max-image-preview:large","max-video-preview":"max-video-preview:-1"},"canonical":"https:\/\/www.cuballama.com\/noticias\/emilio-frias-lanza-duras-criticas-a-los-abakuas-no-creo-en-ecobio-que-no-sea-buen-hombre\/","og_locale":"es_ES","og_type":"article","og_title":"Emilio Fr\u00edas lanza duras cr\u00edticas a los abaku\u00e1s: \u201cNo creo en ecobio\u201d que no sea \u201cbuen hombre\u201d - Cuballama Noticias","og_description":"El cantante cubano Emilio Fr\u00edas habl\u00f3 sin tapujos sobre la religi\u00f3n Abaku\u00e1, una sociedad secreta masculina de origen africano.","og_url":"https:\/\/www.cuballama.com\/noticias\/emilio-frias-lanza-duras-criticas-a-los-abakuas-no-creo-en-ecobio-que-no-sea-buen-hombre\/","og_site_name":"Cuballama Noticias","article_publisher":"https:\/\/www.facebook.com\/CubaLlama","article_published_time":"2026-01-06T15:53:21+00:00","article_modified_time":"2026-01-06T17:37:29+00:00","og_image":[{"width":1200,"height":630,"url":"https:\/\/cdn1.mediawpaccore.net\/wp-content\/uploads\/2026\/01\/06103030\/610890357_1396921311807253_4681261763587400676_n1.jpg","type":"image\/jpeg"}],"author":"Kathy","twitter_card":"summary_large_image","twitter_creator":"@cuballama","twitter_site":"@cuballama","twitter_misc":{"Escrito por":"Kathy","Tiempo de lectura":"3 minutos"},"schema":{"@context":"https:\/\/schema.org","@graph":[{"@type":"Article","@id":"https:\/\/www.cuballama.com\/noticias\/emilio-frias-lanza-duras-criticas-a-los-abakuas-no-creo-en-ecobio-que-no-sea-buen-hombre\/#article","isPartOf":{"@id":"https:\/\/www.cuballama.com\/noticias\/emilio-frias-lanza-duras-criticas-a-los-abakuas-no-creo-en-ecobio-que-no-sea-buen-hombre\/"},"author":{"name":"Kathy","@id":"https:\/\/www.cuballama.com\/noticias\/#\/schema\/person\/86cd3e3f4974437f031211213bf892d5"},"headline":"Emilio Fr\u00edas lanza duras cr\u00edticas a los abaku\u00e1s: \u201cNo creo en ecobio\u201d que no sea \u201cbuen hombre\u201d","datePublished":"2026-01-06T15:53:21+00:00","dateModified":"2026-01-06T17:37:29+00:00","mainEntityOfPage":{"@id":"https:\/\/www.cuballama.com\/noticias\/emilio-frias-lanza-duras-criticas-a-los-abakuas-no-creo-en-ecobio-que-no-sea-buen-hombre\/"},"wordCount":586,"commentCount":0,"publisher":{"@id":"https:\/\/www.cuballama.com\/noticias\/#organization"},"image":{"@id":"https:\/\/www.cuballama.com\/noticias\/emilio-frias-lanza-duras-criticas-a-los-abakuas-no-creo-en-ecobio-que-no-sea-buen-hombre\/#primaryimage"},"thumbnailUrl":"https:\/\/cdn1.mediawpaccore.net\/wp-content\/uploads\/2026\/01\/06103030\/610890357_1396921311807253_4681261763587400676_n1.jpg","keywords":["Abaku\u00e1","cantante cubano","cubanos en Miami","destacado","El Ni\u00f1o y la Verdad","Emilio Fr\u00edas","religi\u00f3n afrocubana"],"articleSection":["Far\u00e1ndula","Noticias"],"inLanguage":"es","potentialAction":[{"@type":"CommentAction","name":"Comment","target":["https:\/\/www.cuballama.com\/noticias\/emilio-frias-lanza-duras-criticas-a-los-abakuas-no-creo-en-ecobio-que-no-sea-buen-hombre\/#respond"]}]},{"@type":"WebPage","@id":"https:\/\/www.cuballama.com\/noticias\/emilio-frias-lanza-duras-criticas-a-los-abakuas-no-creo-en-ecobio-que-no-sea-buen-hombre\/","url":"https:\/\/www.cuballama.com\/noticias\/emilio-frias-lanza-duras-criticas-a-los-abakuas-no-creo-en-ecobio-que-no-sea-buen-hombre\/","name":"Emilio Fr\u00edas lanza duras cr\u00edticas a los abaku\u00e1s: \u201cNo creo en ecobio\u201d que no sea \u201cbuen hombre\u201d - Cuballama Noticias","isPartOf":{"@id":"https:\/\/www.cuballama.com\/noticias\/#website"},"primaryImageOfPage":{"@id":"https:\/\/www.cuballama.com\/noticias\/emilio-frias-lanza-duras-criticas-a-los-abakuas-no-creo-en-ecobio-que-no-sea-buen-hombre\/#primaryimage"},"image":{"@id":"https:\/\/www.cuballama.com\/noticias\/emilio-frias-lanza-duras-criticas-a-los-abakuas-no-creo-en-ecobio-que-no-sea-buen-hombre\/#primaryimage"},"thumbnailUrl":"https:\/\/cdn1.mediawpaccore.net\/wp-content\/uploads\/2026\/01\/06103030\/610890357_1396921311807253_4681261763587400676_n1.jpg","datePublished":"2026-01-06T15:53:21+00:00","dateModified":"2026-01-06T17:37:29+00:00","description":"El cantante cubano Emilio Fr\u00edas habl\u00f3 sin tapujos sobre la religi\u00f3n Abaku\u00e1, una sociedad secreta masculina de origen africano.","breadcrumb":{"@id":"https:\/\/www.cuballama.com\/noticias\/emilio-frias-lanza-duras-criticas-a-los-abakuas-no-creo-en-ecobio-que-no-sea-buen-hombre\/#breadcrumb"},"inLanguage":"es","potentialAction":[{"@type":"ReadAction","target":["https:\/\/www.cuballama.com\/noticias\/emilio-frias-lanza-duras-criticas-a-los-abakuas-no-creo-en-ecobio-que-no-sea-buen-hombre\/"]}]},{"@type":"ImageObject","inLanguage":"es","@id":"https:\/\/www.cuballama.com\/noticias\/emilio-frias-lanza-duras-criticas-a-los-abakuas-no-creo-en-ecobio-que-no-sea-buen-hombre\/#primaryimage","url":"https:\/\/cdn1.mediawpaccore.net\/wp-content\/uploads\/2026\/01\/06103030\/610890357_1396921311807253_4681261763587400676_n1.jpg","contentUrl":"https:\/\/cdn1.mediawpaccore.net\/wp-content\/uploads\/2026\/01\/06103030\/610890357_1396921311807253_4681261763587400676_n1.jpg","width":1200,"height":630,"caption":"Emilio Fr\u00edas. Foto: Facebook\/El Ni\u00f1o y La Verdad."},{"@type":"BreadcrumbList","@id":"https:\/\/www.cuballama.com\/noticias\/emilio-frias-lanza-duras-criticas-a-los-abakuas-no-creo-en-ecobio-que-no-sea-buen-hombre\/#breadcrumb","itemListElement":[{"@type":"ListItem","position":1,"name":"Home","item":"https:\/\/www.cuballama.com\/noticias\/"},{"@type":"ListItem","position":2,"name":"Emilio Fr\u00edas lanza duras cr\u00edticas a los abaku\u00e1s: \u201cNo creo en ecobio\u201d que no sea \u201cbuen hombre\u201d"}]},{"@type":"WebSite","@id":"https:\/\/www.cuballama.com\/noticias\/#website","url":"https:\/\/www.cuballama.com\/noticias\/","name":"Cuballama Noticias","description":"Medio digital sobre Cuba y el mundo","publisher":{"@id":"https:\/\/www.cuballama.com\/noticias\/#organization"},"potentialAction":[{"@type":"SearchAction","target":{"@type":"EntryPoint","urlTemplate":"https:\/\/www.cuballama.com\/noticias\/?s={search_term_string}"},"query-input":{"@type":"PropertyValueSpecification","valueRequired":true,"valueName":"search_term_string"}}],"inLanguage":"es"},{"@type":"Organization","@id":"https:\/\/www.cuballama.com\/noticias\/#organization","name":"Cuballama","url":"https:\/\/www.cuballama.com\/noticias\/","logo":{"@type":"ImageObject","inLanguage":"es","@id":"https:\/\/www.cuballama.com\/noticias\/#\/schema\/logo\/image\/","url":"https:\/\/cdn1.mediawpaccore.net\/wp-content\/uploads\/2021\/12\/28171206\/cbll-logo-color-sm.png","contentUrl":"https:\/\/cdn1.mediawpaccore.net\/wp-content\/uploads\/2021\/12\/28171206\/cbll-logo-color-sm.png","width":600,"height":133,"caption":"Cuballama"},"image":{"@id":"https:\/\/www.cuballama.com\/noticias\/#\/schema\/logo\/image\/"},"sameAs":["https:\/\/www.facebook.com\/CubaLlama","https:\/\/x.com\/cuballama","https:\/\/www.instagram.com\/stories\/cuballama_oficial\/","https:\/\/www.youtube.com\/channel\/UCKkFE-d_axENGZcrc4as0IA"]},{"@type":"Person","@id":"https:\/\/www.cuballama.com\/noticias\/#\/schema\/person\/86cd3e3f4974437f031211213bf892d5","name":"Kathy","url":"https:\/\/www.cuballama.com\/noticias\/author\/kathy\/"}]}},"_links":{"self":[{"href":"https:\/\/www.cuballama.com\/noticias\/wp-json\/wp\/v2\/posts\/231070","targetHints":{"allow":["GET"]}}],"collection":[{"href":"https:\/\/www.cuballama.com\/noticias\/wp-json\/wp\/v2\/posts"}],"about":[{"href":"https:\/\/www.cuballama.com\/noticias\/wp-json\/wp\/v2\/types\/post"}],"author":[{"embeddable":true,"href":"https:\/\/www.cuballama.com\/noticias\/wp-json\/wp\/v2\/users\/30"}],"replies":[{"embeddable":true,"href":"https:\/\/www.cuballama.com\/noticias\/wp-json\/wp\/v2\/comments?post=231070"}],"version-history":[{"count":9,"href":"https:\/\/www.cuballama.com\/noticias\/wp-json\/wp\/v2\/posts\/231070\/revisions"}],"predecessor-version":[{"id":231089,"href":"https:\/\/www.cuballama.com\/noticias\/wp-json\/wp\/v2\/posts\/231070\/revisions\/231089"}],"wp:featuredmedia":[{"embeddable":true,"href":"https:\/\/www.cuballama.com\/noticias\/wp-json\/wp\/v2\/media\/231072"}],"wp:attachment":[{"href":"https:\/\/www.cuballama.com\/noticias\/wp-json\/wp\/v2\/media?parent=231070"}],"wp:term":[{"taxonomy":"category","embeddable":true,"href":"https:\/\/www.cuballama.com\/noticias\/wp-json\/wp\/v2\/categories?post=231070"},{"taxonomy":"post_tag","embeddable":true,"href":"https:\/\/www.cuballama.com\/noticias\/wp-json\/wp\/v2\/tags?post=231070"}],"curies":[{"name":"wp","href":"https:\/\/api.w.org\/{rel}","templated":true}]}}