{"id":231058,"date":"2026-01-06T11:33:37","date_gmt":"2026-01-06T16:33:37","guid":{"rendered":"https:\/\/www.cuballama.com\/noticias\/?p=231058"},"modified":"2026-01-06T11:33:39","modified_gmt":"2026-01-06T16:33:39","slug":"otra-celebridad-anuncia-que-tiene-dano-cerebral-evangeline-lilly","status":"publish","type":"post","link":"https:\/\/www.cuballama.com\/noticias\/otra-celebridad-anuncia-que-tiene-dano-cerebral-evangeline-lilly\/","title":{"rendered":"Otra celebridad anuncia que tiene da\u00f1o cerebral: Evangeline Lilly"},"content":{"rendered":"\n<p>La actriz <strong>Evangeline Lilly<\/strong> sorprendi\u00f3 esta semana al revelar que padece da\u00f1o cerebral como consecuencia de una lesi\u00f3n sufrida tras un accidente. El anuncio, hecho de manera directa y personal, se suma a una lista cada vez m\u00e1s visible de figuras p\u00fablicas que han decidido hablar abiertamente de diagn\u00f3sticos neurol\u00f3gicos, rompiendo un silencio que durante d\u00e9cadas estuvo marcado por el pudor, el miedo a la estigmatizaci\u00f3n o el c\u00e1lculo profesional. Antes que ella, <strong>Bruce Willis<\/strong> hizo p\u00fablica su enfermedad \u2014primero la afasia, luego la demencia frontotemporal\u2014, abriendo un debate global sobre el costo f\u00edsico y emocional que acompa\u00f1a a la fama y al paso del tiempo. <\/p>\n\n\n\n<p>En el caso de Lilly, el impacto del anuncio tiene una resonancia particular porque su rostro est\u00e1 asociado a uno de los grandes puntos de inflexi\u00f3n de la televisi\u00f3n moderna. <strong>Lost<\/strong> no solo la lanz\u00f3 al estrellato: redefini\u00f3 lo que una serie pod\u00eda ser, c\u00f3mo se ve\u00eda, c\u00f3mo se discut\u00eda y c\u00f3mo se consum\u00eda en todo el mundo. Antes de eso, su historia personal estaba muy lejos del brillo de Hollywood.<\/p>\n\n\n\n<p>Cuando fue llamada para el casting de <em>Lost<\/em>, Evangeline Lilly ten\u00eda poco dinero, una vida inestable y un auto viejo con el que \u2014seg\u00fan ha contado en entrevistas\u2014 lleg\u00f3 a la audici\u00f3n. No era una actriz consolidada ni una promesa con respaldo de estudios. Era, en el sentido m\u00e1s literal, alguien intentando sobrevivir. El papel de Kate Austen cambi\u00f3 todo. No solo le dio estabilidad econ\u00f3mica y visibilidad internacional, sino que la coloc\u00f3 en el centro de una serie que iba a marcar \u00e9poca.<\/p>\n\n\n\n<blockquote class=\"instagram-media\" data-instgrm-captioned data-instgrm-permalink=\"https:\/\/www.instagram.com\/p\/DQGChkMAJQp\/?utm_source=ig_embed&amp;utm_campaign=loading\" data-instgrm-version=\"14\" style=\" background:#FFF; border:0; border-radius:3px; box-shadow:0 0 1px 0 rgba(0,0,0,0.5),0 1px 10px 0 rgba(0,0,0,0.15); margin: 1px; max-width:540px; min-width:326px; padding:0; width:99.375%; width:-webkit-calc(100% - 2px); width:calc(100% - 2px);\"><div style=\"padding:16px;\"> <a href=\"https:\/\/www.instagram.com\/p\/DQGChkMAJQp\/?utm_source=ig_embed&amp;utm_campaign=loading\" style=\" background:#FFFFFF; line-height:0; padding:0 0; text-align:center; text-decoration:none; width:100%;\" target=\"_blank\"> <div style=\" display: flex; flex-direction: row; align-items: center;\"> <div style=\"background-color: #F4F4F4; border-radius: 50%; flex-grow: 0; height: 40px; margin-right: 14px; width: 40px;\"><\/div> <div style=\"display: flex; flex-direction: column; flex-grow: 1; justify-content: center;\"> <div style=\" background-color: #F4F4F4; border-radius: 4px; flex-grow: 0; height: 14px; margin-bottom: 6px; width: 100px;\"><\/div> <div style=\" background-color: #F4F4F4; border-radius: 4px; flex-grow: 0; height: 14px; width: 60px;\"><\/div><\/div><\/div><div style=\"padding: 19% 0;\"><\/div> <div style=\"display:block; height:50px; margin:0 auto 12px; width:50px;\"><svg width=\"50px\" height=\"50px\" viewBox=\"0 0 60 60\" version=\"1.1\" xmlns=\"https:\/\/www.w3.org\/2000\/svg\" xmlns:xlink=\"https:\/\/www.w3.org\/1999\/xlink\"><g stroke=\"none\" stroke-width=\"1\" fill=\"none\" fill-rule=\"evenodd\"><g transform=\"translate(-511.000000, -20.000000)\" fill=\"#000000\"><g><path d=\"M556.869,30.41 C554.814,30.41 553.148,32.076 553.148,34.131 C553.148,36.186 554.814,37.852 556.869,37.852 C558.924,37.852 560.59,36.186 560.59,34.131 C560.59,32.076 558.924,30.41 556.869,30.41 M541,60.657 C535.114,60.657 530.342,55.887 530.342,50 C530.342,44.114 535.114,39.342 541,39.342 C546.887,39.342 551.658,44.114 551.658,50 C551.658,55.887 546.887,60.657 541,60.657 M541,33.886 C532.1,33.886 524.886,41.1 524.886,50 C524.886,58.899 532.1,66.113 541,66.113 C549.9,66.113 557.115,58.899 557.115,50 C557.115,41.1 549.9,33.886 541,33.886 M565.378,62.101 C565.244,65.022 564.756,66.606 564.346,67.663 C563.803,69.06 563.154,70.057 562.106,71.106 C561.058,72.155 560.06,72.803 558.662,73.347 C557.607,73.757 556.021,74.244 553.102,74.378 C549.944,74.521 548.997,74.552 541,74.552 C533.003,74.552 532.056,74.521 528.898,74.378 C525.979,74.244 524.393,73.757 523.338,73.347 C521.94,72.803 520.942,72.155 519.894,71.106 C518.846,70.057 518.197,69.06 517.654,67.663 C517.244,66.606 516.755,65.022 516.623,62.101 C516.479,58.943 516.448,57.996 516.448,50 C516.448,42.003 516.479,41.056 516.623,37.899 C516.755,34.978 517.244,33.391 517.654,32.338 C518.197,30.938 518.846,29.942 519.894,28.894 C520.942,27.846 521.94,27.196 523.338,26.654 C524.393,26.244 525.979,25.756 528.898,25.623 C532.057,25.479 533.004,25.448 541,25.448 C548.997,25.448 549.943,25.479 553.102,25.623 C556.021,25.756 557.607,26.244 558.662,26.654 C560.06,27.196 561.058,27.846 562.106,28.894 C563.154,29.942 563.803,30.938 564.346,32.338 C564.756,33.391 565.244,34.978 565.378,37.899 C565.522,41.056 565.552,42.003 565.552,50 C565.552,57.996 565.522,58.943 565.378,62.101 M570.82,37.631 C570.674,34.438 570.167,32.258 569.425,30.349 C568.659,28.377 567.633,26.702 565.965,25.035 C564.297,23.368 562.623,22.342 560.652,21.575 C558.743,20.834 556.562,20.326 553.369,20.18 C550.169,20.033 549.148,20 541,20 C532.853,20 531.831,20.033 528.631,20.18 C525.438,20.326 523.257,20.834 521.349,21.575 C519.376,22.342 517.703,23.368 516.035,25.035 C514.368,26.702 513.342,28.377 512.574,30.349 C511.834,32.258 511.326,34.438 511.181,37.631 C511.035,40.831 511,41.851 511,50 C511,58.147 511.035,59.17 511.181,62.369 C511.326,65.562 511.834,67.743 512.574,69.651 C513.342,71.625 514.368,73.296 516.035,74.965 C517.703,76.634 519.376,77.658 521.349,78.425 C523.257,79.167 525.438,79.673 528.631,79.82 C531.831,79.965 532.853,80.001 541,80.001 C549.148,80.001 550.169,79.965 553.369,79.82 C556.562,79.673 558.743,79.167 560.652,78.425 C562.623,77.658 564.297,76.634 565.965,74.965 C567.633,73.296 568.659,71.625 569.425,69.651 C570.167,67.743 570.674,65.562 570.82,62.369 C570.966,59.17 571,58.147 571,50 C571,41.851 570.966,40.831 570.82,37.631\"><\/path><\/g><\/g><\/g><\/svg><\/div><div style=\"padding-top: 8px;\"> <div style=\" color:#3897f0; font-family:Arial,sans-serif; font-size:14px; font-style:normal; font-weight:550; line-height:18px;\">View this post on Instagram<\/div><\/div><div style=\"padding: 12.5% 0;\"><\/div> <div style=\"display: flex; flex-direction: row; margin-bottom: 14px; align-items: center;\"><div> <div style=\"background-color: #F4F4F4; border-radius: 50%; height: 12.5px; width: 12.5px; transform: translateX(0px) translateY(7px);\"><\/div> <div style=\"background-color: #F4F4F4; height: 12.5px; transform: rotate(-45deg) translateX(3px) translateY(1px); width: 12.5px; flex-grow: 0; margin-right: 14px; margin-left: 2px;\"><\/div> <div style=\"background-color: #F4F4F4; border-radius: 50%; height: 12.5px; width: 12.5px; transform: translateX(9px) translateY(-18px);\"><\/div><\/div><div style=\"margin-left: 8px;\"> <div style=\" background-color: #F4F4F4; border-radius: 50%; flex-grow: 0; height: 20px; width: 20px;\"><\/div> <div style=\" width: 0; height: 0; border-top: 2px solid transparent; border-left: 6px solid #f4f4f4; border-bottom: 2px solid transparent; transform: translateX(16px) translateY(-4px) rotate(30deg)\"><\/div><\/div><div style=\"margin-left: auto;\"> <div style=\" width: 0px; border-top: 8px solid #F4F4F4; border-right: 8px solid transparent; transform: translateY(16px);\"><\/div> <div style=\" background-color: #F4F4F4; flex-grow: 0; height: 12px; width: 16px; transform: translateY(-4px);\"><\/div> <div style=\" width: 0; height: 0; border-top: 8px solid #F4F4F4; border-left: 8px solid transparent; transform: translateY(-4px) translateX(8px);\"><\/div><\/div><\/div> <div style=\"display: flex; flex-direction: column; flex-grow: 1; justify-content: center; margin-bottom: 24px;\"> <div style=\" background-color: #F4F4F4; border-radius: 4px; flex-grow: 0; height: 14px; margin-bottom: 6px; width: 224px;\"><\/div> <div style=\" background-color: #F4F4F4; border-radius: 4px; flex-grow: 0; height: 14px; width: 144px;\"><\/div><\/div><\/a><p style=\" color:#c9c8cd; font-family:Arial,sans-serif; font-size:14px; line-height:17px; margin-bottom:0; margin-top:8px; overflow:hidden; padding:8px 0 7px; text-align:center; text-overflow:ellipsis; white-space:nowrap;\"><a href=\"https:\/\/www.instagram.com\/p\/DQGChkMAJQp\/?utm_source=ig_embed&amp;utm_campaign=loading\" style=\" color:#c9c8cd; font-family:Arial,sans-serif; font-size:14px; font-style:normal; font-weight:normal; line-height:17px; text-decoration:none;\" target=\"_blank\">A post shared by Evangeline Lilly (@evangelinelillyofficial)<\/a><\/p><\/div><\/blockquote>\n<script async src=\"\/\/www.instagram.com\/embed.js\"><\/script>\n\n\n\n<p><em>Lost<\/em> se estren\u00f3 en 2004 y r\u00e1pidamente se convirti\u00f3 en un fen\u00f3meno cultural. Su mezcla de aventura, misterio, ciencia ficci\u00f3n y drama psicol\u00f3gico rompi\u00f3 con las f\u00f3rmulas tradicionales de la televisi\u00f3n abierta. Introdujo narrativas fragmentadas, saltos temporales, episodios centrados en personajes y una conversaci\u00f3n constante entre espectadores, foros y teor\u00edas. Antes de <em>Lost<\/em>, la televisi\u00f3n era todav\u00eda, en gran medida, un consumo pasivo. Despu\u00e9s de <em>Lost<\/em>, mirar una serie se volvi\u00f3 una experiencia colectiva, casi detectivesca. La llamada \u201cedad dorada\u201d de la televisi\u00f3n no se entiende sin ese punto de inflexi\u00f3n.<\/p>\n\n\n\n<p>Para Lilly, ese \u00e9xito fue una bendici\u00f3n y una carga. Kate Austen se convirti\u00f3 en uno de los personajes femeninos m\u00e1s reconocibles de la d\u00e9cada, pero tambi\u00e9n en una etiqueta dif\u00edcil de despegar. Tras el final de la serie en 2010, la actriz altern\u00f3 proyectos de alto perfil \u2014como la trilog\u00eda de <em>El Hobbit<\/em> y su participaci\u00f3n en el universo Marvel\u2014 con largos per\u00edodos de distancia voluntaria del foco medi\u00e1tico. En varias ocasiones habl\u00f3 de su incomodidad con ciertos mecanismos de la industria, de su necesidad de proteger su vida privada y de su deseo de no quedar atrapada en una maquinaria que consume a quienes no ponen l\u00edmites.<\/p>\n\n\n\n<p>El anuncio reciente sobre su da\u00f1o cerebral a\u00f1ade una capa inesperada a esa trayectoria. Lilly explic\u00f3 que los estudios m\u00e9dicos mostraron una disminuci\u00f3n en la capacidad de funcionamiento de varias \u00e1reas de su cerebro, consecuencia de una lesi\u00f3n traum\u00e1tica tras golpearse la cabeza. No habl\u00f3 desde el dramatismo ni desde la victimizaci\u00f3n, sino desde una franqueza casi cl\u00ednica, reconociendo la incertidumbre y los desaf\u00edos que implica convivir con ese diagn\u00f3stico.<\/p>\n\n\n\n<p>Que una figura asociada a una generaci\u00f3n entera de espectadores haga p\u00fablica una condici\u00f3n neurol\u00f3gica tiene un efecto que va m\u00e1s all\u00e1 del titular. Pone rostro a enfermedades que suelen ser invisibles, cuestiona la idea de que el \u00e9xito inmuniza contra la fragilidad y recuerda que el cuerpo \u2014incluido el cerebro\u2014 no distingue entre celebridades y personas an\u00f3nimas. En ese sentido, el paralelismo con Bruce Willis no es casual: ambos anuncios obligan a mirar de frente una realidad que Hollywood ha preferido esconder durante a\u00f1os.<\/p>\n\n\n\n<p><\/p>\n\n\n\n<p><\/p>\n\n\n\n<p><\/p>\n","protected":false},"excerpt":{"rendered":"<p>En tiempos donde la fama suele confundirse con invulnerabilidad, el testimonio de Evangeline Lilly funciona como una pausa inc\u00f3moda pero necesaria. Un recordatorio de que, incluso despu\u00e9s de cambiar la historia de la televisi\u00f3n, el cuerpo sigue siendo un territorio fr\u00e1gil. Y de que contar esa fragilidad, en voz alta, tambi\u00e9n es una forma de responsabilidad p\u00fablica<\/p>\n","protected":false},"author":13,"featured_media":231062,"comment_status":"open","ping_status":"closed","sticky":false,"template":"","format":"standard","meta":{"_acf_changed":false,"footnotes":""},"categories":[443],"tags":[9548,1568,29889,29891,29892,29890,409,62],"class_list":{"0":"post-231058","1":"post","2":"type-post","3":"status-publish","4":"format-standard","5":"has-post-thumbnail","7":"category-farandula","8":"tag-bruce-willis","9":"tag-celebridades","10":"tag-dano-cerebral","11":"tag-evangeline-lilly","12":"tag-lesiones-cerebrales","13":"tag-lost","14":"tag-salud","15":"tag-television"},"acf":[],"yoast_head":"<!-- This site is optimized with the Yoast SEO plugin v27.4 - https:\/\/yoast.com\/product\/yoast-seo-wordpress\/ -->\n<title>Otra celebridad anuncia que tiene da\u00f1o cerebral: Evangeline Lilly - Cuballama Noticias<\/title>\n<meta name=\"description\" content=\"Evangeline Lilly revela que padece da\u00f1o cerebral tras un accidente; su historia personal y el impacto de Lost vuelven al centro del debate.\" \/>\n<meta name=\"robots\" content=\"index, follow, max-snippet:-1, max-image-preview:large, max-video-preview:-1\" \/>\n<link rel=\"canonical\" href=\"https:\/\/www.cuballama.com\/noticias\/otra-celebridad-anuncia-que-tiene-dano-cerebral-evangeline-lilly\/\" \/>\n<meta property=\"og:locale\" content=\"es_ES\" \/>\n<meta property=\"og:type\" content=\"article\" \/>\n<meta property=\"og:title\" content=\"Otra celebridad anuncia que tiene da\u00f1o cerebral: Evangeline Lilly - Cuballama Noticias\" \/>\n<meta property=\"og:description\" content=\"Evangeline Lilly revela que padece da\u00f1o cerebral tras un accidente; su historia personal y el impacto de Lost vuelven al centro del debate.\" \/>\n<meta property=\"og:url\" content=\"https:\/\/www.cuballama.com\/noticias\/otra-celebridad-anuncia-que-tiene-dano-cerebral-evangeline-lilly\/\" \/>\n<meta property=\"og:site_name\" content=\"Cuballama Noticias\" \/>\n<meta property=\"article:publisher\" content=\"https:\/\/www.facebook.com\/CubaLlama\" \/>\n<meta property=\"article:published_time\" content=\"2026-01-06T16:33:37+00:00\" \/>\n<meta property=\"article:modified_time\" content=\"2026-01-06T16:33:39+00:00\" \/>\n<meta property=\"og:image\" content=\"https:\/\/cdn1.mediawpaccore.net\/wp-content\/uploads\/2026\/01\/06091539\/image-23.png\" \/>\n\t<meta property=\"og:image:width\" content=\"1578\" \/>\n\t<meta property=\"og:image:height\" content=\"846\" \/>\n\t<meta property=\"og:image:type\" content=\"image\/png\" \/>\n<meta name=\"author\" content=\"Roberto A.\" \/>\n<meta name=\"twitter:card\" content=\"summary_large_image\" \/>\n<meta name=\"twitter:creator\" content=\"@cuballama\" \/>\n<meta name=\"twitter:site\" content=\"@cuballama\" \/>\n<meta name=\"twitter:label1\" content=\"Escrito por\" \/>\n\t<meta name=\"twitter:data1\" content=\"Roberto A.\" \/>\n\t<meta name=\"twitter:label2\" content=\"Tiempo de lectura\" \/>\n\t<meta name=\"twitter:data2\" content=\"4 minutos\" \/>\n<script type=\"application\/ld+json\" class=\"yoast-schema-graph\">{\"@context\":\"https:\\\/\\\/schema.org\",\"@graph\":[{\"@type\":\"Article\",\"@id\":\"https:\\\/\\\/www.cuballama.com\\\/noticias\\\/otra-celebridad-anuncia-que-tiene-dano-cerebral-evangeline-lilly\\\/#article\",\"isPartOf\":{\"@id\":\"https:\\\/\\\/www.cuballama.com\\\/noticias\\\/otra-celebridad-anuncia-que-tiene-dano-cerebral-evangeline-lilly\\\/\"},\"author\":{\"name\":\"Roberto A.\",\"@id\":\"https:\\\/\\\/www.cuballama.com\\\/noticias\\\/#\\\/schema\\\/person\\\/a58502ed4146c8e9f83872e897c76cd2\"},\"headline\":\"Otra celebridad anuncia que tiene da\u00f1o cerebral: Evangeline Lilly\",\"datePublished\":\"2026-01-06T16:33:37+00:00\",\"dateModified\":\"2026-01-06T16:33:39+00:00\",\"mainEntityOfPage\":{\"@id\":\"https:\\\/\\\/www.cuballama.com\\\/noticias\\\/otra-celebridad-anuncia-que-tiene-dano-cerebral-evangeline-lilly\\\/\"},\"wordCount\":702,\"commentCount\":0,\"publisher\":{\"@id\":\"https:\\\/\\\/www.cuballama.com\\\/noticias\\\/#organization\"},\"image\":{\"@id\":\"https:\\\/\\\/www.cuballama.com\\\/noticias\\\/otra-celebridad-anuncia-que-tiene-dano-cerebral-evangeline-lilly\\\/#primaryimage\"},\"thumbnailUrl\":\"https:\\\/\\\/cdn1.mediawpaccore.net\\\/wp-content\\\/uploads\\\/2026\\\/01\\\/06091539\\\/image-23.png\",\"keywords\":[\"Bruce Willis\",\"celebridades\",\"da\u00f1o cerebral\",\"Evangeline Lilly\",\"lesiones cerebrales\",\"Lost\",\"Salud\",\"televisi\u00f3n\"],\"articleSection\":[\"Far\u00e1ndula\"],\"inLanguage\":\"es\",\"potentialAction\":[{\"@type\":\"CommentAction\",\"name\":\"Comment\",\"target\":[\"https:\\\/\\\/www.cuballama.com\\\/noticias\\\/otra-celebridad-anuncia-que-tiene-dano-cerebral-evangeline-lilly\\\/#respond\"]}]},{\"@type\":\"WebPage\",\"@id\":\"https:\\\/\\\/www.cuballama.com\\\/noticias\\\/otra-celebridad-anuncia-que-tiene-dano-cerebral-evangeline-lilly\\\/\",\"url\":\"https:\\\/\\\/www.cuballama.com\\\/noticias\\\/otra-celebridad-anuncia-que-tiene-dano-cerebral-evangeline-lilly\\\/\",\"name\":\"Otra celebridad anuncia que tiene da\u00f1o cerebral: Evangeline Lilly - Cuballama Noticias\",\"isPartOf\":{\"@id\":\"https:\\\/\\\/www.cuballama.com\\\/noticias\\\/#website\"},\"primaryImageOfPage\":{\"@id\":\"https:\\\/\\\/www.cuballama.com\\\/noticias\\\/otra-celebridad-anuncia-que-tiene-dano-cerebral-evangeline-lilly\\\/#primaryimage\"},\"image\":{\"@id\":\"https:\\\/\\\/www.cuballama.com\\\/noticias\\\/otra-celebridad-anuncia-que-tiene-dano-cerebral-evangeline-lilly\\\/#primaryimage\"},\"thumbnailUrl\":\"https:\\\/\\\/cdn1.mediawpaccore.net\\\/wp-content\\\/uploads\\\/2026\\\/01\\\/06091539\\\/image-23.png\",\"datePublished\":\"2026-01-06T16:33:37+00:00\",\"dateModified\":\"2026-01-06T16:33:39+00:00\",\"description\":\"Evangeline Lilly revela que padece da\u00f1o cerebral tras un accidente; su historia personal y el impacto de Lost vuelven al centro del debate.\",\"breadcrumb\":{\"@id\":\"https:\\\/\\\/www.cuballama.com\\\/noticias\\\/otra-celebridad-anuncia-que-tiene-dano-cerebral-evangeline-lilly\\\/#breadcrumb\"},\"inLanguage\":\"es\",\"potentialAction\":[{\"@type\":\"ReadAction\",\"target\":[\"https:\\\/\\\/www.cuballama.com\\\/noticias\\\/otra-celebridad-anuncia-que-tiene-dano-cerebral-evangeline-lilly\\\/\"]}]},{\"@type\":\"ImageObject\",\"inLanguage\":\"es\",\"@id\":\"https:\\\/\\\/www.cuballama.com\\\/noticias\\\/otra-celebridad-anuncia-que-tiene-dano-cerebral-evangeline-lilly\\\/#primaryimage\",\"url\":\"https:\\\/\\\/cdn1.mediawpaccore.net\\\/wp-content\\\/uploads\\\/2026\\\/01\\\/06091539\\\/image-23.png\",\"contentUrl\":\"https:\\\/\\\/cdn1.mediawpaccore.net\\\/wp-content\\\/uploads\\\/2026\\\/01\\\/06091539\\\/image-23.png\",\"width\":1578,\"height\":846,\"caption\":\"Foto v\u00eda Wikimedia Commons. Autor de la foto: Gage Skidmore Fuente https:\\\/\\\/www.flickr.com\\\/photos\\\/gageskidmore\\\/14798780542\"},{\"@type\":\"BreadcrumbList\",\"@id\":\"https:\\\/\\\/www.cuballama.com\\\/noticias\\\/otra-celebridad-anuncia-que-tiene-dano-cerebral-evangeline-lilly\\\/#breadcrumb\",\"itemListElement\":[{\"@type\":\"ListItem\",\"position\":1,\"name\":\"Home\",\"item\":\"https:\\\/\\\/www.cuballama.com\\\/noticias\\\/\"},{\"@type\":\"ListItem\",\"position\":2,\"name\":\"Otra celebridad anuncia que tiene da\u00f1o cerebral: Evangeline Lilly\"}]},{\"@type\":\"WebSite\",\"@id\":\"https:\\\/\\\/www.cuballama.com\\\/noticias\\\/#website\",\"url\":\"https:\\\/\\\/www.cuballama.com\\\/noticias\\\/\",\"name\":\"Cuballama Noticias\",\"description\":\"Medio digital sobre Cuba y el mundo\",\"publisher\":{\"@id\":\"https:\\\/\\\/www.cuballama.com\\\/noticias\\\/#organization\"},\"potentialAction\":[{\"@type\":\"SearchAction\",\"target\":{\"@type\":\"EntryPoint\",\"urlTemplate\":\"https:\\\/\\\/www.cuballama.com\\\/noticias\\\/?s={search_term_string}\"},\"query-input\":{\"@type\":\"PropertyValueSpecification\",\"valueRequired\":true,\"valueName\":\"search_term_string\"}}],\"inLanguage\":\"es\"},{\"@type\":\"Organization\",\"@id\":\"https:\\\/\\\/www.cuballama.com\\\/noticias\\\/#organization\",\"name\":\"Cuballama\",\"url\":\"https:\\\/\\\/www.cuballama.com\\\/noticias\\\/\",\"logo\":{\"@type\":\"ImageObject\",\"inLanguage\":\"es\",\"@id\":\"https:\\\/\\\/www.cuballama.com\\\/noticias\\\/#\\\/schema\\\/logo\\\/image\\\/\",\"url\":\"https:\\\/\\\/cdn1.mediawpaccore.net\\\/wp-content\\\/uploads\\\/2021\\\/12\\\/28171206\\\/cbll-logo-color-sm.png\",\"contentUrl\":\"https:\\\/\\\/cdn1.mediawpaccore.net\\\/wp-content\\\/uploads\\\/2021\\\/12\\\/28171206\\\/cbll-logo-color-sm.png\",\"width\":600,\"height\":133,\"caption\":\"Cuballama\"},\"image\":{\"@id\":\"https:\\\/\\\/www.cuballama.com\\\/noticias\\\/#\\\/schema\\\/logo\\\/image\\\/\"},\"sameAs\":[\"https:\\\/\\\/www.facebook.com\\\/CubaLlama\",\"https:\\\/\\\/x.com\\\/cuballama\",\"https:\\\/\\\/www.instagram.com\\\/stories\\\/cuballama_oficial\\\/\",\"https:\\\/\\\/www.youtube.com\\\/channel\\\/UCKkFE-d_axENGZcrc4as0IA\"]},{\"@type\":\"Person\",\"@id\":\"https:\\\/\\\/www.cuballama.com\\\/noticias\\\/#\\\/schema\\\/person\\\/a58502ed4146c8e9f83872e897c76cd2\",\"name\":\"Roberto A.\",\"description\":\"Roberto A. Periodista por decisi\u00f3n propia. Interesado en cualquier tema que me apasione y cada vez m\u00e1s comprometido con la verdad y la objetividad period\u00edstica. Graduado en La Habana hace ya muchos a\u00f1os, luego de una accidentada y polvorienta b\u00fasqueda de informaci\u00f3n sobre un tema in\u00e9dito. La Tesis, por cierto, desapareci\u00f3 de la biblioteca y no se conservan copias de la misma.\",\"url\":\"https:\\\/\\\/www.cuballama.com\\\/noticias\\\/author\\\/roberto\\\/\"}]}<\/script>\n<!-- \/ Yoast SEO plugin. -->","yoast_head_json":{"title":"Otra celebridad anuncia que tiene da\u00f1o cerebral: Evangeline Lilly - Cuballama Noticias","description":"Evangeline Lilly revela que padece da\u00f1o cerebral tras un accidente; su historia personal y el impacto de Lost vuelven al centro del debate.","robots":{"index":"index","follow":"follow","max-snippet":"max-snippet:-1","max-image-preview":"max-image-preview:large","max-video-preview":"max-video-preview:-1"},"canonical":"https:\/\/www.cuballama.com\/noticias\/otra-celebridad-anuncia-que-tiene-dano-cerebral-evangeline-lilly\/","og_locale":"es_ES","og_type":"article","og_title":"Otra celebridad anuncia que tiene da\u00f1o cerebral: Evangeline Lilly - Cuballama Noticias","og_description":"Evangeline Lilly revela que padece da\u00f1o cerebral tras un accidente; su historia personal y el impacto de Lost vuelven al centro del debate.","og_url":"https:\/\/www.cuballama.com\/noticias\/otra-celebridad-anuncia-que-tiene-dano-cerebral-evangeline-lilly\/","og_site_name":"Cuballama Noticias","article_publisher":"https:\/\/www.facebook.com\/CubaLlama","article_published_time":"2026-01-06T16:33:37+00:00","article_modified_time":"2026-01-06T16:33:39+00:00","og_image":[{"width":1578,"height":846,"url":"https:\/\/cdn1.mediawpaccore.net\/wp-content\/uploads\/2026\/01\/06091539\/image-23.png","type":"image\/png"}],"author":"Roberto A.","twitter_card":"summary_large_image","twitter_creator":"@cuballama","twitter_site":"@cuballama","twitter_misc":{"Escrito por":"Roberto A.","Tiempo de lectura":"4 minutos"},"schema":{"@context":"https:\/\/schema.org","@graph":[{"@type":"Article","@id":"https:\/\/www.cuballama.com\/noticias\/otra-celebridad-anuncia-que-tiene-dano-cerebral-evangeline-lilly\/#article","isPartOf":{"@id":"https:\/\/www.cuballama.com\/noticias\/otra-celebridad-anuncia-que-tiene-dano-cerebral-evangeline-lilly\/"},"author":{"name":"Roberto A.","@id":"https:\/\/www.cuballama.com\/noticias\/#\/schema\/person\/a58502ed4146c8e9f83872e897c76cd2"},"headline":"Otra celebridad anuncia que tiene da\u00f1o cerebral: Evangeline Lilly","datePublished":"2026-01-06T16:33:37+00:00","dateModified":"2026-01-06T16:33:39+00:00","mainEntityOfPage":{"@id":"https:\/\/www.cuballama.com\/noticias\/otra-celebridad-anuncia-que-tiene-dano-cerebral-evangeline-lilly\/"},"wordCount":702,"commentCount":0,"publisher":{"@id":"https:\/\/www.cuballama.com\/noticias\/#organization"},"image":{"@id":"https:\/\/www.cuballama.com\/noticias\/otra-celebridad-anuncia-que-tiene-dano-cerebral-evangeline-lilly\/#primaryimage"},"thumbnailUrl":"https:\/\/cdn1.mediawpaccore.net\/wp-content\/uploads\/2026\/01\/06091539\/image-23.png","keywords":["Bruce Willis","celebridades","da\u00f1o cerebral","Evangeline Lilly","lesiones cerebrales","Lost","Salud","televisi\u00f3n"],"articleSection":["Far\u00e1ndula"],"inLanguage":"es","potentialAction":[{"@type":"CommentAction","name":"Comment","target":["https:\/\/www.cuballama.com\/noticias\/otra-celebridad-anuncia-que-tiene-dano-cerebral-evangeline-lilly\/#respond"]}]},{"@type":"WebPage","@id":"https:\/\/www.cuballama.com\/noticias\/otra-celebridad-anuncia-que-tiene-dano-cerebral-evangeline-lilly\/","url":"https:\/\/www.cuballama.com\/noticias\/otra-celebridad-anuncia-que-tiene-dano-cerebral-evangeline-lilly\/","name":"Otra celebridad anuncia que tiene da\u00f1o cerebral: Evangeline Lilly - Cuballama Noticias","isPartOf":{"@id":"https:\/\/www.cuballama.com\/noticias\/#website"},"primaryImageOfPage":{"@id":"https:\/\/www.cuballama.com\/noticias\/otra-celebridad-anuncia-que-tiene-dano-cerebral-evangeline-lilly\/#primaryimage"},"image":{"@id":"https:\/\/www.cuballama.com\/noticias\/otra-celebridad-anuncia-que-tiene-dano-cerebral-evangeline-lilly\/#primaryimage"},"thumbnailUrl":"https:\/\/cdn1.mediawpaccore.net\/wp-content\/uploads\/2026\/01\/06091539\/image-23.png","datePublished":"2026-01-06T16:33:37+00:00","dateModified":"2026-01-06T16:33:39+00:00","description":"Evangeline Lilly revela que padece da\u00f1o cerebral tras un accidente; su historia personal y el impacto de Lost vuelven al centro del debate.","breadcrumb":{"@id":"https:\/\/www.cuballama.com\/noticias\/otra-celebridad-anuncia-que-tiene-dano-cerebral-evangeline-lilly\/#breadcrumb"},"inLanguage":"es","potentialAction":[{"@type":"ReadAction","target":["https:\/\/www.cuballama.com\/noticias\/otra-celebridad-anuncia-que-tiene-dano-cerebral-evangeline-lilly\/"]}]},{"@type":"ImageObject","inLanguage":"es","@id":"https:\/\/www.cuballama.com\/noticias\/otra-celebridad-anuncia-que-tiene-dano-cerebral-evangeline-lilly\/#primaryimage","url":"https:\/\/cdn1.mediawpaccore.net\/wp-content\/uploads\/2026\/01\/06091539\/image-23.png","contentUrl":"https:\/\/cdn1.mediawpaccore.net\/wp-content\/uploads\/2026\/01\/06091539\/image-23.png","width":1578,"height":846,"caption":"Foto v\u00eda Wikimedia Commons. Autor de la foto: Gage Skidmore Fuente https:\/\/www.flickr.com\/photos\/gageskidmore\/14798780542"},{"@type":"BreadcrumbList","@id":"https:\/\/www.cuballama.com\/noticias\/otra-celebridad-anuncia-que-tiene-dano-cerebral-evangeline-lilly\/#breadcrumb","itemListElement":[{"@type":"ListItem","position":1,"name":"Home","item":"https:\/\/www.cuballama.com\/noticias\/"},{"@type":"ListItem","position":2,"name":"Otra celebridad anuncia que tiene da\u00f1o cerebral: Evangeline Lilly"}]},{"@type":"WebSite","@id":"https:\/\/www.cuballama.com\/noticias\/#website","url":"https:\/\/www.cuballama.com\/noticias\/","name":"Cuballama Noticias","description":"Medio digital sobre Cuba y el mundo","publisher":{"@id":"https:\/\/www.cuballama.com\/noticias\/#organization"},"potentialAction":[{"@type":"SearchAction","target":{"@type":"EntryPoint","urlTemplate":"https:\/\/www.cuballama.com\/noticias\/?s={search_term_string}"},"query-input":{"@type":"PropertyValueSpecification","valueRequired":true,"valueName":"search_term_string"}}],"inLanguage":"es"},{"@type":"Organization","@id":"https:\/\/www.cuballama.com\/noticias\/#organization","name":"Cuballama","url":"https:\/\/www.cuballama.com\/noticias\/","logo":{"@type":"ImageObject","inLanguage":"es","@id":"https:\/\/www.cuballama.com\/noticias\/#\/schema\/logo\/image\/","url":"https:\/\/cdn1.mediawpaccore.net\/wp-content\/uploads\/2021\/12\/28171206\/cbll-logo-color-sm.png","contentUrl":"https:\/\/cdn1.mediawpaccore.net\/wp-content\/uploads\/2021\/12\/28171206\/cbll-logo-color-sm.png","width":600,"height":133,"caption":"Cuballama"},"image":{"@id":"https:\/\/www.cuballama.com\/noticias\/#\/schema\/logo\/image\/"},"sameAs":["https:\/\/www.facebook.com\/CubaLlama","https:\/\/x.com\/cuballama","https:\/\/www.instagram.com\/stories\/cuballama_oficial\/","https:\/\/www.youtube.com\/channel\/UCKkFE-d_axENGZcrc4as0IA"]},{"@type":"Person","@id":"https:\/\/www.cuballama.com\/noticias\/#\/schema\/person\/a58502ed4146c8e9f83872e897c76cd2","name":"Roberto A.","description":"Roberto A. Periodista por decisi\u00f3n propia. Interesado en cualquier tema que me apasione y cada vez m\u00e1s comprometido con la verdad y la objetividad period\u00edstica. Graduado en La Habana hace ya muchos a\u00f1os, luego de una accidentada y polvorienta b\u00fasqueda de informaci\u00f3n sobre un tema in\u00e9dito. La Tesis, por cierto, desapareci\u00f3 de la biblioteca y no se conservan copias de la misma.","url":"https:\/\/www.cuballama.com\/noticias\/author\/roberto\/"}]}},"_links":{"self":[{"href":"https:\/\/www.cuballama.com\/noticias\/wp-json\/wp\/v2\/posts\/231058","targetHints":{"allow":["GET"]}}],"collection":[{"href":"https:\/\/www.cuballama.com\/noticias\/wp-json\/wp\/v2\/posts"}],"about":[{"href":"https:\/\/www.cuballama.com\/noticias\/wp-json\/wp\/v2\/types\/post"}],"author":[{"embeddable":true,"href":"https:\/\/www.cuballama.com\/noticias\/wp-json\/wp\/v2\/users\/13"}],"replies":[{"embeddable":true,"href":"https:\/\/www.cuballama.com\/noticias\/wp-json\/wp\/v2\/comments?post=231058"}],"version-history":[{"count":2,"href":"https:\/\/www.cuballama.com\/noticias\/wp-json\/wp\/v2\/posts\/231058\/revisions"}],"predecessor-version":[{"id":231063,"href":"https:\/\/www.cuballama.com\/noticias\/wp-json\/wp\/v2\/posts\/231058\/revisions\/231063"}],"wp:featuredmedia":[{"embeddable":true,"href":"https:\/\/www.cuballama.com\/noticias\/wp-json\/wp\/v2\/media\/231062"}],"wp:attachment":[{"href":"https:\/\/www.cuballama.com\/noticias\/wp-json\/wp\/v2\/media?parent=231058"}],"wp:term":[{"taxonomy":"category","embeddable":true,"href":"https:\/\/www.cuballama.com\/noticias\/wp-json\/wp\/v2\/categories?post=231058"},{"taxonomy":"post_tag","embeddable":true,"href":"https:\/\/www.cuballama.com\/noticias\/wp-json\/wp\/v2\/tags?post=231058"}],"curies":[{"name":"wp","href":"https:\/\/api.w.org\/{rel}","templated":true}]}}