{"id":231035,"date":"2026-01-11T12:06:08","date_gmt":"2026-01-11T17:06:08","guid":{"rendered":"https:\/\/www.cuballama.com\/noticias\/?p=231035"},"modified":"2026-01-11T12:06:11","modified_gmt":"2026-01-11T17:06:11","slug":"otra-fecha-para-ubicar-la-historia-de-cuba-en-el-tiempo-antes-y-despues-de-maduro","status":"publish","type":"post","link":"https:\/\/www.cuballama.com\/noticias\/otra-fecha-para-ubicar-la-historia-de-cuba-en-el-tiempo-antes-y-despues-de-maduro\/","title":{"rendered":"Otra \u00abfecha\u00bb para ubicar la historia de Cuba en el tiempo: antes y despu\u00e9s de Maduro"},"content":{"rendered":"\n<p>Hay una escena que se repet\u00eda casi siempre en el programa Escriba y Lea; un programa que generaciones de cubanos disfrutaron, y era esta: antes de intentar adivinar el hecho hist\u00f3rico al que alud\u00eda una pista, los expertos necesitaban ubicarse en el tiempo. Y lo hac\u00edan dividiendo la historia de la humanidad en grandes bloques: antes o despu\u00e9s de la Edad Media, antes o despu\u00e9s de la Revoluci\u00f3n Francesa, siglo XIX o siglo XX. No era pedanter\u00eda acad\u00e9mica; era m\u00e9todo. Sin esa primera coordenada, cualquier dato quedaba flotando, sin contexto ni sentido.<\/p>\n\n\n\n<p>Cuba ha aprendido a pensarse exactamente as\u00ed: no como una l\u00ednea continua, sino como una sucesi\u00f3n de cortes. Antes y despu\u00e9s del \u201cdescubrimiento\u201d; antes y despu\u00e9s de 1868; antes y despu\u00e9s de 1895; antes y despu\u00e9s de 1898; antes y despu\u00e9s de 1902; antes y despu\u00e9s de 1959. Colonia y neocolonia&#8230; Las fechas funcionan menos como aniversarios que como fronteras. Cambian el lenguaje del poder, las lealtades obligatorias, incluso la forma en que se cuenta lo ocurrido antes.<\/p>\n\n\n\n<p>1492 inaugura algo m\u00e1s que un encuentro: fija la condici\u00f3n de territorio administrado. El 10 de octubre de 1868 rompe la paciencia colonial y abre una guerra que es tambi\u00e9n un ensayo de naci\u00f3n. 1895 insiste, ya con un proyecto pol\u00edtico m\u00e1s maduro. La voladura del Maine en 1898 acelera el desenlace y desplaza el eje de poder del conflicto. 1902 inaugura una rep\u00fablica con bandera y gobierno propios, pero con soberan\u00eda limitada desde su nacimiento. 1959 no cambia un gobierno: cambia la idea misma de pa\u00eds, de propiedad, de ciudadan\u00eda. Y 1963, con la Segunda Ley de Reforma Agraria, termina de cerrar el modelo econ\u00f3mico y social: m\u00e1s Estado, menos propiedad privada, menos margen.<\/p>\n\n\n\n<p>No olvidar La Crisis de Octubre, la ca\u00edda de la URSS, el Per\u00edodo Especial&#8230; En medio de todo eso tenemos la Guerra de los Independientes de Color, la de la Chambelona, la ca\u00edda de Machado, el Golpe de Estado de Batista, el Asalto al Moncada, el desembarco del Granma&#8230; pero bueno, esos son m\u00e1s espec\u00edficos.<\/p>\n\n\n\n<p>Contar la historia as\u00ed, por fechas, tiene una ventaja evidente: ordena. Tambi\u00e9n tiene una trampa: convierte procesos largos y contradictorios en estampas solemnes. Sin embargo, hay momentos que se imponen solos como marcas temporales, incluso antes de ser aceptados oficialmente. En esa l\u00f3gica, empieza a sonar posible \u2014inc\u00f3moda, pero posible\u2014 la idea de una Cuba \u201cantes y despu\u00e9s de la ca\u00edda de Nicol\u00e1s Maduro\u201d.<\/p>\n\n\n\n<p>Como dir\u00eda un cubano jodedor&#8230; <em>\u00a1Ni Ch\u00e1vez se atrevi\u00f3 a tanto! <\/em><\/p>\n\n\n\n<p>No se trata de \u00e9pica ni de consignas. Se trata de estructura. Cuba amarr\u00f3 buena parte de su supervivencia tras la ca\u00edda de la URSS a la relaci\u00f3n con Caracas: petr\u00f3leo, financiamiento, misiones, respaldo pol\u00edtico, un sustituto funcional del campo socialista perdido. Cuando ese pilar se derrumba, no cae solo un aliado externo; se desajusta una arquitectura interna construida durante m\u00e1s de dos d\u00e9cadas.<\/p>\n\n\n\n<p>La detenci\u00f3n de Maduro, su traslado a Estados Unidos, la apertura de un proceso judicial y la admisi\u00f3n por parte de La Habana de la muerte de decenas de cubanos en el contexto venezolano no son episodios aislados. Funcionan como esas pistas que, en un hipot\u00e9tico programa de Escriba y Lea, obligar\u00eda a los concursantes a detenerse y decir: \u201cespera, estamos en otro siglo\u201d. La historia no siempre avisa con discursos. A veces basta un expediente, un avi\u00f3n y una captura. O secuestro, como le llaman algunos y como el propio Maduro se defini\u00f3 en la Corte de Nueva York donde fue instruido de cargos.<\/p>\n\n\n\n<p>La pregunta interesante no es si Cuba entrar\u00e1 ma\u00f1ana en democracia ni si el sistema colapsar\u00e1 de inmediato. La pregunta es m\u00e1s fr\u00eda y m\u00e1s cubana: qu\u00e9 relato construir\u00e1 el poder para explicar el da\u00f1o, c\u00f3mo administrar\u00e1 el miedo, a qui\u00e9n le tocar\u00e1 pagar por los errores y qu\u00e9 parte de esa alianza se podr\u00e1 sostener sin su figura central: el petr\u00f3leo. La experiencia hist\u00f3rica sugiere que las grandes derrotas externas suelen venir acompa\u00f1adas de ajustes internos discretos, administrativos, sin \u00e9pica.<\/p>\n\n\n\n<p>Por eso no es un capricho pensar la historia nacional con una nueva bisagra temporal. Cuba vive el tiempo no como calendario, sino como ruptura. Y hay rupturas que no se deciden en La Habana, pero la redefinen igual. Como en aquel programa, primero hay que ubicarse. Luego, entender qu\u00e9 viene despu\u00e9s.<\/p>\n","protected":false},"excerpt":{"rendered":"<p>La historia de Cuba se ha contado siempre en rupturas. Hoy asoma otra posible frontera: el antes y despu\u00e9s de la ca\u00edda de Nicol\u00e1s Maduro.<\/p>\n","protected":false},"author":13,"featured_media":230427,"comment_status":"open","ping_status":"closed","sticky":false,"template":"","format":"standard","meta":{"_acf_changed":false,"footnotes":""},"categories":[9667],"tags":[11101,29887,11199,2815,11576,29888,29886,1030],"class_list":{"0":"post-231035","1":"post","2":"type-post","3":"status-publish","4":"format-standard","5":"has-post-thumbnail","7":"category-opinion","8":"tag-11101","9":"tag-alianzas-politicas","10":"tag-castrismo","11":"tag-historia-de-cuba","12":"tag-nicolas-maduro-2","13":"tag-politica-latinoamericana","14":"tag-republica-de-cuba","15":"tag-venezuela"},"acf":[],"yoast_head":"<!-- This site is optimized with the Yoast SEO plugin v27.5 - https:\/\/yoast.com\/product\/yoast-seo-wordpress\/ -->\n<title>Otra &quot;fecha&quot; para ubicar la historia de Cuba en el tiempo: antes y despu\u00e9s de Maduro - Cuballama Noticias<\/title>\n<meta name=\"description\" content=\"Un repaso a los grandes hitos de la historia cubana para pensar si la salida de Maduro marca una nueva bisagra hist\u00f3rica para Cuba.\" \/>\n<meta name=\"robots\" content=\"index, follow, max-snippet:-1, max-image-preview:large, max-video-preview:-1\" \/>\n<link rel=\"canonical\" href=\"https:\/\/www.cuballama.com\/noticias\/otra-fecha-para-ubicar-la-historia-de-cuba-en-el-tiempo-antes-y-despues-de-maduro\/\" \/>\n<meta property=\"og:locale\" content=\"es_ES\" \/>\n<meta property=\"og:type\" content=\"article\" \/>\n<meta property=\"og:title\" content=\"Otra &quot;fecha&quot; para ubicar la historia de Cuba en el tiempo: antes y despu\u00e9s de Maduro - Cuballama Noticias\" \/>\n<meta property=\"og:description\" content=\"Un repaso a los grandes hitos de la historia cubana para pensar si la salida de Maduro marca una nueva bisagra hist\u00f3rica para Cuba.\" \/>\n<meta property=\"og:url\" content=\"https:\/\/www.cuballama.com\/noticias\/otra-fecha-para-ubicar-la-historia-de-cuba-en-el-tiempo-antes-y-despues-de-maduro\/\" \/>\n<meta property=\"og:site_name\" content=\"Cuballama Noticias\" \/>\n<meta property=\"article:publisher\" content=\"https:\/\/www.facebook.com\/CubaLlama\" \/>\n<meta property=\"article:published_time\" content=\"2026-01-11T17:06:08+00:00\" \/>\n<meta property=\"article:modified_time\" content=\"2026-01-11T17:06:11+00:00\" \/>\n<meta property=\"og:image\" content=\"https:\/\/cdn1.mediawpaccore.net\/wp-content\/uploads\/2026\/01\/03100445\/G6cNkffWgAAMBWM1.jpg\" \/>\n\t<meta property=\"og:image:width\" content=\"1200\" \/>\n\t<meta property=\"og:image:height\" content=\"630\" \/>\n\t<meta property=\"og:image:type\" content=\"image\/jpeg\" \/>\n<meta name=\"author\" content=\"Roberto A.\" \/>\n<meta name=\"twitter:card\" content=\"summary_large_image\" \/>\n<meta name=\"twitter:creator\" content=\"@cuballama\" \/>\n<meta name=\"twitter:site\" content=\"@cuballama\" \/>\n<meta name=\"twitter:label1\" content=\"Escrito por\" \/>\n\t<meta name=\"twitter:data1\" content=\"Roberto A.\" \/>\n<script type=\"application\/ld+json\" class=\"yoast-schema-graph\">{\"@context\":\"https:\\\/\\\/schema.org\",\"@graph\":[{\"@type\":\"Article\",\"@id\":\"https:\\\/\\\/www.cuballama.com\\\/noticias\\\/otra-fecha-para-ubicar-la-historia-de-cuba-en-el-tiempo-antes-y-despues-de-maduro\\\/#article\",\"isPartOf\":{\"@id\":\"https:\\\/\\\/www.cuballama.com\\\/noticias\\\/otra-fecha-para-ubicar-la-historia-de-cuba-en-el-tiempo-antes-y-despues-de-maduro\\\/\"},\"author\":{\"name\":\"Roberto A.\",\"@id\":\"https:\\\/\\\/www.cuballama.com\\\/noticias\\\/#\\\/schema\\\/person\\\/a58502ed4146c8e9f83872e897c76cd2\"},\"headline\":\"Otra \u00abfecha\u00bb para ubicar la historia de Cuba en el tiempo: antes y despu\u00e9s de Maduro\",\"datePublished\":\"2026-01-11T17:06:08+00:00\",\"dateModified\":\"2026-01-11T17:06:11+00:00\",\"mainEntityOfPage\":{\"@id\":\"https:\\\/\\\/www.cuballama.com\\\/noticias\\\/otra-fecha-para-ubicar-la-historia-de-cuba-en-el-tiempo-antes-y-despues-de-maduro\\\/\"},\"wordCount\":786,\"commentCount\":0,\"publisher\":{\"@id\":\"https:\\\/\\\/www.cuballama.com\\\/noticias\\\/#organization\"},\"image\":{\"@id\":\"https:\\\/\\\/www.cuballama.com\\\/noticias\\\/otra-fecha-para-ubicar-la-historia-de-cuba-en-el-tiempo-antes-y-despues-de-maduro\\\/#primaryimage\"},\"thumbnailUrl\":\"https:\\\/\\\/cdn1.mediawpaccore.net\\\/wp-content\\\/uploads\\\/2026\\\/01\\\/03100445\\\/G6cNkffWgAAMBWM1.jpg\",\"keywords\":[\"1959\",\"alianzas pol\u00edticas\",\"castrismo\",\"Historia de Cuba\",\"Nicol\u00e1s Maduro\",\"pol\u00edtica latinoamericana\",\"Rep\u00fablica de Cuba\",\"venezuela\"],\"articleSection\":[\"Opini\u00f3n\"],\"inLanguage\":\"es\",\"potentialAction\":[{\"@type\":\"CommentAction\",\"name\":\"Comment\",\"target\":[\"https:\\\/\\\/www.cuballama.com\\\/noticias\\\/otra-fecha-para-ubicar-la-historia-de-cuba-en-el-tiempo-antes-y-despues-de-maduro\\\/#respond\"]}]},{\"@type\":\"WebPage\",\"@id\":\"https:\\\/\\\/www.cuballama.com\\\/noticias\\\/otra-fecha-para-ubicar-la-historia-de-cuba-en-el-tiempo-antes-y-despues-de-maduro\\\/\",\"url\":\"https:\\\/\\\/www.cuballama.com\\\/noticias\\\/otra-fecha-para-ubicar-la-historia-de-cuba-en-el-tiempo-antes-y-despues-de-maduro\\\/\",\"name\":\"Otra \\\"fecha\\\" para ubicar la historia de Cuba en el tiempo: antes y despu\u00e9s de Maduro - Cuballama Noticias\",\"isPartOf\":{\"@id\":\"https:\\\/\\\/www.cuballama.com\\\/noticias\\\/#website\"},\"primaryImageOfPage\":{\"@id\":\"https:\\\/\\\/www.cuballama.com\\\/noticias\\\/otra-fecha-para-ubicar-la-historia-de-cuba-en-el-tiempo-antes-y-despues-de-maduro\\\/#primaryimage\"},\"image\":{\"@id\":\"https:\\\/\\\/www.cuballama.com\\\/noticias\\\/otra-fecha-para-ubicar-la-historia-de-cuba-en-el-tiempo-antes-y-despues-de-maduro\\\/#primaryimage\"},\"thumbnailUrl\":\"https:\\\/\\\/cdn1.mediawpaccore.net\\\/wp-content\\\/uploads\\\/2026\\\/01\\\/03100445\\\/G6cNkffWgAAMBWM1.jpg\",\"datePublished\":\"2026-01-11T17:06:08+00:00\",\"dateModified\":\"2026-01-11T17:06:11+00:00\",\"description\":\"Un repaso a los grandes hitos de la historia cubana para pensar si la salida de Maduro marca una nueva bisagra hist\u00f3rica para Cuba.\",\"breadcrumb\":{\"@id\":\"https:\\\/\\\/www.cuballama.com\\\/noticias\\\/otra-fecha-para-ubicar-la-historia-de-cuba-en-el-tiempo-antes-y-despues-de-maduro\\\/#breadcrumb\"},\"inLanguage\":\"es\",\"potentialAction\":[{\"@type\":\"ReadAction\",\"target\":[\"https:\\\/\\\/www.cuballama.com\\\/noticias\\\/otra-fecha-para-ubicar-la-historia-de-cuba-en-el-tiempo-antes-y-despues-de-maduro\\\/\"]}]},{\"@type\":\"ImageObject\",\"inLanguage\":\"es\",\"@id\":\"https:\\\/\\\/www.cuballama.com\\\/noticias\\\/otra-fecha-para-ubicar-la-historia-de-cuba-en-el-tiempo-antes-y-despues-de-maduro\\\/#primaryimage\",\"url\":\"https:\\\/\\\/cdn1.mediawpaccore.net\\\/wp-content\\\/uploads\\\/2026\\\/01\\\/03100445\\\/G6cNkffWgAAMBWM1.jpg\",\"contentUrl\":\"https:\\\/\\\/cdn1.mediawpaccore.net\\\/wp-content\\\/uploads\\\/2026\\\/01\\\/03100445\\\/G6cNkffWgAAMBWM1.jpg\",\"width\":1200,\"height\":630,\"caption\":\"D\u00edaz-Canel (i) junto a Maduro. Foto: X\\\/Miguel D\u00edaz-Canel Berm\u00fadez.\"},{\"@type\":\"BreadcrumbList\",\"@id\":\"https:\\\/\\\/www.cuballama.com\\\/noticias\\\/otra-fecha-para-ubicar-la-historia-de-cuba-en-el-tiempo-antes-y-despues-de-maduro\\\/#breadcrumb\",\"itemListElement\":[{\"@type\":\"ListItem\",\"position\":1,\"name\":\"Home\",\"item\":\"https:\\\/\\\/www.cuballama.com\\\/noticias\\\/\"},{\"@type\":\"ListItem\",\"position\":2,\"name\":\"Otra \u00abfecha\u00bb para ubicar la historia de Cuba en el tiempo: antes y despu\u00e9s de Maduro\"}]},{\"@type\":\"WebSite\",\"@id\":\"https:\\\/\\\/www.cuballama.com\\\/noticias\\\/#website\",\"url\":\"https:\\\/\\\/www.cuballama.com\\\/noticias\\\/\",\"name\":\"Cuballama Noticias\",\"description\":\"Medio digital sobre Cuba y el mundo\",\"publisher\":{\"@id\":\"https:\\\/\\\/www.cuballama.com\\\/noticias\\\/#organization\"},\"potentialAction\":[{\"@type\":\"SearchAction\",\"target\":{\"@type\":\"EntryPoint\",\"urlTemplate\":\"https:\\\/\\\/www.cuballama.com\\\/noticias\\\/?s={search_term_string}\"},\"query-input\":{\"@type\":\"PropertyValueSpecification\",\"valueRequired\":true,\"valueName\":\"search_term_string\"}}],\"inLanguage\":\"es\"},{\"@type\":\"Organization\",\"@id\":\"https:\\\/\\\/www.cuballama.com\\\/noticias\\\/#organization\",\"name\":\"Cuballama\",\"url\":\"https:\\\/\\\/www.cuballama.com\\\/noticias\\\/\",\"logo\":{\"@type\":\"ImageObject\",\"inLanguage\":\"es\",\"@id\":\"https:\\\/\\\/www.cuballama.com\\\/noticias\\\/#\\\/schema\\\/logo\\\/image\\\/\",\"url\":\"https:\\\/\\\/cdn1.mediawpaccore.net\\\/wp-content\\\/uploads\\\/2021\\\/12\\\/28171206\\\/cbll-logo-color-sm.png\",\"contentUrl\":\"https:\\\/\\\/cdn1.mediawpaccore.net\\\/wp-content\\\/uploads\\\/2021\\\/12\\\/28171206\\\/cbll-logo-color-sm.png\",\"width\":600,\"height\":133,\"caption\":\"Cuballama\"},\"image\":{\"@id\":\"https:\\\/\\\/www.cuballama.com\\\/noticias\\\/#\\\/schema\\\/logo\\\/image\\\/\"},\"sameAs\":[\"https:\\\/\\\/www.facebook.com\\\/CubaLlama\",\"https:\\\/\\\/x.com\\\/cuballama\",\"https:\\\/\\\/www.instagram.com\\\/stories\\\/cuballama_oficial\\\/\",\"https:\\\/\\\/www.youtube.com\\\/channel\\\/UCKkFE-d_axENGZcrc4as0IA\"]},{\"@type\":\"Person\",\"@id\":\"https:\\\/\\\/www.cuballama.com\\\/noticias\\\/#\\\/schema\\\/person\\\/a58502ed4146c8e9f83872e897c76cd2\",\"name\":\"Roberto A.\",\"description\":\"Roberto A. Periodista por decisi\u00f3n propia. Interesado en cualquier tema que me apasione y cada vez m\u00e1s comprometido con la verdad y la objetividad period\u00edstica. Graduado en La Habana hace ya muchos a\u00f1os, luego de una accidentada y polvorienta b\u00fasqueda de informaci\u00f3n sobre un tema in\u00e9dito. La Tesis, por cierto, desapareci\u00f3 de la biblioteca y no se conservan copias de la misma.\",\"url\":\"https:\\\/\\\/www.cuballama.com\\\/noticias\\\/author\\\/roberto\\\/\"}]}<\/script>\n<!-- \/ Yoast SEO plugin. -->","yoast_head_json":{"title":"Otra \"fecha\" para ubicar la historia de Cuba en el tiempo: antes y despu\u00e9s de Maduro - Cuballama Noticias","description":"Un repaso a los grandes hitos de la historia cubana para pensar si la salida de Maduro marca una nueva bisagra hist\u00f3rica para Cuba.","robots":{"index":"index","follow":"follow","max-snippet":"max-snippet:-1","max-image-preview":"max-image-preview:large","max-video-preview":"max-video-preview:-1"},"canonical":"https:\/\/www.cuballama.com\/noticias\/otra-fecha-para-ubicar-la-historia-de-cuba-en-el-tiempo-antes-y-despues-de-maduro\/","og_locale":"es_ES","og_type":"article","og_title":"Otra \"fecha\" para ubicar la historia de Cuba en el tiempo: antes y despu\u00e9s de Maduro - Cuballama Noticias","og_description":"Un repaso a los grandes hitos de la historia cubana para pensar si la salida de Maduro marca una nueva bisagra hist\u00f3rica para Cuba.","og_url":"https:\/\/www.cuballama.com\/noticias\/otra-fecha-para-ubicar-la-historia-de-cuba-en-el-tiempo-antes-y-despues-de-maduro\/","og_site_name":"Cuballama Noticias","article_publisher":"https:\/\/www.facebook.com\/CubaLlama","article_published_time":"2026-01-11T17:06:08+00:00","article_modified_time":"2026-01-11T17:06:11+00:00","og_image":[{"width":1200,"height":630,"url":"https:\/\/cdn1.mediawpaccore.net\/wp-content\/uploads\/2026\/01\/03100445\/G6cNkffWgAAMBWM1.jpg","type":"image\/jpeg"}],"author":"Roberto A.","twitter_card":"summary_large_image","twitter_creator":"@cuballama","twitter_site":"@cuballama","twitter_misc":{"Escrito por":"Roberto A."},"schema":{"@context":"https:\/\/schema.org","@graph":[{"@type":"Article","@id":"https:\/\/www.cuballama.com\/noticias\/otra-fecha-para-ubicar-la-historia-de-cuba-en-el-tiempo-antes-y-despues-de-maduro\/#article","isPartOf":{"@id":"https:\/\/www.cuballama.com\/noticias\/otra-fecha-para-ubicar-la-historia-de-cuba-en-el-tiempo-antes-y-despues-de-maduro\/"},"author":{"name":"Roberto A.","@id":"https:\/\/www.cuballama.com\/noticias\/#\/schema\/person\/a58502ed4146c8e9f83872e897c76cd2"},"headline":"Otra \u00abfecha\u00bb para ubicar la historia de Cuba en el tiempo: antes y despu\u00e9s de Maduro","datePublished":"2026-01-11T17:06:08+00:00","dateModified":"2026-01-11T17:06:11+00:00","mainEntityOfPage":{"@id":"https:\/\/www.cuballama.com\/noticias\/otra-fecha-para-ubicar-la-historia-de-cuba-en-el-tiempo-antes-y-despues-de-maduro\/"},"wordCount":786,"commentCount":0,"publisher":{"@id":"https:\/\/www.cuballama.com\/noticias\/#organization"},"image":{"@id":"https:\/\/www.cuballama.com\/noticias\/otra-fecha-para-ubicar-la-historia-de-cuba-en-el-tiempo-antes-y-despues-de-maduro\/#primaryimage"},"thumbnailUrl":"https:\/\/cdn1.mediawpaccore.net\/wp-content\/uploads\/2026\/01\/03100445\/G6cNkffWgAAMBWM1.jpg","keywords":["1959","alianzas pol\u00edticas","castrismo","Historia de Cuba","Nicol\u00e1s Maduro","pol\u00edtica latinoamericana","Rep\u00fablica de Cuba","venezuela"],"articleSection":["Opini\u00f3n"],"inLanguage":"es","potentialAction":[{"@type":"CommentAction","name":"Comment","target":["https:\/\/www.cuballama.com\/noticias\/otra-fecha-para-ubicar-la-historia-de-cuba-en-el-tiempo-antes-y-despues-de-maduro\/#respond"]}]},{"@type":"WebPage","@id":"https:\/\/www.cuballama.com\/noticias\/otra-fecha-para-ubicar-la-historia-de-cuba-en-el-tiempo-antes-y-despues-de-maduro\/","url":"https:\/\/www.cuballama.com\/noticias\/otra-fecha-para-ubicar-la-historia-de-cuba-en-el-tiempo-antes-y-despues-de-maduro\/","name":"Otra \"fecha\" para ubicar la historia de Cuba en el tiempo: antes y despu\u00e9s de Maduro - Cuballama Noticias","isPartOf":{"@id":"https:\/\/www.cuballama.com\/noticias\/#website"},"primaryImageOfPage":{"@id":"https:\/\/www.cuballama.com\/noticias\/otra-fecha-para-ubicar-la-historia-de-cuba-en-el-tiempo-antes-y-despues-de-maduro\/#primaryimage"},"image":{"@id":"https:\/\/www.cuballama.com\/noticias\/otra-fecha-para-ubicar-la-historia-de-cuba-en-el-tiempo-antes-y-despues-de-maduro\/#primaryimage"},"thumbnailUrl":"https:\/\/cdn1.mediawpaccore.net\/wp-content\/uploads\/2026\/01\/03100445\/G6cNkffWgAAMBWM1.jpg","datePublished":"2026-01-11T17:06:08+00:00","dateModified":"2026-01-11T17:06:11+00:00","description":"Un repaso a los grandes hitos de la historia cubana para pensar si la salida de Maduro marca una nueva bisagra hist\u00f3rica para Cuba.","breadcrumb":{"@id":"https:\/\/www.cuballama.com\/noticias\/otra-fecha-para-ubicar-la-historia-de-cuba-en-el-tiempo-antes-y-despues-de-maduro\/#breadcrumb"},"inLanguage":"es","potentialAction":[{"@type":"ReadAction","target":["https:\/\/www.cuballama.com\/noticias\/otra-fecha-para-ubicar-la-historia-de-cuba-en-el-tiempo-antes-y-despues-de-maduro\/"]}]},{"@type":"ImageObject","inLanguage":"es","@id":"https:\/\/www.cuballama.com\/noticias\/otra-fecha-para-ubicar-la-historia-de-cuba-en-el-tiempo-antes-y-despues-de-maduro\/#primaryimage","url":"https:\/\/cdn1.mediawpaccore.net\/wp-content\/uploads\/2026\/01\/03100445\/G6cNkffWgAAMBWM1.jpg","contentUrl":"https:\/\/cdn1.mediawpaccore.net\/wp-content\/uploads\/2026\/01\/03100445\/G6cNkffWgAAMBWM1.jpg","width":1200,"height":630,"caption":"D\u00edaz-Canel (i) junto a Maduro. Foto: X\/Miguel D\u00edaz-Canel Berm\u00fadez."},{"@type":"BreadcrumbList","@id":"https:\/\/www.cuballama.com\/noticias\/otra-fecha-para-ubicar-la-historia-de-cuba-en-el-tiempo-antes-y-despues-de-maduro\/#breadcrumb","itemListElement":[{"@type":"ListItem","position":1,"name":"Home","item":"https:\/\/www.cuballama.com\/noticias\/"},{"@type":"ListItem","position":2,"name":"Otra \u00abfecha\u00bb para ubicar la historia de Cuba en el tiempo: antes y despu\u00e9s de Maduro"}]},{"@type":"WebSite","@id":"https:\/\/www.cuballama.com\/noticias\/#website","url":"https:\/\/www.cuballama.com\/noticias\/","name":"Cuballama Noticias","description":"Medio digital sobre Cuba y el mundo","publisher":{"@id":"https:\/\/www.cuballama.com\/noticias\/#organization"},"potentialAction":[{"@type":"SearchAction","target":{"@type":"EntryPoint","urlTemplate":"https:\/\/www.cuballama.com\/noticias\/?s={search_term_string}"},"query-input":{"@type":"PropertyValueSpecification","valueRequired":true,"valueName":"search_term_string"}}],"inLanguage":"es"},{"@type":"Organization","@id":"https:\/\/www.cuballama.com\/noticias\/#organization","name":"Cuballama","url":"https:\/\/www.cuballama.com\/noticias\/","logo":{"@type":"ImageObject","inLanguage":"es","@id":"https:\/\/www.cuballama.com\/noticias\/#\/schema\/logo\/image\/","url":"https:\/\/cdn1.mediawpaccore.net\/wp-content\/uploads\/2021\/12\/28171206\/cbll-logo-color-sm.png","contentUrl":"https:\/\/cdn1.mediawpaccore.net\/wp-content\/uploads\/2021\/12\/28171206\/cbll-logo-color-sm.png","width":600,"height":133,"caption":"Cuballama"},"image":{"@id":"https:\/\/www.cuballama.com\/noticias\/#\/schema\/logo\/image\/"},"sameAs":["https:\/\/www.facebook.com\/CubaLlama","https:\/\/x.com\/cuballama","https:\/\/www.instagram.com\/stories\/cuballama_oficial\/","https:\/\/www.youtube.com\/channel\/UCKkFE-d_axENGZcrc4as0IA"]},{"@type":"Person","@id":"https:\/\/www.cuballama.com\/noticias\/#\/schema\/person\/a58502ed4146c8e9f83872e897c76cd2","name":"Roberto A.","description":"Roberto A. Periodista por decisi\u00f3n propia. Interesado en cualquier tema que me apasione y cada vez m\u00e1s comprometido con la verdad y la objetividad period\u00edstica. Graduado en La Habana hace ya muchos a\u00f1os, luego de una accidentada y polvorienta b\u00fasqueda de informaci\u00f3n sobre un tema in\u00e9dito. La Tesis, por cierto, desapareci\u00f3 de la biblioteca y no se conservan copias de la misma.","url":"https:\/\/www.cuballama.com\/noticias\/author\/roberto\/"}]}},"_links":{"self":[{"href":"https:\/\/www.cuballama.com\/noticias\/wp-json\/wp\/v2\/posts\/231035","targetHints":{"allow":["GET"]}}],"collection":[{"href":"https:\/\/www.cuballama.com\/noticias\/wp-json\/wp\/v2\/posts"}],"about":[{"href":"https:\/\/www.cuballama.com\/noticias\/wp-json\/wp\/v2\/types\/post"}],"author":[{"embeddable":true,"href":"https:\/\/www.cuballama.com\/noticias\/wp-json\/wp\/v2\/users\/13"}],"replies":[{"embeddable":true,"href":"https:\/\/www.cuballama.com\/noticias\/wp-json\/wp\/v2\/comments?post=231035"}],"version-history":[{"count":2,"href":"https:\/\/www.cuballama.com\/noticias\/wp-json\/wp\/v2\/posts\/231035\/revisions"}],"predecessor-version":[{"id":231037,"href":"https:\/\/www.cuballama.com\/noticias\/wp-json\/wp\/v2\/posts\/231035\/revisions\/231037"}],"wp:featuredmedia":[{"embeddable":true,"href":"https:\/\/www.cuballama.com\/noticias\/wp-json\/wp\/v2\/media\/230427"}],"wp:attachment":[{"href":"https:\/\/www.cuballama.com\/noticias\/wp-json\/wp\/v2\/media?parent=231035"}],"wp:term":[{"taxonomy":"category","embeddable":true,"href":"https:\/\/www.cuballama.com\/noticias\/wp-json\/wp\/v2\/categories?post=231035"},{"taxonomy":"post_tag","embeddable":true,"href":"https:\/\/www.cuballama.com\/noticias\/wp-json\/wp\/v2\/tags?post=231035"}],"curies":[{"name":"wp","href":"https:\/\/api.w.org\/{rel}","templated":true}]}}