{"id":230989,"date":"2026-01-06T09:10:41","date_gmt":"2026-01-06T14:10:41","guid":{"rendered":"https:\/\/www.cuballama.com\/noticias\/?p=230989"},"modified":"2026-01-06T09:10:44","modified_gmt":"2026-01-06T14:10:44","slug":"preocupacion-en-el-beisbol-cubano-reportan-en-estado-critico-al-arbitro-omar-lucero","status":"publish","type":"post","link":"https:\/\/www.cuballama.com\/noticias\/preocupacion-en-el-beisbol-cubano-reportan-en-estado-critico-al-arbitro-omar-lucero\/","title":{"rendered":"Preocupaci\u00f3n en el b\u00e9isbol cubano: reportan en estado cr\u00edtico al \u00e1rbitro \u00d3mar Lucero"},"content":{"rendered":"\n<p>Luis Felipe Carballosa Mart\u00ednez, administrador del grupo de <a href=\"https:\/\/www.facebook.com\/groups\/736044935089415\/permalink\/1250162567010980\/?rdid=Yx9B4EzxTEvDZ12L#\" target=\"_blank\" rel=\"noreferrer noopener\">Facebook \u201cB\u00e9isbol holguinero y leyendas\u201d<\/a>, ha publicado hace 15 hrs un mensaje breve y directo que ha desatado centenares de reacciones en las redes. Seg\u00fan lo dicho por Carballosa Mart\u00ednez, \u00d3mar Lucero, un \u00e1rbitro destacado del b\u00e9isbol cubano se encuentra \u00aben estado cr\u00edtico\u00bb.<\/p>\n\n\n\n<p>El hilo de la conversaci\u00f3n en el post publicado, se ha llenado de respuestas con el mismo tono: fe, fuerza, pronta recuperaci\u00f3n, bendiciones. Quienes comentan no discuten estad\u00edsticas ni pol\u00e9micas del terreno; hablan desde la memoria afectiva, como si el \u00e1rbitro volviera a aparecer detr\u00e1s del home, con su estilo inconfundible y una autoridad que muchos describen como serena.<\/p>\n\n\n\n<p>Lo que se sabe, por ahora, es lo que circula en esas p\u00e1ginas y en medios deportivos que se han hecho eco del alerta sin aportar un comunicado institucional. Algunos sitios se\u00f1alan que su condici\u00f3n \u201cse ha agravado\u201d, pero advierten que no hay reportes verificados por autoridades sanitarias o prensa oficial.<\/p>\n\n\n\n<figure class=\"wp-block-image size-large\"><img loading=\"lazy\" decoding=\"async\" width=\"839\" height=\"1024\" src=\"https:\/\/cdn1.mediawpaccore.net\/wp-content\/uploads\/2026\/01\/06064322\/image-16-839x1024.png\" alt=\"\" class=\"wp-image-230995\" srcset=\"https:\/\/cdn1.mediawpaccore.net\/wp-content\/uploads\/2026\/01\/06064322\/image-16-839x1024.png 839w, https:\/\/cdn1.mediawpaccore.net\/wp-content\/uploads\/2026\/01\/06064322\/image-16-246x300.png 246w, https:\/\/cdn1.mediawpaccore.net\/wp-content\/uploads\/2026\/01\/06064322\/image-16-768x938.png 768w, https:\/\/cdn1.mediawpaccore.net\/wp-content\/uploads\/2026\/01\/06064322\/image-16-344x420.png 344w, https:\/\/cdn1.mediawpaccore.net\/wp-content\/uploads\/2026\/01\/06064322\/image-16-150x183.png 150w, https:\/\/cdn1.mediawpaccore.net\/wp-content\/uploads\/2026\/01\/06064322\/image-16-300x366.png 300w, https:\/\/cdn1.mediawpaccore.net\/wp-content\/uploads\/2026\/01\/06064322\/image-16-696x850.png 696w, https:\/\/cdn1.mediawpaccore.net\/wp-content\/uploads\/2026\/01\/06064322\/image-16-1068x1304.png 1068w, https:\/\/cdn1.mediawpaccore.net\/wp-content\/uploads\/2026\/01\/06064322\/image-16.png 1112w\" sizes=\"auto, (max-width: 839px) 100vw, 839px\" \/><\/figure>\n\n\n\n<p>El nombre de \u00d3mar Lucero no es cualquiera en el b\u00e9isbol cubano. Un perfil publicado por <em><a href=\"https:\/\/www.granma.cu\/fotorreportajes\/2020-01-17\/omar-lucero-que-nadie-dude-que-trabajamos-por-mejorar-el-arbitraje-17-01-2020-17-01-18\" target=\"_blank\" rel=\"noreferrer noopener nofollow\">Granma<\/a><\/em> lo describe como un \u00e1rbitro formado en su natal Santiago de Cuba, municipio Mella, y con una carrera que lo convirti\u00f3 en referencia del arbitraje en la Isla; en 2020 se le mencionaba trabajando como chequeador, ligado a la evaluaci\u00f3n y el acompa\u00f1amiento de otros \u00e1rbitros. <\/p>\n\n\n\n<p>En marzo de 2024, el peri\u00f3dico oficialista <a href=\"https:\/\/www.ahora.cu\/es\/deportes\/21078-aun-extrano-el-terreno-la-emocion\" target=\"_blank\" rel=\"noreferrer noopener nofollow\">Ahora<\/a> volvi\u00f3 a entrevistarlo y lo present\u00f3 como uno de los referentes del arbitraje, recordando su paso por Holgu\u00edn y su presencia en el estadio Calixto Garc\u00eda en funciones t\u00e9cnicas al inicio de la Serie Nacional. <\/p>\n\n\n\n<p>Por eso el impacto del post no se mide solo en \u201cme gusta\u201d. Se mide en la cantidad de gente que, desde distintos puntos del pa\u00eds y tambi\u00e9n desde fuera, repite lo mismo: que se recupere el m\u00e1s carism\u00e1tico, el que \u201cse daba a respetar\u201d, el que muchos aprendieron a mirar como parte del juego.  <\/p>\n\n\n\n<figure class=\"wp-block-image size-full\"><img loading=\"lazy\" decoding=\"async\" width=\"845\" height=\"554\" src=\"https:\/\/cdn1.mediawpaccore.net\/wp-content\/uploads\/2026\/01\/06064423\/Screenshot-2026-01-06-124359.png\" alt=\"\" class=\"wp-image-230997\" srcset=\"https:\/\/cdn1.mediawpaccore.net\/wp-content\/uploads\/2026\/01\/06064423\/Screenshot-2026-01-06-124359.png 845w, https:\/\/cdn1.mediawpaccore.net\/wp-content\/uploads\/2026\/01\/06064423\/Screenshot-2026-01-06-124359-300x197.png 300w, https:\/\/cdn1.mediawpaccore.net\/wp-content\/uploads\/2026\/01\/06064423\/Screenshot-2026-01-06-124359-768x504.png 768w, https:\/\/cdn1.mediawpaccore.net\/wp-content\/uploads\/2026\/01\/06064423\/Screenshot-2026-01-06-124359-641x420.png 641w, https:\/\/cdn1.mediawpaccore.net\/wp-content\/uploads\/2026\/01\/06064423\/Screenshot-2026-01-06-124359-150x98.png 150w, https:\/\/cdn1.mediawpaccore.net\/wp-content\/uploads\/2026\/01\/06064423\/Screenshot-2026-01-06-124359-696x456.png 696w\" sizes=\"auto, (max-width: 845px) 100vw, 845px\" \/><figcaption class=\"wp-element-caption\"><strong>Foto:<\/strong>\u00a0Ricardo L\u00f3pez Hevia<\/figcaption><\/figure>\n\n\n\n<p>En Cuba, adem\u00e1s, eso no es poca cosa. En la cultura deportiva cubana \u2014y, en general, en la cultura latina\u2014 el \u00e1rbitro suele existir para cargar con el ruido: se le discute, se le grita, se le culpa. Se le recuerda, casi siempre, por una jugada pol\u00e9mica y no por la suma de a\u00f1os haciendo un oficio ingrato. Por eso llama la atenci\u00f3n que, ante una noticia dura y todav\u00eda sin parte m\u00e9dico p\u00fablico, aflore una especie de consenso emocional: gente que no est\u00e1 defendiendo un conteo, ni una expulsi\u00f3n, ni una carrera, sino a una persona.<\/p>\n\n\n\n<p>En los comentarios aparece una idea repetida con distintas palabras: que \u00d3mar Lucero era \u201cde los buenos\u201d, \u201cel m\u00e1s carism\u00e1tico\u201d, \u201cun \u00e1rbitro de respeto\u201d. Hay tambi\u00e9n una memoria muy concreta de su manera de cantar el ponche, de su calma, de su autoridad sin show. Eso explica que el post de Carballosa haya funcionado como alarma y como punto de encuentro. <\/p>\n\n\n\n<p>Esa reacci\u00f3n tambi\u00e9n revela algo del b\u00e9isbol cubano que a veces se olvida cuando se habla solo de resultados o de fugas: la Serie Nacional produjo figuras queridas no solo por lo que bateaban o lanzaban, sino por c\u00f3mo se paraban en el terreno. Un \u00e1rbitro, en ese sentido, es una figura todav\u00eda m\u00e1s rara de convertir en s\u00edmbolo afectivo. La regla general es la sospecha. Aqu\u00ed, en cambio, la regla fue la gratitud. Y cuando un \u00e1rbitro logra eso, incluso en vida, dice mucho de su manera de estar en el juego y de la huella que dej\u00f3 en quienes lo vieron durante a\u00f1os.<\/p>\n","protected":false},"excerpt":{"rendered":"<p>Una publicaci\u00f3n en Facebook de Luis Felipe Carballosa Mart\u00ednez activ\u00f3 una ola de mensajes de apoyo para \u00d3mar Lucero, uno de los \u00e1rbitros m\u00e1s recordados del b\u00e9isbol cubano. Mientras se multiplican las muestras de cari\u00f1o, no existe hasta ahora un parte m\u00e9dico oficial que detalle su evoluci\u00f3n.<\/p>\n","protected":false},"author":13,"featured_media":230996,"comment_status":"open","ping_status":"closed","sticky":false,"template":"","format":"standard","meta":{"_acf_changed":false,"footnotes":""},"categories":[21,18,955],"tags":[6292,12446,13144,29872,409,160,5842],"class_list":{"0":"post-230989","1":"post","2":"type-post","3":"status-publish","4":"format-standard","5":"has-post-thumbnail","7":"category-deportes","8":"category-noticias","9":"category-noticias-de-cuba","10":"tag-arbitraje","11":"tag-beisbol-cubano-2","12":"tag-holguin-2","13":"tag-omar-lucero","14":"tag-salud","15":"tag-santiago-de-cuba","16":"tag-serie-nacional"},"acf":[],"yoast_head":"<!-- This site is optimized with the Yoast SEO plugin v27.4 - https:\/\/yoast.com\/product\/yoast-seo-wordpress\/ -->\n<title>Preocupaci\u00f3n en el b\u00e9isbol cubano: reportan en estado cr\u00edtico al \u00e1rbitro \u00d3mar Lucero - Cuballama Noticias<\/title>\n<meta name=\"description\" content=\"\u00d3mar Lucero, \u00e1rbitro emblem\u00e1tico del b\u00e9isbol cubano, es reportado en estado cr\u00edtico en redes sociales; crecen los mensajes de apoyo y la incertidumbre ante el silencio institucional.\" \/>\n<meta name=\"robots\" content=\"index, follow, max-snippet:-1, max-image-preview:large, max-video-preview:-1\" \/>\n<link rel=\"canonical\" href=\"https:\/\/www.cuballama.com\/noticias\/preocupacion-en-el-beisbol-cubano-reportan-en-estado-critico-al-arbitro-omar-lucero\/\" \/>\n<meta property=\"og:locale\" content=\"es_ES\" \/>\n<meta property=\"og:type\" content=\"article\" \/>\n<meta property=\"og:title\" content=\"Preocupaci\u00f3n en el b\u00e9isbol cubano: reportan en estado cr\u00edtico al \u00e1rbitro \u00d3mar Lucero - Cuballama Noticias\" \/>\n<meta property=\"og:description\" content=\"\u00d3mar Lucero, \u00e1rbitro emblem\u00e1tico del b\u00e9isbol cubano, es reportado en estado cr\u00edtico en redes sociales; crecen los mensajes de apoyo y la incertidumbre ante el silencio institucional.\" \/>\n<meta property=\"og:url\" content=\"https:\/\/www.cuballama.com\/noticias\/preocupacion-en-el-beisbol-cubano-reportan-en-estado-critico-al-arbitro-omar-lucero\/\" \/>\n<meta property=\"og:site_name\" content=\"Cuballama Noticias\" \/>\n<meta property=\"article:publisher\" content=\"https:\/\/www.facebook.com\/CubaLlama\" \/>\n<meta property=\"article:published_time\" content=\"2026-01-06T14:10:41+00:00\" \/>\n<meta property=\"article:modified_time\" content=\"2026-01-06T14:10:44+00:00\" \/>\n<meta property=\"og:image\" content=\"https:\/\/cdn1.mediawpaccore.net\/wp-content\/uploads\/2026\/01\/06064346\/image-17.png\" \/>\n\t<meta property=\"og:image:width\" content=\"1382\" \/>\n\t<meta property=\"og:image:height\" content=\"750\" \/>\n\t<meta property=\"og:image:type\" content=\"image\/png\" \/>\n<meta name=\"author\" content=\"Roberto A.\" \/>\n<meta name=\"twitter:card\" content=\"summary_large_image\" \/>\n<meta name=\"twitter:creator\" content=\"@cuballama\" \/>\n<meta name=\"twitter:site\" content=\"@cuballama\" \/>\n<meta name=\"twitter:label1\" content=\"Escrito por\" \/>\n\t<meta name=\"twitter:data1\" content=\"Roberto A.\" \/>\n\t<meta name=\"twitter:label2\" content=\"Tiempo de lectura\" \/>\n\t<meta name=\"twitter:data2\" content=\"4 minutos\" \/>\n<script type=\"application\/ld+json\" class=\"yoast-schema-graph\">{\"@context\":\"https:\\\/\\\/schema.org\",\"@graph\":[{\"@type\":\"Article\",\"@id\":\"https:\\\/\\\/www.cuballama.com\\\/noticias\\\/preocupacion-en-el-beisbol-cubano-reportan-en-estado-critico-al-arbitro-omar-lucero\\\/#article\",\"isPartOf\":{\"@id\":\"https:\\\/\\\/www.cuballama.com\\\/noticias\\\/preocupacion-en-el-beisbol-cubano-reportan-en-estado-critico-al-arbitro-omar-lucero\\\/\"},\"author\":{\"name\":\"Roberto A.\",\"@id\":\"https:\\\/\\\/www.cuballama.com\\\/noticias\\\/#\\\/schema\\\/person\\\/a58502ed4146c8e9f83872e897c76cd2\"},\"headline\":\"Preocupaci\u00f3n en el b\u00e9isbol cubano: reportan en estado cr\u00edtico al \u00e1rbitro \u00d3mar Lucero\",\"datePublished\":\"2026-01-06T14:10:41+00:00\",\"dateModified\":\"2026-01-06T14:10:44+00:00\",\"mainEntityOfPage\":{\"@id\":\"https:\\\/\\\/www.cuballama.com\\\/noticias\\\/preocupacion-en-el-beisbol-cubano-reportan-en-estado-critico-al-arbitro-omar-lucero\\\/\"},\"wordCount\":647,\"commentCount\":0,\"publisher\":{\"@id\":\"https:\\\/\\\/www.cuballama.com\\\/noticias\\\/#organization\"},\"image\":{\"@id\":\"https:\\\/\\\/www.cuballama.com\\\/noticias\\\/preocupacion-en-el-beisbol-cubano-reportan-en-estado-critico-al-arbitro-omar-lucero\\\/#primaryimage\"},\"thumbnailUrl\":\"https:\\\/\\\/cdn1.mediawpaccore.net\\\/wp-content\\\/uploads\\\/2026\\\/01\\\/06064346\\\/image-17.png\",\"keywords\":[\"arbitraje\",\"b\u00e9isbol cubano\",\"Holgu\u00edn\",\"\u00d3mar Lucero\",\"Salud\",\"Santiago de Cuba\",\"Serie Nacional\"],\"articleSection\":[\"Deportes\",\"Noticias\",\"Noticias de Cuba\"],\"inLanguage\":\"es\",\"potentialAction\":[{\"@type\":\"CommentAction\",\"name\":\"Comment\",\"target\":[\"https:\\\/\\\/www.cuballama.com\\\/noticias\\\/preocupacion-en-el-beisbol-cubano-reportan-en-estado-critico-al-arbitro-omar-lucero\\\/#respond\"]}]},{\"@type\":\"WebPage\",\"@id\":\"https:\\\/\\\/www.cuballama.com\\\/noticias\\\/preocupacion-en-el-beisbol-cubano-reportan-en-estado-critico-al-arbitro-omar-lucero\\\/\",\"url\":\"https:\\\/\\\/www.cuballama.com\\\/noticias\\\/preocupacion-en-el-beisbol-cubano-reportan-en-estado-critico-al-arbitro-omar-lucero\\\/\",\"name\":\"Preocupaci\u00f3n en el b\u00e9isbol cubano: reportan en estado cr\u00edtico al \u00e1rbitro \u00d3mar Lucero - Cuballama Noticias\",\"isPartOf\":{\"@id\":\"https:\\\/\\\/www.cuballama.com\\\/noticias\\\/#website\"},\"primaryImageOfPage\":{\"@id\":\"https:\\\/\\\/www.cuballama.com\\\/noticias\\\/preocupacion-en-el-beisbol-cubano-reportan-en-estado-critico-al-arbitro-omar-lucero\\\/#primaryimage\"},\"image\":{\"@id\":\"https:\\\/\\\/www.cuballama.com\\\/noticias\\\/preocupacion-en-el-beisbol-cubano-reportan-en-estado-critico-al-arbitro-omar-lucero\\\/#primaryimage\"},\"thumbnailUrl\":\"https:\\\/\\\/cdn1.mediawpaccore.net\\\/wp-content\\\/uploads\\\/2026\\\/01\\\/06064346\\\/image-17.png\",\"datePublished\":\"2026-01-06T14:10:41+00:00\",\"dateModified\":\"2026-01-06T14:10:44+00:00\",\"description\":\"\u00d3mar Lucero, \u00e1rbitro emblem\u00e1tico del b\u00e9isbol cubano, es reportado en estado cr\u00edtico en redes sociales; crecen los mensajes de apoyo y la incertidumbre ante el silencio institucional.\",\"breadcrumb\":{\"@id\":\"https:\\\/\\\/www.cuballama.com\\\/noticias\\\/preocupacion-en-el-beisbol-cubano-reportan-en-estado-critico-al-arbitro-omar-lucero\\\/#breadcrumb\"},\"inLanguage\":\"es\",\"potentialAction\":[{\"@type\":\"ReadAction\",\"target\":[\"https:\\\/\\\/www.cuballama.com\\\/noticias\\\/preocupacion-en-el-beisbol-cubano-reportan-en-estado-critico-al-arbitro-omar-lucero\\\/\"]}]},{\"@type\":\"ImageObject\",\"inLanguage\":\"es\",\"@id\":\"https:\\\/\\\/www.cuballama.com\\\/noticias\\\/preocupacion-en-el-beisbol-cubano-reportan-en-estado-critico-al-arbitro-omar-lucero\\\/#primaryimage\",\"url\":\"https:\\\/\\\/cdn1.mediawpaccore.net\\\/wp-content\\\/uploads\\\/2026\\\/01\\\/06064346\\\/image-17.png\",\"contentUrl\":\"https:\\\/\\\/cdn1.mediawpaccore.net\\\/wp-content\\\/uploads\\\/2026\\\/01\\\/06064346\\\/image-17.png\",\"width\":1382,\"height\":750,\"caption\":\"Omar Rafael Lucero Aldaya. Foto: Alexis del Toro\"},{\"@type\":\"BreadcrumbList\",\"@id\":\"https:\\\/\\\/www.cuballama.com\\\/noticias\\\/preocupacion-en-el-beisbol-cubano-reportan-en-estado-critico-al-arbitro-omar-lucero\\\/#breadcrumb\",\"itemListElement\":[{\"@type\":\"ListItem\",\"position\":1,\"name\":\"Home\",\"item\":\"https:\\\/\\\/www.cuballama.com\\\/noticias\\\/\"},{\"@type\":\"ListItem\",\"position\":2,\"name\":\"Preocupaci\u00f3n en el b\u00e9isbol cubano: reportan en estado cr\u00edtico al \u00e1rbitro \u00d3mar Lucero\"}]},{\"@type\":\"WebSite\",\"@id\":\"https:\\\/\\\/www.cuballama.com\\\/noticias\\\/#website\",\"url\":\"https:\\\/\\\/www.cuballama.com\\\/noticias\\\/\",\"name\":\"Cuballama Noticias\",\"description\":\"Medio digital sobre Cuba y el mundo\",\"publisher\":{\"@id\":\"https:\\\/\\\/www.cuballama.com\\\/noticias\\\/#organization\"},\"potentialAction\":[{\"@type\":\"SearchAction\",\"target\":{\"@type\":\"EntryPoint\",\"urlTemplate\":\"https:\\\/\\\/www.cuballama.com\\\/noticias\\\/?s={search_term_string}\"},\"query-input\":{\"@type\":\"PropertyValueSpecification\",\"valueRequired\":true,\"valueName\":\"search_term_string\"}}],\"inLanguage\":\"es\"},{\"@type\":\"Organization\",\"@id\":\"https:\\\/\\\/www.cuballama.com\\\/noticias\\\/#organization\",\"name\":\"Cuballama\",\"url\":\"https:\\\/\\\/www.cuballama.com\\\/noticias\\\/\",\"logo\":{\"@type\":\"ImageObject\",\"inLanguage\":\"es\",\"@id\":\"https:\\\/\\\/www.cuballama.com\\\/noticias\\\/#\\\/schema\\\/logo\\\/image\\\/\",\"url\":\"https:\\\/\\\/cdn1.mediawpaccore.net\\\/wp-content\\\/uploads\\\/2021\\\/12\\\/28171206\\\/cbll-logo-color-sm.png\",\"contentUrl\":\"https:\\\/\\\/cdn1.mediawpaccore.net\\\/wp-content\\\/uploads\\\/2021\\\/12\\\/28171206\\\/cbll-logo-color-sm.png\",\"width\":600,\"height\":133,\"caption\":\"Cuballama\"},\"image\":{\"@id\":\"https:\\\/\\\/www.cuballama.com\\\/noticias\\\/#\\\/schema\\\/logo\\\/image\\\/\"},\"sameAs\":[\"https:\\\/\\\/www.facebook.com\\\/CubaLlama\",\"https:\\\/\\\/x.com\\\/cuballama\",\"https:\\\/\\\/www.instagram.com\\\/stories\\\/cuballama_oficial\\\/\",\"https:\\\/\\\/www.youtube.com\\\/channel\\\/UCKkFE-d_axENGZcrc4as0IA\"]},{\"@type\":\"Person\",\"@id\":\"https:\\\/\\\/www.cuballama.com\\\/noticias\\\/#\\\/schema\\\/person\\\/a58502ed4146c8e9f83872e897c76cd2\",\"name\":\"Roberto A.\",\"description\":\"Roberto A. Periodista por decisi\u00f3n propia. Interesado en cualquier tema que me apasione y cada vez m\u00e1s comprometido con la verdad y la objetividad period\u00edstica. Graduado en La Habana hace ya muchos a\u00f1os, luego de una accidentada y polvorienta b\u00fasqueda de informaci\u00f3n sobre un tema in\u00e9dito. La Tesis, por cierto, desapareci\u00f3 de la biblioteca y no se conservan copias de la misma.\",\"url\":\"https:\\\/\\\/www.cuballama.com\\\/noticias\\\/author\\\/roberto\\\/\"}]}<\/script>\n<!-- \/ Yoast SEO plugin. -->","yoast_head_json":{"title":"Preocupaci\u00f3n en el b\u00e9isbol cubano: reportan en estado cr\u00edtico al \u00e1rbitro \u00d3mar Lucero - Cuballama Noticias","description":"\u00d3mar Lucero, \u00e1rbitro emblem\u00e1tico del b\u00e9isbol cubano, es reportado en estado cr\u00edtico en redes sociales; crecen los mensajes de apoyo y la incertidumbre ante el silencio institucional.","robots":{"index":"index","follow":"follow","max-snippet":"max-snippet:-1","max-image-preview":"max-image-preview:large","max-video-preview":"max-video-preview:-1"},"canonical":"https:\/\/www.cuballama.com\/noticias\/preocupacion-en-el-beisbol-cubano-reportan-en-estado-critico-al-arbitro-omar-lucero\/","og_locale":"es_ES","og_type":"article","og_title":"Preocupaci\u00f3n en el b\u00e9isbol cubano: reportan en estado cr\u00edtico al \u00e1rbitro \u00d3mar Lucero - Cuballama Noticias","og_description":"\u00d3mar Lucero, \u00e1rbitro emblem\u00e1tico del b\u00e9isbol cubano, es reportado en estado cr\u00edtico en redes sociales; crecen los mensajes de apoyo y la incertidumbre ante el silencio institucional.","og_url":"https:\/\/www.cuballama.com\/noticias\/preocupacion-en-el-beisbol-cubano-reportan-en-estado-critico-al-arbitro-omar-lucero\/","og_site_name":"Cuballama Noticias","article_publisher":"https:\/\/www.facebook.com\/CubaLlama","article_published_time":"2026-01-06T14:10:41+00:00","article_modified_time":"2026-01-06T14:10:44+00:00","og_image":[{"width":1382,"height":750,"url":"https:\/\/cdn1.mediawpaccore.net\/wp-content\/uploads\/2026\/01\/06064346\/image-17.png","type":"image\/png"}],"author":"Roberto A.","twitter_card":"summary_large_image","twitter_creator":"@cuballama","twitter_site":"@cuballama","twitter_misc":{"Escrito por":"Roberto A.","Tiempo de lectura":"4 minutos"},"schema":{"@context":"https:\/\/schema.org","@graph":[{"@type":"Article","@id":"https:\/\/www.cuballama.com\/noticias\/preocupacion-en-el-beisbol-cubano-reportan-en-estado-critico-al-arbitro-omar-lucero\/#article","isPartOf":{"@id":"https:\/\/www.cuballama.com\/noticias\/preocupacion-en-el-beisbol-cubano-reportan-en-estado-critico-al-arbitro-omar-lucero\/"},"author":{"name":"Roberto A.","@id":"https:\/\/www.cuballama.com\/noticias\/#\/schema\/person\/a58502ed4146c8e9f83872e897c76cd2"},"headline":"Preocupaci\u00f3n en el b\u00e9isbol cubano: reportan en estado cr\u00edtico al \u00e1rbitro \u00d3mar Lucero","datePublished":"2026-01-06T14:10:41+00:00","dateModified":"2026-01-06T14:10:44+00:00","mainEntityOfPage":{"@id":"https:\/\/www.cuballama.com\/noticias\/preocupacion-en-el-beisbol-cubano-reportan-en-estado-critico-al-arbitro-omar-lucero\/"},"wordCount":647,"commentCount":0,"publisher":{"@id":"https:\/\/www.cuballama.com\/noticias\/#organization"},"image":{"@id":"https:\/\/www.cuballama.com\/noticias\/preocupacion-en-el-beisbol-cubano-reportan-en-estado-critico-al-arbitro-omar-lucero\/#primaryimage"},"thumbnailUrl":"https:\/\/cdn1.mediawpaccore.net\/wp-content\/uploads\/2026\/01\/06064346\/image-17.png","keywords":["arbitraje","b\u00e9isbol cubano","Holgu\u00edn","\u00d3mar Lucero","Salud","Santiago de Cuba","Serie Nacional"],"articleSection":["Deportes","Noticias","Noticias de Cuba"],"inLanguage":"es","potentialAction":[{"@type":"CommentAction","name":"Comment","target":["https:\/\/www.cuballama.com\/noticias\/preocupacion-en-el-beisbol-cubano-reportan-en-estado-critico-al-arbitro-omar-lucero\/#respond"]}]},{"@type":"WebPage","@id":"https:\/\/www.cuballama.com\/noticias\/preocupacion-en-el-beisbol-cubano-reportan-en-estado-critico-al-arbitro-omar-lucero\/","url":"https:\/\/www.cuballama.com\/noticias\/preocupacion-en-el-beisbol-cubano-reportan-en-estado-critico-al-arbitro-omar-lucero\/","name":"Preocupaci\u00f3n en el b\u00e9isbol cubano: reportan en estado cr\u00edtico al \u00e1rbitro \u00d3mar Lucero - Cuballama Noticias","isPartOf":{"@id":"https:\/\/www.cuballama.com\/noticias\/#website"},"primaryImageOfPage":{"@id":"https:\/\/www.cuballama.com\/noticias\/preocupacion-en-el-beisbol-cubano-reportan-en-estado-critico-al-arbitro-omar-lucero\/#primaryimage"},"image":{"@id":"https:\/\/www.cuballama.com\/noticias\/preocupacion-en-el-beisbol-cubano-reportan-en-estado-critico-al-arbitro-omar-lucero\/#primaryimage"},"thumbnailUrl":"https:\/\/cdn1.mediawpaccore.net\/wp-content\/uploads\/2026\/01\/06064346\/image-17.png","datePublished":"2026-01-06T14:10:41+00:00","dateModified":"2026-01-06T14:10:44+00:00","description":"\u00d3mar Lucero, \u00e1rbitro emblem\u00e1tico del b\u00e9isbol cubano, es reportado en estado cr\u00edtico en redes sociales; crecen los mensajes de apoyo y la incertidumbre ante el silencio institucional.","breadcrumb":{"@id":"https:\/\/www.cuballama.com\/noticias\/preocupacion-en-el-beisbol-cubano-reportan-en-estado-critico-al-arbitro-omar-lucero\/#breadcrumb"},"inLanguage":"es","potentialAction":[{"@type":"ReadAction","target":["https:\/\/www.cuballama.com\/noticias\/preocupacion-en-el-beisbol-cubano-reportan-en-estado-critico-al-arbitro-omar-lucero\/"]}]},{"@type":"ImageObject","inLanguage":"es","@id":"https:\/\/www.cuballama.com\/noticias\/preocupacion-en-el-beisbol-cubano-reportan-en-estado-critico-al-arbitro-omar-lucero\/#primaryimage","url":"https:\/\/cdn1.mediawpaccore.net\/wp-content\/uploads\/2026\/01\/06064346\/image-17.png","contentUrl":"https:\/\/cdn1.mediawpaccore.net\/wp-content\/uploads\/2026\/01\/06064346\/image-17.png","width":1382,"height":750,"caption":"Omar Rafael Lucero Aldaya. Foto: Alexis del Toro"},{"@type":"BreadcrumbList","@id":"https:\/\/www.cuballama.com\/noticias\/preocupacion-en-el-beisbol-cubano-reportan-en-estado-critico-al-arbitro-omar-lucero\/#breadcrumb","itemListElement":[{"@type":"ListItem","position":1,"name":"Home","item":"https:\/\/www.cuballama.com\/noticias\/"},{"@type":"ListItem","position":2,"name":"Preocupaci\u00f3n en el b\u00e9isbol cubano: reportan en estado cr\u00edtico al \u00e1rbitro \u00d3mar Lucero"}]},{"@type":"WebSite","@id":"https:\/\/www.cuballama.com\/noticias\/#website","url":"https:\/\/www.cuballama.com\/noticias\/","name":"Cuballama Noticias","description":"Medio digital sobre Cuba y el mundo","publisher":{"@id":"https:\/\/www.cuballama.com\/noticias\/#organization"},"potentialAction":[{"@type":"SearchAction","target":{"@type":"EntryPoint","urlTemplate":"https:\/\/www.cuballama.com\/noticias\/?s={search_term_string}"},"query-input":{"@type":"PropertyValueSpecification","valueRequired":true,"valueName":"search_term_string"}}],"inLanguage":"es"},{"@type":"Organization","@id":"https:\/\/www.cuballama.com\/noticias\/#organization","name":"Cuballama","url":"https:\/\/www.cuballama.com\/noticias\/","logo":{"@type":"ImageObject","inLanguage":"es","@id":"https:\/\/www.cuballama.com\/noticias\/#\/schema\/logo\/image\/","url":"https:\/\/cdn1.mediawpaccore.net\/wp-content\/uploads\/2021\/12\/28171206\/cbll-logo-color-sm.png","contentUrl":"https:\/\/cdn1.mediawpaccore.net\/wp-content\/uploads\/2021\/12\/28171206\/cbll-logo-color-sm.png","width":600,"height":133,"caption":"Cuballama"},"image":{"@id":"https:\/\/www.cuballama.com\/noticias\/#\/schema\/logo\/image\/"},"sameAs":["https:\/\/www.facebook.com\/CubaLlama","https:\/\/x.com\/cuballama","https:\/\/www.instagram.com\/stories\/cuballama_oficial\/","https:\/\/www.youtube.com\/channel\/UCKkFE-d_axENGZcrc4as0IA"]},{"@type":"Person","@id":"https:\/\/www.cuballama.com\/noticias\/#\/schema\/person\/a58502ed4146c8e9f83872e897c76cd2","name":"Roberto A.","description":"Roberto A. Periodista por decisi\u00f3n propia. Interesado en cualquier tema que me apasione y cada vez m\u00e1s comprometido con la verdad y la objetividad period\u00edstica. Graduado en La Habana hace ya muchos a\u00f1os, luego de una accidentada y polvorienta b\u00fasqueda de informaci\u00f3n sobre un tema in\u00e9dito. La Tesis, por cierto, desapareci\u00f3 de la biblioteca y no se conservan copias de la misma.","url":"https:\/\/www.cuballama.com\/noticias\/author\/roberto\/"}]}},"_links":{"self":[{"href":"https:\/\/www.cuballama.com\/noticias\/wp-json\/wp\/v2\/posts\/230989","targetHints":{"allow":["GET"]}}],"collection":[{"href":"https:\/\/www.cuballama.com\/noticias\/wp-json\/wp\/v2\/posts"}],"about":[{"href":"https:\/\/www.cuballama.com\/noticias\/wp-json\/wp\/v2\/types\/post"}],"author":[{"embeddable":true,"href":"https:\/\/www.cuballama.com\/noticias\/wp-json\/wp\/v2\/users\/13"}],"replies":[{"embeddable":true,"href":"https:\/\/www.cuballama.com\/noticias\/wp-json\/wp\/v2\/comments?post=230989"}],"version-history":[{"count":3,"href":"https:\/\/www.cuballama.com\/noticias\/wp-json\/wp\/v2\/posts\/230989\/revisions"}],"predecessor-version":[{"id":231000,"href":"https:\/\/www.cuballama.com\/noticias\/wp-json\/wp\/v2\/posts\/230989\/revisions\/231000"}],"wp:featuredmedia":[{"embeddable":true,"href":"https:\/\/www.cuballama.com\/noticias\/wp-json\/wp\/v2\/media\/230996"}],"wp:attachment":[{"href":"https:\/\/www.cuballama.com\/noticias\/wp-json\/wp\/v2\/media?parent=230989"}],"wp:term":[{"taxonomy":"category","embeddable":true,"href":"https:\/\/www.cuballama.com\/noticias\/wp-json\/wp\/v2\/categories?post=230989"},{"taxonomy":"post_tag","embeddable":true,"href":"https:\/\/www.cuballama.com\/noticias\/wp-json\/wp\/v2\/tags?post=230989"}],"curies":[{"name":"wp","href":"https:\/\/api.w.org\/{rel}","templated":true}]}}