{"id":230973,"date":"2026-01-06T10:38:21","date_gmt":"2026-01-06T15:38:21","guid":{"rendered":"https:\/\/www.cuballama.com\/noticias\/?p=230973"},"modified":"2026-01-06T10:38:24","modified_gmt":"2026-01-06T15:38:24","slug":"no-mas-distancia-claudia-artiles-y-ultrack-se-declaran-team-la-diosa","status":"publish","type":"post","link":"https:\/\/www.cuballama.com\/noticias\/no-mas-distancia-claudia-artiles-y-ultrack-se-declaran-team-la-diosa\/","title":{"rendered":"\u00bfNo m\u00e1s distancia? Claudia Artiles y Ultrack se declaran Team La Diosa"},"content":{"rendered":"\n<p>En la vida, y m\u00e1s a\u00fan en la far\u00e1ndula, hay acercamientos y distancias. La diferencia es que, mientras en lo cotidiano muchas rupturas se manejan en privado, en el mundo influencer todo queda a la vista: follows, unfollows, silencios e indirectas que el p\u00fablico lee como si fueran subt\u00edtulos.<\/p>\n\n\n\n<p>Esa regla parece aplicar a la relaci\u00f3n que alguna vez tuvieron <strong>La Diosa<\/strong> y los creadores de contenido <strong>Ultrack y Claudia Artiles<\/strong>. De compartirlo pr\u00e1cticamente todo, pasaron a un punto de enfriamiento tan evidente que hoy <strong>ni siquiera se siguen en redes sociales<\/strong>, una se\u00f1al que en estos tiempos pesa casi tanto como una declaraci\u00f3n.<\/p>\n\n\n\n<p>Sin embargo, la distancia no ha impedido que Ultrack y Claudia muestren apoyo p\u00fablico a la cantante, actualmente dentro del reci\u00e9n estrenado reality <strong><em>El Rancho de Destino<\/em><\/strong>. Al estilo de lo que hicieron en su momento con <strong>Pollito Tropical<\/strong> durante su paso por <strong>\u201cLa Casa de Alofoke\u201d<\/strong>, esta vez ambos realizaron donaciones por separado y lo compartieron en historias de Instagram con el hashtag <strong>#TeamDiosa<\/strong>.<\/p>\n\n\n\n<figure class=\"wp-block-image size-large\"><img loading=\"lazy\" decoding=\"async\" width=\"574\" height=\"1024\" src=\"https:\/\/cdn1.mediawpaccore.net\/wp-content\/uploads\/2026\/01\/06103559\/Captura-de-pantalla-2026-01-06-a-las-11.36.30-574x1024.png\" alt=\"\" class=\"wp-image-231074\" srcset=\"https:\/\/cdn1.mediawpaccore.net\/wp-content\/uploads\/2026\/01\/06103559\/Captura-de-pantalla-2026-01-06-a-las-11.36.30-574x1024.png 574w, https:\/\/cdn1.mediawpaccore.net\/wp-content\/uploads\/2026\/01\/06103559\/Captura-de-pantalla-2026-01-06-a-las-11.36.30-168x300.png 168w, https:\/\/cdn1.mediawpaccore.net\/wp-content\/uploads\/2026\/01\/06103559\/Captura-de-pantalla-2026-01-06-a-las-11.36.30-768x1371.png 768w, https:\/\/cdn1.mediawpaccore.net\/wp-content\/uploads\/2026\/01\/06103559\/Captura-de-pantalla-2026-01-06-a-las-11.36.30-235x420.png 235w, https:\/\/cdn1.mediawpaccore.net\/wp-content\/uploads\/2026\/01\/06103559\/Captura-de-pantalla-2026-01-06-a-las-11.36.30-150x268.png 150w, https:\/\/cdn1.mediawpaccore.net\/wp-content\/uploads\/2026\/01\/06103559\/Captura-de-pantalla-2026-01-06-a-las-11.36.30-300x536.png 300w, https:\/\/cdn1.mediawpaccore.net\/wp-content\/uploads\/2026\/01\/06103559\/Captura-de-pantalla-2026-01-06-a-las-11.36.30-696x1243.png 696w, https:\/\/cdn1.mediawpaccore.net\/wp-content\/uploads\/2026\/01\/06103559\/Captura-de-pantalla-2026-01-06-a-las-11.36.30.png 820w\" sizes=\"auto, (max-width: 574px) 100vw, 574px\" \/><figcaption class=\"wp-element-caption\">Captura de pantalla historia de Instagram de Claudia Artiles<\/figcaption><\/figure>\n\n\n\n<p>Aun as\u00ed, el gesto solidario no parece traducirse, al menos por ahora, en reconciliaci\u00f3n. La falta de seguimiento mutuo sigue ah\u00ed, como un recordatorio silencioso de que lo que se rompi\u00f3 no se arregla con un sticker y un repost.<\/p>\n\n\n\n<p>Cuando La Diosa se refiri\u00f3 a la distancia con la pareja, no entr\u00f3 en detalles, <strong><a href=\"https:\/\/www.cuballama.com\/noticias\/la-diosa-marca-distancia-con-ultrack-y-claudia-artiles-la-vida-es-asi-las-cosas-suceden\/\" target=\"_blank\" rel=\"noreferrer noopener\">pero s\u00ed dej\u00f3 una idea clara<\/a><\/strong>, de esas que suenan a cierre de cap\u00edtulo: \u201cLa vida es as\u00ed, en la vida existen cambios. Y no es por nada, es as\u00ed, sucede\u201d, coment\u00f3.<\/p>\n\n\n\n<p>Seg\u00fan se ha comentado en redes, el distanciamiento habr\u00eda cobrado fuerza tras un video en el que Artiles sugiri\u00f3 que algunas mujeres cercanas a Ultrack le aconsejaron a \u00e9l no iniciar una relaci\u00f3n con ella por ser madre de un ni\u00f1o con s\u00edndrome de Down. La lectura fue explosiva y, al parecer, La Diosa lo interpret\u00f3 como una indirecta.&nbsp;<\/p>\n\n\n\n<p>La respuesta no se hizo esperar y lleg\u00f3 en forma de comentario, directo y sin pa\u00f1os tibios: \u201cChica, yo no conozco muchas amistades mujeres de Ultrack y me gustar\u00eda que, cuando vayas a hablar as\u00ed, digas el nombre. Aunque yo sea examiga, a Marlon lo trat\u00e9 con mucho amor. Eso es lo malo, no saben respetar y ya estoy cansad\u00edsima de esta gracia asquerosa. Habla con nombres, Claudia\u201d.<\/p>\n\n\n\n<p>Y as\u00ed, entre apoyos p\u00fablicos y fracturas privadas, el tri\u00e1ngulo La Diosa-Ultrack-Claudia se queda, por ahora, en ese territorio inc\u00f3modo donde todo parece cordial\u2026 pero nada vuelve a ser como antes.<\/p>\n","protected":false},"excerpt":{"rendered":"<p>Ultrack y Claudia Artiles mostraron apoyo a La Diosa en El Rancho de Destino con donaciones y el hashtag #TeamDiosa, aunque siguen distanciados y sin \u201cfollow\u201d.<\/p>\n","protected":false},"author":29,"featured_media":226750,"comment_status":"open","ping_status":"closed","sticky":false,"template":"","format":"standard","meta":{"_acf_changed":false,"footnotes":""},"categories":[443],"tags":[23580,92,11050,8394,5202,17763],"class_list":{"0":"post-230973","1":"post","2":"type-post","3":"status-publish","4":"format-standard","5":"has-post-thumbnail","7":"category-farandula","8":"tag-claudia-artiles","9":"tag-cubanos","10":"tag-cubanos-en-miami","11":"tag-influencers-cubanos","12":"tag-la-diosa","13":"tag-ultrack"},"acf":[],"yoast_head":"<!-- This site is optimized with the Yoast SEO plugin v27.4 - https:\/\/yoast.com\/product\/yoast-seo-wordpress\/ -->\n<title>\u00bfNo m\u00e1s distancia? Claudia Artiles y Ultrack se declaran Team La Diosa - Cuballama Noticias<\/title>\n<meta name=\"description\" content=\"Ultrack y Claudia Artiles mostraron apoyo a La Diosa en El Rancho de Destino con donaciones y el hashtag #TeamDiosa.\" \/>\n<meta name=\"robots\" content=\"index, follow, max-snippet:-1, max-image-preview:large, max-video-preview:-1\" \/>\n<link rel=\"canonical\" href=\"https:\/\/www.cuballama.com\/noticias\/no-mas-distancia-claudia-artiles-y-ultrack-se-declaran-team-la-diosa\/\" \/>\n<meta property=\"og:locale\" content=\"es_ES\" \/>\n<meta property=\"og:type\" content=\"article\" \/>\n<meta property=\"og:title\" content=\"\u00bfNo m\u00e1s distancia? Claudia Artiles y Ultrack se declaran Team La Diosa - Cuballama Noticias\" \/>\n<meta property=\"og:description\" content=\"Ultrack y Claudia Artiles mostraron apoyo a La Diosa en El Rancho de Destino con donaciones y el hashtag #TeamDiosa.\" \/>\n<meta property=\"og:url\" content=\"https:\/\/www.cuballama.com\/noticias\/no-mas-distancia-claudia-artiles-y-ultrack-se-declaran-team-la-diosa\/\" \/>\n<meta property=\"og:site_name\" content=\"Cuballama Noticias\" \/>\n<meta property=\"article:publisher\" content=\"https:\/\/www.facebook.com\/CubaLlama\" \/>\n<meta property=\"article:published_time\" content=\"2026-01-06T15:38:21+00:00\" \/>\n<meta property=\"article:modified_time\" content=\"2026-01-06T15:38:24+00:00\" \/>\n<meta property=\"og:image\" content=\"https:\/\/cdn1.mediawpaccore.net\/wp-content\/uploads\/2025\/11\/24085311\/WhatsApp-Image-2025-11-24-at-14.44.45.jpeg\" \/>\n\t<meta property=\"og:image:width\" content=\"1880\" \/>\n\t<meta property=\"og:image:height\" content=\"1342\" \/>\n\t<meta property=\"og:image:type\" content=\"image\/jpeg\" \/>\n<meta name=\"author\" content=\"Sof\u00eda Reyes\" \/>\n<meta name=\"twitter:card\" content=\"summary_large_image\" \/>\n<meta name=\"twitter:creator\" content=\"@cuballama\" \/>\n<meta name=\"twitter:site\" content=\"@cuballama\" \/>\n<meta name=\"twitter:label1\" content=\"Escrito por\" \/>\n\t<meta name=\"twitter:data1\" content=\"Sof\u00eda Reyes\" \/>\n\t<meta name=\"twitter:label2\" content=\"Tiempo de lectura\" \/>\n\t<meta name=\"twitter:data2\" content=\"3 minutos\" \/>\n<script type=\"application\/ld+json\" class=\"yoast-schema-graph\">{\"@context\":\"https:\\\/\\\/schema.org\",\"@graph\":[{\"@type\":\"Article\",\"@id\":\"https:\\\/\\\/www.cuballama.com\\\/noticias\\\/no-mas-distancia-claudia-artiles-y-ultrack-se-declaran-team-la-diosa\\\/#article\",\"isPartOf\":{\"@id\":\"https:\\\/\\\/www.cuballama.com\\\/noticias\\\/no-mas-distancia-claudia-artiles-y-ultrack-se-declaran-team-la-diosa\\\/\"},\"author\":{\"name\":\"Sof\u00eda Reyes\",\"@id\":\"https:\\\/\\\/www.cuballama.com\\\/noticias\\\/#\\\/schema\\\/person\\\/5cba2b8cc25a3159e49fe730a94d512e\"},\"headline\":\"\u00bfNo m\u00e1s distancia? Claudia Artiles y Ultrack se declaran Team La Diosa\",\"datePublished\":\"2026-01-06T15:38:21+00:00\",\"dateModified\":\"2026-01-06T15:38:24+00:00\",\"mainEntityOfPage\":{\"@id\":\"https:\\\/\\\/www.cuballama.com\\\/noticias\\\/no-mas-distancia-claudia-artiles-y-ultrack-se-declaran-team-la-diosa\\\/\"},\"wordCount\":461,\"commentCount\":0,\"publisher\":{\"@id\":\"https:\\\/\\\/www.cuballama.com\\\/noticias\\\/#organization\"},\"image\":{\"@id\":\"https:\\\/\\\/www.cuballama.com\\\/noticias\\\/no-mas-distancia-claudia-artiles-y-ultrack-se-declaran-team-la-diosa\\\/#primaryimage\"},\"thumbnailUrl\":\"https:\\\/\\\/cdn1.mediawpaccore.net\\\/wp-content\\\/uploads\\\/2025\\\/11\\\/24085311\\\/WhatsApp-Image-2025-11-24-at-14.44.45.jpeg\",\"keywords\":[\"Claudia Artiles\",\"cubanos\",\"cubanos en Miami\",\"Influencers cubanos\",\"La Diosa\",\"Ultrack\"],\"articleSection\":[\"Far\u00e1ndula\"],\"inLanguage\":\"es\",\"potentialAction\":[{\"@type\":\"CommentAction\",\"name\":\"Comment\",\"target\":[\"https:\\\/\\\/www.cuballama.com\\\/noticias\\\/no-mas-distancia-claudia-artiles-y-ultrack-se-declaran-team-la-diosa\\\/#respond\"]}]},{\"@type\":\"WebPage\",\"@id\":\"https:\\\/\\\/www.cuballama.com\\\/noticias\\\/no-mas-distancia-claudia-artiles-y-ultrack-se-declaran-team-la-diosa\\\/\",\"url\":\"https:\\\/\\\/www.cuballama.com\\\/noticias\\\/no-mas-distancia-claudia-artiles-y-ultrack-se-declaran-team-la-diosa\\\/\",\"name\":\"\u00bfNo m\u00e1s distancia? Claudia Artiles y Ultrack se declaran Team La Diosa - Cuballama Noticias\",\"isPartOf\":{\"@id\":\"https:\\\/\\\/www.cuballama.com\\\/noticias\\\/#website\"},\"primaryImageOfPage\":{\"@id\":\"https:\\\/\\\/www.cuballama.com\\\/noticias\\\/no-mas-distancia-claudia-artiles-y-ultrack-se-declaran-team-la-diosa\\\/#primaryimage\"},\"image\":{\"@id\":\"https:\\\/\\\/www.cuballama.com\\\/noticias\\\/no-mas-distancia-claudia-artiles-y-ultrack-se-declaran-team-la-diosa\\\/#primaryimage\"},\"thumbnailUrl\":\"https:\\\/\\\/cdn1.mediawpaccore.net\\\/wp-content\\\/uploads\\\/2025\\\/11\\\/24085311\\\/WhatsApp-Image-2025-11-24-at-14.44.45.jpeg\",\"datePublished\":\"2026-01-06T15:38:21+00:00\",\"dateModified\":\"2026-01-06T15:38:24+00:00\",\"description\":\"Ultrack y Claudia Artiles mostraron apoyo a La Diosa en El Rancho de Destino con donaciones y el hashtag #TeamDiosa.\",\"breadcrumb\":{\"@id\":\"https:\\\/\\\/www.cuballama.com\\\/noticias\\\/no-mas-distancia-claudia-artiles-y-ultrack-se-declaran-team-la-diosa\\\/#breadcrumb\"},\"inLanguage\":\"es\",\"potentialAction\":[{\"@type\":\"ReadAction\",\"target\":[\"https:\\\/\\\/www.cuballama.com\\\/noticias\\\/no-mas-distancia-claudia-artiles-y-ultrack-se-declaran-team-la-diosa\\\/\"]}]},{\"@type\":\"ImageObject\",\"inLanguage\":\"es\",\"@id\":\"https:\\\/\\\/www.cuballama.com\\\/noticias\\\/no-mas-distancia-claudia-artiles-y-ultrack-se-declaran-team-la-diosa\\\/#primaryimage\",\"url\":\"https:\\\/\\\/cdn1.mediawpaccore.net\\\/wp-content\\\/uploads\\\/2025\\\/11\\\/24085311\\\/WhatsApp-Image-2025-11-24-at-14.44.45.jpeg\",\"contentUrl\":\"https:\\\/\\\/cdn1.mediawpaccore.net\\\/wp-content\\\/uploads\\\/2025\\\/11\\\/24085311\\\/WhatsApp-Image-2025-11-24-at-14.44.45.jpeg\",\"width\":1880,\"height\":1342,\"caption\":\"Foto: Instagram\"},{\"@type\":\"BreadcrumbList\",\"@id\":\"https:\\\/\\\/www.cuballama.com\\\/noticias\\\/no-mas-distancia-claudia-artiles-y-ultrack-se-declaran-team-la-diosa\\\/#breadcrumb\",\"itemListElement\":[{\"@type\":\"ListItem\",\"position\":1,\"name\":\"Home\",\"item\":\"https:\\\/\\\/www.cuballama.com\\\/noticias\\\/\"},{\"@type\":\"ListItem\",\"position\":2,\"name\":\"\u00bfNo m\u00e1s distancia? Claudia Artiles y Ultrack se declaran Team La Diosa\"}]},{\"@type\":\"WebSite\",\"@id\":\"https:\\\/\\\/www.cuballama.com\\\/noticias\\\/#website\",\"url\":\"https:\\\/\\\/www.cuballama.com\\\/noticias\\\/\",\"name\":\"Cuballama Noticias\",\"description\":\"Medio digital sobre Cuba y el mundo\",\"publisher\":{\"@id\":\"https:\\\/\\\/www.cuballama.com\\\/noticias\\\/#organization\"},\"potentialAction\":[{\"@type\":\"SearchAction\",\"target\":{\"@type\":\"EntryPoint\",\"urlTemplate\":\"https:\\\/\\\/www.cuballama.com\\\/noticias\\\/?s={search_term_string}\"},\"query-input\":{\"@type\":\"PropertyValueSpecification\",\"valueRequired\":true,\"valueName\":\"search_term_string\"}}],\"inLanguage\":\"es\"},{\"@type\":\"Organization\",\"@id\":\"https:\\\/\\\/www.cuballama.com\\\/noticias\\\/#organization\",\"name\":\"Cuballama\",\"url\":\"https:\\\/\\\/www.cuballama.com\\\/noticias\\\/\",\"logo\":{\"@type\":\"ImageObject\",\"inLanguage\":\"es\",\"@id\":\"https:\\\/\\\/www.cuballama.com\\\/noticias\\\/#\\\/schema\\\/logo\\\/image\\\/\",\"url\":\"https:\\\/\\\/cdn1.mediawpaccore.net\\\/wp-content\\\/uploads\\\/2021\\\/12\\\/28171206\\\/cbll-logo-color-sm.png\",\"contentUrl\":\"https:\\\/\\\/cdn1.mediawpaccore.net\\\/wp-content\\\/uploads\\\/2021\\\/12\\\/28171206\\\/cbll-logo-color-sm.png\",\"width\":600,\"height\":133,\"caption\":\"Cuballama\"},\"image\":{\"@id\":\"https:\\\/\\\/www.cuballama.com\\\/noticias\\\/#\\\/schema\\\/logo\\\/image\\\/\"},\"sameAs\":[\"https:\\\/\\\/www.facebook.com\\\/CubaLlama\",\"https:\\\/\\\/x.com\\\/cuballama\",\"https:\\\/\\\/www.instagram.com\\\/stories\\\/cuballama_oficial\\\/\",\"https:\\\/\\\/www.youtube.com\\\/channel\\\/UCKkFE-d_axENGZcrc4as0IA\"]},{\"@type\":\"Person\",\"@id\":\"https:\\\/\\\/www.cuballama.com\\\/noticias\\\/#\\\/schema\\\/person\\\/5cba2b8cc25a3159e49fe730a94d512e\",\"name\":\"Sof\u00eda Reyes\",\"url\":\"https:\\\/\\\/www.cuballama.com\\\/noticias\\\/author\\\/laura\\\/\"}]}<\/script>\n<!-- \/ Yoast SEO plugin. -->","yoast_head_json":{"title":"\u00bfNo m\u00e1s distancia? Claudia Artiles y Ultrack se declaran Team La Diosa - Cuballama Noticias","description":"Ultrack y Claudia Artiles mostraron apoyo a La Diosa en El Rancho de Destino con donaciones y el hashtag #TeamDiosa.","robots":{"index":"index","follow":"follow","max-snippet":"max-snippet:-1","max-image-preview":"max-image-preview:large","max-video-preview":"max-video-preview:-1"},"canonical":"https:\/\/www.cuballama.com\/noticias\/no-mas-distancia-claudia-artiles-y-ultrack-se-declaran-team-la-diosa\/","og_locale":"es_ES","og_type":"article","og_title":"\u00bfNo m\u00e1s distancia? Claudia Artiles y Ultrack se declaran Team La Diosa - Cuballama Noticias","og_description":"Ultrack y Claudia Artiles mostraron apoyo a La Diosa en El Rancho de Destino con donaciones y el hashtag #TeamDiosa.","og_url":"https:\/\/www.cuballama.com\/noticias\/no-mas-distancia-claudia-artiles-y-ultrack-se-declaran-team-la-diosa\/","og_site_name":"Cuballama Noticias","article_publisher":"https:\/\/www.facebook.com\/CubaLlama","article_published_time":"2026-01-06T15:38:21+00:00","article_modified_time":"2026-01-06T15:38:24+00:00","og_image":[{"width":1880,"height":1342,"url":"https:\/\/cdn1.mediawpaccore.net\/wp-content\/uploads\/2025\/11\/24085311\/WhatsApp-Image-2025-11-24-at-14.44.45.jpeg","type":"image\/jpeg"}],"author":"Sof\u00eda Reyes","twitter_card":"summary_large_image","twitter_creator":"@cuballama","twitter_site":"@cuballama","twitter_misc":{"Escrito por":"Sof\u00eda Reyes","Tiempo de lectura":"3 minutos"},"schema":{"@context":"https:\/\/schema.org","@graph":[{"@type":"Article","@id":"https:\/\/www.cuballama.com\/noticias\/no-mas-distancia-claudia-artiles-y-ultrack-se-declaran-team-la-diosa\/#article","isPartOf":{"@id":"https:\/\/www.cuballama.com\/noticias\/no-mas-distancia-claudia-artiles-y-ultrack-se-declaran-team-la-diosa\/"},"author":{"name":"Sof\u00eda Reyes","@id":"https:\/\/www.cuballama.com\/noticias\/#\/schema\/person\/5cba2b8cc25a3159e49fe730a94d512e"},"headline":"\u00bfNo m\u00e1s distancia? Claudia Artiles y Ultrack se declaran Team La Diosa","datePublished":"2026-01-06T15:38:21+00:00","dateModified":"2026-01-06T15:38:24+00:00","mainEntityOfPage":{"@id":"https:\/\/www.cuballama.com\/noticias\/no-mas-distancia-claudia-artiles-y-ultrack-se-declaran-team-la-diosa\/"},"wordCount":461,"commentCount":0,"publisher":{"@id":"https:\/\/www.cuballama.com\/noticias\/#organization"},"image":{"@id":"https:\/\/www.cuballama.com\/noticias\/no-mas-distancia-claudia-artiles-y-ultrack-se-declaran-team-la-diosa\/#primaryimage"},"thumbnailUrl":"https:\/\/cdn1.mediawpaccore.net\/wp-content\/uploads\/2025\/11\/24085311\/WhatsApp-Image-2025-11-24-at-14.44.45.jpeg","keywords":["Claudia Artiles","cubanos","cubanos en Miami","Influencers cubanos","La Diosa","Ultrack"],"articleSection":["Far\u00e1ndula"],"inLanguage":"es","potentialAction":[{"@type":"CommentAction","name":"Comment","target":["https:\/\/www.cuballama.com\/noticias\/no-mas-distancia-claudia-artiles-y-ultrack-se-declaran-team-la-diosa\/#respond"]}]},{"@type":"WebPage","@id":"https:\/\/www.cuballama.com\/noticias\/no-mas-distancia-claudia-artiles-y-ultrack-se-declaran-team-la-diosa\/","url":"https:\/\/www.cuballama.com\/noticias\/no-mas-distancia-claudia-artiles-y-ultrack-se-declaran-team-la-diosa\/","name":"\u00bfNo m\u00e1s distancia? Claudia Artiles y Ultrack se declaran Team La Diosa - Cuballama Noticias","isPartOf":{"@id":"https:\/\/www.cuballama.com\/noticias\/#website"},"primaryImageOfPage":{"@id":"https:\/\/www.cuballama.com\/noticias\/no-mas-distancia-claudia-artiles-y-ultrack-se-declaran-team-la-diosa\/#primaryimage"},"image":{"@id":"https:\/\/www.cuballama.com\/noticias\/no-mas-distancia-claudia-artiles-y-ultrack-se-declaran-team-la-diosa\/#primaryimage"},"thumbnailUrl":"https:\/\/cdn1.mediawpaccore.net\/wp-content\/uploads\/2025\/11\/24085311\/WhatsApp-Image-2025-11-24-at-14.44.45.jpeg","datePublished":"2026-01-06T15:38:21+00:00","dateModified":"2026-01-06T15:38:24+00:00","description":"Ultrack y Claudia Artiles mostraron apoyo a La Diosa en El Rancho de Destino con donaciones y el hashtag #TeamDiosa.","breadcrumb":{"@id":"https:\/\/www.cuballama.com\/noticias\/no-mas-distancia-claudia-artiles-y-ultrack-se-declaran-team-la-diosa\/#breadcrumb"},"inLanguage":"es","potentialAction":[{"@type":"ReadAction","target":["https:\/\/www.cuballama.com\/noticias\/no-mas-distancia-claudia-artiles-y-ultrack-se-declaran-team-la-diosa\/"]}]},{"@type":"ImageObject","inLanguage":"es","@id":"https:\/\/www.cuballama.com\/noticias\/no-mas-distancia-claudia-artiles-y-ultrack-se-declaran-team-la-diosa\/#primaryimage","url":"https:\/\/cdn1.mediawpaccore.net\/wp-content\/uploads\/2025\/11\/24085311\/WhatsApp-Image-2025-11-24-at-14.44.45.jpeg","contentUrl":"https:\/\/cdn1.mediawpaccore.net\/wp-content\/uploads\/2025\/11\/24085311\/WhatsApp-Image-2025-11-24-at-14.44.45.jpeg","width":1880,"height":1342,"caption":"Foto: Instagram"},{"@type":"BreadcrumbList","@id":"https:\/\/www.cuballama.com\/noticias\/no-mas-distancia-claudia-artiles-y-ultrack-se-declaran-team-la-diosa\/#breadcrumb","itemListElement":[{"@type":"ListItem","position":1,"name":"Home","item":"https:\/\/www.cuballama.com\/noticias\/"},{"@type":"ListItem","position":2,"name":"\u00bfNo m\u00e1s distancia? Claudia Artiles y Ultrack se declaran Team La Diosa"}]},{"@type":"WebSite","@id":"https:\/\/www.cuballama.com\/noticias\/#website","url":"https:\/\/www.cuballama.com\/noticias\/","name":"Cuballama Noticias","description":"Medio digital sobre Cuba y el mundo","publisher":{"@id":"https:\/\/www.cuballama.com\/noticias\/#organization"},"potentialAction":[{"@type":"SearchAction","target":{"@type":"EntryPoint","urlTemplate":"https:\/\/www.cuballama.com\/noticias\/?s={search_term_string}"},"query-input":{"@type":"PropertyValueSpecification","valueRequired":true,"valueName":"search_term_string"}}],"inLanguage":"es"},{"@type":"Organization","@id":"https:\/\/www.cuballama.com\/noticias\/#organization","name":"Cuballama","url":"https:\/\/www.cuballama.com\/noticias\/","logo":{"@type":"ImageObject","inLanguage":"es","@id":"https:\/\/www.cuballama.com\/noticias\/#\/schema\/logo\/image\/","url":"https:\/\/cdn1.mediawpaccore.net\/wp-content\/uploads\/2021\/12\/28171206\/cbll-logo-color-sm.png","contentUrl":"https:\/\/cdn1.mediawpaccore.net\/wp-content\/uploads\/2021\/12\/28171206\/cbll-logo-color-sm.png","width":600,"height":133,"caption":"Cuballama"},"image":{"@id":"https:\/\/www.cuballama.com\/noticias\/#\/schema\/logo\/image\/"},"sameAs":["https:\/\/www.facebook.com\/CubaLlama","https:\/\/x.com\/cuballama","https:\/\/www.instagram.com\/stories\/cuballama_oficial\/","https:\/\/www.youtube.com\/channel\/UCKkFE-d_axENGZcrc4as0IA"]},{"@type":"Person","@id":"https:\/\/www.cuballama.com\/noticias\/#\/schema\/person\/5cba2b8cc25a3159e49fe730a94d512e","name":"Sof\u00eda Reyes","url":"https:\/\/www.cuballama.com\/noticias\/author\/laura\/"}]}},"_links":{"self":[{"href":"https:\/\/www.cuballama.com\/noticias\/wp-json\/wp\/v2\/posts\/230973","targetHints":{"allow":["GET"]}}],"collection":[{"href":"https:\/\/www.cuballama.com\/noticias\/wp-json\/wp\/v2\/posts"}],"about":[{"href":"https:\/\/www.cuballama.com\/noticias\/wp-json\/wp\/v2\/types\/post"}],"author":[{"embeddable":true,"href":"https:\/\/www.cuballama.com\/noticias\/wp-json\/wp\/v2\/users\/29"}],"replies":[{"embeddable":true,"href":"https:\/\/www.cuballama.com\/noticias\/wp-json\/wp\/v2\/comments?post=230973"}],"version-history":[{"count":2,"href":"https:\/\/www.cuballama.com\/noticias\/wp-json\/wp\/v2\/posts\/230973\/revisions"}],"predecessor-version":[{"id":231076,"href":"https:\/\/www.cuballama.com\/noticias\/wp-json\/wp\/v2\/posts\/230973\/revisions\/231076"}],"wp:featuredmedia":[{"embeddable":true,"href":"https:\/\/www.cuballama.com\/noticias\/wp-json\/wp\/v2\/media\/226750"}],"wp:attachment":[{"href":"https:\/\/www.cuballama.com\/noticias\/wp-json\/wp\/v2\/media?parent=230973"}],"wp:term":[{"taxonomy":"category","embeddable":true,"href":"https:\/\/www.cuballama.com\/noticias\/wp-json\/wp\/v2\/categories?post=230973"},{"taxonomy":"post_tag","embeddable":true,"href":"https:\/\/www.cuballama.com\/noticias\/wp-json\/wp\/v2\/tags?post=230973"}],"curies":[{"name":"wp","href":"https:\/\/api.w.org\/{rel}","templated":true}]}}