{"id":230863,"date":"2026-01-05T15:13:22","date_gmt":"2026-01-05T20:13:22","guid":{"rendered":"https:\/\/www.cuballama.com\/noticias\/?p=230863"},"modified":"2026-01-05T15:31:21","modified_gmt":"2026-01-05T20:31:21","slug":"la-diosa-quiere-que-los-cubanos-aceleren-el-proceso-tras-la-captura-de-maduro-preparense-castros","status":"publish","type":"post","link":"https:\/\/www.cuballama.com\/noticias\/la-diosa-quiere-que-los-cubanos-aceleren-el-proceso-tras-la-captura-de-maduro-preparense-castros\/","title":{"rendered":"La Diosa quiere que los cubanos \u201caceleren el proceso\u201d tras la captura de Maduro: \u201cPrep\u00e1rense, Castros\u201d"},"content":{"rendered":"\n<p>La cantante cubana Dianelys Alfonso Cartaya, m\u00e1s conocida como La Diosa, se mostr\u00f3 feliz este fin de semana tras conocer que el exdictador venezolano, <a href=\"https:\/\/www.cuballama.com\/noticias\/nicolas-maduro-se-declara-no-culpable-ante-tribunal-de-nueva-york-sigo-siendo-el-presidente\/\" target=\"_blank\" rel=\"noreferrer noopener\">Nicol\u00e1s Maduro<\/a>, hab\u00eda sido capturado por tropas estadounidenses.\u00a0<\/p>\n\n\n\n<p>Poco antes de entrar al reality show El rancho de Destino, La Diosa le envi\u00f3 un mensaje al mandatario cubano Miguel D\u00edaz-Canel a trav\u00e9s de redes sociales, en el que le asegur\u00f3 que \u00e9l ser\u00e1 \u201cel siguiente\u201d.&nbsp;<\/p>\n\n\n\n<p>\u201cCubanos a por su libertad. Aceleren el proceso\u201d, escribi\u00f3 euf\u00f3rica la popular artista.<\/p>\n\n\n\n<iframe loading=\"lazy\" src=\"https:\/\/www.facebook.com\/plugins\/post.php?href=https%3A%2F%2Fwww.facebook.com%2Fcubadiosa%2Fposts%2Fpfbid02RGsCSum2oWwh7p5enR8HbawZPJMd3JdzPnkBMJqxx5nxc4zRM96hycrR92uJme6Rl&#038;show_text=true&#038;width=500\" width=\"500\" height=\"588\" style=\"border:none;overflow:hidden\" scrolling=\"no\" frameborder=\"0\" allowfullscreen=\"true\" allow=\"autoplay; clipboard-write; encrypted-media; picture-in-picture; web-share\"><\/iframe>\n\n\n\n<p>\u201cFelicidades, Venezuela, est\u00e1s por ser libre. Prep\u00e1rense, Castros\u201d, expres\u00f3 adem\u00e1s La Diosa, una conocida cr\u00edtica de los gobernantes cubanos, tanto dentro como fuera de la isla.<\/p>\n\n\n\n<p>Asimismo, el reguetonero cubano conocido como El Chacal, le pidi\u00f3 este fin de semana al presidente de Estados Unidos, Donald Trump, que D\u00edaz-Canel sea \u201cel pr\u00f3ximo\u201d en caer.<\/p>\n\n\n\n<p>\u201cPap\u00e1 Trump, POTUS, por favor, en nombre de los millones de cubanos que queremos una Cuba libre, \u00bft\u00fa no crees que en los tres a\u00f1os de mandato que te quedan haya libertad pa mi gente?\u201d, pregunt\u00f3 antes de decir: \u201cViva, Cuba libre. Viva, Venezuela libre\u201d.<\/p>\n\n\n\n<p>Por su parte, este domingo Trump asegur\u00f3 que Cuba est\u00e1 \u201ca punto de caer\u201d, ya que su econom\u00eda est\u00e1 en la ruina, un escenario que se ver\u00e1 empeorado porque ahora no tendr\u00e1 acceso al petr\u00f3leo venezolano.<\/p>\n\n\n\n<iframe loading=\"lazy\" src=\"https:\/\/www.facebook.com\/plugins\/post.php?href=https%3A%2F%2Fwww.facebook.com%2Fcubadiosa%2Fposts%2Fpfbid0GGdBLyWvmoAYqL9dWKieyjXpLRBiYbQ5ySoeY4uBUyCsPG79WMaYcFZFhMty9zcJl&#038;show_text=true&#038;width=500\" width=\"500\" height=\"250\" style=\"border:none;overflow:hidden\" scrolling=\"no\" frameborder=\"0\" allowfullscreen=\"true\" allow=\"autoplay; clipboard-write; encrypted-media; picture-in-picture; web-share\"><\/iframe>\n\n\n\n<p>\u201cCuba parece que est\u00e1 a punto de caer, se est\u00e1 hundiendo definitivamente. No s\u00e9 c\u00f3mo van a poder mantenerse, no tienen ingresos. Recib\u00edan todo sus ingresos de Venezuela, del petr\u00f3leo venezolano\u201d, se\u00f1al\u00f3 el mandatario, consciente de que, muchos cubanoamericanos, entre los que se cuenta El Chacal, \u201cvan a estar muy contentos con nosotros\u201d.<\/p>\n\n\n\n<p>\u201cNo pienso que debamos tomar ninguna acci\u00f3n. Parece que se est\u00e1 cayendo\u201d, dijo el republicano.<\/p>\n\n\n\n<p>En las declaraciones, realizadas a bordo del Air Force One, Trump consider\u00f3 que, ante la mala situaci\u00f3n econ\u00f3mica en la isla, no ser\u00eda necesaria una operaci\u00f3n similar a la que se llev\u00f3 a cabo el s\u00e1bado en Caracas para detener a Maduro. \u201cNo creo que necesitemos ninguna acci\u00f3n\u201d, asegur\u00f3 un d\u00eda despu\u00e9s de decir que consideraba que el gobierno cubano era \u201cmuy similar\u201d al venezolano.<\/p>\n","protected":false},"excerpt":{"rendered":"<p>La cantante no se qued\u00f3 en silencio tras la detenci\u00f3n del expresidente venezolano.<\/p>\n","protected":false},"author":30,"featured_media":230866,"comment_status":"open","ping_status":"closed","sticky":false,"template":"","format":"standard","meta":{"_acf_changed":false,"footnotes":""},"categories":[443,18],"tags":[941,3895,5202,4954,9887,11576],"class_list":{"0":"post-230863","1":"post","2":"type-post","3":"status-publish","4":"format-standard","5":"has-post-thumbnail","7":"category-farandula","8":"category-noticias","9":"tag-destacado","10":"tag-gobierno-cubano","11":"tag-la-diosa","12":"tag-libertad","13":"tag-miguel-diaz-canel-bermudez","14":"tag-nicolas-maduro-2"},"acf":[],"yoast_head":"<!-- This site is optimized with the Yoast SEO plugin v27.5 - https:\/\/yoast.com\/product\/yoast-seo-wordpress\/ -->\n<title>La Diosa quiere que los cubanos \u201caceleren el proceso\u201d tras la captura de Maduro: \u201cPrep\u00e1rense, Castros\u201d - Cuballama Noticias<\/title>\n<meta name=\"description\" content=\"La cantante cubana conocida como La Diosa se mostr\u00f3 feliz tras conocer la captura del exdictador venezolano, Nicol\u00e1s Maduro.\" \/>\n<meta name=\"robots\" content=\"index, follow, max-snippet:-1, max-image-preview:large, max-video-preview:-1\" \/>\n<link rel=\"canonical\" href=\"https:\/\/www.cuballama.com\/noticias\/la-diosa-quiere-que-los-cubanos-aceleren-el-proceso-tras-la-captura-de-maduro-preparense-castros\/\" \/>\n<meta property=\"og:locale\" content=\"es_ES\" \/>\n<meta property=\"og:type\" content=\"article\" \/>\n<meta property=\"og:title\" content=\"La Diosa quiere que los cubanos \u201caceleren el proceso\u201d tras la captura de Maduro: \u201cPrep\u00e1rense, Castros\u201d - Cuballama Noticias\" \/>\n<meta property=\"og:description\" content=\"La cantante cubana conocida como La Diosa se mostr\u00f3 feliz tras conocer la captura del exdictador venezolano, Nicol\u00e1s Maduro.\" \/>\n<meta property=\"og:url\" content=\"https:\/\/www.cuballama.com\/noticias\/la-diosa-quiere-que-los-cubanos-aceleren-el-proceso-tras-la-captura-de-maduro-preparense-castros\/\" \/>\n<meta property=\"og:site_name\" content=\"Cuballama Noticias\" \/>\n<meta property=\"article:publisher\" content=\"https:\/\/www.facebook.com\/CubaLlama\" \/>\n<meta property=\"article:published_time\" content=\"2026-01-05T20:13:22+00:00\" \/>\n<meta property=\"article:modified_time\" content=\"2026-01-05T20:31:21+00:00\" \/>\n<meta property=\"og:image\" content=\"https:\/\/cdn1.mediawpaccore.net\/wp-content\/uploads\/2026\/01\/05121716\/595679255_1400808988369513_5669791838400712561_n1.jpg\" \/>\n\t<meta property=\"og:image:width\" content=\"1200\" \/>\n\t<meta property=\"og:image:height\" content=\"630\" \/>\n\t<meta property=\"og:image:type\" content=\"image\/jpeg\" \/>\n<meta name=\"author\" content=\"Kathy\" \/>\n<meta name=\"twitter:card\" content=\"summary_large_image\" \/>\n<meta name=\"twitter:creator\" content=\"@cuballama\" \/>\n<meta name=\"twitter:site\" content=\"@cuballama\" \/>\n<meta name=\"twitter:label1\" content=\"Escrito por\" \/>\n\t<meta name=\"twitter:data1\" content=\"Kathy\" \/>\n\t<meta name=\"twitter:label2\" content=\"Tiempo de lectura\" \/>\n\t<meta name=\"twitter:data2\" content=\"2 minutos\" \/>\n<script type=\"application\/ld+json\" class=\"yoast-schema-graph\">{\"@context\":\"https:\\\/\\\/schema.org\",\"@graph\":[{\"@type\":\"Article\",\"@id\":\"https:\\\/\\\/www.cuballama.com\\\/noticias\\\/la-diosa-quiere-que-los-cubanos-aceleren-el-proceso-tras-la-captura-de-maduro-preparense-castros\\\/#article\",\"isPartOf\":{\"@id\":\"https:\\\/\\\/www.cuballama.com\\\/noticias\\\/la-diosa-quiere-que-los-cubanos-aceleren-el-proceso-tras-la-captura-de-maduro-preparense-castros\\\/\"},\"author\":{\"name\":\"Kathy\",\"@id\":\"https:\\\/\\\/www.cuballama.com\\\/noticias\\\/#\\\/schema\\\/person\\\/86cd3e3f4974437f031211213bf892d5\"},\"headline\":\"La Diosa quiere que los cubanos \u201caceleren el proceso\u201d tras la captura de Maduro: \u201cPrep\u00e1rense, Castros\u201d\",\"datePublished\":\"2026-01-05T20:13:22+00:00\",\"dateModified\":\"2026-01-05T20:31:21+00:00\",\"mainEntityOfPage\":{\"@id\":\"https:\\\/\\\/www.cuballama.com\\\/noticias\\\/la-diosa-quiere-que-los-cubanos-aceleren-el-proceso-tras-la-captura-de-maduro-preparense-castros\\\/\"},\"wordCount\":396,\"commentCount\":0,\"publisher\":{\"@id\":\"https:\\\/\\\/www.cuballama.com\\\/noticias\\\/#organization\"},\"image\":{\"@id\":\"https:\\\/\\\/www.cuballama.com\\\/noticias\\\/la-diosa-quiere-que-los-cubanos-aceleren-el-proceso-tras-la-captura-de-maduro-preparense-castros\\\/#primaryimage\"},\"thumbnailUrl\":\"https:\\\/\\\/cdn1.mediawpaccore.net\\\/wp-content\\\/uploads\\\/2026\\\/01\\\/05121716\\\/595679255_1400808988369513_5669791838400712561_n1.jpg\",\"keywords\":[\"destacado\",\"gobierno cubano\",\"La Diosa\",\"Libertad\",\"Miguel D\u00edaz-Canel\u00a0Berm\u00fadez\",\"Nicol\u00e1s Maduro\"],\"articleSection\":[\"Far\u00e1ndula\",\"Noticias\"],\"inLanguage\":\"es\",\"potentialAction\":[{\"@type\":\"CommentAction\",\"name\":\"Comment\",\"target\":[\"https:\\\/\\\/www.cuballama.com\\\/noticias\\\/la-diosa-quiere-que-los-cubanos-aceleren-el-proceso-tras-la-captura-de-maduro-preparense-castros\\\/#respond\"]}]},{\"@type\":\"WebPage\",\"@id\":\"https:\\\/\\\/www.cuballama.com\\\/noticias\\\/la-diosa-quiere-que-los-cubanos-aceleren-el-proceso-tras-la-captura-de-maduro-preparense-castros\\\/\",\"url\":\"https:\\\/\\\/www.cuballama.com\\\/noticias\\\/la-diosa-quiere-que-los-cubanos-aceleren-el-proceso-tras-la-captura-de-maduro-preparense-castros\\\/\",\"name\":\"La Diosa quiere que los cubanos \u201caceleren el proceso\u201d tras la captura de Maduro: \u201cPrep\u00e1rense, Castros\u201d - Cuballama Noticias\",\"isPartOf\":{\"@id\":\"https:\\\/\\\/www.cuballama.com\\\/noticias\\\/#website\"},\"primaryImageOfPage\":{\"@id\":\"https:\\\/\\\/www.cuballama.com\\\/noticias\\\/la-diosa-quiere-que-los-cubanos-aceleren-el-proceso-tras-la-captura-de-maduro-preparense-castros\\\/#primaryimage\"},\"image\":{\"@id\":\"https:\\\/\\\/www.cuballama.com\\\/noticias\\\/la-diosa-quiere-que-los-cubanos-aceleren-el-proceso-tras-la-captura-de-maduro-preparense-castros\\\/#primaryimage\"},\"thumbnailUrl\":\"https:\\\/\\\/cdn1.mediawpaccore.net\\\/wp-content\\\/uploads\\\/2026\\\/01\\\/05121716\\\/595679255_1400808988369513_5669791838400712561_n1.jpg\",\"datePublished\":\"2026-01-05T20:13:22+00:00\",\"dateModified\":\"2026-01-05T20:31:21+00:00\",\"description\":\"La cantante cubana conocida como La Diosa se mostr\u00f3 feliz tras conocer la captura del exdictador venezolano, Nicol\u00e1s Maduro.\",\"breadcrumb\":{\"@id\":\"https:\\\/\\\/www.cuballama.com\\\/noticias\\\/la-diosa-quiere-que-los-cubanos-aceleren-el-proceso-tras-la-captura-de-maduro-preparense-castros\\\/#breadcrumb\"},\"inLanguage\":\"es\",\"potentialAction\":[{\"@type\":\"ReadAction\",\"target\":[\"https:\\\/\\\/www.cuballama.com\\\/noticias\\\/la-diosa-quiere-que-los-cubanos-aceleren-el-proceso-tras-la-captura-de-maduro-preparense-castros\\\/\"]}]},{\"@type\":\"ImageObject\",\"inLanguage\":\"es\",\"@id\":\"https:\\\/\\\/www.cuballama.com\\\/noticias\\\/la-diosa-quiere-que-los-cubanos-aceleren-el-proceso-tras-la-captura-de-maduro-preparense-castros\\\/#primaryimage\",\"url\":\"https:\\\/\\\/cdn1.mediawpaccore.net\\\/wp-content\\\/uploads\\\/2026\\\/01\\\/05121716\\\/595679255_1400808988369513_5669791838400712561_n1.jpg\",\"contentUrl\":\"https:\\\/\\\/cdn1.mediawpaccore.net\\\/wp-content\\\/uploads\\\/2026\\\/01\\\/05121716\\\/595679255_1400808988369513_5669791838400712561_n1.jpg\",\"width\":1200,\"height\":630,\"caption\":\"La Diosa. Foto: Facebook\\\/La Diosa.\"},{\"@type\":\"BreadcrumbList\",\"@id\":\"https:\\\/\\\/www.cuballama.com\\\/noticias\\\/la-diosa-quiere-que-los-cubanos-aceleren-el-proceso-tras-la-captura-de-maduro-preparense-castros\\\/#breadcrumb\",\"itemListElement\":[{\"@type\":\"ListItem\",\"position\":1,\"name\":\"Home\",\"item\":\"https:\\\/\\\/www.cuballama.com\\\/noticias\\\/\"},{\"@type\":\"ListItem\",\"position\":2,\"name\":\"La Diosa quiere que los cubanos \u201caceleren el proceso\u201d tras la captura de Maduro: \u201cPrep\u00e1rense, Castros\u201d\"}]},{\"@type\":\"WebSite\",\"@id\":\"https:\\\/\\\/www.cuballama.com\\\/noticias\\\/#website\",\"url\":\"https:\\\/\\\/www.cuballama.com\\\/noticias\\\/\",\"name\":\"Cuballama Noticias\",\"description\":\"Medio digital sobre Cuba y el mundo\",\"publisher\":{\"@id\":\"https:\\\/\\\/www.cuballama.com\\\/noticias\\\/#organization\"},\"potentialAction\":[{\"@type\":\"SearchAction\",\"target\":{\"@type\":\"EntryPoint\",\"urlTemplate\":\"https:\\\/\\\/www.cuballama.com\\\/noticias\\\/?s={search_term_string}\"},\"query-input\":{\"@type\":\"PropertyValueSpecification\",\"valueRequired\":true,\"valueName\":\"search_term_string\"}}],\"inLanguage\":\"es\"},{\"@type\":\"Organization\",\"@id\":\"https:\\\/\\\/www.cuballama.com\\\/noticias\\\/#organization\",\"name\":\"Cuballama\",\"url\":\"https:\\\/\\\/www.cuballama.com\\\/noticias\\\/\",\"logo\":{\"@type\":\"ImageObject\",\"inLanguage\":\"es\",\"@id\":\"https:\\\/\\\/www.cuballama.com\\\/noticias\\\/#\\\/schema\\\/logo\\\/image\\\/\",\"url\":\"https:\\\/\\\/cdn1.mediawpaccore.net\\\/wp-content\\\/uploads\\\/2021\\\/12\\\/28171206\\\/cbll-logo-color-sm.png\",\"contentUrl\":\"https:\\\/\\\/cdn1.mediawpaccore.net\\\/wp-content\\\/uploads\\\/2021\\\/12\\\/28171206\\\/cbll-logo-color-sm.png\",\"width\":600,\"height\":133,\"caption\":\"Cuballama\"},\"image\":{\"@id\":\"https:\\\/\\\/www.cuballama.com\\\/noticias\\\/#\\\/schema\\\/logo\\\/image\\\/\"},\"sameAs\":[\"https:\\\/\\\/www.facebook.com\\\/CubaLlama\",\"https:\\\/\\\/x.com\\\/cuballama\",\"https:\\\/\\\/www.instagram.com\\\/stories\\\/cuballama_oficial\\\/\",\"https:\\\/\\\/www.youtube.com\\\/channel\\\/UCKkFE-d_axENGZcrc4as0IA\"]},{\"@type\":\"Person\",\"@id\":\"https:\\\/\\\/www.cuballama.com\\\/noticias\\\/#\\\/schema\\\/person\\\/86cd3e3f4974437f031211213bf892d5\",\"name\":\"Kathy\",\"url\":\"https:\\\/\\\/www.cuballama.com\\\/noticias\\\/author\\\/kathy\\\/\"}]}<\/script>\n<!-- \/ Yoast SEO plugin. -->","yoast_head_json":{"title":"La Diosa quiere que los cubanos \u201caceleren el proceso\u201d tras la captura de Maduro: \u201cPrep\u00e1rense, Castros\u201d - Cuballama Noticias","description":"La cantante cubana conocida como La Diosa se mostr\u00f3 feliz tras conocer la captura del exdictador venezolano, Nicol\u00e1s Maduro.","robots":{"index":"index","follow":"follow","max-snippet":"max-snippet:-1","max-image-preview":"max-image-preview:large","max-video-preview":"max-video-preview:-1"},"canonical":"https:\/\/www.cuballama.com\/noticias\/la-diosa-quiere-que-los-cubanos-aceleren-el-proceso-tras-la-captura-de-maduro-preparense-castros\/","og_locale":"es_ES","og_type":"article","og_title":"La Diosa quiere que los cubanos \u201caceleren el proceso\u201d tras la captura de Maduro: \u201cPrep\u00e1rense, Castros\u201d - Cuballama Noticias","og_description":"La cantante cubana conocida como La Diosa se mostr\u00f3 feliz tras conocer la captura del exdictador venezolano, Nicol\u00e1s Maduro.","og_url":"https:\/\/www.cuballama.com\/noticias\/la-diosa-quiere-que-los-cubanos-aceleren-el-proceso-tras-la-captura-de-maduro-preparense-castros\/","og_site_name":"Cuballama Noticias","article_publisher":"https:\/\/www.facebook.com\/CubaLlama","article_published_time":"2026-01-05T20:13:22+00:00","article_modified_time":"2026-01-05T20:31:21+00:00","og_image":[{"width":1200,"height":630,"url":"https:\/\/cdn1.mediawpaccore.net\/wp-content\/uploads\/2026\/01\/05121716\/595679255_1400808988369513_5669791838400712561_n1.jpg","type":"image\/jpeg"}],"author":"Kathy","twitter_card":"summary_large_image","twitter_creator":"@cuballama","twitter_site":"@cuballama","twitter_misc":{"Escrito por":"Kathy","Tiempo de lectura":"2 minutos"},"schema":{"@context":"https:\/\/schema.org","@graph":[{"@type":"Article","@id":"https:\/\/www.cuballama.com\/noticias\/la-diosa-quiere-que-los-cubanos-aceleren-el-proceso-tras-la-captura-de-maduro-preparense-castros\/#article","isPartOf":{"@id":"https:\/\/www.cuballama.com\/noticias\/la-diosa-quiere-que-los-cubanos-aceleren-el-proceso-tras-la-captura-de-maduro-preparense-castros\/"},"author":{"name":"Kathy","@id":"https:\/\/www.cuballama.com\/noticias\/#\/schema\/person\/86cd3e3f4974437f031211213bf892d5"},"headline":"La Diosa quiere que los cubanos \u201caceleren el proceso\u201d tras la captura de Maduro: \u201cPrep\u00e1rense, Castros\u201d","datePublished":"2026-01-05T20:13:22+00:00","dateModified":"2026-01-05T20:31:21+00:00","mainEntityOfPage":{"@id":"https:\/\/www.cuballama.com\/noticias\/la-diosa-quiere-que-los-cubanos-aceleren-el-proceso-tras-la-captura-de-maduro-preparense-castros\/"},"wordCount":396,"commentCount":0,"publisher":{"@id":"https:\/\/www.cuballama.com\/noticias\/#organization"},"image":{"@id":"https:\/\/www.cuballama.com\/noticias\/la-diosa-quiere-que-los-cubanos-aceleren-el-proceso-tras-la-captura-de-maduro-preparense-castros\/#primaryimage"},"thumbnailUrl":"https:\/\/cdn1.mediawpaccore.net\/wp-content\/uploads\/2026\/01\/05121716\/595679255_1400808988369513_5669791838400712561_n1.jpg","keywords":["destacado","gobierno cubano","La Diosa","Libertad","Miguel D\u00edaz-Canel\u00a0Berm\u00fadez","Nicol\u00e1s Maduro"],"articleSection":["Far\u00e1ndula","Noticias"],"inLanguage":"es","potentialAction":[{"@type":"CommentAction","name":"Comment","target":["https:\/\/www.cuballama.com\/noticias\/la-diosa-quiere-que-los-cubanos-aceleren-el-proceso-tras-la-captura-de-maduro-preparense-castros\/#respond"]}]},{"@type":"WebPage","@id":"https:\/\/www.cuballama.com\/noticias\/la-diosa-quiere-que-los-cubanos-aceleren-el-proceso-tras-la-captura-de-maduro-preparense-castros\/","url":"https:\/\/www.cuballama.com\/noticias\/la-diosa-quiere-que-los-cubanos-aceleren-el-proceso-tras-la-captura-de-maduro-preparense-castros\/","name":"La Diosa quiere que los cubanos \u201caceleren el proceso\u201d tras la captura de Maduro: \u201cPrep\u00e1rense, Castros\u201d - Cuballama Noticias","isPartOf":{"@id":"https:\/\/www.cuballama.com\/noticias\/#website"},"primaryImageOfPage":{"@id":"https:\/\/www.cuballama.com\/noticias\/la-diosa-quiere-que-los-cubanos-aceleren-el-proceso-tras-la-captura-de-maduro-preparense-castros\/#primaryimage"},"image":{"@id":"https:\/\/www.cuballama.com\/noticias\/la-diosa-quiere-que-los-cubanos-aceleren-el-proceso-tras-la-captura-de-maduro-preparense-castros\/#primaryimage"},"thumbnailUrl":"https:\/\/cdn1.mediawpaccore.net\/wp-content\/uploads\/2026\/01\/05121716\/595679255_1400808988369513_5669791838400712561_n1.jpg","datePublished":"2026-01-05T20:13:22+00:00","dateModified":"2026-01-05T20:31:21+00:00","description":"La cantante cubana conocida como La Diosa se mostr\u00f3 feliz tras conocer la captura del exdictador venezolano, Nicol\u00e1s Maduro.","breadcrumb":{"@id":"https:\/\/www.cuballama.com\/noticias\/la-diosa-quiere-que-los-cubanos-aceleren-el-proceso-tras-la-captura-de-maduro-preparense-castros\/#breadcrumb"},"inLanguage":"es","potentialAction":[{"@type":"ReadAction","target":["https:\/\/www.cuballama.com\/noticias\/la-diosa-quiere-que-los-cubanos-aceleren-el-proceso-tras-la-captura-de-maduro-preparense-castros\/"]}]},{"@type":"ImageObject","inLanguage":"es","@id":"https:\/\/www.cuballama.com\/noticias\/la-diosa-quiere-que-los-cubanos-aceleren-el-proceso-tras-la-captura-de-maduro-preparense-castros\/#primaryimage","url":"https:\/\/cdn1.mediawpaccore.net\/wp-content\/uploads\/2026\/01\/05121716\/595679255_1400808988369513_5669791838400712561_n1.jpg","contentUrl":"https:\/\/cdn1.mediawpaccore.net\/wp-content\/uploads\/2026\/01\/05121716\/595679255_1400808988369513_5669791838400712561_n1.jpg","width":1200,"height":630,"caption":"La Diosa. Foto: Facebook\/La Diosa."},{"@type":"BreadcrumbList","@id":"https:\/\/www.cuballama.com\/noticias\/la-diosa-quiere-que-los-cubanos-aceleren-el-proceso-tras-la-captura-de-maduro-preparense-castros\/#breadcrumb","itemListElement":[{"@type":"ListItem","position":1,"name":"Home","item":"https:\/\/www.cuballama.com\/noticias\/"},{"@type":"ListItem","position":2,"name":"La Diosa quiere que los cubanos \u201caceleren el proceso\u201d tras la captura de Maduro: \u201cPrep\u00e1rense, Castros\u201d"}]},{"@type":"WebSite","@id":"https:\/\/www.cuballama.com\/noticias\/#website","url":"https:\/\/www.cuballama.com\/noticias\/","name":"Cuballama Noticias","description":"Medio digital sobre Cuba y el mundo","publisher":{"@id":"https:\/\/www.cuballama.com\/noticias\/#organization"},"potentialAction":[{"@type":"SearchAction","target":{"@type":"EntryPoint","urlTemplate":"https:\/\/www.cuballama.com\/noticias\/?s={search_term_string}"},"query-input":{"@type":"PropertyValueSpecification","valueRequired":true,"valueName":"search_term_string"}}],"inLanguage":"es"},{"@type":"Organization","@id":"https:\/\/www.cuballama.com\/noticias\/#organization","name":"Cuballama","url":"https:\/\/www.cuballama.com\/noticias\/","logo":{"@type":"ImageObject","inLanguage":"es","@id":"https:\/\/www.cuballama.com\/noticias\/#\/schema\/logo\/image\/","url":"https:\/\/cdn1.mediawpaccore.net\/wp-content\/uploads\/2021\/12\/28171206\/cbll-logo-color-sm.png","contentUrl":"https:\/\/cdn1.mediawpaccore.net\/wp-content\/uploads\/2021\/12\/28171206\/cbll-logo-color-sm.png","width":600,"height":133,"caption":"Cuballama"},"image":{"@id":"https:\/\/www.cuballama.com\/noticias\/#\/schema\/logo\/image\/"},"sameAs":["https:\/\/www.facebook.com\/CubaLlama","https:\/\/x.com\/cuballama","https:\/\/www.instagram.com\/stories\/cuballama_oficial\/","https:\/\/www.youtube.com\/channel\/UCKkFE-d_axENGZcrc4as0IA"]},{"@type":"Person","@id":"https:\/\/www.cuballama.com\/noticias\/#\/schema\/person\/86cd3e3f4974437f031211213bf892d5","name":"Kathy","url":"https:\/\/www.cuballama.com\/noticias\/author\/kathy\/"}]}},"_links":{"self":[{"href":"https:\/\/www.cuballama.com\/noticias\/wp-json\/wp\/v2\/posts\/230863","targetHints":{"allow":["GET"]}}],"collection":[{"href":"https:\/\/www.cuballama.com\/noticias\/wp-json\/wp\/v2\/posts"}],"about":[{"href":"https:\/\/www.cuballama.com\/noticias\/wp-json\/wp\/v2\/types\/post"}],"author":[{"embeddable":true,"href":"https:\/\/www.cuballama.com\/noticias\/wp-json\/wp\/v2\/users\/30"}],"replies":[{"embeddable":true,"href":"https:\/\/www.cuballama.com\/noticias\/wp-json\/wp\/v2\/comments?post=230863"}],"version-history":[{"count":7,"href":"https:\/\/www.cuballama.com\/noticias\/wp-json\/wp\/v2\/posts\/230863\/revisions"}],"predecessor-version":[{"id":230913,"href":"https:\/\/www.cuballama.com\/noticias\/wp-json\/wp\/v2\/posts\/230863\/revisions\/230913"}],"wp:featuredmedia":[{"embeddable":true,"href":"https:\/\/www.cuballama.com\/noticias\/wp-json\/wp\/v2\/media\/230866"}],"wp:attachment":[{"href":"https:\/\/www.cuballama.com\/noticias\/wp-json\/wp\/v2\/media?parent=230863"}],"wp:term":[{"taxonomy":"category","embeddable":true,"href":"https:\/\/www.cuballama.com\/noticias\/wp-json\/wp\/v2\/categories?post=230863"},{"taxonomy":"post_tag","embeddable":true,"href":"https:\/\/www.cuballama.com\/noticias\/wp-json\/wp\/v2\/tags?post=230863"}],"curies":[{"name":"wp","href":"https:\/\/api.w.org\/{rel}","templated":true}]}}