{"id":230812,"date":"2026-01-05T10:09:41","date_gmt":"2026-01-05T15:09:41","guid":{"rendered":"https:\/\/www.cuballama.com\/noticias\/?p=230812"},"modified":"2026-01-05T10:09:43","modified_gmt":"2026-01-05T15:09:43","slug":"conviene-saber-por-que-llegamos-aqui-y-es-esto-maduro-se-robo-unas-elecciones","status":"publish","type":"post","link":"https:\/\/www.cuballama.com\/noticias\/conviene-saber-por-que-llegamos-aqui-y-es-esto-maduro-se-robo-unas-elecciones\/","title":{"rendered":"Conviene saber por qu\u00e9 llegamos aqu\u00ed y es esto: Maduro se rob\u00f3 unas elecciones"},"content":{"rendered":"\n<h2 class=\"wp-block-heading\">Podemos y es leg\u00edtimo, cuestionar c\u00f3mo EE.UU. sac\u00f3 a Maduro de Miraflores, pero no el por qu\u00e9. Podemos lamentar las 32 muertes de cubanos durante el ataque, pero NADA de eso hubiese sucedido, si no se hubiese robado unas elecciones.<\/h2>\n\n\n\n<p>La discusi\u00f3n sobre \u201cinjerencias\u201d en Venezuela suele arrancar por el final, como si el pa\u00eds hubiera despertado un d\u00eda con helic\u00f3pteros sobrevolando Caracas y con la geopol\u00edtica ya servida. Pero el punto de partida importa, y es inc\u00f3modo: Nicol\u00e1s Maduro se aferr\u00f3 al poder despu\u00e9s de unas elecciones cuestionadas, sin despejar la duda central que ped\u00eda la oposici\u00f3n y ped\u00edan observadores y redes de integridad electoral: publicar las actas completas. <\/p>\n\n\n\n<p>Un a\u00f1o despu\u00e9s de aquellos comicios de julio de 2024, medios p\u00fablicos europeos como  <a href=\"https:\/\/www.rtve.es\/noticias\/20250728\/maduro-celebra-primer-ano-tercer-mandato-frente-venezuela-tras-polemicas-elecciones-pasado-julio\/16679291.shtml?utm_source=chatgpt.com\" target=\"_blank\" rel=\"noreferrer noopener\">RTVE<\/a> y  <a href=\"https:\/\/elpais.com\/america\/2025-01-10\/maduro-se-proclama-presidente-de-venezuela-sin-mostrar-las-pruebas-de-su-triunfo.html\" target=\"_blank\" rel=\"noreferrer noopener nofollow\">El Pa\u00eds<\/a> segu\u00edan se\u00f1alando lo mismo: las actas no se hab\u00edan publicado, y la controversia segu\u00eda intacta. En enero de 2025, cuando Maduro se jurament\u00f3, la cr\u00edtica internacional volvi\u00f3 al mismo punto: proclamaci\u00f3n sin mostrar las pruebas del triunfo.<\/p>\n\n\n\n<p>Ese es el \u201cpor qu\u00e9 llegamos aqu\u00ed\u201d que muchas lecturas ideol\u00f3gicas prefieren saltarse. No porque la intervenci\u00f3n externa sea un asunto menor, sino porque la secuencia se invierte a conveniencia: primero se condena el desenlace y despu\u00e9s se borra el fraude como causa pol\u00edtica. Y cuando se borra el fraude, tambi\u00e9n se borra lo que vino con \u00e9l: la represi\u00f3n que sostuvo ese cierre.<\/p>\n\n\n\n<p>En los meses siguientes a la elecci\u00f3n disputada, la represi\u00f3n dej\u00f3 un saldo que organizaciones y prensa internacional han documentado con nombres y patrones. <a href=\"https:\/\/www.lemonde.fr\/en\/international\/article\/2024\/09\/09\/the-crackdown-on-maduro-s-opposition-in-venezuela_6725364_4.html\" target=\"_blank\" rel=\"noreferrer noopener nofollow\">Le Monde<\/a>, desde Francia, report\u00f3 que tras las protestas posteriores a los comicios, al menos hab\u00eda 24 muertos y m\u00e1s de 1.500 detenidos para finales de agosto de 2024, en un contexto descrito como una ofensiva in\u00e9dita contra opositores, manifestantes y voces cr\u00edticas. Ya entrando en 2026, <a href=\"https:\/\/www.reuters.com\/world\/americas\/venezuela-frees-88-more-prisoners-detained-after-post-election-protests-2026-01-01\" target=\"_blank\" rel=\"noreferrer noopener nofollow\">Reuters <\/a>inform\u00f3 de liberaciones parciales de detenidos de esas protestas, pero subray\u00f3 que organizaciones de derechos humanos segu\u00edan estimando alrededor de 900 presos pol\u00edticos en el pa\u00eds, mientras el gobierno negaba que existieran como categor\u00eda.<\/p>\n\n\n\n<p>Si el foco se ampl\u00eda m\u00e1s all\u00e1 de la coyuntura electoral, la fotograf\u00eda se vuelve m\u00e1s dura. En 2019, la Oficina de la Alta Comisionada de la ONU para los Derechos Humanos public\u00f3 un <a href=\"https:\/\/www.ohchr.org\/en\/press-releases\/2019\/07\/un-human-rights-report-venezuela-urges-immediate-measures-halt-and-remedy\" target=\"_blank\" rel=\"noreferrer noopener nofollow\">informe<\/a> que document\u00f3 66 muertes en protestas entre enero y mayo de ese a\u00f1o, 52 atribuibles a fuerzas de seguridad o a colectivos progobierno. Ese mismo texto recogi\u00f3 cifras oficiales del propio Estado: 5.287 personas asesinadas en 2018 en el marco de \u201coperaciones de seguridad\u201d bajo la f\u00f3rmula de \u201cresistencia a la autoridad\u201d, y otras 1.569 entre enero y el 19 de mayo de 2019. La ONU advirti\u00f3 que otras fuentes suger\u00edan n\u00fameros a\u00fan mayores. <\/p>\n\n\n\n<p>El encarcelamiento pol\u00edtico tambi\u00e9n tiene trazabilidad. Foro Penal, una de las organizaciones que m\u00e1s sistem\u00e1ticamente registra detenciones por motivos pol\u00edticos, ha hablado de miles de arrestos a lo largo de los a\u00f1os. En enero de 2025, por ejemplo, se citaba un balance acumulado de 18.185 detenciones pol\u00edticas registradas por la ONG desde el inicio de su labor, adem\u00e1s de un conteo de presos pol\u00edticos vigente en ese momento, se\u00f1ala <a href=\"https:\/\/www.huffingtonpost.es\/global\/la-ong-foro-penal-cifra-19-arrestos-manifestaciones-oposicion-venezolana-jura-maduro.html\" target=\"_blank\" rel=\"noreferrer noopener nofollow\">El Huffington Post<\/a>. <\/p>\n\n\n\n<p>Nada de esto convierte en \u201cbuena\u201d cualquier acci\u00f3n externa, ni limpia responsabilidades ajenas. Lo que hace es devolverle al debate un orden m\u00ednimo: antes de discutir c\u00f3mo cay\u00f3 Maduro, y discutir los 32 cubanos muertos, cuyos nombres ni siquiera han sido dados a conocer, hay que aceptar por qu\u00e9 su permanencia se volvi\u00f3 insostenible para tantos venezolanos y qui\u00e9n ser\u00eda, en buena medida y primera, el verdadero responsable de esas muertes. Hubo una elecci\u00f3n disputada, hubo actas que nunca se mostraron y hubo represi\u00f3n como respuesta. Si se empieza por ah\u00ed, las palabras \u201cinjerencia\u201d, \u201cviolencia\u201d y \u201csoberan\u00eda\u201d dejan de ser consignas y vuelven a tener contenido.<\/p>\n","protected":false},"excerpt":{"rendered":"<p>Antes de hablar de injerencias, conviene recordar el origen del conflicto: elecciones sin actas, un poder que no cedi\u00f3 y represi\u00f3n documentada.<\/p>\n","protected":false},"author":13,"featured_media":230458,"comment_status":"open","ping_status":"closed","sticky":false,"template":"","format":"standard","meta":{"_acf_changed":false,"footnotes":""},"categories":[18,957,9667],"tags":[2864,12370,29854,22062,1390,1340,11373,4747,1030],"class_list":{"0":"post-230812","1":"post","2":"type-post","3":"status-publish","4":"format-standard","5":"has-post-thumbnail","7":"category-noticias","8":"category-noticias-internacionales","9":"category-opinion","10":"tag-derechos-humanos","11":"tag-elecciones-2024","12":"tag-foro-penal","13":"tag-fraude-electoral","14":"tag-nicolas-maduro","15":"tag-onu","16":"tag-presos-politicos","17":"tag-represion","18":"tag-venezuela"},"acf":[],"yoast_head":"<!-- This site is optimized with the Yoast SEO plugin v27.4 - https:\/\/yoast.com\/product\/yoast-seo-wordpress\/ -->\n<title>Conviene saber por qu\u00e9 llegamos aqu\u00ed y es esto: Maduro se rob\u00f3 unas elecciones - Cuballama Noticias<\/title>\n<meta name=\"description\" content=\"Maduro no mostr\u00f3 actas y sostuvo el poder con represi\u00f3n. Sin ese origen, el debate sobre injerencias en Venezuela queda incompleto.\" \/>\n<meta name=\"robots\" content=\"index, follow, max-snippet:-1, max-image-preview:large, max-video-preview:-1\" \/>\n<link rel=\"canonical\" href=\"https:\/\/www.cuballama.com\/noticias\/conviene-saber-por-que-llegamos-aqui-y-es-esto-maduro-se-robo-unas-elecciones\/\" \/>\n<meta property=\"og:locale\" content=\"es_ES\" \/>\n<meta property=\"og:type\" content=\"article\" \/>\n<meta property=\"og:title\" content=\"Conviene saber por qu\u00e9 llegamos aqu\u00ed y es esto: Maduro se rob\u00f3 unas elecciones - Cuballama Noticias\" \/>\n<meta property=\"og:description\" content=\"Maduro no mostr\u00f3 actas y sostuvo el poder con represi\u00f3n. Sin ese origen, el debate sobre injerencias en Venezuela queda incompleto.\" \/>\n<meta property=\"og:url\" content=\"https:\/\/www.cuballama.com\/noticias\/conviene-saber-por-que-llegamos-aqui-y-es-esto-maduro-se-robo-unas-elecciones\/\" \/>\n<meta property=\"og:site_name\" content=\"Cuballama Noticias\" \/>\n<meta property=\"article:publisher\" content=\"https:\/\/www.facebook.com\/CubaLlama\" \/>\n<meta property=\"article:published_time\" content=\"2026-01-05T15:09:41+00:00\" \/>\n<meta property=\"article:modified_time\" content=\"2026-01-05T15:09:43+00:00\" \/>\n<meta property=\"og:image\" content=\"https:\/\/cdn1.mediawpaccore.net\/wp-content\/uploads\/2026\/01\/03122011\/aduro.webp\" \/>\n\t<meta property=\"og:image:width\" content=\"1280\" \/>\n\t<meta property=\"og:image:height\" content=\"720\" \/>\n\t<meta property=\"og:image:type\" content=\"image\/webp\" \/>\n<meta name=\"author\" content=\"Roberto A.\" \/>\n<meta name=\"twitter:card\" content=\"summary_large_image\" \/>\n<meta name=\"twitter:creator\" content=\"@cuballama\" \/>\n<meta name=\"twitter:site\" content=\"@cuballama\" \/>\n<meta name=\"twitter:label1\" content=\"Escrito por\" \/>\n\t<meta name=\"twitter:data1\" content=\"Roberto A.\" \/>\n\t<meta name=\"twitter:label2\" content=\"Tiempo de lectura\" \/>\n\t<meta name=\"twitter:data2\" content=\"4 minutos\" \/>\n<script type=\"application\/ld+json\" class=\"yoast-schema-graph\">{\"@context\":\"https:\\\/\\\/schema.org\",\"@graph\":[{\"@type\":\"Article\",\"@id\":\"https:\\\/\\\/www.cuballama.com\\\/noticias\\\/conviene-saber-por-que-llegamos-aqui-y-es-esto-maduro-se-robo-unas-elecciones\\\/#article\",\"isPartOf\":{\"@id\":\"https:\\\/\\\/www.cuballama.com\\\/noticias\\\/conviene-saber-por-que-llegamos-aqui-y-es-esto-maduro-se-robo-unas-elecciones\\\/\"},\"author\":{\"name\":\"Roberto A.\",\"@id\":\"https:\\\/\\\/www.cuballama.com\\\/noticias\\\/#\\\/schema\\\/person\\\/a58502ed4146c8e9f83872e897c76cd2\"},\"headline\":\"Conviene saber por qu\u00e9 llegamos aqu\u00ed y es esto: Maduro se rob\u00f3 unas elecciones\",\"datePublished\":\"2026-01-05T15:09:41+00:00\",\"dateModified\":\"2026-01-05T15:09:43+00:00\",\"mainEntityOfPage\":{\"@id\":\"https:\\\/\\\/www.cuballama.com\\\/noticias\\\/conviene-saber-por-que-llegamos-aqui-y-es-esto-maduro-se-robo-unas-elecciones\\\/\"},\"wordCount\":684,\"commentCount\":0,\"publisher\":{\"@id\":\"https:\\\/\\\/www.cuballama.com\\\/noticias\\\/#organization\"},\"image\":{\"@id\":\"https:\\\/\\\/www.cuballama.com\\\/noticias\\\/conviene-saber-por-que-llegamos-aqui-y-es-esto-maduro-se-robo-unas-elecciones\\\/#primaryimage\"},\"thumbnailUrl\":\"https:\\\/\\\/cdn1.mediawpaccore.net\\\/wp-content\\\/uploads\\\/2026\\\/01\\\/03122011\\\/aduro.webp\",\"keywords\":[\"derechos humanos\",\"Elecciones 2024\",\"Foro Penal\",\"Fraude electoral\",\"Nicolas Maduro\",\"ONU\",\"presos pol\u00edticos\",\"represi\u00f3n\",\"venezuela\"],\"articleSection\":[\"Noticias\",\"Noticias Internacionales\",\"Opini\u00f3n\"],\"inLanguage\":\"es\",\"potentialAction\":[{\"@type\":\"CommentAction\",\"name\":\"Comment\",\"target\":[\"https:\\\/\\\/www.cuballama.com\\\/noticias\\\/conviene-saber-por-que-llegamos-aqui-y-es-esto-maduro-se-robo-unas-elecciones\\\/#respond\"]}]},{\"@type\":\"WebPage\",\"@id\":\"https:\\\/\\\/www.cuballama.com\\\/noticias\\\/conviene-saber-por-que-llegamos-aqui-y-es-esto-maduro-se-robo-unas-elecciones\\\/\",\"url\":\"https:\\\/\\\/www.cuballama.com\\\/noticias\\\/conviene-saber-por-que-llegamos-aqui-y-es-esto-maduro-se-robo-unas-elecciones\\\/\",\"name\":\"Conviene saber por qu\u00e9 llegamos aqu\u00ed y es esto: Maduro se rob\u00f3 unas elecciones - Cuballama Noticias\",\"isPartOf\":{\"@id\":\"https:\\\/\\\/www.cuballama.com\\\/noticias\\\/#website\"},\"primaryImageOfPage\":{\"@id\":\"https:\\\/\\\/www.cuballama.com\\\/noticias\\\/conviene-saber-por-que-llegamos-aqui-y-es-esto-maduro-se-robo-unas-elecciones\\\/#primaryimage\"},\"image\":{\"@id\":\"https:\\\/\\\/www.cuballama.com\\\/noticias\\\/conviene-saber-por-que-llegamos-aqui-y-es-esto-maduro-se-robo-unas-elecciones\\\/#primaryimage\"},\"thumbnailUrl\":\"https:\\\/\\\/cdn1.mediawpaccore.net\\\/wp-content\\\/uploads\\\/2026\\\/01\\\/03122011\\\/aduro.webp\",\"datePublished\":\"2026-01-05T15:09:41+00:00\",\"dateModified\":\"2026-01-05T15:09:43+00:00\",\"description\":\"Maduro no mostr\u00f3 actas y sostuvo el poder con represi\u00f3n. Sin ese origen, el debate sobre injerencias en Venezuela queda incompleto.\",\"breadcrumb\":{\"@id\":\"https:\\\/\\\/www.cuballama.com\\\/noticias\\\/conviene-saber-por-que-llegamos-aqui-y-es-esto-maduro-se-robo-unas-elecciones\\\/#breadcrumb\"},\"inLanguage\":\"es\",\"potentialAction\":[{\"@type\":\"ReadAction\",\"target\":[\"https:\\\/\\\/www.cuballama.com\\\/noticias\\\/conviene-saber-por-que-llegamos-aqui-y-es-esto-maduro-se-robo-unas-elecciones\\\/\"]}]},{\"@type\":\"ImageObject\",\"inLanguage\":\"es\",\"@id\":\"https:\\\/\\\/www.cuballama.com\\\/noticias\\\/conviene-saber-por-que-llegamos-aqui-y-es-esto-maduro-se-robo-unas-elecciones\\\/#primaryimage\",\"url\":\"https:\\\/\\\/cdn1.mediawpaccore.net\\\/wp-content\\\/uploads\\\/2026\\\/01\\\/03122011\\\/aduro.webp\",\"contentUrl\":\"https:\\\/\\\/cdn1.mediawpaccore.net\\\/wp-content\\\/uploads\\\/2026\\\/01\\\/03122011\\\/aduro.webp\",\"width\":1280,\"height\":720,\"caption\":\"Foto divulgado por Donald Trump\"},{\"@type\":\"BreadcrumbList\",\"@id\":\"https:\\\/\\\/www.cuballama.com\\\/noticias\\\/conviene-saber-por-que-llegamos-aqui-y-es-esto-maduro-se-robo-unas-elecciones\\\/#breadcrumb\",\"itemListElement\":[{\"@type\":\"ListItem\",\"position\":1,\"name\":\"Home\",\"item\":\"https:\\\/\\\/www.cuballama.com\\\/noticias\\\/\"},{\"@type\":\"ListItem\",\"position\":2,\"name\":\"Conviene saber por qu\u00e9 llegamos aqu\u00ed y es esto: Maduro se rob\u00f3 unas elecciones\"}]},{\"@type\":\"WebSite\",\"@id\":\"https:\\\/\\\/www.cuballama.com\\\/noticias\\\/#website\",\"url\":\"https:\\\/\\\/www.cuballama.com\\\/noticias\\\/\",\"name\":\"Cuballama Noticias\",\"description\":\"Medio digital sobre Cuba y el mundo\",\"publisher\":{\"@id\":\"https:\\\/\\\/www.cuballama.com\\\/noticias\\\/#organization\"},\"potentialAction\":[{\"@type\":\"SearchAction\",\"target\":{\"@type\":\"EntryPoint\",\"urlTemplate\":\"https:\\\/\\\/www.cuballama.com\\\/noticias\\\/?s={search_term_string}\"},\"query-input\":{\"@type\":\"PropertyValueSpecification\",\"valueRequired\":true,\"valueName\":\"search_term_string\"}}],\"inLanguage\":\"es\"},{\"@type\":\"Organization\",\"@id\":\"https:\\\/\\\/www.cuballama.com\\\/noticias\\\/#organization\",\"name\":\"Cuballama\",\"url\":\"https:\\\/\\\/www.cuballama.com\\\/noticias\\\/\",\"logo\":{\"@type\":\"ImageObject\",\"inLanguage\":\"es\",\"@id\":\"https:\\\/\\\/www.cuballama.com\\\/noticias\\\/#\\\/schema\\\/logo\\\/image\\\/\",\"url\":\"https:\\\/\\\/cdn1.mediawpaccore.net\\\/wp-content\\\/uploads\\\/2021\\\/12\\\/28171206\\\/cbll-logo-color-sm.png\",\"contentUrl\":\"https:\\\/\\\/cdn1.mediawpaccore.net\\\/wp-content\\\/uploads\\\/2021\\\/12\\\/28171206\\\/cbll-logo-color-sm.png\",\"width\":600,\"height\":133,\"caption\":\"Cuballama\"},\"image\":{\"@id\":\"https:\\\/\\\/www.cuballama.com\\\/noticias\\\/#\\\/schema\\\/logo\\\/image\\\/\"},\"sameAs\":[\"https:\\\/\\\/www.facebook.com\\\/CubaLlama\",\"https:\\\/\\\/x.com\\\/cuballama\",\"https:\\\/\\\/www.instagram.com\\\/stories\\\/cuballama_oficial\\\/\",\"https:\\\/\\\/www.youtube.com\\\/channel\\\/UCKkFE-d_axENGZcrc4as0IA\"]},{\"@type\":\"Person\",\"@id\":\"https:\\\/\\\/www.cuballama.com\\\/noticias\\\/#\\\/schema\\\/person\\\/a58502ed4146c8e9f83872e897c76cd2\",\"name\":\"Roberto A.\",\"description\":\"Roberto A. Periodista por decisi\u00f3n propia. Interesado en cualquier tema que me apasione y cada vez m\u00e1s comprometido con la verdad y la objetividad period\u00edstica. Graduado en La Habana hace ya muchos a\u00f1os, luego de una accidentada y polvorienta b\u00fasqueda de informaci\u00f3n sobre un tema in\u00e9dito. La Tesis, por cierto, desapareci\u00f3 de la biblioteca y no se conservan copias de la misma.\",\"url\":\"https:\\\/\\\/www.cuballama.com\\\/noticias\\\/author\\\/roberto\\\/\"}]}<\/script>\n<!-- \/ Yoast SEO plugin. -->","yoast_head_json":{"title":"Conviene saber por qu\u00e9 llegamos aqu\u00ed y es esto: Maduro se rob\u00f3 unas elecciones - Cuballama Noticias","description":"Maduro no mostr\u00f3 actas y sostuvo el poder con represi\u00f3n. Sin ese origen, el debate sobre injerencias en Venezuela queda incompleto.","robots":{"index":"index","follow":"follow","max-snippet":"max-snippet:-1","max-image-preview":"max-image-preview:large","max-video-preview":"max-video-preview:-1"},"canonical":"https:\/\/www.cuballama.com\/noticias\/conviene-saber-por-que-llegamos-aqui-y-es-esto-maduro-se-robo-unas-elecciones\/","og_locale":"es_ES","og_type":"article","og_title":"Conviene saber por qu\u00e9 llegamos aqu\u00ed y es esto: Maduro se rob\u00f3 unas elecciones - Cuballama Noticias","og_description":"Maduro no mostr\u00f3 actas y sostuvo el poder con represi\u00f3n. Sin ese origen, el debate sobre injerencias en Venezuela queda incompleto.","og_url":"https:\/\/www.cuballama.com\/noticias\/conviene-saber-por-que-llegamos-aqui-y-es-esto-maduro-se-robo-unas-elecciones\/","og_site_name":"Cuballama Noticias","article_publisher":"https:\/\/www.facebook.com\/CubaLlama","article_published_time":"2026-01-05T15:09:41+00:00","article_modified_time":"2026-01-05T15:09:43+00:00","og_image":[{"width":1280,"height":720,"url":"https:\/\/cdn1.mediawpaccore.net\/wp-content\/uploads\/2026\/01\/03122011\/aduro.webp","type":"image\/webp"}],"author":"Roberto A.","twitter_card":"summary_large_image","twitter_creator":"@cuballama","twitter_site":"@cuballama","twitter_misc":{"Escrito por":"Roberto A.","Tiempo de lectura":"4 minutos"},"schema":{"@context":"https:\/\/schema.org","@graph":[{"@type":"Article","@id":"https:\/\/www.cuballama.com\/noticias\/conviene-saber-por-que-llegamos-aqui-y-es-esto-maduro-se-robo-unas-elecciones\/#article","isPartOf":{"@id":"https:\/\/www.cuballama.com\/noticias\/conviene-saber-por-que-llegamos-aqui-y-es-esto-maduro-se-robo-unas-elecciones\/"},"author":{"name":"Roberto A.","@id":"https:\/\/www.cuballama.com\/noticias\/#\/schema\/person\/a58502ed4146c8e9f83872e897c76cd2"},"headline":"Conviene saber por qu\u00e9 llegamos aqu\u00ed y es esto: Maduro se rob\u00f3 unas elecciones","datePublished":"2026-01-05T15:09:41+00:00","dateModified":"2026-01-05T15:09:43+00:00","mainEntityOfPage":{"@id":"https:\/\/www.cuballama.com\/noticias\/conviene-saber-por-que-llegamos-aqui-y-es-esto-maduro-se-robo-unas-elecciones\/"},"wordCount":684,"commentCount":0,"publisher":{"@id":"https:\/\/www.cuballama.com\/noticias\/#organization"},"image":{"@id":"https:\/\/www.cuballama.com\/noticias\/conviene-saber-por-que-llegamos-aqui-y-es-esto-maduro-se-robo-unas-elecciones\/#primaryimage"},"thumbnailUrl":"https:\/\/cdn1.mediawpaccore.net\/wp-content\/uploads\/2026\/01\/03122011\/aduro.webp","keywords":["derechos humanos","Elecciones 2024","Foro Penal","Fraude electoral","Nicolas Maduro","ONU","presos pol\u00edticos","represi\u00f3n","venezuela"],"articleSection":["Noticias","Noticias Internacionales","Opini\u00f3n"],"inLanguage":"es","potentialAction":[{"@type":"CommentAction","name":"Comment","target":["https:\/\/www.cuballama.com\/noticias\/conviene-saber-por-que-llegamos-aqui-y-es-esto-maduro-se-robo-unas-elecciones\/#respond"]}]},{"@type":"WebPage","@id":"https:\/\/www.cuballama.com\/noticias\/conviene-saber-por-que-llegamos-aqui-y-es-esto-maduro-se-robo-unas-elecciones\/","url":"https:\/\/www.cuballama.com\/noticias\/conviene-saber-por-que-llegamos-aqui-y-es-esto-maduro-se-robo-unas-elecciones\/","name":"Conviene saber por qu\u00e9 llegamos aqu\u00ed y es esto: Maduro se rob\u00f3 unas elecciones - Cuballama Noticias","isPartOf":{"@id":"https:\/\/www.cuballama.com\/noticias\/#website"},"primaryImageOfPage":{"@id":"https:\/\/www.cuballama.com\/noticias\/conviene-saber-por-que-llegamos-aqui-y-es-esto-maduro-se-robo-unas-elecciones\/#primaryimage"},"image":{"@id":"https:\/\/www.cuballama.com\/noticias\/conviene-saber-por-que-llegamos-aqui-y-es-esto-maduro-se-robo-unas-elecciones\/#primaryimage"},"thumbnailUrl":"https:\/\/cdn1.mediawpaccore.net\/wp-content\/uploads\/2026\/01\/03122011\/aduro.webp","datePublished":"2026-01-05T15:09:41+00:00","dateModified":"2026-01-05T15:09:43+00:00","description":"Maduro no mostr\u00f3 actas y sostuvo el poder con represi\u00f3n. Sin ese origen, el debate sobre injerencias en Venezuela queda incompleto.","breadcrumb":{"@id":"https:\/\/www.cuballama.com\/noticias\/conviene-saber-por-que-llegamos-aqui-y-es-esto-maduro-se-robo-unas-elecciones\/#breadcrumb"},"inLanguage":"es","potentialAction":[{"@type":"ReadAction","target":["https:\/\/www.cuballama.com\/noticias\/conviene-saber-por-que-llegamos-aqui-y-es-esto-maduro-se-robo-unas-elecciones\/"]}]},{"@type":"ImageObject","inLanguage":"es","@id":"https:\/\/www.cuballama.com\/noticias\/conviene-saber-por-que-llegamos-aqui-y-es-esto-maduro-se-robo-unas-elecciones\/#primaryimage","url":"https:\/\/cdn1.mediawpaccore.net\/wp-content\/uploads\/2026\/01\/03122011\/aduro.webp","contentUrl":"https:\/\/cdn1.mediawpaccore.net\/wp-content\/uploads\/2026\/01\/03122011\/aduro.webp","width":1280,"height":720,"caption":"Foto divulgado por Donald Trump"},{"@type":"BreadcrumbList","@id":"https:\/\/www.cuballama.com\/noticias\/conviene-saber-por-que-llegamos-aqui-y-es-esto-maduro-se-robo-unas-elecciones\/#breadcrumb","itemListElement":[{"@type":"ListItem","position":1,"name":"Home","item":"https:\/\/www.cuballama.com\/noticias\/"},{"@type":"ListItem","position":2,"name":"Conviene saber por qu\u00e9 llegamos aqu\u00ed y es esto: Maduro se rob\u00f3 unas elecciones"}]},{"@type":"WebSite","@id":"https:\/\/www.cuballama.com\/noticias\/#website","url":"https:\/\/www.cuballama.com\/noticias\/","name":"Cuballama Noticias","description":"Medio digital sobre Cuba y el mundo","publisher":{"@id":"https:\/\/www.cuballama.com\/noticias\/#organization"},"potentialAction":[{"@type":"SearchAction","target":{"@type":"EntryPoint","urlTemplate":"https:\/\/www.cuballama.com\/noticias\/?s={search_term_string}"},"query-input":{"@type":"PropertyValueSpecification","valueRequired":true,"valueName":"search_term_string"}}],"inLanguage":"es"},{"@type":"Organization","@id":"https:\/\/www.cuballama.com\/noticias\/#organization","name":"Cuballama","url":"https:\/\/www.cuballama.com\/noticias\/","logo":{"@type":"ImageObject","inLanguage":"es","@id":"https:\/\/www.cuballama.com\/noticias\/#\/schema\/logo\/image\/","url":"https:\/\/cdn1.mediawpaccore.net\/wp-content\/uploads\/2021\/12\/28171206\/cbll-logo-color-sm.png","contentUrl":"https:\/\/cdn1.mediawpaccore.net\/wp-content\/uploads\/2021\/12\/28171206\/cbll-logo-color-sm.png","width":600,"height":133,"caption":"Cuballama"},"image":{"@id":"https:\/\/www.cuballama.com\/noticias\/#\/schema\/logo\/image\/"},"sameAs":["https:\/\/www.facebook.com\/CubaLlama","https:\/\/x.com\/cuballama","https:\/\/www.instagram.com\/stories\/cuballama_oficial\/","https:\/\/www.youtube.com\/channel\/UCKkFE-d_axENGZcrc4as0IA"]},{"@type":"Person","@id":"https:\/\/www.cuballama.com\/noticias\/#\/schema\/person\/a58502ed4146c8e9f83872e897c76cd2","name":"Roberto A.","description":"Roberto A. Periodista por decisi\u00f3n propia. Interesado en cualquier tema que me apasione y cada vez m\u00e1s comprometido con la verdad y la objetividad period\u00edstica. Graduado en La Habana hace ya muchos a\u00f1os, luego de una accidentada y polvorienta b\u00fasqueda de informaci\u00f3n sobre un tema in\u00e9dito. La Tesis, por cierto, desapareci\u00f3 de la biblioteca y no se conservan copias de la misma.","url":"https:\/\/www.cuballama.com\/noticias\/author\/roberto\/"}]}},"_links":{"self":[{"href":"https:\/\/www.cuballama.com\/noticias\/wp-json\/wp\/v2\/posts\/230812","targetHints":{"allow":["GET"]}}],"collection":[{"href":"https:\/\/www.cuballama.com\/noticias\/wp-json\/wp\/v2\/posts"}],"about":[{"href":"https:\/\/www.cuballama.com\/noticias\/wp-json\/wp\/v2\/types\/post"}],"author":[{"embeddable":true,"href":"https:\/\/www.cuballama.com\/noticias\/wp-json\/wp\/v2\/users\/13"}],"replies":[{"embeddable":true,"href":"https:\/\/www.cuballama.com\/noticias\/wp-json\/wp\/v2\/comments?post=230812"}],"version-history":[{"count":2,"href":"https:\/\/www.cuballama.com\/noticias\/wp-json\/wp\/v2\/posts\/230812\/revisions"}],"predecessor-version":[{"id":230817,"href":"https:\/\/www.cuballama.com\/noticias\/wp-json\/wp\/v2\/posts\/230812\/revisions\/230817"}],"wp:featuredmedia":[{"embeddable":true,"href":"https:\/\/www.cuballama.com\/noticias\/wp-json\/wp\/v2\/media\/230458"}],"wp:attachment":[{"href":"https:\/\/www.cuballama.com\/noticias\/wp-json\/wp\/v2\/media?parent=230812"}],"wp:term":[{"taxonomy":"category","embeddable":true,"href":"https:\/\/www.cuballama.com\/noticias\/wp-json\/wp\/v2\/categories?post=230812"},{"taxonomy":"post_tag","embeddable":true,"href":"https:\/\/www.cuballama.com\/noticias\/wp-json\/wp\/v2\/tags?post=230812"}],"curies":[{"name":"wp","href":"https:\/\/api.w.org\/{rel}","templated":true}]}}