{"id":230371,"date":"2026-01-02T12:45:59","date_gmt":"2026-01-02T17:45:59","guid":{"rendered":"https:\/\/www.cuballama.com\/noticias\/?p=230371"},"modified":"2026-01-02T12:46:02","modified_gmt":"2026-01-02T17:46:02","slug":"cubanos-encabezan-solicitudes-de-refugio-en-mexico-en-2025","status":"publish","type":"post","link":"https:\/\/www.cuballama.com\/noticias\/cubanos-encabezan-solicitudes-de-refugio-en-mexico-en-2025\/","title":{"rendered":"Cubanos encabezan solicitudes de refugio en M\u00e9xico en 2025"},"content":{"rendered":"\n<p>Los cubanos fueron el grupo que m\u00e1s solicitudes de refugio present\u00f3 en M\u00e9xico durante 2025, de acuerdo con los datos m\u00e1s recientes de la Comisi\u00f3n Mexicana de Ayuda a Refugiados (COMAR), actualizados hasta septiembre. Les siguieron los venezolanos y los haitianos, aunque tambi\u00e9n se registr\u00f3 un incremento de personas procedentes de pa\u00edses africanos.<\/p>\n\n\n\n<p>Entre enero y septiembre de 2025, el Gobierno de Claudia Sheinbaum recibi\u00f3 58.800 solicitudes de refugio, una cifra pr\u00e1cticamente id\u00e9ntica a la del mismo per\u00edodo de 2024, cuando se contabilizaron 58.644. Este comportamiento estuvo directamente influido por el endurecimiento de las pol\u00edticas migratorias de Estados Unidos bajo la administraci\u00f3n de Donald Trump, centradas en el reforzamiento fronterizo, el aumento de detenciones y deportaciones, la restricci\u00f3n de v\u00edas legales de migraci\u00f3n y la ampliaci\u00f3n de listas de pa\u00edses con prohibiciones totales o severas de entrada, entre ellos Cuba.<\/p>\n\n\n\n<p>Otro elemento de fuerte impacto fue el debate impulsado desde Washington para revertir el derecho a la ciudadan\u00eda por nacimiento para hijos de inmigrantes indocumentados o con estatus temporal, proponiendo que al menos uno de los padres sea ciudadano o residente legal, una iniciativa ampliamente cuestionada.<\/p>\n\n\n\n<p>Seg\u00fan datos oficiales, en 2024 M\u00e9xico recibi\u00f3 17.884 solicitudes de asilo de ciudadanos cubanos, lo que coloc\u00f3 a Cuba como el segundo pa\u00eds emisor de solicitantes, solo por detr\u00e1s de Honduras (27.888). En los primeros nueve meses de 2025, la cifra de nuevas solicitudes de asilo de cubanos ascendi\u00f3 a 28.700, consolidando a la Isla como el principal pa\u00eds de origen de refugiados en territorio mexicano.<\/p>\n\n\n\n<p>A la espera del cierre estad\u00edstico definitivo de 2025, estimaciones no oficiales apuntan a que cerca de 100.000 cubanos podr\u00edan residir actualmente en M\u00e9xico, aunque se reconoce que una parte significativa se encuentra en situaci\u00f3n migratoria irregular. En contraste, el censo mexicano de 2020 reportaba apenas 26.000 residentes cubanos. Muchos de los migrantes varados mantienen la expectativa de ingresar a Estados Unidos tras el eventual fin del segundo mandato de Trump en 2028.<\/p>\n\n\n\n<p>En este contexto, analistas se\u00f1alan la paradoja entre el llamado del Gobierno cubano a la llamada \u201cresistencia creativa\u201d, que ya cumple 67 a\u00f1os, y los mensajes informales que instan a \u201caguantar\u201d los a\u00f1os restantes de la actual administraci\u00f3n estadounidense.<\/p>\n\n\n\n<p>Los flujos migratorios tambi\u00e9n se han visto marcados por las deportaciones. Hasta julio de 2025, al menos 640 ciudadanos cubanos deportados desde Estados Unidos fueron enviados a M\u00e9xico, seg\u00fan datos del Instituto Nacional de Migraci\u00f3n (INM). Desde 2023, M\u00e9xico realiza adem\u00e1s vuelos de deportaci\u00f3n directa a La Habana.<\/p>\n\n\n\n<p>Entre enero y noviembre de 2025, <a href=\"https:\/\/www.cuballama.com\/noticias\/que-hizo-cesar-evora-en-su-reciente-viaje-a-cuba\/\" target=\"_blank\" rel=\"noreferrer noopener\">Cuba <\/a>recibi\u00f3 1.535 migrantes repatriados en 52 vuelos procedentes de Estados Unidos y otros pa\u00edses de la regi\u00f3n, de los cuales al menos 1.370 proven\u00edan de territorio estadounidense. En contraste, en marzo de 2025 se report\u00f3 que solo 132 cubanos lograron cruzar de forma irregular la frontera sur de EE.UU. desde M\u00e9xico.<\/p>\n\n\n\n<p>Un an\u00e1lisis de la Agencia de la ONU para los Refugiados (ACNUR) se\u00f1ala que aproximadamente la mitad de las solicitudes de asilo presentadas este a\u00f1o se concentraron en Chiapas, Tabasco, Veracruz y la Ciudad de M\u00e9xico, seg\u00fan public\u00f3 <em>El Sol de M\u00e9xico<\/em>. Pese a la alta movilidad de esta poblaci\u00f3n, ACNUR estima que 66 % de los migrantes que llegan al pa\u00eds manifiestan la intenci\u00f3n de permanecer en M\u00e9xico.<\/p>\n\n\n\n<p>Hasta el momento, m\u00e1s de 622.000 inmigrantes han sido deportados desde que Donald Trump asumi\u00f3 la presidencia en enero, de acuerdo con cifras oficiales, un dato que sigue marcando el comportamiento migratorio regional.<\/p>\n\n\n\n<p><\/p>\n","protected":false},"excerpt":{"rendered":"<p>Entre enero y septiembre de 2025, el Gobierno de Claudia Sheinbaum recibi\u00f3 58.800 solicitudes de refugio, una cifra pr\u00e1cticamente id\u00e9ntica a la del mismo per\u00edodo de 2024, cuando se contabilizaron 58.644.<\/p>\n","protected":false},"author":24,"featured_media":136813,"comment_status":"open","ping_status":"closed","sticky":false,"template":"","format":"standard","meta":{"_acf_changed":false,"footnotes":""},"categories":[18,955],"tags":[10867,92,4523,600,6047,11017],"class_list":{"0":"post-230371","1":"post","2":"type-post","3":"status-publish","4":"format-standard","5":"has-post-thumbnail","7":"category-noticias","8":"category-noticias-de-cuba","9":"tag-crisis-en-cuba","10":"tag-cubanos","11":"tag-cubanos-en-mexico","12":"tag-migrantes-cubanos","13":"tag-migrantes-cubanos-en-mexico","14":"tag-superdestacado"},"acf":[],"yoast_head":"<!-- This site is optimized with the Yoast SEO plugin v27.4 - https:\/\/yoast.com\/product\/yoast-seo-wordpress\/ -->\n<title>Cubanos encabezan solicitudes de refugio en M\u00e9xico en 2025 - Cuballama Noticias<\/title>\n<meta name=\"description\" content=\"Los cubanos fueron el grupo que m\u00e1s solicitudes de refugio present\u00f3 en M\u00e9xico durante 2025, de acuerdo a la Comisi\u00f3n de Ayuda a Refugiados\" \/>\n<meta name=\"robots\" content=\"index, follow, max-snippet:-1, max-image-preview:large, max-video-preview:-1\" \/>\n<link rel=\"canonical\" href=\"https:\/\/www.cuballama.com\/noticias\/cubanos-encabezan-solicitudes-de-refugio-en-mexico-en-2025\/\" \/>\n<meta property=\"og:locale\" content=\"es_ES\" \/>\n<meta property=\"og:type\" content=\"article\" \/>\n<meta property=\"og:title\" content=\"Cubanos encabezan solicitudes de refugio en M\u00e9xico en 2025 - Cuballama Noticias\" \/>\n<meta property=\"og:description\" content=\"Los cubanos fueron el grupo que m\u00e1s solicitudes de refugio present\u00f3 en M\u00e9xico durante 2025, de acuerdo a la Comisi\u00f3n de Ayuda a Refugiados\" \/>\n<meta property=\"og:url\" content=\"https:\/\/www.cuballama.com\/noticias\/cubanos-encabezan-solicitudes-de-refugio-en-mexico-en-2025\/\" \/>\n<meta property=\"og:site_name\" content=\"Cuballama Noticias\" \/>\n<meta property=\"article:publisher\" content=\"https:\/\/www.facebook.com\/CubaLlama\" \/>\n<meta property=\"article:published_time\" content=\"2026-01-02T17:45:59+00:00\" \/>\n<meta property=\"article:modified_time\" content=\"2026-01-02T17:46:02+00:00\" \/>\n<meta property=\"og:image\" content=\"https:\/\/cdn1.mediawpaccore.net\/wp-content\/uploads\/2023\/09\/07120655\/shutterstock_1409999543.jpg\" \/>\n\t<meta property=\"og:image:width\" content=\"1000\" \/>\n\t<meta property=\"og:image:height\" content=\"667\" \/>\n\t<meta property=\"og:image:type\" content=\"image\/jpeg\" \/>\n<meta name=\"author\" content=\"Manu\" \/>\n<meta name=\"twitter:card\" content=\"summary_large_image\" \/>\n<meta name=\"twitter:creator\" content=\"@cuballama\" \/>\n<meta name=\"twitter:site\" content=\"@cuballama\" \/>\n<meta name=\"twitter:label1\" content=\"Escrito por\" \/>\n\t<meta name=\"twitter:data1\" content=\"Manu\" \/>\n\t<meta name=\"twitter:label2\" content=\"Tiempo de lectura\" \/>\n\t<meta name=\"twitter:data2\" content=\"3 minutos\" \/>\n<script type=\"application\/ld+json\" class=\"yoast-schema-graph\">{\"@context\":\"https:\\\/\\\/schema.org\",\"@graph\":[{\"@type\":\"Article\",\"@id\":\"https:\\\/\\\/www.cuballama.com\\\/noticias\\\/cubanos-encabezan-solicitudes-de-refugio-en-mexico-en-2025\\\/#article\",\"isPartOf\":{\"@id\":\"https:\\\/\\\/www.cuballama.com\\\/noticias\\\/cubanos-encabezan-solicitudes-de-refugio-en-mexico-en-2025\\\/\"},\"author\":{\"name\":\"Manu\",\"@id\":\"https:\\\/\\\/www.cuballama.com\\\/noticias\\\/#\\\/schema\\\/person\\\/5889f7d070564f8386e7944d14d436cd\"},\"headline\":\"Cubanos encabezan solicitudes de refugio en M\u00e9xico en 2025\",\"datePublished\":\"2026-01-02T17:45:59+00:00\",\"dateModified\":\"2026-01-02T17:46:02+00:00\",\"mainEntityOfPage\":{\"@id\":\"https:\\\/\\\/www.cuballama.com\\\/noticias\\\/cubanos-encabezan-solicitudes-de-refugio-en-mexico-en-2025\\\/\"},\"wordCount\":606,\"commentCount\":0,\"publisher\":{\"@id\":\"https:\\\/\\\/www.cuballama.com\\\/noticias\\\/#organization\"},\"image\":{\"@id\":\"https:\\\/\\\/www.cuballama.com\\\/noticias\\\/cubanos-encabezan-solicitudes-de-refugio-en-mexico-en-2025\\\/#primaryimage\"},\"thumbnailUrl\":\"https:\\\/\\\/cdn1.mediawpaccore.net\\\/wp-content\\\/uploads\\\/2023\\\/09\\\/07120655\\\/shutterstock_1409999543.jpg\",\"keywords\":[\"Crisis en Cuba\",\"cubanos\",\"Cubanos en M\u00e9xico\",\"Migrantes cubanos\",\"Migrantes cubanos en M\u00e9xico\",\"superdestacado\"],\"articleSection\":[\"Noticias\",\"Noticias de Cuba\"],\"inLanguage\":\"es\",\"potentialAction\":[{\"@type\":\"CommentAction\",\"name\":\"Comment\",\"target\":[\"https:\\\/\\\/www.cuballama.com\\\/noticias\\\/cubanos-encabezan-solicitudes-de-refugio-en-mexico-en-2025\\\/#respond\"]}]},{\"@type\":\"WebPage\",\"@id\":\"https:\\\/\\\/www.cuballama.com\\\/noticias\\\/cubanos-encabezan-solicitudes-de-refugio-en-mexico-en-2025\\\/\",\"url\":\"https:\\\/\\\/www.cuballama.com\\\/noticias\\\/cubanos-encabezan-solicitudes-de-refugio-en-mexico-en-2025\\\/\",\"name\":\"Cubanos encabezan solicitudes de refugio en M\u00e9xico en 2025 - Cuballama Noticias\",\"isPartOf\":{\"@id\":\"https:\\\/\\\/www.cuballama.com\\\/noticias\\\/#website\"},\"primaryImageOfPage\":{\"@id\":\"https:\\\/\\\/www.cuballama.com\\\/noticias\\\/cubanos-encabezan-solicitudes-de-refugio-en-mexico-en-2025\\\/#primaryimage\"},\"image\":{\"@id\":\"https:\\\/\\\/www.cuballama.com\\\/noticias\\\/cubanos-encabezan-solicitudes-de-refugio-en-mexico-en-2025\\\/#primaryimage\"},\"thumbnailUrl\":\"https:\\\/\\\/cdn1.mediawpaccore.net\\\/wp-content\\\/uploads\\\/2023\\\/09\\\/07120655\\\/shutterstock_1409999543.jpg\",\"datePublished\":\"2026-01-02T17:45:59+00:00\",\"dateModified\":\"2026-01-02T17:46:02+00:00\",\"description\":\"Los cubanos fueron el grupo que m\u00e1s solicitudes de refugio present\u00f3 en M\u00e9xico durante 2025, de acuerdo a la Comisi\u00f3n de Ayuda a Refugiados\",\"breadcrumb\":{\"@id\":\"https:\\\/\\\/www.cuballama.com\\\/noticias\\\/cubanos-encabezan-solicitudes-de-refugio-en-mexico-en-2025\\\/#breadcrumb\"},\"inLanguage\":\"es\",\"potentialAction\":[{\"@type\":\"ReadAction\",\"target\":[\"https:\\\/\\\/www.cuballama.com\\\/noticias\\\/cubanos-encabezan-solicitudes-de-refugio-en-mexico-en-2025\\\/\"]}]},{\"@type\":\"ImageObject\",\"inLanguage\":\"es\",\"@id\":\"https:\\\/\\\/www.cuballama.com\\\/noticias\\\/cubanos-encabezan-solicitudes-de-refugio-en-mexico-en-2025\\\/#primaryimage\",\"url\":\"https:\\\/\\\/cdn1.mediawpaccore.net\\\/wp-content\\\/uploads\\\/2023\\\/09\\\/07120655\\\/shutterstock_1409999543.jpg\",\"contentUrl\":\"https:\\\/\\\/cdn1.mediawpaccore.net\\\/wp-content\\\/uploads\\\/2023\\\/09\\\/07120655\\\/shutterstock_1409999543.jpg\",\"width\":1000,\"height\":667,\"caption\":\"Foto: referencial Shutterstock\"},{\"@type\":\"BreadcrumbList\",\"@id\":\"https:\\\/\\\/www.cuballama.com\\\/noticias\\\/cubanos-encabezan-solicitudes-de-refugio-en-mexico-en-2025\\\/#breadcrumb\",\"itemListElement\":[{\"@type\":\"ListItem\",\"position\":1,\"name\":\"Home\",\"item\":\"https:\\\/\\\/www.cuballama.com\\\/noticias\\\/\"},{\"@type\":\"ListItem\",\"position\":2,\"name\":\"Cubanos encabezan solicitudes de refugio en M\u00e9xico en 2025\"}]},{\"@type\":\"WebSite\",\"@id\":\"https:\\\/\\\/www.cuballama.com\\\/noticias\\\/#website\",\"url\":\"https:\\\/\\\/www.cuballama.com\\\/noticias\\\/\",\"name\":\"Cuballama Noticias\",\"description\":\"Medio digital sobre Cuba y el mundo\",\"publisher\":{\"@id\":\"https:\\\/\\\/www.cuballama.com\\\/noticias\\\/#organization\"},\"potentialAction\":[{\"@type\":\"SearchAction\",\"target\":{\"@type\":\"EntryPoint\",\"urlTemplate\":\"https:\\\/\\\/www.cuballama.com\\\/noticias\\\/?s={search_term_string}\"},\"query-input\":{\"@type\":\"PropertyValueSpecification\",\"valueRequired\":true,\"valueName\":\"search_term_string\"}}],\"inLanguage\":\"es\"},{\"@type\":\"Organization\",\"@id\":\"https:\\\/\\\/www.cuballama.com\\\/noticias\\\/#organization\",\"name\":\"Cuballama\",\"url\":\"https:\\\/\\\/www.cuballama.com\\\/noticias\\\/\",\"logo\":{\"@type\":\"ImageObject\",\"inLanguage\":\"es\",\"@id\":\"https:\\\/\\\/www.cuballama.com\\\/noticias\\\/#\\\/schema\\\/logo\\\/image\\\/\",\"url\":\"https:\\\/\\\/cdn1.mediawpaccore.net\\\/wp-content\\\/uploads\\\/2021\\\/12\\\/28171206\\\/cbll-logo-color-sm.png\",\"contentUrl\":\"https:\\\/\\\/cdn1.mediawpaccore.net\\\/wp-content\\\/uploads\\\/2021\\\/12\\\/28171206\\\/cbll-logo-color-sm.png\",\"width\":600,\"height\":133,\"caption\":\"Cuballama\"},\"image\":{\"@id\":\"https:\\\/\\\/www.cuballama.com\\\/noticias\\\/#\\\/schema\\\/logo\\\/image\\\/\"},\"sameAs\":[\"https:\\\/\\\/www.facebook.com\\\/CubaLlama\",\"https:\\\/\\\/x.com\\\/cuballama\",\"https:\\\/\\\/www.instagram.com\\\/stories\\\/cuballama_oficial\\\/\",\"https:\\\/\\\/www.youtube.com\\\/channel\\\/UCKkFE-d_axENGZcrc4as0IA\"]},{\"@type\":\"Person\",\"@id\":\"https:\\\/\\\/www.cuballama.com\\\/noticias\\\/#\\\/schema\\\/person\\\/5889f7d070564f8386e7944d14d436cd\",\"name\":\"Manu\",\"url\":\"https:\\\/\\\/www.cuballama.com\\\/noticias\\\/author\\\/manu\\\/\"}]}<\/script>\n<!-- \/ Yoast SEO plugin. -->","yoast_head_json":{"title":"Cubanos encabezan solicitudes de refugio en M\u00e9xico en 2025 - Cuballama Noticias","description":"Los cubanos fueron el grupo que m\u00e1s solicitudes de refugio present\u00f3 en M\u00e9xico durante 2025, de acuerdo a la Comisi\u00f3n de Ayuda a Refugiados","robots":{"index":"index","follow":"follow","max-snippet":"max-snippet:-1","max-image-preview":"max-image-preview:large","max-video-preview":"max-video-preview:-1"},"canonical":"https:\/\/www.cuballama.com\/noticias\/cubanos-encabezan-solicitudes-de-refugio-en-mexico-en-2025\/","og_locale":"es_ES","og_type":"article","og_title":"Cubanos encabezan solicitudes de refugio en M\u00e9xico en 2025 - Cuballama Noticias","og_description":"Los cubanos fueron el grupo que m\u00e1s solicitudes de refugio present\u00f3 en M\u00e9xico durante 2025, de acuerdo a la Comisi\u00f3n de Ayuda a Refugiados","og_url":"https:\/\/www.cuballama.com\/noticias\/cubanos-encabezan-solicitudes-de-refugio-en-mexico-en-2025\/","og_site_name":"Cuballama Noticias","article_publisher":"https:\/\/www.facebook.com\/CubaLlama","article_published_time":"2026-01-02T17:45:59+00:00","article_modified_time":"2026-01-02T17:46:02+00:00","og_image":[{"width":1000,"height":667,"url":"https:\/\/cdn1.mediawpaccore.net\/wp-content\/uploads\/2023\/09\/07120655\/shutterstock_1409999543.jpg","type":"image\/jpeg"}],"author":"Manu","twitter_card":"summary_large_image","twitter_creator":"@cuballama","twitter_site":"@cuballama","twitter_misc":{"Escrito por":"Manu","Tiempo de lectura":"3 minutos"},"schema":{"@context":"https:\/\/schema.org","@graph":[{"@type":"Article","@id":"https:\/\/www.cuballama.com\/noticias\/cubanos-encabezan-solicitudes-de-refugio-en-mexico-en-2025\/#article","isPartOf":{"@id":"https:\/\/www.cuballama.com\/noticias\/cubanos-encabezan-solicitudes-de-refugio-en-mexico-en-2025\/"},"author":{"name":"Manu","@id":"https:\/\/www.cuballama.com\/noticias\/#\/schema\/person\/5889f7d070564f8386e7944d14d436cd"},"headline":"Cubanos encabezan solicitudes de refugio en M\u00e9xico en 2025","datePublished":"2026-01-02T17:45:59+00:00","dateModified":"2026-01-02T17:46:02+00:00","mainEntityOfPage":{"@id":"https:\/\/www.cuballama.com\/noticias\/cubanos-encabezan-solicitudes-de-refugio-en-mexico-en-2025\/"},"wordCount":606,"commentCount":0,"publisher":{"@id":"https:\/\/www.cuballama.com\/noticias\/#organization"},"image":{"@id":"https:\/\/www.cuballama.com\/noticias\/cubanos-encabezan-solicitudes-de-refugio-en-mexico-en-2025\/#primaryimage"},"thumbnailUrl":"https:\/\/cdn1.mediawpaccore.net\/wp-content\/uploads\/2023\/09\/07120655\/shutterstock_1409999543.jpg","keywords":["Crisis en Cuba","cubanos","Cubanos en M\u00e9xico","Migrantes cubanos","Migrantes cubanos en M\u00e9xico","superdestacado"],"articleSection":["Noticias","Noticias de Cuba"],"inLanguage":"es","potentialAction":[{"@type":"CommentAction","name":"Comment","target":["https:\/\/www.cuballama.com\/noticias\/cubanos-encabezan-solicitudes-de-refugio-en-mexico-en-2025\/#respond"]}]},{"@type":"WebPage","@id":"https:\/\/www.cuballama.com\/noticias\/cubanos-encabezan-solicitudes-de-refugio-en-mexico-en-2025\/","url":"https:\/\/www.cuballama.com\/noticias\/cubanos-encabezan-solicitudes-de-refugio-en-mexico-en-2025\/","name":"Cubanos encabezan solicitudes de refugio en M\u00e9xico en 2025 - Cuballama Noticias","isPartOf":{"@id":"https:\/\/www.cuballama.com\/noticias\/#website"},"primaryImageOfPage":{"@id":"https:\/\/www.cuballama.com\/noticias\/cubanos-encabezan-solicitudes-de-refugio-en-mexico-en-2025\/#primaryimage"},"image":{"@id":"https:\/\/www.cuballama.com\/noticias\/cubanos-encabezan-solicitudes-de-refugio-en-mexico-en-2025\/#primaryimage"},"thumbnailUrl":"https:\/\/cdn1.mediawpaccore.net\/wp-content\/uploads\/2023\/09\/07120655\/shutterstock_1409999543.jpg","datePublished":"2026-01-02T17:45:59+00:00","dateModified":"2026-01-02T17:46:02+00:00","description":"Los cubanos fueron el grupo que m\u00e1s solicitudes de refugio present\u00f3 en M\u00e9xico durante 2025, de acuerdo a la Comisi\u00f3n de Ayuda a Refugiados","breadcrumb":{"@id":"https:\/\/www.cuballama.com\/noticias\/cubanos-encabezan-solicitudes-de-refugio-en-mexico-en-2025\/#breadcrumb"},"inLanguage":"es","potentialAction":[{"@type":"ReadAction","target":["https:\/\/www.cuballama.com\/noticias\/cubanos-encabezan-solicitudes-de-refugio-en-mexico-en-2025\/"]}]},{"@type":"ImageObject","inLanguage":"es","@id":"https:\/\/www.cuballama.com\/noticias\/cubanos-encabezan-solicitudes-de-refugio-en-mexico-en-2025\/#primaryimage","url":"https:\/\/cdn1.mediawpaccore.net\/wp-content\/uploads\/2023\/09\/07120655\/shutterstock_1409999543.jpg","contentUrl":"https:\/\/cdn1.mediawpaccore.net\/wp-content\/uploads\/2023\/09\/07120655\/shutterstock_1409999543.jpg","width":1000,"height":667,"caption":"Foto: referencial Shutterstock"},{"@type":"BreadcrumbList","@id":"https:\/\/www.cuballama.com\/noticias\/cubanos-encabezan-solicitudes-de-refugio-en-mexico-en-2025\/#breadcrumb","itemListElement":[{"@type":"ListItem","position":1,"name":"Home","item":"https:\/\/www.cuballama.com\/noticias\/"},{"@type":"ListItem","position":2,"name":"Cubanos encabezan solicitudes de refugio en M\u00e9xico en 2025"}]},{"@type":"WebSite","@id":"https:\/\/www.cuballama.com\/noticias\/#website","url":"https:\/\/www.cuballama.com\/noticias\/","name":"Cuballama Noticias","description":"Medio digital sobre Cuba y el mundo","publisher":{"@id":"https:\/\/www.cuballama.com\/noticias\/#organization"},"potentialAction":[{"@type":"SearchAction","target":{"@type":"EntryPoint","urlTemplate":"https:\/\/www.cuballama.com\/noticias\/?s={search_term_string}"},"query-input":{"@type":"PropertyValueSpecification","valueRequired":true,"valueName":"search_term_string"}}],"inLanguage":"es"},{"@type":"Organization","@id":"https:\/\/www.cuballama.com\/noticias\/#organization","name":"Cuballama","url":"https:\/\/www.cuballama.com\/noticias\/","logo":{"@type":"ImageObject","inLanguage":"es","@id":"https:\/\/www.cuballama.com\/noticias\/#\/schema\/logo\/image\/","url":"https:\/\/cdn1.mediawpaccore.net\/wp-content\/uploads\/2021\/12\/28171206\/cbll-logo-color-sm.png","contentUrl":"https:\/\/cdn1.mediawpaccore.net\/wp-content\/uploads\/2021\/12\/28171206\/cbll-logo-color-sm.png","width":600,"height":133,"caption":"Cuballama"},"image":{"@id":"https:\/\/www.cuballama.com\/noticias\/#\/schema\/logo\/image\/"},"sameAs":["https:\/\/www.facebook.com\/CubaLlama","https:\/\/x.com\/cuballama","https:\/\/www.instagram.com\/stories\/cuballama_oficial\/","https:\/\/www.youtube.com\/channel\/UCKkFE-d_axENGZcrc4as0IA"]},{"@type":"Person","@id":"https:\/\/www.cuballama.com\/noticias\/#\/schema\/person\/5889f7d070564f8386e7944d14d436cd","name":"Manu","url":"https:\/\/www.cuballama.com\/noticias\/author\/manu\/"}]}},"_links":{"self":[{"href":"https:\/\/www.cuballama.com\/noticias\/wp-json\/wp\/v2\/posts\/230371","targetHints":{"allow":["GET"]}}],"collection":[{"href":"https:\/\/www.cuballama.com\/noticias\/wp-json\/wp\/v2\/posts"}],"about":[{"href":"https:\/\/www.cuballama.com\/noticias\/wp-json\/wp\/v2\/types\/post"}],"author":[{"embeddable":true,"href":"https:\/\/www.cuballama.com\/noticias\/wp-json\/wp\/v2\/users\/24"}],"replies":[{"embeddable":true,"href":"https:\/\/www.cuballama.com\/noticias\/wp-json\/wp\/v2\/comments?post=230371"}],"version-history":[{"count":1,"href":"https:\/\/www.cuballama.com\/noticias\/wp-json\/wp\/v2\/posts\/230371\/revisions"}],"predecessor-version":[{"id":230372,"href":"https:\/\/www.cuballama.com\/noticias\/wp-json\/wp\/v2\/posts\/230371\/revisions\/230372"}],"wp:featuredmedia":[{"embeddable":true,"href":"https:\/\/www.cuballama.com\/noticias\/wp-json\/wp\/v2\/media\/136813"}],"wp:attachment":[{"href":"https:\/\/www.cuballama.com\/noticias\/wp-json\/wp\/v2\/media?parent=230371"}],"wp:term":[{"taxonomy":"category","embeddable":true,"href":"https:\/\/www.cuballama.com\/noticias\/wp-json\/wp\/v2\/categories?post=230371"},{"taxonomy":"post_tag","embeddable":true,"href":"https:\/\/www.cuballama.com\/noticias\/wp-json\/wp\/v2\/tags?post=230371"}],"curies":[{"name":"wp","href":"https:\/\/api.w.org\/{rel}","templated":true}]}}