{"id":230229,"date":"2025-12-31T13:13:10","date_gmt":"2025-12-31T18:13:10","guid":{"rendered":"https:\/\/www.cuballama.com\/noticias\/?p=230229"},"modified":"2025-12-31T13:13:13","modified_gmt":"2025-12-31T18:13:13","slug":"mensaje-de-ano-nuevo-de-manuel-marrero-no-se-sabe-si-es-para-reir-o-para-llorar","status":"publish","type":"post","link":"https:\/\/www.cuballama.com\/noticias\/mensaje-de-ano-nuevo-de-manuel-marrero-no-se-sabe-si-es-para-reir-o-para-llorar\/","title":{"rendered":"Mensaje de a\u00f1o nuevo de Manuel Marrero no se sabe si es para re\u00edr o para llorar"},"content":{"rendered":"\n<p>El primer ministro de Cuba, Manuel Marrero Cruz, public\u00f3 este 31 de diciembre un pol\u00e9mico mensaje d\u00e1ndole la bienvenida al 2026.<\/p>\n\n\n\n<p>En un escueto texto que public\u00f3 en la red social X y que uno no sabe si recibir con risa, enojo o llanto, Marrero Cruz le dese\u00f3 un feliz 2026 al \u201cheroico pueblo de Cuba\u201d.<\/p>\n\n\n\n<p>\u201cEn el a\u00f1o del centenario de Fidel, ratificamos que siempre defenderemos la obra de la Revoluci\u00f3n. En la unidad est\u00e1 la fuerza y juntos saldremos adelante\u201d, se\u00f1al\u00f3 el funcionario dejando claro que poco o ning\u00fan cambio, que no sea para mal, se avecina para la isla.<\/p>\n\n\n\n<p>\u201cAnte los desaf\u00edos, crece nuestra seguridad en la victoria\u201d, recalc\u00f3 con el acostumbrado discurso triunfalista que caracteriza a los gobernantes cubanos y con el que se han perpetuado en el poder por casi siete d\u00e9cadas.<\/p>\n\n\n\n<blockquote class=\"twitter-tweet\"><p lang=\"es\" dir=\"ltr\">\u00a1Feliz 2026 al heroico pueblo de <a href=\"https:\/\/twitter.com\/hashtag\/Cuba?src=hash&amp;ref_src=twsrc%5Etfw\">#Cuba<\/a>!<br><br>En el a\u00f1o del centenario de <a href=\"https:\/\/twitter.com\/hashtag\/Fidel?src=hash&amp;ref_src=twsrc%5Etfw\">#Fidel<\/a>, ratificamos que siempre defenderemos la obra de la Revoluci\u00f3n. En la unidad est\u00e1 la fuerza y juntos saldremos adelante.<br><br>Ante los desaf\u00edos, crece nuestra seguridad en la victoria.<a href=\"https:\/\/twitter.com\/hashtag\/UnPuebloEnRevoluci%C3%B3n?src=hash&amp;ref_src=twsrc%5Etfw\">#UnPuebloEnRevoluci\u00f3n<\/a> <a href=\"https:\/\/t.co\/UweqoWxy4W\">pic.twitter.com\/UweqoWxy4W<\/a><\/p>&mdash; Manuel Marrero Cruz (@MMarreroCruz) <a href=\"https:\/\/twitter.com\/MMarreroCruz\/status\/2006386248492171761?ref_src=twsrc%5Etfw\">December 31, 2025<\/a><\/blockquote> <script async src=\"https:\/\/platform.twitter.com\/widgets.js\" charset=\"utf-8\"><\/script>\n\n\n\n<p>Por si fuera poco, el alto dirigente, que hace par de d\u00edas insisti\u00f3 en que Cuba vive una \u201ceconom\u00eda de guerra\u201d, pidi\u00f3 que el ejemplo de Fidel Castro Ruz los contin\u00fae guiando en el nuevo a\u00f1o.<\/p>\n\n\n\n<p>Adem\u00e1s, hizo uso de una frase de Castro, que data de 1971, y en la que deja claro que, sin importar que los obst\u00e1culos y las dificultades \u201csean grandes\u201d, \u201cla uni\u00f3n y la estrategia com\u00fan es la condici\u00f3n esencial y el \u00fanico camino de la victoria\u201d.&nbsp;&nbsp;&nbsp;<\/p>\n\n\n\n<p>No obstante, la desfachatez del mensaje del primer ministro no ha pasado desapercibida para muchos cubanos, que lo han llamado desde \u201cc\u00ednico\u201d hasta \u201cdescarado\u201d por desearole un feliz a\u00f1o a un pueblo que \u201cse est\u00e1 muriendo de hambre y de enfermedades\u201d.&nbsp;&nbsp;<\/p>\n\n\n\n<p>\u201cNunca han salido adelante durante 67 a\u00f1os. Los cubanos tendr\u00e1n un Feliz A\u00f1o cuando los saquemos del poder\u201d y \u201cUstedes son los verdaderos enemigos del pueblo cubano. Y van a pagar por todo el da\u00f1o que le han causado\u201d, se\u00f1alaron varios internautas para recordarle a Marrero Cruz que \u00e9l y sus \u201ccamaradas\u201d son los que mantienen a Cuba en la miseria.<\/p>\n\n\n\n<p>Cabe recordar que el 2025 ha sido un a\u00f1o dur\u00edsimo para la mayor\u00eda de los cubanos, cuya vida ha estado cada vez m\u00e1s marcada por la escasez, los apagones prolongados, la inflaci\u00f3n sin freno, la ca\u00edda productiva, las enfermedades y el deterioro de los servicios p\u00fablicos.<\/p>\n\n\n\n<p><\/p>\n","protected":false},"excerpt":{"rendered":"<p>El primer ministro escogi\u00f3 el \u00faltimo d\u00eda de un a\u00f1o fat\u00eddico para felicitar al heroico pueblo de Cuba.<\/p>\n","protected":false},"author":30,"featured_media":230232,"comment_status":"open","ping_status":"closed","sticky":false,"template":"","format":"standard","meta":{"_acf_changed":false,"footnotes":""},"categories":[18,955],"tags":[10867,3895,7831,7771,14973,11017],"class_list":{"0":"post-230229","1":"post","2":"type-post","3":"status-publish","4":"format-standard","5":"has-post-thumbnail","7":"category-noticias","8":"category-noticias-de-cuba","9":"tag-crisis-en-cuba","10":"tag-gobierno-cubano","11":"tag-manuel-marrero","12":"tag-primer-ministro","13":"tag-primer-ministro-de-cuba","14":"tag-superdestacado"},"acf":[],"yoast_head":"<!-- This site is optimized with the Yoast SEO plugin v27.4 - https:\/\/yoast.com\/product\/yoast-seo-wordpress\/ -->\n<title>Mensaje de a\u00f1o nuevo de Manuel Marrero no se sabe si es para re\u00edr o para llorar - Cuballama Noticias<\/title>\n<meta name=\"description\" content=\"El primer ministro de Cuba, Manuel Marrero Cruz, public\u00f3 este 31 de diciembre un mensaje para darle la bienvenida al nuevo a\u00f1o.\" \/>\n<meta name=\"robots\" content=\"index, follow, max-snippet:-1, max-image-preview:large, max-video-preview:-1\" \/>\n<link rel=\"canonical\" href=\"https:\/\/www.cuballama.com\/noticias\/mensaje-de-ano-nuevo-de-manuel-marrero-no-se-sabe-si-es-para-reir-o-para-llorar\/\" \/>\n<meta property=\"og:locale\" content=\"es_ES\" \/>\n<meta property=\"og:type\" content=\"article\" \/>\n<meta property=\"og:title\" content=\"Mensaje de a\u00f1o nuevo de Manuel Marrero no se sabe si es para re\u00edr o para llorar - Cuballama Noticias\" \/>\n<meta property=\"og:description\" content=\"El primer ministro de Cuba, Manuel Marrero Cruz, public\u00f3 este 31 de diciembre un mensaje para darle la bienvenida al nuevo a\u00f1o.\" \/>\n<meta property=\"og:url\" content=\"https:\/\/www.cuballama.com\/noticias\/mensaje-de-ano-nuevo-de-manuel-marrero-no-se-sabe-si-es-para-reir-o-para-llorar\/\" \/>\n<meta property=\"og:site_name\" content=\"Cuballama Noticias\" \/>\n<meta property=\"article:publisher\" content=\"https:\/\/www.facebook.com\/CubaLlama\" \/>\n<meta property=\"article:published_time\" content=\"2025-12-31T18:13:10+00:00\" \/>\n<meta property=\"article:modified_time\" content=\"2025-12-31T18:13:13+00:00\" \/>\n<meta property=\"og:image\" content=\"https:\/\/cdn1.mediawpaccore.net\/wp-content\/uploads\/2025\/12\/31113027\/G8E0iC5XIAAsONx1.jpg\" \/>\n\t<meta property=\"og:image:width\" content=\"1200\" \/>\n\t<meta property=\"og:image:height\" content=\"630\" \/>\n\t<meta property=\"og:image:type\" content=\"image\/jpeg\" \/>\n<meta name=\"author\" content=\"Kathy\" \/>\n<meta name=\"twitter:card\" content=\"summary_large_image\" \/>\n<meta name=\"twitter:creator\" content=\"@cuballama\" \/>\n<meta name=\"twitter:site\" content=\"@cuballama\" \/>\n<meta name=\"twitter:label1\" content=\"Escrito por\" \/>\n\t<meta name=\"twitter:data1\" content=\"Kathy\" \/>\n\t<meta name=\"twitter:label2\" content=\"Tiempo de lectura\" \/>\n\t<meta name=\"twitter:data2\" content=\"2 minutos\" \/>\n<script type=\"application\/ld+json\" class=\"yoast-schema-graph\">{\"@context\":\"https:\\\/\\\/schema.org\",\"@graph\":[{\"@type\":\"Article\",\"@id\":\"https:\\\/\\\/www.cuballama.com\\\/noticias\\\/mensaje-de-ano-nuevo-de-manuel-marrero-no-se-sabe-si-es-para-reir-o-para-llorar\\\/#article\",\"isPartOf\":{\"@id\":\"https:\\\/\\\/www.cuballama.com\\\/noticias\\\/mensaje-de-ano-nuevo-de-manuel-marrero-no-se-sabe-si-es-para-reir-o-para-llorar\\\/\"},\"author\":{\"name\":\"Kathy\",\"@id\":\"https:\\\/\\\/www.cuballama.com\\\/noticias\\\/#\\\/schema\\\/person\\\/86cd3e3f4974437f031211213bf892d5\"},\"headline\":\"Mensaje de a\u00f1o nuevo de Manuel Marrero no se sabe si es para re\u00edr o para llorar\",\"datePublished\":\"2025-12-31T18:13:10+00:00\",\"dateModified\":\"2025-12-31T18:13:13+00:00\",\"mainEntityOfPage\":{\"@id\":\"https:\\\/\\\/www.cuballama.com\\\/noticias\\\/mensaje-de-ano-nuevo-de-manuel-marrero-no-se-sabe-si-es-para-reir-o-para-llorar\\\/\"},\"wordCount\":473,\"commentCount\":0,\"publisher\":{\"@id\":\"https:\\\/\\\/www.cuballama.com\\\/noticias\\\/#organization\"},\"image\":{\"@id\":\"https:\\\/\\\/www.cuballama.com\\\/noticias\\\/mensaje-de-ano-nuevo-de-manuel-marrero-no-se-sabe-si-es-para-reir-o-para-llorar\\\/#primaryimage\"},\"thumbnailUrl\":\"https:\\\/\\\/cdn1.mediawpaccore.net\\\/wp-content\\\/uploads\\\/2025\\\/12\\\/31113027\\\/G8E0iC5XIAAsONx1.jpg\",\"keywords\":[\"Crisis en Cuba\",\"gobierno cubano\",\"Manuel Marrero\",\"Primer Ministro\",\"Primer Ministro de Cuba\",\"superdestacado\"],\"articleSection\":[\"Noticias\",\"Noticias de Cuba\"],\"inLanguage\":\"es\",\"potentialAction\":[{\"@type\":\"CommentAction\",\"name\":\"Comment\",\"target\":[\"https:\\\/\\\/www.cuballama.com\\\/noticias\\\/mensaje-de-ano-nuevo-de-manuel-marrero-no-se-sabe-si-es-para-reir-o-para-llorar\\\/#respond\"]}]},{\"@type\":\"WebPage\",\"@id\":\"https:\\\/\\\/www.cuballama.com\\\/noticias\\\/mensaje-de-ano-nuevo-de-manuel-marrero-no-se-sabe-si-es-para-reir-o-para-llorar\\\/\",\"url\":\"https:\\\/\\\/www.cuballama.com\\\/noticias\\\/mensaje-de-ano-nuevo-de-manuel-marrero-no-se-sabe-si-es-para-reir-o-para-llorar\\\/\",\"name\":\"Mensaje de a\u00f1o nuevo de Manuel Marrero no se sabe si es para re\u00edr o para llorar - Cuballama Noticias\",\"isPartOf\":{\"@id\":\"https:\\\/\\\/www.cuballama.com\\\/noticias\\\/#website\"},\"primaryImageOfPage\":{\"@id\":\"https:\\\/\\\/www.cuballama.com\\\/noticias\\\/mensaje-de-ano-nuevo-de-manuel-marrero-no-se-sabe-si-es-para-reir-o-para-llorar\\\/#primaryimage\"},\"image\":{\"@id\":\"https:\\\/\\\/www.cuballama.com\\\/noticias\\\/mensaje-de-ano-nuevo-de-manuel-marrero-no-se-sabe-si-es-para-reir-o-para-llorar\\\/#primaryimage\"},\"thumbnailUrl\":\"https:\\\/\\\/cdn1.mediawpaccore.net\\\/wp-content\\\/uploads\\\/2025\\\/12\\\/31113027\\\/G8E0iC5XIAAsONx1.jpg\",\"datePublished\":\"2025-12-31T18:13:10+00:00\",\"dateModified\":\"2025-12-31T18:13:13+00:00\",\"description\":\"El primer ministro de Cuba, Manuel Marrero Cruz, public\u00f3 este 31 de diciembre un mensaje para darle la bienvenida al nuevo a\u00f1o.\",\"breadcrumb\":{\"@id\":\"https:\\\/\\\/www.cuballama.com\\\/noticias\\\/mensaje-de-ano-nuevo-de-manuel-marrero-no-se-sabe-si-es-para-reir-o-para-llorar\\\/#breadcrumb\"},\"inLanguage\":\"es\",\"potentialAction\":[{\"@type\":\"ReadAction\",\"target\":[\"https:\\\/\\\/www.cuballama.com\\\/noticias\\\/mensaje-de-ano-nuevo-de-manuel-marrero-no-se-sabe-si-es-para-reir-o-para-llorar\\\/\"]}]},{\"@type\":\"ImageObject\",\"inLanguage\":\"es\",\"@id\":\"https:\\\/\\\/www.cuballama.com\\\/noticias\\\/mensaje-de-ano-nuevo-de-manuel-marrero-no-se-sabe-si-es-para-reir-o-para-llorar\\\/#primaryimage\",\"url\":\"https:\\\/\\\/cdn1.mediawpaccore.net\\\/wp-content\\\/uploads\\\/2025\\\/12\\\/31113027\\\/G8E0iC5XIAAsONx1.jpg\",\"contentUrl\":\"https:\\\/\\\/cdn1.mediawpaccore.net\\\/wp-content\\\/uploads\\\/2025\\\/12\\\/31113027\\\/G8E0iC5XIAAsONx1.jpg\",\"width\":1200,\"height\":630,\"caption\":\"Manuel Marrero. Foto: X\\\/Manuel Marrero.\"},{\"@type\":\"BreadcrumbList\",\"@id\":\"https:\\\/\\\/www.cuballama.com\\\/noticias\\\/mensaje-de-ano-nuevo-de-manuel-marrero-no-se-sabe-si-es-para-reir-o-para-llorar\\\/#breadcrumb\",\"itemListElement\":[{\"@type\":\"ListItem\",\"position\":1,\"name\":\"Home\",\"item\":\"https:\\\/\\\/www.cuballama.com\\\/noticias\\\/\"},{\"@type\":\"ListItem\",\"position\":2,\"name\":\"Mensaje de a\u00f1o nuevo de Manuel Marrero no se sabe si es para re\u00edr o para llorar\"}]},{\"@type\":\"WebSite\",\"@id\":\"https:\\\/\\\/www.cuballama.com\\\/noticias\\\/#website\",\"url\":\"https:\\\/\\\/www.cuballama.com\\\/noticias\\\/\",\"name\":\"Cuballama Noticias\",\"description\":\"Medio digital sobre Cuba y el mundo\",\"publisher\":{\"@id\":\"https:\\\/\\\/www.cuballama.com\\\/noticias\\\/#organization\"},\"potentialAction\":[{\"@type\":\"SearchAction\",\"target\":{\"@type\":\"EntryPoint\",\"urlTemplate\":\"https:\\\/\\\/www.cuballama.com\\\/noticias\\\/?s={search_term_string}\"},\"query-input\":{\"@type\":\"PropertyValueSpecification\",\"valueRequired\":true,\"valueName\":\"search_term_string\"}}],\"inLanguage\":\"es\"},{\"@type\":\"Organization\",\"@id\":\"https:\\\/\\\/www.cuballama.com\\\/noticias\\\/#organization\",\"name\":\"Cuballama\",\"url\":\"https:\\\/\\\/www.cuballama.com\\\/noticias\\\/\",\"logo\":{\"@type\":\"ImageObject\",\"inLanguage\":\"es\",\"@id\":\"https:\\\/\\\/www.cuballama.com\\\/noticias\\\/#\\\/schema\\\/logo\\\/image\\\/\",\"url\":\"https:\\\/\\\/cdn1.mediawpaccore.net\\\/wp-content\\\/uploads\\\/2021\\\/12\\\/28171206\\\/cbll-logo-color-sm.png\",\"contentUrl\":\"https:\\\/\\\/cdn1.mediawpaccore.net\\\/wp-content\\\/uploads\\\/2021\\\/12\\\/28171206\\\/cbll-logo-color-sm.png\",\"width\":600,\"height\":133,\"caption\":\"Cuballama\"},\"image\":{\"@id\":\"https:\\\/\\\/www.cuballama.com\\\/noticias\\\/#\\\/schema\\\/logo\\\/image\\\/\"},\"sameAs\":[\"https:\\\/\\\/www.facebook.com\\\/CubaLlama\",\"https:\\\/\\\/x.com\\\/cuballama\",\"https:\\\/\\\/www.instagram.com\\\/stories\\\/cuballama_oficial\\\/\",\"https:\\\/\\\/www.youtube.com\\\/channel\\\/UCKkFE-d_axENGZcrc4as0IA\"]},{\"@type\":\"Person\",\"@id\":\"https:\\\/\\\/www.cuballama.com\\\/noticias\\\/#\\\/schema\\\/person\\\/86cd3e3f4974437f031211213bf892d5\",\"name\":\"Kathy\",\"url\":\"https:\\\/\\\/www.cuballama.com\\\/noticias\\\/author\\\/kathy\\\/\"}]}<\/script>\n<!-- \/ Yoast SEO plugin. -->","yoast_head_json":{"title":"Mensaje de a\u00f1o nuevo de Manuel Marrero no se sabe si es para re\u00edr o para llorar - Cuballama Noticias","description":"El primer ministro de Cuba, Manuel Marrero Cruz, public\u00f3 este 31 de diciembre un mensaje para darle la bienvenida al nuevo a\u00f1o.","robots":{"index":"index","follow":"follow","max-snippet":"max-snippet:-1","max-image-preview":"max-image-preview:large","max-video-preview":"max-video-preview:-1"},"canonical":"https:\/\/www.cuballama.com\/noticias\/mensaje-de-ano-nuevo-de-manuel-marrero-no-se-sabe-si-es-para-reir-o-para-llorar\/","og_locale":"es_ES","og_type":"article","og_title":"Mensaje de a\u00f1o nuevo de Manuel Marrero no se sabe si es para re\u00edr o para llorar - Cuballama Noticias","og_description":"El primer ministro de Cuba, Manuel Marrero Cruz, public\u00f3 este 31 de diciembre un mensaje para darle la bienvenida al nuevo a\u00f1o.","og_url":"https:\/\/www.cuballama.com\/noticias\/mensaje-de-ano-nuevo-de-manuel-marrero-no-se-sabe-si-es-para-reir-o-para-llorar\/","og_site_name":"Cuballama Noticias","article_publisher":"https:\/\/www.facebook.com\/CubaLlama","article_published_time":"2025-12-31T18:13:10+00:00","article_modified_time":"2025-12-31T18:13:13+00:00","og_image":[{"width":1200,"height":630,"url":"https:\/\/cdn1.mediawpaccore.net\/wp-content\/uploads\/2025\/12\/31113027\/G8E0iC5XIAAsONx1.jpg","type":"image\/jpeg"}],"author":"Kathy","twitter_card":"summary_large_image","twitter_creator":"@cuballama","twitter_site":"@cuballama","twitter_misc":{"Escrito por":"Kathy","Tiempo de lectura":"2 minutos"},"schema":{"@context":"https:\/\/schema.org","@graph":[{"@type":"Article","@id":"https:\/\/www.cuballama.com\/noticias\/mensaje-de-ano-nuevo-de-manuel-marrero-no-se-sabe-si-es-para-reir-o-para-llorar\/#article","isPartOf":{"@id":"https:\/\/www.cuballama.com\/noticias\/mensaje-de-ano-nuevo-de-manuel-marrero-no-se-sabe-si-es-para-reir-o-para-llorar\/"},"author":{"name":"Kathy","@id":"https:\/\/www.cuballama.com\/noticias\/#\/schema\/person\/86cd3e3f4974437f031211213bf892d5"},"headline":"Mensaje de a\u00f1o nuevo de Manuel Marrero no se sabe si es para re\u00edr o para llorar","datePublished":"2025-12-31T18:13:10+00:00","dateModified":"2025-12-31T18:13:13+00:00","mainEntityOfPage":{"@id":"https:\/\/www.cuballama.com\/noticias\/mensaje-de-ano-nuevo-de-manuel-marrero-no-se-sabe-si-es-para-reir-o-para-llorar\/"},"wordCount":473,"commentCount":0,"publisher":{"@id":"https:\/\/www.cuballama.com\/noticias\/#organization"},"image":{"@id":"https:\/\/www.cuballama.com\/noticias\/mensaje-de-ano-nuevo-de-manuel-marrero-no-se-sabe-si-es-para-reir-o-para-llorar\/#primaryimage"},"thumbnailUrl":"https:\/\/cdn1.mediawpaccore.net\/wp-content\/uploads\/2025\/12\/31113027\/G8E0iC5XIAAsONx1.jpg","keywords":["Crisis en Cuba","gobierno cubano","Manuel Marrero","Primer Ministro","Primer Ministro de Cuba","superdestacado"],"articleSection":["Noticias","Noticias de Cuba"],"inLanguage":"es","potentialAction":[{"@type":"CommentAction","name":"Comment","target":["https:\/\/www.cuballama.com\/noticias\/mensaje-de-ano-nuevo-de-manuel-marrero-no-se-sabe-si-es-para-reir-o-para-llorar\/#respond"]}]},{"@type":"WebPage","@id":"https:\/\/www.cuballama.com\/noticias\/mensaje-de-ano-nuevo-de-manuel-marrero-no-se-sabe-si-es-para-reir-o-para-llorar\/","url":"https:\/\/www.cuballama.com\/noticias\/mensaje-de-ano-nuevo-de-manuel-marrero-no-se-sabe-si-es-para-reir-o-para-llorar\/","name":"Mensaje de a\u00f1o nuevo de Manuel Marrero no se sabe si es para re\u00edr o para llorar - Cuballama Noticias","isPartOf":{"@id":"https:\/\/www.cuballama.com\/noticias\/#website"},"primaryImageOfPage":{"@id":"https:\/\/www.cuballama.com\/noticias\/mensaje-de-ano-nuevo-de-manuel-marrero-no-se-sabe-si-es-para-reir-o-para-llorar\/#primaryimage"},"image":{"@id":"https:\/\/www.cuballama.com\/noticias\/mensaje-de-ano-nuevo-de-manuel-marrero-no-se-sabe-si-es-para-reir-o-para-llorar\/#primaryimage"},"thumbnailUrl":"https:\/\/cdn1.mediawpaccore.net\/wp-content\/uploads\/2025\/12\/31113027\/G8E0iC5XIAAsONx1.jpg","datePublished":"2025-12-31T18:13:10+00:00","dateModified":"2025-12-31T18:13:13+00:00","description":"El primer ministro de Cuba, Manuel Marrero Cruz, public\u00f3 este 31 de diciembre un mensaje para darle la bienvenida al nuevo a\u00f1o.","breadcrumb":{"@id":"https:\/\/www.cuballama.com\/noticias\/mensaje-de-ano-nuevo-de-manuel-marrero-no-se-sabe-si-es-para-reir-o-para-llorar\/#breadcrumb"},"inLanguage":"es","potentialAction":[{"@type":"ReadAction","target":["https:\/\/www.cuballama.com\/noticias\/mensaje-de-ano-nuevo-de-manuel-marrero-no-se-sabe-si-es-para-reir-o-para-llorar\/"]}]},{"@type":"ImageObject","inLanguage":"es","@id":"https:\/\/www.cuballama.com\/noticias\/mensaje-de-ano-nuevo-de-manuel-marrero-no-se-sabe-si-es-para-reir-o-para-llorar\/#primaryimage","url":"https:\/\/cdn1.mediawpaccore.net\/wp-content\/uploads\/2025\/12\/31113027\/G8E0iC5XIAAsONx1.jpg","contentUrl":"https:\/\/cdn1.mediawpaccore.net\/wp-content\/uploads\/2025\/12\/31113027\/G8E0iC5XIAAsONx1.jpg","width":1200,"height":630,"caption":"Manuel Marrero. Foto: X\/Manuel Marrero."},{"@type":"BreadcrumbList","@id":"https:\/\/www.cuballama.com\/noticias\/mensaje-de-ano-nuevo-de-manuel-marrero-no-se-sabe-si-es-para-reir-o-para-llorar\/#breadcrumb","itemListElement":[{"@type":"ListItem","position":1,"name":"Home","item":"https:\/\/www.cuballama.com\/noticias\/"},{"@type":"ListItem","position":2,"name":"Mensaje de a\u00f1o nuevo de Manuel Marrero no se sabe si es para re\u00edr o para llorar"}]},{"@type":"WebSite","@id":"https:\/\/www.cuballama.com\/noticias\/#website","url":"https:\/\/www.cuballama.com\/noticias\/","name":"Cuballama Noticias","description":"Medio digital sobre Cuba y el mundo","publisher":{"@id":"https:\/\/www.cuballama.com\/noticias\/#organization"},"potentialAction":[{"@type":"SearchAction","target":{"@type":"EntryPoint","urlTemplate":"https:\/\/www.cuballama.com\/noticias\/?s={search_term_string}"},"query-input":{"@type":"PropertyValueSpecification","valueRequired":true,"valueName":"search_term_string"}}],"inLanguage":"es"},{"@type":"Organization","@id":"https:\/\/www.cuballama.com\/noticias\/#organization","name":"Cuballama","url":"https:\/\/www.cuballama.com\/noticias\/","logo":{"@type":"ImageObject","inLanguage":"es","@id":"https:\/\/www.cuballama.com\/noticias\/#\/schema\/logo\/image\/","url":"https:\/\/cdn1.mediawpaccore.net\/wp-content\/uploads\/2021\/12\/28171206\/cbll-logo-color-sm.png","contentUrl":"https:\/\/cdn1.mediawpaccore.net\/wp-content\/uploads\/2021\/12\/28171206\/cbll-logo-color-sm.png","width":600,"height":133,"caption":"Cuballama"},"image":{"@id":"https:\/\/www.cuballama.com\/noticias\/#\/schema\/logo\/image\/"},"sameAs":["https:\/\/www.facebook.com\/CubaLlama","https:\/\/x.com\/cuballama","https:\/\/www.instagram.com\/stories\/cuballama_oficial\/","https:\/\/www.youtube.com\/channel\/UCKkFE-d_axENGZcrc4as0IA"]},{"@type":"Person","@id":"https:\/\/www.cuballama.com\/noticias\/#\/schema\/person\/86cd3e3f4974437f031211213bf892d5","name":"Kathy","url":"https:\/\/www.cuballama.com\/noticias\/author\/kathy\/"}]}},"_links":{"self":[{"href":"https:\/\/www.cuballama.com\/noticias\/wp-json\/wp\/v2\/posts\/230229","targetHints":{"allow":["GET"]}}],"collection":[{"href":"https:\/\/www.cuballama.com\/noticias\/wp-json\/wp\/v2\/posts"}],"about":[{"href":"https:\/\/www.cuballama.com\/noticias\/wp-json\/wp\/v2\/types\/post"}],"author":[{"embeddable":true,"href":"https:\/\/www.cuballama.com\/noticias\/wp-json\/wp\/v2\/users\/30"}],"replies":[{"embeddable":true,"href":"https:\/\/www.cuballama.com\/noticias\/wp-json\/wp\/v2\/comments?post=230229"}],"version-history":[{"count":2,"href":"https:\/\/www.cuballama.com\/noticias\/wp-json\/wp\/v2\/posts\/230229\/revisions"}],"predecessor-version":[{"id":230235,"href":"https:\/\/www.cuballama.com\/noticias\/wp-json\/wp\/v2\/posts\/230229\/revisions\/230235"}],"wp:featuredmedia":[{"embeddable":true,"href":"https:\/\/www.cuballama.com\/noticias\/wp-json\/wp\/v2\/media\/230232"}],"wp:attachment":[{"href":"https:\/\/www.cuballama.com\/noticias\/wp-json\/wp\/v2\/media?parent=230229"}],"wp:term":[{"taxonomy":"category","embeddable":true,"href":"https:\/\/www.cuballama.com\/noticias\/wp-json\/wp\/v2\/categories?post=230229"},{"taxonomy":"post_tag","embeddable":true,"href":"https:\/\/www.cuballama.com\/noticias\/wp-json\/wp\/v2\/tags?post=230229"}],"curies":[{"name":"wp","href":"https:\/\/api.w.org\/{rel}","templated":true}]}}