{"id":230014,"date":"2026-01-05T11:07:02","date_gmt":"2026-01-05T16:07:02","guid":{"rendered":"https:\/\/www.cuballama.com\/noticias\/?p=230014"},"modified":"2026-01-05T11:07:04","modified_gmt":"2026-01-05T16:07:04","slug":"dos-cubanos-visitan-el-lugar-donde-alberto-juantorena-consiguio-una-hazana-que-jamas-ningun-otro-humano-ha-podido-lograr","status":"publish","type":"post","link":"https:\/\/www.cuballama.com\/noticias\/dos-cubanos-visitan-el-lugar-donde-alberto-juantorena-consiguio-una-hazana-que-jamas-ningun-otro-humano-ha-podido-lograr\/","title":{"rendered":"Dos cubanos visitan el lugar donde Alberto Juantorena consigui\u00f3 una haza\u00f1a que jam\u00e1s, ning\u00fan otro humano ha podido lograr"},"content":{"rendered":"\n<p>Ni el term\u00f3metro clavado en menos 19 grados fren\u00f3 la peregrinaci\u00f3n. Dos cubanos, periodistas ambos, Yasel Porto y <a href=\"https:\/\/www.cuballama.com\/noticias\/armando-campuzano-escribe-libro-y-descubre-verdades-incomodas-y-desconocidas-sobre-el-mundo-de-la-tv-en-cuba\/\">Armando Campuzano<\/a> vinculados a la conversaci\u00f3n cotidiana del deporte en redes, llegaron al Parque Ol\u00edmpico de Montreal y se quedaron un rato all\u00ed, con esa mezcla de fr\u00edo f\u00edsico y calor de memoria que provocan ciertos lugares cuando se miran desde la emigraci\u00f3n. All\u00ed, en ese lugar, el m\u00edtico corredor cubano Alberto Juantorena logr\u00f3 una haza\u00f1a que jam\u00e1s, ning\u00fan otro humano ha podid igualar.<\/p>\n\n\n\n<p>La escena qued\u00f3 contada en una publicaci\u00f3n de <em><a href=\"https:\/\/www.facebook.com\/DportoSportsMedia\/posts\/ni-el-fr%C3%ADo-de-menos-19-grados-evit%C3%B3-llegar-aqu%C3%AD-y-pasar-un-rato-extraordinario-e\/122154534578646699\/\" target=\"_blank\" rel=\"noreferrer noopener nofollow\">Dporto Sports MEDIA<\/a><\/em>, la p\u00e1gina oficial de Facebook de Yasel Porto, donde el autor resume la visita como \u201cun rato extraordinario\u201d en el mismo complejo deportivo que fue coraz\u00f3n de los Juegos Ol\u00edmpicos de 1976.<\/p>\n\n\n\n<p>El post no se limita a la postal tur\u00edstica. Se planta en un punto concreto: Montreal como escenario de una de las p\u00e1ginas m\u00e1s extra\u00f1as de la historia del atletismo, la doble corona ol\u00edmpica de Alberto Juantorena en 400 y 800 metros. <\/p>\n\n\n\n<iframe loading=\"lazy\" src=\"https:\/\/www.facebook.com\/plugins\/post.php?href=https%3A%2F%2Fwww.facebook.com%2FDportoSportsMedia%2Fposts%2Fpfbid02njy4KeNkRwgZP3g9ZcFzf4NSas6Yrh5Vhzk7zBxacatC85kNyYdmemjzM5oLYWAtl&#038;show_text=true&#038;width=500\" width=\"500\" height=\"830\" style=\"border:none;overflow:hidden\" scrolling=\"no\" frameborder=\"0\" allowfullscreen=\"true\" allow=\"autoplay; clipboard-write; encrypted-media; picture-in-picture; web-share\"><\/iframe>\n\n\n\n<p>No es una frase inflada por la nostalgia <em>cubensis<\/em>: ese doblete sigue registrado como una haza\u00f1a irrepetida, un cruce casi imposible entre velocidad y resistencia al m\u00e1ximo nivel en unos mismos Juegos. La propia referencia biogr\u00e1fica m\u00e1s consultada sobre Juantorena, <em><a href=\"https:\/\/es.wikipedia.org\/wiki\/Alberto_Juantorena\" target=\"_blank\" rel=\"noreferrer noopener\">Wikipedia<\/a><\/em>, lo consigna as\u00ed: gan\u00f3 ambas distancias en Montreal 1976 y nadie lo ha repetido \u201chasta ahora\u201d. Eso, traducido al idioma llano del fan, es lo que la publicaci\u00f3n llama \u201cuna haza\u00f1a que jam\u00e1s, ning\u00fan otro humano ha podido lograr\u201d.<\/p>\n\n\n\n<p>El lugar que visitan tambi\u00e9n es parte del relato. El Parque Ol\u00edmpico de Montreal mantiene como pieza central el Stade Olympique, inaugurado en julio de 1976 y dise\u00f1ado para ser la sede principal de aquellas Olimpiadas. Ah\u00ed se celebraron ceremonias y pruebas, y ah\u00ed el recuerdo deportivo convive con la arquitectura monumental que Montreal convirti\u00f3 en emblema y, durante a\u00f1os, en dolor de cabeza presupuestario. Hoy el complejo se promueve como un hito cultural y deportivo de la ciudad, con el estadio, la torre inclinada y otras instalaciones alrededor. <\/p>\n\n\n\n<p>En la publicaci\u00f3n, el viaje funciona como detonante para repasar, en voz alta, la haza\u00f1a deportiva cubana lograda en Montreal 1976. Se mencionan los oros del boxeo de Te\u00f3filo Stevenson, \u00c1ngel Herrera y Jorge Hern\u00e1ndez, y el t\u00edtulo de H\u00e9ctor Rodr\u00edguez en judo, adem\u00e1s de aquella medalla \u00fanica del voleibol masculino que todav\u00eda aparece como referencia sentimental cuando se habla de generaciones irrepetibles. Algunas de esas medallas est\u00e1n documentadas en recuentos hist\u00f3ricos del deporte cubano que confirman la lista de campeones y sit\u00faan a Juantorena como figura central de los seis t\u00edtulos cubanos en esos Juegos. <\/p>\n\n\n\n<p>Los comentarios debajo del post completan el cuadro: gente que reconoce el nombre de uno de los visitantes, saludos desde Tampa o La Habana, recuerdos de una tarja con los campeones, y tambi\u00e9n el choque inevitable de la conversaci\u00f3n cubana, donde la admiraci\u00f3n deportiva convive con reproches pol\u00edticos y heridas viejas. <\/p>\n\n\n\n<p>Entre el hielo y el cemento, la visita termina siendo otra cosa: una excusa para tocar un punto fijo de la historia, comprobar que sigue ah\u00ed, y volver a decir en voz alta que una vez un cubano corri\u00f3 dos finales ol\u00edmpicas que nadie m\u00e1s ha conseguido juntar en la misma garganta, un hecho que qued\u00f3 registrado tambi\u00e9n en una narraci\u00f3n hist\u00f3rica, la del ya fallecido H\u00e9ctor Rodr\u00edguez y aquel grito ensordecedor de que Juantorena lleg\u00f3 \u00abcon el coraz\u00f3n\u00bb.<\/p>\n","protected":false},"excerpt":{"rendered":"<p>Dos cubanos recorrieron el Parque Ol\u00edmpico de Montreal, donde Alberto Juantorena logr\u00f3 en 1976 una haza\u00f1a irrepetida: ganar los 400 y 800 metros en unos mismos Juegos Ol\u00edmpicos. La visita reactiv\u00f3 recuerdos, debates y la memoria del deporte cubano fuera de la Isla.<\/p>\n","protected":false},"author":13,"featured_media":230019,"comment_status":"open","ping_status":"closed","sticky":false,"template":"","format":"standard","meta":{"_acf_changed":false,"footnotes":""},"categories":[21,18],"tags":[11138,24035,1902,6052,8101,9153,28424,29763,7543],"class_list":{"0":"post-230014","1":"post","2":"type-post","3":"status-publish","4":"format-standard","5":"has-post-thumbnail","7":"category-deportes","8":"category-noticias","9":"tag-alberto-juantorena","10":"tag-armando-campuzano","11":"tag-atletismo","12":"tag-deporte-cubano","13":"tag-emigracion-cubana","14":"tag-juegos-olimpicos","15":"tag-memoria-deportiva","16":"tag-montreal-1976","17":"tag-yasel-porto"},"acf":[],"yoast_head":"<!-- This site is optimized with the Yoast SEO plugin v27.4 - https:\/\/yoast.com\/product\/yoast-seo-wordpress\/ -->\n<title>Dos cubanos visitan el lugar donde Alberto Juantorena consigui\u00f3 una haza\u00f1a que jam\u00e1s, ning\u00fan otro humano ha podido lograr - Cuballama Noticias<\/title>\n<meta name=\"description\" content=\"Dos cubanos visitan el Parque Ol\u00edmpico de Montreal, escenario de la haza\u00f1a \u00fanica de Alberto Juantorena en 400 y 800 metros en 1976.\" \/>\n<meta name=\"robots\" content=\"index, follow, max-snippet:-1, max-image-preview:large, max-video-preview:-1\" \/>\n<link rel=\"canonical\" href=\"https:\/\/www.cuballama.com\/noticias\/dos-cubanos-visitan-el-lugar-donde-alberto-juantorena-consiguio-una-hazana-que-jamas-ningun-otro-humano-ha-podido-lograr\/\" \/>\n<meta property=\"og:locale\" content=\"es_ES\" \/>\n<meta property=\"og:type\" content=\"article\" \/>\n<meta property=\"og:title\" content=\"Dos cubanos visitan el lugar donde Alberto Juantorena consigui\u00f3 una haza\u00f1a que jam\u00e1s, ning\u00fan otro humano ha podido lograr - Cuballama Noticias\" \/>\n<meta property=\"og:description\" content=\"Dos cubanos visitan el Parque Ol\u00edmpico de Montreal, escenario de la haza\u00f1a \u00fanica de Alberto Juantorena en 400 y 800 metros en 1976.\" \/>\n<meta property=\"og:url\" content=\"https:\/\/www.cuballama.com\/noticias\/dos-cubanos-visitan-el-lugar-donde-alberto-juantorena-consiguio-una-hazana-que-jamas-ningun-otro-humano-ha-podido-lograr\/\" \/>\n<meta property=\"og:site_name\" content=\"Cuballama Noticias\" \/>\n<meta property=\"article:publisher\" content=\"https:\/\/www.facebook.com\/CubaLlama\" \/>\n<meta property=\"article:published_time\" content=\"2026-01-05T16:07:02+00:00\" \/>\n<meta property=\"article:modified_time\" content=\"2026-01-05T16:07:04+00:00\" \/>\n<meta property=\"og:image\" content=\"https:\/\/cdn1.mediawpaccore.net\/wp-content\/uploads\/2025\/12\/30042402\/image-87-1024x577.png\" \/>\n\t<meta property=\"og:image:width\" content=\"1024\" \/>\n\t<meta property=\"og:image:height\" content=\"577\" \/>\n\t<meta property=\"og:image:type\" content=\"image\/png\" \/>\n<meta name=\"author\" content=\"Roberto A.\" \/>\n<meta name=\"twitter:card\" content=\"summary_large_image\" \/>\n<meta name=\"twitter:creator\" content=\"@cuballama\" \/>\n<meta name=\"twitter:site\" content=\"@cuballama\" \/>\n<meta name=\"twitter:label1\" content=\"Escrito por\" \/>\n\t<meta name=\"twitter:data1\" content=\"Roberto A.\" \/>\n\t<meta name=\"twitter:label2\" content=\"Tiempo de lectura\" \/>\n\t<meta name=\"twitter:data2\" content=\"3 minutos\" \/>\n<script type=\"application\/ld+json\" class=\"yoast-schema-graph\">{\"@context\":\"https:\\\/\\\/schema.org\",\"@graph\":[{\"@type\":\"Article\",\"@id\":\"https:\\\/\\\/www.cuballama.com\\\/noticias\\\/dos-cubanos-visitan-el-lugar-donde-alberto-juantorena-consiguio-una-hazana-que-jamas-ningun-otro-humano-ha-podido-lograr\\\/#article\",\"isPartOf\":{\"@id\":\"https:\\\/\\\/www.cuballama.com\\\/noticias\\\/dos-cubanos-visitan-el-lugar-donde-alberto-juantorena-consiguio-una-hazana-que-jamas-ningun-otro-humano-ha-podido-lograr\\\/\"},\"author\":{\"name\":\"Roberto A.\",\"@id\":\"https:\\\/\\\/www.cuballama.com\\\/noticias\\\/#\\\/schema\\\/person\\\/a58502ed4146c8e9f83872e897c76cd2\"},\"headline\":\"Dos cubanos visitan el lugar donde Alberto Juantorena consigui\u00f3 una haza\u00f1a que jam\u00e1s, ning\u00fan otro humano ha podido lograr\",\"datePublished\":\"2026-01-05T16:07:02+00:00\",\"dateModified\":\"2026-01-05T16:07:04+00:00\",\"mainEntityOfPage\":{\"@id\":\"https:\\\/\\\/www.cuballama.com\\\/noticias\\\/dos-cubanos-visitan-el-lugar-donde-alberto-juantorena-consiguio-una-hazana-que-jamas-ningun-otro-humano-ha-podido-lograr\\\/\"},\"wordCount\":634,\"commentCount\":0,\"publisher\":{\"@id\":\"https:\\\/\\\/www.cuballama.com\\\/noticias\\\/#organization\"},\"image\":{\"@id\":\"https:\\\/\\\/www.cuballama.com\\\/noticias\\\/dos-cubanos-visitan-el-lugar-donde-alberto-juantorena-consiguio-una-hazana-que-jamas-ningun-otro-humano-ha-podido-lograr\\\/#primaryimage\"},\"thumbnailUrl\":\"https:\\\/\\\/cdn1.mediawpaccore.net\\\/wp-content\\\/uploads\\\/2025\\\/12\\\/30042402\\\/image-87.png\",\"keywords\":[\"Alberto Juantorena\",\"Armando Campuzano\",\"Atletismo\",\"deporte cubano\",\"emigraci\u00f3n cubana\",\"Juegos Ol\u00edmpicos\",\"memoria deportiva\",\"Montreal 1976\",\"Yasel Porto\"],\"articleSection\":[\"Deportes\",\"Noticias\"],\"inLanguage\":\"es\",\"potentialAction\":[{\"@type\":\"CommentAction\",\"name\":\"Comment\",\"target\":[\"https:\\\/\\\/www.cuballama.com\\\/noticias\\\/dos-cubanos-visitan-el-lugar-donde-alberto-juantorena-consiguio-una-hazana-que-jamas-ningun-otro-humano-ha-podido-lograr\\\/#respond\"]}]},{\"@type\":\"WebPage\",\"@id\":\"https:\\\/\\\/www.cuballama.com\\\/noticias\\\/dos-cubanos-visitan-el-lugar-donde-alberto-juantorena-consiguio-una-hazana-que-jamas-ningun-otro-humano-ha-podido-lograr\\\/\",\"url\":\"https:\\\/\\\/www.cuballama.com\\\/noticias\\\/dos-cubanos-visitan-el-lugar-donde-alberto-juantorena-consiguio-una-hazana-que-jamas-ningun-otro-humano-ha-podido-lograr\\\/\",\"name\":\"Dos cubanos visitan el lugar donde Alberto Juantorena consigui\u00f3 una haza\u00f1a que jam\u00e1s, ning\u00fan otro humano ha podido lograr - Cuballama Noticias\",\"isPartOf\":{\"@id\":\"https:\\\/\\\/www.cuballama.com\\\/noticias\\\/#website\"},\"primaryImageOfPage\":{\"@id\":\"https:\\\/\\\/www.cuballama.com\\\/noticias\\\/dos-cubanos-visitan-el-lugar-donde-alberto-juantorena-consiguio-una-hazana-que-jamas-ningun-otro-humano-ha-podido-lograr\\\/#primaryimage\"},\"image\":{\"@id\":\"https:\\\/\\\/www.cuballama.com\\\/noticias\\\/dos-cubanos-visitan-el-lugar-donde-alberto-juantorena-consiguio-una-hazana-que-jamas-ningun-otro-humano-ha-podido-lograr\\\/#primaryimage\"},\"thumbnailUrl\":\"https:\\\/\\\/cdn1.mediawpaccore.net\\\/wp-content\\\/uploads\\\/2025\\\/12\\\/30042402\\\/image-87.png\",\"datePublished\":\"2026-01-05T16:07:02+00:00\",\"dateModified\":\"2026-01-05T16:07:04+00:00\",\"description\":\"Dos cubanos visitan el Parque Ol\u00edmpico de Montreal, escenario de la haza\u00f1a \u00fanica de Alberto Juantorena en 400 y 800 metros en 1976.\",\"breadcrumb\":{\"@id\":\"https:\\\/\\\/www.cuballama.com\\\/noticias\\\/dos-cubanos-visitan-el-lugar-donde-alberto-juantorena-consiguio-una-hazana-que-jamas-ningun-otro-humano-ha-podido-lograr\\\/#breadcrumb\"},\"inLanguage\":\"es\",\"potentialAction\":[{\"@type\":\"ReadAction\",\"target\":[\"https:\\\/\\\/www.cuballama.com\\\/noticias\\\/dos-cubanos-visitan-el-lugar-donde-alberto-juantorena-consiguio-una-hazana-que-jamas-ningun-otro-humano-ha-podido-lograr\\\/\"]}]},{\"@type\":\"ImageObject\",\"inLanguage\":\"es\",\"@id\":\"https:\\\/\\\/www.cuballama.com\\\/noticias\\\/dos-cubanos-visitan-el-lugar-donde-alberto-juantorena-consiguio-una-hazana-que-jamas-ningun-otro-humano-ha-podido-lograr\\\/#primaryimage\",\"url\":\"https:\\\/\\\/cdn1.mediawpaccore.net\\\/wp-content\\\/uploads\\\/2025\\\/12\\\/30042402\\\/image-87.png\",\"contentUrl\":\"https:\\\/\\\/cdn1.mediawpaccore.net\\\/wp-content\\\/uploads\\\/2025\\\/12\\\/30042402\\\/image-87.png\",\"width\":2050,\"height\":1156,\"caption\":\"Los periodistas cubanos Armando Campuzano y Yasel Porto, visitan el Estadio Ol\u00edmpico de Montreal, Canad\u00e1. Foto v\u00eda DPorto Sports Media \\\/ Facebook\"},{\"@type\":\"BreadcrumbList\",\"@id\":\"https:\\\/\\\/www.cuballama.com\\\/noticias\\\/dos-cubanos-visitan-el-lugar-donde-alberto-juantorena-consiguio-una-hazana-que-jamas-ningun-otro-humano-ha-podido-lograr\\\/#breadcrumb\",\"itemListElement\":[{\"@type\":\"ListItem\",\"position\":1,\"name\":\"Home\",\"item\":\"https:\\\/\\\/www.cuballama.com\\\/noticias\\\/\"},{\"@type\":\"ListItem\",\"position\":2,\"name\":\"Dos cubanos visitan el lugar donde Alberto Juantorena consigui\u00f3 una haza\u00f1a que jam\u00e1s, ning\u00fan otro humano ha podido lograr\"}]},{\"@type\":\"WebSite\",\"@id\":\"https:\\\/\\\/www.cuballama.com\\\/noticias\\\/#website\",\"url\":\"https:\\\/\\\/www.cuballama.com\\\/noticias\\\/\",\"name\":\"Cuballama Noticias\",\"description\":\"Medio digital sobre Cuba y el mundo\",\"publisher\":{\"@id\":\"https:\\\/\\\/www.cuballama.com\\\/noticias\\\/#organization\"},\"potentialAction\":[{\"@type\":\"SearchAction\",\"target\":{\"@type\":\"EntryPoint\",\"urlTemplate\":\"https:\\\/\\\/www.cuballama.com\\\/noticias\\\/?s={search_term_string}\"},\"query-input\":{\"@type\":\"PropertyValueSpecification\",\"valueRequired\":true,\"valueName\":\"search_term_string\"}}],\"inLanguage\":\"es\"},{\"@type\":\"Organization\",\"@id\":\"https:\\\/\\\/www.cuballama.com\\\/noticias\\\/#organization\",\"name\":\"Cuballama\",\"url\":\"https:\\\/\\\/www.cuballama.com\\\/noticias\\\/\",\"logo\":{\"@type\":\"ImageObject\",\"inLanguage\":\"es\",\"@id\":\"https:\\\/\\\/www.cuballama.com\\\/noticias\\\/#\\\/schema\\\/logo\\\/image\\\/\",\"url\":\"https:\\\/\\\/cdn1.mediawpaccore.net\\\/wp-content\\\/uploads\\\/2021\\\/12\\\/28171206\\\/cbll-logo-color-sm.png\",\"contentUrl\":\"https:\\\/\\\/cdn1.mediawpaccore.net\\\/wp-content\\\/uploads\\\/2021\\\/12\\\/28171206\\\/cbll-logo-color-sm.png\",\"width\":600,\"height\":133,\"caption\":\"Cuballama\"},\"image\":{\"@id\":\"https:\\\/\\\/www.cuballama.com\\\/noticias\\\/#\\\/schema\\\/logo\\\/image\\\/\"},\"sameAs\":[\"https:\\\/\\\/www.facebook.com\\\/CubaLlama\",\"https:\\\/\\\/x.com\\\/cuballama\",\"https:\\\/\\\/www.instagram.com\\\/stories\\\/cuballama_oficial\\\/\",\"https:\\\/\\\/www.youtube.com\\\/channel\\\/UCKkFE-d_axENGZcrc4as0IA\"]},{\"@type\":\"Person\",\"@id\":\"https:\\\/\\\/www.cuballama.com\\\/noticias\\\/#\\\/schema\\\/person\\\/a58502ed4146c8e9f83872e897c76cd2\",\"name\":\"Roberto A.\",\"description\":\"Roberto A. Periodista por decisi\u00f3n propia. Interesado en cualquier tema que me apasione y cada vez m\u00e1s comprometido con la verdad y la objetividad period\u00edstica. Graduado en La Habana hace ya muchos a\u00f1os, luego de una accidentada y polvorienta b\u00fasqueda de informaci\u00f3n sobre un tema in\u00e9dito. La Tesis, por cierto, desapareci\u00f3 de la biblioteca y no se conservan copias de la misma.\",\"url\":\"https:\\\/\\\/www.cuballama.com\\\/noticias\\\/author\\\/roberto\\\/\"}]}<\/script>\n<!-- \/ Yoast SEO plugin. -->","yoast_head_json":{"title":"Dos cubanos visitan el lugar donde Alberto Juantorena consigui\u00f3 una haza\u00f1a que jam\u00e1s, ning\u00fan otro humano ha podido lograr - Cuballama Noticias","description":"Dos cubanos visitan el Parque Ol\u00edmpico de Montreal, escenario de la haza\u00f1a \u00fanica de Alberto Juantorena en 400 y 800 metros en 1976.","robots":{"index":"index","follow":"follow","max-snippet":"max-snippet:-1","max-image-preview":"max-image-preview:large","max-video-preview":"max-video-preview:-1"},"canonical":"https:\/\/www.cuballama.com\/noticias\/dos-cubanos-visitan-el-lugar-donde-alberto-juantorena-consiguio-una-hazana-que-jamas-ningun-otro-humano-ha-podido-lograr\/","og_locale":"es_ES","og_type":"article","og_title":"Dos cubanos visitan el lugar donde Alberto Juantorena consigui\u00f3 una haza\u00f1a que jam\u00e1s, ning\u00fan otro humano ha podido lograr - Cuballama Noticias","og_description":"Dos cubanos visitan el Parque Ol\u00edmpico de Montreal, escenario de la haza\u00f1a \u00fanica de Alberto Juantorena en 400 y 800 metros en 1976.","og_url":"https:\/\/www.cuballama.com\/noticias\/dos-cubanos-visitan-el-lugar-donde-alberto-juantorena-consiguio-una-hazana-que-jamas-ningun-otro-humano-ha-podido-lograr\/","og_site_name":"Cuballama Noticias","article_publisher":"https:\/\/www.facebook.com\/CubaLlama","article_published_time":"2026-01-05T16:07:02+00:00","article_modified_time":"2026-01-05T16:07:04+00:00","og_image":[{"width":1024,"height":577,"url":"https:\/\/cdn1.mediawpaccore.net\/wp-content\/uploads\/2025\/12\/30042402\/image-87-1024x577.png","type":"image\/png"}],"author":"Roberto A.","twitter_card":"summary_large_image","twitter_creator":"@cuballama","twitter_site":"@cuballama","twitter_misc":{"Escrito por":"Roberto A.","Tiempo de lectura":"3 minutos"},"schema":{"@context":"https:\/\/schema.org","@graph":[{"@type":"Article","@id":"https:\/\/www.cuballama.com\/noticias\/dos-cubanos-visitan-el-lugar-donde-alberto-juantorena-consiguio-una-hazana-que-jamas-ningun-otro-humano-ha-podido-lograr\/#article","isPartOf":{"@id":"https:\/\/www.cuballama.com\/noticias\/dos-cubanos-visitan-el-lugar-donde-alberto-juantorena-consiguio-una-hazana-que-jamas-ningun-otro-humano-ha-podido-lograr\/"},"author":{"name":"Roberto A.","@id":"https:\/\/www.cuballama.com\/noticias\/#\/schema\/person\/a58502ed4146c8e9f83872e897c76cd2"},"headline":"Dos cubanos visitan el lugar donde Alberto Juantorena consigui\u00f3 una haza\u00f1a que jam\u00e1s, ning\u00fan otro humano ha podido lograr","datePublished":"2026-01-05T16:07:02+00:00","dateModified":"2026-01-05T16:07:04+00:00","mainEntityOfPage":{"@id":"https:\/\/www.cuballama.com\/noticias\/dos-cubanos-visitan-el-lugar-donde-alberto-juantorena-consiguio-una-hazana-que-jamas-ningun-otro-humano-ha-podido-lograr\/"},"wordCount":634,"commentCount":0,"publisher":{"@id":"https:\/\/www.cuballama.com\/noticias\/#organization"},"image":{"@id":"https:\/\/www.cuballama.com\/noticias\/dos-cubanos-visitan-el-lugar-donde-alberto-juantorena-consiguio-una-hazana-que-jamas-ningun-otro-humano-ha-podido-lograr\/#primaryimage"},"thumbnailUrl":"https:\/\/cdn1.mediawpaccore.net\/wp-content\/uploads\/2025\/12\/30042402\/image-87.png","keywords":["Alberto Juantorena","Armando Campuzano","Atletismo","deporte cubano","emigraci\u00f3n cubana","Juegos Ol\u00edmpicos","memoria deportiva","Montreal 1976","Yasel Porto"],"articleSection":["Deportes","Noticias"],"inLanguage":"es","potentialAction":[{"@type":"CommentAction","name":"Comment","target":["https:\/\/www.cuballama.com\/noticias\/dos-cubanos-visitan-el-lugar-donde-alberto-juantorena-consiguio-una-hazana-que-jamas-ningun-otro-humano-ha-podido-lograr\/#respond"]}]},{"@type":"WebPage","@id":"https:\/\/www.cuballama.com\/noticias\/dos-cubanos-visitan-el-lugar-donde-alberto-juantorena-consiguio-una-hazana-que-jamas-ningun-otro-humano-ha-podido-lograr\/","url":"https:\/\/www.cuballama.com\/noticias\/dos-cubanos-visitan-el-lugar-donde-alberto-juantorena-consiguio-una-hazana-que-jamas-ningun-otro-humano-ha-podido-lograr\/","name":"Dos cubanos visitan el lugar donde Alberto Juantorena consigui\u00f3 una haza\u00f1a que jam\u00e1s, ning\u00fan otro humano ha podido lograr - Cuballama Noticias","isPartOf":{"@id":"https:\/\/www.cuballama.com\/noticias\/#website"},"primaryImageOfPage":{"@id":"https:\/\/www.cuballama.com\/noticias\/dos-cubanos-visitan-el-lugar-donde-alberto-juantorena-consiguio-una-hazana-que-jamas-ningun-otro-humano-ha-podido-lograr\/#primaryimage"},"image":{"@id":"https:\/\/www.cuballama.com\/noticias\/dos-cubanos-visitan-el-lugar-donde-alberto-juantorena-consiguio-una-hazana-que-jamas-ningun-otro-humano-ha-podido-lograr\/#primaryimage"},"thumbnailUrl":"https:\/\/cdn1.mediawpaccore.net\/wp-content\/uploads\/2025\/12\/30042402\/image-87.png","datePublished":"2026-01-05T16:07:02+00:00","dateModified":"2026-01-05T16:07:04+00:00","description":"Dos cubanos visitan el Parque Ol\u00edmpico de Montreal, escenario de la haza\u00f1a \u00fanica de Alberto Juantorena en 400 y 800 metros en 1976.","breadcrumb":{"@id":"https:\/\/www.cuballama.com\/noticias\/dos-cubanos-visitan-el-lugar-donde-alberto-juantorena-consiguio-una-hazana-que-jamas-ningun-otro-humano-ha-podido-lograr\/#breadcrumb"},"inLanguage":"es","potentialAction":[{"@type":"ReadAction","target":["https:\/\/www.cuballama.com\/noticias\/dos-cubanos-visitan-el-lugar-donde-alberto-juantorena-consiguio-una-hazana-que-jamas-ningun-otro-humano-ha-podido-lograr\/"]}]},{"@type":"ImageObject","inLanguage":"es","@id":"https:\/\/www.cuballama.com\/noticias\/dos-cubanos-visitan-el-lugar-donde-alberto-juantorena-consiguio-una-hazana-que-jamas-ningun-otro-humano-ha-podido-lograr\/#primaryimage","url":"https:\/\/cdn1.mediawpaccore.net\/wp-content\/uploads\/2025\/12\/30042402\/image-87.png","contentUrl":"https:\/\/cdn1.mediawpaccore.net\/wp-content\/uploads\/2025\/12\/30042402\/image-87.png","width":2050,"height":1156,"caption":"Los periodistas cubanos Armando Campuzano y Yasel Porto, visitan el Estadio Ol\u00edmpico de Montreal, Canad\u00e1. Foto v\u00eda DPorto Sports Media \/ Facebook"},{"@type":"BreadcrumbList","@id":"https:\/\/www.cuballama.com\/noticias\/dos-cubanos-visitan-el-lugar-donde-alberto-juantorena-consiguio-una-hazana-que-jamas-ningun-otro-humano-ha-podido-lograr\/#breadcrumb","itemListElement":[{"@type":"ListItem","position":1,"name":"Home","item":"https:\/\/www.cuballama.com\/noticias\/"},{"@type":"ListItem","position":2,"name":"Dos cubanos visitan el lugar donde Alberto Juantorena consigui\u00f3 una haza\u00f1a que jam\u00e1s, ning\u00fan otro humano ha podido lograr"}]},{"@type":"WebSite","@id":"https:\/\/www.cuballama.com\/noticias\/#website","url":"https:\/\/www.cuballama.com\/noticias\/","name":"Cuballama Noticias","description":"Medio digital sobre Cuba y el mundo","publisher":{"@id":"https:\/\/www.cuballama.com\/noticias\/#organization"},"potentialAction":[{"@type":"SearchAction","target":{"@type":"EntryPoint","urlTemplate":"https:\/\/www.cuballama.com\/noticias\/?s={search_term_string}"},"query-input":{"@type":"PropertyValueSpecification","valueRequired":true,"valueName":"search_term_string"}}],"inLanguage":"es"},{"@type":"Organization","@id":"https:\/\/www.cuballama.com\/noticias\/#organization","name":"Cuballama","url":"https:\/\/www.cuballama.com\/noticias\/","logo":{"@type":"ImageObject","inLanguage":"es","@id":"https:\/\/www.cuballama.com\/noticias\/#\/schema\/logo\/image\/","url":"https:\/\/cdn1.mediawpaccore.net\/wp-content\/uploads\/2021\/12\/28171206\/cbll-logo-color-sm.png","contentUrl":"https:\/\/cdn1.mediawpaccore.net\/wp-content\/uploads\/2021\/12\/28171206\/cbll-logo-color-sm.png","width":600,"height":133,"caption":"Cuballama"},"image":{"@id":"https:\/\/www.cuballama.com\/noticias\/#\/schema\/logo\/image\/"},"sameAs":["https:\/\/www.facebook.com\/CubaLlama","https:\/\/x.com\/cuballama","https:\/\/www.instagram.com\/stories\/cuballama_oficial\/","https:\/\/www.youtube.com\/channel\/UCKkFE-d_axENGZcrc4as0IA"]},{"@type":"Person","@id":"https:\/\/www.cuballama.com\/noticias\/#\/schema\/person\/a58502ed4146c8e9f83872e897c76cd2","name":"Roberto A.","description":"Roberto A. Periodista por decisi\u00f3n propia. Interesado en cualquier tema que me apasione y cada vez m\u00e1s comprometido con la verdad y la objetividad period\u00edstica. Graduado en La Habana hace ya muchos a\u00f1os, luego de una accidentada y polvorienta b\u00fasqueda de informaci\u00f3n sobre un tema in\u00e9dito. La Tesis, por cierto, desapareci\u00f3 de la biblioteca y no se conservan copias de la misma.","url":"https:\/\/www.cuballama.com\/noticias\/author\/roberto\/"}]}},"_links":{"self":[{"href":"https:\/\/www.cuballama.com\/noticias\/wp-json\/wp\/v2\/posts\/230014","targetHints":{"allow":["GET"]}}],"collection":[{"href":"https:\/\/www.cuballama.com\/noticias\/wp-json\/wp\/v2\/posts"}],"about":[{"href":"https:\/\/www.cuballama.com\/noticias\/wp-json\/wp\/v2\/types\/post"}],"author":[{"embeddable":true,"href":"https:\/\/www.cuballama.com\/noticias\/wp-json\/wp\/v2\/users\/13"}],"replies":[{"embeddable":true,"href":"https:\/\/www.cuballama.com\/noticias\/wp-json\/wp\/v2\/comments?post=230014"}],"version-history":[{"count":5,"href":"https:\/\/www.cuballama.com\/noticias\/wp-json\/wp\/v2\/posts\/230014\/revisions"}],"predecessor-version":[{"id":230020,"href":"https:\/\/www.cuballama.com\/noticias\/wp-json\/wp\/v2\/posts\/230014\/revisions\/230020"}],"wp:featuredmedia":[{"embeddable":true,"href":"https:\/\/www.cuballama.com\/noticias\/wp-json\/wp\/v2\/media\/230019"}],"wp:attachment":[{"href":"https:\/\/www.cuballama.com\/noticias\/wp-json\/wp\/v2\/media?parent=230014"}],"wp:term":[{"taxonomy":"category","embeddable":true,"href":"https:\/\/www.cuballama.com\/noticias\/wp-json\/wp\/v2\/categories?post=230014"},{"taxonomy":"post_tag","embeddable":true,"href":"https:\/\/www.cuballama.com\/noticias\/wp-json\/wp\/v2\/tags?post=230014"}],"curies":[{"name":"wp","href":"https:\/\/api.w.org\/{rel}","templated":true}]}}