{"id":229959,"date":"2025-12-29T11:10:26","date_gmt":"2025-12-29T16:10:26","guid":{"rendered":"https:\/\/www.cuballama.com\/noticias\/?p=229959"},"modified":"2025-12-29T11:10:29","modified_gmt":"2025-12-29T16:10:29","slug":"seul-margina-mas-a-pyongyang-en-la-habana","status":"publish","type":"post","link":"https:\/\/www.cuballama.com\/noticias\/seul-margina-mas-a-pyongyang-en-la-habana\/","title":{"rendered":"Se\u00fal margina m\u00e1s a Pyongyang en La Habana\u00a0"},"content":{"rendered":"\n<p>La \u00abdiplomacia del arroz\u00bb llevada a cabo por Se\u00fal en Cuba con su donaci\u00f3n de fin de a\u00f1o de m\u00e1s de 24 mil toneladas del preciado grano\u00a0aisla m\u00e1s al regimen de Kim Jong-un dentro de la Isla y en el hemisferio occidental a pesar de la ret\u00f3rica del gobierno cubano.<\/p>\n\n\n\n<p>\u00abDon\u00f3 Corea 24 mil 600 toneladas de arroz a Cuba\u00bb titul\u00f3 el \u00abGranma\u00bb\u00a0y nada de especificar esta vez\u00a0 \u00bb Corea del Sur\u00bb.\u00a0 Y a no ser que se trate de un gazapo, \u00e9sta es una menci\u00f3n inusual para\u00a0 aludir a Se\u00fal en las p\u00e1ginas del \u00f3rgano oficial del Comit\u00e9 Central del PCC, coincidieron algunas fuentes.\u00a0<\/p>\n\n\n\n<p>Al mismo tiempo declaraciones reflejadas esta semana en la prensa sudcoreana del desertor Lee Il-gyu, quien fuera asesor pol\u00edtico de la Embajada de la Rep\u00fablica Popular Democr\u00e1tica de Corea en La Habana, aseguraban\u00a0que el establecimiento de relaciones diplom\u00e1ticas entre Corea del Sur y Cuba, supuso \u00abun golpe devastador\u00bb para el liderazgo norcoreano.\u00a0<\/p>\n\n\n\n<p>Al hablar en el canal de YouTube Money Inside, Lee, quien lleg\u00f3 a Se\u00fal en noviembre de 2023, dijo\u00a0que durante la visita del mandatario cubano D\u00edaz-Canel a Corea del Norte en 2018, Kim Jong-un \u00able pidi\u00f3 directamente\u00bb que no estableciera relaciones diplom\u00e1ticas con Corea del Sur, \u00abpero cuando esto no se cumpli\u00f3, se sinti\u00f3 profundamente traicionado\u00bb.<\/p>\n\n\n\n<p>Desde entonces, subray\u00f3, Corea del Norte ha tomado medidas de \u00abrepresalia inusuales\u00bb, como dejar de informar sobre Cuba y reemplazar al 80% del personal de su embajada, y \u00abha mantenido una relaci\u00f3n fr\u00eda\u00bb.<\/p>\n\n\n\n<p>Pese al encuentro del vicecanciller norcoreano Kim Son-gyong con sus hom\u00f3logos de Cuba, Nicaragua y Venezuela al margen de la Asamblea General de las Naciones Unidas en septiembre pasado, y que dos semanas despu\u00e9s en el Palacio de la Revoluci\u00f3n el gobernante Partido Comunista Cubano (\u00fanico permitido) proclamara el \u00abfortalecimiento de la tradici\u00f3n de hermandad y solidaridad\u00bb (lo dijo Bruno Rodr\u00edguez porque D\u00edaz-Canel presidi\u00f3 pero no habl\u00f3, en un acto donde tambi\u00e9n lo hizo el nuevo embajador norcoreano porque Pyongyang no mand\u00f3 a nadie a tan simb\u00f3lico momento).<\/p>\n\n\n\n<p>Sobre las realidades internas de la RPDC, el aislamiento diplom\u00e1tico y la presunta crisis que surgir\u00e1 en la futura sucesi\u00f3n de poder,&nbsp; Lee expres\u00f3 su opini\u00f3n: \u00abEl sistema norcoreano parece s\u00f3lido por fuera, pero el proceso de pasar a la cuarta generaci\u00f3n de la sucesi\u00f3n hereditaria ser\u00e1 la oportunidad m\u00e1s peligrosa para su colapso\u00bb.&nbsp;<\/p>\n\n\n\n<p>Dijo que cada vez que hab\u00eda una transici\u00f3n de Kim Il Sung a Kim Jong Il y de Kim Jong Il a Kim Jong Un, se repet\u00edan purgas y caos extremo. En particular, coment\u00f3: \u00abM\u00e1s del 80% de los norcoreanos quieren un cambio en el sistema o el colapso del r\u00e9gimen\u00bb, seg\u00fan \u00abmememedia.msn\u00bb.\u00a0<br>El ex funcionario de la RDPC tambi\u00e9n coment\u00f3 que durante la propagaci\u00f3n de la COVID-19, las autoridades norcoreanas ordenaron\u00a0 emitir un comunicado de condena a Se\u00fal, sobre la l\u00f3gica de que \u00abel virus se propag\u00f3 por medio de\u00a0 folletos enviados desde Corea del Sur.\u00bb&nbsp;<\/p>\n\n\n\n<p>Entretanto el aluvi\u00f3n de funcionarios cubanos que aterrizan en Se\u00fal tambi\u00e9n se fortalece, y en todas las esferas,&nbsp; en cumplimiento de una agenda en la que nunca falta una menci\u00f3n al&nbsp; popular mercado Dongdaemun.<\/p>\n\n\n\n<p>Corea del Sur ya hab\u00eda anunciado har\u00eda una importante&nbsp; donaci\u00f3n de arroz a Cuba&nbsp; desde principios de a\u00f1o . La entrega coincidi\u00f3 hace unos d\u00edas con el proceso de recuperaci\u00f3n en la zona oriental tras el azote del hurac\u00e1n Melissa, a trav\u00e9s del Programa Mundial de Alimentos.<\/p>\n\n\n\n<p>Mientras, el embajador sudcoreano en La Habana ya ha adelantado&nbsp; la negociaci\u00f3n de un acuerdo sobre inversiones, la creaci\u00f3n de una comisi\u00f3n econ\u00f3mica bilateral y la implementaci\u00f3n de un Mecanismo de Consultas Pol\u00edticas Intercanciller\u00edas, con el objetivo de consolidar una cooperaci\u00f3n \u201cm\u00e1s estructurada y sostenida\u201d.&nbsp;<\/p>\n\n\n\n<p>Adem\u00e1s,&nbsp; una vasta proyecci\u00f3n&nbsp; en el terreno cultural y educativo con memorandos de entendimiento con instituciones cubanas, festivales en m\u00fasica, danza y cine, y en el deporte por ejemplo ya un experto de taekwondo se encarga de las selecciones cubanas, mientras en el b\u00e9isbol parece concretarse que varios jugadores de la Isla incursionen en la Liga Profesional de Corea por medio del INDER.Lo que est\u00e1 descartado es ver a sudcoreanos con Industriales ni ning\u00fan otro de la Serie Nacional.<\/p>\n","protected":false},"excerpt":{"rendered":"<p>La \u00abdiplomacia del arroz\u00bb llevada a cabo por Se\u00fal en Cuba con su donaci\u00f3n de fin de a\u00f1o de m\u00e1s de 24 mil toneladas del preciado grano aisla m\u00e1s al regimen de Kim Jong-un dentro de la Isla.<\/p>\n","protected":false},"author":24,"featured_media":148818,"comment_status":"open","ping_status":"closed","sticky":false,"template":"","format":"standard","meta":{"_acf_changed":false,"footnotes":""},"categories":[18,955],"tags":[15934,4362,10867,11,92,941,21950,23527],"class_list":{"0":"post-229959","1":"post","2":"type-post","3":"status-publish","4":"format-standard","5":"has-post-thumbnail","7":"category-noticias","8":"category-noticias-de-cuba","9":"tag-arroz-a-cuba","10":"tag-corea-del-sur","11":"tag-crisis-en-cuba","12":"tag-cuba","13":"tag-cubanos","14":"tag-destacado","15":"tag-diplomatico-norcoreano","16":"tag-seul-2"},"acf":[],"yoast_head":"<!-- This site is optimized with the Yoast SEO plugin v27.4 - https:\/\/yoast.com\/product\/yoast-seo-wordpress\/ -->\n<title>Se\u00fal margina m\u00e1s a Pyongyang en La Habana\u00a0 - Cuballama Noticias<\/title>\n<meta name=\"description\" content=\"Entretanto el aluvi\u00f3n de funcionarios cubanos que aterrizan en Se\u00fal tambi\u00e9n se fortalece, y en todas las esferas.\" \/>\n<meta name=\"robots\" content=\"index, follow, max-snippet:-1, max-image-preview:large, max-video-preview:-1\" \/>\n<link rel=\"canonical\" href=\"https:\/\/www.cuballama.com\/noticias\/seul-margina-mas-a-pyongyang-en-la-habana\/\" \/>\n<meta property=\"og:locale\" content=\"es_ES\" \/>\n<meta property=\"og:type\" content=\"article\" \/>\n<meta property=\"og:title\" content=\"Se\u00fal margina m\u00e1s a Pyongyang en La Habana\u00a0 - Cuballama Noticias\" \/>\n<meta property=\"og:description\" content=\"Entretanto el aluvi\u00f3n de funcionarios cubanos que aterrizan en Se\u00fal tambi\u00e9n se fortalece, y en todas las esferas.\" \/>\n<meta property=\"og:url\" content=\"https:\/\/www.cuballama.com\/noticias\/seul-margina-mas-a-pyongyang-en-la-habana\/\" \/>\n<meta property=\"og:site_name\" content=\"Cuballama Noticias\" \/>\n<meta property=\"article:publisher\" content=\"https:\/\/www.facebook.com\/CubaLlama\" \/>\n<meta property=\"article:published_time\" content=\"2025-12-29T16:10:26+00:00\" \/>\n<meta property=\"article:modified_time\" content=\"2025-12-29T16:10:29+00:00\" \/>\n<meta property=\"og:image\" content=\"https:\/\/cdn1.mediawpaccore.net\/wp-content\/uploads\/2023\/12\/11084616\/FB_IMG_1702302361395.jpg\" \/>\n\t<meta property=\"og:image:width\" content=\"1040\" \/>\n\t<meta property=\"og:image:height\" content=\"464\" \/>\n\t<meta property=\"og:image:type\" content=\"image\/jpeg\" \/>\n<meta name=\"author\" content=\"Manu\" \/>\n<meta name=\"twitter:card\" content=\"summary_large_image\" \/>\n<meta name=\"twitter:creator\" content=\"@cuballama\" \/>\n<meta name=\"twitter:site\" content=\"@cuballama\" \/>\n<meta name=\"twitter:label1\" content=\"Escrito por\" \/>\n\t<meta name=\"twitter:data1\" content=\"Manu\" \/>\n\t<meta name=\"twitter:label2\" content=\"Tiempo de lectura\" \/>\n\t<meta name=\"twitter:data2\" content=\"4 minutos\" \/>\n<script type=\"application\/ld+json\" class=\"yoast-schema-graph\">{\"@context\":\"https:\\\/\\\/schema.org\",\"@graph\":[{\"@type\":\"Article\",\"@id\":\"https:\\\/\\\/www.cuballama.com\\\/noticias\\\/seul-margina-mas-a-pyongyang-en-la-habana\\\/#article\",\"isPartOf\":{\"@id\":\"https:\\\/\\\/www.cuballama.com\\\/noticias\\\/seul-margina-mas-a-pyongyang-en-la-habana\\\/\"},\"author\":{\"name\":\"Manu\",\"@id\":\"https:\\\/\\\/www.cuballama.com\\\/noticias\\\/#\\\/schema\\\/person\\\/5889f7d070564f8386e7944d14d436cd\"},\"headline\":\"Se\u00fal margina m\u00e1s a Pyongyang en La Habana\u00a0\",\"datePublished\":\"2025-12-29T16:10:26+00:00\",\"dateModified\":\"2025-12-29T16:10:29+00:00\",\"mainEntityOfPage\":{\"@id\":\"https:\\\/\\\/www.cuballama.com\\\/noticias\\\/seul-margina-mas-a-pyongyang-en-la-habana\\\/\"},\"wordCount\":777,\"commentCount\":0,\"publisher\":{\"@id\":\"https:\\\/\\\/www.cuballama.com\\\/noticias\\\/#organization\"},\"image\":{\"@id\":\"https:\\\/\\\/www.cuballama.com\\\/noticias\\\/seul-margina-mas-a-pyongyang-en-la-habana\\\/#primaryimage\"},\"thumbnailUrl\":\"https:\\\/\\\/cdn1.mediawpaccore.net\\\/wp-content\\\/uploads\\\/2023\\\/12\\\/11084616\\\/FB_IMG_1702302361395.jpg\",\"keywords\":[\"arroz a Cuba\",\"Corea del Sur\",\"Crisis en Cuba\",\"Cuba\",\"cubanos\",\"destacado\",\"diplom\u00e1tico norcoreano\",\"Seul\"],\"articleSection\":[\"Noticias\",\"Noticias de Cuba\"],\"inLanguage\":\"es\",\"potentialAction\":[{\"@type\":\"CommentAction\",\"name\":\"Comment\",\"target\":[\"https:\\\/\\\/www.cuballama.com\\\/noticias\\\/seul-margina-mas-a-pyongyang-en-la-habana\\\/#respond\"]}]},{\"@type\":\"WebPage\",\"@id\":\"https:\\\/\\\/www.cuballama.com\\\/noticias\\\/seul-margina-mas-a-pyongyang-en-la-habana\\\/\",\"url\":\"https:\\\/\\\/www.cuballama.com\\\/noticias\\\/seul-margina-mas-a-pyongyang-en-la-habana\\\/\",\"name\":\"Se\u00fal margina m\u00e1s a Pyongyang en La Habana\u00a0 - Cuballama Noticias\",\"isPartOf\":{\"@id\":\"https:\\\/\\\/www.cuballama.com\\\/noticias\\\/#website\"},\"primaryImageOfPage\":{\"@id\":\"https:\\\/\\\/www.cuballama.com\\\/noticias\\\/seul-margina-mas-a-pyongyang-en-la-habana\\\/#primaryimage\"},\"image\":{\"@id\":\"https:\\\/\\\/www.cuballama.com\\\/noticias\\\/seul-margina-mas-a-pyongyang-en-la-habana\\\/#primaryimage\"},\"thumbnailUrl\":\"https:\\\/\\\/cdn1.mediawpaccore.net\\\/wp-content\\\/uploads\\\/2023\\\/12\\\/11084616\\\/FB_IMG_1702302361395.jpg\",\"datePublished\":\"2025-12-29T16:10:26+00:00\",\"dateModified\":\"2025-12-29T16:10:29+00:00\",\"description\":\"Entretanto el aluvi\u00f3n de funcionarios cubanos que aterrizan en Se\u00fal tambi\u00e9n se fortalece, y en todas las esferas.\",\"breadcrumb\":{\"@id\":\"https:\\\/\\\/www.cuballama.com\\\/noticias\\\/seul-margina-mas-a-pyongyang-en-la-habana\\\/#breadcrumb\"},\"inLanguage\":\"es\",\"potentialAction\":[{\"@type\":\"ReadAction\",\"target\":[\"https:\\\/\\\/www.cuballama.com\\\/noticias\\\/seul-margina-mas-a-pyongyang-en-la-habana\\\/\"]}]},{\"@type\":\"ImageObject\",\"inLanguage\":\"es\",\"@id\":\"https:\\\/\\\/www.cuballama.com\\\/noticias\\\/seul-margina-mas-a-pyongyang-en-la-habana\\\/#primaryimage\",\"url\":\"https:\\\/\\\/cdn1.mediawpaccore.net\\\/wp-content\\\/uploads\\\/2023\\\/12\\\/11084616\\\/FB_IMG_1702302361395.jpg\",\"contentUrl\":\"https:\\\/\\\/cdn1.mediawpaccore.net\\\/wp-content\\\/uploads\\\/2023\\\/12\\\/11084616\\\/FB_IMG_1702302361395.jpg\",\"width\":1040,\"height\":464,\"caption\":\"Foto referencial: Facebook L\u00e1zaro Manuel Alonso\"},{\"@type\":\"BreadcrumbList\",\"@id\":\"https:\\\/\\\/www.cuballama.com\\\/noticias\\\/seul-margina-mas-a-pyongyang-en-la-habana\\\/#breadcrumb\",\"itemListElement\":[{\"@type\":\"ListItem\",\"position\":1,\"name\":\"Home\",\"item\":\"https:\\\/\\\/www.cuballama.com\\\/noticias\\\/\"},{\"@type\":\"ListItem\",\"position\":2,\"name\":\"Se\u00fal margina m\u00e1s a Pyongyang en La Habana\u00a0\"}]},{\"@type\":\"WebSite\",\"@id\":\"https:\\\/\\\/www.cuballama.com\\\/noticias\\\/#website\",\"url\":\"https:\\\/\\\/www.cuballama.com\\\/noticias\\\/\",\"name\":\"Cuballama Noticias\",\"description\":\"Medio digital sobre Cuba y el mundo\",\"publisher\":{\"@id\":\"https:\\\/\\\/www.cuballama.com\\\/noticias\\\/#organization\"},\"potentialAction\":[{\"@type\":\"SearchAction\",\"target\":{\"@type\":\"EntryPoint\",\"urlTemplate\":\"https:\\\/\\\/www.cuballama.com\\\/noticias\\\/?s={search_term_string}\"},\"query-input\":{\"@type\":\"PropertyValueSpecification\",\"valueRequired\":true,\"valueName\":\"search_term_string\"}}],\"inLanguage\":\"es\"},{\"@type\":\"Organization\",\"@id\":\"https:\\\/\\\/www.cuballama.com\\\/noticias\\\/#organization\",\"name\":\"Cuballama\",\"url\":\"https:\\\/\\\/www.cuballama.com\\\/noticias\\\/\",\"logo\":{\"@type\":\"ImageObject\",\"inLanguage\":\"es\",\"@id\":\"https:\\\/\\\/www.cuballama.com\\\/noticias\\\/#\\\/schema\\\/logo\\\/image\\\/\",\"url\":\"https:\\\/\\\/cdn1.mediawpaccore.net\\\/wp-content\\\/uploads\\\/2021\\\/12\\\/28171206\\\/cbll-logo-color-sm.png\",\"contentUrl\":\"https:\\\/\\\/cdn1.mediawpaccore.net\\\/wp-content\\\/uploads\\\/2021\\\/12\\\/28171206\\\/cbll-logo-color-sm.png\",\"width\":600,\"height\":133,\"caption\":\"Cuballama\"},\"image\":{\"@id\":\"https:\\\/\\\/www.cuballama.com\\\/noticias\\\/#\\\/schema\\\/logo\\\/image\\\/\"},\"sameAs\":[\"https:\\\/\\\/www.facebook.com\\\/CubaLlama\",\"https:\\\/\\\/x.com\\\/cuballama\",\"https:\\\/\\\/www.instagram.com\\\/stories\\\/cuballama_oficial\\\/\",\"https:\\\/\\\/www.youtube.com\\\/channel\\\/UCKkFE-d_axENGZcrc4as0IA\"]},{\"@type\":\"Person\",\"@id\":\"https:\\\/\\\/www.cuballama.com\\\/noticias\\\/#\\\/schema\\\/person\\\/5889f7d070564f8386e7944d14d436cd\",\"name\":\"Manu\",\"url\":\"https:\\\/\\\/www.cuballama.com\\\/noticias\\\/author\\\/manu\\\/\"}]}<\/script>\n<!-- \/ Yoast SEO plugin. -->","yoast_head_json":{"title":"Se\u00fal margina m\u00e1s a Pyongyang en La Habana\u00a0 - Cuballama Noticias","description":"Entretanto el aluvi\u00f3n de funcionarios cubanos que aterrizan en Se\u00fal tambi\u00e9n se fortalece, y en todas las esferas.","robots":{"index":"index","follow":"follow","max-snippet":"max-snippet:-1","max-image-preview":"max-image-preview:large","max-video-preview":"max-video-preview:-1"},"canonical":"https:\/\/www.cuballama.com\/noticias\/seul-margina-mas-a-pyongyang-en-la-habana\/","og_locale":"es_ES","og_type":"article","og_title":"Se\u00fal margina m\u00e1s a Pyongyang en La Habana\u00a0 - Cuballama Noticias","og_description":"Entretanto el aluvi\u00f3n de funcionarios cubanos que aterrizan en Se\u00fal tambi\u00e9n se fortalece, y en todas las esferas.","og_url":"https:\/\/www.cuballama.com\/noticias\/seul-margina-mas-a-pyongyang-en-la-habana\/","og_site_name":"Cuballama Noticias","article_publisher":"https:\/\/www.facebook.com\/CubaLlama","article_published_time":"2025-12-29T16:10:26+00:00","article_modified_time":"2025-12-29T16:10:29+00:00","og_image":[{"width":1040,"height":464,"url":"https:\/\/cdn1.mediawpaccore.net\/wp-content\/uploads\/2023\/12\/11084616\/FB_IMG_1702302361395.jpg","type":"image\/jpeg"}],"author":"Manu","twitter_card":"summary_large_image","twitter_creator":"@cuballama","twitter_site":"@cuballama","twitter_misc":{"Escrito por":"Manu","Tiempo de lectura":"4 minutos"},"schema":{"@context":"https:\/\/schema.org","@graph":[{"@type":"Article","@id":"https:\/\/www.cuballama.com\/noticias\/seul-margina-mas-a-pyongyang-en-la-habana\/#article","isPartOf":{"@id":"https:\/\/www.cuballama.com\/noticias\/seul-margina-mas-a-pyongyang-en-la-habana\/"},"author":{"name":"Manu","@id":"https:\/\/www.cuballama.com\/noticias\/#\/schema\/person\/5889f7d070564f8386e7944d14d436cd"},"headline":"Se\u00fal margina m\u00e1s a Pyongyang en La Habana\u00a0","datePublished":"2025-12-29T16:10:26+00:00","dateModified":"2025-12-29T16:10:29+00:00","mainEntityOfPage":{"@id":"https:\/\/www.cuballama.com\/noticias\/seul-margina-mas-a-pyongyang-en-la-habana\/"},"wordCount":777,"commentCount":0,"publisher":{"@id":"https:\/\/www.cuballama.com\/noticias\/#organization"},"image":{"@id":"https:\/\/www.cuballama.com\/noticias\/seul-margina-mas-a-pyongyang-en-la-habana\/#primaryimage"},"thumbnailUrl":"https:\/\/cdn1.mediawpaccore.net\/wp-content\/uploads\/2023\/12\/11084616\/FB_IMG_1702302361395.jpg","keywords":["arroz a Cuba","Corea del Sur","Crisis en Cuba","Cuba","cubanos","destacado","diplom\u00e1tico norcoreano","Seul"],"articleSection":["Noticias","Noticias de Cuba"],"inLanguage":"es","potentialAction":[{"@type":"CommentAction","name":"Comment","target":["https:\/\/www.cuballama.com\/noticias\/seul-margina-mas-a-pyongyang-en-la-habana\/#respond"]}]},{"@type":"WebPage","@id":"https:\/\/www.cuballama.com\/noticias\/seul-margina-mas-a-pyongyang-en-la-habana\/","url":"https:\/\/www.cuballama.com\/noticias\/seul-margina-mas-a-pyongyang-en-la-habana\/","name":"Se\u00fal margina m\u00e1s a Pyongyang en La Habana\u00a0 - Cuballama Noticias","isPartOf":{"@id":"https:\/\/www.cuballama.com\/noticias\/#website"},"primaryImageOfPage":{"@id":"https:\/\/www.cuballama.com\/noticias\/seul-margina-mas-a-pyongyang-en-la-habana\/#primaryimage"},"image":{"@id":"https:\/\/www.cuballama.com\/noticias\/seul-margina-mas-a-pyongyang-en-la-habana\/#primaryimage"},"thumbnailUrl":"https:\/\/cdn1.mediawpaccore.net\/wp-content\/uploads\/2023\/12\/11084616\/FB_IMG_1702302361395.jpg","datePublished":"2025-12-29T16:10:26+00:00","dateModified":"2025-12-29T16:10:29+00:00","description":"Entretanto el aluvi\u00f3n de funcionarios cubanos que aterrizan en Se\u00fal tambi\u00e9n se fortalece, y en todas las esferas.","breadcrumb":{"@id":"https:\/\/www.cuballama.com\/noticias\/seul-margina-mas-a-pyongyang-en-la-habana\/#breadcrumb"},"inLanguage":"es","potentialAction":[{"@type":"ReadAction","target":["https:\/\/www.cuballama.com\/noticias\/seul-margina-mas-a-pyongyang-en-la-habana\/"]}]},{"@type":"ImageObject","inLanguage":"es","@id":"https:\/\/www.cuballama.com\/noticias\/seul-margina-mas-a-pyongyang-en-la-habana\/#primaryimage","url":"https:\/\/cdn1.mediawpaccore.net\/wp-content\/uploads\/2023\/12\/11084616\/FB_IMG_1702302361395.jpg","contentUrl":"https:\/\/cdn1.mediawpaccore.net\/wp-content\/uploads\/2023\/12\/11084616\/FB_IMG_1702302361395.jpg","width":1040,"height":464,"caption":"Foto referencial: Facebook L\u00e1zaro Manuel Alonso"},{"@type":"BreadcrumbList","@id":"https:\/\/www.cuballama.com\/noticias\/seul-margina-mas-a-pyongyang-en-la-habana\/#breadcrumb","itemListElement":[{"@type":"ListItem","position":1,"name":"Home","item":"https:\/\/www.cuballama.com\/noticias\/"},{"@type":"ListItem","position":2,"name":"Se\u00fal margina m\u00e1s a Pyongyang en La Habana\u00a0"}]},{"@type":"WebSite","@id":"https:\/\/www.cuballama.com\/noticias\/#website","url":"https:\/\/www.cuballama.com\/noticias\/","name":"Cuballama Noticias","description":"Medio digital sobre Cuba y el mundo","publisher":{"@id":"https:\/\/www.cuballama.com\/noticias\/#organization"},"potentialAction":[{"@type":"SearchAction","target":{"@type":"EntryPoint","urlTemplate":"https:\/\/www.cuballama.com\/noticias\/?s={search_term_string}"},"query-input":{"@type":"PropertyValueSpecification","valueRequired":true,"valueName":"search_term_string"}}],"inLanguage":"es"},{"@type":"Organization","@id":"https:\/\/www.cuballama.com\/noticias\/#organization","name":"Cuballama","url":"https:\/\/www.cuballama.com\/noticias\/","logo":{"@type":"ImageObject","inLanguage":"es","@id":"https:\/\/www.cuballama.com\/noticias\/#\/schema\/logo\/image\/","url":"https:\/\/cdn1.mediawpaccore.net\/wp-content\/uploads\/2021\/12\/28171206\/cbll-logo-color-sm.png","contentUrl":"https:\/\/cdn1.mediawpaccore.net\/wp-content\/uploads\/2021\/12\/28171206\/cbll-logo-color-sm.png","width":600,"height":133,"caption":"Cuballama"},"image":{"@id":"https:\/\/www.cuballama.com\/noticias\/#\/schema\/logo\/image\/"},"sameAs":["https:\/\/www.facebook.com\/CubaLlama","https:\/\/x.com\/cuballama","https:\/\/www.instagram.com\/stories\/cuballama_oficial\/","https:\/\/www.youtube.com\/channel\/UCKkFE-d_axENGZcrc4as0IA"]},{"@type":"Person","@id":"https:\/\/www.cuballama.com\/noticias\/#\/schema\/person\/5889f7d070564f8386e7944d14d436cd","name":"Manu","url":"https:\/\/www.cuballama.com\/noticias\/author\/manu\/"}]}},"_links":{"self":[{"href":"https:\/\/www.cuballama.com\/noticias\/wp-json\/wp\/v2\/posts\/229959","targetHints":{"allow":["GET"]}}],"collection":[{"href":"https:\/\/www.cuballama.com\/noticias\/wp-json\/wp\/v2\/posts"}],"about":[{"href":"https:\/\/www.cuballama.com\/noticias\/wp-json\/wp\/v2\/types\/post"}],"author":[{"embeddable":true,"href":"https:\/\/www.cuballama.com\/noticias\/wp-json\/wp\/v2\/users\/24"}],"replies":[{"embeddable":true,"href":"https:\/\/www.cuballama.com\/noticias\/wp-json\/wp\/v2\/comments?post=229959"}],"version-history":[{"count":1,"href":"https:\/\/www.cuballama.com\/noticias\/wp-json\/wp\/v2\/posts\/229959\/revisions"}],"predecessor-version":[{"id":229965,"href":"https:\/\/www.cuballama.com\/noticias\/wp-json\/wp\/v2\/posts\/229959\/revisions\/229965"}],"wp:featuredmedia":[{"embeddable":true,"href":"https:\/\/www.cuballama.com\/noticias\/wp-json\/wp\/v2\/media\/148818"}],"wp:attachment":[{"href":"https:\/\/www.cuballama.com\/noticias\/wp-json\/wp\/v2\/media?parent=229959"}],"wp:term":[{"taxonomy":"category","embeddable":true,"href":"https:\/\/www.cuballama.com\/noticias\/wp-json\/wp\/v2\/categories?post=229959"},{"taxonomy":"post_tag","embeddable":true,"href":"https:\/\/www.cuballama.com\/noticias\/wp-json\/wp\/v2\/tags?post=229959"}],"curies":[{"name":"wp","href":"https:\/\/api.w.org\/{rel}","templated":true}]}}