{"id":229904,"date":"2026-01-03T22:01:49","date_gmt":"2026-01-04T03:01:49","guid":{"rendered":"https:\/\/www.cuballama.com\/noticias\/?p=229904"},"modified":"2026-01-03T22:01:52","modified_gmt":"2026-01-04T03:01:52","slug":"eduardo-rodriguez-davila-el-ministro-mas-querido-por-el-pueblo-cubano-y-que-pudiera-ser-presidente-en-el-2028","status":"publish","type":"post","link":"https:\/\/www.cuballama.com\/noticias\/eduardo-rodriguez-davila-el-ministro-mas-querido-por-el-pueblo-cubano-y-que-pudiera-ser-presidente-en-el-2028\/","title":{"rendered":"Eduardo Rodr\u00edguez D\u00e1vila: el Ministro m\u00e1s querido por el pueblo cubano y que pudiera ser presidente en el 2028"},"content":{"rendered":"\n<p>En 2028 Cuba debe volver a cambiar de \u00abpresidente\u00bb y en la isla, a cada rato, se habla del \u201cd\u00eda despu\u00e9s\u201d de Miguel D\u00edaz-Canel. Sin embargo, como \u00abla elecci\u00f3n\u00bb no pasa por las urnas en el sentido en que la entiende la mayor\u00eda de las democracias: el Presidente de la Rep\u00fablica no ser\u00e1 escogido mediante voto directo de la ciudadan\u00eda, sino por la Asamblea Nacional del Poder Popular, \u201cde entre sus diputados\u201d. <\/p>\n\n\n\n<p>Digo esto porque, si al pueblo le fuera permitido votar, muy probablemente el ganador de esa \u00abhipot\u00e9tica\u00bb votaci\u00f3n ser\u00eda sin dudas el actual Ministro de Transporte, Eduardo Rodr\u00edguez D\u00e1vila, nacido, seg\u00fan fuentes familiares, el 6 de diciembre de 1966.<\/p>\n\n\n\n<p>Hasta el momento, el nombre que m\u00e1s se repite en las quinielas oficiales y extraoficiales no suele ser el del ministro m\u00e1s aterrizado en los problemas del pa\u00eds. El que trabaja no detr\u00e1s de un bur\u00f3; o el que se sienta a cada rato frente a un ordenador a comunicarle v\u00eda Facebook a el pueblo sobre problemas puntuales y posibles soluciones. Por el contrario, del que se habla es del soso Roberto Morales Ojeda, una figura org\u00e1nica del Partido con responsabilidades de organizaci\u00f3n y cuadros. <\/p>\n\n\n\n<p>Morales Ojeda naci\u00f3 el 15 de junio de 1967, lo que lo coloca con 61 a\u00f1os en 2028. Anoto este dato porque, hasta hace muy poco, estaba estipulado en la Constituci\u00f3n que, el nuevo presidente no podr\u00eda tener m\u00e1s de 60 a\u00f1os en el momento de ser \u00abelegido\u00bb a su primer mandato. Morales Ojeda se hubiese salvado por un pel\u00edn, ya que como la elecci\u00f3n a dedo ser\u00e1 posiblemente en febrero de ese a\u00f1o, todav\u00eda tendr\u00eda 60, y \u00abno m\u00e1s de 60\u00bb, por lo que muy bien entrar\u00eda en el \u00faltimo vag\u00f3n de un tren que a pocos, si les soy sincero, le interesar\u00eda asumir. Eduardo no podr\u00eda, porque tendr\u00eda ya 61 a\u00f1os cumplidos.<\/p>\n\n\n\n<p>Sin embargo, recientemente, la Asamblea Nacional del Poder Popular, a propuesta del Consejo de Estado, aprob\u00f3, en votaci\u00f3n nominal, una Ley de Reforma Constitucional que suprime el requisito del l\u00edmite m\u00e1ximo establecido de 60 a\u00f1os de edad para iniciar el ejercicio de Presidente o Presidenta de la Rep\u00fablica de Cuba, durante el primer per\u00edodo de mandato. Dicho esto, Eduardo Rodr\u00edguez D\u00e1vila podr\u00eda muy bien llegar hasta el podio. <\/p>\n\n\n\n<p>En las \u00faltimas semanas empez\u00f3 a circular otro nombre en ese mismo circuito de rumores donde se cocina la sucesi\u00f3n de 2028: \u00d3scar P\u00e9rez-Oliva Fraga, presentado por varios medios como sobrino nieto de Fidel y Ra\u00fal Castro. La se\u00f1al que dispar\u00f3 la especulaci\u00f3n no fue un discurso, sino un movimiento administrativo: su incorporaci\u00f3n como diputado a la Asamblea Nacional del Poder Popular en diciembre de 2025, un paso que en Cuba funciona como llave formal para estar \u201chabilitado\u201d en el men\u00fa de opciones presidenciales, porque el Presidente, como explic\u00e1bamos, no sale del voto directo ciudadano, sino de una elecci\u00f3n realizada por la propia Asamblea entre sus diputados.<\/p>\n\n\n\n<p>P\u00e9rez-Oliva Fraga ya estaba ubicado en un nivel alto del organigrama antes de ese nombramiento parlamentario: es ministro de Comercio Exterior e Inversi\u00f3n Extranjera y tambi\u00e9n viceprimer ministro, y su entrada al Parlamento fue le\u00edda como la eliminaci\u00f3n del \u201c\u00faltimo requisito\u201d que le faltaba dentro del esquema institucional, m\u00e1s una operaci\u00f3n de continuidad que un ascenso org\u00e1nico fruto de una carrera visible ante el pa\u00eds. En las lecturas que han acompa\u00f1ado el movimiento, el mensaje no es sutil: cuando el poder se prepara para un relevo, primero ordena la formalidad y despu\u00e9s construye el relato.<\/p>\n\n\n\n<p>Ese detalle, de que el Presidente no sale del voto directo ciudadano, sino de una elecci\u00f3n realizada por la propia Asamblea entre sus diputados, aunque parece t\u00e9cnico, es el centro de toda esta historia, porque define qui\u00e9n puede transformar popularidad en poder y qui\u00e9n, por mucho cari\u00f1o que acumule en redes, se queda mirando desde abajo. <\/p>\n\n\n\n<p>Sin embargo, a juzgar por el term\u00f3metro m\u00e1s crudo, inmediato y popular, el dirigente que m\u00e1s cari\u00f1o expl\u00edcito despierta en un grand\u00edsimo segmento de usuarios dentro de la Isla es Eduardo Rodr\u00edguez D\u00e1vila.<\/p>\n\n\n\n<p>Dos publicaciones, una de ellas un compartido, que habla desde el oficialismo de<em> Las Figuras m\u00e1s Relevantes del 2025<\/em> entre los cubanos, nos arroja las pistas sobre qui\u00e9n, sin dudas, parece haber heredado la batuta de L\u00e1zaro Exposito. En \u00abel compartido\u00bb, de los siete comentarios que aparecen, seis de ellos mencionan a Eduardo de forma directa o inequ\u00edvoca como el mejor de todos; es decir, 6 entre 7. En \u00abel original\u00bb, el volumen crece: de 48 comentarios escogidos al azar entre los primeros de todos, 32 lo mencionan o lo se\u00f1alan como \u201cel ministro\u201d, \u201cel ministro del pueblo\u201d o \u201cel ministro de Transporte\u201d; eso deja 32 entre 48, una mayor\u00eda clara dentro de esta muestra concreta.<\/p>\n\n\n\n<iframe loading=\"lazy\" src=\"https:\/\/www.facebook.com\/plugins\/post.php?href=https%3A%2F%2Fwww.facebook.com%2Fmariateresa.felipesosa%2Fposts%2Fpfbid02fFRHGm1JmU5J5CVUgPht7R2iQyBaysUdLcEkodATGnUQYVFAywZT69qpVmbsBLHAl&#038;show_text=true&#038;width=500\" width=\"500\" height=\"719\" style=\"border:none;overflow:hidden\" scrolling=\"no\" frameborder=\"0\" allowfullscreen=\"true\" allow=\"autoplay; clipboard-write; encrypted-media; picture-in-picture; web-share\"><\/iframe>\n\n\n\n<p>Ah\u00ed se entiende por qu\u00e9 se instala la idea del \u201cministro m\u00e1s querido\u201d, y por qu\u00e9 empieza a sonar esa comparaci\u00f3n de \u00e9poca: el \u201cnuevo L\u00e1zaro Exp\u00f3sito\u201d, no tanto por resultados medibles \u2014nadie serio dir\u00eda que el transporte se arregl\u00f3\u2014 sino por estilo de presencia p\u00fablica, por el h\u00e1bito de dar la cara, contestar, admitir carencias, sostener intercambio. En Cuba, donde el Estado suele hablar en bloque y desde arriba, el gesto de responder en primera persona se vuelve una rareza con efectos pol\u00edticos.<\/p>\n\n\n\n<p>Pero ya sabemos qu\u00e9 pasa con estos personajes tan populares. Recordemos a Camilo. Y recordemos que Exp\u00f3sito no pas\u00f3 de los puestos que ocupaba.<\/p>\n\n\n\n<p>El problema para quienes fantasean con que ese cari\u00f1o \u201csuba\u201d hasta la Presidencia en 2028 es que la simpat\u00eda no vota. La gente no decide esa silla. La Constituci\u00f3n establece que el presidente es elegido por la Asamblea Nacional, no por sufragio popular directo. Y aun cuando la ciudadan\u00eda tenga, en el papel, iniciativa para promover reformas constitucionales \u2014incluida la v\u00eda de firmas, que el propio art\u00edculo 227 reconoce\u2014, la llave final sigue estando en la Asamblea: la Carta Magna solo se reforma por el Parlamento con una mayor\u00eda calificada. <\/p>\n\n\n\n<p>En otras palabras: incluso si miles de admiradores quisieran convertir un \u201cdeseo popular\u201d en una modificaci\u00f3n quir\u00fargica de requisitos o reglas, no est\u00e1n ante un mecanismo que obligue al poder a obedecer, sino ante una puerta que, en el mejor de los casos, permite tocar. Hay an\u00e1lisis que adem\u00e1s se\u00f1alan un punto pr\u00e1ctico: la Constituci\u00f3n remite a una ley para fijar \u201cprocedimiento, requisitos y garant\u00edas\u201d de esa iniciativa, y durante a\u00f1os se ha denunciado la ausencia o el bloqueo de ese cauce efectivo.<\/p>\n\n\n\n<div data-wp-interactive=\"core\/file\" class=\"wp-block-file\"><object data-wp-bind--hidden=\"!state.hasPdfPreview\" hidden class=\"wp-block-file__embed\" data=\"https:\/\/cdn1.mediawpaccore.net\/wp-content\/uploads\/2025\/12\/29065409\/Constitucion-Cuba-2019.pdf\" type=\"application\/pdf\" style=\"width:100%;height:600px\" aria-label=\"Incrustado de Constitucion-Cuba-2019.\"><\/object><a id=\"wp-block-file--media-c8cc19f4-56cc-4880-bee8-ad99c4c45ebd\" href=\"https:\/\/cdn1.mediawpaccore.net\/wp-content\/uploads\/2025\/12\/29065409\/Constitucion-Cuba-2019.pdf\">Constitucion-Cuba-2019<\/a><a href=\"https:\/\/cdn1.mediawpaccore.net\/wp-content\/uploads\/2025\/12\/29065409\/Constitucion-Cuba-2019.pdf\" class=\"wp-block-file__button wp-element-button\" download aria-describedby=\"wp-block-file--media-c8cc19f4-56cc-4880-bee8-ad99c4c45ebd\">Descarga<\/a><\/div>\n\n\n\n<p>Nada de esto significa que Rodr\u00edguez D\u00e1vila est\u00e9 condenado a quedarse donde est\u00e1. En sistemas de designaci\u00f3n vertical, un cuadro puede ascender sin necesitar una boleta ni una campa\u00f1a, y su popularidad puede servir como activo para moverlo a una jerarqu\u00eda mayor, sobre todo si el aparato considera \u00fatil esa capacidad de interlocuci\u00f3n. Lo que no se desprende, por mucho que lo pidan miles y miles de comentarios, es que exista un camino democr\u00e1tico y ciudadano para convertir ese cari\u00f1o en Presidencia en 2028. En Cuba, esa distancia entre el aplauso y el cargo no se salva con firmas ni con likes: se salva con decisiones tomadas en otra parte.<\/p>\n","protected":false},"excerpt":{"rendered":"<p>Mientras Cuba se acerca a 2028, la sucesi\u00f3n presidencial vuelve al centro del rumor pol\u00edtico: cambios constitucionales, herederos biol\u00f3gicos y dirigentes sin voto popular.<\/p>\n","protected":false},"author":13,"featured_media":210070,"comment_status":"open","ping_status":"closed","sticky":false,"template":"","format":"standard","meta":{"_acf_changed":false,"footnotes":""},"categories":[18,955,9667],"tags":[29722,29723,11,941,8471,5048,9887,22442,29235,13456,4806,29724],"class_list":{"0":"post-229904","1":"post","2":"type-post","3":"status-publish","4":"format-standard","5":"has-post-thumbnail","7":"category-noticias","8":"category-noticias-de-cuba","9":"category-opinion","10":"tag-29722","11":"tag-constitucion-cubana","12":"tag-cuba","13":"tag-destacado","14":"tag-eduardo-rodriguez-davila","15":"tag-fidel-castro","16":"tag-miguel-diaz-canel-bermudez","17":"tag-partido-comunista","18":"tag-poder-politico","19":"tag-presidente-cubano","20":"tag-roberto-morales-ojeda","21":"tag-sucesion-presidencial"},"acf":[],"yoast_head":"<!-- This site is optimized with the Yoast SEO plugin v27.4 - https:\/\/yoast.com\/product\/yoast-seo-wordpress\/ -->\n<title>Eduardo Rodr\u00edguez D\u00e1vila: el Ministro m\u00e1s querido por el pueblo cubano y que pudiera ser presidente en el 2028 - Cuballama Noticias<\/title>\n<meta name=\"description\" content=\"Rumores sobre la sucesi\u00f3n en Cuba: Reglas y relevo decidido sin voto ciudadano rumbo a 2028; pero nada deja fuera a Eduardo Rodr\u00edguez D\u00e1vila\" \/>\n<meta name=\"robots\" content=\"index, follow, max-snippet:-1, max-image-preview:large, max-video-preview:-1\" \/>\n<link rel=\"canonical\" href=\"https:\/\/www.cuballama.com\/noticias\/eduardo-rodriguez-davila-el-ministro-mas-querido-por-el-pueblo-cubano-y-que-pudiera-ser-presidente-en-el-2028\/\" \/>\n<meta property=\"og:locale\" content=\"es_ES\" \/>\n<meta property=\"og:type\" content=\"article\" \/>\n<meta property=\"og:title\" content=\"Eduardo Rodr\u00edguez D\u00e1vila: el Ministro m\u00e1s querido por el pueblo cubano y que pudiera ser presidente en el 2028 - Cuballama Noticias\" \/>\n<meta property=\"og:description\" content=\"Rumores sobre la sucesi\u00f3n en Cuba: Reglas y relevo decidido sin voto ciudadano rumbo a 2028; pero nada deja fuera a Eduardo Rodr\u00edguez D\u00e1vila\" \/>\n<meta property=\"og:url\" content=\"https:\/\/www.cuballama.com\/noticias\/eduardo-rodriguez-davila-el-ministro-mas-querido-por-el-pueblo-cubano-y-que-pudiera-ser-presidente-en-el-2028\/\" \/>\n<meta property=\"og:site_name\" content=\"Cuballama Noticias\" \/>\n<meta property=\"article:publisher\" content=\"https:\/\/www.facebook.com\/CubaLlama\" \/>\n<meta property=\"article:published_time\" content=\"2026-01-04T03:01:49+00:00\" \/>\n<meta property=\"article:modified_time\" content=\"2026-01-04T03:01:52+00:00\" \/>\n<meta property=\"og:image\" content=\"https:\/\/cdn1.mediawpaccore.net\/wp-content\/uploads\/2025\/06\/11053607\/image-29-e1749634659871.png\" \/>\n\t<meta property=\"og:image:width\" content=\"1186\" \/>\n\t<meta property=\"og:image:height\" content=\"615\" \/>\n\t<meta property=\"og:image:type\" content=\"image\/png\" \/>\n<meta name=\"author\" content=\"Roberto A.\" \/>\n<meta name=\"twitter:card\" content=\"summary_large_image\" \/>\n<meta name=\"twitter:creator\" content=\"@cuballama\" \/>\n<meta name=\"twitter:site\" content=\"@cuballama\" \/>\n<meta name=\"twitter:label1\" content=\"Escrito por\" \/>\n\t<meta name=\"twitter:data1\" content=\"Roberto A.\" \/>\n\t<meta name=\"twitter:label2\" content=\"Tiempo de lectura\" \/>\n\t<meta name=\"twitter:data2\" content=\"6 minutos\" \/>\n<script type=\"application\/ld+json\" class=\"yoast-schema-graph\">{\"@context\":\"https:\\\/\\\/schema.org\",\"@graph\":[{\"@type\":\"Article\",\"@id\":\"https:\\\/\\\/www.cuballama.com\\\/noticias\\\/eduardo-rodriguez-davila-el-ministro-mas-querido-por-el-pueblo-cubano-y-que-pudiera-ser-presidente-en-el-2028\\\/#article\",\"isPartOf\":{\"@id\":\"https:\\\/\\\/www.cuballama.com\\\/noticias\\\/eduardo-rodriguez-davila-el-ministro-mas-querido-por-el-pueblo-cubano-y-que-pudiera-ser-presidente-en-el-2028\\\/\"},\"author\":{\"name\":\"Roberto A.\",\"@id\":\"https:\\\/\\\/www.cuballama.com\\\/noticias\\\/#\\\/schema\\\/person\\\/a58502ed4146c8e9f83872e897c76cd2\"},\"headline\":\"Eduardo Rodr\u00edguez D\u00e1vila: el Ministro m\u00e1s querido por el pueblo cubano y que pudiera ser presidente en el 2028\",\"datePublished\":\"2026-01-04T03:01:49+00:00\",\"dateModified\":\"2026-01-04T03:01:52+00:00\",\"mainEntityOfPage\":{\"@id\":\"https:\\\/\\\/www.cuballama.com\\\/noticias\\\/eduardo-rodriguez-davila-el-ministro-mas-querido-por-el-pueblo-cubano-y-que-pudiera-ser-presidente-en-el-2028\\\/\"},\"wordCount\":1293,\"commentCount\":0,\"publisher\":{\"@id\":\"https:\\\/\\\/www.cuballama.com\\\/noticias\\\/#organization\"},\"image\":{\"@id\":\"https:\\\/\\\/www.cuballama.com\\\/noticias\\\/eduardo-rodriguez-davila-el-ministro-mas-querido-por-el-pueblo-cubano-y-que-pudiera-ser-presidente-en-el-2028\\\/#primaryimage\"},\"thumbnailUrl\":\"https:\\\/\\\/cdn1.mediawpaccore.net\\\/wp-content\\\/uploads\\\/2025\\\/06\\\/11053607\\\/image-29-e1749634659871.png\",\"keywords\":[\"2028\",\"Constituci\u00f3n cubana\",\"Cuba\",\"destacado\",\"Eduardo Rodr\u00edguez D\u00e1vila\",\"Fidel Castro\",\"Miguel D\u00edaz-Canel\u00a0Berm\u00fadez\",\"Partido Comunista\",\"poder pol\u00edtico\",\"presidente cubano\",\"Roberto Morales Ojeda\",\"sucesi\u00f3n presidencial\"],\"articleSection\":[\"Noticias\",\"Noticias de Cuba\",\"Opini\u00f3n\"],\"inLanguage\":\"es\",\"potentialAction\":[{\"@type\":\"CommentAction\",\"name\":\"Comment\",\"target\":[\"https:\\\/\\\/www.cuballama.com\\\/noticias\\\/eduardo-rodriguez-davila-el-ministro-mas-querido-por-el-pueblo-cubano-y-que-pudiera-ser-presidente-en-el-2028\\\/#respond\"]}]},{\"@type\":\"WebPage\",\"@id\":\"https:\\\/\\\/www.cuballama.com\\\/noticias\\\/eduardo-rodriguez-davila-el-ministro-mas-querido-por-el-pueblo-cubano-y-que-pudiera-ser-presidente-en-el-2028\\\/\",\"url\":\"https:\\\/\\\/www.cuballama.com\\\/noticias\\\/eduardo-rodriguez-davila-el-ministro-mas-querido-por-el-pueblo-cubano-y-que-pudiera-ser-presidente-en-el-2028\\\/\",\"name\":\"Eduardo Rodr\u00edguez D\u00e1vila: el Ministro m\u00e1s querido por el pueblo cubano y que pudiera ser presidente en el 2028 - Cuballama Noticias\",\"isPartOf\":{\"@id\":\"https:\\\/\\\/www.cuballama.com\\\/noticias\\\/#website\"},\"primaryImageOfPage\":{\"@id\":\"https:\\\/\\\/www.cuballama.com\\\/noticias\\\/eduardo-rodriguez-davila-el-ministro-mas-querido-por-el-pueblo-cubano-y-que-pudiera-ser-presidente-en-el-2028\\\/#primaryimage\"},\"image\":{\"@id\":\"https:\\\/\\\/www.cuballama.com\\\/noticias\\\/eduardo-rodriguez-davila-el-ministro-mas-querido-por-el-pueblo-cubano-y-que-pudiera-ser-presidente-en-el-2028\\\/#primaryimage\"},\"thumbnailUrl\":\"https:\\\/\\\/cdn1.mediawpaccore.net\\\/wp-content\\\/uploads\\\/2025\\\/06\\\/11053607\\\/image-29-e1749634659871.png\",\"datePublished\":\"2026-01-04T03:01:49+00:00\",\"dateModified\":\"2026-01-04T03:01:52+00:00\",\"description\":\"Rumores sobre la sucesi\u00f3n en Cuba: Reglas y relevo decidido sin voto ciudadano rumbo a 2028; pero nada deja fuera a Eduardo Rodr\u00edguez D\u00e1vila\",\"breadcrumb\":{\"@id\":\"https:\\\/\\\/www.cuballama.com\\\/noticias\\\/eduardo-rodriguez-davila-el-ministro-mas-querido-por-el-pueblo-cubano-y-que-pudiera-ser-presidente-en-el-2028\\\/#breadcrumb\"},\"inLanguage\":\"es\",\"potentialAction\":[{\"@type\":\"ReadAction\",\"target\":[\"https:\\\/\\\/www.cuballama.com\\\/noticias\\\/eduardo-rodriguez-davila-el-ministro-mas-querido-por-el-pueblo-cubano-y-que-pudiera-ser-presidente-en-el-2028\\\/\"]}]},{\"@type\":\"ImageObject\",\"inLanguage\":\"es\",\"@id\":\"https:\\\/\\\/www.cuballama.com\\\/noticias\\\/eduardo-rodriguez-davila-el-ministro-mas-querido-por-el-pueblo-cubano-y-que-pudiera-ser-presidente-en-el-2028\\\/#primaryimage\",\"url\":\"https:\\\/\\\/cdn1.mediawpaccore.net\\\/wp-content\\\/uploads\\\/2025\\\/06\\\/11053607\\\/image-29-e1749634659871.png\",\"contentUrl\":\"https:\\\/\\\/cdn1.mediawpaccore.net\\\/wp-content\\\/uploads\\\/2025\\\/06\\\/11053607\\\/image-29-e1749634659871.png\",\"width\":1186,\"height\":615,\"caption\":\"Foto: Eduardo Rodr\u00edguez D\u00e1vila \\\/ Facebook\"},{\"@type\":\"BreadcrumbList\",\"@id\":\"https:\\\/\\\/www.cuballama.com\\\/noticias\\\/eduardo-rodriguez-davila-el-ministro-mas-querido-por-el-pueblo-cubano-y-que-pudiera-ser-presidente-en-el-2028\\\/#breadcrumb\",\"itemListElement\":[{\"@type\":\"ListItem\",\"position\":1,\"name\":\"Home\",\"item\":\"https:\\\/\\\/www.cuballama.com\\\/noticias\\\/\"},{\"@type\":\"ListItem\",\"position\":2,\"name\":\"Eduardo Rodr\u00edguez D\u00e1vila: el Ministro m\u00e1s querido por el pueblo cubano y que pudiera ser presidente en el 2028\"}]},{\"@type\":\"WebSite\",\"@id\":\"https:\\\/\\\/www.cuballama.com\\\/noticias\\\/#website\",\"url\":\"https:\\\/\\\/www.cuballama.com\\\/noticias\\\/\",\"name\":\"Cuballama Noticias\",\"description\":\"Medio digital sobre Cuba y el mundo\",\"publisher\":{\"@id\":\"https:\\\/\\\/www.cuballama.com\\\/noticias\\\/#organization\"},\"potentialAction\":[{\"@type\":\"SearchAction\",\"target\":{\"@type\":\"EntryPoint\",\"urlTemplate\":\"https:\\\/\\\/www.cuballama.com\\\/noticias\\\/?s={search_term_string}\"},\"query-input\":{\"@type\":\"PropertyValueSpecification\",\"valueRequired\":true,\"valueName\":\"search_term_string\"}}],\"inLanguage\":\"es\"},{\"@type\":\"Organization\",\"@id\":\"https:\\\/\\\/www.cuballama.com\\\/noticias\\\/#organization\",\"name\":\"Cuballama\",\"url\":\"https:\\\/\\\/www.cuballama.com\\\/noticias\\\/\",\"logo\":{\"@type\":\"ImageObject\",\"inLanguage\":\"es\",\"@id\":\"https:\\\/\\\/www.cuballama.com\\\/noticias\\\/#\\\/schema\\\/logo\\\/image\\\/\",\"url\":\"https:\\\/\\\/cdn1.mediawpaccore.net\\\/wp-content\\\/uploads\\\/2021\\\/12\\\/28171206\\\/cbll-logo-color-sm.png\",\"contentUrl\":\"https:\\\/\\\/cdn1.mediawpaccore.net\\\/wp-content\\\/uploads\\\/2021\\\/12\\\/28171206\\\/cbll-logo-color-sm.png\",\"width\":600,\"height\":133,\"caption\":\"Cuballama\"},\"image\":{\"@id\":\"https:\\\/\\\/www.cuballama.com\\\/noticias\\\/#\\\/schema\\\/logo\\\/image\\\/\"},\"sameAs\":[\"https:\\\/\\\/www.facebook.com\\\/CubaLlama\",\"https:\\\/\\\/x.com\\\/cuballama\",\"https:\\\/\\\/www.instagram.com\\\/stories\\\/cuballama_oficial\\\/\",\"https:\\\/\\\/www.youtube.com\\\/channel\\\/UCKkFE-d_axENGZcrc4as0IA\"]},{\"@type\":\"Person\",\"@id\":\"https:\\\/\\\/www.cuballama.com\\\/noticias\\\/#\\\/schema\\\/person\\\/a58502ed4146c8e9f83872e897c76cd2\",\"name\":\"Roberto A.\",\"description\":\"Roberto A. Periodista por decisi\u00f3n propia. Interesado en cualquier tema que me apasione y cada vez m\u00e1s comprometido con la verdad y la objetividad period\u00edstica. Graduado en La Habana hace ya muchos a\u00f1os, luego de una accidentada y polvorienta b\u00fasqueda de informaci\u00f3n sobre un tema in\u00e9dito. La Tesis, por cierto, desapareci\u00f3 de la biblioteca y no se conservan copias de la misma.\",\"url\":\"https:\\\/\\\/www.cuballama.com\\\/noticias\\\/author\\\/roberto\\\/\"}]}<\/script>\n<!-- \/ Yoast SEO plugin. -->","yoast_head_json":{"title":"Eduardo Rodr\u00edguez D\u00e1vila: el Ministro m\u00e1s querido por el pueblo cubano y que pudiera ser presidente en el 2028 - Cuballama Noticias","description":"Rumores sobre la sucesi\u00f3n en Cuba: Reglas y relevo decidido sin voto ciudadano rumbo a 2028; pero nada deja fuera a Eduardo Rodr\u00edguez D\u00e1vila","robots":{"index":"index","follow":"follow","max-snippet":"max-snippet:-1","max-image-preview":"max-image-preview:large","max-video-preview":"max-video-preview:-1"},"canonical":"https:\/\/www.cuballama.com\/noticias\/eduardo-rodriguez-davila-el-ministro-mas-querido-por-el-pueblo-cubano-y-que-pudiera-ser-presidente-en-el-2028\/","og_locale":"es_ES","og_type":"article","og_title":"Eduardo Rodr\u00edguez D\u00e1vila: el Ministro m\u00e1s querido por el pueblo cubano y que pudiera ser presidente en el 2028 - Cuballama Noticias","og_description":"Rumores sobre la sucesi\u00f3n en Cuba: Reglas y relevo decidido sin voto ciudadano rumbo a 2028; pero nada deja fuera a Eduardo Rodr\u00edguez D\u00e1vila","og_url":"https:\/\/www.cuballama.com\/noticias\/eduardo-rodriguez-davila-el-ministro-mas-querido-por-el-pueblo-cubano-y-que-pudiera-ser-presidente-en-el-2028\/","og_site_name":"Cuballama Noticias","article_publisher":"https:\/\/www.facebook.com\/CubaLlama","article_published_time":"2026-01-04T03:01:49+00:00","article_modified_time":"2026-01-04T03:01:52+00:00","og_image":[{"width":1186,"height":615,"url":"https:\/\/cdn1.mediawpaccore.net\/wp-content\/uploads\/2025\/06\/11053607\/image-29-e1749634659871.png","type":"image\/png"}],"author":"Roberto A.","twitter_card":"summary_large_image","twitter_creator":"@cuballama","twitter_site":"@cuballama","twitter_misc":{"Escrito por":"Roberto A.","Tiempo de lectura":"6 minutos"},"schema":{"@context":"https:\/\/schema.org","@graph":[{"@type":"Article","@id":"https:\/\/www.cuballama.com\/noticias\/eduardo-rodriguez-davila-el-ministro-mas-querido-por-el-pueblo-cubano-y-que-pudiera-ser-presidente-en-el-2028\/#article","isPartOf":{"@id":"https:\/\/www.cuballama.com\/noticias\/eduardo-rodriguez-davila-el-ministro-mas-querido-por-el-pueblo-cubano-y-que-pudiera-ser-presidente-en-el-2028\/"},"author":{"name":"Roberto A.","@id":"https:\/\/www.cuballama.com\/noticias\/#\/schema\/person\/a58502ed4146c8e9f83872e897c76cd2"},"headline":"Eduardo Rodr\u00edguez D\u00e1vila: el Ministro m\u00e1s querido por el pueblo cubano y que pudiera ser presidente en el 2028","datePublished":"2026-01-04T03:01:49+00:00","dateModified":"2026-01-04T03:01:52+00:00","mainEntityOfPage":{"@id":"https:\/\/www.cuballama.com\/noticias\/eduardo-rodriguez-davila-el-ministro-mas-querido-por-el-pueblo-cubano-y-que-pudiera-ser-presidente-en-el-2028\/"},"wordCount":1293,"commentCount":0,"publisher":{"@id":"https:\/\/www.cuballama.com\/noticias\/#organization"},"image":{"@id":"https:\/\/www.cuballama.com\/noticias\/eduardo-rodriguez-davila-el-ministro-mas-querido-por-el-pueblo-cubano-y-que-pudiera-ser-presidente-en-el-2028\/#primaryimage"},"thumbnailUrl":"https:\/\/cdn1.mediawpaccore.net\/wp-content\/uploads\/2025\/06\/11053607\/image-29-e1749634659871.png","keywords":["2028","Constituci\u00f3n cubana","Cuba","destacado","Eduardo Rodr\u00edguez D\u00e1vila","Fidel Castro","Miguel D\u00edaz-Canel\u00a0Berm\u00fadez","Partido Comunista","poder pol\u00edtico","presidente cubano","Roberto Morales Ojeda","sucesi\u00f3n presidencial"],"articleSection":["Noticias","Noticias de Cuba","Opini\u00f3n"],"inLanguage":"es","potentialAction":[{"@type":"CommentAction","name":"Comment","target":["https:\/\/www.cuballama.com\/noticias\/eduardo-rodriguez-davila-el-ministro-mas-querido-por-el-pueblo-cubano-y-que-pudiera-ser-presidente-en-el-2028\/#respond"]}]},{"@type":"WebPage","@id":"https:\/\/www.cuballama.com\/noticias\/eduardo-rodriguez-davila-el-ministro-mas-querido-por-el-pueblo-cubano-y-que-pudiera-ser-presidente-en-el-2028\/","url":"https:\/\/www.cuballama.com\/noticias\/eduardo-rodriguez-davila-el-ministro-mas-querido-por-el-pueblo-cubano-y-que-pudiera-ser-presidente-en-el-2028\/","name":"Eduardo Rodr\u00edguez D\u00e1vila: el Ministro m\u00e1s querido por el pueblo cubano y que pudiera ser presidente en el 2028 - Cuballama Noticias","isPartOf":{"@id":"https:\/\/www.cuballama.com\/noticias\/#website"},"primaryImageOfPage":{"@id":"https:\/\/www.cuballama.com\/noticias\/eduardo-rodriguez-davila-el-ministro-mas-querido-por-el-pueblo-cubano-y-que-pudiera-ser-presidente-en-el-2028\/#primaryimage"},"image":{"@id":"https:\/\/www.cuballama.com\/noticias\/eduardo-rodriguez-davila-el-ministro-mas-querido-por-el-pueblo-cubano-y-que-pudiera-ser-presidente-en-el-2028\/#primaryimage"},"thumbnailUrl":"https:\/\/cdn1.mediawpaccore.net\/wp-content\/uploads\/2025\/06\/11053607\/image-29-e1749634659871.png","datePublished":"2026-01-04T03:01:49+00:00","dateModified":"2026-01-04T03:01:52+00:00","description":"Rumores sobre la sucesi\u00f3n en Cuba: Reglas y relevo decidido sin voto ciudadano rumbo a 2028; pero nada deja fuera a Eduardo Rodr\u00edguez D\u00e1vila","breadcrumb":{"@id":"https:\/\/www.cuballama.com\/noticias\/eduardo-rodriguez-davila-el-ministro-mas-querido-por-el-pueblo-cubano-y-que-pudiera-ser-presidente-en-el-2028\/#breadcrumb"},"inLanguage":"es","potentialAction":[{"@type":"ReadAction","target":["https:\/\/www.cuballama.com\/noticias\/eduardo-rodriguez-davila-el-ministro-mas-querido-por-el-pueblo-cubano-y-que-pudiera-ser-presidente-en-el-2028\/"]}]},{"@type":"ImageObject","inLanguage":"es","@id":"https:\/\/www.cuballama.com\/noticias\/eduardo-rodriguez-davila-el-ministro-mas-querido-por-el-pueblo-cubano-y-que-pudiera-ser-presidente-en-el-2028\/#primaryimage","url":"https:\/\/cdn1.mediawpaccore.net\/wp-content\/uploads\/2025\/06\/11053607\/image-29-e1749634659871.png","contentUrl":"https:\/\/cdn1.mediawpaccore.net\/wp-content\/uploads\/2025\/06\/11053607\/image-29-e1749634659871.png","width":1186,"height":615,"caption":"Foto: Eduardo Rodr\u00edguez D\u00e1vila \/ Facebook"},{"@type":"BreadcrumbList","@id":"https:\/\/www.cuballama.com\/noticias\/eduardo-rodriguez-davila-el-ministro-mas-querido-por-el-pueblo-cubano-y-que-pudiera-ser-presidente-en-el-2028\/#breadcrumb","itemListElement":[{"@type":"ListItem","position":1,"name":"Home","item":"https:\/\/www.cuballama.com\/noticias\/"},{"@type":"ListItem","position":2,"name":"Eduardo Rodr\u00edguez D\u00e1vila: el Ministro m\u00e1s querido por el pueblo cubano y que pudiera ser presidente en el 2028"}]},{"@type":"WebSite","@id":"https:\/\/www.cuballama.com\/noticias\/#website","url":"https:\/\/www.cuballama.com\/noticias\/","name":"Cuballama Noticias","description":"Medio digital sobre Cuba y el mundo","publisher":{"@id":"https:\/\/www.cuballama.com\/noticias\/#organization"},"potentialAction":[{"@type":"SearchAction","target":{"@type":"EntryPoint","urlTemplate":"https:\/\/www.cuballama.com\/noticias\/?s={search_term_string}"},"query-input":{"@type":"PropertyValueSpecification","valueRequired":true,"valueName":"search_term_string"}}],"inLanguage":"es"},{"@type":"Organization","@id":"https:\/\/www.cuballama.com\/noticias\/#organization","name":"Cuballama","url":"https:\/\/www.cuballama.com\/noticias\/","logo":{"@type":"ImageObject","inLanguage":"es","@id":"https:\/\/www.cuballama.com\/noticias\/#\/schema\/logo\/image\/","url":"https:\/\/cdn1.mediawpaccore.net\/wp-content\/uploads\/2021\/12\/28171206\/cbll-logo-color-sm.png","contentUrl":"https:\/\/cdn1.mediawpaccore.net\/wp-content\/uploads\/2021\/12\/28171206\/cbll-logo-color-sm.png","width":600,"height":133,"caption":"Cuballama"},"image":{"@id":"https:\/\/www.cuballama.com\/noticias\/#\/schema\/logo\/image\/"},"sameAs":["https:\/\/www.facebook.com\/CubaLlama","https:\/\/x.com\/cuballama","https:\/\/www.instagram.com\/stories\/cuballama_oficial\/","https:\/\/www.youtube.com\/channel\/UCKkFE-d_axENGZcrc4as0IA"]},{"@type":"Person","@id":"https:\/\/www.cuballama.com\/noticias\/#\/schema\/person\/a58502ed4146c8e9f83872e897c76cd2","name":"Roberto A.","description":"Roberto A. Periodista por decisi\u00f3n propia. Interesado en cualquier tema que me apasione y cada vez m\u00e1s comprometido con la verdad y la objetividad period\u00edstica. Graduado en La Habana hace ya muchos a\u00f1os, luego de una accidentada y polvorienta b\u00fasqueda de informaci\u00f3n sobre un tema in\u00e9dito. La Tesis, por cierto, desapareci\u00f3 de la biblioteca y no se conservan copias de la misma.","url":"https:\/\/www.cuballama.com\/noticias\/author\/roberto\/"}]}},"_links":{"self":[{"href":"https:\/\/www.cuballama.com\/noticias\/wp-json\/wp\/v2\/posts\/229904","targetHints":{"allow":["GET"]}}],"collection":[{"href":"https:\/\/www.cuballama.com\/noticias\/wp-json\/wp\/v2\/posts"}],"about":[{"href":"https:\/\/www.cuballama.com\/noticias\/wp-json\/wp\/v2\/types\/post"}],"author":[{"embeddable":true,"href":"https:\/\/www.cuballama.com\/noticias\/wp-json\/wp\/v2\/users\/13"}],"replies":[{"embeddable":true,"href":"https:\/\/www.cuballama.com\/noticias\/wp-json\/wp\/v2\/comments?post=229904"}],"version-history":[{"count":6,"href":"https:\/\/www.cuballama.com\/noticias\/wp-json\/wp\/v2\/posts\/229904\/revisions"}],"predecessor-version":[{"id":229996,"href":"https:\/\/www.cuballama.com\/noticias\/wp-json\/wp\/v2\/posts\/229904\/revisions\/229996"}],"wp:featuredmedia":[{"embeddable":true,"href":"https:\/\/www.cuballama.com\/noticias\/wp-json\/wp\/v2\/media\/210070"}],"wp:attachment":[{"href":"https:\/\/www.cuballama.com\/noticias\/wp-json\/wp\/v2\/media?parent=229904"}],"wp:term":[{"taxonomy":"category","embeddable":true,"href":"https:\/\/www.cuballama.com\/noticias\/wp-json\/wp\/v2\/categories?post=229904"},{"taxonomy":"post_tag","embeddable":true,"href":"https:\/\/www.cuballama.com\/noticias\/wp-json\/wp\/v2\/tags?post=229904"}],"curies":[{"name":"wp","href":"https:\/\/api.w.org\/{rel}","templated":true}]}}