{"id":229000,"date":"2025-12-17T09:07:41","date_gmt":"2025-12-17T14:07:41","guid":{"rendered":"https:\/\/www.cuballama.com\/noticias\/?p=229000"},"modified":"2025-12-17T09:12:28","modified_gmt":"2025-12-17T14:12:28","slug":"injusto-e-inmaduro-arremeten-contra-la-flaca-veronica-por-sacar-a-juliette-valle-del-podcast-de-la-vida","status":"publish","type":"post","link":"https:\/\/www.cuballama.com\/noticias\/injusto-e-inmaduro-arremeten-contra-la-flaca-veronica-por-sacar-a-juliette-valle-del-podcast-de-la-vida\/","title":{"rendered":"\u201cInjusto e inmaduro\u201d: Arremeten contra La Flaca Ver\u00f3nica por sacar a Juliette Valle del p\u00f3dcast De la vida"},"content":{"rendered":"\n<p>La decisi\u00f3n de sacar a la modelo e influencer cubana Juliette Valle del p\u00f3dcast De la vida, uno de los espacios digitales m\u00e1s seguidos dentro y fuera de la isla, ha generado una ola de indignaci\u00f3n en redes sociales, tras confirmarse que <a href=\"https:\/\/www.cuballama.com\/noticias\/la-decision-es-de-eduardo-miguelin-anuncia-la-salida-de-juliette-valle-del-podcast-de-la-vida\/?srsltid=AfmBOopDeUG7V3mo9tGNQM7qL1crAYIlDVoVkMmSLv_dBaIrUBvyPp3A\" target=\"_blank\" rel=\"noreferrer noopener\">fue decisi\u00f3n de su expareja<\/a>, Eduardo L\u00f3pez Cardoso, creador de contenido conocido por su personaje humor\u00edstico La Flaca Ver\u00f3nica y uno de los rostros principales del programa que dirige tambi\u00e9n su amigo Miguel\u00edn.<\/p>\n\n\n\n<p>Los seguidores del canal Las locuras de Miguel\u00edn y del p\u00f3dcast que tiene en YouTube arremetieron contra sus protagonistas para mostrar su desacuerdo con el anuncio hecho este martes.<\/p>\n\n\n\n<p>Hay que tener en cuenta que La Flaca Ver\u00f3nica y Juliette hab\u00edan roto su relaci\u00f3n sentimental en varias ocasiones, pero hasta ahora eso no hab\u00eda significado la salida de la joven del popular programa.<\/p>\n\n\n\n<p>\u201cMensaje de apoyo a Juliette: \u2018Te queremos y te vamos a apoyar donde est\u00e9s\u2019\u201d, \u201cLo siento, pero yo no los apoyo m\u00e1s. Es una falta de respeto\u201d y \u201cSi hubieran hecho una encuesta, El Flaco no estar\u00eda ah\u00ed\u201d, afirmaron algunos internautas al dejar claro que el programa \u201cya no se siente igual\u201d desde su salida.<\/p>\n\n\n\n<blockquote class=\"tiktok-embed\" cite=\"https:\/\/www.tiktok.com\/@miguelin_david_fans\/video\/7584658783452941599\" data-video-id=\"7584658783452941599\" style=\"max-width: 605px;min-width: 325px;\" > <section> <a target=\"_blank\" title=\"@miguelin_david_fans\" href=\"https:\/\/www.tiktok.com\/@miguelin_david_fans?refer=embed\">@miguelin_david_fans<\/a> \ud83d\ude14\ud83d\ude4f\ud83c\udffb<a title=\"creatorsearchinsights\" target=\"_blank\" href=\"https:\/\/www.tiktok.com\/tag\/creatorsearchinsights?refer=embed\">#creatorsearchinsights<\/a> <a title=\"foryoupage\" target=\"_blank\" href=\"https:\/\/www.tiktok.com\/tag\/foryoupage?refer=embed\">#foryoupage<\/a> <a title=\"viral\" target=\"_blank\" href=\"https:\/\/www.tiktok.com\/tag\/viral?refer=embed\">#viral<\/a> <a title=\"viralvideo\" target=\"_blank\" href=\"https:\/\/www.tiktok.com\/tag\/viralvideo?refer=embed\">#viralvideo<\/a> <a title=\"fyp\" target=\"_blank\" href=\"https:\/\/www.tiktok.com\/tag\/fyp?refer=embed\">#fyp<\/a> <a target=\"_blank\" title=\"\u266c sonido original - Las locuras de Miguelin\" href=\"https:\/\/www.tiktok.com\/music\/sonido-original-7584658698220456734?refer=embed\">\u266c sonido original &#8211; Las locuras de Miguelin<\/a> <\/section> <\/blockquote> <script async src=\"https:\/\/www.tiktok.com\/embed.js\"><\/script>\n\n\n\n<p>\u201cQu\u00e9 clase de falta de profesionalismo, no saber separar la vida privada del trabajo\u201d y \u201cJuliette siempre fue demasiado para ese ni\u00f1o inmaduro. Sin Miguel\u00edn no llegar\u00eda ni a la esquina\u201d, apuntaron otros en medio de una hola de comentarios que coincide en tildar a La Flaca Ver\u00f3nica de \u201cinmaduro\u201d y \u201cpoco profesional\u201d por no haber sabido separar lo sentimental del trabajo.&nbsp;<\/p>\n\n\n\n<p>Sin embargo, las cr\u00edticas alcanzaron a Miguel\u00edn, creador del canal, por permitir que su amigo tomara una decisi\u00f3n que, para muchos, da\u00f1a la imagen del proyecto y que le ha restado varios seguidores en las \u00faltimas horas, a juzgar por los comentarios que han dejado en redes sociales. \u201cLa amistad no puede estar por encima del profesionalismo. Esto es un negocio, no un club de amigos\u201d, coment\u00f3 una fan.<\/p>\n\n\n\n<p>Asimismo, otros fans del programa, hasta ahora protagonizado por tres parejas de amigos, han querido saber: \u201cSi ma\u00f1ana otra pareja del equipo se separa, \u00bfla sacar\u00e1n tambi\u00e9n?\u201d.<\/p>\n\n\n\n<p>\u201cA veces las rupturas duelen, pero tambi\u00e9n abren nuevos caminos. Juliette va a brillar m\u00e1s que nunca\u201d, comentaron otros usuarios al asegurar que lo mejor para Juliette est\u00e1 por venir.<\/p>\n\n\n\n<p>En menos de 24 horas el anunci\u00f3 de la salida de Juliette ha generado miles de comentarios, la mayor\u00eda acompa\u00f1ados de etiquetas como #TeamJuliette y #QueVuelvaJuliette, mientras ella ha evitado pronunciarse al respecto hasta el momento.<\/p>\n\n\n\n<p>No obstante, La Flaca explic\u00f3 lo dif\u00edcil que le result\u00f3 tomar esta decisi\u00f3n y asegur\u00f3 que su intenci\u00f3n no es hacerle da\u00f1o a nadie. En tal sentido, pidi\u00f3 al p\u00fablico apoyar a su exnovia, que prepara nuevos proyectos, y que lo critiquen a \u00e9l, no a Miguel\u00edn ni a ninguno de los otros integrantes del equipo.<\/p>\n","protected":false},"excerpt":{"rendered":"<p>Los fans del programa han mostrado su respaldo a la joven modelo e influencer.<\/p>\n","protected":false},"author":30,"featured_media":229008,"comment_status":"open","ping_status":"closed","sticky":false,"template":"","format":"standard","meta":{"_acf_changed":false,"footnotes":""},"categories":[443,18],"tags":[25411,941,16968],"class_list":{"0":"post-229000","1":"post","2":"type-post","3":"status-publish","4":"format-standard","5":"has-post-thumbnail","7":"category-farandula","8":"category-noticias","9":"tag-de-la-vida-podcast","10":"tag-destacado","11":"tag-juliette-valle"},"acf":[],"yoast_head":"<!-- This site is optimized with the Yoast SEO plugin v27.5 - https:\/\/yoast.com\/product\/yoast-seo-wordpress\/ -->\n<title>\u201cInjusto e inmaduro\u201d: Arremeten contra La Flaca Ver\u00f3nica por sacar a Juliette Valle del p\u00f3dcast De la vida - Cuballama Noticias<\/title>\n<meta name=\"description\" content=\"La decisi\u00f3n de sacar a la cubana Juliette Valle del p\u00f3dcast De la vida ha generado una ola de indignaci\u00f3n en redes sociales.\" \/>\n<meta name=\"robots\" content=\"index, follow, max-snippet:-1, max-image-preview:large, max-video-preview:-1\" \/>\n<link rel=\"canonical\" href=\"https:\/\/www.cuballama.com\/noticias\/injusto-e-inmaduro-arremeten-contra-la-flaca-veronica-por-sacar-a-juliette-valle-del-podcast-de-la-vida\/\" \/>\n<meta property=\"og:locale\" content=\"es_ES\" \/>\n<meta property=\"og:type\" content=\"article\" \/>\n<meta property=\"og:title\" content=\"\u201cInjusto e inmaduro\u201d: Arremeten contra La Flaca Ver\u00f3nica por sacar a Juliette Valle del p\u00f3dcast De la vida - Cuballama Noticias\" \/>\n<meta property=\"og:description\" content=\"La decisi\u00f3n de sacar a la cubana Juliette Valle del p\u00f3dcast De la vida ha generado una ola de indignaci\u00f3n en redes sociales.\" \/>\n<meta property=\"og:url\" content=\"https:\/\/www.cuballama.com\/noticias\/injusto-e-inmaduro-arremeten-contra-la-flaca-veronica-por-sacar-a-juliette-valle-del-podcast-de-la-vida\/\" \/>\n<meta property=\"og:site_name\" content=\"Cuballama Noticias\" \/>\n<meta property=\"article:publisher\" content=\"https:\/\/www.facebook.com\/CubaLlama\" \/>\n<meta property=\"article:published_time\" content=\"2025-12-17T14:07:41+00:00\" \/>\n<meta property=\"article:modified_time\" content=\"2025-12-17T14:12:28+00:00\" \/>\n<meta property=\"og:image\" content=\"https:\/\/cdn1.mediawpaccore.net\/wp-content\/uploads\/2025\/12\/17085439\/1763641504-nuevo-drama-miguelin-confirma-vivo-ruptura-juliette-valle-flaca-veronica-tras-ausencia1.jpg\" \/>\n\t<meta property=\"og:image:width\" content=\"1200\" \/>\n\t<meta property=\"og:image:height\" content=\"630\" \/>\n\t<meta property=\"og:image:type\" content=\"image\/jpeg\" \/>\n<meta name=\"author\" content=\"Kathy\" \/>\n<meta name=\"twitter:card\" content=\"summary_large_image\" \/>\n<meta name=\"twitter:creator\" content=\"@cuballama\" \/>\n<meta name=\"twitter:site\" content=\"@cuballama\" \/>\n<meta name=\"twitter:label1\" content=\"Escrito por\" \/>\n\t<meta name=\"twitter:data1\" content=\"Kathy\" \/>\n\t<meta name=\"twitter:label2\" content=\"Tiempo de lectura\" \/>\n\t<meta name=\"twitter:data2\" content=\"3 minutos\" \/>\n<script type=\"application\/ld+json\" class=\"yoast-schema-graph\">{\"@context\":\"https:\\\/\\\/schema.org\",\"@graph\":[{\"@type\":\"Article\",\"@id\":\"https:\\\/\\\/www.cuballama.com\\\/noticias\\\/injusto-e-inmaduro-arremeten-contra-la-flaca-veronica-por-sacar-a-juliette-valle-del-podcast-de-la-vida\\\/#article\",\"isPartOf\":{\"@id\":\"https:\\\/\\\/www.cuballama.com\\\/noticias\\\/injusto-e-inmaduro-arremeten-contra-la-flaca-veronica-por-sacar-a-juliette-valle-del-podcast-de-la-vida\\\/\"},\"author\":{\"name\":\"Kathy\",\"@id\":\"https:\\\/\\\/www.cuballama.com\\\/noticias\\\/#\\\/schema\\\/person\\\/86cd3e3f4974437f031211213bf892d5\"},\"headline\":\"\u201cInjusto e inmaduro\u201d: Arremeten contra La Flaca Ver\u00f3nica por sacar a Juliette Valle del p\u00f3dcast De la vida\",\"datePublished\":\"2025-12-17T14:07:41+00:00\",\"dateModified\":\"2025-12-17T14:12:28+00:00\",\"mainEntityOfPage\":{\"@id\":\"https:\\\/\\\/www.cuballama.com\\\/noticias\\\/injusto-e-inmaduro-arremeten-contra-la-flaca-veronica-por-sacar-a-juliette-valle-del-podcast-de-la-vida\\\/\"},\"wordCount\":548,\"commentCount\":0,\"publisher\":{\"@id\":\"https:\\\/\\\/www.cuballama.com\\\/noticias\\\/#organization\"},\"image\":{\"@id\":\"https:\\\/\\\/www.cuballama.com\\\/noticias\\\/injusto-e-inmaduro-arremeten-contra-la-flaca-veronica-por-sacar-a-juliette-valle-del-podcast-de-la-vida\\\/#primaryimage\"},\"thumbnailUrl\":\"https:\\\/\\\/cdn1.mediawpaccore.net\\\/wp-content\\\/uploads\\\/2025\\\/12\\\/17085439\\\/1763641504-nuevo-drama-miguelin-confirma-vivo-ruptura-juliette-valle-flaca-veronica-tras-ausencia1.jpg\",\"keywords\":[\"De la Vida podcast\",\"destacado\",\"Juliette Valle\"],\"articleSection\":[\"Far\u00e1ndula\",\"Noticias\"],\"inLanguage\":\"es\",\"potentialAction\":[{\"@type\":\"CommentAction\",\"name\":\"Comment\",\"target\":[\"https:\\\/\\\/www.cuballama.com\\\/noticias\\\/injusto-e-inmaduro-arremeten-contra-la-flaca-veronica-por-sacar-a-juliette-valle-del-podcast-de-la-vida\\\/#respond\"]}]},{\"@type\":\"WebPage\",\"@id\":\"https:\\\/\\\/www.cuballama.com\\\/noticias\\\/injusto-e-inmaduro-arremeten-contra-la-flaca-veronica-por-sacar-a-juliette-valle-del-podcast-de-la-vida\\\/\",\"url\":\"https:\\\/\\\/www.cuballama.com\\\/noticias\\\/injusto-e-inmaduro-arremeten-contra-la-flaca-veronica-por-sacar-a-juliette-valle-del-podcast-de-la-vida\\\/\",\"name\":\"\u201cInjusto e inmaduro\u201d: Arremeten contra La Flaca Ver\u00f3nica por sacar a Juliette Valle del p\u00f3dcast De la vida - Cuballama Noticias\",\"isPartOf\":{\"@id\":\"https:\\\/\\\/www.cuballama.com\\\/noticias\\\/#website\"},\"primaryImageOfPage\":{\"@id\":\"https:\\\/\\\/www.cuballama.com\\\/noticias\\\/injusto-e-inmaduro-arremeten-contra-la-flaca-veronica-por-sacar-a-juliette-valle-del-podcast-de-la-vida\\\/#primaryimage\"},\"image\":{\"@id\":\"https:\\\/\\\/www.cuballama.com\\\/noticias\\\/injusto-e-inmaduro-arremeten-contra-la-flaca-veronica-por-sacar-a-juliette-valle-del-podcast-de-la-vida\\\/#primaryimage\"},\"thumbnailUrl\":\"https:\\\/\\\/cdn1.mediawpaccore.net\\\/wp-content\\\/uploads\\\/2025\\\/12\\\/17085439\\\/1763641504-nuevo-drama-miguelin-confirma-vivo-ruptura-juliette-valle-flaca-veronica-tras-ausencia1.jpg\",\"datePublished\":\"2025-12-17T14:07:41+00:00\",\"dateModified\":\"2025-12-17T14:12:28+00:00\",\"description\":\"La decisi\u00f3n de sacar a la cubana Juliette Valle del p\u00f3dcast De la vida ha generado una ola de indignaci\u00f3n en redes sociales.\",\"breadcrumb\":{\"@id\":\"https:\\\/\\\/www.cuballama.com\\\/noticias\\\/injusto-e-inmaduro-arremeten-contra-la-flaca-veronica-por-sacar-a-juliette-valle-del-podcast-de-la-vida\\\/#breadcrumb\"},\"inLanguage\":\"es\",\"potentialAction\":[{\"@type\":\"ReadAction\",\"target\":[\"https:\\\/\\\/www.cuballama.com\\\/noticias\\\/injusto-e-inmaduro-arremeten-contra-la-flaca-veronica-por-sacar-a-juliette-valle-del-podcast-de-la-vida\\\/\"]}]},{\"@type\":\"ImageObject\",\"inLanguage\":\"es\",\"@id\":\"https:\\\/\\\/www.cuballama.com\\\/noticias\\\/injusto-e-inmaduro-arremeten-contra-la-flaca-veronica-por-sacar-a-juliette-valle-del-podcast-de-la-vida\\\/#primaryimage\",\"url\":\"https:\\\/\\\/cdn1.mediawpaccore.net\\\/wp-content\\\/uploads\\\/2025\\\/12\\\/17085439\\\/1763641504-nuevo-drama-miguelin-confirma-vivo-ruptura-juliette-valle-flaca-veronica-tras-ausencia1.jpg\",\"contentUrl\":\"https:\\\/\\\/cdn1.mediawpaccore.net\\\/wp-content\\\/uploads\\\/2025\\\/12\\\/17085439\\\/1763641504-nuevo-drama-miguelin-confirma-vivo-ruptura-juliette-valle-flaca-veronica-tras-ausencia1.jpg\",\"width\":1200,\"height\":630,\"caption\":\"Juliette Valle junto a La Flaca Ver\u00f3nica. Foto: Instagram.\"},{\"@type\":\"BreadcrumbList\",\"@id\":\"https:\\\/\\\/www.cuballama.com\\\/noticias\\\/injusto-e-inmaduro-arremeten-contra-la-flaca-veronica-por-sacar-a-juliette-valle-del-podcast-de-la-vida\\\/#breadcrumb\",\"itemListElement\":[{\"@type\":\"ListItem\",\"position\":1,\"name\":\"Home\",\"item\":\"https:\\\/\\\/www.cuballama.com\\\/noticias\\\/\"},{\"@type\":\"ListItem\",\"position\":2,\"name\":\"\u201cInjusto e inmaduro\u201d: Arremeten contra La Flaca Ver\u00f3nica por sacar a Juliette Valle del p\u00f3dcast De la vida\"}]},{\"@type\":\"WebSite\",\"@id\":\"https:\\\/\\\/www.cuballama.com\\\/noticias\\\/#website\",\"url\":\"https:\\\/\\\/www.cuballama.com\\\/noticias\\\/\",\"name\":\"Cuballama Noticias\",\"description\":\"Medio digital sobre Cuba y el mundo\",\"publisher\":{\"@id\":\"https:\\\/\\\/www.cuballama.com\\\/noticias\\\/#organization\"},\"potentialAction\":[{\"@type\":\"SearchAction\",\"target\":{\"@type\":\"EntryPoint\",\"urlTemplate\":\"https:\\\/\\\/www.cuballama.com\\\/noticias\\\/?s={search_term_string}\"},\"query-input\":{\"@type\":\"PropertyValueSpecification\",\"valueRequired\":true,\"valueName\":\"search_term_string\"}}],\"inLanguage\":\"es\"},{\"@type\":\"Organization\",\"@id\":\"https:\\\/\\\/www.cuballama.com\\\/noticias\\\/#organization\",\"name\":\"Cuballama\",\"url\":\"https:\\\/\\\/www.cuballama.com\\\/noticias\\\/\",\"logo\":{\"@type\":\"ImageObject\",\"inLanguage\":\"es\",\"@id\":\"https:\\\/\\\/www.cuballama.com\\\/noticias\\\/#\\\/schema\\\/logo\\\/image\\\/\",\"url\":\"https:\\\/\\\/cdn1.mediawpaccore.net\\\/wp-content\\\/uploads\\\/2021\\\/12\\\/28171206\\\/cbll-logo-color-sm.png\",\"contentUrl\":\"https:\\\/\\\/cdn1.mediawpaccore.net\\\/wp-content\\\/uploads\\\/2021\\\/12\\\/28171206\\\/cbll-logo-color-sm.png\",\"width\":600,\"height\":133,\"caption\":\"Cuballama\"},\"image\":{\"@id\":\"https:\\\/\\\/www.cuballama.com\\\/noticias\\\/#\\\/schema\\\/logo\\\/image\\\/\"},\"sameAs\":[\"https:\\\/\\\/www.facebook.com\\\/CubaLlama\",\"https:\\\/\\\/x.com\\\/cuballama\",\"https:\\\/\\\/www.instagram.com\\\/stories\\\/cuballama_oficial\\\/\",\"https:\\\/\\\/www.youtube.com\\\/channel\\\/UCKkFE-d_axENGZcrc4as0IA\"]},{\"@type\":\"Person\",\"@id\":\"https:\\\/\\\/www.cuballama.com\\\/noticias\\\/#\\\/schema\\\/person\\\/86cd3e3f4974437f031211213bf892d5\",\"name\":\"Kathy\",\"url\":\"https:\\\/\\\/www.cuballama.com\\\/noticias\\\/author\\\/kathy\\\/\"}]}<\/script>\n<!-- \/ Yoast SEO plugin. -->","yoast_head_json":{"title":"\u201cInjusto e inmaduro\u201d: Arremeten contra La Flaca Ver\u00f3nica por sacar a Juliette Valle del p\u00f3dcast De la vida - Cuballama Noticias","description":"La decisi\u00f3n de sacar a la cubana Juliette Valle del p\u00f3dcast De la vida ha generado una ola de indignaci\u00f3n en redes sociales.","robots":{"index":"index","follow":"follow","max-snippet":"max-snippet:-1","max-image-preview":"max-image-preview:large","max-video-preview":"max-video-preview:-1"},"canonical":"https:\/\/www.cuballama.com\/noticias\/injusto-e-inmaduro-arremeten-contra-la-flaca-veronica-por-sacar-a-juliette-valle-del-podcast-de-la-vida\/","og_locale":"es_ES","og_type":"article","og_title":"\u201cInjusto e inmaduro\u201d: Arremeten contra La Flaca Ver\u00f3nica por sacar a Juliette Valle del p\u00f3dcast De la vida - Cuballama Noticias","og_description":"La decisi\u00f3n de sacar a la cubana Juliette Valle del p\u00f3dcast De la vida ha generado una ola de indignaci\u00f3n en redes sociales.","og_url":"https:\/\/www.cuballama.com\/noticias\/injusto-e-inmaduro-arremeten-contra-la-flaca-veronica-por-sacar-a-juliette-valle-del-podcast-de-la-vida\/","og_site_name":"Cuballama Noticias","article_publisher":"https:\/\/www.facebook.com\/CubaLlama","article_published_time":"2025-12-17T14:07:41+00:00","article_modified_time":"2025-12-17T14:12:28+00:00","og_image":[{"width":1200,"height":630,"url":"https:\/\/cdn1.mediawpaccore.net\/wp-content\/uploads\/2025\/12\/17085439\/1763641504-nuevo-drama-miguelin-confirma-vivo-ruptura-juliette-valle-flaca-veronica-tras-ausencia1.jpg","type":"image\/jpeg"}],"author":"Kathy","twitter_card":"summary_large_image","twitter_creator":"@cuballama","twitter_site":"@cuballama","twitter_misc":{"Escrito por":"Kathy","Tiempo de lectura":"3 minutos"},"schema":{"@context":"https:\/\/schema.org","@graph":[{"@type":"Article","@id":"https:\/\/www.cuballama.com\/noticias\/injusto-e-inmaduro-arremeten-contra-la-flaca-veronica-por-sacar-a-juliette-valle-del-podcast-de-la-vida\/#article","isPartOf":{"@id":"https:\/\/www.cuballama.com\/noticias\/injusto-e-inmaduro-arremeten-contra-la-flaca-veronica-por-sacar-a-juliette-valle-del-podcast-de-la-vida\/"},"author":{"name":"Kathy","@id":"https:\/\/www.cuballama.com\/noticias\/#\/schema\/person\/86cd3e3f4974437f031211213bf892d5"},"headline":"\u201cInjusto e inmaduro\u201d: Arremeten contra La Flaca Ver\u00f3nica por sacar a Juliette Valle del p\u00f3dcast De la vida","datePublished":"2025-12-17T14:07:41+00:00","dateModified":"2025-12-17T14:12:28+00:00","mainEntityOfPage":{"@id":"https:\/\/www.cuballama.com\/noticias\/injusto-e-inmaduro-arremeten-contra-la-flaca-veronica-por-sacar-a-juliette-valle-del-podcast-de-la-vida\/"},"wordCount":548,"commentCount":0,"publisher":{"@id":"https:\/\/www.cuballama.com\/noticias\/#organization"},"image":{"@id":"https:\/\/www.cuballama.com\/noticias\/injusto-e-inmaduro-arremeten-contra-la-flaca-veronica-por-sacar-a-juliette-valle-del-podcast-de-la-vida\/#primaryimage"},"thumbnailUrl":"https:\/\/cdn1.mediawpaccore.net\/wp-content\/uploads\/2025\/12\/17085439\/1763641504-nuevo-drama-miguelin-confirma-vivo-ruptura-juliette-valle-flaca-veronica-tras-ausencia1.jpg","keywords":["De la Vida podcast","destacado","Juliette Valle"],"articleSection":["Far\u00e1ndula","Noticias"],"inLanguage":"es","potentialAction":[{"@type":"CommentAction","name":"Comment","target":["https:\/\/www.cuballama.com\/noticias\/injusto-e-inmaduro-arremeten-contra-la-flaca-veronica-por-sacar-a-juliette-valle-del-podcast-de-la-vida\/#respond"]}]},{"@type":"WebPage","@id":"https:\/\/www.cuballama.com\/noticias\/injusto-e-inmaduro-arremeten-contra-la-flaca-veronica-por-sacar-a-juliette-valle-del-podcast-de-la-vida\/","url":"https:\/\/www.cuballama.com\/noticias\/injusto-e-inmaduro-arremeten-contra-la-flaca-veronica-por-sacar-a-juliette-valle-del-podcast-de-la-vida\/","name":"\u201cInjusto e inmaduro\u201d: Arremeten contra La Flaca Ver\u00f3nica por sacar a Juliette Valle del p\u00f3dcast De la vida - Cuballama Noticias","isPartOf":{"@id":"https:\/\/www.cuballama.com\/noticias\/#website"},"primaryImageOfPage":{"@id":"https:\/\/www.cuballama.com\/noticias\/injusto-e-inmaduro-arremeten-contra-la-flaca-veronica-por-sacar-a-juliette-valle-del-podcast-de-la-vida\/#primaryimage"},"image":{"@id":"https:\/\/www.cuballama.com\/noticias\/injusto-e-inmaduro-arremeten-contra-la-flaca-veronica-por-sacar-a-juliette-valle-del-podcast-de-la-vida\/#primaryimage"},"thumbnailUrl":"https:\/\/cdn1.mediawpaccore.net\/wp-content\/uploads\/2025\/12\/17085439\/1763641504-nuevo-drama-miguelin-confirma-vivo-ruptura-juliette-valle-flaca-veronica-tras-ausencia1.jpg","datePublished":"2025-12-17T14:07:41+00:00","dateModified":"2025-12-17T14:12:28+00:00","description":"La decisi\u00f3n de sacar a la cubana Juliette Valle del p\u00f3dcast De la vida ha generado una ola de indignaci\u00f3n en redes sociales.","breadcrumb":{"@id":"https:\/\/www.cuballama.com\/noticias\/injusto-e-inmaduro-arremeten-contra-la-flaca-veronica-por-sacar-a-juliette-valle-del-podcast-de-la-vida\/#breadcrumb"},"inLanguage":"es","potentialAction":[{"@type":"ReadAction","target":["https:\/\/www.cuballama.com\/noticias\/injusto-e-inmaduro-arremeten-contra-la-flaca-veronica-por-sacar-a-juliette-valle-del-podcast-de-la-vida\/"]}]},{"@type":"ImageObject","inLanguage":"es","@id":"https:\/\/www.cuballama.com\/noticias\/injusto-e-inmaduro-arremeten-contra-la-flaca-veronica-por-sacar-a-juliette-valle-del-podcast-de-la-vida\/#primaryimage","url":"https:\/\/cdn1.mediawpaccore.net\/wp-content\/uploads\/2025\/12\/17085439\/1763641504-nuevo-drama-miguelin-confirma-vivo-ruptura-juliette-valle-flaca-veronica-tras-ausencia1.jpg","contentUrl":"https:\/\/cdn1.mediawpaccore.net\/wp-content\/uploads\/2025\/12\/17085439\/1763641504-nuevo-drama-miguelin-confirma-vivo-ruptura-juliette-valle-flaca-veronica-tras-ausencia1.jpg","width":1200,"height":630,"caption":"Juliette Valle junto a La Flaca Ver\u00f3nica. Foto: Instagram."},{"@type":"BreadcrumbList","@id":"https:\/\/www.cuballama.com\/noticias\/injusto-e-inmaduro-arremeten-contra-la-flaca-veronica-por-sacar-a-juliette-valle-del-podcast-de-la-vida\/#breadcrumb","itemListElement":[{"@type":"ListItem","position":1,"name":"Home","item":"https:\/\/www.cuballama.com\/noticias\/"},{"@type":"ListItem","position":2,"name":"\u201cInjusto e inmaduro\u201d: Arremeten contra La Flaca Ver\u00f3nica por sacar a Juliette Valle del p\u00f3dcast De la vida"}]},{"@type":"WebSite","@id":"https:\/\/www.cuballama.com\/noticias\/#website","url":"https:\/\/www.cuballama.com\/noticias\/","name":"Cuballama Noticias","description":"Medio digital sobre Cuba y el mundo","publisher":{"@id":"https:\/\/www.cuballama.com\/noticias\/#organization"},"potentialAction":[{"@type":"SearchAction","target":{"@type":"EntryPoint","urlTemplate":"https:\/\/www.cuballama.com\/noticias\/?s={search_term_string}"},"query-input":{"@type":"PropertyValueSpecification","valueRequired":true,"valueName":"search_term_string"}}],"inLanguage":"es"},{"@type":"Organization","@id":"https:\/\/www.cuballama.com\/noticias\/#organization","name":"Cuballama","url":"https:\/\/www.cuballama.com\/noticias\/","logo":{"@type":"ImageObject","inLanguage":"es","@id":"https:\/\/www.cuballama.com\/noticias\/#\/schema\/logo\/image\/","url":"https:\/\/cdn1.mediawpaccore.net\/wp-content\/uploads\/2021\/12\/28171206\/cbll-logo-color-sm.png","contentUrl":"https:\/\/cdn1.mediawpaccore.net\/wp-content\/uploads\/2021\/12\/28171206\/cbll-logo-color-sm.png","width":600,"height":133,"caption":"Cuballama"},"image":{"@id":"https:\/\/www.cuballama.com\/noticias\/#\/schema\/logo\/image\/"},"sameAs":["https:\/\/www.facebook.com\/CubaLlama","https:\/\/x.com\/cuballama","https:\/\/www.instagram.com\/stories\/cuballama_oficial\/","https:\/\/www.youtube.com\/channel\/UCKkFE-d_axENGZcrc4as0IA"]},{"@type":"Person","@id":"https:\/\/www.cuballama.com\/noticias\/#\/schema\/person\/86cd3e3f4974437f031211213bf892d5","name":"Kathy","url":"https:\/\/www.cuballama.com\/noticias\/author\/kathy\/"}]}},"_links":{"self":[{"href":"https:\/\/www.cuballama.com\/noticias\/wp-json\/wp\/v2\/posts\/229000","targetHints":{"allow":["GET"]}}],"collection":[{"href":"https:\/\/www.cuballama.com\/noticias\/wp-json\/wp\/v2\/posts"}],"about":[{"href":"https:\/\/www.cuballama.com\/noticias\/wp-json\/wp\/v2\/types\/post"}],"author":[{"embeddable":true,"href":"https:\/\/www.cuballama.com\/noticias\/wp-json\/wp\/v2\/users\/30"}],"replies":[{"embeddable":true,"href":"https:\/\/www.cuballama.com\/noticias\/wp-json\/wp\/v2\/comments?post=229000"}],"version-history":[{"count":7,"href":"https:\/\/www.cuballama.com\/noticias\/wp-json\/wp\/v2\/posts\/229000\/revisions"}],"predecessor-version":[{"id":229013,"href":"https:\/\/www.cuballama.com\/noticias\/wp-json\/wp\/v2\/posts\/229000\/revisions\/229013"}],"wp:featuredmedia":[{"embeddable":true,"href":"https:\/\/www.cuballama.com\/noticias\/wp-json\/wp\/v2\/media\/229008"}],"wp:attachment":[{"href":"https:\/\/www.cuballama.com\/noticias\/wp-json\/wp\/v2\/media?parent=229000"}],"wp:term":[{"taxonomy":"category","embeddable":true,"href":"https:\/\/www.cuballama.com\/noticias\/wp-json\/wp\/v2\/categories?post=229000"},{"taxonomy":"post_tag","embeddable":true,"href":"https:\/\/www.cuballama.com\/noticias\/wp-json\/wp\/v2\/tags?post=229000"}],"curies":[{"name":"wp","href":"https:\/\/api.w.org\/{rel}","templated":true}]}}