{"id":228939,"date":"2025-12-17T05:36:20","date_gmt":"2025-12-17T10:36:20","guid":{"rendered":"https:\/\/www.cuballama.com\/noticias\/?p=228939"},"modified":"2025-12-17T05:36:22","modified_gmt":"2025-12-17T10:36:22","slug":"la-decision-es-de-eduardo-miguelin-anuncia-la-salida-de-juliette-valle-del-podcast-de-la-vida","status":"publish","type":"post","link":"https:\/\/www.cuballama.com\/noticias\/la-decision-es-de-eduardo-miguelin-anuncia-la-salida-de-juliette-valle-del-podcast-de-la-vida\/","title":{"rendered":"\u201cLa decisi\u00f3n es de Eduardo\u201d: Miguel\u00edn anuncia la salida de Juliette Valle del p\u00f3dcast \u201cDe la vida\u201d"},"content":{"rendered":"\n<p>El p\u00f3dcast De la vida, uno de los espacios digitales m\u00e1s seguidos dentro de la comunidad cubana, atraviesa un momento de quiebre tras la confirmaci\u00f3n de la salida de <strong>Juliette Valle<\/strong>, modelo e influencer, quien hasta hace poco formaba parte estable del proyecto. La noticia fue anunciada p\u00fablicamente por su director, Miguel\u00edn, y por <strong>Eduardo L\u00f3pez Cardoso<\/strong>, creador de contenido conocido por su personaje humor\u00edstico <strong>La Flaca Ver\u00f3nica<\/strong> y uno de los rostros principales del programa.<\/p>\n\n\n\n<p>Seg\u00fan explic\u00f3 Eduardo, la decisi\u00f3n est\u00e1 directamente relacionada con el fin de su relaci\u00f3n sentimental con Juliette. \u201cComo ustedes saben, ya Juliette y yo no estamos juntos, por lo tanto, <strong>decidimos que ella no iba a seguir aqu\u00ed en el programa<\/strong>. Espero que la sigan apoyando a ella en todos sus proyectos, como mismo nos apoyan a nosotros\u201d, expres\u00f3, marcando as\u00ed un punto final tanto a la relaci\u00f3n personal como a la profesional dentro del p\u00f3dcast.<\/p>\n\n\n\n<figure class=\"wp-block-embed is-type-video is-provider-tiktok wp-block-embed-tiktok\"><div class=\"wp-block-embed__wrapper\">\n<blockquote class=\"tiktok-embed\" cite=\"https:\/\/www.tiktok.com\/@lahoratoxica\/video\/7584682969651105054\" data-video-id=\"7584682969651105054\" data-embed-from=\"oembed\" style=\"max-width:605px; min-width:325px;\"> <section> <a target=\"_blank\" title=\"@lahoratoxica\" href=\"https:\/\/www.tiktok.com\/@lahoratoxica?refer=embed\">@lahoratoxica<\/a> <p><a title=\"juliettevalleofficial\" target=\"_blank\" href=\"https:\/\/www.tiktok.com\/tag\/juliettevalleofficial?refer=embed\">#juliettevalleofficial<\/a> <a title=\"delavidapodcats\" target=\"_blank\" href=\"https:\/\/www.tiktok.com\/tag\/delavidapodcats?refer=embed\">#delavidapodcats<\/a> <a title=\"julietteyelflaco\" target=\"_blank\" href=\"https:\/\/www.tiktok.com\/tag\/julietteyelflaco?refer=embed\">#julietteyelflaco<\/a> @parque\ud83d\udeddAmelia9 @Laura91\ud83c\udde8\ud83c\uddfa\ud83c\uddfa\ud83c\uddf8\ud83d\ude1c @ANDYPRODUCTIONS\ud83c\uddf5\ud83c\uddf7\ud83c\uddfa\ud83c\uddf8\ud83c\udde8\ud83c\uddfa\u2615\ufe0f @Todoenvista @paqtemeesychismees @\ud83c\udfa5Se esta tornando \ud83d\udc41\ufe0f\ud83d\udd26 @EL IR\u00c9 DE YEMAYA OFFICIAL 07 <\/p> <a target=\"_blank\" title=\"\u266c original sound - La Hora T\u00f3xica\" href=\"https:\/\/www.tiktok.com\/music\/original-sound-7584682905297783582?refer=embed\">\u266c original sound &#8211; La Hora T\u00f3xica<\/a> <\/section> <\/blockquote> <script async src=\"https:\/\/www.tiktok.com\/embed.js\"><\/script>\n<\/div><\/figure>\n\n\n\n<p>Las declaraciones no tardaron en generar reacciones entre los seguidores del programa, muchos de los cuales se mostraron sorprendidos por la salida de Juliette, quien hab\u00eda logrado conectar con parte de la audiencia gracias a su presencia constante y a la din\u00e1mica que manten\u00eda con el resto del equipo.<\/p>\n\n\n\n<p>Por su parte, Miguel David Est\u00e9vez, conocido como Miguel\u00edn y creador del canal de YouTube \u201cLas Locuras de Miguel\u00edn\u201d, plataforma desde la cual se transmite \u201cDe la vida\u201d, ofreci\u00f3 una explicaci\u00f3n m\u00e1s emocional y directa sobre lo ocurrido. Con <strong>la voz entrecortada<\/strong>, dej\u00f3 claro que, aunque la situaci\u00f3n le resulta dolorosa, la decisi\u00f3n final recae en Eduardo.<\/p>\n\n\n\n<p>\u201cEduardo empez\u00f3 conmigo este proyecto y tiene toda la potestad sobre este p\u00f3dcast y\u2026 es muy dif\u00edcil\u201d, confes\u00f3. \u201cApartando que fueron pareja y que yo le cog\u00ed mucho cari\u00f1o a Juliette, la decisi\u00f3n es de Eduardo. <strong>Juliette no tiene ning\u00fan problema en grabar, pero yo no puedo imponerle a Eduardo que ella est\u00e9 aqu\u00ed<\/strong>\u201d.<\/p>\n\n\n\n<p>Las palabras de Miguel\u00edn dejaron ver la tensi\u00f3n interna que atraviesa el equipo y evidenciaron el conflicto entre lo afectivo y lo profesional. Su testimonio tambi\u00e9n desminti\u00f3 versiones que circulaban en redes sobre una supuesta negativa de Juliette a continuar en el proyecto, aclarando que su salida no fue por falta de disposici\u00f3n, sino por una decisi\u00f3n que escapa a su control.<\/p>\n\n\n\n<p>El anuncio abri\u00f3 un debate entre los seguidores del p\u00f3dcast, algunos solidarios con Juliette y otros defendiendo el derecho de Eduardo a tomar decisiones sobre un proyecto que considera suyo desde el inicio. La pol\u00e9mica, lejos de apagarse, fue creciendo con el paso de las horas.<\/p>\n\n\n\n<p><strong>Actualizaci\u00f3n:<\/strong><\/p>\n\n\n\n<p>Tras la oleada de cr\u00edticas y comentarios negativos, Miguel\u00edn reaccion\u00f3 en sus historias de Instagram con un mensaje contundente y cargado de decepci\u00f3n. \u201cMe equivoqu\u00e9 en no ponerme fuerte, puse amistad por arriba de profesionalismo y no ten\u00eda que ser de esa manera. Se rompi\u00f3 todo. Si ustedes est\u00e1n decepcionados, d\u00e9jenme decirles que yo tambi\u00e9n\u201d, escribi\u00f3.<\/p>\n\n\n\n<figure class=\"wp-block-image size-large\"><img loading=\"lazy\" decoding=\"async\" width=\"576\" height=\"1024\" src=\"https:\/\/cdn1.mediawpaccore.net\/wp-content\/uploads\/2025\/12\/17052949\/Captura-de-pantalla-2025-12-17-a-las-11.26.57-576x1024.png\" alt=\"\" class=\"wp-image-228968\" srcset=\"https:\/\/cdn1.mediawpaccore.net\/wp-content\/uploads\/2025\/12\/17052949\/Captura-de-pantalla-2025-12-17-a-las-11.26.57-576x1024.png 576w, https:\/\/cdn1.mediawpaccore.net\/wp-content\/uploads\/2025\/12\/17052949\/Captura-de-pantalla-2025-12-17-a-las-11.26.57-169x300.png 169w, https:\/\/cdn1.mediawpaccore.net\/wp-content\/uploads\/2025\/12\/17052949\/Captura-de-pantalla-2025-12-17-a-las-11.26.57-768x1364.png 768w, https:\/\/cdn1.mediawpaccore.net\/wp-content\/uploads\/2025\/12\/17052949\/Captura-de-pantalla-2025-12-17-a-las-11.26.57-236x420.png 236w, https:\/\/cdn1.mediawpaccore.net\/wp-content\/uploads\/2025\/12\/17052949\/Captura-de-pantalla-2025-12-17-a-las-11.26.57-150x266.png 150w, https:\/\/cdn1.mediawpaccore.net\/wp-content\/uploads\/2025\/12\/17052949\/Captura-de-pantalla-2025-12-17-a-las-11.26.57-300x533.png 300w, https:\/\/cdn1.mediawpaccore.net\/wp-content\/uploads\/2025\/12\/17052949\/Captura-de-pantalla-2025-12-17-a-las-11.26.57-696x1236.png 696w, https:\/\/cdn1.mediawpaccore.net\/wp-content\/uploads\/2025\/12\/17052949\/Captura-de-pantalla-2025-12-17-a-las-11.26.57.png 832w\" sizes=\"auto, (max-width: 576px) 100vw, 576px\" \/><\/figure>\n\n\n\n<p>Adem\u00e1s, lanz\u00f3 una advertencia que pone en duda el futuro del p\u00f3dcast: \u201cYa los programas que quedan est\u00e1n grabados, si el primero de enero yo no logro solucionar esto, se cierra el programa. All\u00ed tenemos que estar todos o ninguno y punto\u201d. Un cierre que deja a De la vida en una encrucijada y a su audiencia a la espera de lo que suceda en las pr\u00f3ximas semanas.<\/p>\n","protected":false},"excerpt":{"rendered":"<p>Con la voz entrecortada, Miguel\u00edn confirm\u00f3 que la decisi\u00f3n fue tomada por Eduardo, expareja de Juliette<\/p>\n","protected":false},"author":27,"featured_media":228970,"comment_status":"open","ping_status":"closed","sticky":false,"template":"","format":"standard","meta":{"_acf_changed":false,"footnotes":""},"categories":[443],"tags":[11050,25411,16967,16968,28567],"class_list":{"0":"post-228939","1":"post","2":"type-post","3":"status-publish","4":"format-standard","5":"has-post-thumbnail","7":"category-farandula","8":"tag-cubanos-en-miami","9":"tag-de-la-vida-podcast","10":"tag-eduardo-lopez-cardoso","11":"tag-juliette-valle","12":"tag-las-locuras-de-miguelin"},"acf":[],"yoast_head":"<!-- This site is optimized with the Yoast SEO plugin v27.5 - https:\/\/yoast.com\/product\/yoast-seo-wordpress\/ -->\n<title>\u201cLa decisi\u00f3n es de Eduardo\u201d: Miguel\u00edn anuncia la salida de Juliette Valle del p\u00f3dcast \u201cDe la vida\u201d - Cuballama Noticias<\/title>\n<meta name=\"description\" content=\"Miguel\u00edn anunci\u00f3 la salida de Juliette Valle del p\u00f3dcast De la vida, y m\u00e1s tarde mostr\u00f3 su arrepentimiento en redes sociales\" \/>\n<meta name=\"robots\" content=\"index, follow, max-snippet:-1, max-image-preview:large, max-video-preview:-1\" \/>\n<link rel=\"canonical\" href=\"https:\/\/www.cuballama.com\/noticias\/la-decision-es-de-eduardo-miguelin-anuncia-la-salida-de-juliette-valle-del-podcast-de-la-vida\/\" \/>\n<meta property=\"og:locale\" content=\"es_ES\" \/>\n<meta property=\"og:type\" content=\"article\" \/>\n<meta property=\"og:title\" content=\"\u201cLa decisi\u00f3n es de Eduardo\u201d: Miguel\u00edn anuncia la salida de Juliette Valle del p\u00f3dcast \u201cDe la vida\u201d - Cuballama Noticias\" \/>\n<meta property=\"og:description\" content=\"Miguel\u00edn anunci\u00f3 la salida de Juliette Valle del p\u00f3dcast De la vida, y m\u00e1s tarde mostr\u00f3 su arrepentimiento en redes sociales\" \/>\n<meta property=\"og:url\" content=\"https:\/\/www.cuballama.com\/noticias\/la-decision-es-de-eduardo-miguelin-anuncia-la-salida-de-juliette-valle-del-podcast-de-la-vida\/\" \/>\n<meta property=\"og:site_name\" content=\"Cuballama Noticias\" \/>\n<meta property=\"article:publisher\" content=\"https:\/\/www.facebook.com\/CubaLlama\" \/>\n<meta property=\"article:published_time\" content=\"2025-12-17T10:36:20+00:00\" \/>\n<meta property=\"article:modified_time\" content=\"2025-12-17T10:36:22+00:00\" \/>\n<meta property=\"og:image\" content=\"https:\/\/cdn1.mediawpaccore.net\/wp-content\/uploads\/2025\/12\/17053549\/WhatsApp-Image-2025-12-17-at-11.35.24.jpeg\" \/>\n\t<meta property=\"og:image:width\" content=\"1884\" \/>\n\t<meta property=\"og:image:height\" content=\"1295\" \/>\n\t<meta property=\"og:image:type\" content=\"image\/jpeg\" \/>\n<meta name=\"author\" content=\"Rafa\" \/>\n<meta name=\"twitter:card\" content=\"summary_large_image\" \/>\n<meta name=\"twitter:creator\" content=\"@cuballama\" \/>\n<meta name=\"twitter:site\" content=\"@cuballama\" \/>\n<meta name=\"twitter:label1\" content=\"Escrito por\" \/>\n\t<meta name=\"twitter:data1\" content=\"Rafa\" \/>\n\t<meta name=\"twitter:label2\" content=\"Tiempo de lectura\" \/>\n\t<meta name=\"twitter:data2\" content=\"3 minutos\" \/>\n<script type=\"application\/ld+json\" class=\"yoast-schema-graph\">{\"@context\":\"https:\\\/\\\/schema.org\",\"@graph\":[{\"@type\":\"Article\",\"@id\":\"https:\\\/\\\/www.cuballama.com\\\/noticias\\\/la-decision-es-de-eduardo-miguelin-anuncia-la-salida-de-juliette-valle-del-podcast-de-la-vida\\\/#article\",\"isPartOf\":{\"@id\":\"https:\\\/\\\/www.cuballama.com\\\/noticias\\\/la-decision-es-de-eduardo-miguelin-anuncia-la-salida-de-juliette-valle-del-podcast-de-la-vida\\\/\"},\"author\":{\"name\":\"Rafa\",\"@id\":\"https:\\\/\\\/www.cuballama.com\\\/noticias\\\/#\\\/schema\\\/person\\\/0f97914526a658755f00e59ec2a832f2\"},\"headline\":\"\u201cLa decisi\u00f3n es de Eduardo\u201d: Miguel\u00edn anuncia la salida de Juliette Valle del p\u00f3dcast \u201cDe la vida\u201d\",\"datePublished\":\"2025-12-17T10:36:20+00:00\",\"dateModified\":\"2025-12-17T10:36:22+00:00\",\"mainEntityOfPage\":{\"@id\":\"https:\\\/\\\/www.cuballama.com\\\/noticias\\\/la-decision-es-de-eduardo-miguelin-anuncia-la-salida-de-juliette-valle-del-podcast-de-la-vida\\\/\"},\"wordCount\":618,\"commentCount\":0,\"publisher\":{\"@id\":\"https:\\\/\\\/www.cuballama.com\\\/noticias\\\/#organization\"},\"image\":{\"@id\":\"https:\\\/\\\/www.cuballama.com\\\/noticias\\\/la-decision-es-de-eduardo-miguelin-anuncia-la-salida-de-juliette-valle-del-podcast-de-la-vida\\\/#primaryimage\"},\"thumbnailUrl\":\"https:\\\/\\\/cdn1.mediawpaccore.net\\\/wp-content\\\/uploads\\\/2025\\\/12\\\/17053549\\\/WhatsApp-Image-2025-12-17-at-11.35.24.jpeg\",\"keywords\":[\"cubanos en Miami\",\"De la Vida podcast\",\"Eduardo L\u00f3pez Cardoso\",\"Juliette Valle\",\"Las Locuras de Miguel\u00edn\"],\"articleSection\":[\"Far\u00e1ndula\"],\"inLanguage\":\"es\",\"potentialAction\":[{\"@type\":\"CommentAction\",\"name\":\"Comment\",\"target\":[\"https:\\\/\\\/www.cuballama.com\\\/noticias\\\/la-decision-es-de-eduardo-miguelin-anuncia-la-salida-de-juliette-valle-del-podcast-de-la-vida\\\/#respond\"]}]},{\"@type\":\"WebPage\",\"@id\":\"https:\\\/\\\/www.cuballama.com\\\/noticias\\\/la-decision-es-de-eduardo-miguelin-anuncia-la-salida-de-juliette-valle-del-podcast-de-la-vida\\\/\",\"url\":\"https:\\\/\\\/www.cuballama.com\\\/noticias\\\/la-decision-es-de-eduardo-miguelin-anuncia-la-salida-de-juliette-valle-del-podcast-de-la-vida\\\/\",\"name\":\"\u201cLa decisi\u00f3n es de Eduardo\u201d: Miguel\u00edn anuncia la salida de Juliette Valle del p\u00f3dcast \u201cDe la vida\u201d - Cuballama Noticias\",\"isPartOf\":{\"@id\":\"https:\\\/\\\/www.cuballama.com\\\/noticias\\\/#website\"},\"primaryImageOfPage\":{\"@id\":\"https:\\\/\\\/www.cuballama.com\\\/noticias\\\/la-decision-es-de-eduardo-miguelin-anuncia-la-salida-de-juliette-valle-del-podcast-de-la-vida\\\/#primaryimage\"},\"image\":{\"@id\":\"https:\\\/\\\/www.cuballama.com\\\/noticias\\\/la-decision-es-de-eduardo-miguelin-anuncia-la-salida-de-juliette-valle-del-podcast-de-la-vida\\\/#primaryimage\"},\"thumbnailUrl\":\"https:\\\/\\\/cdn1.mediawpaccore.net\\\/wp-content\\\/uploads\\\/2025\\\/12\\\/17053549\\\/WhatsApp-Image-2025-12-17-at-11.35.24.jpeg\",\"datePublished\":\"2025-12-17T10:36:20+00:00\",\"dateModified\":\"2025-12-17T10:36:22+00:00\",\"description\":\"Miguel\u00edn anunci\u00f3 la salida de Juliette Valle del p\u00f3dcast De la vida, y m\u00e1s tarde mostr\u00f3 su arrepentimiento en redes sociales\",\"breadcrumb\":{\"@id\":\"https:\\\/\\\/www.cuballama.com\\\/noticias\\\/la-decision-es-de-eduardo-miguelin-anuncia-la-salida-de-juliette-valle-del-podcast-de-la-vida\\\/#breadcrumb\"},\"inLanguage\":\"es\",\"potentialAction\":[{\"@type\":\"ReadAction\",\"target\":[\"https:\\\/\\\/www.cuballama.com\\\/noticias\\\/la-decision-es-de-eduardo-miguelin-anuncia-la-salida-de-juliette-valle-del-podcast-de-la-vida\\\/\"]}]},{\"@type\":\"ImageObject\",\"inLanguage\":\"es\",\"@id\":\"https:\\\/\\\/www.cuballama.com\\\/noticias\\\/la-decision-es-de-eduardo-miguelin-anuncia-la-salida-de-juliette-valle-del-podcast-de-la-vida\\\/#primaryimage\",\"url\":\"https:\\\/\\\/cdn1.mediawpaccore.net\\\/wp-content\\\/uploads\\\/2025\\\/12\\\/17053549\\\/WhatsApp-Image-2025-12-17-at-11.35.24.jpeg\",\"contentUrl\":\"https:\\\/\\\/cdn1.mediawpaccore.net\\\/wp-content\\\/uploads\\\/2025\\\/12\\\/17053549\\\/WhatsApp-Image-2025-12-17-at-11.35.24.jpeg\",\"width\":1884,\"height\":1295,\"caption\":\"Foto: Instagram\"},{\"@type\":\"BreadcrumbList\",\"@id\":\"https:\\\/\\\/www.cuballama.com\\\/noticias\\\/la-decision-es-de-eduardo-miguelin-anuncia-la-salida-de-juliette-valle-del-podcast-de-la-vida\\\/#breadcrumb\",\"itemListElement\":[{\"@type\":\"ListItem\",\"position\":1,\"name\":\"Home\",\"item\":\"https:\\\/\\\/www.cuballama.com\\\/noticias\\\/\"},{\"@type\":\"ListItem\",\"position\":2,\"name\":\"\u201cLa decisi\u00f3n es de Eduardo\u201d: Miguel\u00edn anuncia la salida de Juliette Valle del p\u00f3dcast \u201cDe la vida\u201d\"}]},{\"@type\":\"WebSite\",\"@id\":\"https:\\\/\\\/www.cuballama.com\\\/noticias\\\/#website\",\"url\":\"https:\\\/\\\/www.cuballama.com\\\/noticias\\\/\",\"name\":\"Cuballama Noticias\",\"description\":\"Medio digital sobre Cuba y el mundo\",\"publisher\":{\"@id\":\"https:\\\/\\\/www.cuballama.com\\\/noticias\\\/#organization\"},\"potentialAction\":[{\"@type\":\"SearchAction\",\"target\":{\"@type\":\"EntryPoint\",\"urlTemplate\":\"https:\\\/\\\/www.cuballama.com\\\/noticias\\\/?s={search_term_string}\"},\"query-input\":{\"@type\":\"PropertyValueSpecification\",\"valueRequired\":true,\"valueName\":\"search_term_string\"}}],\"inLanguage\":\"es\"},{\"@type\":\"Organization\",\"@id\":\"https:\\\/\\\/www.cuballama.com\\\/noticias\\\/#organization\",\"name\":\"Cuballama\",\"url\":\"https:\\\/\\\/www.cuballama.com\\\/noticias\\\/\",\"logo\":{\"@type\":\"ImageObject\",\"inLanguage\":\"es\",\"@id\":\"https:\\\/\\\/www.cuballama.com\\\/noticias\\\/#\\\/schema\\\/logo\\\/image\\\/\",\"url\":\"https:\\\/\\\/cdn1.mediawpaccore.net\\\/wp-content\\\/uploads\\\/2021\\\/12\\\/28171206\\\/cbll-logo-color-sm.png\",\"contentUrl\":\"https:\\\/\\\/cdn1.mediawpaccore.net\\\/wp-content\\\/uploads\\\/2021\\\/12\\\/28171206\\\/cbll-logo-color-sm.png\",\"width\":600,\"height\":133,\"caption\":\"Cuballama\"},\"image\":{\"@id\":\"https:\\\/\\\/www.cuballama.com\\\/noticias\\\/#\\\/schema\\\/logo\\\/image\\\/\"},\"sameAs\":[\"https:\\\/\\\/www.facebook.com\\\/CubaLlama\",\"https:\\\/\\\/x.com\\\/cuballama\",\"https:\\\/\\\/www.instagram.com\\\/stories\\\/cuballama_oficial\\\/\",\"https:\\\/\\\/www.youtube.com\\\/channel\\\/UCKkFE-d_axENGZcrc4as0IA\"]},{\"@type\":\"Person\",\"@id\":\"https:\\\/\\\/www.cuballama.com\\\/noticias\\\/#\\\/schema\\\/person\\\/0f97914526a658755f00e59ec2a832f2\",\"name\":\"Rafa\",\"url\":\"https:\\\/\\\/www.cuballama.com\\\/noticias\\\/author\\\/rafa\\\/\"}]}<\/script>\n<!-- \/ Yoast SEO plugin. -->","yoast_head_json":{"title":"\u201cLa decisi\u00f3n es de Eduardo\u201d: Miguel\u00edn anuncia la salida de Juliette Valle del p\u00f3dcast \u201cDe la vida\u201d - Cuballama Noticias","description":"Miguel\u00edn anunci\u00f3 la salida de Juliette Valle del p\u00f3dcast De la vida, y m\u00e1s tarde mostr\u00f3 su arrepentimiento en redes sociales","robots":{"index":"index","follow":"follow","max-snippet":"max-snippet:-1","max-image-preview":"max-image-preview:large","max-video-preview":"max-video-preview:-1"},"canonical":"https:\/\/www.cuballama.com\/noticias\/la-decision-es-de-eduardo-miguelin-anuncia-la-salida-de-juliette-valle-del-podcast-de-la-vida\/","og_locale":"es_ES","og_type":"article","og_title":"\u201cLa decisi\u00f3n es de Eduardo\u201d: Miguel\u00edn anuncia la salida de Juliette Valle del p\u00f3dcast \u201cDe la vida\u201d - Cuballama Noticias","og_description":"Miguel\u00edn anunci\u00f3 la salida de Juliette Valle del p\u00f3dcast De la vida, y m\u00e1s tarde mostr\u00f3 su arrepentimiento en redes sociales","og_url":"https:\/\/www.cuballama.com\/noticias\/la-decision-es-de-eduardo-miguelin-anuncia-la-salida-de-juliette-valle-del-podcast-de-la-vida\/","og_site_name":"Cuballama Noticias","article_publisher":"https:\/\/www.facebook.com\/CubaLlama","article_published_time":"2025-12-17T10:36:20+00:00","article_modified_time":"2025-12-17T10:36:22+00:00","og_image":[{"width":1884,"height":1295,"url":"https:\/\/cdn1.mediawpaccore.net\/wp-content\/uploads\/2025\/12\/17053549\/WhatsApp-Image-2025-12-17-at-11.35.24.jpeg","type":"image\/jpeg"}],"author":"Rafa","twitter_card":"summary_large_image","twitter_creator":"@cuballama","twitter_site":"@cuballama","twitter_misc":{"Escrito por":"Rafa","Tiempo de lectura":"3 minutos"},"schema":{"@context":"https:\/\/schema.org","@graph":[{"@type":"Article","@id":"https:\/\/www.cuballama.com\/noticias\/la-decision-es-de-eduardo-miguelin-anuncia-la-salida-de-juliette-valle-del-podcast-de-la-vida\/#article","isPartOf":{"@id":"https:\/\/www.cuballama.com\/noticias\/la-decision-es-de-eduardo-miguelin-anuncia-la-salida-de-juliette-valle-del-podcast-de-la-vida\/"},"author":{"name":"Rafa","@id":"https:\/\/www.cuballama.com\/noticias\/#\/schema\/person\/0f97914526a658755f00e59ec2a832f2"},"headline":"\u201cLa decisi\u00f3n es de Eduardo\u201d: Miguel\u00edn anuncia la salida de Juliette Valle del p\u00f3dcast \u201cDe la vida\u201d","datePublished":"2025-12-17T10:36:20+00:00","dateModified":"2025-12-17T10:36:22+00:00","mainEntityOfPage":{"@id":"https:\/\/www.cuballama.com\/noticias\/la-decision-es-de-eduardo-miguelin-anuncia-la-salida-de-juliette-valle-del-podcast-de-la-vida\/"},"wordCount":618,"commentCount":0,"publisher":{"@id":"https:\/\/www.cuballama.com\/noticias\/#organization"},"image":{"@id":"https:\/\/www.cuballama.com\/noticias\/la-decision-es-de-eduardo-miguelin-anuncia-la-salida-de-juliette-valle-del-podcast-de-la-vida\/#primaryimage"},"thumbnailUrl":"https:\/\/cdn1.mediawpaccore.net\/wp-content\/uploads\/2025\/12\/17053549\/WhatsApp-Image-2025-12-17-at-11.35.24.jpeg","keywords":["cubanos en Miami","De la Vida podcast","Eduardo L\u00f3pez Cardoso","Juliette Valle","Las Locuras de Miguel\u00edn"],"articleSection":["Far\u00e1ndula"],"inLanguage":"es","potentialAction":[{"@type":"CommentAction","name":"Comment","target":["https:\/\/www.cuballama.com\/noticias\/la-decision-es-de-eduardo-miguelin-anuncia-la-salida-de-juliette-valle-del-podcast-de-la-vida\/#respond"]}]},{"@type":"WebPage","@id":"https:\/\/www.cuballama.com\/noticias\/la-decision-es-de-eduardo-miguelin-anuncia-la-salida-de-juliette-valle-del-podcast-de-la-vida\/","url":"https:\/\/www.cuballama.com\/noticias\/la-decision-es-de-eduardo-miguelin-anuncia-la-salida-de-juliette-valle-del-podcast-de-la-vida\/","name":"\u201cLa decisi\u00f3n es de Eduardo\u201d: Miguel\u00edn anuncia la salida de Juliette Valle del p\u00f3dcast \u201cDe la vida\u201d - Cuballama Noticias","isPartOf":{"@id":"https:\/\/www.cuballama.com\/noticias\/#website"},"primaryImageOfPage":{"@id":"https:\/\/www.cuballama.com\/noticias\/la-decision-es-de-eduardo-miguelin-anuncia-la-salida-de-juliette-valle-del-podcast-de-la-vida\/#primaryimage"},"image":{"@id":"https:\/\/www.cuballama.com\/noticias\/la-decision-es-de-eduardo-miguelin-anuncia-la-salida-de-juliette-valle-del-podcast-de-la-vida\/#primaryimage"},"thumbnailUrl":"https:\/\/cdn1.mediawpaccore.net\/wp-content\/uploads\/2025\/12\/17053549\/WhatsApp-Image-2025-12-17-at-11.35.24.jpeg","datePublished":"2025-12-17T10:36:20+00:00","dateModified":"2025-12-17T10:36:22+00:00","description":"Miguel\u00edn anunci\u00f3 la salida de Juliette Valle del p\u00f3dcast De la vida, y m\u00e1s tarde mostr\u00f3 su arrepentimiento en redes sociales","breadcrumb":{"@id":"https:\/\/www.cuballama.com\/noticias\/la-decision-es-de-eduardo-miguelin-anuncia-la-salida-de-juliette-valle-del-podcast-de-la-vida\/#breadcrumb"},"inLanguage":"es","potentialAction":[{"@type":"ReadAction","target":["https:\/\/www.cuballama.com\/noticias\/la-decision-es-de-eduardo-miguelin-anuncia-la-salida-de-juliette-valle-del-podcast-de-la-vida\/"]}]},{"@type":"ImageObject","inLanguage":"es","@id":"https:\/\/www.cuballama.com\/noticias\/la-decision-es-de-eduardo-miguelin-anuncia-la-salida-de-juliette-valle-del-podcast-de-la-vida\/#primaryimage","url":"https:\/\/cdn1.mediawpaccore.net\/wp-content\/uploads\/2025\/12\/17053549\/WhatsApp-Image-2025-12-17-at-11.35.24.jpeg","contentUrl":"https:\/\/cdn1.mediawpaccore.net\/wp-content\/uploads\/2025\/12\/17053549\/WhatsApp-Image-2025-12-17-at-11.35.24.jpeg","width":1884,"height":1295,"caption":"Foto: Instagram"},{"@type":"BreadcrumbList","@id":"https:\/\/www.cuballama.com\/noticias\/la-decision-es-de-eduardo-miguelin-anuncia-la-salida-de-juliette-valle-del-podcast-de-la-vida\/#breadcrumb","itemListElement":[{"@type":"ListItem","position":1,"name":"Home","item":"https:\/\/www.cuballama.com\/noticias\/"},{"@type":"ListItem","position":2,"name":"\u201cLa decisi\u00f3n es de Eduardo\u201d: Miguel\u00edn anuncia la salida de Juliette Valle del p\u00f3dcast \u201cDe la vida\u201d"}]},{"@type":"WebSite","@id":"https:\/\/www.cuballama.com\/noticias\/#website","url":"https:\/\/www.cuballama.com\/noticias\/","name":"Cuballama Noticias","description":"Medio digital sobre Cuba y el mundo","publisher":{"@id":"https:\/\/www.cuballama.com\/noticias\/#organization"},"potentialAction":[{"@type":"SearchAction","target":{"@type":"EntryPoint","urlTemplate":"https:\/\/www.cuballama.com\/noticias\/?s={search_term_string}"},"query-input":{"@type":"PropertyValueSpecification","valueRequired":true,"valueName":"search_term_string"}}],"inLanguage":"es"},{"@type":"Organization","@id":"https:\/\/www.cuballama.com\/noticias\/#organization","name":"Cuballama","url":"https:\/\/www.cuballama.com\/noticias\/","logo":{"@type":"ImageObject","inLanguage":"es","@id":"https:\/\/www.cuballama.com\/noticias\/#\/schema\/logo\/image\/","url":"https:\/\/cdn1.mediawpaccore.net\/wp-content\/uploads\/2021\/12\/28171206\/cbll-logo-color-sm.png","contentUrl":"https:\/\/cdn1.mediawpaccore.net\/wp-content\/uploads\/2021\/12\/28171206\/cbll-logo-color-sm.png","width":600,"height":133,"caption":"Cuballama"},"image":{"@id":"https:\/\/www.cuballama.com\/noticias\/#\/schema\/logo\/image\/"},"sameAs":["https:\/\/www.facebook.com\/CubaLlama","https:\/\/x.com\/cuballama","https:\/\/www.instagram.com\/stories\/cuballama_oficial\/","https:\/\/www.youtube.com\/channel\/UCKkFE-d_axENGZcrc4as0IA"]},{"@type":"Person","@id":"https:\/\/www.cuballama.com\/noticias\/#\/schema\/person\/0f97914526a658755f00e59ec2a832f2","name":"Rafa","url":"https:\/\/www.cuballama.com\/noticias\/author\/rafa\/"}]}},"_links":{"self":[{"href":"https:\/\/www.cuballama.com\/noticias\/wp-json\/wp\/v2\/posts\/228939","targetHints":{"allow":["GET"]}}],"collection":[{"href":"https:\/\/www.cuballama.com\/noticias\/wp-json\/wp\/v2\/posts"}],"about":[{"href":"https:\/\/www.cuballama.com\/noticias\/wp-json\/wp\/v2\/types\/post"}],"author":[{"embeddable":true,"href":"https:\/\/www.cuballama.com\/noticias\/wp-json\/wp\/v2\/users\/27"}],"replies":[{"embeddable":true,"href":"https:\/\/www.cuballama.com\/noticias\/wp-json\/wp\/v2\/comments?post=228939"}],"version-history":[{"count":1,"href":"https:\/\/www.cuballama.com\/noticias\/wp-json\/wp\/v2\/posts\/228939\/revisions"}],"predecessor-version":[{"id":228971,"href":"https:\/\/www.cuballama.com\/noticias\/wp-json\/wp\/v2\/posts\/228939\/revisions\/228971"}],"wp:featuredmedia":[{"embeddable":true,"href":"https:\/\/www.cuballama.com\/noticias\/wp-json\/wp\/v2\/media\/228970"}],"wp:attachment":[{"href":"https:\/\/www.cuballama.com\/noticias\/wp-json\/wp\/v2\/media?parent=228939"}],"wp:term":[{"taxonomy":"category","embeddable":true,"href":"https:\/\/www.cuballama.com\/noticias\/wp-json\/wp\/v2\/categories?post=228939"},{"taxonomy":"post_tag","embeddable":true,"href":"https:\/\/www.cuballama.com\/noticias\/wp-json\/wp\/v2\/tags?post=228939"}],"curies":[{"name":"wp","href":"https:\/\/api.w.org\/{rel}","templated":true}]}}