{"id":228745,"date":"2025-12-15T09:45:30","date_gmt":"2025-12-15T14:45:30","guid":{"rendered":"https:\/\/www.cuballama.com\/noticias\/?p=228745"},"modified":"2025-12-15T09:47:49","modified_gmt":"2025-12-15T14:47:49","slug":"es-cierto-que-ice-suspendera-redadas-masivas-contra-inmigrantes","status":"publish","type":"post","link":"https:\/\/www.cuballama.com\/noticias\/es-cierto-que-ice-suspendera-redadas-masivas-contra-inmigrantes\/","title":{"rendered":"\u00bfEs cierto que ICE suspender\u00e1 redadas masivas contra inmigrantes?"},"content":{"rendered":"\n<p>La administraci\u00f3n de Donald Trump no demor\u00f3 en desmentir este domingo un reporte de <a href=\"https:\/\/www.foxnews.com\/politics\/dhs-focus-arresting-illegal-immigrants-serious-offenses-amid-negative-polling-ice-raids-report\" target=\"_blank\" rel=\"noreferrer noopener nofollow\">Fox News<\/a> que revel\u00f3 que el Departamento de Seguridad Nacional de Estados Unidos (DHS) ajustar\u00eda sus operativos migratorios para priorizar la detenci\u00f3n de inmigrantes indocumentados que hayan cometido delitos graves y dejar\u00eda en segundo plano las redadas masivas indiscriminadas.<\/p>\n\n\n\n<p>Seg\u00fan afirm\u00f3 Tricia McLaughlin, secretaria asistente del DHS, \u201cno es cierto\u201d que \u201clas fuerzas del orden del DHS\u201d vayan a cambiar su estrategia.&nbsp;<\/p>\n\n\n\n<p>De acuerdo con la funcionaria, el <a href=\"https:\/\/www.cuballama.com\/noticias\/viajar-en-avion-ya-no-seria-seguro-para-migrantes-irregulares-en-ee-uu\/\" target=\"_blank\" rel=\"noreferrer noopener\">Servicio de Inmigraci\u00f3n y Control de Aduanas<\/a> (ICE) y la Oficina de Aduanas y Protecci\u00f3n Fronteriza (CBP) \u201csiguen intensificando sus esfuerzos de control\u201d.\u00a0<\/p>\n\n\n\n<blockquote class=\"twitter-tweet\"><p lang=\"en\" dir=\"ltr\">Again, this isn\u2019t true. DHS law enforcement <a href=\"https:\/\/twitter.com\/ICEgov?ref_src=twsrc%5Etfw\">@ICEgov<\/a> <a href=\"https:\/\/twitter.com\/CBP?ref_src=twsrc%5Etfw\">@CBP<\/a> continue to ramp up enforcement efforts. <br><br>If there were operational changes you would hear it directly from the horse\u2019s mouth <a href=\"https:\/\/twitter.com\/DHSgov?ref_src=twsrc%5Etfw\">@DHSgov<\/a>. <a href=\"https:\/\/t.co\/EYk26AQtBV\">https:\/\/t.co\/EYk26AQtBV<\/a><\/p>&mdash; Tricia McLaughlin (@TriciaOhio) <a href=\"https:\/\/twitter.com\/TriciaOhio\/status\/2000389142795145267?ref_src=twsrc%5Etfw\">December 15, 2025<\/a><\/blockquote> <script async src=\"https:\/\/platform.twitter.com\/widgets.js\" charset=\"utf-8\"><\/script>\n\n\n\n<p>\u201cSi hubiera cambios operativos, lo sabr\u00edan directamente de la fuente oficial @DHSgov\u201d, recalc\u00f3 McLaughlin despu\u00e9s de que reportes de NewsNation indicaran que los equipos bajo el mando del comandante de la Patrulla Fronteriza, Gregory Bovino, se enfocar\u00edan en objetivos espec\u00edficos, como personas con condenas por cr\u00edmenes graves.<\/p>\n\n\n\n<p>Seg\u00fan Fox News, los inmigrantes indocumentados han sido objeto de persecuci\u00f3n por caracter\u00edsticas como etnia, acento, idioma o ubicaci\u00f3n, si se encuentran, por ejemplo, en un Home Depot o un lavadero de autos.<\/p>\n\n\n\n<blockquote class=\"twitter-tweet\"><p lang=\"en\" dir=\"ltr\">DHS to focus on arresting illegal immigrants with serious offenses amid negative polling on ICE raids: report <a href=\"https:\/\/t.co\/2KaCCyhzCG\">https:\/\/t.co\/2KaCCyhzCG<\/a><\/p>&mdash; Fox News (@FoxNews) <a href=\"https:\/\/twitter.com\/FoxNews\/status\/1999781376665469063?ref_src=twsrc%5Etfw\">December 13, 2025<\/a><\/blockquote> <script async src=\"https:\/\/platform.twitter.com\/widgets.js\" charset=\"utf-8\"><\/script>\n\n\n\n<p>El citado medio asegur\u00f3 que \u201clos agentes seguir\u00e1n realizando controles de tr\u00e1nsito, pero es poco probable que la Patrulla Fronteriza siga deteniendo a personas en las calles\u201d.<\/p>\n\n\n\n<p>El supuesto cambio en la aplicaci\u00f3n de la ley migratoria, que ha sido negado por el DHS, se habr\u00eda dado en un momento en que el apoyo a las pol\u00edticas de deportaci\u00f3n masiva del presidente Donald Trump se ha desplomado en las encuestas.<\/p>\n\n\n\n<p>\u201cDesde el D\u00eda 1, he dicho que el DHS debe enfocar sus recursos en criminales violentos y delincuentes. Este es el paso correcto y agradezco al presidente Trump y a su Administraci\u00f3n por esta importante rectificaci\u00f3n de rumbo\u201d, public\u00f3 el senador republicano Carlos Gim\u00e9nez en su cuenta de X el s\u00e1bado.<\/p>\n\n\n\n<blockquote class=\"twitter-tweet\"><p lang=\"en\" dir=\"ltr\">If you threaten our nation or break the law, there is no place &#8211; land or sea where we won\u2019t find you.<br><br>This week, DHS continues to break deportation records, bring safety back to our streets, and the truth back to the public square.<a href=\"https:\/\/twitter.com\/MicahBock?ref_src=twsrc%5Etfw\">@MicahBock<\/a> <a href=\"https:\/\/t.co\/yutfnt4URw\">pic.twitter.com\/yutfnt4URw<\/a><\/p>&mdash; Homeland Security (@DHSgov) <a href=\"https:\/\/twitter.com\/DHSgov\/status\/2000329448500138421?ref_src=twsrc%5Etfw\">December 14, 2025<\/a><\/blockquote> <script async src=\"https:\/\/platform.twitter.com\/widgets.js\" charset=\"utf-8\"><\/script>\n\n\n\n<p>Tambi\u00e9n este domingo el DHS envi\u00f3 un claro mensaje: \u201cSi amenazan a nuestra naci\u00f3n o infringen la ley, no habr\u00e1 lugar, ni por tierra ni por mar, donde no los encontremos\u201d.<\/p>\n\n\n\n<p>\u201cEsta semana, el DHS contin\u00faa batiendo r\u00e9cords de deportaci\u00f3n, devolviendo la seguridad a nuestras calles y la verdad a la esfera p\u00fablica\u201d, apunt\u00f3 la agencia en un comunicado en el que detall\u00f3 que en lo que va de a\u00f1o han salido del pa\u00eds millones de inmigrantes: unos 600.000 deportados por ICE y casi dos millones autodeportados.<\/p>\n\n\n\n<p>El DHS apunt\u00f3 asimismo que la actual Administraci\u00f3n ha cumplido siete meses sin que ning\u00fan inmigrante haya entrado de manera irregular a trav\u00e9s de la frontera sur y que la mayor\u00eda de los arrestos se han hecho en el interior \u201cprofundo\u201d del pa\u00eds.<\/p>\n\n\n\n<p><\/p>\n","protected":false},"excerpt":{"rendered":"<p>La administraci\u00f3n de Donald Trump no demor\u00f3 en referirse al respecto.<\/p>\n","protected":false},"author":30,"featured_media":227172,"comment_status":"open","ping_status":"closed","sticky":false,"template":"","format":"standard","meta":{"_acf_changed":false,"footnotes":""},"categories":[18,953],"tags":[5404,941,4824,2978,24541],"class_list":{"0":"post-228745","1":"post","2":"type-post","3":"status-publish","4":"format-standard","5":"has-post-thumbnail","7":"category-noticias","8":"category-usa","9":"tag-administracion-trump","10":"tag-destacado","11":"tag-detenciones","12":"tag-ice","13":"tag-redadas-migratorias"},"acf":[],"yoast_head":"<!-- This site is optimized with the Yoast SEO plugin v27.5 - https:\/\/yoast.com\/product\/yoast-seo-wordpress\/ -->\n<title>\u00bfEs cierto que ICE suspender\u00e1 redadas masivas contra inmigrantes? - Cuballama Noticias<\/title>\n<meta name=\"description\" content=\"La administraci\u00f3n de Donald Trump se pronunci\u00f3 sobre un reporte que asegur\u00f3 que ICE reducir\u00eda rededas masivas.\" \/>\n<meta name=\"robots\" content=\"index, follow, max-snippet:-1, max-image-preview:large, max-video-preview:-1\" \/>\n<link rel=\"canonical\" href=\"https:\/\/www.cuballama.com\/noticias\/es-cierto-que-ice-suspendera-redadas-masivas-contra-inmigrantes\/\" \/>\n<meta property=\"og:locale\" content=\"es_ES\" \/>\n<meta property=\"og:type\" content=\"article\" \/>\n<meta property=\"og:title\" content=\"\u00bfEs cierto que ICE suspender\u00e1 redadas masivas contra inmigrantes? - Cuballama Noticias\" \/>\n<meta property=\"og:description\" content=\"La administraci\u00f3n de Donald Trump se pronunci\u00f3 sobre un reporte que asegur\u00f3 que ICE reducir\u00eda rededas masivas.\" \/>\n<meta property=\"og:url\" content=\"https:\/\/www.cuballama.com\/noticias\/es-cierto-que-ice-suspendera-redadas-masivas-contra-inmigrantes\/\" \/>\n<meta property=\"og:site_name\" content=\"Cuballama Noticias\" \/>\n<meta property=\"article:publisher\" content=\"https:\/\/www.facebook.com\/CubaLlama\" \/>\n<meta property=\"article:published_time\" content=\"2025-12-15T14:45:30+00:00\" \/>\n<meta property=\"article:modified_time\" content=\"2025-12-15T14:47:49+00:00\" \/>\n<meta property=\"og:image\" content=\"https:\/\/cdn1.mediawpaccore.net\/wp-content\/uploads\/2025\/11\/27105756\/G6osmtjWYAAoQxj1.jpg\" \/>\n\t<meta property=\"og:image:width\" content=\"1200\" \/>\n\t<meta property=\"og:image:height\" content=\"630\" \/>\n\t<meta property=\"og:image:type\" content=\"image\/jpeg\" \/>\n<meta name=\"author\" content=\"Kathy\" \/>\n<meta name=\"twitter:card\" content=\"summary_large_image\" \/>\n<meta name=\"twitter:creator\" content=\"@cuballama\" \/>\n<meta name=\"twitter:site\" content=\"@cuballama\" \/>\n<meta name=\"twitter:label1\" content=\"Escrito por\" \/>\n\t<meta name=\"twitter:data1\" content=\"Kathy\" \/>\n\t<meta name=\"twitter:label2\" content=\"Tiempo de lectura\" \/>\n\t<meta name=\"twitter:data2\" content=\"3 minutos\" \/>\n<script type=\"application\/ld+json\" class=\"yoast-schema-graph\">{\"@context\":\"https:\\\/\\\/schema.org\",\"@graph\":[{\"@type\":\"Article\",\"@id\":\"https:\\\/\\\/www.cuballama.com\\\/noticias\\\/es-cierto-que-ice-suspendera-redadas-masivas-contra-inmigrantes\\\/#article\",\"isPartOf\":{\"@id\":\"https:\\\/\\\/www.cuballama.com\\\/noticias\\\/es-cierto-que-ice-suspendera-redadas-masivas-contra-inmigrantes\\\/\"},\"author\":{\"name\":\"Kathy\",\"@id\":\"https:\\\/\\\/www.cuballama.com\\\/noticias\\\/#\\\/schema\\\/person\\\/86cd3e3f4974437f031211213bf892d5\"},\"headline\":\"\u00bfEs cierto que ICE suspender\u00e1 redadas masivas contra inmigrantes?\",\"datePublished\":\"2025-12-15T14:45:30+00:00\",\"dateModified\":\"2025-12-15T14:47:49+00:00\",\"mainEntityOfPage\":{\"@id\":\"https:\\\/\\\/www.cuballama.com\\\/noticias\\\/es-cierto-que-ice-suspendera-redadas-masivas-contra-inmigrantes\\\/\"},\"wordCount\":608,\"commentCount\":0,\"publisher\":{\"@id\":\"https:\\\/\\\/www.cuballama.com\\\/noticias\\\/#organization\"},\"image\":{\"@id\":\"https:\\\/\\\/www.cuballama.com\\\/noticias\\\/es-cierto-que-ice-suspendera-redadas-masivas-contra-inmigrantes\\\/#primaryimage\"},\"thumbnailUrl\":\"https:\\\/\\\/cdn1.mediawpaccore.net\\\/wp-content\\\/uploads\\\/2025\\\/11\\\/27105756\\\/G6osmtjWYAAoQxj1.jpg\",\"keywords\":[\"administraci\u00f3n Trump\",\"destacado\",\"Detenciones\",\"ICE\",\"redadas migratorias\"],\"articleSection\":[\"Noticias\",\"USA\"],\"inLanguage\":\"es\",\"potentialAction\":[{\"@type\":\"CommentAction\",\"name\":\"Comment\",\"target\":[\"https:\\\/\\\/www.cuballama.com\\\/noticias\\\/es-cierto-que-ice-suspendera-redadas-masivas-contra-inmigrantes\\\/#respond\"]}]},{\"@type\":\"WebPage\",\"@id\":\"https:\\\/\\\/www.cuballama.com\\\/noticias\\\/es-cierto-que-ice-suspendera-redadas-masivas-contra-inmigrantes\\\/\",\"url\":\"https:\\\/\\\/www.cuballama.com\\\/noticias\\\/es-cierto-que-ice-suspendera-redadas-masivas-contra-inmigrantes\\\/\",\"name\":\"\u00bfEs cierto que ICE suspender\u00e1 redadas masivas contra inmigrantes? - Cuballama Noticias\",\"isPartOf\":{\"@id\":\"https:\\\/\\\/www.cuballama.com\\\/noticias\\\/#website\"},\"primaryImageOfPage\":{\"@id\":\"https:\\\/\\\/www.cuballama.com\\\/noticias\\\/es-cierto-que-ice-suspendera-redadas-masivas-contra-inmigrantes\\\/#primaryimage\"},\"image\":{\"@id\":\"https:\\\/\\\/www.cuballama.com\\\/noticias\\\/es-cierto-que-ice-suspendera-redadas-masivas-contra-inmigrantes\\\/#primaryimage\"},\"thumbnailUrl\":\"https:\\\/\\\/cdn1.mediawpaccore.net\\\/wp-content\\\/uploads\\\/2025\\\/11\\\/27105756\\\/G6osmtjWYAAoQxj1.jpg\",\"datePublished\":\"2025-12-15T14:45:30+00:00\",\"dateModified\":\"2025-12-15T14:47:49+00:00\",\"description\":\"La administraci\u00f3n de Donald Trump se pronunci\u00f3 sobre un reporte que asegur\u00f3 que ICE reducir\u00eda rededas masivas.\",\"breadcrumb\":{\"@id\":\"https:\\\/\\\/www.cuballama.com\\\/noticias\\\/es-cierto-que-ice-suspendera-redadas-masivas-contra-inmigrantes\\\/#breadcrumb\"},\"inLanguage\":\"es\",\"potentialAction\":[{\"@type\":\"ReadAction\",\"target\":[\"https:\\\/\\\/www.cuballama.com\\\/noticias\\\/es-cierto-que-ice-suspendera-redadas-masivas-contra-inmigrantes\\\/\"]}]},{\"@type\":\"ImageObject\",\"inLanguage\":\"es\",\"@id\":\"https:\\\/\\\/www.cuballama.com\\\/noticias\\\/es-cierto-que-ice-suspendera-redadas-masivas-contra-inmigrantes\\\/#primaryimage\",\"url\":\"https:\\\/\\\/cdn1.mediawpaccore.net\\\/wp-content\\\/uploads\\\/2025\\\/11\\\/27105756\\\/G6osmtjWYAAoQxj1.jpg\",\"contentUrl\":\"https:\\\/\\\/cdn1.mediawpaccore.net\\\/wp-content\\\/uploads\\\/2025\\\/11\\\/27105756\\\/G6osmtjWYAAoQxj1.jpg\",\"width\":1200,\"height\":630,\"caption\":\"Oficial de ICE en Los \u00c1ngeles. Foto de referencia: X\\\/ICE.\"},{\"@type\":\"BreadcrumbList\",\"@id\":\"https:\\\/\\\/www.cuballama.com\\\/noticias\\\/es-cierto-que-ice-suspendera-redadas-masivas-contra-inmigrantes\\\/#breadcrumb\",\"itemListElement\":[{\"@type\":\"ListItem\",\"position\":1,\"name\":\"Home\",\"item\":\"https:\\\/\\\/www.cuballama.com\\\/noticias\\\/\"},{\"@type\":\"ListItem\",\"position\":2,\"name\":\"\u00bfEs cierto que ICE suspender\u00e1 redadas masivas contra inmigrantes?\"}]},{\"@type\":\"WebSite\",\"@id\":\"https:\\\/\\\/www.cuballama.com\\\/noticias\\\/#website\",\"url\":\"https:\\\/\\\/www.cuballama.com\\\/noticias\\\/\",\"name\":\"Cuballama Noticias\",\"description\":\"Medio digital sobre Cuba y el mundo\",\"publisher\":{\"@id\":\"https:\\\/\\\/www.cuballama.com\\\/noticias\\\/#organization\"},\"potentialAction\":[{\"@type\":\"SearchAction\",\"target\":{\"@type\":\"EntryPoint\",\"urlTemplate\":\"https:\\\/\\\/www.cuballama.com\\\/noticias\\\/?s={search_term_string}\"},\"query-input\":{\"@type\":\"PropertyValueSpecification\",\"valueRequired\":true,\"valueName\":\"search_term_string\"}}],\"inLanguage\":\"es\"},{\"@type\":\"Organization\",\"@id\":\"https:\\\/\\\/www.cuballama.com\\\/noticias\\\/#organization\",\"name\":\"Cuballama\",\"url\":\"https:\\\/\\\/www.cuballama.com\\\/noticias\\\/\",\"logo\":{\"@type\":\"ImageObject\",\"inLanguage\":\"es\",\"@id\":\"https:\\\/\\\/www.cuballama.com\\\/noticias\\\/#\\\/schema\\\/logo\\\/image\\\/\",\"url\":\"https:\\\/\\\/cdn1.mediawpaccore.net\\\/wp-content\\\/uploads\\\/2021\\\/12\\\/28171206\\\/cbll-logo-color-sm.png\",\"contentUrl\":\"https:\\\/\\\/cdn1.mediawpaccore.net\\\/wp-content\\\/uploads\\\/2021\\\/12\\\/28171206\\\/cbll-logo-color-sm.png\",\"width\":600,\"height\":133,\"caption\":\"Cuballama\"},\"image\":{\"@id\":\"https:\\\/\\\/www.cuballama.com\\\/noticias\\\/#\\\/schema\\\/logo\\\/image\\\/\"},\"sameAs\":[\"https:\\\/\\\/www.facebook.com\\\/CubaLlama\",\"https:\\\/\\\/x.com\\\/cuballama\",\"https:\\\/\\\/www.instagram.com\\\/stories\\\/cuballama_oficial\\\/\",\"https:\\\/\\\/www.youtube.com\\\/channel\\\/UCKkFE-d_axENGZcrc4as0IA\"]},{\"@type\":\"Person\",\"@id\":\"https:\\\/\\\/www.cuballama.com\\\/noticias\\\/#\\\/schema\\\/person\\\/86cd3e3f4974437f031211213bf892d5\",\"name\":\"Kathy\",\"url\":\"https:\\\/\\\/www.cuballama.com\\\/noticias\\\/author\\\/kathy\\\/\"}]}<\/script>\n<!-- \/ Yoast SEO plugin. -->","yoast_head_json":{"title":"\u00bfEs cierto que ICE suspender\u00e1 redadas masivas contra inmigrantes? - Cuballama Noticias","description":"La administraci\u00f3n de Donald Trump se pronunci\u00f3 sobre un reporte que asegur\u00f3 que ICE reducir\u00eda rededas masivas.","robots":{"index":"index","follow":"follow","max-snippet":"max-snippet:-1","max-image-preview":"max-image-preview:large","max-video-preview":"max-video-preview:-1"},"canonical":"https:\/\/www.cuballama.com\/noticias\/es-cierto-que-ice-suspendera-redadas-masivas-contra-inmigrantes\/","og_locale":"es_ES","og_type":"article","og_title":"\u00bfEs cierto que ICE suspender\u00e1 redadas masivas contra inmigrantes? - Cuballama Noticias","og_description":"La administraci\u00f3n de Donald Trump se pronunci\u00f3 sobre un reporte que asegur\u00f3 que ICE reducir\u00eda rededas masivas.","og_url":"https:\/\/www.cuballama.com\/noticias\/es-cierto-que-ice-suspendera-redadas-masivas-contra-inmigrantes\/","og_site_name":"Cuballama Noticias","article_publisher":"https:\/\/www.facebook.com\/CubaLlama","article_published_time":"2025-12-15T14:45:30+00:00","article_modified_time":"2025-12-15T14:47:49+00:00","og_image":[{"width":1200,"height":630,"url":"https:\/\/cdn1.mediawpaccore.net\/wp-content\/uploads\/2025\/11\/27105756\/G6osmtjWYAAoQxj1.jpg","type":"image\/jpeg"}],"author":"Kathy","twitter_card":"summary_large_image","twitter_creator":"@cuballama","twitter_site":"@cuballama","twitter_misc":{"Escrito por":"Kathy","Tiempo de lectura":"3 minutos"},"schema":{"@context":"https:\/\/schema.org","@graph":[{"@type":"Article","@id":"https:\/\/www.cuballama.com\/noticias\/es-cierto-que-ice-suspendera-redadas-masivas-contra-inmigrantes\/#article","isPartOf":{"@id":"https:\/\/www.cuballama.com\/noticias\/es-cierto-que-ice-suspendera-redadas-masivas-contra-inmigrantes\/"},"author":{"name":"Kathy","@id":"https:\/\/www.cuballama.com\/noticias\/#\/schema\/person\/86cd3e3f4974437f031211213bf892d5"},"headline":"\u00bfEs cierto que ICE suspender\u00e1 redadas masivas contra inmigrantes?","datePublished":"2025-12-15T14:45:30+00:00","dateModified":"2025-12-15T14:47:49+00:00","mainEntityOfPage":{"@id":"https:\/\/www.cuballama.com\/noticias\/es-cierto-que-ice-suspendera-redadas-masivas-contra-inmigrantes\/"},"wordCount":608,"commentCount":0,"publisher":{"@id":"https:\/\/www.cuballama.com\/noticias\/#organization"},"image":{"@id":"https:\/\/www.cuballama.com\/noticias\/es-cierto-que-ice-suspendera-redadas-masivas-contra-inmigrantes\/#primaryimage"},"thumbnailUrl":"https:\/\/cdn1.mediawpaccore.net\/wp-content\/uploads\/2025\/11\/27105756\/G6osmtjWYAAoQxj1.jpg","keywords":["administraci\u00f3n Trump","destacado","Detenciones","ICE","redadas migratorias"],"articleSection":["Noticias","USA"],"inLanguage":"es","potentialAction":[{"@type":"CommentAction","name":"Comment","target":["https:\/\/www.cuballama.com\/noticias\/es-cierto-que-ice-suspendera-redadas-masivas-contra-inmigrantes\/#respond"]}]},{"@type":"WebPage","@id":"https:\/\/www.cuballama.com\/noticias\/es-cierto-que-ice-suspendera-redadas-masivas-contra-inmigrantes\/","url":"https:\/\/www.cuballama.com\/noticias\/es-cierto-que-ice-suspendera-redadas-masivas-contra-inmigrantes\/","name":"\u00bfEs cierto que ICE suspender\u00e1 redadas masivas contra inmigrantes? - Cuballama Noticias","isPartOf":{"@id":"https:\/\/www.cuballama.com\/noticias\/#website"},"primaryImageOfPage":{"@id":"https:\/\/www.cuballama.com\/noticias\/es-cierto-que-ice-suspendera-redadas-masivas-contra-inmigrantes\/#primaryimage"},"image":{"@id":"https:\/\/www.cuballama.com\/noticias\/es-cierto-que-ice-suspendera-redadas-masivas-contra-inmigrantes\/#primaryimage"},"thumbnailUrl":"https:\/\/cdn1.mediawpaccore.net\/wp-content\/uploads\/2025\/11\/27105756\/G6osmtjWYAAoQxj1.jpg","datePublished":"2025-12-15T14:45:30+00:00","dateModified":"2025-12-15T14:47:49+00:00","description":"La administraci\u00f3n de Donald Trump se pronunci\u00f3 sobre un reporte que asegur\u00f3 que ICE reducir\u00eda rededas masivas.","breadcrumb":{"@id":"https:\/\/www.cuballama.com\/noticias\/es-cierto-que-ice-suspendera-redadas-masivas-contra-inmigrantes\/#breadcrumb"},"inLanguage":"es","potentialAction":[{"@type":"ReadAction","target":["https:\/\/www.cuballama.com\/noticias\/es-cierto-que-ice-suspendera-redadas-masivas-contra-inmigrantes\/"]}]},{"@type":"ImageObject","inLanguage":"es","@id":"https:\/\/www.cuballama.com\/noticias\/es-cierto-que-ice-suspendera-redadas-masivas-contra-inmigrantes\/#primaryimage","url":"https:\/\/cdn1.mediawpaccore.net\/wp-content\/uploads\/2025\/11\/27105756\/G6osmtjWYAAoQxj1.jpg","contentUrl":"https:\/\/cdn1.mediawpaccore.net\/wp-content\/uploads\/2025\/11\/27105756\/G6osmtjWYAAoQxj1.jpg","width":1200,"height":630,"caption":"Oficial de ICE en Los \u00c1ngeles. Foto de referencia: X\/ICE."},{"@type":"BreadcrumbList","@id":"https:\/\/www.cuballama.com\/noticias\/es-cierto-que-ice-suspendera-redadas-masivas-contra-inmigrantes\/#breadcrumb","itemListElement":[{"@type":"ListItem","position":1,"name":"Home","item":"https:\/\/www.cuballama.com\/noticias\/"},{"@type":"ListItem","position":2,"name":"\u00bfEs cierto que ICE suspender\u00e1 redadas masivas contra inmigrantes?"}]},{"@type":"WebSite","@id":"https:\/\/www.cuballama.com\/noticias\/#website","url":"https:\/\/www.cuballama.com\/noticias\/","name":"Cuballama Noticias","description":"Medio digital sobre Cuba y el mundo","publisher":{"@id":"https:\/\/www.cuballama.com\/noticias\/#organization"},"potentialAction":[{"@type":"SearchAction","target":{"@type":"EntryPoint","urlTemplate":"https:\/\/www.cuballama.com\/noticias\/?s={search_term_string}"},"query-input":{"@type":"PropertyValueSpecification","valueRequired":true,"valueName":"search_term_string"}}],"inLanguage":"es"},{"@type":"Organization","@id":"https:\/\/www.cuballama.com\/noticias\/#organization","name":"Cuballama","url":"https:\/\/www.cuballama.com\/noticias\/","logo":{"@type":"ImageObject","inLanguage":"es","@id":"https:\/\/www.cuballama.com\/noticias\/#\/schema\/logo\/image\/","url":"https:\/\/cdn1.mediawpaccore.net\/wp-content\/uploads\/2021\/12\/28171206\/cbll-logo-color-sm.png","contentUrl":"https:\/\/cdn1.mediawpaccore.net\/wp-content\/uploads\/2021\/12\/28171206\/cbll-logo-color-sm.png","width":600,"height":133,"caption":"Cuballama"},"image":{"@id":"https:\/\/www.cuballama.com\/noticias\/#\/schema\/logo\/image\/"},"sameAs":["https:\/\/www.facebook.com\/CubaLlama","https:\/\/x.com\/cuballama","https:\/\/www.instagram.com\/stories\/cuballama_oficial\/","https:\/\/www.youtube.com\/channel\/UCKkFE-d_axENGZcrc4as0IA"]},{"@type":"Person","@id":"https:\/\/www.cuballama.com\/noticias\/#\/schema\/person\/86cd3e3f4974437f031211213bf892d5","name":"Kathy","url":"https:\/\/www.cuballama.com\/noticias\/author\/kathy\/"}]}},"_links":{"self":[{"href":"https:\/\/www.cuballama.com\/noticias\/wp-json\/wp\/v2\/posts\/228745","targetHints":{"allow":["GET"]}}],"collection":[{"href":"https:\/\/www.cuballama.com\/noticias\/wp-json\/wp\/v2\/posts"}],"about":[{"href":"https:\/\/www.cuballama.com\/noticias\/wp-json\/wp\/v2\/types\/post"}],"author":[{"embeddable":true,"href":"https:\/\/www.cuballama.com\/noticias\/wp-json\/wp\/v2\/users\/30"}],"replies":[{"embeddable":true,"href":"https:\/\/www.cuballama.com\/noticias\/wp-json\/wp\/v2\/comments?post=228745"}],"version-history":[{"count":7,"href":"https:\/\/www.cuballama.com\/noticias\/wp-json\/wp\/v2\/posts\/228745\/revisions"}],"predecessor-version":[{"id":228752,"href":"https:\/\/www.cuballama.com\/noticias\/wp-json\/wp\/v2\/posts\/228745\/revisions\/228752"}],"wp:featuredmedia":[{"embeddable":true,"href":"https:\/\/www.cuballama.com\/noticias\/wp-json\/wp\/v2\/media\/227172"}],"wp:attachment":[{"href":"https:\/\/www.cuballama.com\/noticias\/wp-json\/wp\/v2\/media?parent=228745"}],"wp:term":[{"taxonomy":"category","embeddable":true,"href":"https:\/\/www.cuballama.com\/noticias\/wp-json\/wp\/v2\/categories?post=228745"},{"taxonomy":"post_tag","embeddable":true,"href":"https:\/\/www.cuballama.com\/noticias\/wp-json\/wp\/v2\/tags?post=228745"}],"curies":[{"name":"wp","href":"https:\/\/api.w.org\/{rel}","templated":true}]}}