{"id":228696,"date":"2025-12-15T14:18:15","date_gmt":"2025-12-15T19:18:15","guid":{"rendered":"https:\/\/www.cuballama.com\/noticias\/?p=228696"},"modified":"2025-12-15T14:18:19","modified_gmt":"2025-12-15T19:18:19","slug":"cadena-de-feminicidios-en-una-semana-expone-nuevamente-fallas-criticas-en-la-proteccion-de-las-mujeres-en-cuba","status":"publish","type":"post","link":"https:\/\/www.cuballama.com\/noticias\/cadena-de-feminicidios-en-una-semana-expone-nuevamente-fallas-criticas-en-la-proteccion-de-las-mujeres-en-cuba\/","title":{"rendered":"Cadena de feminicidios en una semana expone nuevamente fallas cr\u00edticas en la protecci\u00f3n de las mujeres en Cuba"},"content":{"rendered":"\n<p>El cierre de 2025 qued\u00f3 marcado en Cuba por una sucesi\u00f3n de feminicidios ocurridos en apenas unos d\u00edas. Cuatro mujeres, de edades y provincias distintas, fueron asesinadas entre finales de noviembre y la primera semana de diciembre, elevando a 45 el n\u00famero de cr\u00edmenes machistas registrados en el a\u00f1o por organizaciones independientes. M\u00e1s all\u00e1 del conteo, los casos recientes vuelven a colocar en primer plano una pregunta inc\u00f3moda: qu\u00e9 tan prevenibles eran estas muertes y qu\u00e9 fall\u00f3 antes de que ocurrieran.<\/p>\n\n\n\n<p>Las v\u00edctimas fueron Yinet Laba\u00f1ino Acosta, de 40 a\u00f1os; Rosa Idania Ferrer P\u00e9rez, de 46; Heidi Garc\u00eda Orosco, de 17; y Elianne Reyes G\u00f3mez, de 26. Los hechos fueron confirmados por el Observatorio de G\u00e9nero de la revista Alas Tensas y por la plataforma Yo S\u00ed Te Creo en Cuba, que desde hace a\u00f1os documentan feminicidios ante la ausencia de estad\u00edsticas oficiales completas y transparentes.<\/p>\n\n\n\n<p>Aunque cada historia tiene su propio contexto, los patrones se repiten. En todos los casos, el agresor era una persona cercana, generalmente la pareja o expareja. En todos, el crimen ocurri\u00f3 dentro del hogar. Y en varios, existen se\u00f1ales previas de violencia que no derivaron en una protecci\u00f3n efectiva para las v\u00edctimas.<\/p>\n\n\n\n<figure class=\"wp-block-embed is-type-rich is-provider-twitter wp-block-embed-twitter\"><div class=\"wp-block-embed__wrapper\">\n<blockquote class=\"twitter-tweet\" data-width=\"550\" data-dnt=\"true\"><p lang=\"es\" dir=\"ltr\">\ud83d\udda4Lamentamos 1\ufe0f\u20e3 nuevo feminicidio en Cuba, de la maestra Yinet Laba\u00f1ino Acosta, de 40 a\u00f1os, sucedido el pasado 8 de diciembre en su hogar en Cabac\u00fa, en el municipio de Baracoa, en Guant\u00e1namo.<br>El presunto agresor tambi\u00e9n asesin\u00f3 al esposo de Yinet, de 48 a\u00f1os, por asuntos\u2026 <a href=\"https:\/\/t.co\/WN5rhxapg9\">pic.twitter.com\/WN5rhxapg9<\/a><\/p>&mdash; Alas Tensas (@AlasTensas) <a href=\"https:\/\/twitter.com\/AlasTensas\/status\/1999230718686208057?ref_src=twsrc%5Etfw\">December 11, 2025<\/a><\/blockquote><script async src=\"https:\/\/platform.twitter.com\/widgets.js\" charset=\"utf-8\"><\/script>\n<\/div><\/figure>\n\n\n\n<p>El caso de Yinet Laba\u00f1ino Acosta, asesinada en su vivienda en la localidad de Cabac\u00fa, Baracoa, es especialmente revelador. Seg\u00fan informaci\u00f3n publicada por Mart\u00ed Noticias a partir de fuentes locales, el agresor se encontraba en libertad condicional al momento de cometer el crimen. <\/p>\n\n\n\n<p>En el mismo hecho fue asesinado tambi\u00e9n el compa\u00f1ero sentimental de Yinet. Este dato convierte el caso en uno de los pocos donde se menciona de manera expl\u00edcita una situaci\u00f3n penal previa del agresor, y abre interrogantes sobre los mecanismos de supervisi\u00f3n y evaluaci\u00f3n del riesgo cuando existen antecedentes y medidas de excarcelaci\u00f3n.<\/p>\n\n\n\n<p><strong>noticia relacionada: <a href=\"https:\/\/www.cuballama.com\/noticias\/se-reporta-que-otras-dos-cubanas-perdieron-la-vida-en-las-ultimas-horas\/\">Se reporta que otras dos cubanas perdieron la vida en las \u00faltimas horas<\/a><\/strong><\/p>\n\n\n\n<figure class=\"wp-block-embed is-type-rich is-provider-twitter wp-block-embed-twitter\"><div class=\"wp-block-embed__wrapper\">\n<blockquote class=\"twitter-tweet\" data-width=\"550\" data-dnt=\"true\"><p lang=\"es\" dir=\"ltr\">\ud83d\udda4 Feminicidio en Baracoa: asesinan a la maestra Yinet Laba\u00f1ino Acosta en una semana marcada por la violencia feminicida<br><br>La maestra Yinet Laba\u00f1ino Acosta, de 40 a\u00f1os, fue asesinada el 8 de diciembre en su vivienda en Cabac\u00fa, municipio Baracoa (Guant\u00e1namo). En el mismo hecho\u2026 <a href=\"https:\/\/t.co\/4dIyFCOAmn\">pic.twitter.com\/4dIyFCOAmn<\/a><\/p>&mdash; Alas Tensas (@AlasTensas) <a href=\"https:\/\/twitter.com\/AlasTensas\/status\/1999871251020386322?ref_src=twsrc%5Etfw\">December 13, 2025<\/a><\/blockquote><script async src=\"https:\/\/platform.twitter.com\/widgets.js\" charset=\"utf-8\"><\/script>\n<\/div><\/figure>\n\n\n\n<p>En Palmira, Cienfuegos, la enfermera <a href=\"https:\/\/www.cuballama.com\/noticias\/violencia-en-el-centro-sur-de-cuba-denuncias-de-maltrato-infantil-un-feminicidio-confirmado-y-un-asesinato-aun-sin-esclarecer\/\">Rosa Idania Ferrer P\u00e9rez <\/a>fue asesinada el 30 de noviembre por su pareja, Arisbel Su\u00e1rez, conocido como \u201cFelipillo\u201d. Familiares y personas cercanas declararon a Alas Tensas que el agresor ten\u00eda antecedentes de violencia dom\u00e9stica y comunitaria, un historial conocido en el entorno. Sin embargo, no existen registros p\u00fablicos que confirmen si esas conductas derivaron en denuncias formales previas, procesos judiciales o sanciones efectivas. La ausencia de esa informaci\u00f3n vuelve a mostrar un vac\u00edo recurrente: se sabe que hab\u00eda violencia, pero no se sabe qu\u00e9 hizo el sistema con ese conocimiento.<\/p>\n\n\n\n<p>El feminicidio de la adolescente <a href=\"https:\/\/www.cuballama.com\/noticias\/cubana-de-17-anos-muere-apunalada-por-su-novio-en-matanzas\/\">Heidi Garc\u00eda Orosco<\/a>, ocurrido el 5 de diciembre en Jovellanos, Matanzas, confirm\u00f3 otra tendencia alarmante. Ten\u00eda 17 a\u00f1os, regresaba de la escuela y a\u00fan llevaba puesto su uniforme cuando fue asesinada por su novio dentro de su casa. El agresor huy\u00f3 y horas despu\u00e9s fue entregado a la polic\u00eda por su propio padre. En este caso, no hay informaci\u00f3n p\u00fablica sobre antecedentes penales ni denuncias previas, pero el hecho de que se trate de una menor vuelve a subrayar la normalizaci\u00f3n de relaciones violentas desde edades tempranas y la falta de herramientas institucionales para detectarlas y frenarlas a tiempo.<\/p>\n\n\n\n<p><strong>Tal vez quieras leer: <a href=\"https:\/\/www.cuballama.com\/noticias\/identifican-a-asesino-de-cubana-de-17-anos-en-matanzas-se-hacia-el-buena-persona\/\">Identifican a asesino de cubana de 17 a\u00f1os en Matanzas: \u201cSe hac\u00eda el buena persona\u201d<\/a><\/strong><\/p>\n\n\n\n<p>Dos d\u00edas despu\u00e9s, en Madruga, Mayabeque, fue asesinada Elianne Reyes G\u00f3mez, una joven madre atacada por su pareja dentro de su vivienda. Su hija qued\u00f3 al cuidado de familiares. Al igual que en otros casos, no se han divulgado datos sobre denuncias anteriores o antecedentes del agresor, lo que no significa que no existieran, sino que no son accesibles p\u00fablicamente.<\/p>\n\n\n\n<p>Las organizaciones que documentan estos cr\u00edmenes insisten en que el problema no es solo la violencia individual, sino un entramado institucional que falla de forma sistem\u00e1tica. Cuba no cuenta con una ley integral contra la violencia de g\u00e9nero, no reconoce el feminicidio como delito aut\u00f3nomo y carece de refugios y protocolos p\u00fablicos accesibles para mujeres en riesgo. Tampoco existen estad\u00edsticas oficiales desagregadas que permitan evaluar cu\u00e1ntas v\u00edctimas hab\u00edan denunciado antes, cu\u00e1ntos agresores ten\u00edan antecedentes o cu\u00e1ntos cr\u00edmenes ocurrieron bajo reg\u00edmenes de libertad condicional.<\/p>\n\n\n\n<p>En ese contexto, cada feminicidio parece un hecho aislado solo en el discurso oficial. En la realidad, forman parte de una secuencia previsible donde las alertas no activan protecci\u00f3n y la violencia avanza hasta el punto de no retorno. Mientras esas fallas estructurales persistan, los nombres seguir\u00e1n sum\u00e1ndose a la lista, y la pregunta no ser\u00e1 cu\u00e1ntos casos se registran, sino cu\u00e1ntos pudieron evitarse.<\/p>\n\n\n\n<p><\/p>\n","protected":false},"excerpt":{"rendered":"<p>Cuatro feminicidios en pocos d\u00edas elevaron a 45 las muertes por violencia machista en Cuba en 2025. Los casos revelan patrones reiterados: agresores \u00edntimos, cr\u00edmenes en el hogar, antecedentes de violencia ignorados y una alarmante falta de informaci\u00f3n p\u00fablica sobre denuncias previas y controles institucionales.<\/p>\n","protected":false},"author":13,"featured_media":228697,"comment_status":"open","ping_status":"closed","sticky":false,"template":"","format":"standard","meta":{"_acf_changed":false,"footnotes":""},"categories":[18,955],"tags":[15530,23922,11,2864,7552,23901,11054,28551,421,28104],"class_list":{"0":"post-228696","1":"post","2":"type-post","3":"status-publish","4":"format-standard","5":"has-post-thumbnail","7":"category-noticias","8":"category-noticias-de-cuba","9":"tag-alas-tensas","10":"tag-crisis-social","11":"tag-cuba","12":"tag-derechos-humanos","13":"tag-feminicidios","14":"tag-impunidad","15":"tag-mujeres","16":"tag-sistema-judicial","17":"tag-violencia-de-genero","18":"tag-yo-si-te-creo-en-cuba"},"acf":[],"yoast_head":"<!-- This site is optimized with the Yoast SEO plugin v27.5 - https:\/\/yoast.com\/product\/yoast-seo-wordpress\/ -->\n<title>Cadena de feminicidios en una semana expone nuevamente fallas cr\u00edticas en la protecci\u00f3n de las mujeres en Cuba - Cuballama Noticias<\/title>\n<meta name=\"description\" content=\"Cuatro feminicidios en d\u00edas exponen fallas del sistema cubano para proteger a las mujeres frente a la violencia machista en Cuba.\" \/>\n<meta name=\"robots\" content=\"index, follow, max-snippet:-1, max-image-preview:large, max-video-preview:-1\" \/>\n<link rel=\"canonical\" href=\"https:\/\/www.cuballama.com\/noticias\/cadena-de-feminicidios-en-una-semana-expone-nuevamente-fallas-criticas-en-la-proteccion-de-las-mujeres-en-cuba\/\" \/>\n<meta property=\"og:locale\" content=\"es_ES\" \/>\n<meta property=\"og:type\" content=\"article\" \/>\n<meta property=\"og:title\" content=\"Cadena de feminicidios en una semana expone nuevamente fallas cr\u00edticas en la protecci\u00f3n de las mujeres en Cuba - Cuballama Noticias\" \/>\n<meta property=\"og:description\" content=\"Cuatro feminicidios en d\u00edas exponen fallas del sistema cubano para proteger a las mujeres frente a la violencia machista en Cuba.\" \/>\n<meta property=\"og:url\" content=\"https:\/\/www.cuballama.com\/noticias\/cadena-de-feminicidios-en-una-semana-expone-nuevamente-fallas-criticas-en-la-proteccion-de-las-mujeres-en-cuba\/\" \/>\n<meta property=\"og:site_name\" content=\"Cuballama Noticias\" \/>\n<meta property=\"article:publisher\" content=\"https:\/\/www.facebook.com\/CubaLlama\" \/>\n<meta property=\"article:published_time\" content=\"2025-12-15T19:18:15+00:00\" \/>\n<meta property=\"article:modified_time\" content=\"2025-12-15T19:18:19+00:00\" \/>\n<meta property=\"og:image\" content=\"https:\/\/cdn1.mediawpaccore.net\/wp-content\/uploads\/2025\/12\/15062529\/image-38.png\" \/>\n\t<meta property=\"og:image:width\" content=\"1972\" \/>\n\t<meta property=\"og:image:height\" content=\"1046\" \/>\n\t<meta property=\"og:image:type\" content=\"image\/png\" \/>\n<meta name=\"author\" content=\"Roberto A.\" \/>\n<meta name=\"twitter:card\" content=\"summary_large_image\" \/>\n<meta name=\"twitter:creator\" content=\"@cuballama\" \/>\n<meta name=\"twitter:site\" content=\"@cuballama\" \/>\n<meta name=\"twitter:label1\" content=\"Escrito por\" \/>\n\t<meta name=\"twitter:data1\" content=\"Roberto A.\" \/>\n\t<meta name=\"twitter:label2\" content=\"Tiempo de lectura\" \/>\n\t<meta name=\"twitter:data2\" content=\"4 minutos\" \/>\n<script type=\"application\/ld+json\" class=\"yoast-schema-graph\">{\"@context\":\"https:\\\/\\\/schema.org\",\"@graph\":[{\"@type\":\"Article\",\"@id\":\"https:\\\/\\\/www.cuballama.com\\\/noticias\\\/cadena-de-feminicidios-en-una-semana-expone-nuevamente-fallas-criticas-en-la-proteccion-de-las-mujeres-en-cuba\\\/#article\",\"isPartOf\":{\"@id\":\"https:\\\/\\\/www.cuballama.com\\\/noticias\\\/cadena-de-feminicidios-en-una-semana-expone-nuevamente-fallas-criticas-en-la-proteccion-de-las-mujeres-en-cuba\\\/\"},\"author\":{\"name\":\"Roberto A.\",\"@id\":\"https:\\\/\\\/www.cuballama.com\\\/noticias\\\/#\\\/schema\\\/person\\\/a58502ed4146c8e9f83872e897c76cd2\"},\"headline\":\"Cadena de feminicidios en una semana expone nuevamente fallas cr\u00edticas en la protecci\u00f3n de las mujeres en Cuba\",\"datePublished\":\"2025-12-15T19:18:15+00:00\",\"dateModified\":\"2025-12-15T19:18:19+00:00\",\"mainEntityOfPage\":{\"@id\":\"https:\\\/\\\/www.cuballama.com\\\/noticias\\\/cadena-de-feminicidios-en-una-semana-expone-nuevamente-fallas-criticas-en-la-proteccion-de-las-mujeres-en-cuba\\\/\"},\"wordCount\":825,\"commentCount\":0,\"publisher\":{\"@id\":\"https:\\\/\\\/www.cuballama.com\\\/noticias\\\/#organization\"},\"image\":{\"@id\":\"https:\\\/\\\/www.cuballama.com\\\/noticias\\\/cadena-de-feminicidios-en-una-semana-expone-nuevamente-fallas-criticas-en-la-proteccion-de-las-mujeres-en-cuba\\\/#primaryimage\"},\"thumbnailUrl\":\"https:\\\/\\\/cdn1.mediawpaccore.net\\\/wp-content\\\/uploads\\\/2025\\\/12\\\/15062529\\\/image-38.png\",\"keywords\":[\"Alas Tensas\",\"crisis social\",\"Cuba\",\"derechos humanos\",\"feminicidios\",\"Impunidad\",\"Mujeres\",\"sistema judicial\",\"Violencia de G\u00e9nero\",\"Yo S\u00ed Te Creo en Cuba\"],\"articleSection\":[\"Noticias\",\"Noticias de Cuba\"],\"inLanguage\":\"es\",\"potentialAction\":[{\"@type\":\"CommentAction\",\"name\":\"Comment\",\"target\":[\"https:\\\/\\\/www.cuballama.com\\\/noticias\\\/cadena-de-feminicidios-en-una-semana-expone-nuevamente-fallas-criticas-en-la-proteccion-de-las-mujeres-en-cuba\\\/#respond\"]}]},{\"@type\":\"WebPage\",\"@id\":\"https:\\\/\\\/www.cuballama.com\\\/noticias\\\/cadena-de-feminicidios-en-una-semana-expone-nuevamente-fallas-criticas-en-la-proteccion-de-las-mujeres-en-cuba\\\/\",\"url\":\"https:\\\/\\\/www.cuballama.com\\\/noticias\\\/cadena-de-feminicidios-en-una-semana-expone-nuevamente-fallas-criticas-en-la-proteccion-de-las-mujeres-en-cuba\\\/\",\"name\":\"Cadena de feminicidios en una semana expone nuevamente fallas cr\u00edticas en la protecci\u00f3n de las mujeres en Cuba - Cuballama Noticias\",\"isPartOf\":{\"@id\":\"https:\\\/\\\/www.cuballama.com\\\/noticias\\\/#website\"},\"primaryImageOfPage\":{\"@id\":\"https:\\\/\\\/www.cuballama.com\\\/noticias\\\/cadena-de-feminicidios-en-una-semana-expone-nuevamente-fallas-criticas-en-la-proteccion-de-las-mujeres-en-cuba\\\/#primaryimage\"},\"image\":{\"@id\":\"https:\\\/\\\/www.cuballama.com\\\/noticias\\\/cadena-de-feminicidios-en-una-semana-expone-nuevamente-fallas-criticas-en-la-proteccion-de-las-mujeres-en-cuba\\\/#primaryimage\"},\"thumbnailUrl\":\"https:\\\/\\\/cdn1.mediawpaccore.net\\\/wp-content\\\/uploads\\\/2025\\\/12\\\/15062529\\\/image-38.png\",\"datePublished\":\"2025-12-15T19:18:15+00:00\",\"dateModified\":\"2025-12-15T19:18:19+00:00\",\"description\":\"Cuatro feminicidios en d\u00edas exponen fallas del sistema cubano para proteger a las mujeres frente a la violencia machista en Cuba.\",\"breadcrumb\":{\"@id\":\"https:\\\/\\\/www.cuballama.com\\\/noticias\\\/cadena-de-feminicidios-en-una-semana-expone-nuevamente-fallas-criticas-en-la-proteccion-de-las-mujeres-en-cuba\\\/#breadcrumb\"},\"inLanguage\":\"es\",\"potentialAction\":[{\"@type\":\"ReadAction\",\"target\":[\"https:\\\/\\\/www.cuballama.com\\\/noticias\\\/cadena-de-feminicidios-en-una-semana-expone-nuevamente-fallas-criticas-en-la-proteccion-de-las-mujeres-en-cuba\\\/\"]}]},{\"@type\":\"ImageObject\",\"inLanguage\":\"es\",\"@id\":\"https:\\\/\\\/www.cuballama.com\\\/noticias\\\/cadena-de-feminicidios-en-una-semana-expone-nuevamente-fallas-criticas-en-la-proteccion-de-las-mujeres-en-cuba\\\/#primaryimage\",\"url\":\"https:\\\/\\\/cdn1.mediawpaccore.net\\\/wp-content\\\/uploads\\\/2025\\\/12\\\/15062529\\\/image-38.png\",\"contentUrl\":\"https:\\\/\\\/cdn1.mediawpaccore.net\\\/wp-content\\\/uploads\\\/2025\\\/12\\\/15062529\\\/image-38.png\",\"width\":1972,\"height\":1046,\"caption\":\"Las cuatro victimas de una semana feminicida en Cuba. Foto: Collage via Redes Sociales\"},{\"@type\":\"BreadcrumbList\",\"@id\":\"https:\\\/\\\/www.cuballama.com\\\/noticias\\\/cadena-de-feminicidios-en-una-semana-expone-nuevamente-fallas-criticas-en-la-proteccion-de-las-mujeres-en-cuba\\\/#breadcrumb\",\"itemListElement\":[{\"@type\":\"ListItem\",\"position\":1,\"name\":\"Home\",\"item\":\"https:\\\/\\\/www.cuballama.com\\\/noticias\\\/\"},{\"@type\":\"ListItem\",\"position\":2,\"name\":\"Cadena de feminicidios en una semana expone nuevamente fallas cr\u00edticas en la protecci\u00f3n de las mujeres en Cuba\"}]},{\"@type\":\"WebSite\",\"@id\":\"https:\\\/\\\/www.cuballama.com\\\/noticias\\\/#website\",\"url\":\"https:\\\/\\\/www.cuballama.com\\\/noticias\\\/\",\"name\":\"Cuballama Noticias\",\"description\":\"Medio digital sobre Cuba y el mundo\",\"publisher\":{\"@id\":\"https:\\\/\\\/www.cuballama.com\\\/noticias\\\/#organization\"},\"potentialAction\":[{\"@type\":\"SearchAction\",\"target\":{\"@type\":\"EntryPoint\",\"urlTemplate\":\"https:\\\/\\\/www.cuballama.com\\\/noticias\\\/?s={search_term_string}\"},\"query-input\":{\"@type\":\"PropertyValueSpecification\",\"valueRequired\":true,\"valueName\":\"search_term_string\"}}],\"inLanguage\":\"es\"},{\"@type\":\"Organization\",\"@id\":\"https:\\\/\\\/www.cuballama.com\\\/noticias\\\/#organization\",\"name\":\"Cuballama\",\"url\":\"https:\\\/\\\/www.cuballama.com\\\/noticias\\\/\",\"logo\":{\"@type\":\"ImageObject\",\"inLanguage\":\"es\",\"@id\":\"https:\\\/\\\/www.cuballama.com\\\/noticias\\\/#\\\/schema\\\/logo\\\/image\\\/\",\"url\":\"https:\\\/\\\/cdn1.mediawpaccore.net\\\/wp-content\\\/uploads\\\/2021\\\/12\\\/28171206\\\/cbll-logo-color-sm.png\",\"contentUrl\":\"https:\\\/\\\/cdn1.mediawpaccore.net\\\/wp-content\\\/uploads\\\/2021\\\/12\\\/28171206\\\/cbll-logo-color-sm.png\",\"width\":600,\"height\":133,\"caption\":\"Cuballama\"},\"image\":{\"@id\":\"https:\\\/\\\/www.cuballama.com\\\/noticias\\\/#\\\/schema\\\/logo\\\/image\\\/\"},\"sameAs\":[\"https:\\\/\\\/www.facebook.com\\\/CubaLlama\",\"https:\\\/\\\/x.com\\\/cuballama\",\"https:\\\/\\\/www.instagram.com\\\/stories\\\/cuballama_oficial\\\/\",\"https:\\\/\\\/www.youtube.com\\\/channel\\\/UCKkFE-d_axENGZcrc4as0IA\"]},{\"@type\":\"Person\",\"@id\":\"https:\\\/\\\/www.cuballama.com\\\/noticias\\\/#\\\/schema\\\/person\\\/a58502ed4146c8e9f83872e897c76cd2\",\"name\":\"Roberto A.\",\"description\":\"Roberto A. Periodista por decisi\u00f3n propia. Interesado en cualquier tema que me apasione y cada vez m\u00e1s comprometido con la verdad y la objetividad period\u00edstica. Graduado en La Habana hace ya muchos a\u00f1os, luego de una accidentada y polvorienta b\u00fasqueda de informaci\u00f3n sobre un tema in\u00e9dito. La Tesis, por cierto, desapareci\u00f3 de la biblioteca y no se conservan copias de la misma.\",\"url\":\"https:\\\/\\\/www.cuballama.com\\\/noticias\\\/author\\\/roberto\\\/\"}]}<\/script>\n<!-- \/ Yoast SEO plugin. -->","yoast_head_json":{"title":"Cadena de feminicidios en una semana expone nuevamente fallas cr\u00edticas en la protecci\u00f3n de las mujeres en Cuba - Cuballama Noticias","description":"Cuatro feminicidios en d\u00edas exponen fallas del sistema cubano para proteger a las mujeres frente a la violencia machista en Cuba.","robots":{"index":"index","follow":"follow","max-snippet":"max-snippet:-1","max-image-preview":"max-image-preview:large","max-video-preview":"max-video-preview:-1"},"canonical":"https:\/\/www.cuballama.com\/noticias\/cadena-de-feminicidios-en-una-semana-expone-nuevamente-fallas-criticas-en-la-proteccion-de-las-mujeres-en-cuba\/","og_locale":"es_ES","og_type":"article","og_title":"Cadena de feminicidios en una semana expone nuevamente fallas cr\u00edticas en la protecci\u00f3n de las mujeres en Cuba - Cuballama Noticias","og_description":"Cuatro feminicidios en d\u00edas exponen fallas del sistema cubano para proteger a las mujeres frente a la violencia machista en Cuba.","og_url":"https:\/\/www.cuballama.com\/noticias\/cadena-de-feminicidios-en-una-semana-expone-nuevamente-fallas-criticas-en-la-proteccion-de-las-mujeres-en-cuba\/","og_site_name":"Cuballama Noticias","article_publisher":"https:\/\/www.facebook.com\/CubaLlama","article_published_time":"2025-12-15T19:18:15+00:00","article_modified_time":"2025-12-15T19:18:19+00:00","og_image":[{"width":1972,"height":1046,"url":"https:\/\/cdn1.mediawpaccore.net\/wp-content\/uploads\/2025\/12\/15062529\/image-38.png","type":"image\/png"}],"author":"Roberto A.","twitter_card":"summary_large_image","twitter_creator":"@cuballama","twitter_site":"@cuballama","twitter_misc":{"Escrito por":"Roberto A.","Tiempo de lectura":"4 minutos"},"schema":{"@context":"https:\/\/schema.org","@graph":[{"@type":"Article","@id":"https:\/\/www.cuballama.com\/noticias\/cadena-de-feminicidios-en-una-semana-expone-nuevamente-fallas-criticas-en-la-proteccion-de-las-mujeres-en-cuba\/#article","isPartOf":{"@id":"https:\/\/www.cuballama.com\/noticias\/cadena-de-feminicidios-en-una-semana-expone-nuevamente-fallas-criticas-en-la-proteccion-de-las-mujeres-en-cuba\/"},"author":{"name":"Roberto A.","@id":"https:\/\/www.cuballama.com\/noticias\/#\/schema\/person\/a58502ed4146c8e9f83872e897c76cd2"},"headline":"Cadena de feminicidios en una semana expone nuevamente fallas cr\u00edticas en la protecci\u00f3n de las mujeres en Cuba","datePublished":"2025-12-15T19:18:15+00:00","dateModified":"2025-12-15T19:18:19+00:00","mainEntityOfPage":{"@id":"https:\/\/www.cuballama.com\/noticias\/cadena-de-feminicidios-en-una-semana-expone-nuevamente-fallas-criticas-en-la-proteccion-de-las-mujeres-en-cuba\/"},"wordCount":825,"commentCount":0,"publisher":{"@id":"https:\/\/www.cuballama.com\/noticias\/#organization"},"image":{"@id":"https:\/\/www.cuballama.com\/noticias\/cadena-de-feminicidios-en-una-semana-expone-nuevamente-fallas-criticas-en-la-proteccion-de-las-mujeres-en-cuba\/#primaryimage"},"thumbnailUrl":"https:\/\/cdn1.mediawpaccore.net\/wp-content\/uploads\/2025\/12\/15062529\/image-38.png","keywords":["Alas Tensas","crisis social","Cuba","derechos humanos","feminicidios","Impunidad","Mujeres","sistema judicial","Violencia de G\u00e9nero","Yo S\u00ed Te Creo en Cuba"],"articleSection":["Noticias","Noticias de Cuba"],"inLanguage":"es","potentialAction":[{"@type":"CommentAction","name":"Comment","target":["https:\/\/www.cuballama.com\/noticias\/cadena-de-feminicidios-en-una-semana-expone-nuevamente-fallas-criticas-en-la-proteccion-de-las-mujeres-en-cuba\/#respond"]}]},{"@type":"WebPage","@id":"https:\/\/www.cuballama.com\/noticias\/cadena-de-feminicidios-en-una-semana-expone-nuevamente-fallas-criticas-en-la-proteccion-de-las-mujeres-en-cuba\/","url":"https:\/\/www.cuballama.com\/noticias\/cadena-de-feminicidios-en-una-semana-expone-nuevamente-fallas-criticas-en-la-proteccion-de-las-mujeres-en-cuba\/","name":"Cadena de feminicidios en una semana expone nuevamente fallas cr\u00edticas en la protecci\u00f3n de las mujeres en Cuba - Cuballama Noticias","isPartOf":{"@id":"https:\/\/www.cuballama.com\/noticias\/#website"},"primaryImageOfPage":{"@id":"https:\/\/www.cuballama.com\/noticias\/cadena-de-feminicidios-en-una-semana-expone-nuevamente-fallas-criticas-en-la-proteccion-de-las-mujeres-en-cuba\/#primaryimage"},"image":{"@id":"https:\/\/www.cuballama.com\/noticias\/cadena-de-feminicidios-en-una-semana-expone-nuevamente-fallas-criticas-en-la-proteccion-de-las-mujeres-en-cuba\/#primaryimage"},"thumbnailUrl":"https:\/\/cdn1.mediawpaccore.net\/wp-content\/uploads\/2025\/12\/15062529\/image-38.png","datePublished":"2025-12-15T19:18:15+00:00","dateModified":"2025-12-15T19:18:19+00:00","description":"Cuatro feminicidios en d\u00edas exponen fallas del sistema cubano para proteger a las mujeres frente a la violencia machista en Cuba.","breadcrumb":{"@id":"https:\/\/www.cuballama.com\/noticias\/cadena-de-feminicidios-en-una-semana-expone-nuevamente-fallas-criticas-en-la-proteccion-de-las-mujeres-en-cuba\/#breadcrumb"},"inLanguage":"es","potentialAction":[{"@type":"ReadAction","target":["https:\/\/www.cuballama.com\/noticias\/cadena-de-feminicidios-en-una-semana-expone-nuevamente-fallas-criticas-en-la-proteccion-de-las-mujeres-en-cuba\/"]}]},{"@type":"ImageObject","inLanguage":"es","@id":"https:\/\/www.cuballama.com\/noticias\/cadena-de-feminicidios-en-una-semana-expone-nuevamente-fallas-criticas-en-la-proteccion-de-las-mujeres-en-cuba\/#primaryimage","url":"https:\/\/cdn1.mediawpaccore.net\/wp-content\/uploads\/2025\/12\/15062529\/image-38.png","contentUrl":"https:\/\/cdn1.mediawpaccore.net\/wp-content\/uploads\/2025\/12\/15062529\/image-38.png","width":1972,"height":1046,"caption":"Las cuatro victimas de una semana feminicida en Cuba. Foto: Collage via Redes Sociales"},{"@type":"BreadcrumbList","@id":"https:\/\/www.cuballama.com\/noticias\/cadena-de-feminicidios-en-una-semana-expone-nuevamente-fallas-criticas-en-la-proteccion-de-las-mujeres-en-cuba\/#breadcrumb","itemListElement":[{"@type":"ListItem","position":1,"name":"Home","item":"https:\/\/www.cuballama.com\/noticias\/"},{"@type":"ListItem","position":2,"name":"Cadena de feminicidios en una semana expone nuevamente fallas cr\u00edticas en la protecci\u00f3n de las mujeres en Cuba"}]},{"@type":"WebSite","@id":"https:\/\/www.cuballama.com\/noticias\/#website","url":"https:\/\/www.cuballama.com\/noticias\/","name":"Cuballama Noticias","description":"Medio digital sobre Cuba y el mundo","publisher":{"@id":"https:\/\/www.cuballama.com\/noticias\/#organization"},"potentialAction":[{"@type":"SearchAction","target":{"@type":"EntryPoint","urlTemplate":"https:\/\/www.cuballama.com\/noticias\/?s={search_term_string}"},"query-input":{"@type":"PropertyValueSpecification","valueRequired":true,"valueName":"search_term_string"}}],"inLanguage":"es"},{"@type":"Organization","@id":"https:\/\/www.cuballama.com\/noticias\/#organization","name":"Cuballama","url":"https:\/\/www.cuballama.com\/noticias\/","logo":{"@type":"ImageObject","inLanguage":"es","@id":"https:\/\/www.cuballama.com\/noticias\/#\/schema\/logo\/image\/","url":"https:\/\/cdn1.mediawpaccore.net\/wp-content\/uploads\/2021\/12\/28171206\/cbll-logo-color-sm.png","contentUrl":"https:\/\/cdn1.mediawpaccore.net\/wp-content\/uploads\/2021\/12\/28171206\/cbll-logo-color-sm.png","width":600,"height":133,"caption":"Cuballama"},"image":{"@id":"https:\/\/www.cuballama.com\/noticias\/#\/schema\/logo\/image\/"},"sameAs":["https:\/\/www.facebook.com\/CubaLlama","https:\/\/x.com\/cuballama","https:\/\/www.instagram.com\/stories\/cuballama_oficial\/","https:\/\/www.youtube.com\/channel\/UCKkFE-d_axENGZcrc4as0IA"]},{"@type":"Person","@id":"https:\/\/www.cuballama.com\/noticias\/#\/schema\/person\/a58502ed4146c8e9f83872e897c76cd2","name":"Roberto A.","description":"Roberto A. Periodista por decisi\u00f3n propia. Interesado en cualquier tema que me apasione y cada vez m\u00e1s comprometido con la verdad y la objetividad period\u00edstica. Graduado en La Habana hace ya muchos a\u00f1os, luego de una accidentada y polvorienta b\u00fasqueda de informaci\u00f3n sobre un tema in\u00e9dito. La Tesis, por cierto, desapareci\u00f3 de la biblioteca y no se conservan copias de la misma.","url":"https:\/\/www.cuballama.com\/noticias\/author\/roberto\/"}]}},"_links":{"self":[{"href":"https:\/\/www.cuballama.com\/noticias\/wp-json\/wp\/v2\/posts\/228696","targetHints":{"allow":["GET"]}}],"collection":[{"href":"https:\/\/www.cuballama.com\/noticias\/wp-json\/wp\/v2\/posts"}],"about":[{"href":"https:\/\/www.cuballama.com\/noticias\/wp-json\/wp\/v2\/types\/post"}],"author":[{"embeddable":true,"href":"https:\/\/www.cuballama.com\/noticias\/wp-json\/wp\/v2\/users\/13"}],"replies":[{"embeddable":true,"href":"https:\/\/www.cuballama.com\/noticias\/wp-json\/wp\/v2\/comments?post=228696"}],"version-history":[{"count":4,"href":"https:\/\/www.cuballama.com\/noticias\/wp-json\/wp\/v2\/posts\/228696\/revisions"}],"predecessor-version":[{"id":228703,"href":"https:\/\/www.cuballama.com\/noticias\/wp-json\/wp\/v2\/posts\/228696\/revisions\/228703"}],"wp:featuredmedia":[{"embeddable":true,"href":"https:\/\/www.cuballama.com\/noticias\/wp-json\/wp\/v2\/media\/228697"}],"wp:attachment":[{"href":"https:\/\/www.cuballama.com\/noticias\/wp-json\/wp\/v2\/media?parent=228696"}],"wp:term":[{"taxonomy":"category","embeddable":true,"href":"https:\/\/www.cuballama.com\/noticias\/wp-json\/wp\/v2\/categories?post=228696"},{"taxonomy":"post_tag","embeddable":true,"href":"https:\/\/www.cuballama.com\/noticias\/wp-json\/wp\/v2\/tags?post=228696"}],"curies":[{"name":"wp","href":"https:\/\/api.w.org\/{rel}","templated":true}]}}