{"id":228653,"date":"2025-12-15T07:00:00","date_gmt":"2025-12-15T12:00:00","guid":{"rendered":"https:\/\/www.cuballama.com\/noticias\/?p=228653"},"modified":"2025-12-13T10:27:15","modified_gmt":"2025-12-13T15:27:15","slug":"viajar-en-avion-ya-no-seria-seguro-para-migrantes-irregulares-en-ee-uu","status":"publish","type":"post","link":"https:\/\/www.cuballama.com\/noticias\/viajar-en-avion-ya-no-seria-seguro-para-migrantes-irregulares-en-ee-uu\/","title":{"rendered":"Viajar en avi\u00f3n ya no ser\u00eda seguro para migrantes irregulares en EE.UU."},"content":{"rendered":"\n<p>Viajar en avi\u00f3n dentro de Estados Unidos ya no ser\u00eda seguro para inmigrantes sin estatus legal, seg\u00fan <a href=\"https:\/\/www.nytimes.com\/2025\/12\/12\/us\/politics\/immigration-tsa-passenger-data.html?smtyp=cur&amp;utm_social_post_id=621231948&amp;smid=tw-nytimes&amp;utm_social_handle_id=807095\" target=\"_blank\" rel=\"noreferrer noopener nofollow\">revel\u00f3 <em>The New York Times<\/em><\/a> el pasado viernes.<\/p>\n\n\n\n<p>De acuerdo con este diario, la administraci\u00f3n de Donald Trump est\u00e1 utilizando datos de pasajeros a\u00e9reos para localizar, detener y deportar inmigrantes, incluso si se trata de vuelos dom\u00e9sticos.<\/p>\n\n\n\n<p><em>NYTimes<\/em> asegur\u00f3 que varias veces por semana la Administraci\u00f3n de Seguridad en el Transporte (TSA) comparte con el Servicio de Inmigraci\u00f3n y Control de Aduanas (ICE) la lista de viajeros que utilizar\u00e1n los aeropuertos del pa\u00eds.<\/p>\n\n\n\n<p>Posteriormente, ICE contrasta dichos nombres con su base de datos de personas con orden final de deportaci\u00f3n y, si hay coincidencia, env\u00eda agentes al aeropuerto para arrestarlas.<\/p>\n\n\n\n<blockquote class=\"twitter-tweet\"><p lang=\"en\" dir=\"ltr\">Breaking News: The Trump administration is sharing all air travelers\u2019 names with ICE officials to find people with deportation orders. <a href=\"https:\/\/t.co\/WJdEF8NPB5\">https:\/\/t.co\/WJdEF8NPB5<\/a><\/p>&mdash; The New York Times (@nytimes) <a href=\"https:\/\/twitter.com\/nytimes\/status\/1999589914036322727?ref_src=twsrc%5Etfw\">December 12, 2025<\/a><\/blockquote> <script async src=\"https:\/\/platform.twitter.com\/widgets.js\" charset=\"utf-8\"><\/script>\n\n\n\n<p>As\u00ed ocurri\u00f3 con una estudiante universitaria de 19 a\u00f1os, Any Luc\u00eda L\u00f3pez Belloza, quien fue detenida el pasado 20 de noviembre en el aeropuerto Logan de Boston, Massachusetts, cuando intentaba viajar a Texas para sorprender a su familia por el D\u00eda de Acci\u00f3n de Gracias.<\/p>\n\n\n\n<p>La joven fue deportada a Honduras dos d\u00edas despu\u00e9s, pese a que estudiaba en Babson College, una prestigiosa escuela de negocios, y llevaba a\u00f1os viviendo en Estados Unidos.<\/p>\n\n\n\n<p>Seg\u00fan el abogado de Belloza, Todd Pomerleau, su clienta fue deportada en violaci\u00f3n de una orden judicial. Seg\u00fan ICE, un juez de inmigraci\u00f3n orden\u00f3 su deportaci\u00f3n en 2015, pero Pomerleau ha declarado que no puede encontrar registros de esa orden, solo los que muestran que su caso se cerr\u00f3 en 2017.<\/p>\n\n\n\n<p>Un exfuncionario de ICE, citado por <em>NYTimes<\/em>, asegur\u00f3 que hasta el 75% de los casos marcados terminan en arrestos, lo que convierte los aeropuertos en un nuevo punto clave de detenci\u00f3n migratoria.<\/p>\n\n\n\n<p>Al mismo tiempo, exfuncionarios y organizaciones de derechos humanos advierten que la presencia de ICE en aeropuertos, que busca intimidar y generar miedo, puede afectar la seguridad a\u00e9rea y aumentar retrasos, as\u00ed como disuadir a migrantes de viajar dentro del pa\u00eds.<\/p>\n\n\n\n<p>Seg\u00fan documentos a los que hizo alusi\u00f3n la misma fuente, la Casa Blanca pretende lograr hasta 3.000 arrestos migratorios diarios, por lo que estar\u00eda usando el viaje a\u00e9reo como un \u201cmultiplicador de fuerza\u201d para acelerar deportaciones.<\/p>\n","protected":false},"excerpt":{"rendered":"<p>Seg\u00fan The New York Times, ICE tendr\u00eda acceso a la lista de viajeros que utilizar\u00e1n los aeropuertos del pa\u00eds cada semana.<\/p>\n","protected":false},"author":30,"featured_media":228655,"comment_status":"open","ping_status":"closed","sticky":false,"template":"","format":"standard","meta":{"_acf_changed":false,"footnotes":""},"categories":[18,953],"tags":[941,2978,23669,29545,3293,2567,174],"class_list":{"0":"post-228653","1":"post","2":"type-post","3":"status-publish","4":"format-standard","5":"has-post-thumbnail","7":"category-noticias","8":"category-usa","9":"tag-destacado","10":"tag-ice","11":"tag-inmigracion-en-estados-unidos","12":"tag-inmigrantes-irregulares","13":"tag-tsa","14":"tag-viajeros","15":"tag-viajes"},"acf":[],"yoast_head":"<!-- This site is optimized with the Yoast SEO plugin v27.5 - https:\/\/yoast.com\/product\/yoast-seo-wordpress\/ -->\n<title>Viajar en avi\u00f3n ya no ser\u00eda seguro para migrantes irregulares en EE.UU. - Cuballama Noticias<\/title>\n<meta name=\"description\" content=\"Viajar en avi\u00f3n dentro de Estados Unidos ya no ser\u00eda seguro para inmigrantes sin estatus legal en el pa\u00eds.\" \/>\n<meta name=\"robots\" content=\"index, follow, max-snippet:-1, max-image-preview:large, max-video-preview:-1\" \/>\n<link rel=\"canonical\" href=\"https:\/\/www.cuballama.com\/noticias\/viajar-en-avion-ya-no-seria-seguro-para-migrantes-irregulares-en-ee-uu\/\" \/>\n<meta property=\"og:locale\" content=\"es_ES\" \/>\n<meta property=\"og:type\" content=\"article\" \/>\n<meta property=\"og:title\" content=\"Viajar en avi\u00f3n ya no ser\u00eda seguro para migrantes irregulares en EE.UU. - Cuballama Noticias\" \/>\n<meta property=\"og:description\" content=\"Viajar en avi\u00f3n dentro de Estados Unidos ya no ser\u00eda seguro para inmigrantes sin estatus legal en el pa\u00eds.\" \/>\n<meta property=\"og:url\" content=\"https:\/\/www.cuballama.com\/noticias\/viajar-en-avion-ya-no-seria-seguro-para-migrantes-irregulares-en-ee-uu\/\" \/>\n<meta property=\"og:site_name\" content=\"Cuballama Noticias\" \/>\n<meta property=\"article:publisher\" content=\"https:\/\/www.facebook.com\/CubaLlama\" \/>\n<meta property=\"article:published_time\" content=\"2025-12-15T12:00:00+00:00\" \/>\n<meta property=\"og:image\" content=\"https:\/\/cdn1.mediawpaccore.net\/wp-content\/uploads\/2025\/12\/13095703\/GzdKDAhXkAEMIPu1.jpg\" \/>\n\t<meta property=\"og:image:width\" content=\"1200\" \/>\n\t<meta property=\"og:image:height\" content=\"630\" \/>\n\t<meta property=\"og:image:type\" content=\"image\/jpeg\" \/>\n<meta name=\"author\" content=\"Kathy\" \/>\n<meta name=\"twitter:card\" content=\"summary_large_image\" \/>\n<meta name=\"twitter:creator\" content=\"@cuballama\" \/>\n<meta name=\"twitter:site\" content=\"@cuballama\" \/>\n<meta name=\"twitter:label1\" content=\"Escrito por\" \/>\n\t<meta name=\"twitter:data1\" content=\"Kathy\" \/>\n\t<meta name=\"twitter:label2\" content=\"Tiempo de lectura\" \/>\n\t<meta name=\"twitter:data2\" content=\"2 minutos\" \/>\n<script type=\"application\/ld+json\" class=\"yoast-schema-graph\">{\"@context\":\"https:\\\/\\\/schema.org\",\"@graph\":[{\"@type\":\"Article\",\"@id\":\"https:\\\/\\\/www.cuballama.com\\\/noticias\\\/viajar-en-avion-ya-no-seria-seguro-para-migrantes-irregulares-en-ee-uu\\\/#article\",\"isPartOf\":{\"@id\":\"https:\\\/\\\/www.cuballama.com\\\/noticias\\\/viajar-en-avion-ya-no-seria-seguro-para-migrantes-irregulares-en-ee-uu\\\/\"},\"author\":{\"name\":\"Kathy\",\"@id\":\"https:\\\/\\\/www.cuballama.com\\\/noticias\\\/#\\\/schema\\\/person\\\/86cd3e3f4974437f031211213bf892d5\"},\"headline\":\"Viajar en avi\u00f3n ya no ser\u00eda seguro para migrantes irregulares en EE.UU.\",\"datePublished\":\"2025-12-15T12:00:00+00:00\",\"mainEntityOfPage\":{\"@id\":\"https:\\\/\\\/www.cuballama.com\\\/noticias\\\/viajar-en-avion-ya-no-seria-seguro-para-migrantes-irregulares-en-ee-uu\\\/\"},\"wordCount\":423,\"commentCount\":0,\"publisher\":{\"@id\":\"https:\\\/\\\/www.cuballama.com\\\/noticias\\\/#organization\"},\"image\":{\"@id\":\"https:\\\/\\\/www.cuballama.com\\\/noticias\\\/viajar-en-avion-ya-no-seria-seguro-para-migrantes-irregulares-en-ee-uu\\\/#primaryimage\"},\"thumbnailUrl\":\"https:\\\/\\\/cdn1.mediawpaccore.net\\\/wp-content\\\/uploads\\\/2025\\\/12\\\/13095703\\\/GzdKDAhXkAEMIPu1.jpg\",\"keywords\":[\"destacado\",\"ICE\",\"inmigraci\u00f3n en Estados Unidos\",\"inmigrantes irregulares\",\"TSA\",\"Viajeros\",\"viajes\"],\"articleSection\":[\"Noticias\",\"USA\"],\"inLanguage\":\"es\",\"potentialAction\":[{\"@type\":\"CommentAction\",\"name\":\"Comment\",\"target\":[\"https:\\\/\\\/www.cuballama.com\\\/noticias\\\/viajar-en-avion-ya-no-seria-seguro-para-migrantes-irregulares-en-ee-uu\\\/#respond\"]}]},{\"@type\":\"WebPage\",\"@id\":\"https:\\\/\\\/www.cuballama.com\\\/noticias\\\/viajar-en-avion-ya-no-seria-seguro-para-migrantes-irregulares-en-ee-uu\\\/\",\"url\":\"https:\\\/\\\/www.cuballama.com\\\/noticias\\\/viajar-en-avion-ya-no-seria-seguro-para-migrantes-irregulares-en-ee-uu\\\/\",\"name\":\"Viajar en avi\u00f3n ya no ser\u00eda seguro para migrantes irregulares en EE.UU. - Cuballama Noticias\",\"isPartOf\":{\"@id\":\"https:\\\/\\\/www.cuballama.com\\\/noticias\\\/#website\"},\"primaryImageOfPage\":{\"@id\":\"https:\\\/\\\/www.cuballama.com\\\/noticias\\\/viajar-en-avion-ya-no-seria-seguro-para-migrantes-irregulares-en-ee-uu\\\/#primaryimage\"},\"image\":{\"@id\":\"https:\\\/\\\/www.cuballama.com\\\/noticias\\\/viajar-en-avion-ya-no-seria-seguro-para-migrantes-irregulares-en-ee-uu\\\/#primaryimage\"},\"thumbnailUrl\":\"https:\\\/\\\/cdn1.mediawpaccore.net\\\/wp-content\\\/uploads\\\/2025\\\/12\\\/13095703\\\/GzdKDAhXkAEMIPu1.jpg\",\"datePublished\":\"2025-12-15T12:00:00+00:00\",\"description\":\"Viajar en avi\u00f3n dentro de Estados Unidos ya no ser\u00eda seguro para inmigrantes sin estatus legal en el pa\u00eds.\",\"breadcrumb\":{\"@id\":\"https:\\\/\\\/www.cuballama.com\\\/noticias\\\/viajar-en-avion-ya-no-seria-seguro-para-migrantes-irregulares-en-ee-uu\\\/#breadcrumb\"},\"inLanguage\":\"es\",\"potentialAction\":[{\"@type\":\"ReadAction\",\"target\":[\"https:\\\/\\\/www.cuballama.com\\\/noticias\\\/viajar-en-avion-ya-no-seria-seguro-para-migrantes-irregulares-en-ee-uu\\\/\"]}]},{\"@type\":\"ImageObject\",\"inLanguage\":\"es\",\"@id\":\"https:\\\/\\\/www.cuballama.com\\\/noticias\\\/viajar-en-avion-ya-no-seria-seguro-para-migrantes-irregulares-en-ee-uu\\\/#primaryimage\",\"url\":\"https:\\\/\\\/cdn1.mediawpaccore.net\\\/wp-content\\\/uploads\\\/2025\\\/12\\\/13095703\\\/GzdKDAhXkAEMIPu1.jpg\",\"contentUrl\":\"https:\\\/\\\/cdn1.mediawpaccore.net\\\/wp-content\\\/uploads\\\/2025\\\/12\\\/13095703\\\/GzdKDAhXkAEMIPu1.jpg\",\"width\":1200,\"height\":630,\"caption\":\"Viajeros en aeropuerto de Estados Unidos. Foto: X\\\/TSA.\"},{\"@type\":\"BreadcrumbList\",\"@id\":\"https:\\\/\\\/www.cuballama.com\\\/noticias\\\/viajar-en-avion-ya-no-seria-seguro-para-migrantes-irregulares-en-ee-uu\\\/#breadcrumb\",\"itemListElement\":[{\"@type\":\"ListItem\",\"position\":1,\"name\":\"Home\",\"item\":\"https:\\\/\\\/www.cuballama.com\\\/noticias\\\/\"},{\"@type\":\"ListItem\",\"position\":2,\"name\":\"Viajar en avi\u00f3n ya no ser\u00eda seguro para migrantes irregulares en EE.UU.\"}]},{\"@type\":\"WebSite\",\"@id\":\"https:\\\/\\\/www.cuballama.com\\\/noticias\\\/#website\",\"url\":\"https:\\\/\\\/www.cuballama.com\\\/noticias\\\/\",\"name\":\"Cuballama Noticias\",\"description\":\"Medio digital sobre Cuba y el mundo\",\"publisher\":{\"@id\":\"https:\\\/\\\/www.cuballama.com\\\/noticias\\\/#organization\"},\"potentialAction\":[{\"@type\":\"SearchAction\",\"target\":{\"@type\":\"EntryPoint\",\"urlTemplate\":\"https:\\\/\\\/www.cuballama.com\\\/noticias\\\/?s={search_term_string}\"},\"query-input\":{\"@type\":\"PropertyValueSpecification\",\"valueRequired\":true,\"valueName\":\"search_term_string\"}}],\"inLanguage\":\"es\"},{\"@type\":\"Organization\",\"@id\":\"https:\\\/\\\/www.cuballama.com\\\/noticias\\\/#organization\",\"name\":\"Cuballama\",\"url\":\"https:\\\/\\\/www.cuballama.com\\\/noticias\\\/\",\"logo\":{\"@type\":\"ImageObject\",\"inLanguage\":\"es\",\"@id\":\"https:\\\/\\\/www.cuballama.com\\\/noticias\\\/#\\\/schema\\\/logo\\\/image\\\/\",\"url\":\"https:\\\/\\\/cdn1.mediawpaccore.net\\\/wp-content\\\/uploads\\\/2021\\\/12\\\/28171206\\\/cbll-logo-color-sm.png\",\"contentUrl\":\"https:\\\/\\\/cdn1.mediawpaccore.net\\\/wp-content\\\/uploads\\\/2021\\\/12\\\/28171206\\\/cbll-logo-color-sm.png\",\"width\":600,\"height\":133,\"caption\":\"Cuballama\"},\"image\":{\"@id\":\"https:\\\/\\\/www.cuballama.com\\\/noticias\\\/#\\\/schema\\\/logo\\\/image\\\/\"},\"sameAs\":[\"https:\\\/\\\/www.facebook.com\\\/CubaLlama\",\"https:\\\/\\\/x.com\\\/cuballama\",\"https:\\\/\\\/www.instagram.com\\\/stories\\\/cuballama_oficial\\\/\",\"https:\\\/\\\/www.youtube.com\\\/channel\\\/UCKkFE-d_axENGZcrc4as0IA\"]},{\"@type\":\"Person\",\"@id\":\"https:\\\/\\\/www.cuballama.com\\\/noticias\\\/#\\\/schema\\\/person\\\/86cd3e3f4974437f031211213bf892d5\",\"name\":\"Kathy\",\"url\":\"https:\\\/\\\/www.cuballama.com\\\/noticias\\\/author\\\/kathy\\\/\"}]}<\/script>\n<!-- \/ Yoast SEO plugin. -->","yoast_head_json":{"title":"Viajar en avi\u00f3n ya no ser\u00eda seguro para migrantes irregulares en EE.UU. - Cuballama Noticias","description":"Viajar en avi\u00f3n dentro de Estados Unidos ya no ser\u00eda seguro para inmigrantes sin estatus legal en el pa\u00eds.","robots":{"index":"index","follow":"follow","max-snippet":"max-snippet:-1","max-image-preview":"max-image-preview:large","max-video-preview":"max-video-preview:-1"},"canonical":"https:\/\/www.cuballama.com\/noticias\/viajar-en-avion-ya-no-seria-seguro-para-migrantes-irregulares-en-ee-uu\/","og_locale":"es_ES","og_type":"article","og_title":"Viajar en avi\u00f3n ya no ser\u00eda seguro para migrantes irregulares en EE.UU. - Cuballama Noticias","og_description":"Viajar en avi\u00f3n dentro de Estados Unidos ya no ser\u00eda seguro para inmigrantes sin estatus legal en el pa\u00eds.","og_url":"https:\/\/www.cuballama.com\/noticias\/viajar-en-avion-ya-no-seria-seguro-para-migrantes-irregulares-en-ee-uu\/","og_site_name":"Cuballama Noticias","article_publisher":"https:\/\/www.facebook.com\/CubaLlama","article_published_time":"2025-12-15T12:00:00+00:00","og_image":[{"width":1200,"height":630,"url":"https:\/\/cdn1.mediawpaccore.net\/wp-content\/uploads\/2025\/12\/13095703\/GzdKDAhXkAEMIPu1.jpg","type":"image\/jpeg"}],"author":"Kathy","twitter_card":"summary_large_image","twitter_creator":"@cuballama","twitter_site":"@cuballama","twitter_misc":{"Escrito por":"Kathy","Tiempo de lectura":"2 minutos"},"schema":{"@context":"https:\/\/schema.org","@graph":[{"@type":"Article","@id":"https:\/\/www.cuballama.com\/noticias\/viajar-en-avion-ya-no-seria-seguro-para-migrantes-irregulares-en-ee-uu\/#article","isPartOf":{"@id":"https:\/\/www.cuballama.com\/noticias\/viajar-en-avion-ya-no-seria-seguro-para-migrantes-irregulares-en-ee-uu\/"},"author":{"name":"Kathy","@id":"https:\/\/www.cuballama.com\/noticias\/#\/schema\/person\/86cd3e3f4974437f031211213bf892d5"},"headline":"Viajar en avi\u00f3n ya no ser\u00eda seguro para migrantes irregulares en EE.UU.","datePublished":"2025-12-15T12:00:00+00:00","mainEntityOfPage":{"@id":"https:\/\/www.cuballama.com\/noticias\/viajar-en-avion-ya-no-seria-seguro-para-migrantes-irregulares-en-ee-uu\/"},"wordCount":423,"commentCount":0,"publisher":{"@id":"https:\/\/www.cuballama.com\/noticias\/#organization"},"image":{"@id":"https:\/\/www.cuballama.com\/noticias\/viajar-en-avion-ya-no-seria-seguro-para-migrantes-irregulares-en-ee-uu\/#primaryimage"},"thumbnailUrl":"https:\/\/cdn1.mediawpaccore.net\/wp-content\/uploads\/2025\/12\/13095703\/GzdKDAhXkAEMIPu1.jpg","keywords":["destacado","ICE","inmigraci\u00f3n en Estados Unidos","inmigrantes irregulares","TSA","Viajeros","viajes"],"articleSection":["Noticias","USA"],"inLanguage":"es","potentialAction":[{"@type":"CommentAction","name":"Comment","target":["https:\/\/www.cuballama.com\/noticias\/viajar-en-avion-ya-no-seria-seguro-para-migrantes-irregulares-en-ee-uu\/#respond"]}]},{"@type":"WebPage","@id":"https:\/\/www.cuballama.com\/noticias\/viajar-en-avion-ya-no-seria-seguro-para-migrantes-irregulares-en-ee-uu\/","url":"https:\/\/www.cuballama.com\/noticias\/viajar-en-avion-ya-no-seria-seguro-para-migrantes-irregulares-en-ee-uu\/","name":"Viajar en avi\u00f3n ya no ser\u00eda seguro para migrantes irregulares en EE.UU. - Cuballama Noticias","isPartOf":{"@id":"https:\/\/www.cuballama.com\/noticias\/#website"},"primaryImageOfPage":{"@id":"https:\/\/www.cuballama.com\/noticias\/viajar-en-avion-ya-no-seria-seguro-para-migrantes-irregulares-en-ee-uu\/#primaryimage"},"image":{"@id":"https:\/\/www.cuballama.com\/noticias\/viajar-en-avion-ya-no-seria-seguro-para-migrantes-irregulares-en-ee-uu\/#primaryimage"},"thumbnailUrl":"https:\/\/cdn1.mediawpaccore.net\/wp-content\/uploads\/2025\/12\/13095703\/GzdKDAhXkAEMIPu1.jpg","datePublished":"2025-12-15T12:00:00+00:00","description":"Viajar en avi\u00f3n dentro de Estados Unidos ya no ser\u00eda seguro para inmigrantes sin estatus legal en el pa\u00eds.","breadcrumb":{"@id":"https:\/\/www.cuballama.com\/noticias\/viajar-en-avion-ya-no-seria-seguro-para-migrantes-irregulares-en-ee-uu\/#breadcrumb"},"inLanguage":"es","potentialAction":[{"@type":"ReadAction","target":["https:\/\/www.cuballama.com\/noticias\/viajar-en-avion-ya-no-seria-seguro-para-migrantes-irregulares-en-ee-uu\/"]}]},{"@type":"ImageObject","inLanguage":"es","@id":"https:\/\/www.cuballama.com\/noticias\/viajar-en-avion-ya-no-seria-seguro-para-migrantes-irregulares-en-ee-uu\/#primaryimage","url":"https:\/\/cdn1.mediawpaccore.net\/wp-content\/uploads\/2025\/12\/13095703\/GzdKDAhXkAEMIPu1.jpg","contentUrl":"https:\/\/cdn1.mediawpaccore.net\/wp-content\/uploads\/2025\/12\/13095703\/GzdKDAhXkAEMIPu1.jpg","width":1200,"height":630,"caption":"Viajeros en aeropuerto de Estados Unidos. Foto: X\/TSA."},{"@type":"BreadcrumbList","@id":"https:\/\/www.cuballama.com\/noticias\/viajar-en-avion-ya-no-seria-seguro-para-migrantes-irregulares-en-ee-uu\/#breadcrumb","itemListElement":[{"@type":"ListItem","position":1,"name":"Home","item":"https:\/\/www.cuballama.com\/noticias\/"},{"@type":"ListItem","position":2,"name":"Viajar en avi\u00f3n ya no ser\u00eda seguro para migrantes irregulares en EE.UU."}]},{"@type":"WebSite","@id":"https:\/\/www.cuballama.com\/noticias\/#website","url":"https:\/\/www.cuballama.com\/noticias\/","name":"Cuballama Noticias","description":"Medio digital sobre Cuba y el mundo","publisher":{"@id":"https:\/\/www.cuballama.com\/noticias\/#organization"},"potentialAction":[{"@type":"SearchAction","target":{"@type":"EntryPoint","urlTemplate":"https:\/\/www.cuballama.com\/noticias\/?s={search_term_string}"},"query-input":{"@type":"PropertyValueSpecification","valueRequired":true,"valueName":"search_term_string"}}],"inLanguage":"es"},{"@type":"Organization","@id":"https:\/\/www.cuballama.com\/noticias\/#organization","name":"Cuballama","url":"https:\/\/www.cuballama.com\/noticias\/","logo":{"@type":"ImageObject","inLanguage":"es","@id":"https:\/\/www.cuballama.com\/noticias\/#\/schema\/logo\/image\/","url":"https:\/\/cdn1.mediawpaccore.net\/wp-content\/uploads\/2021\/12\/28171206\/cbll-logo-color-sm.png","contentUrl":"https:\/\/cdn1.mediawpaccore.net\/wp-content\/uploads\/2021\/12\/28171206\/cbll-logo-color-sm.png","width":600,"height":133,"caption":"Cuballama"},"image":{"@id":"https:\/\/www.cuballama.com\/noticias\/#\/schema\/logo\/image\/"},"sameAs":["https:\/\/www.facebook.com\/CubaLlama","https:\/\/x.com\/cuballama","https:\/\/www.instagram.com\/stories\/cuballama_oficial\/","https:\/\/www.youtube.com\/channel\/UCKkFE-d_axENGZcrc4as0IA"]},{"@type":"Person","@id":"https:\/\/www.cuballama.com\/noticias\/#\/schema\/person\/86cd3e3f4974437f031211213bf892d5","name":"Kathy","url":"https:\/\/www.cuballama.com\/noticias\/author\/kathy\/"}]}},"_links":{"self":[{"href":"https:\/\/www.cuballama.com\/noticias\/wp-json\/wp\/v2\/posts\/228653","targetHints":{"allow":["GET"]}}],"collection":[{"href":"https:\/\/www.cuballama.com\/noticias\/wp-json\/wp\/v2\/posts"}],"about":[{"href":"https:\/\/www.cuballama.com\/noticias\/wp-json\/wp\/v2\/types\/post"}],"author":[{"embeddable":true,"href":"https:\/\/www.cuballama.com\/noticias\/wp-json\/wp\/v2\/users\/30"}],"replies":[{"embeddable":true,"href":"https:\/\/www.cuballama.com\/noticias\/wp-json\/wp\/v2\/comments?post=228653"}],"version-history":[{"count":2,"href":"https:\/\/www.cuballama.com\/noticias\/wp-json\/wp\/v2\/posts\/228653\/revisions"}],"predecessor-version":[{"id":228656,"href":"https:\/\/www.cuballama.com\/noticias\/wp-json\/wp\/v2\/posts\/228653\/revisions\/228656"}],"wp:featuredmedia":[{"embeddable":true,"href":"https:\/\/www.cuballama.com\/noticias\/wp-json\/wp\/v2\/media\/228655"}],"wp:attachment":[{"href":"https:\/\/www.cuballama.com\/noticias\/wp-json\/wp\/v2\/media?parent=228653"}],"wp:term":[{"taxonomy":"category","embeddable":true,"href":"https:\/\/www.cuballama.com\/noticias\/wp-json\/wp\/v2\/categories?post=228653"},{"taxonomy":"post_tag","embeddable":true,"href":"https:\/\/www.cuballama.com\/noticias\/wp-json\/wp\/v2\/tags?post=228653"}],"curies":[{"name":"wp","href":"https:\/\/api.w.org\/{rel}","templated":true}]}}