{"id":228573,"date":"2025-12-12T12:54:40","date_gmt":"2025-12-12T17:54:40","guid":{"rendered":"https:\/\/www.cuballama.com\/noticias\/?p=228573"},"modified":"2025-12-12T12:54:43","modified_gmt":"2025-12-12T17:54:43","slug":"rey-carlos-iii-compartira-mensaje-personal-sobre-su-cancer-en-una-transmision-televisiva","status":"publish","type":"post","link":"https:\/\/www.cuballama.com\/noticias\/rey-carlos-iii-compartira-mensaje-personal-sobre-su-cancer-en-una-transmision-televisiva\/","title":{"rendered":"Rey Carlos III compartir\u00e1 mensaje personal sobre su c\u00e1ncer en una transmisi\u00f3n televisiva"},"content":{"rendered":"\n<p>El rey Carlos III ofrecer\u00e1 en las pr\u00f3ximas horas un mensaje televisado en el que hablar\u00e1 p\u00fablicamente sobre su diagn\u00f3stico de c\u00e1ncer, su proceso de tratamiento y la importancia de la detecci\u00f3n temprana. Ser\u00e1 la primera vez que el monarca profundice en su enfermedad ante la audiencia brit\u00e1nica e internacional, en una intervenci\u00f3n que ya ha sido descrita como significativa tanto por su contenido como por el momento en que se produce.<\/p>\n\n\n\n<p>Seg\u00fan adelantaron <em><a href=\"https:\/\/www.bbc.com\/news\/articles\/c87l49nxr00o\">BBC,<\/a><\/em> <em><a href=\"https:\/\/abcnews.go.com\/Entertainment\/wireStory\/king-charles-iii-speak-cancer-treatment-recovery-tv-128338939\" target=\"_blank\" rel=\"noreferrer noopener nofollow\">ABC News<\/a><\/em>, <em><a href=\"https:\/\/uk.news.yahoo.com\/king-charles-share-personal-cancer-102605119.html\" target=\"_blank\" rel=\"noreferrer noopener nofollow\">Yahoo News UK<\/a><\/em> y<em><a href=\"https:\/\/www.nytimes.com\/2025\/12\/12\/world\/europe\/king-charles-cancer-update.html\" target=\"_blank\" rel=\"noreferrer noopener nofollow\"> The New York Times<\/a><\/em>, la emisi\u00f3n forma parte de un programa especial destinado a promover las revisiones m\u00e9dicas y el cribado temprano, un tema que ha cobrado relevancia tras la decisi\u00f3n del rey de hacer p\u00fablico su diagn\u00f3stico a comienzos de este a\u00f1o. La Casa Real confirm\u00f3 en ese momento que Carlos III estaba recibiendo tratamiento, pero mantuvo la privacidad de los detalles cl\u00ednicos. Su aparici\u00f3n ahora supone un giro hacia una comunicaci\u00f3n m\u00e1s abierta, con un mensaje que se espera combine reflexi\u00f3n personal y un llamamiento a la salud p\u00fablica.<\/p>\n\n\n\n<p>Los reportes coinciden en que el monarca, de 76 a\u00f1os, abordar\u00e1 no solo su recuperaci\u00f3n, sino el impacto que ha tenido para \u00e9l recibir apoyo p\u00fablico en un contexto que consider\u00f3 \u201cabrumador\u201d cuando se anunci\u00f3 su enfermedad. Carlos III habr\u00eda decidido grabar este mensaje tras insistir en que su experiencia puede contribuir a salvar vidas si m\u00e1s personas se someten a ex\u00e1menes preventivos. Tanto BBC como ABC News destacan que el rey har\u00e1 \u00e9nfasis en que el diagn\u00f3stico temprano resulta decisivo en los \u00edndices de supervivencia, y que su propia detecci\u00f3n oportuna form\u00f3 parte esencial de su tratamiento.<\/p>\n\n\n\n<p>La intervenci\u00f3n llega mientras el rey sigue cumpliendo con compromisos seleccionados, aunque con agenda reducida desde que comenz\u00f3 el tratamiento. En los \u00faltimos meses se le ha visto en actos oficiales cuidadosamente limitados, y fuentes citadas por medios estadounidenses se\u00f1alan que la recuperaci\u00f3n avanza \u201cseg\u00fan lo previsto\u201d, aun cuando los m\u00e9dicos mantienen precauciones.<\/p>\n\n\n\n<p>El mensaje televisado tambi\u00e9n tiene un trasfondo institucional. Para la monarqu\u00eda, supone un gesto de transparencia inusual en cuestiones de salud, tradicionalmente tratadas con reserva. Para la opini\u00f3n p\u00fablica, marca un momento en el que el jefe de Estado utiliza su figura para abordar un problema que afecta a millones de personas. The New York Times subraya que este tipo de comunicaci\u00f3n directa puede reforzar la percepci\u00f3n de cercan\u00eda en un periodo en el que la familia real enfrenta renovadas presiones medi\u00e1ticas y un escrutinio constante.<\/p>\n\n\n\n<p>M\u00e1s all\u00e1 de la dimensi\u00f3n personal, la emisi\u00f3n pretende servir como recordatorio de que el c\u00e1ncer contin\u00faa siendo una de las principales causas de muerte en el Reino Unido, y que la prevenci\u00f3n sigue siendo una de las herramientas m\u00e1s eficaces. Con su mensaje, el rey Carlos III busca a\u00f1adir su voz \u2014y su propia historia\u2014 a esa batalla.<\/p>\n\n\n\n<p><\/p>\n","protected":false},"excerpt":{"rendered":"<p>El rey Carlos III aparecer\u00e1 en una transmisi\u00f3n televisada para hablar abiertamente sobre su diagn\u00f3stico y tratamiento de c\u00e1ncer, as\u00ed como para insistir en la importancia de la detecci\u00f3n temprana. La intervenci\u00f3n, difundida como parte de una campa\u00f1a de salud p\u00fablica, marca un gesto inusual de transparencia por parte de la monarqu\u00eda brit\u00e1nica y busca convertir su experiencia personal en un mensaje de alcance nacional.<\/p>\n","protected":false},"author":13,"featured_media":228575,"comment_status":"open","ping_status":"closed","sticky":false,"template":"","format":"standard","meta":{"_acf_changed":false,"footnotes":""},"categories":[18,957],"tags":[29536,1132,29534,29533,29535,2450,17639,62],"class_list":{"0":"post-228573","1":"post","2":"type-post","3":"status-publish","4":"format-standard","5":"has-post-thumbnail","7":"category-noticias","8":"category-noticias-internacionales","9":"tag-campana-medica","10":"tag-cancer","11":"tag-carlos-iii","12":"tag-deteccion-temprana","13":"tag-monarquia-britanica","14":"tag-reino-unido","15":"tag-salud-publica","16":"tag-television"},"acf":[],"yoast_head":"<!-- This site is optimized with the Yoast SEO plugin v27.5 - https:\/\/yoast.com\/product\/yoast-seo-wordpress\/ -->\n<title>Rey Carlos III compartir\u00e1 mensaje personal sobre su c\u00e1ncer en una transmisi\u00f3n televisiva - Cuballama Noticias<\/title>\n<meta name=\"description\" content=\"Rey Carlos III compartir\u00e1 en TV un mensaje sobre su c\u00e1ncer y la importancia del cuidado, en una intervenci\u00f3n poco habitual para la monarqu\u00eda\" \/>\n<meta name=\"robots\" content=\"index, follow, max-snippet:-1, max-image-preview:large, max-video-preview:-1\" \/>\n<link rel=\"canonical\" href=\"https:\/\/www.cuballama.com\/noticias\/rey-carlos-iii-compartira-mensaje-personal-sobre-su-cancer-en-una-transmision-televisiva\/\" \/>\n<meta property=\"og:locale\" content=\"es_ES\" \/>\n<meta property=\"og:type\" content=\"article\" \/>\n<meta property=\"og:title\" content=\"Rey Carlos III compartir\u00e1 mensaje personal sobre su c\u00e1ncer en una transmisi\u00f3n televisiva - Cuballama Noticias\" \/>\n<meta property=\"og:description\" content=\"Rey Carlos III compartir\u00e1 en TV un mensaje sobre su c\u00e1ncer y la importancia del cuidado, en una intervenci\u00f3n poco habitual para la monarqu\u00eda\" \/>\n<meta property=\"og:url\" content=\"https:\/\/www.cuballama.com\/noticias\/rey-carlos-iii-compartira-mensaje-personal-sobre-su-cancer-en-una-transmision-televisiva\/\" \/>\n<meta property=\"og:site_name\" content=\"Cuballama Noticias\" \/>\n<meta property=\"article:publisher\" content=\"https:\/\/www.facebook.com\/CubaLlama\" \/>\n<meta property=\"article:published_time\" content=\"2025-12-12T17:54:40+00:00\" \/>\n<meta property=\"article:modified_time\" content=\"2025-12-12T17:54:43+00:00\" \/>\n<meta property=\"og:image\" content=\"https:\/\/cdn1.mediawpaccore.net\/wp-content\/uploads\/2025\/12\/12123200\/King.jpg\" \/>\n\t<meta property=\"og:image:width\" content=\"1200\" \/>\n\t<meta property=\"og:image:height\" content=\"633\" \/>\n\t<meta property=\"og:image:type\" content=\"image\/jpeg\" \/>\n<meta name=\"author\" content=\"Roberto A.\" \/>\n<meta name=\"twitter:card\" content=\"summary_large_image\" \/>\n<meta name=\"twitter:creator\" content=\"@cuballama\" \/>\n<meta name=\"twitter:site\" content=\"@cuballama\" \/>\n<meta name=\"twitter:label1\" content=\"Escrito por\" \/>\n\t<meta name=\"twitter:data1\" content=\"Roberto A.\" \/>\n\t<meta name=\"twitter:label2\" content=\"Tiempo de lectura\" \/>\n\t<meta name=\"twitter:data2\" content=\"3 minutos\" \/>\n<script type=\"application\/ld+json\" class=\"yoast-schema-graph\">{\"@context\":\"https:\\\/\\\/schema.org\",\"@graph\":[{\"@type\":\"Article\",\"@id\":\"https:\\\/\\\/www.cuballama.com\\\/noticias\\\/rey-carlos-iii-compartira-mensaje-personal-sobre-su-cancer-en-una-transmision-televisiva\\\/#article\",\"isPartOf\":{\"@id\":\"https:\\\/\\\/www.cuballama.com\\\/noticias\\\/rey-carlos-iii-compartira-mensaje-personal-sobre-su-cancer-en-una-transmision-televisiva\\\/\"},\"author\":{\"name\":\"Roberto A.\",\"@id\":\"https:\\\/\\\/www.cuballama.com\\\/noticias\\\/#\\\/schema\\\/person\\\/a58502ed4146c8e9f83872e897c76cd2\"},\"headline\":\"Rey Carlos III compartir\u00e1 mensaje personal sobre su c\u00e1ncer en una transmisi\u00f3n televisiva\",\"datePublished\":\"2025-12-12T17:54:40+00:00\",\"dateModified\":\"2025-12-12T17:54:43+00:00\",\"mainEntityOfPage\":{\"@id\":\"https:\\\/\\\/www.cuballama.com\\\/noticias\\\/rey-carlos-iii-compartira-mensaje-personal-sobre-su-cancer-en-una-transmision-televisiva\\\/\"},\"wordCount\":531,\"commentCount\":0,\"publisher\":{\"@id\":\"https:\\\/\\\/www.cuballama.com\\\/noticias\\\/#organization\"},\"image\":{\"@id\":\"https:\\\/\\\/www.cuballama.com\\\/noticias\\\/rey-carlos-iii-compartira-mensaje-personal-sobre-su-cancer-en-una-transmision-televisiva\\\/#primaryimage\"},\"thumbnailUrl\":\"https:\\\/\\\/cdn1.mediawpaccore.net\\\/wp-content\\\/uploads\\\/2025\\\/12\\\/12123200\\\/King.jpg\",\"keywords\":[\"campa\u00f1a m\u00e9dica\",\"C\u00e1ncer\",\"Carlos III\",\"detecci\u00f3n temprana\",\"monarqu\u00eda brit\u00e1nica\",\"Reino Unido\",\"salud p\u00fablica\",\"televisi\u00f3n\"],\"articleSection\":[\"Noticias\",\"Noticias Internacionales\"],\"inLanguage\":\"es\",\"potentialAction\":[{\"@type\":\"CommentAction\",\"name\":\"Comment\",\"target\":[\"https:\\\/\\\/www.cuballama.com\\\/noticias\\\/rey-carlos-iii-compartira-mensaje-personal-sobre-su-cancer-en-una-transmision-televisiva\\\/#respond\"]}]},{\"@type\":\"WebPage\",\"@id\":\"https:\\\/\\\/www.cuballama.com\\\/noticias\\\/rey-carlos-iii-compartira-mensaje-personal-sobre-su-cancer-en-una-transmision-televisiva\\\/\",\"url\":\"https:\\\/\\\/www.cuballama.com\\\/noticias\\\/rey-carlos-iii-compartira-mensaje-personal-sobre-su-cancer-en-una-transmision-televisiva\\\/\",\"name\":\"Rey Carlos III compartir\u00e1 mensaje personal sobre su c\u00e1ncer en una transmisi\u00f3n televisiva - Cuballama Noticias\",\"isPartOf\":{\"@id\":\"https:\\\/\\\/www.cuballama.com\\\/noticias\\\/#website\"},\"primaryImageOfPage\":{\"@id\":\"https:\\\/\\\/www.cuballama.com\\\/noticias\\\/rey-carlos-iii-compartira-mensaje-personal-sobre-su-cancer-en-una-transmision-televisiva\\\/#primaryimage\"},\"image\":{\"@id\":\"https:\\\/\\\/www.cuballama.com\\\/noticias\\\/rey-carlos-iii-compartira-mensaje-personal-sobre-su-cancer-en-una-transmision-televisiva\\\/#primaryimage\"},\"thumbnailUrl\":\"https:\\\/\\\/cdn1.mediawpaccore.net\\\/wp-content\\\/uploads\\\/2025\\\/12\\\/12123200\\\/King.jpg\",\"datePublished\":\"2025-12-12T17:54:40+00:00\",\"dateModified\":\"2025-12-12T17:54:43+00:00\",\"description\":\"Rey Carlos III compartir\u00e1 en TV un mensaje sobre su c\u00e1ncer y la importancia del cuidado, en una intervenci\u00f3n poco habitual para la monarqu\u00eda\",\"breadcrumb\":{\"@id\":\"https:\\\/\\\/www.cuballama.com\\\/noticias\\\/rey-carlos-iii-compartira-mensaje-personal-sobre-su-cancer-en-una-transmision-televisiva\\\/#breadcrumb\"},\"inLanguage\":\"es\",\"potentialAction\":[{\"@type\":\"ReadAction\",\"target\":[\"https:\\\/\\\/www.cuballama.com\\\/noticias\\\/rey-carlos-iii-compartira-mensaje-personal-sobre-su-cancer-en-una-transmision-televisiva\\\/\"]}]},{\"@type\":\"ImageObject\",\"inLanguage\":\"es\",\"@id\":\"https:\\\/\\\/www.cuballama.com\\\/noticias\\\/rey-carlos-iii-compartira-mensaje-personal-sobre-su-cancer-en-una-transmision-televisiva\\\/#primaryimage\",\"url\":\"https:\\\/\\\/cdn1.mediawpaccore.net\\\/wp-content\\\/uploads\\\/2025\\\/12\\\/12123200\\\/King.jpg\",\"contentUrl\":\"https:\\\/\\\/cdn1.mediawpaccore.net\\\/wp-content\\\/uploads\\\/2025\\\/12\\\/12123200\\\/King.jpg\",\"width\":1200,\"height\":633,\"caption\":\"Foto: V\u00eda https:\\\/\\\/www.whitehouse.gov\\\/ (\\\/gallery\\\/president-donald-trump-and-first-lady-melania-trump-participate-in-an-arrival-ceremony-with-king-charles-iii-and-queen-camilla-at-windsor-castle-in-windsor-england\\\/)\"},{\"@type\":\"BreadcrumbList\",\"@id\":\"https:\\\/\\\/www.cuballama.com\\\/noticias\\\/rey-carlos-iii-compartira-mensaje-personal-sobre-su-cancer-en-una-transmision-televisiva\\\/#breadcrumb\",\"itemListElement\":[{\"@type\":\"ListItem\",\"position\":1,\"name\":\"Home\",\"item\":\"https:\\\/\\\/www.cuballama.com\\\/noticias\\\/\"},{\"@type\":\"ListItem\",\"position\":2,\"name\":\"Rey Carlos III compartir\u00e1 mensaje personal sobre su c\u00e1ncer en una transmisi\u00f3n televisiva\"}]},{\"@type\":\"WebSite\",\"@id\":\"https:\\\/\\\/www.cuballama.com\\\/noticias\\\/#website\",\"url\":\"https:\\\/\\\/www.cuballama.com\\\/noticias\\\/\",\"name\":\"Cuballama Noticias\",\"description\":\"Medio digital sobre Cuba y el mundo\",\"publisher\":{\"@id\":\"https:\\\/\\\/www.cuballama.com\\\/noticias\\\/#organization\"},\"potentialAction\":[{\"@type\":\"SearchAction\",\"target\":{\"@type\":\"EntryPoint\",\"urlTemplate\":\"https:\\\/\\\/www.cuballama.com\\\/noticias\\\/?s={search_term_string}\"},\"query-input\":{\"@type\":\"PropertyValueSpecification\",\"valueRequired\":true,\"valueName\":\"search_term_string\"}}],\"inLanguage\":\"es\"},{\"@type\":\"Organization\",\"@id\":\"https:\\\/\\\/www.cuballama.com\\\/noticias\\\/#organization\",\"name\":\"Cuballama\",\"url\":\"https:\\\/\\\/www.cuballama.com\\\/noticias\\\/\",\"logo\":{\"@type\":\"ImageObject\",\"inLanguage\":\"es\",\"@id\":\"https:\\\/\\\/www.cuballama.com\\\/noticias\\\/#\\\/schema\\\/logo\\\/image\\\/\",\"url\":\"https:\\\/\\\/cdn1.mediawpaccore.net\\\/wp-content\\\/uploads\\\/2021\\\/12\\\/28171206\\\/cbll-logo-color-sm.png\",\"contentUrl\":\"https:\\\/\\\/cdn1.mediawpaccore.net\\\/wp-content\\\/uploads\\\/2021\\\/12\\\/28171206\\\/cbll-logo-color-sm.png\",\"width\":600,\"height\":133,\"caption\":\"Cuballama\"},\"image\":{\"@id\":\"https:\\\/\\\/www.cuballama.com\\\/noticias\\\/#\\\/schema\\\/logo\\\/image\\\/\"},\"sameAs\":[\"https:\\\/\\\/www.facebook.com\\\/CubaLlama\",\"https:\\\/\\\/x.com\\\/cuballama\",\"https:\\\/\\\/www.instagram.com\\\/stories\\\/cuballama_oficial\\\/\",\"https:\\\/\\\/www.youtube.com\\\/channel\\\/UCKkFE-d_axENGZcrc4as0IA\"]},{\"@type\":\"Person\",\"@id\":\"https:\\\/\\\/www.cuballama.com\\\/noticias\\\/#\\\/schema\\\/person\\\/a58502ed4146c8e9f83872e897c76cd2\",\"name\":\"Roberto A.\",\"description\":\"Roberto A. Periodista por decisi\u00f3n propia. Interesado en cualquier tema que me apasione y cada vez m\u00e1s comprometido con la verdad y la objetividad period\u00edstica. Graduado en La Habana hace ya muchos a\u00f1os, luego de una accidentada y polvorienta b\u00fasqueda de informaci\u00f3n sobre un tema in\u00e9dito. La Tesis, por cierto, desapareci\u00f3 de la biblioteca y no se conservan copias de la misma.\",\"url\":\"https:\\\/\\\/www.cuballama.com\\\/noticias\\\/author\\\/roberto\\\/\"}]}<\/script>\n<!-- \/ Yoast SEO plugin. -->","yoast_head_json":{"title":"Rey Carlos III compartir\u00e1 mensaje personal sobre su c\u00e1ncer en una transmisi\u00f3n televisiva - Cuballama Noticias","description":"Rey Carlos III compartir\u00e1 en TV un mensaje sobre su c\u00e1ncer y la importancia del cuidado, en una intervenci\u00f3n poco habitual para la monarqu\u00eda","robots":{"index":"index","follow":"follow","max-snippet":"max-snippet:-1","max-image-preview":"max-image-preview:large","max-video-preview":"max-video-preview:-1"},"canonical":"https:\/\/www.cuballama.com\/noticias\/rey-carlos-iii-compartira-mensaje-personal-sobre-su-cancer-en-una-transmision-televisiva\/","og_locale":"es_ES","og_type":"article","og_title":"Rey Carlos III compartir\u00e1 mensaje personal sobre su c\u00e1ncer en una transmisi\u00f3n televisiva - Cuballama Noticias","og_description":"Rey Carlos III compartir\u00e1 en TV un mensaje sobre su c\u00e1ncer y la importancia del cuidado, en una intervenci\u00f3n poco habitual para la monarqu\u00eda","og_url":"https:\/\/www.cuballama.com\/noticias\/rey-carlos-iii-compartira-mensaje-personal-sobre-su-cancer-en-una-transmision-televisiva\/","og_site_name":"Cuballama Noticias","article_publisher":"https:\/\/www.facebook.com\/CubaLlama","article_published_time":"2025-12-12T17:54:40+00:00","article_modified_time":"2025-12-12T17:54:43+00:00","og_image":[{"width":1200,"height":633,"url":"https:\/\/cdn1.mediawpaccore.net\/wp-content\/uploads\/2025\/12\/12123200\/King.jpg","type":"image\/jpeg"}],"author":"Roberto A.","twitter_card":"summary_large_image","twitter_creator":"@cuballama","twitter_site":"@cuballama","twitter_misc":{"Escrito por":"Roberto A.","Tiempo de lectura":"3 minutos"},"schema":{"@context":"https:\/\/schema.org","@graph":[{"@type":"Article","@id":"https:\/\/www.cuballama.com\/noticias\/rey-carlos-iii-compartira-mensaje-personal-sobre-su-cancer-en-una-transmision-televisiva\/#article","isPartOf":{"@id":"https:\/\/www.cuballama.com\/noticias\/rey-carlos-iii-compartira-mensaje-personal-sobre-su-cancer-en-una-transmision-televisiva\/"},"author":{"name":"Roberto A.","@id":"https:\/\/www.cuballama.com\/noticias\/#\/schema\/person\/a58502ed4146c8e9f83872e897c76cd2"},"headline":"Rey Carlos III compartir\u00e1 mensaje personal sobre su c\u00e1ncer en una transmisi\u00f3n televisiva","datePublished":"2025-12-12T17:54:40+00:00","dateModified":"2025-12-12T17:54:43+00:00","mainEntityOfPage":{"@id":"https:\/\/www.cuballama.com\/noticias\/rey-carlos-iii-compartira-mensaje-personal-sobre-su-cancer-en-una-transmision-televisiva\/"},"wordCount":531,"commentCount":0,"publisher":{"@id":"https:\/\/www.cuballama.com\/noticias\/#organization"},"image":{"@id":"https:\/\/www.cuballama.com\/noticias\/rey-carlos-iii-compartira-mensaje-personal-sobre-su-cancer-en-una-transmision-televisiva\/#primaryimage"},"thumbnailUrl":"https:\/\/cdn1.mediawpaccore.net\/wp-content\/uploads\/2025\/12\/12123200\/King.jpg","keywords":["campa\u00f1a m\u00e9dica","C\u00e1ncer","Carlos III","detecci\u00f3n temprana","monarqu\u00eda brit\u00e1nica","Reino Unido","salud p\u00fablica","televisi\u00f3n"],"articleSection":["Noticias","Noticias Internacionales"],"inLanguage":"es","potentialAction":[{"@type":"CommentAction","name":"Comment","target":["https:\/\/www.cuballama.com\/noticias\/rey-carlos-iii-compartira-mensaje-personal-sobre-su-cancer-en-una-transmision-televisiva\/#respond"]}]},{"@type":"WebPage","@id":"https:\/\/www.cuballama.com\/noticias\/rey-carlos-iii-compartira-mensaje-personal-sobre-su-cancer-en-una-transmision-televisiva\/","url":"https:\/\/www.cuballama.com\/noticias\/rey-carlos-iii-compartira-mensaje-personal-sobre-su-cancer-en-una-transmision-televisiva\/","name":"Rey Carlos III compartir\u00e1 mensaje personal sobre su c\u00e1ncer en una transmisi\u00f3n televisiva - Cuballama Noticias","isPartOf":{"@id":"https:\/\/www.cuballama.com\/noticias\/#website"},"primaryImageOfPage":{"@id":"https:\/\/www.cuballama.com\/noticias\/rey-carlos-iii-compartira-mensaje-personal-sobre-su-cancer-en-una-transmision-televisiva\/#primaryimage"},"image":{"@id":"https:\/\/www.cuballama.com\/noticias\/rey-carlos-iii-compartira-mensaje-personal-sobre-su-cancer-en-una-transmision-televisiva\/#primaryimage"},"thumbnailUrl":"https:\/\/cdn1.mediawpaccore.net\/wp-content\/uploads\/2025\/12\/12123200\/King.jpg","datePublished":"2025-12-12T17:54:40+00:00","dateModified":"2025-12-12T17:54:43+00:00","description":"Rey Carlos III compartir\u00e1 en TV un mensaje sobre su c\u00e1ncer y la importancia del cuidado, en una intervenci\u00f3n poco habitual para la monarqu\u00eda","breadcrumb":{"@id":"https:\/\/www.cuballama.com\/noticias\/rey-carlos-iii-compartira-mensaje-personal-sobre-su-cancer-en-una-transmision-televisiva\/#breadcrumb"},"inLanguage":"es","potentialAction":[{"@type":"ReadAction","target":["https:\/\/www.cuballama.com\/noticias\/rey-carlos-iii-compartira-mensaje-personal-sobre-su-cancer-en-una-transmision-televisiva\/"]}]},{"@type":"ImageObject","inLanguage":"es","@id":"https:\/\/www.cuballama.com\/noticias\/rey-carlos-iii-compartira-mensaje-personal-sobre-su-cancer-en-una-transmision-televisiva\/#primaryimage","url":"https:\/\/cdn1.mediawpaccore.net\/wp-content\/uploads\/2025\/12\/12123200\/King.jpg","contentUrl":"https:\/\/cdn1.mediawpaccore.net\/wp-content\/uploads\/2025\/12\/12123200\/King.jpg","width":1200,"height":633,"caption":"Foto: V\u00eda https:\/\/www.whitehouse.gov\/ (\/gallery\/president-donald-trump-and-first-lady-melania-trump-participate-in-an-arrival-ceremony-with-king-charles-iii-and-queen-camilla-at-windsor-castle-in-windsor-england\/)"},{"@type":"BreadcrumbList","@id":"https:\/\/www.cuballama.com\/noticias\/rey-carlos-iii-compartira-mensaje-personal-sobre-su-cancer-en-una-transmision-televisiva\/#breadcrumb","itemListElement":[{"@type":"ListItem","position":1,"name":"Home","item":"https:\/\/www.cuballama.com\/noticias\/"},{"@type":"ListItem","position":2,"name":"Rey Carlos III compartir\u00e1 mensaje personal sobre su c\u00e1ncer en una transmisi\u00f3n televisiva"}]},{"@type":"WebSite","@id":"https:\/\/www.cuballama.com\/noticias\/#website","url":"https:\/\/www.cuballama.com\/noticias\/","name":"Cuballama Noticias","description":"Medio digital sobre Cuba y el mundo","publisher":{"@id":"https:\/\/www.cuballama.com\/noticias\/#organization"},"potentialAction":[{"@type":"SearchAction","target":{"@type":"EntryPoint","urlTemplate":"https:\/\/www.cuballama.com\/noticias\/?s={search_term_string}"},"query-input":{"@type":"PropertyValueSpecification","valueRequired":true,"valueName":"search_term_string"}}],"inLanguage":"es"},{"@type":"Organization","@id":"https:\/\/www.cuballama.com\/noticias\/#organization","name":"Cuballama","url":"https:\/\/www.cuballama.com\/noticias\/","logo":{"@type":"ImageObject","inLanguage":"es","@id":"https:\/\/www.cuballama.com\/noticias\/#\/schema\/logo\/image\/","url":"https:\/\/cdn1.mediawpaccore.net\/wp-content\/uploads\/2021\/12\/28171206\/cbll-logo-color-sm.png","contentUrl":"https:\/\/cdn1.mediawpaccore.net\/wp-content\/uploads\/2021\/12\/28171206\/cbll-logo-color-sm.png","width":600,"height":133,"caption":"Cuballama"},"image":{"@id":"https:\/\/www.cuballama.com\/noticias\/#\/schema\/logo\/image\/"},"sameAs":["https:\/\/www.facebook.com\/CubaLlama","https:\/\/x.com\/cuballama","https:\/\/www.instagram.com\/stories\/cuballama_oficial\/","https:\/\/www.youtube.com\/channel\/UCKkFE-d_axENGZcrc4as0IA"]},{"@type":"Person","@id":"https:\/\/www.cuballama.com\/noticias\/#\/schema\/person\/a58502ed4146c8e9f83872e897c76cd2","name":"Roberto A.","description":"Roberto A. Periodista por decisi\u00f3n propia. Interesado en cualquier tema que me apasione y cada vez m\u00e1s comprometido con la verdad y la objetividad period\u00edstica. Graduado en La Habana hace ya muchos a\u00f1os, luego de una accidentada y polvorienta b\u00fasqueda de informaci\u00f3n sobre un tema in\u00e9dito. La Tesis, por cierto, desapareci\u00f3 de la biblioteca y no se conservan copias de la misma.","url":"https:\/\/www.cuballama.com\/noticias\/author\/roberto\/"}]}},"_links":{"self":[{"href":"https:\/\/www.cuballama.com\/noticias\/wp-json\/wp\/v2\/posts\/228573","targetHints":{"allow":["GET"]}}],"collection":[{"href":"https:\/\/www.cuballama.com\/noticias\/wp-json\/wp\/v2\/posts"}],"about":[{"href":"https:\/\/www.cuballama.com\/noticias\/wp-json\/wp\/v2\/types\/post"}],"author":[{"embeddable":true,"href":"https:\/\/www.cuballama.com\/noticias\/wp-json\/wp\/v2\/users\/13"}],"replies":[{"embeddable":true,"href":"https:\/\/www.cuballama.com\/noticias\/wp-json\/wp\/v2\/comments?post=228573"}],"version-history":[{"count":3,"href":"https:\/\/www.cuballama.com\/noticias\/wp-json\/wp\/v2\/posts\/228573\/revisions"}],"predecessor-version":[{"id":228577,"href":"https:\/\/www.cuballama.com\/noticias\/wp-json\/wp\/v2\/posts\/228573\/revisions\/228577"}],"wp:featuredmedia":[{"embeddable":true,"href":"https:\/\/www.cuballama.com\/noticias\/wp-json\/wp\/v2\/media\/228575"}],"wp:attachment":[{"href":"https:\/\/www.cuballama.com\/noticias\/wp-json\/wp\/v2\/media?parent=228573"}],"wp:term":[{"taxonomy":"category","embeddable":true,"href":"https:\/\/www.cuballama.com\/noticias\/wp-json\/wp\/v2\/categories?post=228573"},{"taxonomy":"post_tag","embeddable":true,"href":"https:\/\/www.cuballama.com\/noticias\/wp-json\/wp\/v2\/tags?post=228573"}],"curies":[{"name":"wp","href":"https:\/\/api.w.org\/{rel}","templated":true}]}}