{"id":228284,"date":"2025-12-10T07:57:57","date_gmt":"2025-12-10T12:57:57","guid":{"rendered":"https:\/\/www.cuballama.com\/noticias\/?p=228284"},"modified":"2025-12-10T07:57:59","modified_gmt":"2025-12-10T12:57:59","slug":"ultrack-revela-el-nombre-que-quiere-para-su-bebe-si-es-nina-vida-porque-estoy-en-contra-del-aborto","status":"publish","type":"post","link":"https:\/\/www.cuballama.com\/noticias\/ultrack-revela-el-nombre-que-quiere-para-su-bebe-si-es-nina-vida-porque-estoy-en-contra-del-aborto\/","title":{"rendered":"Ultrack revela el nombre que quiere para su beb\u00e9: \u201cSi es ni\u00f1a, Vida, porque estoy en contra del aborto\u201d"},"content":{"rendered":"\n<p>El creador de contenido cubano Jorge Batista, conocido en redes como Ultrack, volvi\u00f3 a convertirse en tema de conversaci\u00f3n entre sus m\u00e1s de medio mill\u00f3n de seguidores tras revelar, durante una din\u00e1mica de preguntas en Instagram, los nombres que tiene pensados para el beb\u00e9 que espera junto a la influencer cubana Claudia Artiles.<\/p>\n\n\n\n<p>La pareja, que ha compartido con naturalidad su proceso de embarazo, vive este momento entre curiosidad del p\u00fablico y debates que, inevitablemente, se disparan cuando un influencer mezcla vida personal con posturas ideol\u00f3gicas.<\/p>\n\n\n\n<p>A prop\u00f3sito de la pregunta directa de un seguidor (\u201c\u00bfC\u00f3mo le pondr\u00e1s a tu otro beb\u00e9?\u201d), Ultrack respondi\u00f3 sin rodeos. Si el beb\u00e9 es var\u00f3n, el nombre ser\u00e1 Castiel, inspirado en el personaje angelical de la serie Supernatural. \u201cMe gusta mucho este personaje\u2026 la he visto como tres veces y el nombre me encanta\u201d, explic\u00f3.<\/p>\n\n\n\n<p>\u201cSi es ni\u00f1a, le voy a poner Vida porque estoy a favor de la vida, estoy en contra del aborto, y es un nombre que significa bastante para los seres humanos. Sin vida, dejamos de existir\u201d, afirm\u00f3 el influencer.<\/p>\n\n\n\n<p>El comentario no pas\u00f3 inadvertido entre seguidores que apoyan su elecci\u00f3n y otros que percibieron la frase como una declaraci\u00f3n ideol\u00f3gica en un debate social complejo. Aunque Ultrack no profundiz\u00f3 en su postura, la frase \u201cestoy en contra del aborto\u201d bast\u00f3 para que surgieran opiniones divididas, especialmente en un contexto donde el tema se discute cada vez m\u00e1s desde perspectivas de salud p\u00fablica, derechos reproductivos y autonom\u00eda personal.<\/p>\n\n\n\n<p>La elecci\u00f3n de nombres tambi\u00e9n llev\u00f3 a muchos a recordar que Ultrack ya es padre de tres menores: dos ni\u00f1as, Libertad y Victoria, fruto de su relaci\u00f3n con la cantante y creadora de contenido Amanda S\u00e1nchez, y un ni\u00f1o que reside en Cuba. Claudia, por su parte, es madre de Marlon, un peque\u00f1o de dos a\u00f1os con s\u00edndrome de Down, cuya presencia en redes ha sensibilizado a gran parte de la audiencia.<\/p>\n\n\n\n<p><strong>Lea m\u00e1s: <a href=\"https:\/\/www.cuballama.com\/noticias\/despliegue-policial-en-casa-de-ultrack-por-escandalosa-batalla-de-tiktok-y-a-ustedes-les-da-gracia-eso\/\" target=\"_blank\" rel=\"noreferrer noopener\">Despliegue policial en casa de Ultrack por escandalosa batalla de TikTok: \u201c\u00bfY a ustedes les da gracia eso?\u201d<\/a><\/strong><\/p>\n\n\n\n<p>En otra pregunta, un usuario quiso saber si la pareja deseaba ni\u00f1o o ni\u00f1a. Ultrack fue transparente: \u201cA m\u00ed siempre me han gustado las ni\u00f1as, sinceramente. Yo tengo un hijo que est\u00e1 en Cuba y lo adoro, pero ya sabes que uno siempre se inclina por un sexo. Pero si sale ni\u00f1o no pasa nada\u201d.<\/p>\n\n\n\n<figure class=\"wp-block-image size-large\"><img loading=\"lazy\" decoding=\"async\" width=\"573\" height=\"1024\" src=\"https:\/\/cdn1.mediawpaccore.net\/wp-content\/uploads\/2025\/12\/10075517\/Captura-de-pantalla-2025-12-10-a-las-13.55.01-573x1024.png\" alt=\"\" class=\"wp-image-228292\" srcset=\"https:\/\/cdn1.mediawpaccore.net\/wp-content\/uploads\/2025\/12\/10075517\/Captura-de-pantalla-2025-12-10-a-las-13.55.01-573x1024.png 573w, https:\/\/cdn1.mediawpaccore.net\/wp-content\/uploads\/2025\/12\/10075517\/Captura-de-pantalla-2025-12-10-a-las-13.55.01-168x300.png 168w, https:\/\/cdn1.mediawpaccore.net\/wp-content\/uploads\/2025\/12\/10075517\/Captura-de-pantalla-2025-12-10-a-las-13.55.01-768x1372.png 768w, https:\/\/cdn1.mediawpaccore.net\/wp-content\/uploads\/2025\/12\/10075517\/Captura-de-pantalla-2025-12-10-a-las-13.55.01-235x420.png 235w, https:\/\/cdn1.mediawpaccore.net\/wp-content\/uploads\/2025\/12\/10075517\/Captura-de-pantalla-2025-12-10-a-las-13.55.01-150x268.png 150w, https:\/\/cdn1.mediawpaccore.net\/wp-content\/uploads\/2025\/12\/10075517\/Captura-de-pantalla-2025-12-10-a-las-13.55.01-300x536.png 300w, https:\/\/cdn1.mediawpaccore.net\/wp-content\/uploads\/2025\/12\/10075517\/Captura-de-pantalla-2025-12-10-a-las-13.55.01-696x1243.png 696w, https:\/\/cdn1.mediawpaccore.net\/wp-content\/uploads\/2025\/12\/10075517\/Captura-de-pantalla-2025-12-10-a-las-13.55.01.png 822w\" sizes=\"auto, (max-width: 573px) 100vw, 573px\" \/><\/figure>\n\n\n\n<p>El influencer suele mostrar una imagen cercana y emocional con sus hijas y con Marlon, lo que ha construido una narrativa de paternidad muy presente en su marca personal. Sin embargo, su comentario sobre el aborto deja ver c\u00f3mo, incluso desde din\u00e1micas aparentemente ligeras, los creadores de contenido terminan participando, voluntaria o involuntariamente, en debates sociales m\u00e1s amplios.<\/p>\n\n\n\n<p>Mientras contin\u00faa la expectativa por el beb\u00e9 en camino, la audiencia sigue reaccionando ante cada detalle que comparte la pareja, recordando que, en la era digital, incluso la elecci\u00f3n de un nombre puede convertirse en un peque\u00f1o epicentro de conversaci\u00f3n p\u00fablica.<\/p>\n","protected":false},"excerpt":{"rendered":"<p>Un seguidor le pregunt\u00f3 a Ultrack c\u00f3mo llamar\u00e1 a su beb\u00e9 con Claudia Artiles<\/p>\n","protected":false},"author":27,"featured_media":228291,"comment_status":"open","ping_status":"closed","sticky":false,"template":"","format":"standard","meta":{"_acf_changed":false,"footnotes":""},"categories":[443],"tags":[7321,1562,23580,11050,17763],"class_list":{"0":"post-228284","1":"post","2":"type-post","3":"status-publish","4":"format-standard","5":"has-post-thumbnail","7":"category-farandula","8":"tag-aborto","9":"tag-bebe","10":"tag-claudia-artiles","11":"tag-cubanos-en-miami","12":"tag-ultrack"},"acf":[],"yoast_head":"<!-- This site is optimized with the Yoast SEO plugin v27.5 - https:\/\/yoast.com\/product\/yoast-seo-wordpress\/ -->\n<title>Ultrack revela el nombre que quiere para su beb\u00e9: \u201cSi es ni\u00f1a, Vida, porque estoy en contra del aborto\u201d - Cuballama Noticias<\/title>\n<meta name=\"description\" content=\"Ultrack suele mostrar una imagen cercana con sus hijas y con Marlon, lo que ha construido una narrativa de paternidad muy presente\" \/>\n<meta name=\"robots\" content=\"index, follow, max-snippet:-1, max-image-preview:large, max-video-preview:-1\" \/>\n<link rel=\"canonical\" href=\"https:\/\/www.cuballama.com\/noticias\/ultrack-revela-el-nombre-que-quiere-para-su-bebe-si-es-nina-vida-porque-estoy-en-contra-del-aborto\/\" \/>\n<meta property=\"og:locale\" content=\"es_ES\" \/>\n<meta property=\"og:type\" content=\"article\" \/>\n<meta property=\"og:title\" content=\"Ultrack revela el nombre que quiere para su beb\u00e9: \u201cSi es ni\u00f1a, Vida, porque estoy en contra del aborto\u201d - Cuballama Noticias\" \/>\n<meta property=\"og:description\" content=\"Ultrack suele mostrar una imagen cercana con sus hijas y con Marlon, lo que ha construido una narrativa de paternidad muy presente\" \/>\n<meta property=\"og:url\" content=\"https:\/\/www.cuballama.com\/noticias\/ultrack-revela-el-nombre-que-quiere-para-su-bebe-si-es-nina-vida-porque-estoy-en-contra-del-aborto\/\" \/>\n<meta property=\"og:site_name\" content=\"Cuballama Noticias\" \/>\n<meta property=\"article:publisher\" content=\"https:\/\/www.facebook.com\/CubaLlama\" \/>\n<meta property=\"article:published_time\" content=\"2025-12-10T12:57:57+00:00\" \/>\n<meta property=\"article:modified_time\" content=\"2025-12-10T12:57:59+00:00\" \/>\n<meta property=\"og:image\" content=\"https:\/\/cdn1.mediawpaccore.net\/wp-content\/uploads\/2025\/12\/10075220\/WhatsApp-Image-2025-12-10-at-13.52.01.jpeg\" \/>\n\t<meta property=\"og:image:width\" content=\"1880\" \/>\n\t<meta property=\"og:image:height\" content=\"1328\" \/>\n\t<meta property=\"og:image:type\" content=\"image\/jpeg\" \/>\n<meta name=\"author\" content=\"Rafa\" \/>\n<meta name=\"twitter:card\" content=\"summary_large_image\" \/>\n<meta name=\"twitter:creator\" content=\"@cuballama\" \/>\n<meta name=\"twitter:site\" content=\"@cuballama\" \/>\n<meta name=\"twitter:label1\" content=\"Escrito por\" \/>\n\t<meta name=\"twitter:data1\" content=\"Rafa\" \/>\n\t<meta name=\"twitter:label2\" content=\"Tiempo de lectura\" \/>\n\t<meta name=\"twitter:data2\" content=\"3 minutos\" \/>\n<script type=\"application\/ld+json\" class=\"yoast-schema-graph\">{\"@context\":\"https:\\\/\\\/schema.org\",\"@graph\":[{\"@type\":\"Article\",\"@id\":\"https:\\\/\\\/www.cuballama.com\\\/noticias\\\/ultrack-revela-el-nombre-que-quiere-para-su-bebe-si-es-nina-vida-porque-estoy-en-contra-del-aborto\\\/#article\",\"isPartOf\":{\"@id\":\"https:\\\/\\\/www.cuballama.com\\\/noticias\\\/ultrack-revela-el-nombre-que-quiere-para-su-bebe-si-es-nina-vida-porque-estoy-en-contra-del-aborto\\\/\"},\"author\":{\"name\":\"Rafa\",\"@id\":\"https:\\\/\\\/www.cuballama.com\\\/noticias\\\/#\\\/schema\\\/person\\\/0f97914526a658755f00e59ec2a832f2\"},\"headline\":\"Ultrack revela el nombre que quiere para su beb\u00e9: \u201cSi es ni\u00f1a, Vida, porque estoy en contra del aborto\u201d\",\"datePublished\":\"2025-12-10T12:57:57+00:00\",\"dateModified\":\"2025-12-10T12:57:59+00:00\",\"mainEntityOfPage\":{\"@id\":\"https:\\\/\\\/www.cuballama.com\\\/noticias\\\/ultrack-revela-el-nombre-que-quiere-para-su-bebe-si-es-nina-vida-porque-estoy-en-contra-del-aborto\\\/\"},\"wordCount\":553,\"commentCount\":0,\"publisher\":{\"@id\":\"https:\\\/\\\/www.cuballama.com\\\/noticias\\\/#organization\"},\"image\":{\"@id\":\"https:\\\/\\\/www.cuballama.com\\\/noticias\\\/ultrack-revela-el-nombre-que-quiere-para-su-bebe-si-es-nina-vida-porque-estoy-en-contra-del-aborto\\\/#primaryimage\"},\"thumbnailUrl\":\"https:\\\/\\\/cdn1.mediawpaccore.net\\\/wp-content\\\/uploads\\\/2025\\\/12\\\/10075220\\\/WhatsApp-Image-2025-12-10-at-13.52.01.jpeg\",\"keywords\":[\"Aborto\",\"Beb\u00e9\",\"Claudia Artiles\",\"cubanos en Miami\",\"Ultrack\"],\"articleSection\":[\"Far\u00e1ndula\"],\"inLanguage\":\"es\",\"potentialAction\":[{\"@type\":\"CommentAction\",\"name\":\"Comment\",\"target\":[\"https:\\\/\\\/www.cuballama.com\\\/noticias\\\/ultrack-revela-el-nombre-que-quiere-para-su-bebe-si-es-nina-vida-porque-estoy-en-contra-del-aborto\\\/#respond\"]}]},{\"@type\":\"WebPage\",\"@id\":\"https:\\\/\\\/www.cuballama.com\\\/noticias\\\/ultrack-revela-el-nombre-que-quiere-para-su-bebe-si-es-nina-vida-porque-estoy-en-contra-del-aborto\\\/\",\"url\":\"https:\\\/\\\/www.cuballama.com\\\/noticias\\\/ultrack-revela-el-nombre-que-quiere-para-su-bebe-si-es-nina-vida-porque-estoy-en-contra-del-aborto\\\/\",\"name\":\"Ultrack revela el nombre que quiere para su beb\u00e9: \u201cSi es ni\u00f1a, Vida, porque estoy en contra del aborto\u201d - Cuballama Noticias\",\"isPartOf\":{\"@id\":\"https:\\\/\\\/www.cuballama.com\\\/noticias\\\/#website\"},\"primaryImageOfPage\":{\"@id\":\"https:\\\/\\\/www.cuballama.com\\\/noticias\\\/ultrack-revela-el-nombre-que-quiere-para-su-bebe-si-es-nina-vida-porque-estoy-en-contra-del-aborto\\\/#primaryimage\"},\"image\":{\"@id\":\"https:\\\/\\\/www.cuballama.com\\\/noticias\\\/ultrack-revela-el-nombre-que-quiere-para-su-bebe-si-es-nina-vida-porque-estoy-en-contra-del-aborto\\\/#primaryimage\"},\"thumbnailUrl\":\"https:\\\/\\\/cdn1.mediawpaccore.net\\\/wp-content\\\/uploads\\\/2025\\\/12\\\/10075220\\\/WhatsApp-Image-2025-12-10-at-13.52.01.jpeg\",\"datePublished\":\"2025-12-10T12:57:57+00:00\",\"dateModified\":\"2025-12-10T12:57:59+00:00\",\"description\":\"Ultrack suele mostrar una imagen cercana con sus hijas y con Marlon, lo que ha construido una narrativa de paternidad muy presente\",\"breadcrumb\":{\"@id\":\"https:\\\/\\\/www.cuballama.com\\\/noticias\\\/ultrack-revela-el-nombre-que-quiere-para-su-bebe-si-es-nina-vida-porque-estoy-en-contra-del-aborto\\\/#breadcrumb\"},\"inLanguage\":\"es\",\"potentialAction\":[{\"@type\":\"ReadAction\",\"target\":[\"https:\\\/\\\/www.cuballama.com\\\/noticias\\\/ultrack-revela-el-nombre-que-quiere-para-su-bebe-si-es-nina-vida-porque-estoy-en-contra-del-aborto\\\/\"]}]},{\"@type\":\"ImageObject\",\"inLanguage\":\"es\",\"@id\":\"https:\\\/\\\/www.cuballama.com\\\/noticias\\\/ultrack-revela-el-nombre-que-quiere-para-su-bebe-si-es-nina-vida-porque-estoy-en-contra-del-aborto\\\/#primaryimage\",\"url\":\"https:\\\/\\\/cdn1.mediawpaccore.net\\\/wp-content\\\/uploads\\\/2025\\\/12\\\/10075220\\\/WhatsApp-Image-2025-12-10-at-13.52.01.jpeg\",\"contentUrl\":\"https:\\\/\\\/cdn1.mediawpaccore.net\\\/wp-content\\\/uploads\\\/2025\\\/12\\\/10075220\\\/WhatsApp-Image-2025-12-10-at-13.52.01.jpeg\",\"width\":1880,\"height\":1328,\"caption\":\"Foto: Ultrack\\\/ Instagram\"},{\"@type\":\"BreadcrumbList\",\"@id\":\"https:\\\/\\\/www.cuballama.com\\\/noticias\\\/ultrack-revela-el-nombre-que-quiere-para-su-bebe-si-es-nina-vida-porque-estoy-en-contra-del-aborto\\\/#breadcrumb\",\"itemListElement\":[{\"@type\":\"ListItem\",\"position\":1,\"name\":\"Home\",\"item\":\"https:\\\/\\\/www.cuballama.com\\\/noticias\\\/\"},{\"@type\":\"ListItem\",\"position\":2,\"name\":\"Ultrack revela el nombre que quiere para su beb\u00e9: \u201cSi es ni\u00f1a, Vida, porque estoy en contra del aborto\u201d\"}]},{\"@type\":\"WebSite\",\"@id\":\"https:\\\/\\\/www.cuballama.com\\\/noticias\\\/#website\",\"url\":\"https:\\\/\\\/www.cuballama.com\\\/noticias\\\/\",\"name\":\"Cuballama Noticias\",\"description\":\"Medio digital sobre Cuba y el mundo\",\"publisher\":{\"@id\":\"https:\\\/\\\/www.cuballama.com\\\/noticias\\\/#organization\"},\"potentialAction\":[{\"@type\":\"SearchAction\",\"target\":{\"@type\":\"EntryPoint\",\"urlTemplate\":\"https:\\\/\\\/www.cuballama.com\\\/noticias\\\/?s={search_term_string}\"},\"query-input\":{\"@type\":\"PropertyValueSpecification\",\"valueRequired\":true,\"valueName\":\"search_term_string\"}}],\"inLanguage\":\"es\"},{\"@type\":\"Organization\",\"@id\":\"https:\\\/\\\/www.cuballama.com\\\/noticias\\\/#organization\",\"name\":\"Cuballama\",\"url\":\"https:\\\/\\\/www.cuballama.com\\\/noticias\\\/\",\"logo\":{\"@type\":\"ImageObject\",\"inLanguage\":\"es\",\"@id\":\"https:\\\/\\\/www.cuballama.com\\\/noticias\\\/#\\\/schema\\\/logo\\\/image\\\/\",\"url\":\"https:\\\/\\\/cdn1.mediawpaccore.net\\\/wp-content\\\/uploads\\\/2021\\\/12\\\/28171206\\\/cbll-logo-color-sm.png\",\"contentUrl\":\"https:\\\/\\\/cdn1.mediawpaccore.net\\\/wp-content\\\/uploads\\\/2021\\\/12\\\/28171206\\\/cbll-logo-color-sm.png\",\"width\":600,\"height\":133,\"caption\":\"Cuballama\"},\"image\":{\"@id\":\"https:\\\/\\\/www.cuballama.com\\\/noticias\\\/#\\\/schema\\\/logo\\\/image\\\/\"},\"sameAs\":[\"https:\\\/\\\/www.facebook.com\\\/CubaLlama\",\"https:\\\/\\\/x.com\\\/cuballama\",\"https:\\\/\\\/www.instagram.com\\\/stories\\\/cuballama_oficial\\\/\",\"https:\\\/\\\/www.youtube.com\\\/channel\\\/UCKkFE-d_axENGZcrc4as0IA\"]},{\"@type\":\"Person\",\"@id\":\"https:\\\/\\\/www.cuballama.com\\\/noticias\\\/#\\\/schema\\\/person\\\/0f97914526a658755f00e59ec2a832f2\",\"name\":\"Rafa\",\"url\":\"https:\\\/\\\/www.cuballama.com\\\/noticias\\\/author\\\/rafa\\\/\"}]}<\/script>\n<!-- \/ Yoast SEO plugin. -->","yoast_head_json":{"title":"Ultrack revela el nombre que quiere para su beb\u00e9: \u201cSi es ni\u00f1a, Vida, porque estoy en contra del aborto\u201d - Cuballama Noticias","description":"Ultrack suele mostrar una imagen cercana con sus hijas y con Marlon, lo que ha construido una narrativa de paternidad muy presente","robots":{"index":"index","follow":"follow","max-snippet":"max-snippet:-1","max-image-preview":"max-image-preview:large","max-video-preview":"max-video-preview:-1"},"canonical":"https:\/\/www.cuballama.com\/noticias\/ultrack-revela-el-nombre-que-quiere-para-su-bebe-si-es-nina-vida-porque-estoy-en-contra-del-aborto\/","og_locale":"es_ES","og_type":"article","og_title":"Ultrack revela el nombre que quiere para su beb\u00e9: \u201cSi es ni\u00f1a, Vida, porque estoy en contra del aborto\u201d - Cuballama Noticias","og_description":"Ultrack suele mostrar una imagen cercana con sus hijas y con Marlon, lo que ha construido una narrativa de paternidad muy presente","og_url":"https:\/\/www.cuballama.com\/noticias\/ultrack-revela-el-nombre-que-quiere-para-su-bebe-si-es-nina-vida-porque-estoy-en-contra-del-aborto\/","og_site_name":"Cuballama Noticias","article_publisher":"https:\/\/www.facebook.com\/CubaLlama","article_published_time":"2025-12-10T12:57:57+00:00","article_modified_time":"2025-12-10T12:57:59+00:00","og_image":[{"width":1880,"height":1328,"url":"https:\/\/cdn1.mediawpaccore.net\/wp-content\/uploads\/2025\/12\/10075220\/WhatsApp-Image-2025-12-10-at-13.52.01.jpeg","type":"image\/jpeg"}],"author":"Rafa","twitter_card":"summary_large_image","twitter_creator":"@cuballama","twitter_site":"@cuballama","twitter_misc":{"Escrito por":"Rafa","Tiempo de lectura":"3 minutos"},"schema":{"@context":"https:\/\/schema.org","@graph":[{"@type":"Article","@id":"https:\/\/www.cuballama.com\/noticias\/ultrack-revela-el-nombre-que-quiere-para-su-bebe-si-es-nina-vida-porque-estoy-en-contra-del-aborto\/#article","isPartOf":{"@id":"https:\/\/www.cuballama.com\/noticias\/ultrack-revela-el-nombre-que-quiere-para-su-bebe-si-es-nina-vida-porque-estoy-en-contra-del-aborto\/"},"author":{"name":"Rafa","@id":"https:\/\/www.cuballama.com\/noticias\/#\/schema\/person\/0f97914526a658755f00e59ec2a832f2"},"headline":"Ultrack revela el nombre que quiere para su beb\u00e9: \u201cSi es ni\u00f1a, Vida, porque estoy en contra del aborto\u201d","datePublished":"2025-12-10T12:57:57+00:00","dateModified":"2025-12-10T12:57:59+00:00","mainEntityOfPage":{"@id":"https:\/\/www.cuballama.com\/noticias\/ultrack-revela-el-nombre-que-quiere-para-su-bebe-si-es-nina-vida-porque-estoy-en-contra-del-aborto\/"},"wordCount":553,"commentCount":0,"publisher":{"@id":"https:\/\/www.cuballama.com\/noticias\/#organization"},"image":{"@id":"https:\/\/www.cuballama.com\/noticias\/ultrack-revela-el-nombre-que-quiere-para-su-bebe-si-es-nina-vida-porque-estoy-en-contra-del-aborto\/#primaryimage"},"thumbnailUrl":"https:\/\/cdn1.mediawpaccore.net\/wp-content\/uploads\/2025\/12\/10075220\/WhatsApp-Image-2025-12-10-at-13.52.01.jpeg","keywords":["Aborto","Beb\u00e9","Claudia Artiles","cubanos en Miami","Ultrack"],"articleSection":["Far\u00e1ndula"],"inLanguage":"es","potentialAction":[{"@type":"CommentAction","name":"Comment","target":["https:\/\/www.cuballama.com\/noticias\/ultrack-revela-el-nombre-que-quiere-para-su-bebe-si-es-nina-vida-porque-estoy-en-contra-del-aborto\/#respond"]}]},{"@type":"WebPage","@id":"https:\/\/www.cuballama.com\/noticias\/ultrack-revela-el-nombre-que-quiere-para-su-bebe-si-es-nina-vida-porque-estoy-en-contra-del-aborto\/","url":"https:\/\/www.cuballama.com\/noticias\/ultrack-revela-el-nombre-que-quiere-para-su-bebe-si-es-nina-vida-porque-estoy-en-contra-del-aborto\/","name":"Ultrack revela el nombre que quiere para su beb\u00e9: \u201cSi es ni\u00f1a, Vida, porque estoy en contra del aborto\u201d - Cuballama Noticias","isPartOf":{"@id":"https:\/\/www.cuballama.com\/noticias\/#website"},"primaryImageOfPage":{"@id":"https:\/\/www.cuballama.com\/noticias\/ultrack-revela-el-nombre-que-quiere-para-su-bebe-si-es-nina-vida-porque-estoy-en-contra-del-aborto\/#primaryimage"},"image":{"@id":"https:\/\/www.cuballama.com\/noticias\/ultrack-revela-el-nombre-que-quiere-para-su-bebe-si-es-nina-vida-porque-estoy-en-contra-del-aborto\/#primaryimage"},"thumbnailUrl":"https:\/\/cdn1.mediawpaccore.net\/wp-content\/uploads\/2025\/12\/10075220\/WhatsApp-Image-2025-12-10-at-13.52.01.jpeg","datePublished":"2025-12-10T12:57:57+00:00","dateModified":"2025-12-10T12:57:59+00:00","description":"Ultrack suele mostrar una imagen cercana con sus hijas y con Marlon, lo que ha construido una narrativa de paternidad muy presente","breadcrumb":{"@id":"https:\/\/www.cuballama.com\/noticias\/ultrack-revela-el-nombre-que-quiere-para-su-bebe-si-es-nina-vida-porque-estoy-en-contra-del-aborto\/#breadcrumb"},"inLanguage":"es","potentialAction":[{"@type":"ReadAction","target":["https:\/\/www.cuballama.com\/noticias\/ultrack-revela-el-nombre-que-quiere-para-su-bebe-si-es-nina-vida-porque-estoy-en-contra-del-aborto\/"]}]},{"@type":"ImageObject","inLanguage":"es","@id":"https:\/\/www.cuballama.com\/noticias\/ultrack-revela-el-nombre-que-quiere-para-su-bebe-si-es-nina-vida-porque-estoy-en-contra-del-aborto\/#primaryimage","url":"https:\/\/cdn1.mediawpaccore.net\/wp-content\/uploads\/2025\/12\/10075220\/WhatsApp-Image-2025-12-10-at-13.52.01.jpeg","contentUrl":"https:\/\/cdn1.mediawpaccore.net\/wp-content\/uploads\/2025\/12\/10075220\/WhatsApp-Image-2025-12-10-at-13.52.01.jpeg","width":1880,"height":1328,"caption":"Foto: Ultrack\/ Instagram"},{"@type":"BreadcrumbList","@id":"https:\/\/www.cuballama.com\/noticias\/ultrack-revela-el-nombre-que-quiere-para-su-bebe-si-es-nina-vida-porque-estoy-en-contra-del-aborto\/#breadcrumb","itemListElement":[{"@type":"ListItem","position":1,"name":"Home","item":"https:\/\/www.cuballama.com\/noticias\/"},{"@type":"ListItem","position":2,"name":"Ultrack revela el nombre que quiere para su beb\u00e9: \u201cSi es ni\u00f1a, Vida, porque estoy en contra del aborto\u201d"}]},{"@type":"WebSite","@id":"https:\/\/www.cuballama.com\/noticias\/#website","url":"https:\/\/www.cuballama.com\/noticias\/","name":"Cuballama Noticias","description":"Medio digital sobre Cuba y el mundo","publisher":{"@id":"https:\/\/www.cuballama.com\/noticias\/#organization"},"potentialAction":[{"@type":"SearchAction","target":{"@type":"EntryPoint","urlTemplate":"https:\/\/www.cuballama.com\/noticias\/?s={search_term_string}"},"query-input":{"@type":"PropertyValueSpecification","valueRequired":true,"valueName":"search_term_string"}}],"inLanguage":"es"},{"@type":"Organization","@id":"https:\/\/www.cuballama.com\/noticias\/#organization","name":"Cuballama","url":"https:\/\/www.cuballama.com\/noticias\/","logo":{"@type":"ImageObject","inLanguage":"es","@id":"https:\/\/www.cuballama.com\/noticias\/#\/schema\/logo\/image\/","url":"https:\/\/cdn1.mediawpaccore.net\/wp-content\/uploads\/2021\/12\/28171206\/cbll-logo-color-sm.png","contentUrl":"https:\/\/cdn1.mediawpaccore.net\/wp-content\/uploads\/2021\/12\/28171206\/cbll-logo-color-sm.png","width":600,"height":133,"caption":"Cuballama"},"image":{"@id":"https:\/\/www.cuballama.com\/noticias\/#\/schema\/logo\/image\/"},"sameAs":["https:\/\/www.facebook.com\/CubaLlama","https:\/\/x.com\/cuballama","https:\/\/www.instagram.com\/stories\/cuballama_oficial\/","https:\/\/www.youtube.com\/channel\/UCKkFE-d_axENGZcrc4as0IA"]},{"@type":"Person","@id":"https:\/\/www.cuballama.com\/noticias\/#\/schema\/person\/0f97914526a658755f00e59ec2a832f2","name":"Rafa","url":"https:\/\/www.cuballama.com\/noticias\/author\/rafa\/"}]}},"_links":{"self":[{"href":"https:\/\/www.cuballama.com\/noticias\/wp-json\/wp\/v2\/posts\/228284","targetHints":{"allow":["GET"]}}],"collection":[{"href":"https:\/\/www.cuballama.com\/noticias\/wp-json\/wp\/v2\/posts"}],"about":[{"href":"https:\/\/www.cuballama.com\/noticias\/wp-json\/wp\/v2\/types\/post"}],"author":[{"embeddable":true,"href":"https:\/\/www.cuballama.com\/noticias\/wp-json\/wp\/v2\/users\/27"}],"replies":[{"embeddable":true,"href":"https:\/\/www.cuballama.com\/noticias\/wp-json\/wp\/v2\/comments?post=228284"}],"version-history":[{"count":1,"href":"https:\/\/www.cuballama.com\/noticias\/wp-json\/wp\/v2\/posts\/228284\/revisions"}],"predecessor-version":[{"id":228293,"href":"https:\/\/www.cuballama.com\/noticias\/wp-json\/wp\/v2\/posts\/228284\/revisions\/228293"}],"wp:featuredmedia":[{"embeddable":true,"href":"https:\/\/www.cuballama.com\/noticias\/wp-json\/wp\/v2\/media\/228291"}],"wp:attachment":[{"href":"https:\/\/www.cuballama.com\/noticias\/wp-json\/wp\/v2\/media?parent=228284"}],"wp:term":[{"taxonomy":"category","embeddable":true,"href":"https:\/\/www.cuballama.com\/noticias\/wp-json\/wp\/v2\/categories?post=228284"},{"taxonomy":"post_tag","embeddable":true,"href":"https:\/\/www.cuballama.com\/noticias\/wp-json\/wp\/v2\/tags?post=228284"}],"curies":[{"name":"wp","href":"https:\/\/api.w.org\/{rel}","templated":true}]}}