{"id":228280,"date":"2025-12-14T08:12:39","date_gmt":"2025-12-14T13:12:39","guid":{"rendered":"https:\/\/www.cuballama.com\/noticias\/?p=228280"},"modified":"2025-12-14T08:12:42","modified_gmt":"2025-12-14T13:12:42","slug":"tal-vez-los-cubanos-deberian-saber-el-futuro-que-tienen-en-sus-manos","status":"publish","type":"post","link":"https:\/\/www.cuballama.com\/noticias\/tal-vez-los-cubanos-deberian-saber-el-futuro-que-tienen-en-sus-manos\/","title":{"rendered":"Tal vez los cubanos deber\u00edan saber el futuro que tienen en sus manos"},"content":{"rendered":"\n<p>Los cubanos han pasado tanto tiempo acostumbrados a pensar el futuro en clave de escasez, apagones y cola, que casi parece ciencia ficci\u00f3n imaginar otra cosa. Pero si uno junta algunas piezas que ya existen \u2013la posici\u00f3n geogr\u00e1fica de la isla, la di\u00e1spora, la mano de obra relativamente calificada y la experiencia de otros pa\u00edses que salieron de sistemas cerrados\u2013, el futuro posible para Cuba deja de ser un sue\u00f1o abstracto y se convierte en algo inc\u00f3modo: una oportunidad real, enorme, que depende menos de la caridad ajena y m\u00e1s de las decisiones que se tomen puertas adentro.<\/p>\n\n\n\n<p>Porque Cuba no es solo un pa\u00eds empobrecido. <strong>Es un pa\u00eds arruinado sentado encima de un activo que otros han convertido en oro<\/strong>: ubicaci\u00f3n estrat\u00e9gica en medio de rutas mar\u00edtimas, a 90 millas de Estados Unidos, a un salto de M\u00e9xico y Centroam\u00e9rica, frente al canal de Panam\u00e1, con puertos naturales, aeropuertos ya construidos y una marca tur\u00edstica que existe incluso en medio del desastre. Miremos el ejemplo de Punta Cana y del turismo en Rep\u00fablica Dominicana de modo general&#8230;. Lo que hoy se vive como condena \u2013insularidad, dependencia del mar, vulnerabilidad\u2013 es, en condiciones normales, precisamente lo que convierte a un territorio en hub log\u00edstico, tur\u00edstico y de servicios.<\/p>\n\n\n\n<p>Adem\u00e1s, a pesar del deterioro educativo y la fuga masiva de talento, Cuba sigue teniendo algo que muchos vecinos envidiar\u00edan: una masa de gente que sabe leer, escribir, hacer cuentas, resolver problemas t\u00e9cnicos b\u00e1sicos y que, cuando sale al mundo, se coloca relativamente r\u00e1pido. Esa es la base de cualquier reconstrucci\u00f3n: no solo cemento y acero, sino gente capaz de aprender, adaptarse y levantar cosas nuevas.<\/p>\n\n\n\n<p>Lo que falta no es un \u201cdescubridor\u201d que un d\u00eda mire el mapa y diga: <em>\u201cVayamos a invertir en Cuba\u201d<\/em>. Eso ya est\u00e1 dicho hace d\u00e9cadas. Lo que falta es lo que otros pa\u00edses s\u00ed hicieron cuando decidieron dejar atr\u00e1s la ruina.<\/p>\n\n\n\n<p>Vietnam, despu\u00e9s de la guerra y del socialismo duro, abri\u00f3 su econom\u00eda, dej\u00f3 respirar al sector privado, garantiz\u00f3 reglas m\u00e1s claras para el inversor y se integr\u00f3 al comercio global. Polonia y otros pa\u00edses del Este, despu\u00e9s de 1989, aceptaron el trago amargo de las reformas, protegieron lo que pudieron y se subieron al tren de la Uni\u00f3n Europea. Panam\u00e1 entendi\u00f3 que su canal no era solo un pasillo de barcos, sino el eje de un sistema de puertos, log\u00edstica, banca y servicios que pod\u00eda sostener a todo el pa\u00eds.<\/p>\n\n\n\n<p>Ninguno de esos casos es perfecto. Tienen desigualdades, corrupci\u00f3n, problemas serios, gente pobre. Pero hay un punto b\u00e1sico: dejaron de pelearse con la realidad. Aceptaron que sin propiedad privada, sin seguridad jur\u00eddica y sin apertura al mundo, no hay milagro que aguante.<\/p>\n\n\n\n<p>Aplicado a Cuba, eso significa que un eventual cambio pol\u00edtico podr\u00eda activar, casi en cadena, cosas que hoy parecen impensables. El levantamiento de sanciones y el regreso formal a los circuitos financieros internacionales no ser\u00edan un regalo, sino un acelerador: acceso a cr\u00e9ditos de organismos como el Banco Mundial, el BID o bancos europeos para reconstruir electricidad, carreteras, agua y hospitales; luz verde para que empresas de log\u00edstica, turismo, telecomunicaciones y energ\u00edas renovables se planteen proyectos a 10 o 20 a\u00f1os; un marco para que la di\u00e1spora deje de mandar solo remesas y pueda invertir en serio, con garant\u00edas razonables de que no le van a arrebatar todo de un plumazo.<\/p>\n\n\n\n<p>Eso no convierte la vida del cubano en un para\u00edso en dos inviernos, pero s\u00ed puede cambiar el aire en pocos a\u00f1os. Primero, estabilizar: m\u00e1s comida, m\u00e1s medicinas, menos apagones, menos mercado negro para sobrevivir. Luego, reconstruir: obras visibles, empleo mejor pagado, servicios que empiezan a funcionar. Despu\u00e9s, si hay disciplina y continuidad, crecimiento sostenido que vaya cerrando la brecha con el resto de la regi\u00f3n.<\/p>\n\n\n\n<p>El futuro brillante del que se habla en teor\u00eda es esto: una isla que aprovecha su posici\u00f3n para ser centro de tr\u00e1nsito de mercanc\u00edas, de turismo diversificado y no solo de todo incluido barato, de servicios profesionales y tecnol\u00f3gicos apoyados en una poblaci\u00f3n educada y en una di\u00e1spora conectada con medio mundo. Una Cuba donde el cubano pueda elegir quedarse no solo por nostalgia, sino porque ve sentido econ\u00f3mico en hacerlo.<\/p>\n\n\n\n<p>La parte dura es que nada de eso est\u00e1 garantizado y los cubanos tienen que saberlo. Tienen que saber adem\u00e1s que no ser\u00e1 cosa de hoy para ma\u00f1ana. No basta con que Estados Unidos, China y Europa \u201cquieran ayudar\u201d, ni con que un grupo de magnates diga que le gustar\u00eda reconstruir el Malec\u00f3n. El verdadero interruptor est\u00e1 en otra parte: <strong>en que exista un gobierno dispuesto a dejar de controlar cada tornillo<\/strong>, asumir que <strong>el Estado no puede ser empresario total<\/strong> y entender que el mejor plan de desarrollo es <strong>dejar de estorbar a quienes s\u00ed saben crear valor.<\/strong><\/p>\n\n\n\n<p>Tal vez los cubanos deber\u00edan saber que el futuro que tienen en sus manos no es solo la posibilidad de que todo siga como est\u00e1, un poco peor cada a\u00f1o. Tambi\u00e9n es la posibilidad \u2013dif\u00edcil, trabajosa, llena de riesgos\u2013 de un pa\u00eds que, con las reglas correctas, tiene todo para convertirse en una historia de recuperaci\u00f3n espectacular. No depende de un milagro geopol\u00edtico ni de que un multimillonario caprichoso decida jugar al benefactor. Depende, sobre todo, de atreverse a cambiar las reglas que hoy condenan a la isla a vivir muy por debajo de lo que ya podr\u00eda ser.<\/p>\n","protected":false},"excerpt":{"rendered":"<p>Cuba carga con d\u00e9cadas de deterioro, pero su futuro podr\u00eda ser radicalmente distinto si cambia las reglas que hoy frenan cualquier progreso. La isla posee ventajas estrat\u00e9gicas \u2014posici\u00f3n geogr\u00e1fica, capital humano, di\u00e1spora conectada\u2014 que han permitido a otros pa\u00edses similares transformarse tras abandonar modelos cerrados. Vietnam, Polonia o Panam\u00e1 muestran que, con instituciones estables, propiedad privada y apertura al mundo, la recuperaci\u00f3n es posible. El potencial de Cuba no es una fantas\u00eda; es una oportunidad concreta que depende de decisiones internas, no de milagros externos.<\/p>\n","protected":false},"author":13,"featured_media":92462,"comment_status":"open","ping_status":"closed","sticky":false,"template":"","format":"standard","meta":{"_acf_changed":false,"footnotes":""},"categories":[9667],"tags":[11,12481,19240,516,20461,792,4549,29500],"class_list":{"0":"post-228280","1":"post","2":"type-post","3":"status-publish","4":"format-standard","5":"has-post-thumbnail","7":"category-opinion","8":"tag-cuba","9":"tag-desarrollo","10":"tag-diaspora-3","11":"tag-economia","12":"tag-futuro","13":"tag-inversion-extranjera","14":"tag-reformas","15":"tag-transicion"},"acf":[],"yoast_head":"<!-- This site is optimized with the Yoast SEO plugin v27.5 - https:\/\/yoast.com\/product\/yoast-seo-wordpress\/ -->\n<title>Tal vez los cubanos deber\u00edan saber el futuro que tienen en sus manos - Cuballama Noticias<\/title>\n<meta name=\"description\" content=\"Cuba podr\u00eda transformarse si cambia su modelo: ubicaci\u00f3n, capital humano y apertura permitir\u00edan una recuperaci\u00f3n real y r\u00e1pida.\" \/>\n<meta name=\"robots\" content=\"index, follow, max-snippet:-1, max-image-preview:large, max-video-preview:-1\" \/>\n<link rel=\"canonical\" href=\"https:\/\/www.cuballama.com\/noticias\/tal-vez-los-cubanos-deberian-saber-el-futuro-que-tienen-en-sus-manos\/\" \/>\n<meta property=\"og:locale\" content=\"es_ES\" \/>\n<meta property=\"og:type\" content=\"article\" \/>\n<meta property=\"og:title\" content=\"Tal vez los cubanos deber\u00edan saber el futuro que tienen en sus manos - Cuballama Noticias\" \/>\n<meta property=\"og:description\" content=\"Cuba podr\u00eda transformarse si cambia su modelo: ubicaci\u00f3n, capital humano y apertura permitir\u00edan una recuperaci\u00f3n real y r\u00e1pida.\" \/>\n<meta property=\"og:url\" content=\"https:\/\/www.cuballama.com\/noticias\/tal-vez-los-cubanos-deberian-saber-el-futuro-que-tienen-en-sus-manos\/\" \/>\n<meta property=\"og:site_name\" content=\"Cuballama Noticias\" \/>\n<meta property=\"article:publisher\" content=\"https:\/\/www.facebook.com\/CubaLlama\" \/>\n<meta property=\"article:published_time\" content=\"2025-12-14T13:12:39+00:00\" \/>\n<meta property=\"article:modified_time\" content=\"2025-12-14T13:12:42+00:00\" \/>\n<meta property=\"og:image\" content=\"https:\/\/cdn1.mediawpaccore.net\/wp-content\/uploads\/2022\/04\/26110746\/comercios-cuba.jpg\" \/>\n\t<meta property=\"og:image:width\" content=\"1199\" \/>\n\t<meta property=\"og:image:height\" content=\"630\" \/>\n\t<meta property=\"og:image:type\" content=\"image\/jpeg\" \/>\n<meta name=\"author\" content=\"Roberto A.\" \/>\n<meta name=\"twitter:card\" content=\"summary_large_image\" \/>\n<meta name=\"twitter:creator\" content=\"@cuballama\" \/>\n<meta name=\"twitter:site\" content=\"@cuballama\" \/>\n<meta name=\"twitter:label1\" content=\"Escrito por\" \/>\n\t<meta name=\"twitter:data1\" content=\"Roberto A.\" \/>\n\t<meta name=\"twitter:label2\" content=\"Tiempo de lectura\" \/>\n\t<meta name=\"twitter:data2\" content=\"5 minutos\" \/>\n<script type=\"application\/ld+json\" class=\"yoast-schema-graph\">{\"@context\":\"https:\\\/\\\/schema.org\",\"@graph\":[{\"@type\":\"Article\",\"@id\":\"https:\\\/\\\/www.cuballama.com\\\/noticias\\\/tal-vez-los-cubanos-deberian-saber-el-futuro-que-tienen-en-sus-manos\\\/#article\",\"isPartOf\":{\"@id\":\"https:\\\/\\\/www.cuballama.com\\\/noticias\\\/tal-vez-los-cubanos-deberian-saber-el-futuro-que-tienen-en-sus-manos\\\/\"},\"author\":{\"name\":\"Roberto A.\",\"@id\":\"https:\\\/\\\/www.cuballama.com\\\/noticias\\\/#\\\/schema\\\/person\\\/a58502ed4146c8e9f83872e897c76cd2\"},\"headline\":\"Tal vez los cubanos deber\u00edan saber el futuro que tienen en sus manos\",\"datePublished\":\"2025-12-14T13:12:39+00:00\",\"dateModified\":\"2025-12-14T13:12:42+00:00\",\"mainEntityOfPage\":{\"@id\":\"https:\\\/\\\/www.cuballama.com\\\/noticias\\\/tal-vez-los-cubanos-deberian-saber-el-futuro-que-tienen-en-sus-manos\\\/\"},\"wordCount\":980,\"commentCount\":0,\"publisher\":{\"@id\":\"https:\\\/\\\/www.cuballama.com\\\/noticias\\\/#organization\"},\"image\":{\"@id\":\"https:\\\/\\\/www.cuballama.com\\\/noticias\\\/tal-vez-los-cubanos-deberian-saber-el-futuro-que-tienen-en-sus-manos\\\/#primaryimage\"},\"thumbnailUrl\":\"https:\\\/\\\/cdn1.mediawpaccore.net\\\/wp-content\\\/uploads\\\/2022\\\/04\\\/26110746\\\/comercios-cuba.jpg\",\"keywords\":[\"Cuba\",\"Desarrollo\",\"Di\u00e1spora\",\"Econom\u00eda\",\"Futuro\",\"inversi\u00f3n extranjera\",\"Reformas\",\"transici\u00f3n\"],\"articleSection\":[\"Opini\u00f3n\"],\"inLanguage\":\"es\",\"potentialAction\":[{\"@type\":\"CommentAction\",\"name\":\"Comment\",\"target\":[\"https:\\\/\\\/www.cuballama.com\\\/noticias\\\/tal-vez-los-cubanos-deberian-saber-el-futuro-que-tienen-en-sus-manos\\\/#respond\"]}]},{\"@type\":\"WebPage\",\"@id\":\"https:\\\/\\\/www.cuballama.com\\\/noticias\\\/tal-vez-los-cubanos-deberian-saber-el-futuro-que-tienen-en-sus-manos\\\/\",\"url\":\"https:\\\/\\\/www.cuballama.com\\\/noticias\\\/tal-vez-los-cubanos-deberian-saber-el-futuro-que-tienen-en-sus-manos\\\/\",\"name\":\"Tal vez los cubanos deber\u00edan saber el futuro que tienen en sus manos - Cuballama Noticias\",\"isPartOf\":{\"@id\":\"https:\\\/\\\/www.cuballama.com\\\/noticias\\\/#website\"},\"primaryImageOfPage\":{\"@id\":\"https:\\\/\\\/www.cuballama.com\\\/noticias\\\/tal-vez-los-cubanos-deberian-saber-el-futuro-que-tienen-en-sus-manos\\\/#primaryimage\"},\"image\":{\"@id\":\"https:\\\/\\\/www.cuballama.com\\\/noticias\\\/tal-vez-los-cubanos-deberian-saber-el-futuro-que-tienen-en-sus-manos\\\/#primaryimage\"},\"thumbnailUrl\":\"https:\\\/\\\/cdn1.mediawpaccore.net\\\/wp-content\\\/uploads\\\/2022\\\/04\\\/26110746\\\/comercios-cuba.jpg\",\"datePublished\":\"2025-12-14T13:12:39+00:00\",\"dateModified\":\"2025-12-14T13:12:42+00:00\",\"description\":\"Cuba podr\u00eda transformarse si cambia su modelo: ubicaci\u00f3n, capital humano y apertura permitir\u00edan una recuperaci\u00f3n real y r\u00e1pida.\",\"breadcrumb\":{\"@id\":\"https:\\\/\\\/www.cuballama.com\\\/noticias\\\/tal-vez-los-cubanos-deberian-saber-el-futuro-que-tienen-en-sus-manos\\\/#breadcrumb\"},\"inLanguage\":\"es\",\"potentialAction\":[{\"@type\":\"ReadAction\",\"target\":[\"https:\\\/\\\/www.cuballama.com\\\/noticias\\\/tal-vez-los-cubanos-deberian-saber-el-futuro-que-tienen-en-sus-manos\\\/\"]}]},{\"@type\":\"ImageObject\",\"inLanguage\":\"es\",\"@id\":\"https:\\\/\\\/www.cuballama.com\\\/noticias\\\/tal-vez-los-cubanos-deberian-saber-el-futuro-que-tienen-en-sus-manos\\\/#primaryimage\",\"url\":\"https:\\\/\\\/cdn1.mediawpaccore.net\\\/wp-content\\\/uploads\\\/2022\\\/04\\\/26110746\\\/comercios-cuba.jpg\",\"contentUrl\":\"https:\\\/\\\/cdn1.mediawpaccore.net\\\/wp-content\\\/uploads\\\/2022\\\/04\\\/26110746\\\/comercios-cuba.jpg\",\"width\":1199,\"height\":630,\"caption\":\"Una imagen que ilustra los pr\u00f3speros comercios privados cubanos antes de 1959 y los comercios estatales cubanos en el 2019. Foto: Composicion v\u00eda Facebook\"},{\"@type\":\"BreadcrumbList\",\"@id\":\"https:\\\/\\\/www.cuballama.com\\\/noticias\\\/tal-vez-los-cubanos-deberian-saber-el-futuro-que-tienen-en-sus-manos\\\/#breadcrumb\",\"itemListElement\":[{\"@type\":\"ListItem\",\"position\":1,\"name\":\"Home\",\"item\":\"https:\\\/\\\/www.cuballama.com\\\/noticias\\\/\"},{\"@type\":\"ListItem\",\"position\":2,\"name\":\"Tal vez los cubanos deber\u00edan saber el futuro que tienen en sus manos\"}]},{\"@type\":\"WebSite\",\"@id\":\"https:\\\/\\\/www.cuballama.com\\\/noticias\\\/#website\",\"url\":\"https:\\\/\\\/www.cuballama.com\\\/noticias\\\/\",\"name\":\"Cuballama Noticias\",\"description\":\"Medio digital sobre Cuba y el mundo\",\"publisher\":{\"@id\":\"https:\\\/\\\/www.cuballama.com\\\/noticias\\\/#organization\"},\"potentialAction\":[{\"@type\":\"SearchAction\",\"target\":{\"@type\":\"EntryPoint\",\"urlTemplate\":\"https:\\\/\\\/www.cuballama.com\\\/noticias\\\/?s={search_term_string}\"},\"query-input\":{\"@type\":\"PropertyValueSpecification\",\"valueRequired\":true,\"valueName\":\"search_term_string\"}}],\"inLanguage\":\"es\"},{\"@type\":\"Organization\",\"@id\":\"https:\\\/\\\/www.cuballama.com\\\/noticias\\\/#organization\",\"name\":\"Cuballama\",\"url\":\"https:\\\/\\\/www.cuballama.com\\\/noticias\\\/\",\"logo\":{\"@type\":\"ImageObject\",\"inLanguage\":\"es\",\"@id\":\"https:\\\/\\\/www.cuballama.com\\\/noticias\\\/#\\\/schema\\\/logo\\\/image\\\/\",\"url\":\"https:\\\/\\\/cdn1.mediawpaccore.net\\\/wp-content\\\/uploads\\\/2021\\\/12\\\/28171206\\\/cbll-logo-color-sm.png\",\"contentUrl\":\"https:\\\/\\\/cdn1.mediawpaccore.net\\\/wp-content\\\/uploads\\\/2021\\\/12\\\/28171206\\\/cbll-logo-color-sm.png\",\"width\":600,\"height\":133,\"caption\":\"Cuballama\"},\"image\":{\"@id\":\"https:\\\/\\\/www.cuballama.com\\\/noticias\\\/#\\\/schema\\\/logo\\\/image\\\/\"},\"sameAs\":[\"https:\\\/\\\/www.facebook.com\\\/CubaLlama\",\"https:\\\/\\\/x.com\\\/cuballama\",\"https:\\\/\\\/www.instagram.com\\\/stories\\\/cuballama_oficial\\\/\",\"https:\\\/\\\/www.youtube.com\\\/channel\\\/UCKkFE-d_axENGZcrc4as0IA\"]},{\"@type\":\"Person\",\"@id\":\"https:\\\/\\\/www.cuballama.com\\\/noticias\\\/#\\\/schema\\\/person\\\/a58502ed4146c8e9f83872e897c76cd2\",\"name\":\"Roberto A.\",\"description\":\"Roberto A. Periodista por decisi\u00f3n propia. Interesado en cualquier tema que me apasione y cada vez m\u00e1s comprometido con la verdad y la objetividad period\u00edstica. Graduado en La Habana hace ya muchos a\u00f1os, luego de una accidentada y polvorienta b\u00fasqueda de informaci\u00f3n sobre un tema in\u00e9dito. La Tesis, por cierto, desapareci\u00f3 de la biblioteca y no se conservan copias de la misma.\",\"url\":\"https:\\\/\\\/www.cuballama.com\\\/noticias\\\/author\\\/roberto\\\/\"}]}<\/script>\n<!-- \/ Yoast SEO plugin. -->","yoast_head_json":{"title":"Tal vez los cubanos deber\u00edan saber el futuro que tienen en sus manos - Cuballama Noticias","description":"Cuba podr\u00eda transformarse si cambia su modelo: ubicaci\u00f3n, capital humano y apertura permitir\u00edan una recuperaci\u00f3n real y r\u00e1pida.","robots":{"index":"index","follow":"follow","max-snippet":"max-snippet:-1","max-image-preview":"max-image-preview:large","max-video-preview":"max-video-preview:-1"},"canonical":"https:\/\/www.cuballama.com\/noticias\/tal-vez-los-cubanos-deberian-saber-el-futuro-que-tienen-en-sus-manos\/","og_locale":"es_ES","og_type":"article","og_title":"Tal vez los cubanos deber\u00edan saber el futuro que tienen en sus manos - Cuballama Noticias","og_description":"Cuba podr\u00eda transformarse si cambia su modelo: ubicaci\u00f3n, capital humano y apertura permitir\u00edan una recuperaci\u00f3n real y r\u00e1pida.","og_url":"https:\/\/www.cuballama.com\/noticias\/tal-vez-los-cubanos-deberian-saber-el-futuro-que-tienen-en-sus-manos\/","og_site_name":"Cuballama Noticias","article_publisher":"https:\/\/www.facebook.com\/CubaLlama","article_published_time":"2025-12-14T13:12:39+00:00","article_modified_time":"2025-12-14T13:12:42+00:00","og_image":[{"width":1199,"height":630,"url":"https:\/\/cdn1.mediawpaccore.net\/wp-content\/uploads\/2022\/04\/26110746\/comercios-cuba.jpg","type":"image\/jpeg"}],"author":"Roberto A.","twitter_card":"summary_large_image","twitter_creator":"@cuballama","twitter_site":"@cuballama","twitter_misc":{"Escrito por":"Roberto A.","Tiempo de lectura":"5 minutos"},"schema":{"@context":"https:\/\/schema.org","@graph":[{"@type":"Article","@id":"https:\/\/www.cuballama.com\/noticias\/tal-vez-los-cubanos-deberian-saber-el-futuro-que-tienen-en-sus-manos\/#article","isPartOf":{"@id":"https:\/\/www.cuballama.com\/noticias\/tal-vez-los-cubanos-deberian-saber-el-futuro-que-tienen-en-sus-manos\/"},"author":{"name":"Roberto A.","@id":"https:\/\/www.cuballama.com\/noticias\/#\/schema\/person\/a58502ed4146c8e9f83872e897c76cd2"},"headline":"Tal vez los cubanos deber\u00edan saber el futuro que tienen en sus manos","datePublished":"2025-12-14T13:12:39+00:00","dateModified":"2025-12-14T13:12:42+00:00","mainEntityOfPage":{"@id":"https:\/\/www.cuballama.com\/noticias\/tal-vez-los-cubanos-deberian-saber-el-futuro-que-tienen-en-sus-manos\/"},"wordCount":980,"commentCount":0,"publisher":{"@id":"https:\/\/www.cuballama.com\/noticias\/#organization"},"image":{"@id":"https:\/\/www.cuballama.com\/noticias\/tal-vez-los-cubanos-deberian-saber-el-futuro-que-tienen-en-sus-manos\/#primaryimage"},"thumbnailUrl":"https:\/\/cdn1.mediawpaccore.net\/wp-content\/uploads\/2022\/04\/26110746\/comercios-cuba.jpg","keywords":["Cuba","Desarrollo","Di\u00e1spora","Econom\u00eda","Futuro","inversi\u00f3n extranjera","Reformas","transici\u00f3n"],"articleSection":["Opini\u00f3n"],"inLanguage":"es","potentialAction":[{"@type":"CommentAction","name":"Comment","target":["https:\/\/www.cuballama.com\/noticias\/tal-vez-los-cubanos-deberian-saber-el-futuro-que-tienen-en-sus-manos\/#respond"]}]},{"@type":"WebPage","@id":"https:\/\/www.cuballama.com\/noticias\/tal-vez-los-cubanos-deberian-saber-el-futuro-que-tienen-en-sus-manos\/","url":"https:\/\/www.cuballama.com\/noticias\/tal-vez-los-cubanos-deberian-saber-el-futuro-que-tienen-en-sus-manos\/","name":"Tal vez los cubanos deber\u00edan saber el futuro que tienen en sus manos - Cuballama Noticias","isPartOf":{"@id":"https:\/\/www.cuballama.com\/noticias\/#website"},"primaryImageOfPage":{"@id":"https:\/\/www.cuballama.com\/noticias\/tal-vez-los-cubanos-deberian-saber-el-futuro-que-tienen-en-sus-manos\/#primaryimage"},"image":{"@id":"https:\/\/www.cuballama.com\/noticias\/tal-vez-los-cubanos-deberian-saber-el-futuro-que-tienen-en-sus-manos\/#primaryimage"},"thumbnailUrl":"https:\/\/cdn1.mediawpaccore.net\/wp-content\/uploads\/2022\/04\/26110746\/comercios-cuba.jpg","datePublished":"2025-12-14T13:12:39+00:00","dateModified":"2025-12-14T13:12:42+00:00","description":"Cuba podr\u00eda transformarse si cambia su modelo: ubicaci\u00f3n, capital humano y apertura permitir\u00edan una recuperaci\u00f3n real y r\u00e1pida.","breadcrumb":{"@id":"https:\/\/www.cuballama.com\/noticias\/tal-vez-los-cubanos-deberian-saber-el-futuro-que-tienen-en-sus-manos\/#breadcrumb"},"inLanguage":"es","potentialAction":[{"@type":"ReadAction","target":["https:\/\/www.cuballama.com\/noticias\/tal-vez-los-cubanos-deberian-saber-el-futuro-que-tienen-en-sus-manos\/"]}]},{"@type":"ImageObject","inLanguage":"es","@id":"https:\/\/www.cuballama.com\/noticias\/tal-vez-los-cubanos-deberian-saber-el-futuro-que-tienen-en-sus-manos\/#primaryimage","url":"https:\/\/cdn1.mediawpaccore.net\/wp-content\/uploads\/2022\/04\/26110746\/comercios-cuba.jpg","contentUrl":"https:\/\/cdn1.mediawpaccore.net\/wp-content\/uploads\/2022\/04\/26110746\/comercios-cuba.jpg","width":1199,"height":630,"caption":"Una imagen que ilustra los pr\u00f3speros comercios privados cubanos antes de 1959 y los comercios estatales cubanos en el 2019. Foto: Composicion v\u00eda Facebook"},{"@type":"BreadcrumbList","@id":"https:\/\/www.cuballama.com\/noticias\/tal-vez-los-cubanos-deberian-saber-el-futuro-que-tienen-en-sus-manos\/#breadcrumb","itemListElement":[{"@type":"ListItem","position":1,"name":"Home","item":"https:\/\/www.cuballama.com\/noticias\/"},{"@type":"ListItem","position":2,"name":"Tal vez los cubanos deber\u00edan saber el futuro que tienen en sus manos"}]},{"@type":"WebSite","@id":"https:\/\/www.cuballama.com\/noticias\/#website","url":"https:\/\/www.cuballama.com\/noticias\/","name":"Cuballama Noticias","description":"Medio digital sobre Cuba y el mundo","publisher":{"@id":"https:\/\/www.cuballama.com\/noticias\/#organization"},"potentialAction":[{"@type":"SearchAction","target":{"@type":"EntryPoint","urlTemplate":"https:\/\/www.cuballama.com\/noticias\/?s={search_term_string}"},"query-input":{"@type":"PropertyValueSpecification","valueRequired":true,"valueName":"search_term_string"}}],"inLanguage":"es"},{"@type":"Organization","@id":"https:\/\/www.cuballama.com\/noticias\/#organization","name":"Cuballama","url":"https:\/\/www.cuballama.com\/noticias\/","logo":{"@type":"ImageObject","inLanguage":"es","@id":"https:\/\/www.cuballama.com\/noticias\/#\/schema\/logo\/image\/","url":"https:\/\/cdn1.mediawpaccore.net\/wp-content\/uploads\/2021\/12\/28171206\/cbll-logo-color-sm.png","contentUrl":"https:\/\/cdn1.mediawpaccore.net\/wp-content\/uploads\/2021\/12\/28171206\/cbll-logo-color-sm.png","width":600,"height":133,"caption":"Cuballama"},"image":{"@id":"https:\/\/www.cuballama.com\/noticias\/#\/schema\/logo\/image\/"},"sameAs":["https:\/\/www.facebook.com\/CubaLlama","https:\/\/x.com\/cuballama","https:\/\/www.instagram.com\/stories\/cuballama_oficial\/","https:\/\/www.youtube.com\/channel\/UCKkFE-d_axENGZcrc4as0IA"]},{"@type":"Person","@id":"https:\/\/www.cuballama.com\/noticias\/#\/schema\/person\/a58502ed4146c8e9f83872e897c76cd2","name":"Roberto A.","description":"Roberto A. Periodista por decisi\u00f3n propia. Interesado en cualquier tema que me apasione y cada vez m\u00e1s comprometido con la verdad y la objetividad period\u00edstica. Graduado en La Habana hace ya muchos a\u00f1os, luego de una accidentada y polvorienta b\u00fasqueda de informaci\u00f3n sobre un tema in\u00e9dito. La Tesis, por cierto, desapareci\u00f3 de la biblioteca y no se conservan copias de la misma.","url":"https:\/\/www.cuballama.com\/noticias\/author\/roberto\/"}]}},"_links":{"self":[{"href":"https:\/\/www.cuballama.com\/noticias\/wp-json\/wp\/v2\/posts\/228280","targetHints":{"allow":["GET"]}}],"collection":[{"href":"https:\/\/www.cuballama.com\/noticias\/wp-json\/wp\/v2\/posts"}],"about":[{"href":"https:\/\/www.cuballama.com\/noticias\/wp-json\/wp\/v2\/types\/post"}],"author":[{"embeddable":true,"href":"https:\/\/www.cuballama.com\/noticias\/wp-json\/wp\/v2\/users\/13"}],"replies":[{"embeddable":true,"href":"https:\/\/www.cuballama.com\/noticias\/wp-json\/wp\/v2\/comments?post=228280"}],"version-history":[{"count":4,"href":"https:\/\/www.cuballama.com\/noticias\/wp-json\/wp\/v2\/posts\/228280\/revisions"}],"predecessor-version":[{"id":228289,"href":"https:\/\/www.cuballama.com\/noticias\/wp-json\/wp\/v2\/posts\/228280\/revisions\/228289"}],"wp:featuredmedia":[{"embeddable":true,"href":"https:\/\/www.cuballama.com\/noticias\/wp-json\/wp\/v2\/media\/92462"}],"wp:attachment":[{"href":"https:\/\/www.cuballama.com\/noticias\/wp-json\/wp\/v2\/media?parent=228280"}],"wp:term":[{"taxonomy":"category","embeddable":true,"href":"https:\/\/www.cuballama.com\/noticias\/wp-json\/wp\/v2\/categories?post=228280"},{"taxonomy":"post_tag","embeddable":true,"href":"https:\/\/www.cuballama.com\/noticias\/wp-json\/wp\/v2\/tags?post=228280"}],"curies":[{"name":"wp","href":"https:\/\/api.w.org\/{rel}","templated":true}]}}